{"id":2289,"date":"2019-09-04T09:58:49","date_gmt":"2019-09-04T09:58:49","guid":{"rendered":"http:\/\/bale.ch\/journal\/?p=2289"},"modified":"2019-09-04T18:45:18","modified_gmt":"2019-09-04T18:45:18","slug":"le-bdfil-de-lausanne-fete-des-15-ans","status":"publish","type":"post","link":"https:\/\/bale.ch\/journal\/le-bdfil-de-lausanne-fete-des-15-ans\/","title":{"rendered":"Le BDFIL de Lausanne f\u00eate ses 15 ans avec Alex Baladi"},"content":{"rendered":"<p><strong>Le BDFIL &#8211; festival de bande dessin\u00e9e de Lausanne &#8211;\u00a0 f\u00eate cette ann\u00e9e ses quinze ans et prend place \u00e0 nouveau coeur de la capitale vaudoise\u00a0<b>du jeudi 12 au lundi 16 septembre 2019<\/b> avec de nombreux \u00e9v\u00e9nements et un grand invit\u00e9 d&rsquo;honneur, le berlino-genevois Alex Baladi.<\/strong><\/p>\n<p><!--more--><\/p>\n<figure id=\"attachment_2293\" aria-describedby=\"caption-attachment-2293\" style=\"width: 150px\" class=\"wp-caption alignleft\"><img loading=\"lazy\" decoding=\"async\" class=\"size-thumbnail wp-image-2293\" src=\"https:\/\/bale.ch\/journal\/wp-content\/uploads\/2019\/09\/Capture-d\u2019e\u0301cran-2019-09-04-a\u0300-11.43.46-150x150.png\" alt=\"\" width=\"150\" height=\"150\" \/><figcaption id=\"caption-attachment-2293\" class=\"wp-caption-text\">Alex Baladi \u00a9 Nina Cuhat, BDFIL.<\/figcaption><\/figure>\n<p>Grande figure de la <strong>nouvelle bande dessin\u00e9e<\/strong>, Baladi est de ceux qui ne cessent de r\u00e9inventer le langage graphique de ce m\u00e9dium ainsi que ses strat\u00e9gies de lecture. Anticonformistes et intransigeant, ce n&rsquo;est pas un hasard s&rsquo;il a rejoint en 2008 les c\u00e9l\u00e8bres \u00e9ditions L\u2019Association, fond\u00e9es notamment par Jean-Christophe Menu, Lewis Trondheim\u00a0et David B.<\/p>\n<p>En 2019, il re\u00e7oit le Prix de la bande dessin\u00e9e alternative au festival d&rsquo;Angoul\u00eame pour son travail \u00ab\u00a0Exp\u00e9rimentation\u00a0\u00bb, num\u00e9ro sp\u00e9cial d\u2019une revue libanaise (Samandal Comics) qu&rsquo;il a lui-m\u00eame dirig\u00e9e. En cette rentr\u00e9e, deux nouveaux ouvrages sont publi\u00e9s chez Atrabile et chez H\u00e9lice H\u00e9las. Une magnifique fresque pourra \u00eatre admir\u00e9e \u00e0 la <strong>Kantina du th\u00e9\u00e2tre de Vidy<\/strong>. Dans cette riche actualit\u00e9, la <strong>galerie genevoise Papiers Gras<\/strong> lui consacre une exposition jusqu&rsquo;au 4 octobre.<\/p><div id=\"crieu-487462555\" class=\"crieu-content crieu-entity-placement\"><script async src=\"\/\/pagead2.googlesyndication.com\/pagead\/js\/adsbygoogle.js?client=ca-pub-5271584769416742\" crossorigin=\"anonymous\"><\/script><ins class=\"adsbygoogle\" style=\"display:block;\" data-ad-client=\"ca-pub-5271584769416742\" \ndata-ad-slot=\"9321250718\" \ndata-ad-format=\"auto\"><\/ins>\n<script> \n(adsbygoogle = window.adsbygoogle || []).push({}); \n<\/script>\n<\/div>\n<p><img loading=\"lazy\" decoding=\"async\" class=\"size-full wp-image-2295 aligncenter\" src=\"https:\/\/bale.ch\/journal\/wp-content\/uploads\/2019\/09\/Capture-d\u2019e\u0301cran-2019-09-04-a\u0300-10.42.51.png\" alt=\"\" width=\"941\" height=\"460\" srcset=\"https:\/\/bale.ch\/journal\/wp-content\/uploads\/2019\/09\/Capture-d\u2019e\u0301cran-2019-09-04-a\u0300-10.42.51.png 941w, https:\/\/bale.ch\/journal\/wp-content\/uploads\/2019\/09\/Capture-d\u2019e\u0301cran-2019-09-04-a\u0300-10.42.51-300x147.png 300w, https:\/\/bale.ch\/journal\/wp-content\/uploads\/2019\/09\/Capture-d\u2019e\u0301cran-2019-09-04-a\u0300-10.42.51-768x375.png 768w\" sizes=\"auto, (max-width: 941px) 100vw, 941px\" \/><\/p>\n<p>Enfin, et en ce qui concerne BDFIL, une <strong>grande exposition r\u00e9trospective<\/strong> (\u00e0 l&rsquo;Espace Romandie) sera mont\u00e9 pour laquelle l\u2019artiste a pr\u00e9f\u00e9r\u00e9 la magie des installations et de dessins souvent in\u00e9dits \u00e0 un accrochage de planches originales. Fid\u00e8le au <em>do it yourself<\/em> alternatif, il participe r\u00e9guli\u00e8rement \u00e0 <strong>La Fabrique de fanzines<\/strong> programm\u00e9 cette ann\u00e9e encore lors du festival.<\/p>\n<p>D&rsquo;autres expos auront lieu \u00e0 l&rsquo;Espace Romandie. Celle d&rsquo;<strong>H\u00e9l\u00e8ne Becquelin<\/strong> intitul\u00e9e \u00ab\u00a0Adieu les enfants\u00a0\u00bb qui, apr\u00e8s un premier tome qui racontait l\u2019enfance \u00e0 Saint-Maurice, se souvient des copains d\u2019\u00e9cole, des pique-niques en famille, des processions religieuses qui rythment l\u2019ann\u00e9e valaisanne.<\/p>\n<p><img loading=\"lazy\" decoding=\"async\" class=\"alignleft size-medium wp-image-2294\" src=\"https:\/\/bale.ch\/journal\/wp-content\/uploads\/2019\/09\/tintin_lune-210x300.jpg\" alt=\"\" width=\"210\" height=\"300\" srcset=\"https:\/\/bale.ch\/journal\/wp-content\/uploads\/2019\/09\/tintin_lune-210x300.jpg 210w, https:\/\/bale.ch\/journal\/wp-content\/uploads\/2019\/09\/tintin_lune-715x1024.jpg 715w, https:\/\/bale.ch\/journal\/wp-content\/uploads\/2019\/09\/tintin_lune.jpg 720w\" sizes=\"auto, (max-width: 210px) 100vw, 210px\" \/>Le Centre BD de la Ville de Lausanne nous fera revivre la d\u00e9couverte de la <strong>Lune au travers de collections patrimoniales uniques<\/strong>, entre aventure, po\u00e9sie et humour.<\/p>\n<p>Un peu plus loin, nous (re)d\u00e9couvrirons <strong>Tif et Tondu<\/strong>, c\u00e9l\u00e8bre duo cr\u00e9\u00e9 par le Belge Will, et ses reprises par de grand noms de la nouvelle bande dessin\u00e9e : Blutch, JC Menu, Nicoby&#8230;<\/p>\n<p>Au programme \u00e9galement, un espace d\u00e9di\u00e9 \u00e0 <strong>la revue (\u00c0 SUIVRE)<\/strong> qui a profond\u00e9ment particip\u00e9 au renouvellement de la bande dessin\u00e9e belgo-fran\u00e7aise dans les ann\u00e9es septante et huitante.<\/p>\n<p>Toujours au Romandie, on pourra voir les expositions <strong>\u00ab\u00a0Filles de l&rsquo;ombre\u00a0\u00bb<\/strong> ou encore <strong>L&rsquo;univers du chat Milton<\/strong> par la dessinatrice irano-lausannoise Hayd\u00e9.<\/p>\n<p>Une autre exposition, cette fois-ci \u00e0 l&rsquo;Espace Arlaud, nous montrera comment une <strong>trentaine de dessinateurs repr\u00e9sentent Lausanne<\/strong>. Projet command\u00e9 par le comit\u00e9 d&rsquo;organisation BDFIL, \u00ab\u00a0l\u2019exposition regroupera des planches d\u2019auteurs suisses et internationaux: l\u2019occasion de <em>\u00ab\u00a0visiter Lausanne sous un autre point de vue\u00a0\u00bb<\/em>.<\/p>\n<p>Pour f\u00eater ses dix ans, le <strong>journal satirique romand Vigousse<\/strong> reviendra sur son parcours et les \u00e9v\u00e9nements marquants qui l\u2019ont jalonn\u00e9.<\/p>\n<p>La soir\u00e9e d\u2019ouverture se d\u00e9roulera le jeudi 12 septembre au <strong>cin\u00e9ma Capitole<\/strong> de la Cin\u00e9math\u00e8que suisse, en pr\u00e9sence d\u2019Alex Baladi, qui a choisi et pr\u00e9sentera le film inaugural: <strong><i>Alice<\/i><\/strong> (1988) du r\u00e9alisateur surr\u00e9aliste tch\u00e8que <strong>Jan \u0160vankmajer<\/strong>. L&rsquo;occasion \u00e9galement d&rsquo;assister \u00e0 des performances graphiques et \u00e0 la remise des prix Nouveau talent.<\/p>\n<p>Lausanne aura bient\u00f4t <strong>une bo\u00eete d\u2019\u00e9change de BD<\/strong>, situ\u00e9e dans une ancienne cabine t\u00e9l\u00e9phonique Swisscom de la rue Pr\u00e9-du-March\u00e9. Elle sera d\u00e9cor\u00e9e par Alex Baladi.<\/p>\n<p>Un programme bien rempli agr\u00e9ment\u00e9 d&rsquo;ateliers pour adultes et enfants, sans oublier un important festival Off qui aura lieu dans diff\u00e9rents endroits de la ville (institutions, galeries, caf\u00e9s).<\/p>\n<p>Premier festival BD de Suisse romande, BDFIL est l&rsquo;h\u00e9ritier du c\u00e9l\u00e8bre festival de Sierre (1984-2004), deuxi\u00e8me plus grand festival de BD d&rsquo;Europe apr\u00e8s Angoul\u00eame en France. Il a accueilli environ 30&rsquo;000 visiteurs en 2018.<\/p>\n<p><b>BDFIL \u2013 Festival international de bande dessin\u00e9e de Lausanne<br class=\"autobr\" \/>15e \u00e9dition du jeudi 12 au lundi 16 septembre 2019<br \/>\n<\/b>Tout le programme et les infos d&rsquo;acc\u00e8s sur<b><br class=\"autobr\" \/><a class=\"spip_out\" href=\"http:\/\/www.bdfil.ch\" target=\"_blank\" rel=\"noopener noreferrer external\">www.bdfil.ch<\/a><\/b><\/p>\n<div id=\"crieu-1418184368\" class=\"crieu-apres-le-contenu crieu-entity-placement\" style=\"margin-left: auto;margin-right: auto;text-align: center;\"><script async src=\"\/\/pagead2.googlesyndication.com\/pagead\/js\/adsbygoogle.js?client=ca-pub-5271584769416742\" crossorigin=\"anonymous\"><\/script><ins class=\"adsbygoogle\" style=\"display:block;\" data-ad-client=\"ca-pub-5271584769416742\" \ndata-ad-slot=\"9321250718\" \ndata-ad-format=\"auto\"><\/ins>\n<script> \n(adsbygoogle = window.adsbygoogle || []).push({}); \n<\/script>\n<\/div>","protected":false},"excerpt":{"rendered":"<p>Le BDFIL &#8211; festival de bande dessin\u00e9e de Lausanne &#8211;\u00a0 f\u00eate cette ann\u00e9e ses quinze ans et prend place \u00e0 nouveau coeur de la capitale vaudoise\u00a0du jeudi 12 au lundi <a href=\"https:\/\/bale.ch\/journal\/le-bdfil-de-lausanne-fete-des-15-ans\/\" class=\"read-more button-fancy -red\"><span class=\"btn-arrow\"><\/span><span class=\"twp-read-more text\">Continuer la lecture<\/span><\/a><\/p>\n","protected":false},"author":3,"featured_media":2292,"comment_status":"closed","ping_status":"closed","sticky":false,"template":"","format":"standard","meta":{"footnotes":""},"categories":[103,10,18],"tags":[163,20,93,55,106],"class_list":["post-2289","post","type-post","status-publish","format-standard","has-post-thumbnail","hentry","category-actu","category-culture","category-sortir","tag-alex-baladi","tag-bande-dessinee","tag-festival","tag-lausanne","tag-suisse"],"yoast_head":"<!-- This site is optimized with the Yoast SEO plugin v28.3 - https:\/\/yoast.com\/product\/yoast-seo-wordpress\/ -->\n<title>Le BDFIL de Lausanne f\u00eate ses 15 ans avec Alex Baladi - Journal de B\u00e2le et Gen\u00e8ve<\/title>\n<meta name=\"robots\" content=\"index, follow, max-snippet:-1, max-image-preview:large, max-video-preview:-1\" \/>\n<link rel=\"canonical\" href=\"https:\/\/bale.ch\/journal\/le-bdfil-de-lausanne-fete-des-15-ans\/\" \/>\n<meta property=\"og:locale\" content=\"fr_FR\" \/>\n<meta property=\"og:type\" content=\"article\" \/>\n<meta property=\"og:title\" content=\"Le BDFIL de Lausanne f\u00eate ses 15 ans avec Alex Baladi - Journal de B\u00e2le et Gen\u00e8ve\" \/>\n<meta property=\"og:description\" content=\"Le BDFIL &#8211; festival de bande dessin\u00e9e de Lausanne &#8211;\u00a0 f\u00eate cette ann\u00e9e ses quinze ans et prend place \u00e0 nouveau coeur de la capitale vaudoise\u00a0du jeudi 12 au lundi Continuer la lecture\" \/>\n<meta property=\"og:url\" content=\"https:\/\/bale.ch\/journal\/le-bdfil-de-lausanne-fete-des-15-ans\/\" \/>\n<meta property=\"og:site_name\" content=\"Journal de B\u00e2le et Gen\u00e8ve\" \/>\n<meta property=\"article:published_time\" content=\"2019-09-04T09:58:49+00:00\" \/>\n<meta property=\"article:modified_time\" content=\"2019-09-04T18:45:18+00:00\" \/>\n<meta property=\"og:image\" content=\"https:\/\/bale.ch\/journal\/wp-content\/uploads\/2019\/09\/alex_baladi_bdfil_lausanne.jpg\" \/>\n\t<meta property=\"og:image:width\" content=\"900\" \/>\n\t<meta property=\"og:image:height\" content=\"484\" \/>\n\t<meta property=\"og:image:type\" content=\"image\/jpeg\" \/>\n<meta name=\"author\" content=\"Alban Lavy\" \/>\n<meta name=\"twitter:card\" content=\"summary_large_image\" \/>\n<meta name=\"twitter:label1\" content=\"\u00c9crit par\" \/>\n\t<meta name=\"twitter:data1\" content=\"Alban Lavy\" \/>\n\t<meta name=\"twitter:label2\" content=\"Dur\u00e9e de lecture estim\u00e9e\" \/>\n\t<meta name=\"twitter:data2\" content=\"3 minutes\" \/>\n<script type=\"application\/ld+json\" class=\"yoast-schema-graph\">{\"@context\":\"https:\\\/\\\/schema.org\",\"@graph\":[{\"@type\":\"Article\",\"@id\":\"https:\\\/\\\/bale.ch\\\/journal\\\/le-bdfil-de-lausanne-fete-des-15-ans\\\/#article\",\"isPartOf\":{\"@id\":\"https:\\\/\\\/bale.ch\\\/journal\\\/le-bdfil-de-lausanne-fete-des-15-ans\\\/\"},\"author\":{\"name\":\"Alban Lavy\",\"@id\":\"https:\\\/\\\/bale.ch\\\/journal\\\/#\\\/schema\\\/person\\\/41bc7f908af0ffea5e38b8c5702e5626\"},\"headline\":\"Le BDFIL de Lausanne f\u00eate ses 15 ans avec Alex Baladi\",\"datePublished\":\"2019-09-04T09:58:49+00:00\",\"dateModified\":\"2019-09-04T18:45:18+00:00\",\"mainEntityOfPage\":{\"@id\":\"https:\\\/\\\/bale.ch\\\/journal\\\/le-bdfil-de-lausanne-fete-des-15-ans\\\/\"},\"wordCount\":723,\"publisher\":{\"@id\":\"https:\\\/\\\/bale.ch\\\/journal\\\/#organization\"},\"image\":{\"@id\":\"https:\\\/\\\/bale.ch\\\/journal\\\/le-bdfil-de-lausanne-fete-des-15-ans\\\/#primaryimage\"},\"thumbnailUrl\":\"https:\\\/\\\/bale.ch\\\/journal\\\/wp-content\\\/uploads\\\/2019\\\/09\\\/alex_baladi_bdfil_lausanne.jpg\",\"keywords\":[\"Alex Baladi\",\"bande dessin\u00e9e\",\"festival\",\"Lausanne\",\"Suisse\"],\"articleSection\":[\"Actualit\u00e9s\",\"Culture\",\"Sortir\"],\"inLanguage\":\"fr-FR\"},{\"@type\":\"WebPage\",\"@id\":\"https:\\\/\\\/bale.ch\\\/journal\\\/le-bdfil-de-lausanne-fete-des-15-ans\\\/\",\"url\":\"https:\\\/\\\/bale.ch\\\/journal\\\/le-bdfil-de-lausanne-fete-des-15-ans\\\/\",\"name\":\"Le BDFIL de Lausanne f\u00eate ses 15 ans avec Alex Baladi - Journal de B\u00e2le et Gen\u00e8ve\",\"isPartOf\":{\"@id\":\"https:\\\/\\\/bale.ch\\\/journal\\\/#website\"},\"primaryImageOfPage\":{\"@id\":\"https:\\\/\\\/bale.ch\\\/journal\\\/le-bdfil-de-lausanne-fete-des-15-ans\\\/#primaryimage\"},\"image\":{\"@id\":\"https:\\\/\\\/bale.ch\\\/journal\\\/le-bdfil-de-lausanne-fete-des-15-ans\\\/#primaryimage\"},\"thumbnailUrl\":\"https:\\\/\\\/bale.ch\\\/journal\\\/wp-content\\\/uploads\\\/2019\\\/09\\\/alex_baladi_bdfil_lausanne.jpg\",\"datePublished\":\"2019-09-04T09:58:49+00:00\",\"dateModified\":\"2019-09-04T18:45:18+00:00\",\"breadcrumb\":{\"@id\":\"https:\\\/\\\/bale.ch\\\/journal\\\/le-bdfil-de-lausanne-fete-des-15-ans\\\/#breadcrumb\"},\"inLanguage\":\"fr-FR\",\"potentialAction\":[{\"@type\":\"ReadAction\",\"target\":[\"https:\\\/\\\/bale.ch\\\/journal\\\/le-bdfil-de-lausanne-fete-des-15-ans\\\/\"]}]},{\"@type\":\"ImageObject\",\"inLanguage\":\"fr-FR\",\"@id\":\"https:\\\/\\\/bale.ch\\\/journal\\\/le-bdfil-de-lausanne-fete-des-15-ans\\\/#primaryimage\",\"url\":\"https:\\\/\\\/bale.ch\\\/journal\\\/wp-content\\\/uploads\\\/2019\\\/09\\\/alex_baladi_bdfil_lausanne.jpg\",\"contentUrl\":\"https:\\\/\\\/bale.ch\\\/journal\\\/wp-content\\\/uploads\\\/2019\\\/09\\\/alex_baladi_bdfil_lausanne.jpg\",\"width\":900,\"height\":484},{\"@type\":\"BreadcrumbList\",\"@id\":\"https:\\\/\\\/bale.ch\\\/journal\\\/le-bdfil-de-lausanne-fete-des-15-ans\\\/#breadcrumb\",\"itemListElement\":[{\"@type\":\"ListItem\",\"position\":1,\"name\":\"Accueil\",\"item\":\"https:\\\/\\\/bale.ch\\\/journal\\\/\"},{\"@type\":\"ListItem\",\"position\":2,\"name\":\"Le BDFIL de Lausanne f\u00eate ses 15 ans avec Alex Baladi\"}]},{\"@type\":\"WebSite\",\"@id\":\"https:\\\/\\\/bale.ch\\\/journal\\\/#website\",\"url\":\"https:\\\/\\\/bale.ch\\\/journal\\\/\",\"name\":\"Journal de B\u00e2le et Gen\u00e8ve\",\"description\":\"M\u00e9dia transfrontalier d&#039;actualit\u00e9s - News\",\"publisher\":{\"@id\":\"https:\\\/\\\/bale.ch\\\/journal\\\/#organization\"},\"potentialAction\":[{\"@type\":\"SearchAction\",\"target\":{\"@type\":\"EntryPoint\",\"urlTemplate\":\"https:\\\/\\\/bale.ch\\\/journal\\\/?s={search_term_string}\"},\"query-input\":{\"@type\":\"PropertyValueSpecification\",\"valueRequired\":true,\"valueName\":\"search_term_string\"}}],\"inLanguage\":\"fr-FR\"},{\"@type\":\"Organization\",\"@id\":\"https:\\\/\\\/bale.ch\\\/journal\\\/#organization\",\"name\":\"Journal de B\u00e2le et Gen\u00e8ve\",\"url\":\"https:\\\/\\\/bale.ch\\\/journal\\\/\",\"logo\":{\"@type\":\"ImageObject\",\"inLanguage\":\"fr-FR\",\"@id\":\"https:\\\/\\\/bale.ch\\\/journal\\\/#\\\/schema\\\/logo\\\/image\\\/\",\"url\":\"https:\\\/\\\/bale.ch\\\/journal\\\/wp-content\\\/uploads\\\/2023\\\/07\\\/journaldebale_logo_2023_nb.png\",\"contentUrl\":\"https:\\\/\\\/bale.ch\\\/journal\\\/wp-content\\\/uploads\\\/2023\\\/07\\\/journaldebale_logo_2023_nb.png\",\"width\":371,\"height\":127,\"caption\":\"Journal de B\u00e2le et Gen\u00e8ve\"},\"image\":{\"@id\":\"https:\\\/\\\/bale.ch\\\/journal\\\/#\\\/schema\\\/logo\\\/image\\\/\"}},{\"@type\":\"Person\",\"@id\":\"https:\\\/\\\/bale.ch\\\/journal\\\/#\\\/schema\\\/person\\\/41bc7f908af0ffea5e38b8c5702e5626\",\"name\":\"Alban Lavy\",\"image\":{\"@type\":\"ImageObject\",\"inLanguage\":\"fr-FR\",\"@id\":\"https:\\\/\\\/secure.gravatar.com\\\/avatar\\\/4978c5bb7295400e15bebf9881bc4db7866592bc59ffa2f62511214a10f68804?s=96&d=mm&r=g\",\"url\":\"https:\\\/\\\/secure.gravatar.com\\\/avatar\\\/4978c5bb7295400e15bebf9881bc4db7866592bc59ffa2f62511214a10f68804?s=96&d=mm&r=g\",\"contentUrl\":\"https:\\\/\\\/secure.gravatar.com\\\/avatar\\\/4978c5bb7295400e15bebf9881bc4db7866592bc59ffa2f62511214a10f68804?s=96&d=mm&r=g\",\"caption\":\"Alban Lavy\"},\"sameAs\":[\"http:\\\/\\\/bale.ch\\\/administration\\\/zeitung\\\/albanlavy\\\/\"],\"url\":\"https:\\\/\\\/bale.ch\\\/journal\\\/author\\\/lavy\\\/\"}]}<\/script>\n<!-- \/ Yoast SEO plugin. -->","yoast_head_json":{"title":"Le BDFIL de Lausanne f\u00eate ses 15 ans avec Alex Baladi - Journal de B\u00e2le et Gen\u00e8ve","robots":{"index":"index","follow":"follow","max-snippet":"max-snippet:-1","max-image-preview":"max-image-preview:large","max-video-preview":"max-video-preview:-1"},"canonical":"https:\/\/bale.ch\/journal\/le-bdfil-de-lausanne-fete-des-15-ans\/","og_locale":"fr_FR","og_type":"article","og_title":"Le BDFIL de Lausanne f\u00eate ses 15 ans avec Alex Baladi - Journal de B\u00e2le et Gen\u00e8ve","og_description":"Le BDFIL &#8211; festival de bande dessin\u00e9e de Lausanne &#8211;\u00a0 f\u00eate cette ann\u00e9e ses quinze ans et prend place \u00e0 nouveau coeur de la capitale vaudoise\u00a0du jeudi 12 au lundi Continuer la lecture","og_url":"https:\/\/bale.ch\/journal\/le-bdfil-de-lausanne-fete-des-15-ans\/","og_site_name":"Journal de B\u00e2le et Gen\u00e8ve","article_published_time":"2019-09-04T09:58:49+00:00","article_modified_time":"2019-09-04T18:45:18+00:00","og_image":[{"width":900,"height":484,"url":"https:\/\/bale.ch\/journal\/wp-content\/uploads\/2019\/09\/alex_baladi_bdfil_lausanne.jpg","type":"image\/jpeg"}],"author":"Alban Lavy","twitter_card":"summary_large_image","twitter_misc":{"\u00c9crit par":"Alban Lavy","Dur\u00e9e de lecture estim\u00e9e":"3 minutes"},"schema":{"@context":"https:\/\/schema.org","@graph":[{"@type":"Article","@id":"https:\/\/bale.ch\/journal\/le-bdfil-de-lausanne-fete-des-15-ans\/#article","isPartOf":{"@id":"https:\/\/bale.ch\/journal\/le-bdfil-de-lausanne-fete-des-15-ans\/"},"author":{"name":"Alban Lavy","@id":"https:\/\/bale.ch\/journal\/#\/schema\/person\/41bc7f908af0ffea5e38b8c5702e5626"},"headline":"Le BDFIL de Lausanne f\u00eate ses 15 ans avec Alex Baladi","datePublished":"2019-09-04T09:58:49+00:00","dateModified":"2019-09-04T18:45:18+00:00","mainEntityOfPage":{"@id":"https:\/\/bale.ch\/journal\/le-bdfil-de-lausanne-fete-des-15-ans\/"},"wordCount":723,"publisher":{"@id":"https:\/\/bale.ch\/journal\/#organization"},"image":{"@id":"https:\/\/bale.ch\/journal\/le-bdfil-de-lausanne-fete-des-15-ans\/#primaryimage"},"thumbnailUrl":"https:\/\/bale.ch\/journal\/wp-content\/uploads\/2019\/09\/alex_baladi_bdfil_lausanne.jpg","keywords":["Alex Baladi","bande dessin\u00e9e","festival","Lausanne","Suisse"],"articleSection":["Actualit\u00e9s","Culture","Sortir"],"inLanguage":"fr-FR"},{"@type":"WebPage","@id":"https:\/\/bale.ch\/journal\/le-bdfil-de-lausanne-fete-des-15-ans\/","url":"https:\/\/bale.ch\/journal\/le-bdfil-de-lausanne-fete-des-15-ans\/","name":"Le BDFIL de Lausanne f\u00eate ses 15 ans avec Alex Baladi - Journal de B\u00e2le et Gen\u00e8ve","isPartOf":{"@id":"https:\/\/bale.ch\/journal\/#website"},"primaryImageOfPage":{"@id":"https:\/\/bale.ch\/journal\/le-bdfil-de-lausanne-fete-des-15-ans\/#primaryimage"},"image":{"@id":"https:\/\/bale.ch\/journal\/le-bdfil-de-lausanne-fete-des-15-ans\/#primaryimage"},"thumbnailUrl":"https:\/\/bale.ch\/journal\/wp-content\/uploads\/2019\/09\/alex_baladi_bdfil_lausanne.jpg","datePublished":"2019-09-04T09:58:49+00:00","dateModified":"2019-09-04T18:45:18+00:00","breadcrumb":{"@id":"https:\/\/bale.ch\/journal\/le-bdfil-de-lausanne-fete-des-15-ans\/#breadcrumb"},"inLanguage":"fr-FR","potentialAction":[{"@type":"ReadAction","target":["https:\/\/bale.ch\/journal\/le-bdfil-de-lausanne-fete-des-15-ans\/"]}]},{"@type":"ImageObject","inLanguage":"fr-FR","@id":"https:\/\/bale.ch\/journal\/le-bdfil-de-lausanne-fete-des-15-ans\/#primaryimage","url":"https:\/\/bale.ch\/journal\/wp-content\/uploads\/2019\/09\/alex_baladi_bdfil_lausanne.jpg","contentUrl":"https:\/\/bale.ch\/journal\/wp-content\/uploads\/2019\/09\/alex_baladi_bdfil_lausanne.jpg","width":900,"height":484},{"@type":"BreadcrumbList","@id":"https:\/\/bale.ch\/journal\/le-bdfil-de-lausanne-fete-des-15-ans\/#breadcrumb","itemListElement":[{"@type":"ListItem","position":1,"name":"Accueil","item":"https:\/\/bale.ch\/journal\/"},{"@type":"ListItem","position":2,"name":"Le BDFIL de Lausanne f\u00eate ses 15 ans avec Alex Baladi"}]},{"@type":"WebSite","@id":"https:\/\/bale.ch\/journal\/#website","url":"https:\/\/bale.ch\/journal\/","name":"Journal de B\u00e2le et Gen\u00e8ve","description":"M\u00e9dia transfrontalier d&#039;actualit\u00e9s - News","publisher":{"@id":"https:\/\/bale.ch\/journal\/#organization"},"potentialAction":[{"@type":"SearchAction","target":{"@type":"EntryPoint","urlTemplate":"https:\/\/bale.ch\/journal\/?s={search_term_string}"},"query-input":{"@type":"PropertyValueSpecification","valueRequired":true,"valueName":"search_term_string"}}],"inLanguage":"fr-FR"},{"@type":"Organization","@id":"https:\/\/bale.ch\/journal\/#organization","name":"Journal de B\u00e2le et Gen\u00e8ve","url":"https:\/\/bale.ch\/journal\/","logo":{"@type":"ImageObject","inLanguage":"fr-FR","@id":"https:\/\/bale.ch\/journal\/#\/schema\/logo\/image\/","url":"https:\/\/bale.ch\/journal\/wp-content\/uploads\/2023\/07\/journaldebale_logo_2023_nb.png","contentUrl":"https:\/\/bale.ch\/journal\/wp-content\/uploads\/2023\/07\/journaldebale_logo_2023_nb.png","width":371,"height":127,"caption":"Journal de B\u00e2le et Gen\u00e8ve"},"image":{"@id":"https:\/\/bale.ch\/journal\/#\/schema\/logo\/image\/"}},{"@type":"Person","@id":"https:\/\/bale.ch\/journal\/#\/schema\/person\/41bc7f908af0ffea5e38b8c5702e5626","name":"Alban Lavy","image":{"@type":"ImageObject","inLanguage":"fr-FR","@id":"https:\/\/secure.gravatar.com\/avatar\/4978c5bb7295400e15bebf9881bc4db7866592bc59ffa2f62511214a10f68804?s=96&d=mm&r=g","url":"https:\/\/secure.gravatar.com\/avatar\/4978c5bb7295400e15bebf9881bc4db7866592bc59ffa2f62511214a10f68804?s=96&d=mm&r=g","contentUrl":"https:\/\/secure.gravatar.com\/avatar\/4978c5bb7295400e15bebf9881bc4db7866592bc59ffa2f62511214a10f68804?s=96&d=mm&r=g","caption":"Alban Lavy"},"sameAs":["http:\/\/bale.ch\/administration\/zeitung\/albanlavy\/"],"url":"https:\/\/bale.ch\/journal\/author\/lavy\/"}]}},"_links":{"self":[{"href":"https:\/\/bale.ch\/journal\/wp-json\/wp\/v2\/posts\/2289","targetHints":{"allow":["GET"]}}],"collection":[{"href":"https:\/\/bale.ch\/journal\/wp-json\/wp\/v2\/posts"}],"about":[{"href":"https:\/\/bale.ch\/journal\/wp-json\/wp\/v2\/types\/post"}],"author":[{"embeddable":true,"href":"https:\/\/bale.ch\/journal\/wp-json\/wp\/v2\/users\/3"}],"replies":[{"embeddable":true,"href":"https:\/\/bale.ch\/journal\/wp-json\/wp\/v2\/comments?post=2289"}],"version-history":[{"count":11,"href":"https:\/\/bale.ch\/journal\/wp-json\/wp\/v2\/posts\/2289\/revisions"}],"predecessor-version":[{"id":2465,"href":"https:\/\/bale.ch\/journal\/wp-json\/wp\/v2\/posts\/2289\/revisions\/2465"}],"wp:featuredmedia":[{"embeddable":true,"href":"https:\/\/bale.ch\/journal\/wp-json\/wp\/v2\/media\/2292"}],"wp:attachment":[{"href":"https:\/\/bale.ch\/journal\/wp-json\/wp\/v2\/media?parent=2289"}],"wp:term":[{"taxonomy":"category","embeddable":true,"href":"https:\/\/bale.ch\/journal\/wp-json\/wp\/v2\/categories?post=2289"},{"taxonomy":"post_tag","embeddable":true,"href":"https:\/\/bale.ch\/journal\/wp-json\/wp\/v2\/tags?post=2289"}],"curies":[{"name":"wp","href":"https:\/\/api.w.org\/{rel}","templated":true}]}}