{"id":2325,"date":"2019-11-16T01:49:52","date_gmt":"2019-11-16T01:49:52","guid":{"rendered":"http:\/\/bale.ch\/journal\/?p=2325"},"modified":"2019-11-16T02:02:27","modified_gmt":"2019-11-16T02:02:27","slug":"les-pointeurs-lasers-arme-du-peuple-contre-le-gouvernement-chilien","status":"publish","type":"post","link":"https:\/\/bale.ch\/journal\/les-pointeurs-lasers-arme-du-peuple-contre-le-gouvernement-chilien\/","title":{"rendered":"Chili: les pointeurs laser, arme du peuple contre le gouvernement"},"content":{"rendered":"<p data-reactid=\"31\"><strong>Au Chili, pays en plein soul\u00e8vement populaire contre le gouvernement, les pointeurs laser sont devenus un dispositif puissant pour \u00e9viter d&rsquo;\u00eatre identifi\u00e9s par les drones et les h\u00e9licopt\u00e8res de surveillance des forces de s\u00e9curit\u00e9 du pr\u00e9sident Sebasti\u00e1n Pi\u00f1era.<\/strong><\/p>\n<p data-reactid=\"31\"><!--more--><\/p>\n<p data-reactid=\"31\">Ce rayon de lumi\u00e8re verte, utilis\u00e9 par exemple dans la vie quotidienne pour pointer certains \u00e9l\u00e9ments d&rsquo;une pr\u00e9sentation projet\u00e9e ou pour identifier les constellations, a maintenant un autre usage: il est entr\u00e9 dans l&rsquo;attirail des Chiliens qui se sont soulev\u00e9s le 18 octobre 2019 contre la politique n\u00e9olib\u00e9rale du gouvernement et qui continuent de le d\u00e9fier sur la Plaza Italia \u00e0 Santiago malgr\u00e9 les 20 morts, les plus de 2000 bless\u00e9s dont environ 200 \u00e9borgn\u00e9s <a href=\"https:\/\/www.france24.com\/fr\/20191114-chili-manifestation-eborgnes-symbole-repression\" target=\"_blank\" rel=\"noopener\">\u00ab\u00a0pour l&rsquo;exemple\u00a0\u00bb<\/a>. Des vid\u00e9os publi\u00e9es sur les r\u00e9seaux sociaux ont en effet montr\u00e9 comment des manifestants, dans une \u00ab\u00a0attaque\u00a0\u00bb de faisceaux lumineux, ont fait se crasher un drone qui survolait la place.<\/p>\n<div class=\"canvas-tweet canvas-atom Ov(a) W(100%)\" data-type=\"tweet\" data-reactid=\"53\">\n<div class=\"SandboxRoot env-bp-350\" data-twitter-event-id=\"2\">\n<div id=\"twitter-widget-2\" class=\"EmbeddedTweet EmbeddedTweet--cta js-clickToOpenTarget\" lang=\"es\" data-click-to-open-target=\"https:\/\/twitter.com\/Ruptly\/status\/1159310685408358401\" data-iframe-title=\"Tweet de Twitter\" data-scribe=\"page:tweet\" data-twitter-event-id=\"3\">\n<div class=\"EmbeddedTweet-tweetContainer\">\n<div class=\"EmbeddedTweet-tweet\">\n<blockquote class=\"Tweet h-entry js-tweetIdInfo subject expanded\" cite=\"https:\/\/twitter.com\/Ruptly\/status\/1159310685408358401\" data-tweet-id=\"1159310685408358401\" data-scribe=\"section:subject\">\n<div class=\"Tweet-header\"><\/div>\n<\/blockquote>\n<blockquote class=\"twitter-tweet\" data-lang=\"en\">\n<p dir=\"ltr\" lang=\"es\">Ni Star Wars se atrevi\u00f3 a tanto. Manifestantes en la <a href=\"https:\/\/twitter.com\/hashtag\/PlazaDeLaDignidad?src=hash&amp;ref_src=twsrc%5Etfw\">#PlazaDeLaDignidad<\/a> derriban un dron con ataque l\u00e1ser. <a href=\"https:\/\/t.co\/cO0j6UfJH9\">pic.twitter.com\/cO0j6UfJH9<\/a><\/p>\n<p>\u2014 &#x1f5a4; &#x1f1e8;&#x1f1f1; &#x270a;&#x1f3fb; &#x1f3f3;&#xfe0f;&#x200d;&#x1f308; (@iansalgadov) <a href=\"https:\/\/twitter.com\/iansalgadov\/status\/1194412307490717697?ref_src=twsrc%5Etfw\">November 13, 2019<\/a><\/p><\/blockquote>\n<p><script async src=\"https:\/\/platform.twitter.com\/widgets.js\" charset=\"utf-8\"><\/script><\/p>\n<p data-reactid=\"31\">La police nationale a fait savoir que cela constituait <em>\u00ab\u00a0un d\u00e9lit sanctionn\u00e9 par le Code a\u00e9ronautique, parce qu&rsquo;il met potentiellement en danger\u00a0la s\u00e9curit\u00e9 du vol et la sant\u00e9 de l&rsquo;\u00e9quipage\u00a0\u00bb, <\/em>les rayons \u00e9blouissant les pilotes des h\u00e9licopt\u00e8res qui peuvent perdre le contr\u00f4le des appareils et s&rsquo;\u00e9craser sur la foule.<\/p>\n<p data-reactid=\"31\">Cette strat\u00e9gie n&rsquo;est pas nouvelle. Elle est en quelque sorte l&rsquo;h\u00e9ritage du soul\u00e8vement \u00e9gyptien en 2013, lorsque le peuple l&rsquo;utilisa\u00a0pour rep\u00e9rer les positions du tireur d\u2019\u00e9lite ou de la police sur le toit des b\u00e2timents. S&rsquo;en est suivi la chute du pr\u00e9sident Mohammed Morsi et des milliers de personnes ont c\u00e9l\u00e9br\u00e9 la chute du gouvernement de sur la place embl\u00e9matique Tahrir avec des rayons laser.<\/p>\n<p data-reactid=\"31\">Les pointeurs laser utilis\u00e9s en tant qu&rsquo;arme de protestation ont fait leur r\u00e9apparition \u00e0 Hong Kong en 2019 contre la reprise en main de l&rsquo;ancienne colonie britannique par le pouvoir central chinois. C&rsquo;est l&rsquo;arrestation pour <em>\u00ab\u00a0possession d&rsquo;armes\u00a0\u00bb<\/em> d&rsquo;un leader \u00e9tudiant qui portait des pointeurs laser qui a popularis\u00e9 ces appareils lors des marches qui sont aussi utilis\u00e9s pour identifier les policiers et aveugler les objectifs des appareils photo num\u00e9riques qui servent aux forces de l&rsquo;ordre \u00e0 rep\u00e9rer et \u00e0 ficher les manifestants.<\/p>\n<\/div>\n<\/div>\n<\/div>\n<\/div>\n<\/div>\n<div id=\"crieu-1494249230\" class=\"crieu-apres-le-contenu crieu-entity-placement\" style=\"margin-left: auto;margin-right: auto;text-align: center;\"><script async src=\"\/\/pagead2.googlesyndication.com\/pagead\/js\/adsbygoogle.js?client=ca-pub-5271584769416742\" crossorigin=\"anonymous\"><\/script><ins class=\"adsbygoogle\" style=\"display:block;\" data-ad-client=\"ca-pub-5271584769416742\" \ndata-ad-slot=\"9321250718\" \ndata-ad-format=\"auto\"><\/ins>\n<script> \n(adsbygoogle = window.adsbygoogle || []).push({}); \n<\/script>\n<\/div>","protected":false},"excerpt":{"rendered":"<p>Au Chili, pays en plein soul\u00e8vement populaire contre le gouvernement, les pointeurs laser sont devenus un dispositif puissant pour \u00e9viter d&rsquo;\u00eatre identifi\u00e9s par les drones et les h\u00e9licopt\u00e8res de surveillance <a href=\"https:\/\/bale.ch\/journal\/les-pointeurs-lasers-arme-du-peuple-contre-le-gouvernement-chilien\/\" class=\"read-more button-fancy -red\"><span class=\"btn-arrow\"><\/span><span class=\"twp-read-more text\">Continuer la lecture<\/span><\/a><\/p>\n","protected":false},"author":2,"featured_media":2326,"comment_status":"closed","ping_status":"closed","sticky":false,"template":"","format":"standard","meta":{"footnotes":""},"categories":[103,9],"tags":[169,170,171],"class_list":["post-2325","post","type-post","status-publish","format-standard","has-post-thumbnail","hentry","category-actu","category-monde","tag-chili","tag-manifestation","tag-neoliberalisme"],"yoast_head":"<!-- This site is optimized with the Yoast SEO plugin v28.3 - https:\/\/yoast.com\/product\/yoast-seo-wordpress\/ -->\n<title>Chili: les pointeurs laser, arme du peuple contre le gouvernement - Journal de B\u00e2le et Gen\u00e8ve<\/title>\n<meta name=\"robots\" content=\"index, follow, max-snippet:-1, max-image-preview:large, max-video-preview:-1\" \/>\n<link rel=\"canonical\" href=\"https:\/\/bale.ch\/journal\/les-pointeurs-lasers-arme-du-peuple-contre-le-gouvernement-chilien\/\" \/>\n<meta property=\"og:locale\" content=\"fr_FR\" \/>\n<meta property=\"og:type\" content=\"article\" \/>\n<meta property=\"og:title\" content=\"Chili: les pointeurs laser, arme du peuple contre le gouvernement - Journal de B\u00e2le et Gen\u00e8ve\" \/>\n<meta property=\"og:description\" content=\"Au Chili, pays en plein soul\u00e8vement populaire contre le gouvernement, les pointeurs laser sont devenus un dispositif puissant pour \u00e9viter d&rsquo;\u00eatre identifi\u00e9s par les drones et les h\u00e9licopt\u00e8res de surveillance Continuer la lecture\" \/>\n<meta property=\"og:url\" content=\"https:\/\/bale.ch\/journal\/les-pointeurs-lasers-arme-du-peuple-contre-le-gouvernement-chilien\/\" \/>\n<meta property=\"og:site_name\" content=\"Journal de B\u00e2le et Gen\u00e8ve\" \/>\n<meta property=\"article:published_time\" content=\"2019-11-16T01:49:52+00:00\" \/>\n<meta property=\"article:modified_time\" content=\"2019-11-16T02:02:27+00:00\" \/>\n<meta property=\"og:image\" content=\"https:\/\/bale.ch\/journal\/wp-content\/uploads\/2019\/11\/chili_manifestations.jpg\" \/>\n\t<meta property=\"og:image:width\" content=\"900\" \/>\n\t<meta property=\"og:image:height\" content=\"484\" \/>\n\t<meta property=\"og:image:type\" content=\"image\/jpeg\" \/>\n<meta name=\"author\" content=\"La R\u00e9daction\" \/>\n<meta name=\"twitter:card\" content=\"summary_large_image\" \/>\n<meta name=\"twitter:label1\" content=\"\u00c9crit par\" \/>\n\t<meta name=\"twitter:data1\" content=\"La R\u00e9daction\" \/>\n\t<meta name=\"twitter:label2\" content=\"Dur\u00e9e de lecture estim\u00e9e\" \/>\n\t<meta name=\"twitter:data2\" content=\"2 minutes\" \/>\n<script type=\"application\/ld+json\" class=\"yoast-schema-graph\">{\"@context\":\"https:\\\/\\\/schema.org\",\"@graph\":[{\"@type\":\"Article\",\"@id\":\"https:\\\/\\\/bale.ch\\\/journal\\\/les-pointeurs-lasers-arme-du-peuple-contre-le-gouvernement-chilien\\\/#article\",\"isPartOf\":{\"@id\":\"https:\\\/\\\/bale.ch\\\/journal\\\/les-pointeurs-lasers-arme-du-peuple-contre-le-gouvernement-chilien\\\/\"},\"author\":{\"name\":\"La R\u00e9daction\",\"@id\":\"https:\\\/\\\/bale.ch\\\/journal\\\/#\\\/schema\\\/person\\\/03ced978db3b7a5274c5cef003f352f5\"},\"headline\":\"Chili: les pointeurs laser, arme du peuple contre le gouvernement\",\"datePublished\":\"2019-11-16T01:49:52+00:00\",\"dateModified\":\"2019-11-16T02:02:27+00:00\",\"mainEntityOfPage\":{\"@id\":\"https:\\\/\\\/bale.ch\\\/journal\\\/les-pointeurs-lasers-arme-du-peuple-contre-le-gouvernement-chilien\\\/\"},\"wordCount\":451,\"publisher\":{\"@id\":\"https:\\\/\\\/bale.ch\\\/journal\\\/#organization\"},\"image\":{\"@id\":\"https:\\\/\\\/bale.ch\\\/journal\\\/les-pointeurs-lasers-arme-du-peuple-contre-le-gouvernement-chilien\\\/#primaryimage\"},\"thumbnailUrl\":\"https:\\\/\\\/bale.ch\\\/journal\\\/wp-content\\\/uploads\\\/2019\\\/11\\\/chili_manifestations.jpg\",\"keywords\":[\"Chili\",\"Manifestation\",\"n\u00e9olib\u00e9ralisme\"],\"articleSection\":[\"Actualit\u00e9s\",\"Monde\"],\"inLanguage\":\"fr-FR\"},{\"@type\":\"WebPage\",\"@id\":\"https:\\\/\\\/bale.ch\\\/journal\\\/les-pointeurs-lasers-arme-du-peuple-contre-le-gouvernement-chilien\\\/\",\"url\":\"https:\\\/\\\/bale.ch\\\/journal\\\/les-pointeurs-lasers-arme-du-peuple-contre-le-gouvernement-chilien\\\/\",\"name\":\"Chili: les pointeurs laser, arme du peuple contre le gouvernement - Journal de B\u00e2le et Gen\u00e8ve\",\"isPartOf\":{\"@id\":\"https:\\\/\\\/bale.ch\\\/journal\\\/#website\"},\"primaryImageOfPage\":{\"@id\":\"https:\\\/\\\/bale.ch\\\/journal\\\/les-pointeurs-lasers-arme-du-peuple-contre-le-gouvernement-chilien\\\/#primaryimage\"},\"image\":{\"@id\":\"https:\\\/\\\/bale.ch\\\/journal\\\/les-pointeurs-lasers-arme-du-peuple-contre-le-gouvernement-chilien\\\/#primaryimage\"},\"thumbnailUrl\":\"https:\\\/\\\/bale.ch\\\/journal\\\/wp-content\\\/uploads\\\/2019\\\/11\\\/chili_manifestations.jpg\",\"datePublished\":\"2019-11-16T01:49:52+00:00\",\"dateModified\":\"2019-11-16T02:02:27+00:00\",\"breadcrumb\":{\"@id\":\"https:\\\/\\\/bale.ch\\\/journal\\\/les-pointeurs-lasers-arme-du-peuple-contre-le-gouvernement-chilien\\\/#breadcrumb\"},\"inLanguage\":\"fr-FR\",\"potentialAction\":[{\"@type\":\"ReadAction\",\"target\":[\"https:\\\/\\\/bale.ch\\\/journal\\\/les-pointeurs-lasers-arme-du-peuple-contre-le-gouvernement-chilien\\\/\"]}]},{\"@type\":\"ImageObject\",\"inLanguage\":\"fr-FR\",\"@id\":\"https:\\\/\\\/bale.ch\\\/journal\\\/les-pointeurs-lasers-arme-du-peuple-contre-le-gouvernement-chilien\\\/#primaryimage\",\"url\":\"https:\\\/\\\/bale.ch\\\/journal\\\/wp-content\\\/uploads\\\/2019\\\/11\\\/chili_manifestations.jpg\",\"contentUrl\":\"https:\\\/\\\/bale.ch\\\/journal\\\/wp-content\\\/uploads\\\/2019\\\/11\\\/chili_manifestations.jpg\",\"width\":900,\"height\":484},{\"@type\":\"BreadcrumbList\",\"@id\":\"https:\\\/\\\/bale.ch\\\/journal\\\/les-pointeurs-lasers-arme-du-peuple-contre-le-gouvernement-chilien\\\/#breadcrumb\",\"itemListElement\":[{\"@type\":\"ListItem\",\"position\":1,\"name\":\"Accueil\",\"item\":\"https:\\\/\\\/bale.ch\\\/journal\\\/\"},{\"@type\":\"ListItem\",\"position\":2,\"name\":\"Chili: les pointeurs laser, arme du peuple contre le gouvernement\"}]},{\"@type\":\"WebSite\",\"@id\":\"https:\\\/\\\/bale.ch\\\/journal\\\/#website\",\"url\":\"https:\\\/\\\/bale.ch\\\/journal\\\/\",\"name\":\"Journal de B\u00e2le et Gen\u00e8ve\",\"description\":\"M\u00e9dia transfrontalier d&#039;actualit\u00e9s - News\",\"publisher\":{\"@id\":\"https:\\\/\\\/bale.ch\\\/journal\\\/#organization\"},\"potentialAction\":[{\"@type\":\"SearchAction\",\"target\":{\"@type\":\"EntryPoint\",\"urlTemplate\":\"https:\\\/\\\/bale.ch\\\/journal\\\/?s={search_term_string}\"},\"query-input\":{\"@type\":\"PropertyValueSpecification\",\"valueRequired\":true,\"valueName\":\"search_term_string\"}}],\"inLanguage\":\"fr-FR\"},{\"@type\":\"Organization\",\"@id\":\"https:\\\/\\\/bale.ch\\\/journal\\\/#organization\",\"name\":\"Journal de B\u00e2le et Gen\u00e8ve\",\"url\":\"https:\\\/\\\/bale.ch\\\/journal\\\/\",\"logo\":{\"@type\":\"ImageObject\",\"inLanguage\":\"fr-FR\",\"@id\":\"https:\\\/\\\/bale.ch\\\/journal\\\/#\\\/schema\\\/logo\\\/image\\\/\",\"url\":\"https:\\\/\\\/bale.ch\\\/journal\\\/wp-content\\\/uploads\\\/2023\\\/07\\\/journaldebale_logo_2023_nb.png\",\"contentUrl\":\"https:\\\/\\\/bale.ch\\\/journal\\\/wp-content\\\/uploads\\\/2023\\\/07\\\/journaldebale_logo_2023_nb.png\",\"width\":371,\"height\":127,\"caption\":\"Journal de B\u00e2le et Gen\u00e8ve\"},\"image\":{\"@id\":\"https:\\\/\\\/bale.ch\\\/journal\\\/#\\\/schema\\\/logo\\\/image\\\/\"}},{\"@type\":\"Person\",\"@id\":\"https:\\\/\\\/bale.ch\\\/journal\\\/#\\\/schema\\\/person\\\/03ced978db3b7a5274c5cef003f352f5\",\"name\":\"La R\u00e9daction\",\"image\":{\"@type\":\"ImageObject\",\"inLanguage\":\"fr-FR\",\"@id\":\"https:\\\/\\\/secure.gravatar.com\\\/avatar\\\/d1327e2ce8d2b860112f968a3f34686c9bdda7a463a1502cdd1070ac9d88cf1e?s=96&d=mm&r=g\",\"url\":\"https:\\\/\\\/secure.gravatar.com\\\/avatar\\\/d1327e2ce8d2b860112f968a3f34686c9bdda7a463a1502cdd1070ac9d88cf1e?s=96&d=mm&r=g\",\"contentUrl\":\"https:\\\/\\\/secure.gravatar.com\\\/avatar\\\/d1327e2ce8d2b860112f968a3f34686c9bdda7a463a1502cdd1070ac9d88cf1e?s=96&d=mm&r=g\",\"caption\":\"La R\u00e9daction\"},\"url\":\"https:\\\/\\\/bale.ch\\\/journal\\\/author\\\/laredaction\\\/\"}]}<\/script>\n<!-- \/ Yoast SEO plugin. -->","yoast_head_json":{"title":"Chili: les pointeurs laser, arme du peuple contre le gouvernement - Journal de B\u00e2le et Gen\u00e8ve","robots":{"index":"index","follow":"follow","max-snippet":"max-snippet:-1","max-image-preview":"max-image-preview:large","max-video-preview":"max-video-preview:-1"},"canonical":"https:\/\/bale.ch\/journal\/les-pointeurs-lasers-arme-du-peuple-contre-le-gouvernement-chilien\/","og_locale":"fr_FR","og_type":"article","og_title":"Chili: les pointeurs laser, arme du peuple contre le gouvernement - Journal de B\u00e2le et Gen\u00e8ve","og_description":"Au Chili, pays en plein soul\u00e8vement populaire contre le gouvernement, les pointeurs laser sont devenus un dispositif puissant pour \u00e9viter d&rsquo;\u00eatre identifi\u00e9s par les drones et les h\u00e9licopt\u00e8res de surveillance Continuer la lecture","og_url":"https:\/\/bale.ch\/journal\/les-pointeurs-lasers-arme-du-peuple-contre-le-gouvernement-chilien\/","og_site_name":"Journal de B\u00e2le et Gen\u00e8ve","article_published_time":"2019-11-16T01:49:52+00:00","article_modified_time":"2019-11-16T02:02:27+00:00","og_image":[{"width":900,"height":484,"url":"https:\/\/bale.ch\/journal\/wp-content\/uploads\/2019\/11\/chili_manifestations.jpg","type":"image\/jpeg"}],"author":"La R\u00e9daction","twitter_card":"summary_large_image","twitter_misc":{"\u00c9crit par":"La R\u00e9daction","Dur\u00e9e de lecture estim\u00e9e":"2 minutes"},"schema":{"@context":"https:\/\/schema.org","@graph":[{"@type":"Article","@id":"https:\/\/bale.ch\/journal\/les-pointeurs-lasers-arme-du-peuple-contre-le-gouvernement-chilien\/#article","isPartOf":{"@id":"https:\/\/bale.ch\/journal\/les-pointeurs-lasers-arme-du-peuple-contre-le-gouvernement-chilien\/"},"author":{"name":"La R\u00e9daction","@id":"https:\/\/bale.ch\/journal\/#\/schema\/person\/03ced978db3b7a5274c5cef003f352f5"},"headline":"Chili: les pointeurs laser, arme du peuple contre le gouvernement","datePublished":"2019-11-16T01:49:52+00:00","dateModified":"2019-11-16T02:02:27+00:00","mainEntityOfPage":{"@id":"https:\/\/bale.ch\/journal\/les-pointeurs-lasers-arme-du-peuple-contre-le-gouvernement-chilien\/"},"wordCount":451,"publisher":{"@id":"https:\/\/bale.ch\/journal\/#organization"},"image":{"@id":"https:\/\/bale.ch\/journal\/les-pointeurs-lasers-arme-du-peuple-contre-le-gouvernement-chilien\/#primaryimage"},"thumbnailUrl":"https:\/\/bale.ch\/journal\/wp-content\/uploads\/2019\/11\/chili_manifestations.jpg","keywords":["Chili","Manifestation","n\u00e9olib\u00e9ralisme"],"articleSection":["Actualit\u00e9s","Monde"],"inLanguage":"fr-FR"},{"@type":"WebPage","@id":"https:\/\/bale.ch\/journal\/les-pointeurs-lasers-arme-du-peuple-contre-le-gouvernement-chilien\/","url":"https:\/\/bale.ch\/journal\/les-pointeurs-lasers-arme-du-peuple-contre-le-gouvernement-chilien\/","name":"Chili: les pointeurs laser, arme du peuple contre le gouvernement - Journal de B\u00e2le et Gen\u00e8ve","isPartOf":{"@id":"https:\/\/bale.ch\/journal\/#website"},"primaryImageOfPage":{"@id":"https:\/\/bale.ch\/journal\/les-pointeurs-lasers-arme-du-peuple-contre-le-gouvernement-chilien\/#primaryimage"},"image":{"@id":"https:\/\/bale.ch\/journal\/les-pointeurs-lasers-arme-du-peuple-contre-le-gouvernement-chilien\/#primaryimage"},"thumbnailUrl":"https:\/\/bale.ch\/journal\/wp-content\/uploads\/2019\/11\/chili_manifestations.jpg","datePublished":"2019-11-16T01:49:52+00:00","dateModified":"2019-11-16T02:02:27+00:00","breadcrumb":{"@id":"https:\/\/bale.ch\/journal\/les-pointeurs-lasers-arme-du-peuple-contre-le-gouvernement-chilien\/#breadcrumb"},"inLanguage":"fr-FR","potentialAction":[{"@type":"ReadAction","target":["https:\/\/bale.ch\/journal\/les-pointeurs-lasers-arme-du-peuple-contre-le-gouvernement-chilien\/"]}]},{"@type":"ImageObject","inLanguage":"fr-FR","@id":"https:\/\/bale.ch\/journal\/les-pointeurs-lasers-arme-du-peuple-contre-le-gouvernement-chilien\/#primaryimage","url":"https:\/\/bale.ch\/journal\/wp-content\/uploads\/2019\/11\/chili_manifestations.jpg","contentUrl":"https:\/\/bale.ch\/journal\/wp-content\/uploads\/2019\/11\/chili_manifestations.jpg","width":900,"height":484},{"@type":"BreadcrumbList","@id":"https:\/\/bale.ch\/journal\/les-pointeurs-lasers-arme-du-peuple-contre-le-gouvernement-chilien\/#breadcrumb","itemListElement":[{"@type":"ListItem","position":1,"name":"Accueil","item":"https:\/\/bale.ch\/journal\/"},{"@type":"ListItem","position":2,"name":"Chili: les pointeurs laser, arme du peuple contre le gouvernement"}]},{"@type":"WebSite","@id":"https:\/\/bale.ch\/journal\/#website","url":"https:\/\/bale.ch\/journal\/","name":"Journal de B\u00e2le et Gen\u00e8ve","description":"M\u00e9dia transfrontalier d&#039;actualit\u00e9s - News","publisher":{"@id":"https:\/\/bale.ch\/journal\/#organization"},"potentialAction":[{"@type":"SearchAction","target":{"@type":"EntryPoint","urlTemplate":"https:\/\/bale.ch\/journal\/?s={search_term_string}"},"query-input":{"@type":"PropertyValueSpecification","valueRequired":true,"valueName":"search_term_string"}}],"inLanguage":"fr-FR"},{"@type":"Organization","@id":"https:\/\/bale.ch\/journal\/#organization","name":"Journal de B\u00e2le et Gen\u00e8ve","url":"https:\/\/bale.ch\/journal\/","logo":{"@type":"ImageObject","inLanguage":"fr-FR","@id":"https:\/\/bale.ch\/journal\/#\/schema\/logo\/image\/","url":"https:\/\/bale.ch\/journal\/wp-content\/uploads\/2023\/07\/journaldebale_logo_2023_nb.png","contentUrl":"https:\/\/bale.ch\/journal\/wp-content\/uploads\/2023\/07\/journaldebale_logo_2023_nb.png","width":371,"height":127,"caption":"Journal de B\u00e2le et Gen\u00e8ve"},"image":{"@id":"https:\/\/bale.ch\/journal\/#\/schema\/logo\/image\/"}},{"@type":"Person","@id":"https:\/\/bale.ch\/journal\/#\/schema\/person\/03ced978db3b7a5274c5cef003f352f5","name":"La R\u00e9daction","image":{"@type":"ImageObject","inLanguage":"fr-FR","@id":"https:\/\/secure.gravatar.com\/avatar\/d1327e2ce8d2b860112f968a3f34686c9bdda7a463a1502cdd1070ac9d88cf1e?s=96&d=mm&r=g","url":"https:\/\/secure.gravatar.com\/avatar\/d1327e2ce8d2b860112f968a3f34686c9bdda7a463a1502cdd1070ac9d88cf1e?s=96&d=mm&r=g","contentUrl":"https:\/\/secure.gravatar.com\/avatar\/d1327e2ce8d2b860112f968a3f34686c9bdda7a463a1502cdd1070ac9d88cf1e?s=96&d=mm&r=g","caption":"La R\u00e9daction"},"url":"https:\/\/bale.ch\/journal\/author\/laredaction\/"}]}},"_links":{"self":[{"href":"https:\/\/bale.ch\/journal\/wp-json\/wp\/v2\/posts\/2325","targetHints":{"allow":["GET"]}}],"collection":[{"href":"https:\/\/bale.ch\/journal\/wp-json\/wp\/v2\/posts"}],"about":[{"href":"https:\/\/bale.ch\/journal\/wp-json\/wp\/v2\/types\/post"}],"author":[{"embeddable":true,"href":"https:\/\/bale.ch\/journal\/wp-json\/wp\/v2\/users\/2"}],"replies":[{"embeddable":true,"href":"https:\/\/bale.ch\/journal\/wp-json\/wp\/v2\/comments?post=2325"}],"version-history":[{"count":6,"href":"https:\/\/bale.ch\/journal\/wp-json\/wp\/v2\/posts\/2325\/revisions"}],"predecessor-version":[{"id":2332,"href":"https:\/\/bale.ch\/journal\/wp-json\/wp\/v2\/posts\/2325\/revisions\/2332"}],"wp:featuredmedia":[{"embeddable":true,"href":"https:\/\/bale.ch\/journal\/wp-json\/wp\/v2\/media\/2326"}],"wp:attachment":[{"href":"https:\/\/bale.ch\/journal\/wp-json\/wp\/v2\/media?parent=2325"}],"wp:term":[{"taxonomy":"category","embeddable":true,"href":"https:\/\/bale.ch\/journal\/wp-json\/wp\/v2\/categories?post=2325"},{"taxonomy":"post_tag","embeddable":true,"href":"https:\/\/bale.ch\/journal\/wp-json\/wp\/v2\/tags?post=2325"}],"curies":[{"name":"wp","href":"https:\/\/api.w.org\/{rel}","templated":true}]}}