{"id":2359,"date":"2019-09-08T22:14:52","date_gmt":"2019-09-08T22:14:52","guid":{"rendered":"http:\/\/bale.ch\/journal\/?p=2359"},"modified":"2019-11-21T22:19:15","modified_gmt":"2019-11-21T22:19:15","slug":"nophoto-a-geneve-une-nouvelle-biennale-de-photographie","status":"publish","type":"post","link":"https:\/\/bale.ch\/journal\/nophoto-a-geneve-une-nouvelle-biennale-de-photographie\/","title":{"rendered":"No\u2019Photo \u00e0 Gen\u00e8ve: une nouvelle biennale de photographie"},"content":{"rendered":"<p><strong>Apr\u00e8s le succ\u00e8s de la premi\u00e8re nocturne de la photographie \u00e0 Gen\u00e8ve en 2017, No\u2019Photo revient du 21 septembre au 5 octobre 2019 sous une forme augment\u00e9e. La ville de Gen\u00e8ve installe cette nouvelle manifestation comme le rendez-vous automnal d\u00e9di\u00e9 \u00e0 la photographie, avec un rythme biennal.<\/strong><span id=\"more-2306\"><\/span><!--more--><\/p>\n<p>L\u2019\u00e9dition 2019 s\u2019\u00e9tire sur 15 jours afin de pr\u00e9senter davantage d\u2019expositions photographiques et favoriser les \u00e9changes. No\u2019Photo fait la part belle aux photographes genevois et particuli\u00e8rement aux talents \u00e9mergents. Elle valorise les collections patrimoniales genevoises, sans oublier la sc\u00e8ne internationale. Avec des projections, des expositions, des rencontres, des ateliers et des interventions dans l\u2019espace public, cet \u00e9v\u00e9nement automnal met en lumi\u00e8re l\u2019actualit\u00e9 et la vitalit\u00e9 de la photographie \u00e0 Gen\u00e8ve et\u00a0<strong>principalement la photographie documentaire<\/strong>.<\/p>\n<p>Un programme riche et vari\u00e9 avec au c\u0153ur de cette biennale \u2013\u00a0<strong>la nocturne<\/strong>\u00a0\u2013 qui revient en temps fort le samedi 28 septembre. Gr\u00e2ce aux horaires \u00e9tendus \u2013 de 14h \u00e0 1h \u2013 elle offre la possibilit\u00e9 de s\u2019immerger pleinement dans le medium photographique dans pr\u00e8s de vingt lieux d\u00e9di\u00e9s. Enrichie d\u2019ateliers et principalement de projections, c\u2019est l\u2019occasion unique de d\u00e9couvrir le choix des s\u00e9lections d\u2019images sur des pleins \u00e9crans et ainsi partager l\u2019\u0153il des photographes.<\/p><div id=\"crieu-3155797061\" class=\"crieu-content crieu-entity-placement\"><script async src=\"\/\/pagead2.googlesyndication.com\/pagead\/js\/adsbygoogle.js?client=ca-pub-5271584769416742\" crossorigin=\"anonymous\"><\/script><ins class=\"adsbygoogle\" style=\"display:block;\" data-ad-client=\"ca-pub-5271584769416742\" \ndata-ad-slot=\"9321250718\" \ndata-ad-format=\"auto\"><\/ins>\n<script> \n(adsbygoogle = window.adsbygoogle || []).push({}); \n<\/script>\n<\/div>\n<p>Rendez-vous du\u00a0<strong>21 septembre au 5 octobre 2019<\/strong>\u00a0\u00e0 Gen\u00e8ve.<br \/>\n<strong>Nocturne gratuite le samedi 28 septembre de 14h \u00e0 1h<\/strong>.<br \/>\n<a href=\"http:\/\/www.ville-ge.ch\/culture\/nophoto\/\" target=\"_blank\" rel=\"noopener\"><strong>Site officiel<\/strong><\/a><\/p>\n<div id=\"crieu-73722927\" class=\"crieu-apres-le-contenu crieu-entity-placement\" style=\"margin-left: auto;margin-right: auto;text-align: center;\"><script async src=\"\/\/pagead2.googlesyndication.com\/pagead\/js\/adsbygoogle.js?client=ca-pub-5271584769416742\" crossorigin=\"anonymous\"><\/script><ins class=\"adsbygoogle\" style=\"display:block;\" data-ad-client=\"ca-pub-5271584769416742\" \ndata-ad-slot=\"9321250718\" \ndata-ad-format=\"auto\"><\/ins>\n<script> \n(adsbygoogle = window.adsbygoogle || []).push({}); \n<\/script>\n<\/div>","protected":false},"excerpt":{"rendered":"<p>Apr\u00e8s le succ\u00e8s de la premi\u00e8re nocturne de la photographie \u00e0 Gen\u00e8ve en 2017, No\u2019Photo revient du 21 septembre au 5 octobre 2019 sous une forme augment\u00e9e. La ville de <a href=\"https:\/\/bale.ch\/journal\/nophoto-a-geneve-une-nouvelle-biennale-de-photographie\/\" class=\"read-more button-fancy -red\"><span class=\"btn-arrow\"><\/span><span class=\"twp-read-more text\">Continuer la lecture<\/span><\/a><\/p>\n","protected":false},"author":43,"featured_media":2307,"comment_status":"closed","ping_status":"closed","sticky":false,"template":"","format":"standard","meta":{"footnotes":""},"categories":[103,10,4,18],"tags":[74,49],"class_list":["post-2359","post","type-post","status-publish","format-standard","has-post-thumbnail","hentry","category-actu","category-culture","category-grand-geneve","category-sortir","tag-geneve","tag-photographie"],"yoast_head":"<!-- This site is optimized with the Yoast SEO plugin v28.3 - https:\/\/yoast.com\/product\/yoast-seo-wordpress\/ -->\n<title>No\u2019Photo \u00e0 Gen\u00e8ve: une nouvelle biennale de photographie - Journal de B\u00e2le et Gen\u00e8ve<\/title>\n<meta name=\"robots\" content=\"index, follow, max-snippet:-1, max-image-preview:large, max-video-preview:-1\" \/>\n<link rel=\"canonical\" href=\"https:\/\/bale.ch\/journal\/nophoto-a-geneve-une-nouvelle-biennale-de-photographie\/\" \/>\n<meta property=\"og:locale\" content=\"fr_FR\" \/>\n<meta property=\"og:type\" content=\"article\" \/>\n<meta property=\"og:title\" content=\"No\u2019Photo \u00e0 Gen\u00e8ve: une nouvelle biennale de photographie - Journal de B\u00e2le et Gen\u00e8ve\" \/>\n<meta property=\"og:description\" content=\"Apr\u00e8s le succ\u00e8s de la premi\u00e8re nocturne de la photographie \u00e0 Gen\u00e8ve en 2017, No\u2019Photo revient du 21 septembre au 5 octobre 2019 sous une forme augment\u00e9e. La ville de Continuer la lecture\" \/>\n<meta property=\"og:url\" content=\"https:\/\/bale.ch\/journal\/nophoto-a-geneve-une-nouvelle-biennale-de-photographie\/\" \/>\n<meta property=\"og:site_name\" content=\"Journal de B\u00e2le et Gen\u00e8ve\" \/>\n<meta property=\"article:published_time\" content=\"2019-09-08T22:14:52+00:00\" \/>\n<meta property=\"article:modified_time\" content=\"2019-11-21T22:19:15+00:00\" \/>\n<meta property=\"og:image\" content=\"https:\/\/bale.ch\/journal\/wp-content\/uploads\/2019\/09\/NOphoto_biennale_geneve.jpg\" \/>\n\t<meta property=\"og:image:width\" content=\"900\" \/>\n\t<meta property=\"og:image:height\" content=\"484\" \/>\n\t<meta property=\"og:image:type\" content=\"image\/jpeg\" \/>\n<meta name=\"author\" content=\"Elodie Silva\" \/>\n<meta name=\"twitter:card\" content=\"summary_large_image\" \/>\n<meta name=\"twitter:label1\" content=\"\u00c9crit par\" \/>\n\t<meta name=\"twitter:data1\" content=\"Elodie Silva\" \/>\n\t<meta name=\"twitter:label2\" content=\"Dur\u00e9e de lecture estim\u00e9e\" \/>\n\t<meta name=\"twitter:data2\" content=\"1 minute\" \/>\n<script type=\"application\/ld+json\" class=\"yoast-schema-graph\">{\"@context\":\"https:\\\/\\\/schema.org\",\"@graph\":[{\"@type\":\"Article\",\"@id\":\"https:\\\/\\\/bale.ch\\\/journal\\\/nophoto-a-geneve-une-nouvelle-biennale-de-photographie\\\/#article\",\"isPartOf\":{\"@id\":\"https:\\\/\\\/bale.ch\\\/journal\\\/nophoto-a-geneve-une-nouvelle-biennale-de-photographie\\\/\"},\"author\":{\"name\":\"Elodie Silva\",\"@id\":\"https:\\\/\\\/bale.ch\\\/journal\\\/#\\\/schema\\\/person\\\/e3e5eeffae523f19b12d7057ced45a2b\"},\"headline\":\"No\u2019Photo \u00e0 Gen\u00e8ve: une nouvelle biennale de photographie\",\"datePublished\":\"2019-09-08T22:14:52+00:00\",\"dateModified\":\"2019-11-21T22:19:15+00:00\",\"mainEntityOfPage\":{\"@id\":\"https:\\\/\\\/bale.ch\\\/journal\\\/nophoto-a-geneve-une-nouvelle-biennale-de-photographie\\\/\"},\"wordCount\":243,\"publisher\":{\"@id\":\"https:\\\/\\\/bale.ch\\\/journal\\\/#organization\"},\"image\":{\"@id\":\"https:\\\/\\\/bale.ch\\\/journal\\\/nophoto-a-geneve-une-nouvelle-biennale-de-photographie\\\/#primaryimage\"},\"thumbnailUrl\":\"https:\\\/\\\/bale.ch\\\/journal\\\/wp-content\\\/uploads\\\/2019\\\/09\\\/NOphoto_biennale_geneve.jpg\",\"keywords\":[\"Gen\u00e8ve\",\"Photographie\"],\"articleSection\":[\"Actualit\u00e9s\",\"Culture\",\"Grand Gen\u00e8ve\",\"Sortir\"],\"inLanguage\":\"fr-FR\"},{\"@type\":\"WebPage\",\"@id\":\"https:\\\/\\\/bale.ch\\\/journal\\\/nophoto-a-geneve-une-nouvelle-biennale-de-photographie\\\/\",\"url\":\"https:\\\/\\\/bale.ch\\\/journal\\\/nophoto-a-geneve-une-nouvelle-biennale-de-photographie\\\/\",\"name\":\"No\u2019Photo \u00e0 Gen\u00e8ve: une nouvelle biennale de photographie - Journal de B\u00e2le et Gen\u00e8ve\",\"isPartOf\":{\"@id\":\"https:\\\/\\\/bale.ch\\\/journal\\\/#website\"},\"primaryImageOfPage\":{\"@id\":\"https:\\\/\\\/bale.ch\\\/journal\\\/nophoto-a-geneve-une-nouvelle-biennale-de-photographie\\\/#primaryimage\"},\"image\":{\"@id\":\"https:\\\/\\\/bale.ch\\\/journal\\\/nophoto-a-geneve-une-nouvelle-biennale-de-photographie\\\/#primaryimage\"},\"thumbnailUrl\":\"https:\\\/\\\/bale.ch\\\/journal\\\/wp-content\\\/uploads\\\/2019\\\/09\\\/NOphoto_biennale_geneve.jpg\",\"datePublished\":\"2019-09-08T22:14:52+00:00\",\"dateModified\":\"2019-11-21T22:19:15+00:00\",\"breadcrumb\":{\"@id\":\"https:\\\/\\\/bale.ch\\\/journal\\\/nophoto-a-geneve-une-nouvelle-biennale-de-photographie\\\/#breadcrumb\"},\"inLanguage\":\"fr-FR\",\"potentialAction\":[{\"@type\":\"ReadAction\",\"target\":[\"https:\\\/\\\/bale.ch\\\/journal\\\/nophoto-a-geneve-une-nouvelle-biennale-de-photographie\\\/\"]}]},{\"@type\":\"ImageObject\",\"inLanguage\":\"fr-FR\",\"@id\":\"https:\\\/\\\/bale.ch\\\/journal\\\/nophoto-a-geneve-une-nouvelle-biennale-de-photographie\\\/#primaryimage\",\"url\":\"https:\\\/\\\/bale.ch\\\/journal\\\/wp-content\\\/uploads\\\/2019\\\/09\\\/NOphoto_biennale_geneve.jpg\",\"contentUrl\":\"https:\\\/\\\/bale.ch\\\/journal\\\/wp-content\\\/uploads\\\/2019\\\/09\\\/NOphoto_biennale_geneve.jpg\",\"width\":900,\"height\":484},{\"@type\":\"BreadcrumbList\",\"@id\":\"https:\\\/\\\/bale.ch\\\/journal\\\/nophoto-a-geneve-une-nouvelle-biennale-de-photographie\\\/#breadcrumb\",\"itemListElement\":[{\"@type\":\"ListItem\",\"position\":1,\"name\":\"Accueil\",\"item\":\"https:\\\/\\\/bale.ch\\\/journal\\\/\"},{\"@type\":\"ListItem\",\"position\":2,\"name\":\"No\u2019Photo \u00e0 Gen\u00e8ve: une nouvelle biennale de photographie\"}]},{\"@type\":\"WebSite\",\"@id\":\"https:\\\/\\\/bale.ch\\\/journal\\\/#website\",\"url\":\"https:\\\/\\\/bale.ch\\\/journal\\\/\",\"name\":\"Journal de B\u00e2le et Gen\u00e8ve\",\"description\":\"M\u00e9dia transfrontalier d&#039;actualit\u00e9s - News\",\"publisher\":{\"@id\":\"https:\\\/\\\/bale.ch\\\/journal\\\/#organization\"},\"potentialAction\":[{\"@type\":\"SearchAction\",\"target\":{\"@type\":\"EntryPoint\",\"urlTemplate\":\"https:\\\/\\\/bale.ch\\\/journal\\\/?s={search_term_string}\"},\"query-input\":{\"@type\":\"PropertyValueSpecification\",\"valueRequired\":true,\"valueName\":\"search_term_string\"}}],\"inLanguage\":\"fr-FR\"},{\"@type\":\"Organization\",\"@id\":\"https:\\\/\\\/bale.ch\\\/journal\\\/#organization\",\"name\":\"Journal de B\u00e2le et Gen\u00e8ve\",\"url\":\"https:\\\/\\\/bale.ch\\\/journal\\\/\",\"logo\":{\"@type\":\"ImageObject\",\"inLanguage\":\"fr-FR\",\"@id\":\"https:\\\/\\\/bale.ch\\\/journal\\\/#\\\/schema\\\/logo\\\/image\\\/\",\"url\":\"https:\\\/\\\/bale.ch\\\/journal\\\/wp-content\\\/uploads\\\/2023\\\/07\\\/journaldebale_logo_2023_nb.png\",\"contentUrl\":\"https:\\\/\\\/bale.ch\\\/journal\\\/wp-content\\\/uploads\\\/2023\\\/07\\\/journaldebale_logo_2023_nb.png\",\"width\":371,\"height\":127,\"caption\":\"Journal de B\u00e2le et Gen\u00e8ve\"},\"image\":{\"@id\":\"https:\\\/\\\/bale.ch\\\/journal\\\/#\\\/schema\\\/logo\\\/image\\\/\"}},{\"@type\":\"Person\",\"@id\":\"https:\\\/\\\/bale.ch\\\/journal\\\/#\\\/schema\\\/person\\\/e3e5eeffae523f19b12d7057ced45a2b\",\"name\":\"Elodie Silva\",\"image\":{\"@type\":\"ImageObject\",\"inLanguage\":\"fr-FR\",\"@id\":\"https:\\\/\\\/secure.gravatar.com\\\/avatar\\\/f76593021159ecd3226293e7c461386bfd009157e6c549bc9b418d0a2db47041?s=96&d=mm&r=g\",\"url\":\"https:\\\/\\\/secure.gravatar.com\\\/avatar\\\/f76593021159ecd3226293e7c461386bfd009157e6c549bc9b418d0a2db47041?s=96&d=mm&r=g\",\"contentUrl\":\"https:\\\/\\\/secure.gravatar.com\\\/avatar\\\/f76593021159ecd3226293e7c461386bfd009157e6c549bc9b418d0a2db47041?s=96&d=mm&r=g\",\"caption\":\"Elodie Silva\"},\"url\":\"https:\\\/\\\/bale.ch\\\/journal\\\/author\\\/elodiesilva\\\/\"}]}<\/script>\n<!-- \/ Yoast SEO plugin. -->","yoast_head_json":{"title":"No\u2019Photo \u00e0 Gen\u00e8ve: une nouvelle biennale de photographie - Journal de B\u00e2le et Gen\u00e8ve","robots":{"index":"index","follow":"follow","max-snippet":"max-snippet:-1","max-image-preview":"max-image-preview:large","max-video-preview":"max-video-preview:-1"},"canonical":"https:\/\/bale.ch\/journal\/nophoto-a-geneve-une-nouvelle-biennale-de-photographie\/","og_locale":"fr_FR","og_type":"article","og_title":"No\u2019Photo \u00e0 Gen\u00e8ve: une nouvelle biennale de photographie - Journal de B\u00e2le et Gen\u00e8ve","og_description":"Apr\u00e8s le succ\u00e8s de la premi\u00e8re nocturne de la photographie \u00e0 Gen\u00e8ve en 2017, No\u2019Photo revient du 21 septembre au 5 octobre 2019 sous une forme augment\u00e9e. La ville de Continuer la lecture","og_url":"https:\/\/bale.ch\/journal\/nophoto-a-geneve-une-nouvelle-biennale-de-photographie\/","og_site_name":"Journal de B\u00e2le et Gen\u00e8ve","article_published_time":"2019-09-08T22:14:52+00:00","article_modified_time":"2019-11-21T22:19:15+00:00","og_image":[{"width":900,"height":484,"url":"https:\/\/bale.ch\/journal\/wp-content\/uploads\/2019\/09\/NOphoto_biennale_geneve.jpg","type":"image\/jpeg"}],"author":"Elodie Silva","twitter_card":"summary_large_image","twitter_misc":{"\u00c9crit par":"Elodie Silva","Dur\u00e9e de lecture estim\u00e9e":"1 minute"},"schema":{"@context":"https:\/\/schema.org","@graph":[{"@type":"Article","@id":"https:\/\/bale.ch\/journal\/nophoto-a-geneve-une-nouvelle-biennale-de-photographie\/#article","isPartOf":{"@id":"https:\/\/bale.ch\/journal\/nophoto-a-geneve-une-nouvelle-biennale-de-photographie\/"},"author":{"name":"Elodie Silva","@id":"https:\/\/bale.ch\/journal\/#\/schema\/person\/e3e5eeffae523f19b12d7057ced45a2b"},"headline":"No\u2019Photo \u00e0 Gen\u00e8ve: une nouvelle biennale de photographie","datePublished":"2019-09-08T22:14:52+00:00","dateModified":"2019-11-21T22:19:15+00:00","mainEntityOfPage":{"@id":"https:\/\/bale.ch\/journal\/nophoto-a-geneve-une-nouvelle-biennale-de-photographie\/"},"wordCount":243,"publisher":{"@id":"https:\/\/bale.ch\/journal\/#organization"},"image":{"@id":"https:\/\/bale.ch\/journal\/nophoto-a-geneve-une-nouvelle-biennale-de-photographie\/#primaryimage"},"thumbnailUrl":"https:\/\/bale.ch\/journal\/wp-content\/uploads\/2019\/09\/NOphoto_biennale_geneve.jpg","keywords":["Gen\u00e8ve","Photographie"],"articleSection":["Actualit\u00e9s","Culture","Grand Gen\u00e8ve","Sortir"],"inLanguage":"fr-FR"},{"@type":"WebPage","@id":"https:\/\/bale.ch\/journal\/nophoto-a-geneve-une-nouvelle-biennale-de-photographie\/","url":"https:\/\/bale.ch\/journal\/nophoto-a-geneve-une-nouvelle-biennale-de-photographie\/","name":"No\u2019Photo \u00e0 Gen\u00e8ve: une nouvelle biennale de photographie - Journal de B\u00e2le et Gen\u00e8ve","isPartOf":{"@id":"https:\/\/bale.ch\/journal\/#website"},"primaryImageOfPage":{"@id":"https:\/\/bale.ch\/journal\/nophoto-a-geneve-une-nouvelle-biennale-de-photographie\/#primaryimage"},"image":{"@id":"https:\/\/bale.ch\/journal\/nophoto-a-geneve-une-nouvelle-biennale-de-photographie\/#primaryimage"},"thumbnailUrl":"https:\/\/bale.ch\/journal\/wp-content\/uploads\/2019\/09\/NOphoto_biennale_geneve.jpg","datePublished":"2019-09-08T22:14:52+00:00","dateModified":"2019-11-21T22:19:15+00:00","breadcrumb":{"@id":"https:\/\/bale.ch\/journal\/nophoto-a-geneve-une-nouvelle-biennale-de-photographie\/#breadcrumb"},"inLanguage":"fr-FR","potentialAction":[{"@type":"ReadAction","target":["https:\/\/bale.ch\/journal\/nophoto-a-geneve-une-nouvelle-biennale-de-photographie\/"]}]},{"@type":"ImageObject","inLanguage":"fr-FR","@id":"https:\/\/bale.ch\/journal\/nophoto-a-geneve-une-nouvelle-biennale-de-photographie\/#primaryimage","url":"https:\/\/bale.ch\/journal\/wp-content\/uploads\/2019\/09\/NOphoto_biennale_geneve.jpg","contentUrl":"https:\/\/bale.ch\/journal\/wp-content\/uploads\/2019\/09\/NOphoto_biennale_geneve.jpg","width":900,"height":484},{"@type":"BreadcrumbList","@id":"https:\/\/bale.ch\/journal\/nophoto-a-geneve-une-nouvelle-biennale-de-photographie\/#breadcrumb","itemListElement":[{"@type":"ListItem","position":1,"name":"Accueil","item":"https:\/\/bale.ch\/journal\/"},{"@type":"ListItem","position":2,"name":"No\u2019Photo \u00e0 Gen\u00e8ve: une nouvelle biennale de photographie"}]},{"@type":"WebSite","@id":"https:\/\/bale.ch\/journal\/#website","url":"https:\/\/bale.ch\/journal\/","name":"Journal de B\u00e2le et Gen\u00e8ve","description":"M\u00e9dia transfrontalier d&#039;actualit\u00e9s - News","publisher":{"@id":"https:\/\/bale.ch\/journal\/#organization"},"potentialAction":[{"@type":"SearchAction","target":{"@type":"EntryPoint","urlTemplate":"https:\/\/bale.ch\/journal\/?s={search_term_string}"},"query-input":{"@type":"PropertyValueSpecification","valueRequired":true,"valueName":"search_term_string"}}],"inLanguage":"fr-FR"},{"@type":"Organization","@id":"https:\/\/bale.ch\/journal\/#organization","name":"Journal de B\u00e2le et Gen\u00e8ve","url":"https:\/\/bale.ch\/journal\/","logo":{"@type":"ImageObject","inLanguage":"fr-FR","@id":"https:\/\/bale.ch\/journal\/#\/schema\/logo\/image\/","url":"https:\/\/bale.ch\/journal\/wp-content\/uploads\/2023\/07\/journaldebale_logo_2023_nb.png","contentUrl":"https:\/\/bale.ch\/journal\/wp-content\/uploads\/2023\/07\/journaldebale_logo_2023_nb.png","width":371,"height":127,"caption":"Journal de B\u00e2le et Gen\u00e8ve"},"image":{"@id":"https:\/\/bale.ch\/journal\/#\/schema\/logo\/image\/"}},{"@type":"Person","@id":"https:\/\/bale.ch\/journal\/#\/schema\/person\/e3e5eeffae523f19b12d7057ced45a2b","name":"Elodie Silva","image":{"@type":"ImageObject","inLanguage":"fr-FR","@id":"https:\/\/secure.gravatar.com\/avatar\/f76593021159ecd3226293e7c461386bfd009157e6c549bc9b418d0a2db47041?s=96&d=mm&r=g","url":"https:\/\/secure.gravatar.com\/avatar\/f76593021159ecd3226293e7c461386bfd009157e6c549bc9b418d0a2db47041?s=96&d=mm&r=g","contentUrl":"https:\/\/secure.gravatar.com\/avatar\/f76593021159ecd3226293e7c461386bfd009157e6c549bc9b418d0a2db47041?s=96&d=mm&r=g","caption":"Elodie Silva"},"url":"https:\/\/bale.ch\/journal\/author\/elodiesilva\/"}]}},"_links":{"self":[{"href":"https:\/\/bale.ch\/journal\/wp-json\/wp\/v2\/posts\/2359","targetHints":{"allow":["GET"]}}],"collection":[{"href":"https:\/\/bale.ch\/journal\/wp-json\/wp\/v2\/posts"}],"about":[{"href":"https:\/\/bale.ch\/journal\/wp-json\/wp\/v2\/types\/post"}],"author":[{"embeddable":true,"href":"https:\/\/bale.ch\/journal\/wp-json\/wp\/v2\/users\/43"}],"replies":[{"embeddable":true,"href":"https:\/\/bale.ch\/journal\/wp-json\/wp\/v2\/comments?post=2359"}],"version-history":[{"count":2,"href":"https:\/\/bale.ch\/journal\/wp-json\/wp\/v2\/posts\/2359\/revisions"}],"predecessor-version":[{"id":2361,"href":"https:\/\/bale.ch\/journal\/wp-json\/wp\/v2\/posts\/2359\/revisions\/2361"}],"wp:featuredmedia":[{"embeddable":true,"href":"https:\/\/bale.ch\/journal\/wp-json\/wp\/v2\/media\/2307"}],"wp:attachment":[{"href":"https:\/\/bale.ch\/journal\/wp-json\/wp\/v2\/media?parent=2359"}],"wp:term":[{"taxonomy":"category","embeddable":true,"href":"https:\/\/bale.ch\/journal\/wp-json\/wp\/v2\/categories?post=2359"},{"taxonomy":"post_tag","embeddable":true,"href":"https:\/\/bale.ch\/journal\/wp-json\/wp\/v2\/tags?post=2359"}],"curies":[{"name":"wp","href":"https:\/\/api.w.org\/{rel}","templated":true}]}}