{"id":2367,"date":"2019-11-22T21:06:20","date_gmt":"2019-11-22T21:06:20","guid":{"rendered":"http:\/\/bale.ch\/journal\/?p=2367"},"modified":"2019-12-07T17:54:27","modified_gmt":"2019-12-07T17:54:27","slug":"wonderland-tom-tirabosco-cartoonmuseum-bale","status":"publish","type":"post","link":"https:\/\/bale.ch\/journal\/wonderland-tom-tirabosco-cartoonmuseum-bale\/","title":{"rendered":"Le \u00ab\u00a0Wonderland\u00a0\u00bb \u00e9co-anxieux de Tirabosco s&rsquo;expose \u00e0 B\u00e2le"},"content":{"rendered":"<p><strong>Apr\u00e8s Jacques Tardi et Joann Sfar, le Cartoonmuseum Basel termine son exceptionnelle quaranti\u00e8me ann\u00e9e d&rsquo;existence avec une grande exposition r\u00e9trospective consacr\u00e9e \u00e0 l&rsquo;auteur genevois Tom Tirabosco. Sa large palette artistique va du livre pour enfants au dessin politique. Il est l&rsquo;auteur du r\u00e9cent roman graphique \u00ab\u00a0femme sauvage\u00a0\u00bb, sorte de r\u00e9cit initiatique qui se d\u00e9roule dans un future proche, en plein d\u00e9r\u00e8glement climatique. La fin du monde? Non, <em>\u00ab\u00a0la fin d&rsquo;un monde\u00a0\u00bb<\/em>.<\/strong><!--more--><\/p>\n<p>Ce livre dessin\u00e9e en noir et blanc suit le chemin d\u2019une jeune femme qui fuit la m\u00e9tropole en proie \u00e0 la guerre civile et les catastrophes climatiques et se apprend \u00e0 survivre dans la for\u00eat, loin de la civilisation.<\/p>\n<p>Il faut dire que Tom Tirabosco est en col\u00e8re contre cette notre soci\u00e9t\u00e9 contemporaine et son mod\u00e8le \u00e9conomique. \u00c9co-anxieux, m\u00eame. \u00c0 53 ans, ce militant de la cause verte depuis toujours, aime aborder en bande dessin\u00e9e des sujets sociologiquement et \u00e9cologiquement engag\u00e9s. \u00a0<em>\u00ab\u00a0En Suisse, je suis connu pour \u00eatre le dessinateur \u00e9colo de service\u00a0\u00bb<\/em>, a-t-il d\u00e9clar\u00e9 il y a peu \u00e0 la RTS. Cependant, ses histoires restent\u00a0romanesques et all\u00e9goriques: il met en avant le plaisir de la lecture avant tout!<\/p><div id=\"crieu-3267832099\" class=\"crieu-content crieu-entity-placement\"><script async src=\"\/\/pagead2.googlesyndication.com\/pagead\/js\/adsbygoogle.js?client=ca-pub-5271584769416742\" crossorigin=\"anonymous\"><\/script><ins class=\"adsbygoogle\" style=\"display:block;\" data-ad-client=\"ca-pub-5271584769416742\" \ndata-ad-slot=\"9321250718\" \ndata-ad-format=\"auto\"><\/ins>\n<script> \n(adsbygoogle = window.adsbygoogle || []).push({}); \n<\/script>\n<\/div>\n<figure id=\"attachment_2373\" aria-describedby=\"caption-attachment-2373\" style=\"width: 868px\" class=\"wp-caption alignnone\"><img loading=\"lazy\" decoding=\"async\" class=\"wp-image-2373 size-full\" src=\"https:\/\/bale.ch\/journal\/wp-content\/uploads\/2019\/11\/Tom_Tirabosco_basel_bale_cartoonmuseum.jpg\" alt=\"\" width=\"868\" height=\"618\" srcset=\"https:\/\/bale.ch\/journal\/wp-content\/uploads\/2019\/11\/Tom_Tirabosco_basel_bale_cartoonmuseum.jpg 868w, https:\/\/bale.ch\/journal\/wp-content\/uploads\/2019\/11\/Tom_Tirabosco_basel_bale_cartoonmuseum-300x214.jpg 300w, https:\/\/bale.ch\/journal\/wp-content\/uploads\/2019\/11\/Tom_Tirabosco_basel_bale_cartoonmuseum-768x547.jpg 768w\" sizes=\"auto, (max-width: 868px) 100vw, 868px\" \/><figcaption id=\"caption-attachment-2373\" class=\"wp-caption-text\">L&rsquo;affiche de l&rsquo;exposition \u00ab\u00a0Wonderland\u00a0\u00bb et l&rsquo;auteur devant ses \u0153uvres.<\/figcaption><\/figure>\n<p>Le Genevois a aussi impuls\u00e9 &#8211; avec son complice Zep &#8211;\u00a0 la cr\u00e9ation de l&rsquo;\u00c9cole sup\u00e9rieure de bande dessin\u00e9e et d&rsquo;illustration \u00e0 Gen\u00e8ve, la ville a vu na\u00eetre l&rsquo;inventeur de la BD moderne, Rodolphe T\u00f6pffer.<\/p>\n<p>Bien qu&rsquo;admirateur des grands ma\u00eetres comme Pieter Bruegel, le Titien ou V\u00e9ron\u00e8se, qui l&rsquo;ont pouss\u00e9 \u00e0 \u00e9tudier l&rsquo;art \u00e0 Venise puis \u00e0 Gen\u00e8ve, il ne peint pas au sens stricte du terme. Sa technique proche du monotype rehauss\u00e9 de pastel sur papier kraft ou granuleux, avec un trait doux et arrondi lui donne un style propre, fortement reconnaissable.<\/p>\n<p>L&rsquo;exposition est intitul\u00e9e <em>Wonderland<\/em>,\u00a0un titre un peu paradoxal pos\u00e9 sur une affiche qui montre <em>\u00ab\u00a0un portrait un peu iconoclaste et monstrueux, d\u2019o\u00f9 ressort l\u2019id\u00e9e que la f\u00eate est finie\u2026\u00a0\u00bb<\/em>, comme l&rsquo;explique l&rsquo;auteur \u00e0 la RTS. Et d&rsquo;ajouter: <em>\u00ab\u00a0je trouvais marrant d\u2019y associer cette id\u00e9e du monde merveilleux de Wonderland, qui fait aussi r\u00e9f\u00e9rence \u00e0 album autobiographique que j\u2019ai publi\u00e9 il y a trois-quatre ans, mon premier album autobiographique\u00a0\u00bb.<\/em><\/p>\n<figure id=\"attachment_2374\" aria-describedby=\"caption-attachment-2374\" style=\"width: 567px\" class=\"wp-caption aligncenter\"><img loading=\"lazy\" decoding=\"async\" class=\"wp-image-2374 size-full\" src=\"https:\/\/bale.ch\/journal\/wp-content\/uploads\/2019\/11\/09-Tirabosco-La-graine-et-le-fruit-2017.jpg\" alt=\"\" width=\"567\" height=\"706\" srcset=\"https:\/\/bale.ch\/journal\/wp-content\/uploads\/2019\/11\/09-Tirabosco-La-graine-et-le-fruit-2017.jpg 567w, https:\/\/bale.ch\/journal\/wp-content\/uploads\/2019\/11\/09-Tirabosco-La-graine-et-le-fruit-2017-241x300.jpg 241w\" sizes=\"auto, (max-width: 567px) 100vw, 567px\" \/><figcaption id=\"caption-attachment-2374\" class=\"wp-caption-text\">La Graine et le Fruit, 2017.<\/figcaption><\/figure>\n<p>Magnifiquement pr\u00e9sent\u00e9es dans un immeuble historique de la vieille ville de B\u00e2le, sur trois \u00e9tages, les \u0153uvres de Tom Tirabosco sont a admirer du 23 novembre 2019 au 8 mars 2020 au <strong><a href=\"https:\/\/www.cartoonmuseum.ch\/\" target=\"_blank\" rel=\"noopener noreferrer\">Cartoonmuseum<\/a><\/strong>.<\/p>\n<p>St. Alban Vorstadt 28, 4052 B\u00e2le<br \/>\nT\u00e9l. +41 (0)61 226 33 60<br \/>\nOuvert du mardi au dimanche de 11h \u00e0 17h<\/p>\n<h3>\u00c0 lire:<\/h3>\n<ul>\n<li><em><strong>Dans l\u2019\u0153il de la for\u00eat<\/strong><\/em> (2003):\u00a0un polar au connotations sociales \u00e9norm\u00e9ment captivant con\u00e7u de A \u00e0 Z par Tirabosco en adaptant sa technique du monotype et en l&rsquo;enrichissant de couleurs puissantes.<\/li>\n<li><em><strong>La fin du monde<\/strong><\/em> (2008) et <em><strong>Sous-sols<\/strong><\/em> (2012): en collaboration avec Pierre Wazem, ces deux ouvrages fascinent par leurs r\u00e9cits surr\u00e9els et par la \u00ab\u00a0patte\u00a0\u00bb de Tirabosco. Dans le cadre d&rsquo;une association subtile entre le r\u00eave et la r\u00e9alit\u00e9, les biographies et les \u00e9tats d&rsquo;\u00e2me des protagonistes sont mis en relation avec la finn du monde qui s&rsquo;annonce ou avec la disparition de la lumi\u00e8re.<\/li>\n<li><em><strong>Kongo<\/strong><\/em> (2013): Le r\u00e9cit saisissant aux contrastes en noir et blanc relate un voyage de sept mois en Afrique de l&rsquo;auteur Joseph Conrad et montre la brutalit\u00e9 f\u00e9roce des colonialistes qui a inspir\u00e9 \u00e0 Conrad sa c\u00e9l\u00e8bre nouvelle <em>Au c\u0153ur des t\u00e9n\u00e8bres<\/em>.<\/li>\n<li>\u00a0<em><strong>Femme sauvage<\/strong><\/em> (2019): une mise en garde saisissante, presque sans paroles, des cons\u00e9quences de notre relation avec la nature. La jeune h\u00e9ro\u00efne du livre s&rsquo;enfuit d&rsquo;un environnement urbain post-apocalyptique vers les for\u00eats montagneuses et y rencontre un \u00eatre f\u00e9minin sauvage, une m\u00e8re originaire devenue humaine et une chamane qui la sauve d&rsquo;une situation dangereuse et lui apprend \u00e0 survivre en dehors de la civilisation.<\/li>\n<\/ul>\n<figure id=\"attachment_2379\" aria-describedby=\"caption-attachment-2379\" style=\"width: 600px\" class=\"wp-caption aligncenter\"><img loading=\"lazy\" decoding=\"async\" class=\"size-full wp-image-2379\" src=\"https:\/\/bale.ch\/journal\/wp-content\/uploads\/2019\/11\/15-Tirabosco-Le-Cri-2015.jpg\" alt=\"\" width=\"600\" height=\"752\" srcset=\"https:\/\/bale.ch\/journal\/wp-content\/uploads\/2019\/11\/15-Tirabosco-Le-Cri-2015.jpg 600w, https:\/\/bale.ch\/journal\/wp-content\/uploads\/2019\/11\/15-Tirabosco-Le-Cri-2015-239x300.jpg 239w\" sizes=\"auto, (max-width: 600px) 100vw, 600px\" \/><figcaption id=\"caption-attachment-2379\" class=\"wp-caption-text\">Le Cri, 2015.<\/figcaption><\/figure>\n<div id=\"crieu-2887227839\" class=\"crieu-apres-le-contenu crieu-entity-placement\" style=\"margin-left: auto;margin-right: auto;text-align: center;\"><script async src=\"\/\/pagead2.googlesyndication.com\/pagead\/js\/adsbygoogle.js?client=ca-pub-5271584769416742\" crossorigin=\"anonymous\"><\/script><ins class=\"adsbygoogle\" style=\"display:block;\" data-ad-client=\"ca-pub-5271584769416742\" \ndata-ad-slot=\"9321250718\" \ndata-ad-format=\"auto\"><\/ins>\n<script> \n(adsbygoogle = window.adsbygoogle || []).push({}); \n<\/script>\n<\/div>","protected":false},"excerpt":{"rendered":"<p>Apr\u00e8s Jacques Tardi et Joann Sfar, le Cartoonmuseum Basel termine son exceptionnelle quaranti\u00e8me ann\u00e9e d&rsquo;existence avec une grande exposition r\u00e9trospective consacr\u00e9e \u00e0 l&rsquo;auteur genevois Tom Tirabosco. Sa large palette artistique <a href=\"https:\/\/bale.ch\/journal\/wonderland-tom-tirabosco-cartoonmuseum-bale\/\" class=\"read-more button-fancy -red\"><span class=\"btn-arrow\"><\/span><span class=\"twp-read-more text\">Continuer la lecture<\/span><\/a><\/p>\n","protected":false},"author":3,"featured_media":2368,"comment_status":"closed","ping_status":"closed","sticky":false,"template":"","format":"standard","meta":{"footnotes":""},"categories":[103,11,7,18],"tags":[60,20,183,48,184],"class_list":["post-2367","post","type-post","status-publish","format-standard","has-post-thumbnail","hentry","category-actu","category-art","category-bale","category-sortir","tag-bale","tag-bande-dessinee","tag-cartoon-museum","tag-exposition","tag-tom-tirabosco"],"yoast_head":"<!-- This site is optimized with the Yoast SEO plugin v28.3 - https:\/\/yoast.com\/product\/yoast-seo-wordpress\/ -->\n<title>Le &quot;Wonderland&quot; \u00e9co-anxieux de Tirabosco s&#039;expose \u00e0 B\u00e2le - Journal de B\u00e2le et Gen\u00e8ve<\/title>\n<meta name=\"robots\" content=\"index, follow, max-snippet:-1, max-image-preview:large, max-video-preview:-1\" \/>\n<link rel=\"canonical\" href=\"https:\/\/bale.ch\/journal\/wonderland-tom-tirabosco-cartoonmuseum-bale\/\" \/>\n<meta property=\"og:locale\" content=\"fr_FR\" \/>\n<meta property=\"og:type\" content=\"article\" \/>\n<meta property=\"og:title\" content=\"Le &quot;Wonderland&quot; \u00e9co-anxieux de Tirabosco s&#039;expose \u00e0 B\u00e2le - Journal de B\u00e2le et Gen\u00e8ve\" \/>\n<meta property=\"og:description\" content=\"Apr\u00e8s Jacques Tardi et Joann Sfar, le Cartoonmuseum Basel termine son exceptionnelle quaranti\u00e8me ann\u00e9e d&rsquo;existence avec une grande exposition r\u00e9trospective consacr\u00e9e \u00e0 l&rsquo;auteur genevois Tom Tirabosco. Sa large palette artistique Continuer la lecture\" \/>\n<meta property=\"og:url\" content=\"https:\/\/bale.ch\/journal\/wonderland-tom-tirabosco-cartoonmuseum-bale\/\" \/>\n<meta property=\"og:site_name\" content=\"Journal de B\u00e2le et Gen\u00e8ve\" \/>\n<meta property=\"article:published_time\" content=\"2019-11-22T21:06:20+00:00\" \/>\n<meta property=\"article:modified_time\" content=\"2019-12-07T17:54:27+00:00\" \/>\n<meta property=\"og:image\" content=\"https:\/\/bale.ch\/journal\/wp-content\/uploads\/2019\/11\/tom_tirabosco_basel_cartoon_museum_bale.jpg\" \/>\n\t<meta property=\"og:image:width\" content=\"900\" \/>\n\t<meta property=\"og:image:height\" content=\"484\" \/>\n\t<meta property=\"og:image:type\" content=\"image\/jpeg\" \/>\n<meta name=\"author\" content=\"Alban Lavy\" \/>\n<meta name=\"twitter:card\" content=\"summary_large_image\" \/>\n<meta name=\"twitter:label1\" content=\"\u00c9crit par\" \/>\n\t<meta name=\"twitter:data1\" content=\"Alban Lavy\" \/>\n\t<meta name=\"twitter:label2\" content=\"Dur\u00e9e de lecture estim\u00e9e\" \/>\n\t<meta name=\"twitter:data2\" content=\"3 minutes\" \/>\n<script type=\"application\/ld+json\" class=\"yoast-schema-graph\">{\"@context\":\"https:\\\/\\\/schema.org\",\"@graph\":[{\"@type\":\"Article\",\"@id\":\"https:\\\/\\\/bale.ch\\\/journal\\\/wonderland-tom-tirabosco-cartoonmuseum-bale\\\/#article\",\"isPartOf\":{\"@id\":\"https:\\\/\\\/bale.ch\\\/journal\\\/wonderland-tom-tirabosco-cartoonmuseum-bale\\\/\"},\"author\":{\"name\":\"Alban Lavy\",\"@id\":\"https:\\\/\\\/bale.ch\\\/journal\\\/#\\\/schema\\\/person\\\/41bc7f908af0ffea5e38b8c5702e5626\"},\"headline\":\"Le \u00ab\u00a0Wonderland\u00a0\u00bb \u00e9co-anxieux de Tirabosco s&rsquo;expose \u00e0 B\u00e2le\",\"datePublished\":\"2019-11-22T21:06:20+00:00\",\"dateModified\":\"2019-12-07T17:54:27+00:00\",\"mainEntityOfPage\":{\"@id\":\"https:\\\/\\\/bale.ch\\\/journal\\\/wonderland-tom-tirabosco-cartoonmuseum-bale\\\/\"},\"wordCount\":719,\"publisher\":{\"@id\":\"https:\\\/\\\/bale.ch\\\/journal\\\/#organization\"},\"image\":{\"@id\":\"https:\\\/\\\/bale.ch\\\/journal\\\/wonderland-tom-tirabosco-cartoonmuseum-bale\\\/#primaryimage\"},\"thumbnailUrl\":\"https:\\\/\\\/bale.ch\\\/journal\\\/wp-content\\\/uploads\\\/2019\\\/11\\\/tom_tirabosco_basel_cartoon_museum_bale.jpg\",\"keywords\":[\"B\u00e2le\",\"bande dessin\u00e9e\",\"Cartoon Museum\",\"Exposition\",\"Tom Tirabosco\"],\"articleSection\":[\"Actualit\u00e9s\",\"Art\",\"B\u00e2le Trinationale\",\"Sortir\"],\"inLanguage\":\"fr-FR\"},{\"@type\":\"WebPage\",\"@id\":\"https:\\\/\\\/bale.ch\\\/journal\\\/wonderland-tom-tirabosco-cartoonmuseum-bale\\\/\",\"url\":\"https:\\\/\\\/bale.ch\\\/journal\\\/wonderland-tom-tirabosco-cartoonmuseum-bale\\\/\",\"name\":\"Le \\\"Wonderland\\\" \u00e9co-anxieux de Tirabosco s'expose \u00e0 B\u00e2le - Journal de B\u00e2le et Gen\u00e8ve\",\"isPartOf\":{\"@id\":\"https:\\\/\\\/bale.ch\\\/journal\\\/#website\"},\"primaryImageOfPage\":{\"@id\":\"https:\\\/\\\/bale.ch\\\/journal\\\/wonderland-tom-tirabosco-cartoonmuseum-bale\\\/#primaryimage\"},\"image\":{\"@id\":\"https:\\\/\\\/bale.ch\\\/journal\\\/wonderland-tom-tirabosco-cartoonmuseum-bale\\\/#primaryimage\"},\"thumbnailUrl\":\"https:\\\/\\\/bale.ch\\\/journal\\\/wp-content\\\/uploads\\\/2019\\\/11\\\/tom_tirabosco_basel_cartoon_museum_bale.jpg\",\"datePublished\":\"2019-11-22T21:06:20+00:00\",\"dateModified\":\"2019-12-07T17:54:27+00:00\",\"breadcrumb\":{\"@id\":\"https:\\\/\\\/bale.ch\\\/journal\\\/wonderland-tom-tirabosco-cartoonmuseum-bale\\\/#breadcrumb\"},\"inLanguage\":\"fr-FR\",\"potentialAction\":[{\"@type\":\"ReadAction\",\"target\":[\"https:\\\/\\\/bale.ch\\\/journal\\\/wonderland-tom-tirabosco-cartoonmuseum-bale\\\/\"]}]},{\"@type\":\"ImageObject\",\"inLanguage\":\"fr-FR\",\"@id\":\"https:\\\/\\\/bale.ch\\\/journal\\\/wonderland-tom-tirabosco-cartoonmuseum-bale\\\/#primaryimage\",\"url\":\"https:\\\/\\\/bale.ch\\\/journal\\\/wp-content\\\/uploads\\\/2019\\\/11\\\/tom_tirabosco_basel_cartoon_museum_bale.jpg\",\"contentUrl\":\"https:\\\/\\\/bale.ch\\\/journal\\\/wp-content\\\/uploads\\\/2019\\\/11\\\/tom_tirabosco_basel_cartoon_museum_bale.jpg\",\"width\":900,\"height\":484},{\"@type\":\"BreadcrumbList\",\"@id\":\"https:\\\/\\\/bale.ch\\\/journal\\\/wonderland-tom-tirabosco-cartoonmuseum-bale\\\/#breadcrumb\",\"itemListElement\":[{\"@type\":\"ListItem\",\"position\":1,\"name\":\"Accueil\",\"item\":\"https:\\\/\\\/bale.ch\\\/journal\\\/\"},{\"@type\":\"ListItem\",\"position\":2,\"name\":\"Le \u00ab\u00a0Wonderland\u00a0\u00bb \u00e9co-anxieux de Tirabosco s&rsquo;expose \u00e0 B\u00e2le\"}]},{\"@type\":\"WebSite\",\"@id\":\"https:\\\/\\\/bale.ch\\\/journal\\\/#website\",\"url\":\"https:\\\/\\\/bale.ch\\\/journal\\\/\",\"name\":\"Journal de B\u00e2le et Gen\u00e8ve\",\"description\":\"M\u00e9dia transfrontalier d&#039;actualit\u00e9s - News\",\"publisher\":{\"@id\":\"https:\\\/\\\/bale.ch\\\/journal\\\/#organization\"},\"potentialAction\":[{\"@type\":\"SearchAction\",\"target\":{\"@type\":\"EntryPoint\",\"urlTemplate\":\"https:\\\/\\\/bale.ch\\\/journal\\\/?s={search_term_string}\"},\"query-input\":{\"@type\":\"PropertyValueSpecification\",\"valueRequired\":true,\"valueName\":\"search_term_string\"}}],\"inLanguage\":\"fr-FR\"},{\"@type\":\"Organization\",\"@id\":\"https:\\\/\\\/bale.ch\\\/journal\\\/#organization\",\"name\":\"Journal de B\u00e2le et Gen\u00e8ve\",\"url\":\"https:\\\/\\\/bale.ch\\\/journal\\\/\",\"logo\":{\"@type\":\"ImageObject\",\"inLanguage\":\"fr-FR\",\"@id\":\"https:\\\/\\\/bale.ch\\\/journal\\\/#\\\/schema\\\/logo\\\/image\\\/\",\"url\":\"https:\\\/\\\/bale.ch\\\/journal\\\/wp-content\\\/uploads\\\/2023\\\/07\\\/journaldebale_logo_2023_nb.png\",\"contentUrl\":\"https:\\\/\\\/bale.ch\\\/journal\\\/wp-content\\\/uploads\\\/2023\\\/07\\\/journaldebale_logo_2023_nb.png\",\"width\":371,\"height\":127,\"caption\":\"Journal de B\u00e2le et Gen\u00e8ve\"},\"image\":{\"@id\":\"https:\\\/\\\/bale.ch\\\/journal\\\/#\\\/schema\\\/logo\\\/image\\\/\"}},{\"@type\":\"Person\",\"@id\":\"https:\\\/\\\/bale.ch\\\/journal\\\/#\\\/schema\\\/person\\\/41bc7f908af0ffea5e38b8c5702e5626\",\"name\":\"Alban Lavy\",\"image\":{\"@type\":\"ImageObject\",\"inLanguage\":\"fr-FR\",\"@id\":\"https:\\\/\\\/secure.gravatar.com\\\/avatar\\\/4978c5bb7295400e15bebf9881bc4db7866592bc59ffa2f62511214a10f68804?s=96&d=mm&r=g\",\"url\":\"https:\\\/\\\/secure.gravatar.com\\\/avatar\\\/4978c5bb7295400e15bebf9881bc4db7866592bc59ffa2f62511214a10f68804?s=96&d=mm&r=g\",\"contentUrl\":\"https:\\\/\\\/secure.gravatar.com\\\/avatar\\\/4978c5bb7295400e15bebf9881bc4db7866592bc59ffa2f62511214a10f68804?s=96&d=mm&r=g\",\"caption\":\"Alban Lavy\"},\"sameAs\":[\"http:\\\/\\\/bale.ch\\\/administration\\\/zeitung\\\/albanlavy\\\/\"],\"url\":\"https:\\\/\\\/bale.ch\\\/journal\\\/author\\\/lavy\\\/\"}]}<\/script>\n<!-- \/ Yoast SEO plugin. -->","yoast_head_json":{"title":"Le \"Wonderland\" \u00e9co-anxieux de Tirabosco s'expose \u00e0 B\u00e2le - Journal de B\u00e2le et Gen\u00e8ve","robots":{"index":"index","follow":"follow","max-snippet":"max-snippet:-1","max-image-preview":"max-image-preview:large","max-video-preview":"max-video-preview:-1"},"canonical":"https:\/\/bale.ch\/journal\/wonderland-tom-tirabosco-cartoonmuseum-bale\/","og_locale":"fr_FR","og_type":"article","og_title":"Le \"Wonderland\" \u00e9co-anxieux de Tirabosco s'expose \u00e0 B\u00e2le - Journal de B\u00e2le et Gen\u00e8ve","og_description":"Apr\u00e8s Jacques Tardi et Joann Sfar, le Cartoonmuseum Basel termine son exceptionnelle quaranti\u00e8me ann\u00e9e d&rsquo;existence avec une grande exposition r\u00e9trospective consacr\u00e9e \u00e0 l&rsquo;auteur genevois Tom Tirabosco. Sa large palette artistique Continuer la lecture","og_url":"https:\/\/bale.ch\/journal\/wonderland-tom-tirabosco-cartoonmuseum-bale\/","og_site_name":"Journal de B\u00e2le et Gen\u00e8ve","article_published_time":"2019-11-22T21:06:20+00:00","article_modified_time":"2019-12-07T17:54:27+00:00","og_image":[{"width":900,"height":484,"url":"https:\/\/bale.ch\/journal\/wp-content\/uploads\/2019\/11\/tom_tirabosco_basel_cartoon_museum_bale.jpg","type":"image\/jpeg"}],"author":"Alban Lavy","twitter_card":"summary_large_image","twitter_misc":{"\u00c9crit par":"Alban Lavy","Dur\u00e9e de lecture estim\u00e9e":"3 minutes"},"schema":{"@context":"https:\/\/schema.org","@graph":[{"@type":"Article","@id":"https:\/\/bale.ch\/journal\/wonderland-tom-tirabosco-cartoonmuseum-bale\/#article","isPartOf":{"@id":"https:\/\/bale.ch\/journal\/wonderland-tom-tirabosco-cartoonmuseum-bale\/"},"author":{"name":"Alban Lavy","@id":"https:\/\/bale.ch\/journal\/#\/schema\/person\/41bc7f908af0ffea5e38b8c5702e5626"},"headline":"Le \u00ab\u00a0Wonderland\u00a0\u00bb \u00e9co-anxieux de Tirabosco s&rsquo;expose \u00e0 B\u00e2le","datePublished":"2019-11-22T21:06:20+00:00","dateModified":"2019-12-07T17:54:27+00:00","mainEntityOfPage":{"@id":"https:\/\/bale.ch\/journal\/wonderland-tom-tirabosco-cartoonmuseum-bale\/"},"wordCount":719,"publisher":{"@id":"https:\/\/bale.ch\/journal\/#organization"},"image":{"@id":"https:\/\/bale.ch\/journal\/wonderland-tom-tirabosco-cartoonmuseum-bale\/#primaryimage"},"thumbnailUrl":"https:\/\/bale.ch\/journal\/wp-content\/uploads\/2019\/11\/tom_tirabosco_basel_cartoon_museum_bale.jpg","keywords":["B\u00e2le","bande dessin\u00e9e","Cartoon Museum","Exposition","Tom Tirabosco"],"articleSection":["Actualit\u00e9s","Art","B\u00e2le Trinationale","Sortir"],"inLanguage":"fr-FR"},{"@type":"WebPage","@id":"https:\/\/bale.ch\/journal\/wonderland-tom-tirabosco-cartoonmuseum-bale\/","url":"https:\/\/bale.ch\/journal\/wonderland-tom-tirabosco-cartoonmuseum-bale\/","name":"Le \"Wonderland\" \u00e9co-anxieux de Tirabosco s'expose \u00e0 B\u00e2le - Journal de B\u00e2le et Gen\u00e8ve","isPartOf":{"@id":"https:\/\/bale.ch\/journal\/#website"},"primaryImageOfPage":{"@id":"https:\/\/bale.ch\/journal\/wonderland-tom-tirabosco-cartoonmuseum-bale\/#primaryimage"},"image":{"@id":"https:\/\/bale.ch\/journal\/wonderland-tom-tirabosco-cartoonmuseum-bale\/#primaryimage"},"thumbnailUrl":"https:\/\/bale.ch\/journal\/wp-content\/uploads\/2019\/11\/tom_tirabosco_basel_cartoon_museum_bale.jpg","datePublished":"2019-11-22T21:06:20+00:00","dateModified":"2019-12-07T17:54:27+00:00","breadcrumb":{"@id":"https:\/\/bale.ch\/journal\/wonderland-tom-tirabosco-cartoonmuseum-bale\/#breadcrumb"},"inLanguage":"fr-FR","potentialAction":[{"@type":"ReadAction","target":["https:\/\/bale.ch\/journal\/wonderland-tom-tirabosco-cartoonmuseum-bale\/"]}]},{"@type":"ImageObject","inLanguage":"fr-FR","@id":"https:\/\/bale.ch\/journal\/wonderland-tom-tirabosco-cartoonmuseum-bale\/#primaryimage","url":"https:\/\/bale.ch\/journal\/wp-content\/uploads\/2019\/11\/tom_tirabosco_basel_cartoon_museum_bale.jpg","contentUrl":"https:\/\/bale.ch\/journal\/wp-content\/uploads\/2019\/11\/tom_tirabosco_basel_cartoon_museum_bale.jpg","width":900,"height":484},{"@type":"BreadcrumbList","@id":"https:\/\/bale.ch\/journal\/wonderland-tom-tirabosco-cartoonmuseum-bale\/#breadcrumb","itemListElement":[{"@type":"ListItem","position":1,"name":"Accueil","item":"https:\/\/bale.ch\/journal\/"},{"@type":"ListItem","position":2,"name":"Le \u00ab\u00a0Wonderland\u00a0\u00bb \u00e9co-anxieux de Tirabosco s&rsquo;expose \u00e0 B\u00e2le"}]},{"@type":"WebSite","@id":"https:\/\/bale.ch\/journal\/#website","url":"https:\/\/bale.ch\/journal\/","name":"Journal de B\u00e2le et Gen\u00e8ve","description":"M\u00e9dia transfrontalier d&#039;actualit\u00e9s - News","publisher":{"@id":"https:\/\/bale.ch\/journal\/#organization"},"potentialAction":[{"@type":"SearchAction","target":{"@type":"EntryPoint","urlTemplate":"https:\/\/bale.ch\/journal\/?s={search_term_string}"},"query-input":{"@type":"PropertyValueSpecification","valueRequired":true,"valueName":"search_term_string"}}],"inLanguage":"fr-FR"},{"@type":"Organization","@id":"https:\/\/bale.ch\/journal\/#organization","name":"Journal de B\u00e2le et Gen\u00e8ve","url":"https:\/\/bale.ch\/journal\/","logo":{"@type":"ImageObject","inLanguage":"fr-FR","@id":"https:\/\/bale.ch\/journal\/#\/schema\/logo\/image\/","url":"https:\/\/bale.ch\/journal\/wp-content\/uploads\/2023\/07\/journaldebale_logo_2023_nb.png","contentUrl":"https:\/\/bale.ch\/journal\/wp-content\/uploads\/2023\/07\/journaldebale_logo_2023_nb.png","width":371,"height":127,"caption":"Journal de B\u00e2le et Gen\u00e8ve"},"image":{"@id":"https:\/\/bale.ch\/journal\/#\/schema\/logo\/image\/"}},{"@type":"Person","@id":"https:\/\/bale.ch\/journal\/#\/schema\/person\/41bc7f908af0ffea5e38b8c5702e5626","name":"Alban Lavy","image":{"@type":"ImageObject","inLanguage":"fr-FR","@id":"https:\/\/secure.gravatar.com\/avatar\/4978c5bb7295400e15bebf9881bc4db7866592bc59ffa2f62511214a10f68804?s=96&d=mm&r=g","url":"https:\/\/secure.gravatar.com\/avatar\/4978c5bb7295400e15bebf9881bc4db7866592bc59ffa2f62511214a10f68804?s=96&d=mm&r=g","contentUrl":"https:\/\/secure.gravatar.com\/avatar\/4978c5bb7295400e15bebf9881bc4db7866592bc59ffa2f62511214a10f68804?s=96&d=mm&r=g","caption":"Alban Lavy"},"sameAs":["http:\/\/bale.ch\/administration\/zeitung\/albanlavy\/"],"url":"https:\/\/bale.ch\/journal\/author\/lavy\/"}]}},"_links":{"self":[{"href":"https:\/\/bale.ch\/journal\/wp-json\/wp\/v2\/posts\/2367","targetHints":{"allow":["GET"]}}],"collection":[{"href":"https:\/\/bale.ch\/journal\/wp-json\/wp\/v2\/posts"}],"about":[{"href":"https:\/\/bale.ch\/journal\/wp-json\/wp\/v2\/types\/post"}],"author":[{"embeddable":true,"href":"https:\/\/bale.ch\/journal\/wp-json\/wp\/v2\/users\/3"}],"replies":[{"embeddable":true,"href":"https:\/\/bale.ch\/journal\/wp-json\/wp\/v2\/comments?post=2367"}],"version-history":[{"count":11,"href":"https:\/\/bale.ch\/journal\/wp-json\/wp\/v2\/posts\/2367\/revisions"}],"predecessor-version":[{"id":2440,"href":"https:\/\/bale.ch\/journal\/wp-json\/wp\/v2\/posts\/2367\/revisions\/2440"}],"wp:featuredmedia":[{"embeddable":true,"href":"https:\/\/bale.ch\/journal\/wp-json\/wp\/v2\/media\/2368"}],"wp:attachment":[{"href":"https:\/\/bale.ch\/journal\/wp-json\/wp\/v2\/media?parent=2367"}],"wp:term":[{"taxonomy":"category","embeddable":true,"href":"https:\/\/bale.ch\/journal\/wp-json\/wp\/v2\/categories?post=2367"},{"taxonomy":"post_tag","embeddable":true,"href":"https:\/\/bale.ch\/journal\/wp-json\/wp\/v2\/tags?post=2367"}],"curies":[{"name":"wp","href":"https:\/\/api.w.org\/{rel}","templated":true}]}}