{"id":2390,"date":"2019-11-24T01:30:45","date_gmt":"2019-11-24T01:30:45","guid":{"rendered":"http:\/\/bale.ch\/journal\/?p=2390"},"modified":"2019-11-24T01:43:45","modified_gmt":"2019-11-24T01:43:45","slug":"mexique-presse-unesco-2019","status":"publish","type":"post","link":"https:\/\/bale.ch\/journal\/mexique-presse-unesco-2019\/","title":{"rendered":"Le Mexique deuxi\u00e8me pays le plus mortel pour les journalistes apr\u00e8s la Syrie"},"content":{"rendered":"<p><strong>L&rsquo;Organisation des Nations Unies pour l&rsquo;\u00e9ducation, la science et la culture (UNESCO) a mis en garde sur la situation de violence subie par les journalistes au Mexique, notant que de 2014 \u00e0 2018, il \u00e9tait le deuxi\u00e8me pays le plus dangereux du monde pour les journalistes. Seule la Syrie fait pire.<\/strong><br \/>\n<!--more--><\/p>\n<p>Dans un rapport intitul\u00e9 \u00ab\u00a0<em>Intensified Attacks, New Defenses.<\/em> \u00c9volution de la lutte pour la protection des journalistes et pour la lutte contre l&rsquo;impunit\u00e9\u00a0\u00bb, l&rsquo;UNESCO pr\u00e9cise qu&rsquo;au cours de cette p\u00e9riode, au moins 53 journalistes ont \u00e9t\u00e9 tu\u00e9s au Mexique.\u00a0Tandis que 54 ont \u00e9t\u00e9 tu\u00e9s en Syrie et 46 en Afghanistan. L&rsquo;organisation mexicaine <a href=\"https:\/\/articulo19.org\/\" target=\"_blank\" rel=\"noopener\"><strong>Article 19<\/strong><\/a> a comptabilis\u00e9 249 agressions contre la presse \u00e0 travers le pays en 2018. 46,7% de celles-ci ont eu lieu en p\u00e9riode \u00e9lectorale. Dans 99% des cas, elles restent impunies.<\/p>\n<p><a href=\"https:\/\/bale.ch\/journal\/wp-content\/uploads\/2019\/11\/journalistes-assassines.jpg\"><img loading=\"lazy\" decoding=\"async\" class=\"alignnone size-large wp-image-2396\" src=\"https:\/\/bale.ch\/journal\/wp-content\/uploads\/2019\/11\/journalistes-assassines-1024x990.jpg\" alt=\"\" width=\"640\" height=\"619\" srcset=\"https:\/\/bale.ch\/journal\/wp-content\/uploads\/2019\/11\/journalistes-assassines-1024x990.jpg 1024w, https:\/\/bale.ch\/journal\/wp-content\/uploads\/2019\/11\/journalistes-assassines-300x290.jpg 300w, https:\/\/bale.ch\/journal\/wp-content\/uploads\/2019\/11\/journalistes-assassines-768x742.jpg 768w, https:\/\/bale.ch\/journal\/wp-content\/uploads\/2019\/11\/journalistes-assassines.jpg 1462w\" sizes=\"auto, (max-width: 640px) 100vw, 640px\" \/><\/a><\/p>\n<p>Pour l&rsquo;ann\u00e9e en cours, ce sont au moins 10 journalistes qui ont \u00e9t\u00e9 assassin\u00e9s dans le pays, et\u00a0131 depuis 2000, selon\u00a0Article 19<strong>.\u00a0<\/strong>En moyenne, au cours des cinq derni\u00e8res ann\u00e9es, deux journalistes ont \u00e9t\u00e9 assassin\u00e9s par semaine, a pr\u00e9cis\u00e9 pour sa part l&rsquo;UNESCO dans son rapport pr\u00e9sent\u00e9 \u00e0 la quaranti\u00e8me session de la Conf\u00e9rence g\u00e9n\u00e9rale du Secteur de la communication et de l&rsquo;information.<\/p><div id=\"crieu-3431101931\" class=\"crieu-content crieu-entity-placement\"><script async src=\"\/\/pagead2.googlesyndication.com\/pagead\/js\/adsbygoogle.js?client=ca-pub-5271584769416742\" crossorigin=\"anonymous\"><\/script><ins class=\"adsbygoogle\" style=\"display:block;\" data-ad-client=\"ca-pub-5271584769416742\" \ndata-ad-slot=\"9321250718\" \ndata-ad-format=\"auto\"><\/ins>\n<script> \n(adsbygoogle = window.adsbygoogle || []).push({}); \n<\/script>\n<\/div>\n<p>Dans le rapport, l&rsquo;agence des Nations Unies a d\u00e9clar\u00e9 que parmi les huitante-quatre \u00c9tats membres de l&rsquo;UNESCO, le Mexique \u00e9tait le pays qui recevait le plus de recommandations concernant les risques encourus par les journalistes dans ce pays, avec 13 recommandations, suivi du Kirghizistan et du Royaume-Uni.<\/p>\n<figure id=\"attachment_2393\" aria-describedby=\"caption-attachment-2393\" style=\"width: 952px\" class=\"wp-caption alignnone\"><img loading=\"lazy\" decoding=\"async\" class=\"wp-image-2393 size-full\" src=\"https:\/\/bale.ch\/journal\/wp-content\/uploads\/2019\/11\/Banner-RUBEN-ESPINOSA.jpg\" alt=\"\" width=\"952\" height=\"532\" srcset=\"https:\/\/bale.ch\/journal\/wp-content\/uploads\/2019\/11\/Banner-RUBEN-ESPINOSA.jpg 952w, https:\/\/bale.ch\/journal\/wp-content\/uploads\/2019\/11\/Banner-RUBEN-ESPINOSA-300x168.jpg 300w, https:\/\/bale.ch\/journal\/wp-content\/uploads\/2019\/11\/Banner-RUBEN-ESPINOSA-768x429.jpg 768w\" sizes=\"auto, (max-width: 952px) 100vw, 952px\" \/><figcaption id=\"caption-attachment-2393\" class=\"wp-caption-text\">Photo de Rub\u00e9n Espinosa, journaliste d\u00e9non\u00e7ant les assassinats dans l&rsquo;Etat de Veracruz sous la mandature du gouverneur Javier Duarte. Il lui-m\u00eame \u00e9t\u00e9 assassin\u00e9 en 2015.<\/figcaption><\/figure>\n<div id=\"crieu-3370804777\" class=\"crieu-apres-le-contenu crieu-entity-placement\" style=\"margin-left: auto;margin-right: auto;text-align: center;\"><script async src=\"\/\/pagead2.googlesyndication.com\/pagead\/js\/adsbygoogle.js?client=ca-pub-5271584769416742\" crossorigin=\"anonymous\"><\/script><ins class=\"adsbygoogle\" style=\"display:block;\" data-ad-client=\"ca-pub-5271584769416742\" \ndata-ad-slot=\"9321250718\" \ndata-ad-format=\"auto\"><\/ins>\n<script> \n(adsbygoogle = window.adsbygoogle || []).push({}); \n<\/script>\n<\/div>","protected":false},"excerpt":{"rendered":"<p>L&rsquo;Organisation des Nations Unies pour l&rsquo;\u00e9ducation, la science et la culture (UNESCO) a mis en garde sur la situation de violence subie par les journalistes au Mexique, notant que de <a href=\"https:\/\/bale.ch\/journal\/mexique-presse-unesco-2019\/\" class=\"read-more button-fancy -red\"><span class=\"btn-arrow\"><\/span><span class=\"twp-read-more text\">Continuer la lecture<\/span><\/a><\/p>\n","protected":false},"author":43,"featured_media":2391,"comment_status":"closed","ping_status":"closed","sticky":false,"template":"","format":"standard","meta":{"footnotes":""},"categories":[103,9],"tags":[186,108,185],"class_list":["post-2390","post","type-post","status-publish","format-standard","has-post-thumbnail","hentry","category-actu","category-monde","tag-journalisme","tag-mexique","tag-unesco"],"yoast_head":"<!-- This site is optimized with the Yoast SEO plugin v28.3 - https:\/\/yoast.com\/product\/yoast-seo-wordpress\/ -->\n<title>Le Mexique deuxi\u00e8me pays le plus mortel pour les journalistes apr\u00e8s la Syrie - Journal de B\u00e2le et Gen\u00e8ve<\/title>\n<meta name=\"robots\" content=\"index, follow, max-snippet:-1, max-image-preview:large, max-video-preview:-1\" \/>\n<link rel=\"canonical\" href=\"https:\/\/bale.ch\/journal\/mexique-presse-unesco-2019\/\" \/>\n<meta property=\"og:locale\" content=\"fr_FR\" \/>\n<meta property=\"og:type\" content=\"article\" \/>\n<meta property=\"og:title\" content=\"Le Mexique deuxi\u00e8me pays le plus mortel pour les journalistes apr\u00e8s la Syrie - Journal de B\u00e2le et Gen\u00e8ve\" \/>\n<meta property=\"og:description\" content=\"L&rsquo;Organisation des Nations Unies pour l&rsquo;\u00e9ducation, la science et la culture (UNESCO) a mis en garde sur la situation de violence subie par les journalistes au Mexique, notant que de Continuer la lecture\" \/>\n<meta property=\"og:url\" content=\"https:\/\/bale.ch\/journal\/mexique-presse-unesco-2019\/\" \/>\n<meta property=\"og:site_name\" content=\"Journal de B\u00e2le et Gen\u00e8ve\" \/>\n<meta property=\"article:published_time\" content=\"2019-11-24T01:30:45+00:00\" \/>\n<meta property=\"article:modified_time\" content=\"2019-11-24T01:43:45+00:00\" \/>\n<meta property=\"og:image\" content=\"https:\/\/bale.ch\/journal\/wp-content\/uploads\/2019\/11\/presse_medias_journalistes_alban_lavy.jpg\" \/>\n\t<meta property=\"og:image:width\" content=\"900\" \/>\n\t<meta property=\"og:image:height\" content=\"484\" \/>\n\t<meta property=\"og:image:type\" content=\"image\/jpeg\" \/>\n<meta name=\"author\" content=\"Elodie Silva\" \/>\n<meta name=\"twitter:card\" content=\"summary_large_image\" \/>\n<meta name=\"twitter:label1\" content=\"\u00c9crit par\" \/>\n\t<meta name=\"twitter:data1\" content=\"Elodie Silva\" \/>\n\t<meta name=\"twitter:label2\" content=\"Dur\u00e9e de lecture estim\u00e9e\" \/>\n\t<meta name=\"twitter:data2\" content=\"1 minute\" \/>\n<script type=\"application\/ld+json\" class=\"yoast-schema-graph\">{\"@context\":\"https:\\\/\\\/schema.org\",\"@graph\":[{\"@type\":\"Article\",\"@id\":\"https:\\\/\\\/bale.ch\\\/journal\\\/mexique-presse-unesco-2019\\\/#article\",\"isPartOf\":{\"@id\":\"https:\\\/\\\/bale.ch\\\/journal\\\/mexique-presse-unesco-2019\\\/\"},\"author\":{\"name\":\"Elodie Silva\",\"@id\":\"https:\\\/\\\/bale.ch\\\/journal\\\/#\\\/schema\\\/person\\\/e3e5eeffae523f19b12d7057ced45a2b\"},\"headline\":\"Le Mexique deuxi\u00e8me pays le plus mortel pour les journalistes apr\u00e8s la Syrie\",\"datePublished\":\"2019-11-24T01:30:45+00:00\",\"dateModified\":\"2019-11-24T01:43:45+00:00\",\"mainEntityOfPage\":{\"@id\":\"https:\\\/\\\/bale.ch\\\/journal\\\/mexique-presse-unesco-2019\\\/\"},\"wordCount\":309,\"publisher\":{\"@id\":\"https:\\\/\\\/bale.ch\\\/journal\\\/#organization\"},\"image\":{\"@id\":\"https:\\\/\\\/bale.ch\\\/journal\\\/mexique-presse-unesco-2019\\\/#primaryimage\"},\"thumbnailUrl\":\"https:\\\/\\\/bale.ch\\\/journal\\\/wp-content\\\/uploads\\\/2019\\\/11\\\/presse_medias_journalistes_alban_lavy.jpg\",\"keywords\":[\"journalisme\",\"Mexique\",\"unesco\"],\"articleSection\":[\"Actualit\u00e9s\",\"Monde\"],\"inLanguage\":\"fr-FR\"},{\"@type\":\"WebPage\",\"@id\":\"https:\\\/\\\/bale.ch\\\/journal\\\/mexique-presse-unesco-2019\\\/\",\"url\":\"https:\\\/\\\/bale.ch\\\/journal\\\/mexique-presse-unesco-2019\\\/\",\"name\":\"Le Mexique deuxi\u00e8me pays le plus mortel pour les journalistes apr\u00e8s la Syrie - Journal de B\u00e2le et Gen\u00e8ve\",\"isPartOf\":{\"@id\":\"https:\\\/\\\/bale.ch\\\/journal\\\/#website\"},\"primaryImageOfPage\":{\"@id\":\"https:\\\/\\\/bale.ch\\\/journal\\\/mexique-presse-unesco-2019\\\/#primaryimage\"},\"image\":{\"@id\":\"https:\\\/\\\/bale.ch\\\/journal\\\/mexique-presse-unesco-2019\\\/#primaryimage\"},\"thumbnailUrl\":\"https:\\\/\\\/bale.ch\\\/journal\\\/wp-content\\\/uploads\\\/2019\\\/11\\\/presse_medias_journalistes_alban_lavy.jpg\",\"datePublished\":\"2019-11-24T01:30:45+00:00\",\"dateModified\":\"2019-11-24T01:43:45+00:00\",\"breadcrumb\":{\"@id\":\"https:\\\/\\\/bale.ch\\\/journal\\\/mexique-presse-unesco-2019\\\/#breadcrumb\"},\"inLanguage\":\"fr-FR\",\"potentialAction\":[{\"@type\":\"ReadAction\",\"target\":[\"https:\\\/\\\/bale.ch\\\/journal\\\/mexique-presse-unesco-2019\\\/\"]}]},{\"@type\":\"ImageObject\",\"inLanguage\":\"fr-FR\",\"@id\":\"https:\\\/\\\/bale.ch\\\/journal\\\/mexique-presse-unesco-2019\\\/#primaryimage\",\"url\":\"https:\\\/\\\/bale.ch\\\/journal\\\/wp-content\\\/uploads\\\/2019\\\/11\\\/presse_medias_journalistes_alban_lavy.jpg\",\"contentUrl\":\"https:\\\/\\\/bale.ch\\\/journal\\\/wp-content\\\/uploads\\\/2019\\\/11\\\/presse_medias_journalistes_alban_lavy.jpg\",\"width\":900,\"height\":484},{\"@type\":\"BreadcrumbList\",\"@id\":\"https:\\\/\\\/bale.ch\\\/journal\\\/mexique-presse-unesco-2019\\\/#breadcrumb\",\"itemListElement\":[{\"@type\":\"ListItem\",\"position\":1,\"name\":\"Accueil\",\"item\":\"https:\\\/\\\/bale.ch\\\/journal\\\/\"},{\"@type\":\"ListItem\",\"position\":2,\"name\":\"Le Mexique deuxi\u00e8me pays le plus mortel pour les journalistes apr\u00e8s la Syrie\"}]},{\"@type\":\"WebSite\",\"@id\":\"https:\\\/\\\/bale.ch\\\/journal\\\/#website\",\"url\":\"https:\\\/\\\/bale.ch\\\/journal\\\/\",\"name\":\"Journal de B\u00e2le et Gen\u00e8ve\",\"description\":\"M\u00e9dia transfrontalier d&#039;actualit\u00e9s - News\",\"publisher\":{\"@id\":\"https:\\\/\\\/bale.ch\\\/journal\\\/#organization\"},\"potentialAction\":[{\"@type\":\"SearchAction\",\"target\":{\"@type\":\"EntryPoint\",\"urlTemplate\":\"https:\\\/\\\/bale.ch\\\/journal\\\/?s={search_term_string}\"},\"query-input\":{\"@type\":\"PropertyValueSpecification\",\"valueRequired\":true,\"valueName\":\"search_term_string\"}}],\"inLanguage\":\"fr-FR\"},{\"@type\":\"Organization\",\"@id\":\"https:\\\/\\\/bale.ch\\\/journal\\\/#organization\",\"name\":\"Journal de B\u00e2le et Gen\u00e8ve\",\"url\":\"https:\\\/\\\/bale.ch\\\/journal\\\/\",\"logo\":{\"@type\":\"ImageObject\",\"inLanguage\":\"fr-FR\",\"@id\":\"https:\\\/\\\/bale.ch\\\/journal\\\/#\\\/schema\\\/logo\\\/image\\\/\",\"url\":\"https:\\\/\\\/bale.ch\\\/journal\\\/wp-content\\\/uploads\\\/2023\\\/07\\\/journaldebale_logo_2023_nb.png\",\"contentUrl\":\"https:\\\/\\\/bale.ch\\\/journal\\\/wp-content\\\/uploads\\\/2023\\\/07\\\/journaldebale_logo_2023_nb.png\",\"width\":371,\"height\":127,\"caption\":\"Journal de B\u00e2le et Gen\u00e8ve\"},\"image\":{\"@id\":\"https:\\\/\\\/bale.ch\\\/journal\\\/#\\\/schema\\\/logo\\\/image\\\/\"}},{\"@type\":\"Person\",\"@id\":\"https:\\\/\\\/bale.ch\\\/journal\\\/#\\\/schema\\\/person\\\/e3e5eeffae523f19b12d7057ced45a2b\",\"name\":\"Elodie Silva\",\"image\":{\"@type\":\"ImageObject\",\"inLanguage\":\"fr-FR\",\"@id\":\"https:\\\/\\\/secure.gravatar.com\\\/avatar\\\/f76593021159ecd3226293e7c461386bfd009157e6c549bc9b418d0a2db47041?s=96&d=mm&r=g\",\"url\":\"https:\\\/\\\/secure.gravatar.com\\\/avatar\\\/f76593021159ecd3226293e7c461386bfd009157e6c549bc9b418d0a2db47041?s=96&d=mm&r=g\",\"contentUrl\":\"https:\\\/\\\/secure.gravatar.com\\\/avatar\\\/f76593021159ecd3226293e7c461386bfd009157e6c549bc9b418d0a2db47041?s=96&d=mm&r=g\",\"caption\":\"Elodie Silva\"},\"url\":\"https:\\\/\\\/bale.ch\\\/journal\\\/author\\\/elodiesilva\\\/\"}]}<\/script>\n<!-- \/ Yoast SEO plugin. -->","yoast_head_json":{"title":"Le Mexique deuxi\u00e8me pays le plus mortel pour les journalistes apr\u00e8s la Syrie - Journal de B\u00e2le et Gen\u00e8ve","robots":{"index":"index","follow":"follow","max-snippet":"max-snippet:-1","max-image-preview":"max-image-preview:large","max-video-preview":"max-video-preview:-1"},"canonical":"https:\/\/bale.ch\/journal\/mexique-presse-unesco-2019\/","og_locale":"fr_FR","og_type":"article","og_title":"Le Mexique deuxi\u00e8me pays le plus mortel pour les journalistes apr\u00e8s la Syrie - Journal de B\u00e2le et Gen\u00e8ve","og_description":"L&rsquo;Organisation des Nations Unies pour l&rsquo;\u00e9ducation, la science et la culture (UNESCO) a mis en garde sur la situation de violence subie par les journalistes au Mexique, notant que de Continuer la lecture","og_url":"https:\/\/bale.ch\/journal\/mexique-presse-unesco-2019\/","og_site_name":"Journal de B\u00e2le et Gen\u00e8ve","article_published_time":"2019-11-24T01:30:45+00:00","article_modified_time":"2019-11-24T01:43:45+00:00","og_image":[{"width":900,"height":484,"url":"https:\/\/bale.ch\/journal\/wp-content\/uploads\/2019\/11\/presse_medias_journalistes_alban_lavy.jpg","type":"image\/jpeg"}],"author":"Elodie Silva","twitter_card":"summary_large_image","twitter_misc":{"\u00c9crit par":"Elodie Silva","Dur\u00e9e de lecture estim\u00e9e":"1 minute"},"schema":{"@context":"https:\/\/schema.org","@graph":[{"@type":"Article","@id":"https:\/\/bale.ch\/journal\/mexique-presse-unesco-2019\/#article","isPartOf":{"@id":"https:\/\/bale.ch\/journal\/mexique-presse-unesco-2019\/"},"author":{"name":"Elodie Silva","@id":"https:\/\/bale.ch\/journal\/#\/schema\/person\/e3e5eeffae523f19b12d7057ced45a2b"},"headline":"Le Mexique deuxi\u00e8me pays le plus mortel pour les journalistes apr\u00e8s la Syrie","datePublished":"2019-11-24T01:30:45+00:00","dateModified":"2019-11-24T01:43:45+00:00","mainEntityOfPage":{"@id":"https:\/\/bale.ch\/journal\/mexique-presse-unesco-2019\/"},"wordCount":309,"publisher":{"@id":"https:\/\/bale.ch\/journal\/#organization"},"image":{"@id":"https:\/\/bale.ch\/journal\/mexique-presse-unesco-2019\/#primaryimage"},"thumbnailUrl":"https:\/\/bale.ch\/journal\/wp-content\/uploads\/2019\/11\/presse_medias_journalistes_alban_lavy.jpg","keywords":["journalisme","Mexique","unesco"],"articleSection":["Actualit\u00e9s","Monde"],"inLanguage":"fr-FR"},{"@type":"WebPage","@id":"https:\/\/bale.ch\/journal\/mexique-presse-unesco-2019\/","url":"https:\/\/bale.ch\/journal\/mexique-presse-unesco-2019\/","name":"Le Mexique deuxi\u00e8me pays le plus mortel pour les journalistes apr\u00e8s la Syrie - Journal de B\u00e2le et Gen\u00e8ve","isPartOf":{"@id":"https:\/\/bale.ch\/journal\/#website"},"primaryImageOfPage":{"@id":"https:\/\/bale.ch\/journal\/mexique-presse-unesco-2019\/#primaryimage"},"image":{"@id":"https:\/\/bale.ch\/journal\/mexique-presse-unesco-2019\/#primaryimage"},"thumbnailUrl":"https:\/\/bale.ch\/journal\/wp-content\/uploads\/2019\/11\/presse_medias_journalistes_alban_lavy.jpg","datePublished":"2019-11-24T01:30:45+00:00","dateModified":"2019-11-24T01:43:45+00:00","breadcrumb":{"@id":"https:\/\/bale.ch\/journal\/mexique-presse-unesco-2019\/#breadcrumb"},"inLanguage":"fr-FR","potentialAction":[{"@type":"ReadAction","target":["https:\/\/bale.ch\/journal\/mexique-presse-unesco-2019\/"]}]},{"@type":"ImageObject","inLanguage":"fr-FR","@id":"https:\/\/bale.ch\/journal\/mexique-presse-unesco-2019\/#primaryimage","url":"https:\/\/bale.ch\/journal\/wp-content\/uploads\/2019\/11\/presse_medias_journalistes_alban_lavy.jpg","contentUrl":"https:\/\/bale.ch\/journal\/wp-content\/uploads\/2019\/11\/presse_medias_journalistes_alban_lavy.jpg","width":900,"height":484},{"@type":"BreadcrumbList","@id":"https:\/\/bale.ch\/journal\/mexique-presse-unesco-2019\/#breadcrumb","itemListElement":[{"@type":"ListItem","position":1,"name":"Accueil","item":"https:\/\/bale.ch\/journal\/"},{"@type":"ListItem","position":2,"name":"Le Mexique deuxi\u00e8me pays le plus mortel pour les journalistes apr\u00e8s la Syrie"}]},{"@type":"WebSite","@id":"https:\/\/bale.ch\/journal\/#website","url":"https:\/\/bale.ch\/journal\/","name":"Journal de B\u00e2le et Gen\u00e8ve","description":"M\u00e9dia transfrontalier d&#039;actualit\u00e9s - News","publisher":{"@id":"https:\/\/bale.ch\/journal\/#organization"},"potentialAction":[{"@type":"SearchAction","target":{"@type":"EntryPoint","urlTemplate":"https:\/\/bale.ch\/journal\/?s={search_term_string}"},"query-input":{"@type":"PropertyValueSpecification","valueRequired":true,"valueName":"search_term_string"}}],"inLanguage":"fr-FR"},{"@type":"Organization","@id":"https:\/\/bale.ch\/journal\/#organization","name":"Journal de B\u00e2le et Gen\u00e8ve","url":"https:\/\/bale.ch\/journal\/","logo":{"@type":"ImageObject","inLanguage":"fr-FR","@id":"https:\/\/bale.ch\/journal\/#\/schema\/logo\/image\/","url":"https:\/\/bale.ch\/journal\/wp-content\/uploads\/2023\/07\/journaldebale_logo_2023_nb.png","contentUrl":"https:\/\/bale.ch\/journal\/wp-content\/uploads\/2023\/07\/journaldebale_logo_2023_nb.png","width":371,"height":127,"caption":"Journal de B\u00e2le et Gen\u00e8ve"},"image":{"@id":"https:\/\/bale.ch\/journal\/#\/schema\/logo\/image\/"}},{"@type":"Person","@id":"https:\/\/bale.ch\/journal\/#\/schema\/person\/e3e5eeffae523f19b12d7057ced45a2b","name":"Elodie Silva","image":{"@type":"ImageObject","inLanguage":"fr-FR","@id":"https:\/\/secure.gravatar.com\/avatar\/f76593021159ecd3226293e7c461386bfd009157e6c549bc9b418d0a2db47041?s=96&d=mm&r=g","url":"https:\/\/secure.gravatar.com\/avatar\/f76593021159ecd3226293e7c461386bfd009157e6c549bc9b418d0a2db47041?s=96&d=mm&r=g","contentUrl":"https:\/\/secure.gravatar.com\/avatar\/f76593021159ecd3226293e7c461386bfd009157e6c549bc9b418d0a2db47041?s=96&d=mm&r=g","caption":"Elodie Silva"},"url":"https:\/\/bale.ch\/journal\/author\/elodiesilva\/"}]}},"_links":{"self":[{"href":"https:\/\/bale.ch\/journal\/wp-json\/wp\/v2\/posts\/2390","targetHints":{"allow":["GET"]}}],"collection":[{"href":"https:\/\/bale.ch\/journal\/wp-json\/wp\/v2\/posts"}],"about":[{"href":"https:\/\/bale.ch\/journal\/wp-json\/wp\/v2\/types\/post"}],"author":[{"embeddable":true,"href":"https:\/\/bale.ch\/journal\/wp-json\/wp\/v2\/users\/43"}],"replies":[{"embeddable":true,"href":"https:\/\/bale.ch\/journal\/wp-json\/wp\/v2\/comments?post=2390"}],"version-history":[{"count":5,"href":"https:\/\/bale.ch\/journal\/wp-json\/wp\/v2\/posts\/2390\/revisions"}],"predecessor-version":[{"id":2398,"href":"https:\/\/bale.ch\/journal\/wp-json\/wp\/v2\/posts\/2390\/revisions\/2398"}],"wp:featuredmedia":[{"embeddable":true,"href":"https:\/\/bale.ch\/journal\/wp-json\/wp\/v2\/media\/2391"}],"wp:attachment":[{"href":"https:\/\/bale.ch\/journal\/wp-json\/wp\/v2\/media?parent=2390"}],"wp:term":[{"taxonomy":"category","embeddable":true,"href":"https:\/\/bale.ch\/journal\/wp-json\/wp\/v2\/categories?post=2390"},{"taxonomy":"post_tag","embeddable":true,"href":"https:\/\/bale.ch\/journal\/wp-json\/wp\/v2\/tags?post=2390"}],"curies":[{"name":"wp","href":"https:\/\/api.w.org\/{rel}","templated":true}]}}