{"id":2399,"date":"2019-11-25T01:43:43","date_gmt":"2019-11-25T01:43:43","guid":{"rendered":"http:\/\/bale.ch\/journal\/?p=2399"},"modified":"2019-11-25T04:38:42","modified_gmt":"2019-11-25T04:38:42","slug":"initiative-geneve-aeroport-democratique","status":"publish","type":"post","link":"https:\/\/bale.ch\/journal\/initiative-geneve-aeroport-democratique\/","title":{"rendered":"Votations: les Genevois reprennent en main leur a\u00e9roport"},"content":{"rendered":"<div class=\"rts-module-infosport-main-intro\">\n<div class=\"border\">\n<div class=\"inner-module\"><strong>Les Genevois ont accept\u00e9 dimanche \u00e0 56,27% l&rsquo;initiative populaire \u00ab\u00a0Pour un pilotage d\u00e9mocratique de l&rsquo;a\u00e9roport de Gen\u00e8ve &#8211; Reprenons en main notre a\u00e9roport\u00a0\u00bb. Le texte pr\u00e9sent\u00e9 aux votants, \u00e9manent\u00a0de la Coordination r\u00e9gionale pour un a\u00e9roport de Gen\u00e8ve urbain, respectueux de la population et de l\u2019environnement &#8211; qui regroupe des associations environnementales et de riverains &#8211; demandait au Gouvernement genevois\u00a0qu&rsquo;il prenne \u00ab\u00a0toutes les mesures ad\u00e9quates pour limiter les nuisances dues au trafic a\u00e9rien.\u00a0\u00bb Le contre-projet de la droite a lui \u00e9t\u00e9 refus\u00e9 par 54,15% des votants.<\/strong><\/div>\n<\/div>\n<\/div>\n<p><!--more--><\/p>\n<div class=\"rts-module-infosport-body\">\n<div class=\"border\">\n<div class=\"inner-module\">\n<div class=\"rts-module-richtext\">\n<p>Il faut dire que le nombre de passagers \u00e0 l\u2019a\u00e9roport de Gen\u00e8ve, fond\u00e9 en 1919, a doubl\u00e9 ces dix derni\u00e8res ann\u00e9es, d\u00e9passant d\u00e9sormais quinze millions. En parall\u00e8le, les nuisances ont explos\u00e9, en particulier le bruit &#8211; notamment nocturne &#8211; et la pollution de l\u2019air locale, ainsi que les \u00e9missions de CO2, responsables du r\u00e9chauffement climatique.<\/p>\n<\/div>\n<p>Pour les initiants, <em>\u00ab\u00a0ce n\u2019est que le d\u00e9but. Les autorit\u00e9s planifient 25 millions de passagers en 2030. Pour les accueillir, il faudra 650 vols par jour, ce qui repr\u00e9sente un avion qui d\u00e9colle ou atterrit toutes les 90 secondes, 18h\/24, et une augmentation significative des vols de nuit!\u00a0\u00bb<\/em>.<\/p>\n<p>Le contre-projet proposait un plan moins \u00ab\u00a0restrictif\u00a0\u00bb qui aurait aussi inscrit l&rsquo;a\u00e9roport dans la Constitution, mais aurait maintenu son statut d&rsquo;autonomie. Les Gouvernement et Parlement avaient opt\u00e9 pour ce dernier en arguant que l&rsquo;initiative pour un Pilotage d\u00e9mocratique porterait atteinte \u00e0 l&rsquo;\u00e9conomie.<\/p><div id=\"crieu-947751989\" class=\"crieu-content crieu-entity-placement\"><script async src=\"\/\/pagead2.googlesyndication.com\/pagead\/js\/adsbygoogle.js?client=ca-pub-5271584769416742\" crossorigin=\"anonymous\"><\/script><ins class=\"adsbygoogle\" style=\"display:block;\" data-ad-client=\"ca-pub-5271584769416742\" \ndata-ad-slot=\"9321250718\" \ndata-ad-format=\"auto\"><\/ins>\n<script> \n(adsbygoogle = window.adsbygoogle || []).push({}); \n<\/script>\n<\/div>\n<div class=\"rts-module-richtext\">\n<p>L\u2019initiative populaire cantonale pour un pilotage d\u00e9mocratique de l\u2019a\u00e9roport vise \u00e0\u2009:<\/p>\n<ul>\n<li>Ma\u00eetriser le d\u00e9veloppement de l\u2019a\u00e9roport en prenant en compte autant la population que les besoins \u00e9conomiques et l\u2019environnement. Pour pr\u00e9server la sant\u00e9 de la population, la valeur de notre sol, la qualit\u00e9 de l\u2019air, la qualit\u00e9 de l&rsquo;environnement et la qualit\u00e9 de vie de chacun.<\/li>\n<li>Rappeler le caract\u00e8re public de l\u2019a\u00e9roport comme pour les Services Industriels de Gen\u00e8ve ou les Transports Publics Genevois, le statut de l\u2019a\u00e9roport doit \u00eatre inscrit dans la Constitution genevoise.<\/li>\n<li>Assurer une consultation des personnes concern\u00e9es Pour assurer l\u2019\u00e9quilibre entre les int\u00e9r\u00eats de la population, de l\u2019environnement, des organisations internationales et des entreprises locales.<\/li>\n<\/ul>\n<p>De nombreux observateurs se demandent cependant si cette victoire populaire n&rsquo;est pas avant tout symbolique, l&rsquo;a\u00e9roport \u00e9tant soumis \u00e0 diverses r\u00e9glementations nationales et internationales difficiles \u00e0 ren\u00e9gocier. Mais le r\u00e9sultat du vote sera un poids suppl\u00e9mentaire pour avancer vers une \u00e9ventuelle diminution du trafic a\u00e9rien court-courrier. Des voix se font entendre depuis quelques temps pour un retour de l&rsquo;utilisation du train &#8211; et le retour des trains de nuit &#8211; pour les trajets de moins de 1000 km, comme c&rsquo;est le cas \u00e0 l&rsquo;Universit\u00e9 de B\u00e2le. Une taxe sur le k\u00e9ros\u00e8ne &#8211; inexistante \u00e0 ce jour &#8211; et sur les billets sont des pistes envisag\u00e9es.<\/p>\n<h6><em>Photo: Alban Lavy<\/em><\/h6>\n<p>&nbsp;<\/p>\n<p><strong>Lire aussi:<\/strong><\/p>\n<blockquote>\n<h3 style=\"text-align: left;\"><a href=\"https:\/\/bale.ch\/journal\/luniversite-de-bale-va-interdire-lavion-pour-les-trajets-de-moins-de-1000-km\/\">L\u2019Universit\u00e9 de B\u00e2le va interdire l\u2019avion pour les trajets de moins de 1000 kilom\u00e8tres<\/a><\/h3>\n<\/blockquote>\n<\/div>\n<\/div>\n<\/div>\n<\/div>\n<div id=\"crieu-3477044928\" class=\"crieu-apres-le-contenu crieu-entity-placement\" style=\"margin-left: auto;margin-right: auto;text-align: center;\"><script async src=\"\/\/pagead2.googlesyndication.com\/pagead\/js\/adsbygoogle.js?client=ca-pub-5271584769416742\" crossorigin=\"anonymous\"><\/script><ins class=\"adsbygoogle\" style=\"display:block;\" data-ad-client=\"ca-pub-5271584769416742\" \ndata-ad-slot=\"9321250718\" \ndata-ad-format=\"auto\"><\/ins>\n<script> \n(adsbygoogle = window.adsbygoogle || []).push({}); \n<\/script>\n<\/div>","protected":false},"excerpt":{"rendered":"<p>Les Genevois ont accept\u00e9 dimanche \u00e0 56,27% l&rsquo;initiative populaire \u00ab\u00a0Pour un pilotage d\u00e9mocratique de l&rsquo;a\u00e9roport de Gen\u00e8ve &#8211; Reprenons en main notre a\u00e9roport\u00a0\u00bb. Le texte pr\u00e9sent\u00e9 aux votants, \u00e9manent\u00a0de la <a href=\"https:\/\/bale.ch\/journal\/initiative-geneve-aeroport-democratique\/\" class=\"read-more button-fancy -red\"><span class=\"btn-arrow\"><\/span><span class=\"twp-read-more text\">Continuer la lecture<\/span><\/a><\/p>\n","protected":false},"author":43,"featured_media":2400,"comment_status":"closed","ping_status":"closed","sticky":false,"template":"","format":"standard","meta":{"footnotes":""},"categories":[103,4],"tags":[72,74,187],"class_list":["post-2399","post","type-post","status-publish","format-standard","has-post-thumbnail","hentry","category-actu","category-grand-geneve","tag-aeroport","tag-geneve","tag-votations"],"yoast_head":"<!-- This site is optimized with the Yoast SEO plugin v28.3 - https:\/\/yoast.com\/product\/yoast-seo-wordpress\/ -->\n<title>Votations: les Genevois reprennent en main leur a\u00e9roport - Journal de B\u00e2le et Gen\u00e8ve<\/title>\n<meta name=\"robots\" content=\"index, follow, max-snippet:-1, max-image-preview:large, max-video-preview:-1\" \/>\n<link rel=\"canonical\" href=\"https:\/\/bale.ch\/journal\/initiative-geneve-aeroport-democratique\/\" \/>\n<meta property=\"og:locale\" content=\"fr_FR\" \/>\n<meta property=\"og:type\" content=\"article\" \/>\n<meta property=\"og:title\" content=\"Votations: les Genevois reprennent en main leur a\u00e9roport - Journal de B\u00e2le et Gen\u00e8ve\" \/>\n<meta property=\"og:description\" content=\"Les Genevois ont accept\u00e9 dimanche \u00e0 56,27% l&rsquo;initiative populaire \u00ab\u00a0Pour un pilotage d\u00e9mocratique de l&rsquo;a\u00e9roport de Gen\u00e8ve &#8211; Reprenons en main notre a\u00e9roport\u00a0\u00bb. Le texte pr\u00e9sent\u00e9 aux votants, \u00e9manent\u00a0de la Continuer la lecture\" \/>\n<meta property=\"og:url\" content=\"https:\/\/bale.ch\/journal\/initiative-geneve-aeroport-democratique\/\" \/>\n<meta property=\"og:site_name\" content=\"Journal de B\u00e2le et Gen\u00e8ve\" \/>\n<meta property=\"article:published_time\" content=\"2019-11-25T01:43:43+00:00\" \/>\n<meta property=\"article:modified_time\" content=\"2019-11-25T04:38:42+00:00\" \/>\n<meta property=\"og:image\" content=\"https:\/\/bale.ch\/journal\/wp-content\/uploads\/2019\/11\/geneve_aeroport_geneva_airport_alban_lavy.jpg\" \/>\n\t<meta property=\"og:image:width\" content=\"900\" \/>\n\t<meta property=\"og:image:height\" content=\"484\" \/>\n\t<meta property=\"og:image:type\" content=\"image\/jpeg\" \/>\n<meta name=\"author\" content=\"Elodie Silva\" \/>\n<meta name=\"twitter:card\" content=\"summary_large_image\" \/>\n<meta name=\"twitter:label1\" content=\"\u00c9crit par\" \/>\n\t<meta name=\"twitter:data1\" content=\"Elodie Silva\" \/>\n\t<meta name=\"twitter:label2\" content=\"Dur\u00e9e de lecture estim\u00e9e\" \/>\n\t<meta name=\"twitter:data2\" content=\"3 minutes\" \/>\n<script type=\"application\/ld+json\" class=\"yoast-schema-graph\">{\"@context\":\"https:\\\/\\\/schema.org\",\"@graph\":[{\"@type\":\"Article\",\"@id\":\"https:\\\/\\\/bale.ch\\\/journal\\\/initiative-geneve-aeroport-democratique\\\/#article\",\"isPartOf\":{\"@id\":\"https:\\\/\\\/bale.ch\\\/journal\\\/initiative-geneve-aeroport-democratique\\\/\"},\"author\":{\"name\":\"Elodie Silva\",\"@id\":\"https:\\\/\\\/bale.ch\\\/journal\\\/#\\\/schema\\\/person\\\/e3e5eeffae523f19b12d7057ced45a2b\"},\"headline\":\"Votations: les Genevois reprennent en main leur a\u00e9roport\",\"datePublished\":\"2019-11-25T01:43:43+00:00\",\"dateModified\":\"2019-11-25T04:38:42+00:00\",\"mainEntityOfPage\":{\"@id\":\"https:\\\/\\\/bale.ch\\\/journal\\\/initiative-geneve-aeroport-democratique\\\/\"},\"wordCount\":535,\"publisher\":{\"@id\":\"https:\\\/\\\/bale.ch\\\/journal\\\/#organization\"},\"image\":{\"@id\":\"https:\\\/\\\/bale.ch\\\/journal\\\/initiative-geneve-aeroport-democratique\\\/#primaryimage\"},\"thumbnailUrl\":\"https:\\\/\\\/bale.ch\\\/journal\\\/wp-content\\\/uploads\\\/2019\\\/11\\\/geneve_aeroport_geneva_airport_alban_lavy.jpg\",\"keywords\":[\"A\u00e9roport\",\"Gen\u00e8ve\",\"votations\"],\"articleSection\":[\"Actualit\u00e9s\",\"Grand Gen\u00e8ve\"],\"inLanguage\":\"fr-FR\"},{\"@type\":\"WebPage\",\"@id\":\"https:\\\/\\\/bale.ch\\\/journal\\\/initiative-geneve-aeroport-democratique\\\/\",\"url\":\"https:\\\/\\\/bale.ch\\\/journal\\\/initiative-geneve-aeroport-democratique\\\/\",\"name\":\"Votations: les Genevois reprennent en main leur a\u00e9roport - Journal de B\u00e2le et Gen\u00e8ve\",\"isPartOf\":{\"@id\":\"https:\\\/\\\/bale.ch\\\/journal\\\/#website\"},\"primaryImageOfPage\":{\"@id\":\"https:\\\/\\\/bale.ch\\\/journal\\\/initiative-geneve-aeroport-democratique\\\/#primaryimage\"},\"image\":{\"@id\":\"https:\\\/\\\/bale.ch\\\/journal\\\/initiative-geneve-aeroport-democratique\\\/#primaryimage\"},\"thumbnailUrl\":\"https:\\\/\\\/bale.ch\\\/journal\\\/wp-content\\\/uploads\\\/2019\\\/11\\\/geneve_aeroport_geneva_airport_alban_lavy.jpg\",\"datePublished\":\"2019-11-25T01:43:43+00:00\",\"dateModified\":\"2019-11-25T04:38:42+00:00\",\"breadcrumb\":{\"@id\":\"https:\\\/\\\/bale.ch\\\/journal\\\/initiative-geneve-aeroport-democratique\\\/#breadcrumb\"},\"inLanguage\":\"fr-FR\",\"potentialAction\":[{\"@type\":\"ReadAction\",\"target\":[\"https:\\\/\\\/bale.ch\\\/journal\\\/initiative-geneve-aeroport-democratique\\\/\"]}]},{\"@type\":\"ImageObject\",\"inLanguage\":\"fr-FR\",\"@id\":\"https:\\\/\\\/bale.ch\\\/journal\\\/initiative-geneve-aeroport-democratique\\\/#primaryimage\",\"url\":\"https:\\\/\\\/bale.ch\\\/journal\\\/wp-content\\\/uploads\\\/2019\\\/11\\\/geneve_aeroport_geneva_airport_alban_lavy.jpg\",\"contentUrl\":\"https:\\\/\\\/bale.ch\\\/journal\\\/wp-content\\\/uploads\\\/2019\\\/11\\\/geneve_aeroport_geneva_airport_alban_lavy.jpg\",\"width\":900,\"height\":484},{\"@type\":\"BreadcrumbList\",\"@id\":\"https:\\\/\\\/bale.ch\\\/journal\\\/initiative-geneve-aeroport-democratique\\\/#breadcrumb\",\"itemListElement\":[{\"@type\":\"ListItem\",\"position\":1,\"name\":\"Accueil\",\"item\":\"https:\\\/\\\/bale.ch\\\/journal\\\/\"},{\"@type\":\"ListItem\",\"position\":2,\"name\":\"Votations: les Genevois reprennent en main leur a\u00e9roport\"}]},{\"@type\":\"WebSite\",\"@id\":\"https:\\\/\\\/bale.ch\\\/journal\\\/#website\",\"url\":\"https:\\\/\\\/bale.ch\\\/journal\\\/\",\"name\":\"Journal de B\u00e2le et Gen\u00e8ve\",\"description\":\"M\u00e9dia transfrontalier d&#039;actualit\u00e9s - News\",\"publisher\":{\"@id\":\"https:\\\/\\\/bale.ch\\\/journal\\\/#organization\"},\"potentialAction\":[{\"@type\":\"SearchAction\",\"target\":{\"@type\":\"EntryPoint\",\"urlTemplate\":\"https:\\\/\\\/bale.ch\\\/journal\\\/?s={search_term_string}\"},\"query-input\":{\"@type\":\"PropertyValueSpecification\",\"valueRequired\":true,\"valueName\":\"search_term_string\"}}],\"inLanguage\":\"fr-FR\"},{\"@type\":\"Organization\",\"@id\":\"https:\\\/\\\/bale.ch\\\/journal\\\/#organization\",\"name\":\"Journal de B\u00e2le et Gen\u00e8ve\",\"url\":\"https:\\\/\\\/bale.ch\\\/journal\\\/\",\"logo\":{\"@type\":\"ImageObject\",\"inLanguage\":\"fr-FR\",\"@id\":\"https:\\\/\\\/bale.ch\\\/journal\\\/#\\\/schema\\\/logo\\\/image\\\/\",\"url\":\"https:\\\/\\\/bale.ch\\\/journal\\\/wp-content\\\/uploads\\\/2023\\\/07\\\/journaldebale_logo_2023_nb.png\",\"contentUrl\":\"https:\\\/\\\/bale.ch\\\/journal\\\/wp-content\\\/uploads\\\/2023\\\/07\\\/journaldebale_logo_2023_nb.png\",\"width\":371,\"height\":127,\"caption\":\"Journal de B\u00e2le et Gen\u00e8ve\"},\"image\":{\"@id\":\"https:\\\/\\\/bale.ch\\\/journal\\\/#\\\/schema\\\/logo\\\/image\\\/\"}},{\"@type\":\"Person\",\"@id\":\"https:\\\/\\\/bale.ch\\\/journal\\\/#\\\/schema\\\/person\\\/e3e5eeffae523f19b12d7057ced45a2b\",\"name\":\"Elodie Silva\",\"image\":{\"@type\":\"ImageObject\",\"inLanguage\":\"fr-FR\",\"@id\":\"https:\\\/\\\/secure.gravatar.com\\\/avatar\\\/f76593021159ecd3226293e7c461386bfd009157e6c549bc9b418d0a2db47041?s=96&d=mm&r=g\",\"url\":\"https:\\\/\\\/secure.gravatar.com\\\/avatar\\\/f76593021159ecd3226293e7c461386bfd009157e6c549bc9b418d0a2db47041?s=96&d=mm&r=g\",\"contentUrl\":\"https:\\\/\\\/secure.gravatar.com\\\/avatar\\\/f76593021159ecd3226293e7c461386bfd009157e6c549bc9b418d0a2db47041?s=96&d=mm&r=g\",\"caption\":\"Elodie Silva\"},\"url\":\"https:\\\/\\\/bale.ch\\\/journal\\\/author\\\/elodiesilva\\\/\"}]}<\/script>\n<!-- \/ Yoast SEO plugin. -->","yoast_head_json":{"title":"Votations: les Genevois reprennent en main leur a\u00e9roport - Journal de B\u00e2le et Gen\u00e8ve","robots":{"index":"index","follow":"follow","max-snippet":"max-snippet:-1","max-image-preview":"max-image-preview:large","max-video-preview":"max-video-preview:-1"},"canonical":"https:\/\/bale.ch\/journal\/initiative-geneve-aeroport-democratique\/","og_locale":"fr_FR","og_type":"article","og_title":"Votations: les Genevois reprennent en main leur a\u00e9roport - Journal de B\u00e2le et Gen\u00e8ve","og_description":"Les Genevois ont accept\u00e9 dimanche \u00e0 56,27% l&rsquo;initiative populaire \u00ab\u00a0Pour un pilotage d\u00e9mocratique de l&rsquo;a\u00e9roport de Gen\u00e8ve &#8211; Reprenons en main notre a\u00e9roport\u00a0\u00bb. Le texte pr\u00e9sent\u00e9 aux votants, \u00e9manent\u00a0de la Continuer la lecture","og_url":"https:\/\/bale.ch\/journal\/initiative-geneve-aeroport-democratique\/","og_site_name":"Journal de B\u00e2le et Gen\u00e8ve","article_published_time":"2019-11-25T01:43:43+00:00","article_modified_time":"2019-11-25T04:38:42+00:00","og_image":[{"width":900,"height":484,"url":"https:\/\/bale.ch\/journal\/wp-content\/uploads\/2019\/11\/geneve_aeroport_geneva_airport_alban_lavy.jpg","type":"image\/jpeg"}],"author":"Elodie Silva","twitter_card":"summary_large_image","twitter_misc":{"\u00c9crit par":"Elodie Silva","Dur\u00e9e de lecture estim\u00e9e":"3 minutes"},"schema":{"@context":"https:\/\/schema.org","@graph":[{"@type":"Article","@id":"https:\/\/bale.ch\/journal\/initiative-geneve-aeroport-democratique\/#article","isPartOf":{"@id":"https:\/\/bale.ch\/journal\/initiative-geneve-aeroport-democratique\/"},"author":{"name":"Elodie Silva","@id":"https:\/\/bale.ch\/journal\/#\/schema\/person\/e3e5eeffae523f19b12d7057ced45a2b"},"headline":"Votations: les Genevois reprennent en main leur a\u00e9roport","datePublished":"2019-11-25T01:43:43+00:00","dateModified":"2019-11-25T04:38:42+00:00","mainEntityOfPage":{"@id":"https:\/\/bale.ch\/journal\/initiative-geneve-aeroport-democratique\/"},"wordCount":535,"publisher":{"@id":"https:\/\/bale.ch\/journal\/#organization"},"image":{"@id":"https:\/\/bale.ch\/journal\/initiative-geneve-aeroport-democratique\/#primaryimage"},"thumbnailUrl":"https:\/\/bale.ch\/journal\/wp-content\/uploads\/2019\/11\/geneve_aeroport_geneva_airport_alban_lavy.jpg","keywords":["A\u00e9roport","Gen\u00e8ve","votations"],"articleSection":["Actualit\u00e9s","Grand Gen\u00e8ve"],"inLanguage":"fr-FR"},{"@type":"WebPage","@id":"https:\/\/bale.ch\/journal\/initiative-geneve-aeroport-democratique\/","url":"https:\/\/bale.ch\/journal\/initiative-geneve-aeroport-democratique\/","name":"Votations: les Genevois reprennent en main leur a\u00e9roport - Journal de B\u00e2le et Gen\u00e8ve","isPartOf":{"@id":"https:\/\/bale.ch\/journal\/#website"},"primaryImageOfPage":{"@id":"https:\/\/bale.ch\/journal\/initiative-geneve-aeroport-democratique\/#primaryimage"},"image":{"@id":"https:\/\/bale.ch\/journal\/initiative-geneve-aeroport-democratique\/#primaryimage"},"thumbnailUrl":"https:\/\/bale.ch\/journal\/wp-content\/uploads\/2019\/11\/geneve_aeroport_geneva_airport_alban_lavy.jpg","datePublished":"2019-11-25T01:43:43+00:00","dateModified":"2019-11-25T04:38:42+00:00","breadcrumb":{"@id":"https:\/\/bale.ch\/journal\/initiative-geneve-aeroport-democratique\/#breadcrumb"},"inLanguage":"fr-FR","potentialAction":[{"@type":"ReadAction","target":["https:\/\/bale.ch\/journal\/initiative-geneve-aeroport-democratique\/"]}]},{"@type":"ImageObject","inLanguage":"fr-FR","@id":"https:\/\/bale.ch\/journal\/initiative-geneve-aeroport-democratique\/#primaryimage","url":"https:\/\/bale.ch\/journal\/wp-content\/uploads\/2019\/11\/geneve_aeroport_geneva_airport_alban_lavy.jpg","contentUrl":"https:\/\/bale.ch\/journal\/wp-content\/uploads\/2019\/11\/geneve_aeroport_geneva_airport_alban_lavy.jpg","width":900,"height":484},{"@type":"BreadcrumbList","@id":"https:\/\/bale.ch\/journal\/initiative-geneve-aeroport-democratique\/#breadcrumb","itemListElement":[{"@type":"ListItem","position":1,"name":"Accueil","item":"https:\/\/bale.ch\/journal\/"},{"@type":"ListItem","position":2,"name":"Votations: les Genevois reprennent en main leur a\u00e9roport"}]},{"@type":"WebSite","@id":"https:\/\/bale.ch\/journal\/#website","url":"https:\/\/bale.ch\/journal\/","name":"Journal de B\u00e2le et Gen\u00e8ve","description":"M\u00e9dia transfrontalier d&#039;actualit\u00e9s - News","publisher":{"@id":"https:\/\/bale.ch\/journal\/#organization"},"potentialAction":[{"@type":"SearchAction","target":{"@type":"EntryPoint","urlTemplate":"https:\/\/bale.ch\/journal\/?s={search_term_string}"},"query-input":{"@type":"PropertyValueSpecification","valueRequired":true,"valueName":"search_term_string"}}],"inLanguage":"fr-FR"},{"@type":"Organization","@id":"https:\/\/bale.ch\/journal\/#organization","name":"Journal de B\u00e2le et Gen\u00e8ve","url":"https:\/\/bale.ch\/journal\/","logo":{"@type":"ImageObject","inLanguage":"fr-FR","@id":"https:\/\/bale.ch\/journal\/#\/schema\/logo\/image\/","url":"https:\/\/bale.ch\/journal\/wp-content\/uploads\/2023\/07\/journaldebale_logo_2023_nb.png","contentUrl":"https:\/\/bale.ch\/journal\/wp-content\/uploads\/2023\/07\/journaldebale_logo_2023_nb.png","width":371,"height":127,"caption":"Journal de B\u00e2le et Gen\u00e8ve"},"image":{"@id":"https:\/\/bale.ch\/journal\/#\/schema\/logo\/image\/"}},{"@type":"Person","@id":"https:\/\/bale.ch\/journal\/#\/schema\/person\/e3e5eeffae523f19b12d7057ced45a2b","name":"Elodie Silva","image":{"@type":"ImageObject","inLanguage":"fr-FR","@id":"https:\/\/secure.gravatar.com\/avatar\/f76593021159ecd3226293e7c461386bfd009157e6c549bc9b418d0a2db47041?s=96&d=mm&r=g","url":"https:\/\/secure.gravatar.com\/avatar\/f76593021159ecd3226293e7c461386bfd009157e6c549bc9b418d0a2db47041?s=96&d=mm&r=g","contentUrl":"https:\/\/secure.gravatar.com\/avatar\/f76593021159ecd3226293e7c461386bfd009157e6c549bc9b418d0a2db47041?s=96&d=mm&r=g","caption":"Elodie Silva"},"url":"https:\/\/bale.ch\/journal\/author\/elodiesilva\/"}]}},"_links":{"self":[{"href":"https:\/\/bale.ch\/journal\/wp-json\/wp\/v2\/posts\/2399","targetHints":{"allow":["GET"]}}],"collection":[{"href":"https:\/\/bale.ch\/journal\/wp-json\/wp\/v2\/posts"}],"about":[{"href":"https:\/\/bale.ch\/journal\/wp-json\/wp\/v2\/types\/post"}],"author":[{"embeddable":true,"href":"https:\/\/bale.ch\/journal\/wp-json\/wp\/v2\/users\/43"}],"replies":[{"embeddable":true,"href":"https:\/\/bale.ch\/journal\/wp-json\/wp\/v2\/comments?post=2399"}],"version-history":[{"count":12,"href":"https:\/\/bale.ch\/journal\/wp-json\/wp\/v2\/posts\/2399\/revisions"}],"predecessor-version":[{"id":2412,"href":"https:\/\/bale.ch\/journal\/wp-json\/wp\/v2\/posts\/2399\/revisions\/2412"}],"wp:featuredmedia":[{"embeddable":true,"href":"https:\/\/bale.ch\/journal\/wp-json\/wp\/v2\/media\/2400"}],"wp:attachment":[{"href":"https:\/\/bale.ch\/journal\/wp-json\/wp\/v2\/media?parent=2399"}],"wp:term":[{"taxonomy":"category","embeddable":true,"href":"https:\/\/bale.ch\/journal\/wp-json\/wp\/v2\/categories?post=2399"},{"taxonomy":"post_tag","embeddable":true,"href":"https:\/\/bale.ch\/journal\/wp-json\/wp\/v2\/tags?post=2399"}],"curies":[{"name":"wp","href":"https:\/\/api.w.org\/{rel}","templated":true}]}}