{"id":2416,"date":"2019-11-28T00:59:18","date_gmt":"2019-11-28T00:59:18","guid":{"rendered":"http:\/\/bale.ch\/journal\/?p=2416"},"modified":"2019-11-28T01:37:49","modified_gmt":"2019-11-28T01:37:49","slug":"capital-ideologie-thomas-piketty-en-conference-jeudi-a-lunige","status":"publish","type":"post","link":"https:\/\/bale.ch\/journal\/capital-ideologie-thomas-piketty-en-conference-jeudi-a-lunige\/","title":{"rendered":"D\u00e9passer le capitalisme: Thomas Piketty en conf\u00e9rence jeudi \u00e0 l&rsquo;UNIGE"},"content":{"rendered":"\n<p class=\"wp-block-paragraph\">Toutes les soci\u00e9t\u00e9s humaines ont besoin de justifier leurs in\u00e9galit\u00e9s: il faut leur trouver des raisons, faute de quoi c\u2019est l\u2019ensemble de l\u2019\u00e9difice politique et social qui menace de s\u2019effondrer. Les id\u00e9ologies du pass\u00e9, si on les \u00e9tudie de pr\u00e8s, ne sont \u00e0 cet \u00e9gard pas toujours plus folles que celles du pr\u00e9sent. C\u2019est en montrant la multiplicit\u00e9 des trajectoires et des bifurcations possibles que l\u2019on peut interroger les fondements de nos propres institutions et envisager les conditions de leur transformation.<br><br>\u00c0 partir de donn\u00e9es comparatives d\u2019une ampleur et d\u2019une profondeur consid\u00e9rables,\u00a0<strong>Thomas Piketty<\/strong>\u00a0retrace dans une perspective tout \u00e0 la fois \u00e9conomique, sociale, intellectuelle et politique l\u2019histoire et le devenir des r\u00e9gimes in\u00e9galitaires, depuis les soci\u00e9t\u00e9s trifonctionnelles et esclavagistes anciennes jusqu\u2019aux soci\u00e9t\u00e9s postcoloniales et hypercapitalistes modernes, en passant par les soci\u00e9t\u00e9s propri\u00e9taristes, coloniales, communistes et sociales d\u00e9mocrates. \u00c0 l\u2019encontre du r\u00e9cit hyperin\u00e9galitaire qui s\u2019est impos\u00e9 depuis les ann\u00e9es huitante et nonante, il montre que c\u2019est le combat pour l\u2019\u00e9galit\u00e9 et l\u2019\u00e9ducation, et non pas la sacralisation de la propri\u00e9t\u00e9, qui a permis le d\u00e9veloppement \u00e9conomique et le progr\u00e8s humain.<br><br>En s\u2019appuyant sur les le\u00e7ons de l\u2019histoire globale, il est possible de rompre avec le fatalisme qui nourrit les d\u00e9rives identitaires actuelles et d\u2019imaginer un socialisme participatif pour le xxie si\u00e8cle: un nouvel horizon \u00e9galitaire \u00e0 vis\u00e9e universelle, une nouvelle id\u00e9ologie de l\u2019\u00e9galit\u00e9, de la propri\u00e9t\u00e9 sociale, de l\u2019\u00e9ducation et du partage des savoirs et des pouvoirs.<\/p>\n\n\n\n<p class=\"wp-block-paragraph\"><em>Introduit par le Professeur&nbsp;<strong>Bruno Amable<\/strong>, D\u00e9partement d\u2019histoire, \u00e9conomie et soci\u00e9t\u00e9.<\/em><br><em>Invit\u00e9 du S\u00e9minaire d\u2019\u00e9conomie politique et du Master en Political Economy of Capitalism.<\/em><\/p>\n\n\n\n<hr class=\"wp-block-separator\"\/>\n\n\n\n<p class=\"wp-block-paragraph\"><strong>CAPITAL &amp; IDEOLOGIE<\/strong><\/p><div id=\"crieu-1964081637\" class=\"crieu-content crieu-entity-placement\"><script async src=\"\/\/pagead2.googlesyndication.com\/pagead\/js\/adsbygoogle.js?client=ca-pub-5271584769416742\" crossorigin=\"anonymous\"><\/script><ins class=\"adsbygoogle\" style=\"display:block;\" data-ad-client=\"ca-pub-5271584769416742\" \ndata-ad-slot=\"9321250718\" \ndata-ad-format=\"auto\"><\/ins>\n<script> \n(adsbygoogle = window.adsbygoogle || []).push({}); \n<\/script>\n<\/div>\n\n\n\n<p class=\"wp-block-paragraph\">Conf\u00e9rence de&nbsp;<strong>Thomas Piketty<\/strong>, Directeur d&rsquo;\u00e9tudes \u00e0 l&rsquo;\u00c9cole des hautes \u00e9tudes en sciences sociales (EHESS) et professeur \u00e0 l&rsquo;\u00c9cole d&rsquo;\u00e9conomie de Paris<\/p>\n\n\n\n<p class=\"wp-block-paragraph\">&nbsp;<strong>Jeudi 28 novembre 2019 | 18h15 | Salle MR380<\/strong> | Uni Mail, 40 bd du Pont d&rsquo;Arve, 1205 Gen\u00e8ve<\/p>\n\n\n\n<p class=\"wp-block-paragraph\"><em>Entr\u00e9e libre<\/em><\/p>\n<div id=\"crieu-4183052311\" class=\"crieu-apres-le-contenu crieu-entity-placement\" style=\"margin-left: auto;margin-right: auto;text-align: center;\"><script async src=\"\/\/pagead2.googlesyndication.com\/pagead\/js\/adsbygoogle.js?client=ca-pub-5271584769416742\" crossorigin=\"anonymous\"><\/script><ins class=\"adsbygoogle\" style=\"display:block;\" data-ad-client=\"ca-pub-5271584769416742\" \ndata-ad-slot=\"9321250718\" \ndata-ad-format=\"auto\"><\/ins>\n<script> \n(adsbygoogle = window.adsbygoogle || []).push({}); \n<\/script>\n<\/div>","protected":false},"excerpt":{"rendered":"<p>Toutes les soci\u00e9t\u00e9s humaines ont besoin de justifier leurs in\u00e9galit\u00e9s: il faut leur trouver des raisons, faute de quoi c\u2019est l\u2019ensemble de l\u2019\u00e9difice politique et social qui menace de s\u2019effondrer. <a href=\"https:\/\/bale.ch\/journal\/capital-ideologie-thomas-piketty-en-conference-jeudi-a-lunige\/\" class=\"read-more button-fancy -red\"><span class=\"btn-arrow\"><\/span><span class=\"twp-read-more text\">Continuer la lecture<\/span><\/a><\/p>\n","protected":false},"author":2,"featured_media":2417,"comment_status":"closed","ping_status":"closed","sticky":false,"template":"","format":"standard","meta":{"footnotes":""},"categories":[13,4,18],"tags":[71,74,189,85],"class_list":["post-2416","post","type-post","status-publish","format-standard","has-post-thumbnail","hentry","category-economie","category-grand-geneve","category-sortir","tag-economie","tag-geneve","tag-thomas-piketty","tag-universite-de-geneve"],"yoast_head":"<!-- This site is optimized with the Yoast SEO plugin v28.3 - https:\/\/yoast.com\/product\/yoast-seo-wordpress\/ -->\n<title>D\u00e9passer le capitalisme: Thomas Piketty en conf\u00e9rence jeudi \u00e0 l&#039;UNIGE - Journal de B\u00e2le et Gen\u00e8ve<\/title>\n<meta name=\"robots\" content=\"index, follow, max-snippet:-1, max-image-preview:large, max-video-preview:-1\" \/>\n<link rel=\"canonical\" href=\"https:\/\/bale.ch\/journal\/capital-ideologie-thomas-piketty-en-conference-jeudi-a-lunige\/\" \/>\n<meta property=\"og:locale\" content=\"fr_FR\" \/>\n<meta property=\"og:type\" content=\"article\" \/>\n<meta property=\"og:title\" content=\"D\u00e9passer le capitalisme: Thomas Piketty en conf\u00e9rence jeudi \u00e0 l&#039;UNIGE - Journal de B\u00e2le et Gen\u00e8ve\" \/>\n<meta property=\"og:description\" content=\"Toutes les soci\u00e9t\u00e9s humaines ont besoin de justifier leurs in\u00e9galit\u00e9s: il faut leur trouver des raisons, faute de quoi c\u2019est l\u2019ensemble de l\u2019\u00e9difice politique et social qui menace de s\u2019effondrer. Continuer la lecture\" \/>\n<meta property=\"og:url\" content=\"https:\/\/bale.ch\/journal\/capital-ideologie-thomas-piketty-en-conference-jeudi-a-lunige\/\" \/>\n<meta property=\"og:site_name\" content=\"Journal de B\u00e2le et Gen\u00e8ve\" \/>\n<meta property=\"article:published_time\" content=\"2019-11-28T00:59:18+00:00\" \/>\n<meta property=\"article:modified_time\" content=\"2019-11-28T01:37:49+00:00\" \/>\n<meta property=\"og:image\" content=\"https:\/\/bale.ch\/journal\/wp-content\/uploads\/2019\/11\/thomas_piketty_unige.jpg\" \/>\n\t<meta property=\"og:image:width\" content=\"900\" \/>\n\t<meta property=\"og:image:height\" content=\"484\" \/>\n\t<meta property=\"og:image:type\" content=\"image\/jpeg\" \/>\n<meta name=\"author\" content=\"La R\u00e9daction\" \/>\n<meta name=\"twitter:card\" content=\"summary_large_image\" \/>\n<meta name=\"twitter:label1\" content=\"\u00c9crit par\" \/>\n\t<meta name=\"twitter:data1\" content=\"La R\u00e9daction\" \/>\n\t<meta name=\"twitter:label2\" content=\"Dur\u00e9e de lecture estim\u00e9e\" \/>\n\t<meta name=\"twitter:data2\" content=\"2 minutes\" \/>\n<script type=\"application\/ld+json\" class=\"yoast-schema-graph\">{\"@context\":\"https:\\\/\\\/schema.org\",\"@graph\":[{\"@type\":\"Article\",\"@id\":\"https:\\\/\\\/bale.ch\\\/journal\\\/capital-ideologie-thomas-piketty-en-conference-jeudi-a-lunige\\\/#article\",\"isPartOf\":{\"@id\":\"https:\\\/\\\/bale.ch\\\/journal\\\/capital-ideologie-thomas-piketty-en-conference-jeudi-a-lunige\\\/\"},\"author\":{\"name\":\"La R\u00e9daction\",\"@id\":\"https:\\\/\\\/bale.ch\\\/journal\\\/#\\\/schema\\\/person\\\/03ced978db3b7a5274c5cef003f352f5\"},\"headline\":\"D\u00e9passer le capitalisme: Thomas Piketty en conf\u00e9rence jeudi \u00e0 l&rsquo;UNIGE\",\"datePublished\":\"2019-11-28T00:59:18+00:00\",\"dateModified\":\"2019-11-28T01:37:49+00:00\",\"mainEntityOfPage\":{\"@id\":\"https:\\\/\\\/bale.ch\\\/journal\\\/capital-ideologie-thomas-piketty-en-conference-jeudi-a-lunige\\\/\"},\"wordCount\":372,\"publisher\":{\"@id\":\"https:\\\/\\\/bale.ch\\\/journal\\\/#organization\"},\"image\":{\"@id\":\"https:\\\/\\\/bale.ch\\\/journal\\\/capital-ideologie-thomas-piketty-en-conference-jeudi-a-lunige\\\/#primaryimage\"},\"thumbnailUrl\":\"https:\\\/\\\/bale.ch\\\/journal\\\/wp-content\\\/uploads\\\/2019\\\/11\\\/thomas_piketty_unige.jpg\",\"keywords\":[\"Economie\",\"Gen\u00e8ve\",\"thomas piketty\",\"Universit\u00e9 de Gen\u00e8ve\"],\"articleSection\":[\"Economie\",\"Grand Gen\u00e8ve\",\"Sortir\"],\"inLanguage\":\"fr-FR\"},{\"@type\":\"WebPage\",\"@id\":\"https:\\\/\\\/bale.ch\\\/journal\\\/capital-ideologie-thomas-piketty-en-conference-jeudi-a-lunige\\\/\",\"url\":\"https:\\\/\\\/bale.ch\\\/journal\\\/capital-ideologie-thomas-piketty-en-conference-jeudi-a-lunige\\\/\",\"name\":\"D\u00e9passer le capitalisme: Thomas Piketty en conf\u00e9rence jeudi \u00e0 l'UNIGE - Journal de B\u00e2le et Gen\u00e8ve\",\"isPartOf\":{\"@id\":\"https:\\\/\\\/bale.ch\\\/journal\\\/#website\"},\"primaryImageOfPage\":{\"@id\":\"https:\\\/\\\/bale.ch\\\/journal\\\/capital-ideologie-thomas-piketty-en-conference-jeudi-a-lunige\\\/#primaryimage\"},\"image\":{\"@id\":\"https:\\\/\\\/bale.ch\\\/journal\\\/capital-ideologie-thomas-piketty-en-conference-jeudi-a-lunige\\\/#primaryimage\"},\"thumbnailUrl\":\"https:\\\/\\\/bale.ch\\\/journal\\\/wp-content\\\/uploads\\\/2019\\\/11\\\/thomas_piketty_unige.jpg\",\"datePublished\":\"2019-11-28T00:59:18+00:00\",\"dateModified\":\"2019-11-28T01:37:49+00:00\",\"breadcrumb\":{\"@id\":\"https:\\\/\\\/bale.ch\\\/journal\\\/capital-ideologie-thomas-piketty-en-conference-jeudi-a-lunige\\\/#breadcrumb\"},\"inLanguage\":\"fr-FR\",\"potentialAction\":[{\"@type\":\"ReadAction\",\"target\":[\"https:\\\/\\\/bale.ch\\\/journal\\\/capital-ideologie-thomas-piketty-en-conference-jeudi-a-lunige\\\/\"]}]},{\"@type\":\"ImageObject\",\"inLanguage\":\"fr-FR\",\"@id\":\"https:\\\/\\\/bale.ch\\\/journal\\\/capital-ideologie-thomas-piketty-en-conference-jeudi-a-lunige\\\/#primaryimage\",\"url\":\"https:\\\/\\\/bale.ch\\\/journal\\\/wp-content\\\/uploads\\\/2019\\\/11\\\/thomas_piketty_unige.jpg\",\"contentUrl\":\"https:\\\/\\\/bale.ch\\\/journal\\\/wp-content\\\/uploads\\\/2019\\\/11\\\/thomas_piketty_unige.jpg\",\"width\":900,\"height\":484},{\"@type\":\"BreadcrumbList\",\"@id\":\"https:\\\/\\\/bale.ch\\\/journal\\\/capital-ideologie-thomas-piketty-en-conference-jeudi-a-lunige\\\/#breadcrumb\",\"itemListElement\":[{\"@type\":\"ListItem\",\"position\":1,\"name\":\"Accueil\",\"item\":\"https:\\\/\\\/bale.ch\\\/journal\\\/\"},{\"@type\":\"ListItem\",\"position\":2,\"name\":\"D\u00e9passer le capitalisme: Thomas Piketty en conf\u00e9rence jeudi \u00e0 l&rsquo;UNIGE\"}]},{\"@type\":\"WebSite\",\"@id\":\"https:\\\/\\\/bale.ch\\\/journal\\\/#website\",\"url\":\"https:\\\/\\\/bale.ch\\\/journal\\\/\",\"name\":\"Journal de B\u00e2le et Gen\u00e8ve\",\"description\":\"M\u00e9dia transfrontalier d&#039;actualit\u00e9s - News\",\"publisher\":{\"@id\":\"https:\\\/\\\/bale.ch\\\/journal\\\/#organization\"},\"potentialAction\":[{\"@type\":\"SearchAction\",\"target\":{\"@type\":\"EntryPoint\",\"urlTemplate\":\"https:\\\/\\\/bale.ch\\\/journal\\\/?s={search_term_string}\"},\"query-input\":{\"@type\":\"PropertyValueSpecification\",\"valueRequired\":true,\"valueName\":\"search_term_string\"}}],\"inLanguage\":\"fr-FR\"},{\"@type\":\"Organization\",\"@id\":\"https:\\\/\\\/bale.ch\\\/journal\\\/#organization\",\"name\":\"Journal de B\u00e2le et Gen\u00e8ve\",\"url\":\"https:\\\/\\\/bale.ch\\\/journal\\\/\",\"logo\":{\"@type\":\"ImageObject\",\"inLanguage\":\"fr-FR\",\"@id\":\"https:\\\/\\\/bale.ch\\\/journal\\\/#\\\/schema\\\/logo\\\/image\\\/\",\"url\":\"https:\\\/\\\/bale.ch\\\/journal\\\/wp-content\\\/uploads\\\/2023\\\/07\\\/journaldebale_logo_2023_nb.png\",\"contentUrl\":\"https:\\\/\\\/bale.ch\\\/journal\\\/wp-content\\\/uploads\\\/2023\\\/07\\\/journaldebale_logo_2023_nb.png\",\"width\":371,\"height\":127,\"caption\":\"Journal de B\u00e2le et Gen\u00e8ve\"},\"image\":{\"@id\":\"https:\\\/\\\/bale.ch\\\/journal\\\/#\\\/schema\\\/logo\\\/image\\\/\"}},{\"@type\":\"Person\",\"@id\":\"https:\\\/\\\/bale.ch\\\/journal\\\/#\\\/schema\\\/person\\\/03ced978db3b7a5274c5cef003f352f5\",\"name\":\"La R\u00e9daction\",\"image\":{\"@type\":\"ImageObject\",\"inLanguage\":\"fr-FR\",\"@id\":\"https:\\\/\\\/secure.gravatar.com\\\/avatar\\\/d1327e2ce8d2b860112f968a3f34686c9bdda7a463a1502cdd1070ac9d88cf1e?s=96&d=mm&r=g\",\"url\":\"https:\\\/\\\/secure.gravatar.com\\\/avatar\\\/d1327e2ce8d2b860112f968a3f34686c9bdda7a463a1502cdd1070ac9d88cf1e?s=96&d=mm&r=g\",\"contentUrl\":\"https:\\\/\\\/secure.gravatar.com\\\/avatar\\\/d1327e2ce8d2b860112f968a3f34686c9bdda7a463a1502cdd1070ac9d88cf1e?s=96&d=mm&r=g\",\"caption\":\"La R\u00e9daction\"},\"url\":\"https:\\\/\\\/bale.ch\\\/journal\\\/author\\\/laredaction\\\/\"}]}<\/script>\n<!-- \/ Yoast SEO plugin. -->","yoast_head_json":{"title":"D\u00e9passer le capitalisme: Thomas Piketty en conf\u00e9rence jeudi \u00e0 l'UNIGE - Journal de B\u00e2le et Gen\u00e8ve","robots":{"index":"index","follow":"follow","max-snippet":"max-snippet:-1","max-image-preview":"max-image-preview:large","max-video-preview":"max-video-preview:-1"},"canonical":"https:\/\/bale.ch\/journal\/capital-ideologie-thomas-piketty-en-conference-jeudi-a-lunige\/","og_locale":"fr_FR","og_type":"article","og_title":"D\u00e9passer le capitalisme: Thomas Piketty en conf\u00e9rence jeudi \u00e0 l'UNIGE - Journal de B\u00e2le et Gen\u00e8ve","og_description":"Toutes les soci\u00e9t\u00e9s humaines ont besoin de justifier leurs in\u00e9galit\u00e9s: il faut leur trouver des raisons, faute de quoi c\u2019est l\u2019ensemble de l\u2019\u00e9difice politique et social qui menace de s\u2019effondrer. Continuer la lecture","og_url":"https:\/\/bale.ch\/journal\/capital-ideologie-thomas-piketty-en-conference-jeudi-a-lunige\/","og_site_name":"Journal de B\u00e2le et Gen\u00e8ve","article_published_time":"2019-11-28T00:59:18+00:00","article_modified_time":"2019-11-28T01:37:49+00:00","og_image":[{"width":900,"height":484,"url":"https:\/\/bale.ch\/journal\/wp-content\/uploads\/2019\/11\/thomas_piketty_unige.jpg","type":"image\/jpeg"}],"author":"La R\u00e9daction","twitter_card":"summary_large_image","twitter_misc":{"\u00c9crit par":"La R\u00e9daction","Dur\u00e9e de lecture estim\u00e9e":"2 minutes"},"schema":{"@context":"https:\/\/schema.org","@graph":[{"@type":"Article","@id":"https:\/\/bale.ch\/journal\/capital-ideologie-thomas-piketty-en-conference-jeudi-a-lunige\/#article","isPartOf":{"@id":"https:\/\/bale.ch\/journal\/capital-ideologie-thomas-piketty-en-conference-jeudi-a-lunige\/"},"author":{"name":"La R\u00e9daction","@id":"https:\/\/bale.ch\/journal\/#\/schema\/person\/03ced978db3b7a5274c5cef003f352f5"},"headline":"D\u00e9passer le capitalisme: Thomas Piketty en conf\u00e9rence jeudi \u00e0 l&rsquo;UNIGE","datePublished":"2019-11-28T00:59:18+00:00","dateModified":"2019-11-28T01:37:49+00:00","mainEntityOfPage":{"@id":"https:\/\/bale.ch\/journal\/capital-ideologie-thomas-piketty-en-conference-jeudi-a-lunige\/"},"wordCount":372,"publisher":{"@id":"https:\/\/bale.ch\/journal\/#organization"},"image":{"@id":"https:\/\/bale.ch\/journal\/capital-ideologie-thomas-piketty-en-conference-jeudi-a-lunige\/#primaryimage"},"thumbnailUrl":"https:\/\/bale.ch\/journal\/wp-content\/uploads\/2019\/11\/thomas_piketty_unige.jpg","keywords":["Economie","Gen\u00e8ve","thomas piketty","Universit\u00e9 de Gen\u00e8ve"],"articleSection":["Economie","Grand Gen\u00e8ve","Sortir"],"inLanguage":"fr-FR"},{"@type":"WebPage","@id":"https:\/\/bale.ch\/journal\/capital-ideologie-thomas-piketty-en-conference-jeudi-a-lunige\/","url":"https:\/\/bale.ch\/journal\/capital-ideologie-thomas-piketty-en-conference-jeudi-a-lunige\/","name":"D\u00e9passer le capitalisme: Thomas Piketty en conf\u00e9rence jeudi \u00e0 l'UNIGE - Journal de B\u00e2le et Gen\u00e8ve","isPartOf":{"@id":"https:\/\/bale.ch\/journal\/#website"},"primaryImageOfPage":{"@id":"https:\/\/bale.ch\/journal\/capital-ideologie-thomas-piketty-en-conference-jeudi-a-lunige\/#primaryimage"},"image":{"@id":"https:\/\/bale.ch\/journal\/capital-ideologie-thomas-piketty-en-conference-jeudi-a-lunige\/#primaryimage"},"thumbnailUrl":"https:\/\/bale.ch\/journal\/wp-content\/uploads\/2019\/11\/thomas_piketty_unige.jpg","datePublished":"2019-11-28T00:59:18+00:00","dateModified":"2019-11-28T01:37:49+00:00","breadcrumb":{"@id":"https:\/\/bale.ch\/journal\/capital-ideologie-thomas-piketty-en-conference-jeudi-a-lunige\/#breadcrumb"},"inLanguage":"fr-FR","potentialAction":[{"@type":"ReadAction","target":["https:\/\/bale.ch\/journal\/capital-ideologie-thomas-piketty-en-conference-jeudi-a-lunige\/"]}]},{"@type":"ImageObject","inLanguage":"fr-FR","@id":"https:\/\/bale.ch\/journal\/capital-ideologie-thomas-piketty-en-conference-jeudi-a-lunige\/#primaryimage","url":"https:\/\/bale.ch\/journal\/wp-content\/uploads\/2019\/11\/thomas_piketty_unige.jpg","contentUrl":"https:\/\/bale.ch\/journal\/wp-content\/uploads\/2019\/11\/thomas_piketty_unige.jpg","width":900,"height":484},{"@type":"BreadcrumbList","@id":"https:\/\/bale.ch\/journal\/capital-ideologie-thomas-piketty-en-conference-jeudi-a-lunige\/#breadcrumb","itemListElement":[{"@type":"ListItem","position":1,"name":"Accueil","item":"https:\/\/bale.ch\/journal\/"},{"@type":"ListItem","position":2,"name":"D\u00e9passer le capitalisme: Thomas Piketty en conf\u00e9rence jeudi \u00e0 l&rsquo;UNIGE"}]},{"@type":"WebSite","@id":"https:\/\/bale.ch\/journal\/#website","url":"https:\/\/bale.ch\/journal\/","name":"Journal de B\u00e2le et Gen\u00e8ve","description":"M\u00e9dia transfrontalier d&#039;actualit\u00e9s - News","publisher":{"@id":"https:\/\/bale.ch\/journal\/#organization"},"potentialAction":[{"@type":"SearchAction","target":{"@type":"EntryPoint","urlTemplate":"https:\/\/bale.ch\/journal\/?s={search_term_string}"},"query-input":{"@type":"PropertyValueSpecification","valueRequired":true,"valueName":"search_term_string"}}],"inLanguage":"fr-FR"},{"@type":"Organization","@id":"https:\/\/bale.ch\/journal\/#organization","name":"Journal de B\u00e2le et Gen\u00e8ve","url":"https:\/\/bale.ch\/journal\/","logo":{"@type":"ImageObject","inLanguage":"fr-FR","@id":"https:\/\/bale.ch\/journal\/#\/schema\/logo\/image\/","url":"https:\/\/bale.ch\/journal\/wp-content\/uploads\/2023\/07\/journaldebale_logo_2023_nb.png","contentUrl":"https:\/\/bale.ch\/journal\/wp-content\/uploads\/2023\/07\/journaldebale_logo_2023_nb.png","width":371,"height":127,"caption":"Journal de B\u00e2le et Gen\u00e8ve"},"image":{"@id":"https:\/\/bale.ch\/journal\/#\/schema\/logo\/image\/"}},{"@type":"Person","@id":"https:\/\/bale.ch\/journal\/#\/schema\/person\/03ced978db3b7a5274c5cef003f352f5","name":"La R\u00e9daction","image":{"@type":"ImageObject","inLanguage":"fr-FR","@id":"https:\/\/secure.gravatar.com\/avatar\/d1327e2ce8d2b860112f968a3f34686c9bdda7a463a1502cdd1070ac9d88cf1e?s=96&d=mm&r=g","url":"https:\/\/secure.gravatar.com\/avatar\/d1327e2ce8d2b860112f968a3f34686c9bdda7a463a1502cdd1070ac9d88cf1e?s=96&d=mm&r=g","contentUrl":"https:\/\/secure.gravatar.com\/avatar\/d1327e2ce8d2b860112f968a3f34686c9bdda7a463a1502cdd1070ac9d88cf1e?s=96&d=mm&r=g","caption":"La R\u00e9daction"},"url":"https:\/\/bale.ch\/journal\/author\/laredaction\/"}]}},"_links":{"self":[{"href":"https:\/\/bale.ch\/journal\/wp-json\/wp\/v2\/posts\/2416","targetHints":{"allow":["GET"]}}],"collection":[{"href":"https:\/\/bale.ch\/journal\/wp-json\/wp\/v2\/posts"}],"about":[{"href":"https:\/\/bale.ch\/journal\/wp-json\/wp\/v2\/types\/post"}],"author":[{"embeddable":true,"href":"https:\/\/bale.ch\/journal\/wp-json\/wp\/v2\/users\/2"}],"replies":[{"embeddable":true,"href":"https:\/\/bale.ch\/journal\/wp-json\/wp\/v2\/comments?post=2416"}],"version-history":[{"count":4,"href":"https:\/\/bale.ch\/journal\/wp-json\/wp\/v2\/posts\/2416\/revisions"}],"predecessor-version":[{"id":2422,"href":"https:\/\/bale.ch\/journal\/wp-json\/wp\/v2\/posts\/2416\/revisions\/2422"}],"wp:featuredmedia":[{"embeddable":true,"href":"https:\/\/bale.ch\/journal\/wp-json\/wp\/v2\/media\/2417"}],"wp:attachment":[{"href":"https:\/\/bale.ch\/journal\/wp-json\/wp\/v2\/media?parent=2416"}],"wp:term":[{"taxonomy":"category","embeddable":true,"href":"https:\/\/bale.ch\/journal\/wp-json\/wp\/v2\/categories?post=2416"},{"taxonomy":"post_tag","embeddable":true,"href":"https:\/\/bale.ch\/journal\/wp-json\/wp\/v2\/tags?post=2416"}],"curies":[{"name":"wp","href":"https:\/\/api.w.org\/{rel}","templated":true}]}}