{"id":2423,"date":"2019-11-20T18:25:00","date_gmt":"2019-11-20T18:25:00","guid":{"rendered":"http:\/\/bale.ch\/journal\/?p=2423"},"modified":"2020-01-24T05:23:36","modified_gmt":"2020-01-24T05:23:36","slug":"nouvelle-identite-visuelle-pour-le-rer-franco-germano-suisse-de-bale","status":"publish","type":"post","link":"https:\/\/bale.ch\/journal\/nouvelle-identite-visuelle-pour-le-rer-franco-germano-suisse-de-bale\/","title":{"rendered":"Nouvelle identit\u00e9 visuelle pour le RER franco-germano-suisse de B\u00e2le"},"content":{"rendered":"\n<p class=\"wp-block-paragraph\"><strong>Il est possible d\u00e8s aujourd&rsquo;hui voter sur le site Internet des CFF concernant le nouveau design du RER (ou S-Bahn en allemand) trinational de B\u00e2le. Le vote se d\u00e9roulera jusqu&rsquo;au 30 novembre 2019. <\/strong><\/p>\n\n\n\n<p class=\"wp-block-paragraph\">\u00c0 partir du printemps 2020, la flotte des CFF utilisera le nouveau logo. Les deux motifs au choix portent les couleurs de la Suisse, de l\u2019Allemagne et de la France. <\/p>\n\n\n\n<p class=\"wp-block-paragraph\">\u00ab\u00a0Le S-Bahn de B\u00e2le contribue de mani\u00e8re significative au d\u00e9veloppement dynamique du secteur \u00e9conomique et de la mobilit\u00e9 dans la r\u00e9gion des trois fronti\u00e8res. Le nouveau visuel du RER transfrontalier de B\u00e2le vise \u00e0 renforcer encore l\u2019identit\u00e9 r\u00e9gionale\u00a0\u00bb, communiquent les CFF. <\/p><div id=\"crieu-1656939973\" class=\"crieu-content crieu-entity-placement\"><script async src=\"\/\/pagead2.googlesyndication.com\/pagead\/js\/adsbygoogle.js?client=ca-pub-5271584769416742\" crossorigin=\"anonymous\"><\/script><ins class=\"adsbygoogle\" style=\"display:block;\" data-ad-client=\"ca-pub-5271584769416742\" \ndata-ad-slot=\"9321250718\" \ndata-ad-format=\"auto\"><\/ins>\n<script> \n(adsbygoogle = window.adsbygoogle || []).push({}); \n<\/script>\n<\/div>\n\n\n\n<p class=\"wp-block-paragraph\">Le vote en ligne peut \u00eatre trouv\u00e9 ici: <a rel=\"noreferrer noopener\" aria-label=\"www.sbb.ch\/s-bahn  (s\u2019ouvre dans un nouvel onglet)\" href=\"http:\/\/www.sbb.ch\/s-bahn\" target=\"_blank\">sbb.ch\/s-bahn <\/a><\/p>\n\n\n\n<figure class=\"wp-block-image size-large\"><img loading=\"lazy\" decoding=\"async\" width=\"742\" height=\"1024\" src=\"https:\/\/bale.ch\/journal\/wp-content\/uploads\/2019\/12\/Linienplan_trireno_2019_bale_basel-742x1024.gif\" alt=\"\" class=\"wp-image-2424\" srcset=\"https:\/\/bale.ch\/journal\/wp-content\/uploads\/2019\/12\/Linienplan_trireno_2019_bale_basel-742x1024.gif 742w, https:\/\/bale.ch\/journal\/wp-content\/uploads\/2019\/12\/Linienplan_trireno_2019_bale_basel-217x300.gif 217w, https:\/\/bale.ch\/journal\/wp-content\/uploads\/2019\/12\/Linienplan_trireno_2019_bale_basel-768x1060.gif 768w, https:\/\/bale.ch\/journal\/wp-content\/uploads\/2019\/12\/Linienplan_trireno_2019_bale_basel-1113x1536.gif 1113w\" sizes=\"auto, (max-width: 742px) 100vw, 742px\" \/><\/figure>\n\n\n\n<p class=\"wp-block-paragraph\"><\/p>\n\n\n\n<p class=\"wp-block-paragraph\"><\/p>\n\n\n\n<p class=\"wp-block-paragraph\"><\/p>\n\n\n\n<h2 class=\"wp-block-heading\"><\/h2>\n\n\n\n<p class=\"wp-block-paragraph\">Cet article pourrait aussi vous int\u00e9resser:<\/p>\n\n\n\n<h3 class=\"wp-block-heading\"><a href=\"https:\/\/bale.ch\/journal\/monolinguisme-francais-frontaliers-bale-alsace\/\">Frontaliers: le monolinguisme ferme les portes de la Suisse aux Alsaciens<\/a> <\/h3>\n\n\n\n<h3 class=\"wp-block-heading\"><\/h3>\n<div id=\"crieu-434511947\" class=\"crieu-apres-le-contenu crieu-entity-placement\" style=\"margin-left: auto;margin-right: auto;text-align: center;\"><script async src=\"\/\/pagead2.googlesyndication.com\/pagead\/js\/adsbygoogle.js?client=ca-pub-5271584769416742\" crossorigin=\"anonymous\"><\/script><ins class=\"adsbygoogle\" style=\"display:block;\" data-ad-client=\"ca-pub-5271584769416742\" \ndata-ad-slot=\"9321250718\" \ndata-ad-format=\"auto\"><\/ins>\n<script> \n(adsbygoogle = window.adsbygoogle || []).push({}); \n<\/script>\n<\/div>","protected":false},"excerpt":{"rendered":"<p>Il est possible d\u00e8s aujourd&rsquo;hui voter sur le site Internet des CFF concernant le nouveau design du RER (ou S-Bahn en allemand) trinational de B\u00e2le. Le vote se d\u00e9roulera jusqu&rsquo;au <a href=\"https:\/\/bale.ch\/journal\/nouvelle-identite-visuelle-pour-le-rer-franco-germano-suisse-de-bale\/\" class=\"read-more button-fancy -red\"><span class=\"btn-arrow\"><\/span><span class=\"twp-read-more text\">Continuer la lecture<\/span><\/a><\/p>\n","protected":false},"author":2,"featured_media":2425,"comment_status":"closed","ping_status":"closed","sticky":false,"template":"","format":"standard","meta":{"footnotes":""},"categories":[103,7],"tags":[91,123,115,35],"class_list":["post-2423","post","type-post","status-publish","format-standard","has-post-thumbnail","hentry","category-actu","category-bale","tag-bale-agglomeration","tag-basel","tag-cff","tag-transports"],"yoast_head":"<!-- This site is optimized with the Yoast SEO plugin v28.3 - https:\/\/yoast.com\/product\/yoast-seo-wordpress\/ -->\n<title>Nouvelle identit\u00e9 visuelle pour le RER franco-germano-suisse de B\u00e2le - Journal de B\u00e2le et Gen\u00e8ve<\/title>\n<meta name=\"robots\" content=\"index, follow, max-snippet:-1, max-image-preview:large, max-video-preview:-1\" \/>\n<link rel=\"canonical\" href=\"https:\/\/bale.ch\/journal\/nouvelle-identite-visuelle-pour-le-rer-franco-germano-suisse-de-bale\/\" \/>\n<meta property=\"og:locale\" content=\"fr_FR\" \/>\n<meta property=\"og:type\" content=\"article\" \/>\n<meta property=\"og:title\" content=\"Nouvelle identit\u00e9 visuelle pour le RER franco-germano-suisse de B\u00e2le - Journal de B\u00e2le et Gen\u00e8ve\" \/>\n<meta property=\"og:description\" content=\"Il est possible d\u00e8s aujourd&rsquo;hui voter sur le site Internet des CFF concernant le nouveau design du RER (ou S-Bahn en allemand) trinational de B\u00e2le. Le vote se d\u00e9roulera jusqu&rsquo;au Continuer la lecture\" \/>\n<meta property=\"og:url\" content=\"https:\/\/bale.ch\/journal\/nouvelle-identite-visuelle-pour-le-rer-franco-germano-suisse-de-bale\/\" \/>\n<meta property=\"og:site_name\" content=\"Journal de B\u00e2le et Gen\u00e8ve\" \/>\n<meta property=\"article:published_time\" content=\"2019-11-20T18:25:00+00:00\" \/>\n<meta property=\"article:modified_time\" content=\"2020-01-24T05:23:36+00:00\" \/>\n<meta property=\"og:image\" content=\"https:\/\/bale.ch\/journal\/wp-content\/uploads\/2019\/12\/sbb_cff-s-bahn_basel-rer-bale-frontalier.jpg\" \/>\n\t<meta property=\"og:image:width\" content=\"900\" \/>\n\t<meta property=\"og:image:height\" content=\"484\" \/>\n\t<meta property=\"og:image:type\" content=\"image\/jpeg\" \/>\n<meta name=\"author\" content=\"La R\u00e9daction\" \/>\n<meta name=\"twitter:card\" content=\"summary_large_image\" \/>\n<meta name=\"twitter:label1\" content=\"\u00c9crit par\" \/>\n\t<meta name=\"twitter:data1\" content=\"La R\u00e9daction\" \/>\n\t<meta name=\"twitter:label2\" content=\"Dur\u00e9e de lecture estim\u00e9e\" \/>\n\t<meta name=\"twitter:data2\" content=\"1 minute\" \/>\n<script type=\"application\/ld+json\" class=\"yoast-schema-graph\">{\"@context\":\"https:\\\/\\\/schema.org\",\"@graph\":[{\"@type\":\"Article\",\"@id\":\"https:\\\/\\\/bale.ch\\\/journal\\\/nouvelle-identite-visuelle-pour-le-rer-franco-germano-suisse-de-bale\\\/#article\",\"isPartOf\":{\"@id\":\"https:\\\/\\\/bale.ch\\\/journal\\\/nouvelle-identite-visuelle-pour-le-rer-franco-germano-suisse-de-bale\\\/\"},\"author\":{\"name\":\"La R\u00e9daction\",\"@id\":\"https:\\\/\\\/bale.ch\\\/journal\\\/#\\\/schema\\\/person\\\/03ced978db3b7a5274c5cef003f352f5\"},\"headline\":\"Nouvelle identit\u00e9 visuelle pour le RER franco-germano-suisse de B\u00e2le\",\"datePublished\":\"2019-11-20T18:25:00+00:00\",\"dateModified\":\"2020-01-24T05:23:36+00:00\",\"mainEntityOfPage\":{\"@id\":\"https:\\\/\\\/bale.ch\\\/journal\\\/nouvelle-identite-visuelle-pour-le-rer-franco-germano-suisse-de-bale\\\/\"},\"wordCount\":152,\"publisher\":{\"@id\":\"https:\\\/\\\/bale.ch\\\/journal\\\/#organization\"},\"image\":{\"@id\":\"https:\\\/\\\/bale.ch\\\/journal\\\/nouvelle-identite-visuelle-pour-le-rer-franco-germano-suisse-de-bale\\\/#primaryimage\"},\"thumbnailUrl\":\"https:\\\/\\\/bale.ch\\\/journal\\\/wp-content\\\/uploads\\\/2019\\\/12\\\/sbb_cff-s-bahn_basel-rer-bale-frontalier.jpg\",\"keywords\":[\"b\u00e2le agglom\u00e9ration\",\"Basel\",\"cff\",\"Transports\"],\"articleSection\":[\"Actualit\u00e9s\",\"B\u00e2le Trinationale\"],\"inLanguage\":\"fr-FR\"},{\"@type\":\"WebPage\",\"@id\":\"https:\\\/\\\/bale.ch\\\/journal\\\/nouvelle-identite-visuelle-pour-le-rer-franco-germano-suisse-de-bale\\\/\",\"url\":\"https:\\\/\\\/bale.ch\\\/journal\\\/nouvelle-identite-visuelle-pour-le-rer-franco-germano-suisse-de-bale\\\/\",\"name\":\"Nouvelle identit\u00e9 visuelle pour le RER franco-germano-suisse de B\u00e2le - Journal de B\u00e2le et Gen\u00e8ve\",\"isPartOf\":{\"@id\":\"https:\\\/\\\/bale.ch\\\/journal\\\/#website\"},\"primaryImageOfPage\":{\"@id\":\"https:\\\/\\\/bale.ch\\\/journal\\\/nouvelle-identite-visuelle-pour-le-rer-franco-germano-suisse-de-bale\\\/#primaryimage\"},\"image\":{\"@id\":\"https:\\\/\\\/bale.ch\\\/journal\\\/nouvelle-identite-visuelle-pour-le-rer-franco-germano-suisse-de-bale\\\/#primaryimage\"},\"thumbnailUrl\":\"https:\\\/\\\/bale.ch\\\/journal\\\/wp-content\\\/uploads\\\/2019\\\/12\\\/sbb_cff-s-bahn_basel-rer-bale-frontalier.jpg\",\"datePublished\":\"2019-11-20T18:25:00+00:00\",\"dateModified\":\"2020-01-24T05:23:36+00:00\",\"breadcrumb\":{\"@id\":\"https:\\\/\\\/bale.ch\\\/journal\\\/nouvelle-identite-visuelle-pour-le-rer-franco-germano-suisse-de-bale\\\/#breadcrumb\"},\"inLanguage\":\"fr-FR\",\"potentialAction\":[{\"@type\":\"ReadAction\",\"target\":[\"https:\\\/\\\/bale.ch\\\/journal\\\/nouvelle-identite-visuelle-pour-le-rer-franco-germano-suisse-de-bale\\\/\"]}]},{\"@type\":\"ImageObject\",\"inLanguage\":\"fr-FR\",\"@id\":\"https:\\\/\\\/bale.ch\\\/journal\\\/nouvelle-identite-visuelle-pour-le-rer-franco-germano-suisse-de-bale\\\/#primaryimage\",\"url\":\"https:\\\/\\\/bale.ch\\\/journal\\\/wp-content\\\/uploads\\\/2019\\\/12\\\/sbb_cff-s-bahn_basel-rer-bale-frontalier.jpg\",\"contentUrl\":\"https:\\\/\\\/bale.ch\\\/journal\\\/wp-content\\\/uploads\\\/2019\\\/12\\\/sbb_cff-s-bahn_basel-rer-bale-frontalier.jpg\",\"width\":900,\"height\":484},{\"@type\":\"BreadcrumbList\",\"@id\":\"https:\\\/\\\/bale.ch\\\/journal\\\/nouvelle-identite-visuelle-pour-le-rer-franco-germano-suisse-de-bale\\\/#breadcrumb\",\"itemListElement\":[{\"@type\":\"ListItem\",\"position\":1,\"name\":\"Accueil\",\"item\":\"https:\\\/\\\/bale.ch\\\/journal\\\/\"},{\"@type\":\"ListItem\",\"position\":2,\"name\":\"Nouvelle identit\u00e9 visuelle pour le RER franco-germano-suisse de B\u00e2le\"}]},{\"@type\":\"WebSite\",\"@id\":\"https:\\\/\\\/bale.ch\\\/journal\\\/#website\",\"url\":\"https:\\\/\\\/bale.ch\\\/journal\\\/\",\"name\":\"Journal de B\u00e2le et Gen\u00e8ve\",\"description\":\"M\u00e9dia transfrontalier d&#039;actualit\u00e9s - News\",\"publisher\":{\"@id\":\"https:\\\/\\\/bale.ch\\\/journal\\\/#organization\"},\"potentialAction\":[{\"@type\":\"SearchAction\",\"target\":{\"@type\":\"EntryPoint\",\"urlTemplate\":\"https:\\\/\\\/bale.ch\\\/journal\\\/?s={search_term_string}\"},\"query-input\":{\"@type\":\"PropertyValueSpecification\",\"valueRequired\":true,\"valueName\":\"search_term_string\"}}],\"inLanguage\":\"fr-FR\"},{\"@type\":\"Organization\",\"@id\":\"https:\\\/\\\/bale.ch\\\/journal\\\/#organization\",\"name\":\"Journal de B\u00e2le et Gen\u00e8ve\",\"url\":\"https:\\\/\\\/bale.ch\\\/journal\\\/\",\"logo\":{\"@type\":\"ImageObject\",\"inLanguage\":\"fr-FR\",\"@id\":\"https:\\\/\\\/bale.ch\\\/journal\\\/#\\\/schema\\\/logo\\\/image\\\/\",\"url\":\"https:\\\/\\\/bale.ch\\\/journal\\\/wp-content\\\/uploads\\\/2023\\\/07\\\/journaldebale_logo_2023_nb.png\",\"contentUrl\":\"https:\\\/\\\/bale.ch\\\/journal\\\/wp-content\\\/uploads\\\/2023\\\/07\\\/journaldebale_logo_2023_nb.png\",\"width\":371,\"height\":127,\"caption\":\"Journal de B\u00e2le et Gen\u00e8ve\"},\"image\":{\"@id\":\"https:\\\/\\\/bale.ch\\\/journal\\\/#\\\/schema\\\/logo\\\/image\\\/\"}},{\"@type\":\"Person\",\"@id\":\"https:\\\/\\\/bale.ch\\\/journal\\\/#\\\/schema\\\/person\\\/03ced978db3b7a5274c5cef003f352f5\",\"name\":\"La R\u00e9daction\",\"image\":{\"@type\":\"ImageObject\",\"inLanguage\":\"fr-FR\",\"@id\":\"https:\\\/\\\/secure.gravatar.com\\\/avatar\\\/d1327e2ce8d2b860112f968a3f34686c9bdda7a463a1502cdd1070ac9d88cf1e?s=96&d=mm&r=g\",\"url\":\"https:\\\/\\\/secure.gravatar.com\\\/avatar\\\/d1327e2ce8d2b860112f968a3f34686c9bdda7a463a1502cdd1070ac9d88cf1e?s=96&d=mm&r=g\",\"contentUrl\":\"https:\\\/\\\/secure.gravatar.com\\\/avatar\\\/d1327e2ce8d2b860112f968a3f34686c9bdda7a463a1502cdd1070ac9d88cf1e?s=96&d=mm&r=g\",\"caption\":\"La R\u00e9daction\"},\"url\":\"https:\\\/\\\/bale.ch\\\/journal\\\/author\\\/laredaction\\\/\"}]}<\/script>\n<!-- \/ Yoast SEO plugin. -->","yoast_head_json":{"title":"Nouvelle identit\u00e9 visuelle pour le RER franco-germano-suisse de B\u00e2le - Journal de B\u00e2le et Gen\u00e8ve","robots":{"index":"index","follow":"follow","max-snippet":"max-snippet:-1","max-image-preview":"max-image-preview:large","max-video-preview":"max-video-preview:-1"},"canonical":"https:\/\/bale.ch\/journal\/nouvelle-identite-visuelle-pour-le-rer-franco-germano-suisse-de-bale\/","og_locale":"fr_FR","og_type":"article","og_title":"Nouvelle identit\u00e9 visuelle pour le RER franco-germano-suisse de B\u00e2le - Journal de B\u00e2le et Gen\u00e8ve","og_description":"Il est possible d\u00e8s aujourd&rsquo;hui voter sur le site Internet des CFF concernant le nouveau design du RER (ou S-Bahn en allemand) trinational de B\u00e2le. Le vote se d\u00e9roulera jusqu&rsquo;au Continuer la lecture","og_url":"https:\/\/bale.ch\/journal\/nouvelle-identite-visuelle-pour-le-rer-franco-germano-suisse-de-bale\/","og_site_name":"Journal de B\u00e2le et Gen\u00e8ve","article_published_time":"2019-11-20T18:25:00+00:00","article_modified_time":"2020-01-24T05:23:36+00:00","og_image":[{"width":900,"height":484,"url":"https:\/\/bale.ch\/journal\/wp-content\/uploads\/2019\/12\/sbb_cff-s-bahn_basel-rer-bale-frontalier.jpg","type":"image\/jpeg"}],"author":"La R\u00e9daction","twitter_card":"summary_large_image","twitter_misc":{"\u00c9crit par":"La R\u00e9daction","Dur\u00e9e de lecture estim\u00e9e":"1 minute"},"schema":{"@context":"https:\/\/schema.org","@graph":[{"@type":"Article","@id":"https:\/\/bale.ch\/journal\/nouvelle-identite-visuelle-pour-le-rer-franco-germano-suisse-de-bale\/#article","isPartOf":{"@id":"https:\/\/bale.ch\/journal\/nouvelle-identite-visuelle-pour-le-rer-franco-germano-suisse-de-bale\/"},"author":{"name":"La R\u00e9daction","@id":"https:\/\/bale.ch\/journal\/#\/schema\/person\/03ced978db3b7a5274c5cef003f352f5"},"headline":"Nouvelle identit\u00e9 visuelle pour le RER franco-germano-suisse de B\u00e2le","datePublished":"2019-11-20T18:25:00+00:00","dateModified":"2020-01-24T05:23:36+00:00","mainEntityOfPage":{"@id":"https:\/\/bale.ch\/journal\/nouvelle-identite-visuelle-pour-le-rer-franco-germano-suisse-de-bale\/"},"wordCount":152,"publisher":{"@id":"https:\/\/bale.ch\/journal\/#organization"},"image":{"@id":"https:\/\/bale.ch\/journal\/nouvelle-identite-visuelle-pour-le-rer-franco-germano-suisse-de-bale\/#primaryimage"},"thumbnailUrl":"https:\/\/bale.ch\/journal\/wp-content\/uploads\/2019\/12\/sbb_cff-s-bahn_basel-rer-bale-frontalier.jpg","keywords":["b\u00e2le agglom\u00e9ration","Basel","cff","Transports"],"articleSection":["Actualit\u00e9s","B\u00e2le Trinationale"],"inLanguage":"fr-FR"},{"@type":"WebPage","@id":"https:\/\/bale.ch\/journal\/nouvelle-identite-visuelle-pour-le-rer-franco-germano-suisse-de-bale\/","url":"https:\/\/bale.ch\/journal\/nouvelle-identite-visuelle-pour-le-rer-franco-germano-suisse-de-bale\/","name":"Nouvelle identit\u00e9 visuelle pour le RER franco-germano-suisse de B\u00e2le - Journal de B\u00e2le et Gen\u00e8ve","isPartOf":{"@id":"https:\/\/bale.ch\/journal\/#website"},"primaryImageOfPage":{"@id":"https:\/\/bale.ch\/journal\/nouvelle-identite-visuelle-pour-le-rer-franco-germano-suisse-de-bale\/#primaryimage"},"image":{"@id":"https:\/\/bale.ch\/journal\/nouvelle-identite-visuelle-pour-le-rer-franco-germano-suisse-de-bale\/#primaryimage"},"thumbnailUrl":"https:\/\/bale.ch\/journal\/wp-content\/uploads\/2019\/12\/sbb_cff-s-bahn_basel-rer-bale-frontalier.jpg","datePublished":"2019-11-20T18:25:00+00:00","dateModified":"2020-01-24T05:23:36+00:00","breadcrumb":{"@id":"https:\/\/bale.ch\/journal\/nouvelle-identite-visuelle-pour-le-rer-franco-germano-suisse-de-bale\/#breadcrumb"},"inLanguage":"fr-FR","potentialAction":[{"@type":"ReadAction","target":["https:\/\/bale.ch\/journal\/nouvelle-identite-visuelle-pour-le-rer-franco-germano-suisse-de-bale\/"]}]},{"@type":"ImageObject","inLanguage":"fr-FR","@id":"https:\/\/bale.ch\/journal\/nouvelle-identite-visuelle-pour-le-rer-franco-germano-suisse-de-bale\/#primaryimage","url":"https:\/\/bale.ch\/journal\/wp-content\/uploads\/2019\/12\/sbb_cff-s-bahn_basel-rer-bale-frontalier.jpg","contentUrl":"https:\/\/bale.ch\/journal\/wp-content\/uploads\/2019\/12\/sbb_cff-s-bahn_basel-rer-bale-frontalier.jpg","width":900,"height":484},{"@type":"BreadcrumbList","@id":"https:\/\/bale.ch\/journal\/nouvelle-identite-visuelle-pour-le-rer-franco-germano-suisse-de-bale\/#breadcrumb","itemListElement":[{"@type":"ListItem","position":1,"name":"Accueil","item":"https:\/\/bale.ch\/journal\/"},{"@type":"ListItem","position":2,"name":"Nouvelle identit\u00e9 visuelle pour le RER franco-germano-suisse de B\u00e2le"}]},{"@type":"WebSite","@id":"https:\/\/bale.ch\/journal\/#website","url":"https:\/\/bale.ch\/journal\/","name":"Journal de B\u00e2le et Gen\u00e8ve","description":"M\u00e9dia transfrontalier d&#039;actualit\u00e9s - News","publisher":{"@id":"https:\/\/bale.ch\/journal\/#organization"},"potentialAction":[{"@type":"SearchAction","target":{"@type":"EntryPoint","urlTemplate":"https:\/\/bale.ch\/journal\/?s={search_term_string}"},"query-input":{"@type":"PropertyValueSpecification","valueRequired":true,"valueName":"search_term_string"}}],"inLanguage":"fr-FR"},{"@type":"Organization","@id":"https:\/\/bale.ch\/journal\/#organization","name":"Journal de B\u00e2le et Gen\u00e8ve","url":"https:\/\/bale.ch\/journal\/","logo":{"@type":"ImageObject","inLanguage":"fr-FR","@id":"https:\/\/bale.ch\/journal\/#\/schema\/logo\/image\/","url":"https:\/\/bale.ch\/journal\/wp-content\/uploads\/2023\/07\/journaldebale_logo_2023_nb.png","contentUrl":"https:\/\/bale.ch\/journal\/wp-content\/uploads\/2023\/07\/journaldebale_logo_2023_nb.png","width":371,"height":127,"caption":"Journal de B\u00e2le et Gen\u00e8ve"},"image":{"@id":"https:\/\/bale.ch\/journal\/#\/schema\/logo\/image\/"}},{"@type":"Person","@id":"https:\/\/bale.ch\/journal\/#\/schema\/person\/03ced978db3b7a5274c5cef003f352f5","name":"La R\u00e9daction","image":{"@type":"ImageObject","inLanguage":"fr-FR","@id":"https:\/\/secure.gravatar.com\/avatar\/d1327e2ce8d2b860112f968a3f34686c9bdda7a463a1502cdd1070ac9d88cf1e?s=96&d=mm&r=g","url":"https:\/\/secure.gravatar.com\/avatar\/d1327e2ce8d2b860112f968a3f34686c9bdda7a463a1502cdd1070ac9d88cf1e?s=96&d=mm&r=g","contentUrl":"https:\/\/secure.gravatar.com\/avatar\/d1327e2ce8d2b860112f968a3f34686c9bdda7a463a1502cdd1070ac9d88cf1e?s=96&d=mm&r=g","caption":"La R\u00e9daction"},"url":"https:\/\/bale.ch\/journal\/author\/laredaction\/"}]}},"_links":{"self":[{"href":"https:\/\/bale.ch\/journal\/wp-json\/wp\/v2\/posts\/2423","targetHints":{"allow":["GET"]}}],"collection":[{"href":"https:\/\/bale.ch\/journal\/wp-json\/wp\/v2\/posts"}],"about":[{"href":"https:\/\/bale.ch\/journal\/wp-json\/wp\/v2\/types\/post"}],"author":[{"embeddable":true,"href":"https:\/\/bale.ch\/journal\/wp-json\/wp\/v2\/users\/2"}],"replies":[{"embeddable":true,"href":"https:\/\/bale.ch\/journal\/wp-json\/wp\/v2\/comments?post=2423"}],"version-history":[{"count":5,"href":"https:\/\/bale.ch\/journal\/wp-json\/wp\/v2\/posts\/2423\/revisions"}],"predecessor-version":[{"id":2606,"href":"https:\/\/bale.ch\/journal\/wp-json\/wp\/v2\/posts\/2423\/revisions\/2606"}],"wp:featuredmedia":[{"embeddable":true,"href":"https:\/\/bale.ch\/journal\/wp-json\/wp\/v2\/media\/2425"}],"wp:attachment":[{"href":"https:\/\/bale.ch\/journal\/wp-json\/wp\/v2\/media?parent=2423"}],"wp:term":[{"taxonomy":"category","embeddable":true,"href":"https:\/\/bale.ch\/journal\/wp-json\/wp\/v2\/categories?post=2423"},{"taxonomy":"post_tag","embeddable":true,"href":"https:\/\/bale.ch\/journal\/wp-json\/wp\/v2\/tags?post=2423"}],"curies":[{"name":"wp","href":"https:\/\/api.w.org\/{rel}","templated":true}]}}