{"id":2427,"date":"2019-12-05T17:56:37","date_gmt":"2019-12-05T17:56:37","guid":{"rendered":"http:\/\/bale.ch\/journal\/?p=2427"},"modified":"2019-12-05T18:08:11","modified_gmt":"2019-12-05T18:08:11","slug":"renforcement-de-la-ligne-de-bus-qui-relie-bale-cff-a-laeroport","status":"publish","type":"post","link":"https:\/\/bale.ch\/journal\/renforcement-de-la-ligne-de-bus-qui-relie-bale-cff-a-laeroport\/","title":{"rendered":"Renforcement de la ligne de bus qui relie la gare de B\u00e2le CFF \u00e0 l&rsquo;a\u00e9roport"},"content":{"rendered":"\n<p class=\"wp-block-paragraph\"><strong>La ligne de bus 50 partira de la gare CFF vers l&rsquo;EuroAirport tous les jours \u00e0 partir de 4h10 du matin d\u00e8s le 15 d\u00e9cembre 2019.<\/strong><\/p>\n\n\n\n<!--more-->\n\n\n\n<p class=\"wp-block-paragraph\">Les Transports publics de B\u00e2le (Basler Verkehrs-Betriebe &#8211; BVB) introduisent une nouvelle ligne de d\u00e9part sur cette ligne avec le changement d&rsquo;horaire.<\/p>\n\n\n\n<p class=\"wp-block-paragraph\">Selon les informations des BVB, le changement d&rsquo;horaire du 15 d\u00e9cembre renforcera diff\u00e9rentes lignes et simplifiera l&rsquo;abonnement de la communaut\u00e9 tarifaire avec l&rsquo;Allemagne. En outre, les BVB adaptent les horaires de d\u00e9part de la ligne du tram 3 de Burgfelderhof \u00e0 la gare de Saint-Louis (de lundi \u00e0 vendredi entre 06h et 20h) afin de permettre de meilleures connexions avec les lignes ferroviaires alsaciennes. <\/p><div id=\"crieu-2163242121\" class=\"crieu-content crieu-entity-placement\"><script async src=\"\/\/pagead2.googlesyndication.com\/pagead\/js\/adsbygoogle.js?client=ca-pub-5271584769416742\" crossorigin=\"anonymous\"><\/script><ins class=\"adsbygoogle\" style=\"display:block;\" data-ad-client=\"ca-pub-5271584769416742\" \ndata-ad-slot=\"9321250718\" \ndata-ad-format=\"auto\"><\/ins>\n<script> \n(adsbygoogle = window.adsbygoogle || []).push({}); \n<\/script>\n<\/div>\n\n\n\n<p class=\"wp-block-paragraph\"><\/p>\n<div id=\"crieu-632089093\" class=\"crieu-apres-le-contenu crieu-entity-placement\" style=\"margin-left: auto;margin-right: auto;text-align: center;\"><script async src=\"\/\/pagead2.googlesyndication.com\/pagead\/js\/adsbygoogle.js?client=ca-pub-5271584769416742\" crossorigin=\"anonymous\"><\/script><ins class=\"adsbygoogle\" style=\"display:block;\" data-ad-client=\"ca-pub-5271584769416742\" \ndata-ad-slot=\"9321250718\" \ndata-ad-format=\"auto\"><\/ins>\n<script> \n(adsbygoogle = window.adsbygoogle || []).push({}); \n<\/script>\n<\/div>","protected":false},"excerpt":{"rendered":"<p>La ligne de bus 50 partira de la gare CFF vers l&rsquo;EuroAirport tous les jours \u00e0 partir de 4h10 du matin d\u00e8s le 15 d\u00e9cembre 2019.<\/p>\n","protected":false},"author":2,"featured_media":2428,"comment_status":"closed","ping_status":"closed","sticky":false,"template":"","format":"standard","meta":{"footnotes":""},"categories":[103,7],"tags":[72,91,123,125,35],"class_list":["post-2427","post","type-post","status-publish","format-standard","has-post-thumbnail","hentry","category-actu","category-bale","tag-aeroport","tag-bale-agglomeration","tag-basel","tag-euroairport","tag-transports"],"yoast_head":"<!-- This site is optimized with the Yoast SEO plugin v28.3 - https:\/\/yoast.com\/product\/yoast-seo-wordpress\/ -->\n<title>Renforcement de la ligne de bus qui relie la gare de B\u00e2le CFF \u00e0 l&#039;a\u00e9roport - Journal de B\u00e2le et Gen\u00e8ve<\/title>\n<meta name=\"robots\" content=\"index, follow, max-snippet:-1, max-image-preview:large, max-video-preview:-1\" \/>\n<link rel=\"canonical\" href=\"https:\/\/bale.ch\/journal\/renforcement-de-la-ligne-de-bus-qui-relie-bale-cff-a-laeroport\/\" \/>\n<meta property=\"og:locale\" content=\"fr_FR\" \/>\n<meta property=\"og:type\" content=\"article\" \/>\n<meta property=\"og:title\" content=\"Renforcement de la ligne de bus qui relie la gare de B\u00e2le CFF \u00e0 l&#039;a\u00e9roport - Journal de B\u00e2le et Gen\u00e8ve\" \/>\n<meta property=\"og:description\" content=\"La ligne de bus 50 partira de la gare CFF vers l&rsquo;EuroAirport tous les jours \u00e0 partir de 4h10 du matin d\u00e8s le 15 d\u00e9cembre 2019.\" \/>\n<meta property=\"og:url\" content=\"https:\/\/bale.ch\/journal\/renforcement-de-la-ligne-de-bus-qui-relie-bale-cff-a-laeroport\/\" \/>\n<meta property=\"og:site_name\" content=\"Journal de B\u00e2le et Gen\u00e8ve\" \/>\n<meta property=\"article:published_time\" content=\"2019-12-05T17:56:37+00:00\" \/>\n<meta property=\"article:modified_time\" content=\"2019-12-05T18:08:11+00:00\" \/>\n<meta property=\"og:image\" content=\"https:\/\/bale.ch\/journal\/wp-content\/uploads\/2019\/12\/bvb-basel-sbb-bale-cff-flughafen.jpg\" \/>\n\t<meta property=\"og:image:width\" content=\"900\" \/>\n\t<meta property=\"og:image:height\" content=\"484\" \/>\n\t<meta property=\"og:image:type\" content=\"image\/jpeg\" \/>\n<meta name=\"author\" content=\"La R\u00e9daction\" \/>\n<meta name=\"twitter:card\" content=\"summary_large_image\" \/>\n<meta name=\"twitter:label1\" content=\"\u00c9crit par\" \/>\n\t<meta name=\"twitter:data1\" content=\"La R\u00e9daction\" \/>\n\t<meta name=\"twitter:label2\" content=\"Dur\u00e9e de lecture estim\u00e9e\" \/>\n\t<meta name=\"twitter:data2\" content=\"1 minute\" \/>\n<script type=\"application\/ld+json\" class=\"yoast-schema-graph\">{\"@context\":\"https:\\\/\\\/schema.org\",\"@graph\":[{\"@type\":\"Article\",\"@id\":\"https:\\\/\\\/bale.ch\\\/journal\\\/renforcement-de-la-ligne-de-bus-qui-relie-bale-cff-a-laeroport\\\/#article\",\"isPartOf\":{\"@id\":\"https:\\\/\\\/bale.ch\\\/journal\\\/renforcement-de-la-ligne-de-bus-qui-relie-bale-cff-a-laeroport\\\/\"},\"author\":{\"name\":\"La R\u00e9daction\",\"@id\":\"https:\\\/\\\/bale.ch\\\/journal\\\/#\\\/schema\\\/person\\\/03ced978db3b7a5274c5cef003f352f5\"},\"headline\":\"Renforcement de la ligne de bus qui relie la gare de B\u00e2le CFF \u00e0 l&rsquo;a\u00e9roport\",\"datePublished\":\"2019-12-05T17:56:37+00:00\",\"dateModified\":\"2019-12-05T18:08:11+00:00\",\"mainEntityOfPage\":{\"@id\":\"https:\\\/\\\/bale.ch\\\/journal\\\/renforcement-de-la-ligne-de-bus-qui-relie-bale-cff-a-laeroport\\\/\"},\"wordCount\":133,\"publisher\":{\"@id\":\"https:\\\/\\\/bale.ch\\\/journal\\\/#organization\"},\"image\":{\"@id\":\"https:\\\/\\\/bale.ch\\\/journal\\\/renforcement-de-la-ligne-de-bus-qui-relie-bale-cff-a-laeroport\\\/#primaryimage\"},\"thumbnailUrl\":\"https:\\\/\\\/bale.ch\\\/journal\\\/wp-content\\\/uploads\\\/2019\\\/12\\\/bvb-basel-sbb-bale-cff-flughafen.jpg\",\"keywords\":[\"A\u00e9roport\",\"b\u00e2le agglom\u00e9ration\",\"Basel\",\"Euroairport\",\"Transports\"],\"articleSection\":[\"Actualit\u00e9s\",\"B\u00e2le Trinationale\"],\"inLanguage\":\"fr-FR\"},{\"@type\":\"WebPage\",\"@id\":\"https:\\\/\\\/bale.ch\\\/journal\\\/renforcement-de-la-ligne-de-bus-qui-relie-bale-cff-a-laeroport\\\/\",\"url\":\"https:\\\/\\\/bale.ch\\\/journal\\\/renforcement-de-la-ligne-de-bus-qui-relie-bale-cff-a-laeroport\\\/\",\"name\":\"Renforcement de la ligne de bus qui relie la gare de B\u00e2le CFF \u00e0 l'a\u00e9roport - Journal de B\u00e2le et Gen\u00e8ve\",\"isPartOf\":{\"@id\":\"https:\\\/\\\/bale.ch\\\/journal\\\/#website\"},\"primaryImageOfPage\":{\"@id\":\"https:\\\/\\\/bale.ch\\\/journal\\\/renforcement-de-la-ligne-de-bus-qui-relie-bale-cff-a-laeroport\\\/#primaryimage\"},\"image\":{\"@id\":\"https:\\\/\\\/bale.ch\\\/journal\\\/renforcement-de-la-ligne-de-bus-qui-relie-bale-cff-a-laeroport\\\/#primaryimage\"},\"thumbnailUrl\":\"https:\\\/\\\/bale.ch\\\/journal\\\/wp-content\\\/uploads\\\/2019\\\/12\\\/bvb-basel-sbb-bale-cff-flughafen.jpg\",\"datePublished\":\"2019-12-05T17:56:37+00:00\",\"dateModified\":\"2019-12-05T18:08:11+00:00\",\"breadcrumb\":{\"@id\":\"https:\\\/\\\/bale.ch\\\/journal\\\/renforcement-de-la-ligne-de-bus-qui-relie-bale-cff-a-laeroport\\\/#breadcrumb\"},\"inLanguage\":\"fr-FR\",\"potentialAction\":[{\"@type\":\"ReadAction\",\"target\":[\"https:\\\/\\\/bale.ch\\\/journal\\\/renforcement-de-la-ligne-de-bus-qui-relie-bale-cff-a-laeroport\\\/\"]}]},{\"@type\":\"ImageObject\",\"inLanguage\":\"fr-FR\",\"@id\":\"https:\\\/\\\/bale.ch\\\/journal\\\/renforcement-de-la-ligne-de-bus-qui-relie-bale-cff-a-laeroport\\\/#primaryimage\",\"url\":\"https:\\\/\\\/bale.ch\\\/journal\\\/wp-content\\\/uploads\\\/2019\\\/12\\\/bvb-basel-sbb-bale-cff-flughafen.jpg\",\"contentUrl\":\"https:\\\/\\\/bale.ch\\\/journal\\\/wp-content\\\/uploads\\\/2019\\\/12\\\/bvb-basel-sbb-bale-cff-flughafen.jpg\",\"width\":900,\"height\":484},{\"@type\":\"BreadcrumbList\",\"@id\":\"https:\\\/\\\/bale.ch\\\/journal\\\/renforcement-de-la-ligne-de-bus-qui-relie-bale-cff-a-laeroport\\\/#breadcrumb\",\"itemListElement\":[{\"@type\":\"ListItem\",\"position\":1,\"name\":\"Accueil\",\"item\":\"https:\\\/\\\/bale.ch\\\/journal\\\/\"},{\"@type\":\"ListItem\",\"position\":2,\"name\":\"Renforcement de la ligne de bus qui relie la gare de B\u00e2le CFF \u00e0 l&rsquo;a\u00e9roport\"}]},{\"@type\":\"WebSite\",\"@id\":\"https:\\\/\\\/bale.ch\\\/journal\\\/#website\",\"url\":\"https:\\\/\\\/bale.ch\\\/journal\\\/\",\"name\":\"Journal de B\u00e2le et Gen\u00e8ve\",\"description\":\"M\u00e9dia transfrontalier d&#039;actualit\u00e9s - News\",\"publisher\":{\"@id\":\"https:\\\/\\\/bale.ch\\\/journal\\\/#organization\"},\"potentialAction\":[{\"@type\":\"SearchAction\",\"target\":{\"@type\":\"EntryPoint\",\"urlTemplate\":\"https:\\\/\\\/bale.ch\\\/journal\\\/?s={search_term_string}\"},\"query-input\":{\"@type\":\"PropertyValueSpecification\",\"valueRequired\":true,\"valueName\":\"search_term_string\"}}],\"inLanguage\":\"fr-FR\"},{\"@type\":\"Organization\",\"@id\":\"https:\\\/\\\/bale.ch\\\/journal\\\/#organization\",\"name\":\"Journal de B\u00e2le et Gen\u00e8ve\",\"url\":\"https:\\\/\\\/bale.ch\\\/journal\\\/\",\"logo\":{\"@type\":\"ImageObject\",\"inLanguage\":\"fr-FR\",\"@id\":\"https:\\\/\\\/bale.ch\\\/journal\\\/#\\\/schema\\\/logo\\\/image\\\/\",\"url\":\"https:\\\/\\\/bale.ch\\\/journal\\\/wp-content\\\/uploads\\\/2023\\\/07\\\/journaldebale_logo_2023_nb.png\",\"contentUrl\":\"https:\\\/\\\/bale.ch\\\/journal\\\/wp-content\\\/uploads\\\/2023\\\/07\\\/journaldebale_logo_2023_nb.png\",\"width\":371,\"height\":127,\"caption\":\"Journal de B\u00e2le et Gen\u00e8ve\"},\"image\":{\"@id\":\"https:\\\/\\\/bale.ch\\\/journal\\\/#\\\/schema\\\/logo\\\/image\\\/\"}},{\"@type\":\"Person\",\"@id\":\"https:\\\/\\\/bale.ch\\\/journal\\\/#\\\/schema\\\/person\\\/03ced978db3b7a5274c5cef003f352f5\",\"name\":\"La R\u00e9daction\",\"image\":{\"@type\":\"ImageObject\",\"inLanguage\":\"fr-FR\",\"@id\":\"https:\\\/\\\/secure.gravatar.com\\\/avatar\\\/d1327e2ce8d2b860112f968a3f34686c9bdda7a463a1502cdd1070ac9d88cf1e?s=96&d=mm&r=g\",\"url\":\"https:\\\/\\\/secure.gravatar.com\\\/avatar\\\/d1327e2ce8d2b860112f968a3f34686c9bdda7a463a1502cdd1070ac9d88cf1e?s=96&d=mm&r=g\",\"contentUrl\":\"https:\\\/\\\/secure.gravatar.com\\\/avatar\\\/d1327e2ce8d2b860112f968a3f34686c9bdda7a463a1502cdd1070ac9d88cf1e?s=96&d=mm&r=g\",\"caption\":\"La R\u00e9daction\"},\"url\":\"https:\\\/\\\/bale.ch\\\/journal\\\/author\\\/laredaction\\\/\"}]}<\/script>\n<!-- \/ Yoast SEO plugin. -->","yoast_head_json":{"title":"Renforcement de la ligne de bus qui relie la gare de B\u00e2le CFF \u00e0 l'a\u00e9roport - Journal de B\u00e2le et Gen\u00e8ve","robots":{"index":"index","follow":"follow","max-snippet":"max-snippet:-1","max-image-preview":"max-image-preview:large","max-video-preview":"max-video-preview:-1"},"canonical":"https:\/\/bale.ch\/journal\/renforcement-de-la-ligne-de-bus-qui-relie-bale-cff-a-laeroport\/","og_locale":"fr_FR","og_type":"article","og_title":"Renforcement de la ligne de bus qui relie la gare de B\u00e2le CFF \u00e0 l'a\u00e9roport - Journal de B\u00e2le et Gen\u00e8ve","og_description":"La ligne de bus 50 partira de la gare CFF vers l&rsquo;EuroAirport tous les jours \u00e0 partir de 4h10 du matin d\u00e8s le 15 d\u00e9cembre 2019.","og_url":"https:\/\/bale.ch\/journal\/renforcement-de-la-ligne-de-bus-qui-relie-bale-cff-a-laeroport\/","og_site_name":"Journal de B\u00e2le et Gen\u00e8ve","article_published_time":"2019-12-05T17:56:37+00:00","article_modified_time":"2019-12-05T18:08:11+00:00","og_image":[{"width":900,"height":484,"url":"https:\/\/bale.ch\/journal\/wp-content\/uploads\/2019\/12\/bvb-basel-sbb-bale-cff-flughafen.jpg","type":"image\/jpeg"}],"author":"La R\u00e9daction","twitter_card":"summary_large_image","twitter_misc":{"\u00c9crit par":"La R\u00e9daction","Dur\u00e9e de lecture estim\u00e9e":"1 minute"},"schema":{"@context":"https:\/\/schema.org","@graph":[{"@type":"Article","@id":"https:\/\/bale.ch\/journal\/renforcement-de-la-ligne-de-bus-qui-relie-bale-cff-a-laeroport\/#article","isPartOf":{"@id":"https:\/\/bale.ch\/journal\/renforcement-de-la-ligne-de-bus-qui-relie-bale-cff-a-laeroport\/"},"author":{"name":"La R\u00e9daction","@id":"https:\/\/bale.ch\/journal\/#\/schema\/person\/03ced978db3b7a5274c5cef003f352f5"},"headline":"Renforcement de la ligne de bus qui relie la gare de B\u00e2le CFF \u00e0 l&rsquo;a\u00e9roport","datePublished":"2019-12-05T17:56:37+00:00","dateModified":"2019-12-05T18:08:11+00:00","mainEntityOfPage":{"@id":"https:\/\/bale.ch\/journal\/renforcement-de-la-ligne-de-bus-qui-relie-bale-cff-a-laeroport\/"},"wordCount":133,"publisher":{"@id":"https:\/\/bale.ch\/journal\/#organization"},"image":{"@id":"https:\/\/bale.ch\/journal\/renforcement-de-la-ligne-de-bus-qui-relie-bale-cff-a-laeroport\/#primaryimage"},"thumbnailUrl":"https:\/\/bale.ch\/journal\/wp-content\/uploads\/2019\/12\/bvb-basel-sbb-bale-cff-flughafen.jpg","keywords":["A\u00e9roport","b\u00e2le agglom\u00e9ration","Basel","Euroairport","Transports"],"articleSection":["Actualit\u00e9s","B\u00e2le Trinationale"],"inLanguage":"fr-FR"},{"@type":"WebPage","@id":"https:\/\/bale.ch\/journal\/renforcement-de-la-ligne-de-bus-qui-relie-bale-cff-a-laeroport\/","url":"https:\/\/bale.ch\/journal\/renforcement-de-la-ligne-de-bus-qui-relie-bale-cff-a-laeroport\/","name":"Renforcement de la ligne de bus qui relie la gare de B\u00e2le CFF \u00e0 l'a\u00e9roport - Journal de B\u00e2le et Gen\u00e8ve","isPartOf":{"@id":"https:\/\/bale.ch\/journal\/#website"},"primaryImageOfPage":{"@id":"https:\/\/bale.ch\/journal\/renforcement-de-la-ligne-de-bus-qui-relie-bale-cff-a-laeroport\/#primaryimage"},"image":{"@id":"https:\/\/bale.ch\/journal\/renforcement-de-la-ligne-de-bus-qui-relie-bale-cff-a-laeroport\/#primaryimage"},"thumbnailUrl":"https:\/\/bale.ch\/journal\/wp-content\/uploads\/2019\/12\/bvb-basel-sbb-bale-cff-flughafen.jpg","datePublished":"2019-12-05T17:56:37+00:00","dateModified":"2019-12-05T18:08:11+00:00","breadcrumb":{"@id":"https:\/\/bale.ch\/journal\/renforcement-de-la-ligne-de-bus-qui-relie-bale-cff-a-laeroport\/#breadcrumb"},"inLanguage":"fr-FR","potentialAction":[{"@type":"ReadAction","target":["https:\/\/bale.ch\/journal\/renforcement-de-la-ligne-de-bus-qui-relie-bale-cff-a-laeroport\/"]}]},{"@type":"ImageObject","inLanguage":"fr-FR","@id":"https:\/\/bale.ch\/journal\/renforcement-de-la-ligne-de-bus-qui-relie-bale-cff-a-laeroport\/#primaryimage","url":"https:\/\/bale.ch\/journal\/wp-content\/uploads\/2019\/12\/bvb-basel-sbb-bale-cff-flughafen.jpg","contentUrl":"https:\/\/bale.ch\/journal\/wp-content\/uploads\/2019\/12\/bvb-basel-sbb-bale-cff-flughafen.jpg","width":900,"height":484},{"@type":"BreadcrumbList","@id":"https:\/\/bale.ch\/journal\/renforcement-de-la-ligne-de-bus-qui-relie-bale-cff-a-laeroport\/#breadcrumb","itemListElement":[{"@type":"ListItem","position":1,"name":"Accueil","item":"https:\/\/bale.ch\/journal\/"},{"@type":"ListItem","position":2,"name":"Renforcement de la ligne de bus qui relie la gare de B\u00e2le CFF \u00e0 l&rsquo;a\u00e9roport"}]},{"@type":"WebSite","@id":"https:\/\/bale.ch\/journal\/#website","url":"https:\/\/bale.ch\/journal\/","name":"Journal de B\u00e2le et Gen\u00e8ve","description":"M\u00e9dia transfrontalier d&#039;actualit\u00e9s - News","publisher":{"@id":"https:\/\/bale.ch\/journal\/#organization"},"potentialAction":[{"@type":"SearchAction","target":{"@type":"EntryPoint","urlTemplate":"https:\/\/bale.ch\/journal\/?s={search_term_string}"},"query-input":{"@type":"PropertyValueSpecification","valueRequired":true,"valueName":"search_term_string"}}],"inLanguage":"fr-FR"},{"@type":"Organization","@id":"https:\/\/bale.ch\/journal\/#organization","name":"Journal de B\u00e2le et Gen\u00e8ve","url":"https:\/\/bale.ch\/journal\/","logo":{"@type":"ImageObject","inLanguage":"fr-FR","@id":"https:\/\/bale.ch\/journal\/#\/schema\/logo\/image\/","url":"https:\/\/bale.ch\/journal\/wp-content\/uploads\/2023\/07\/journaldebale_logo_2023_nb.png","contentUrl":"https:\/\/bale.ch\/journal\/wp-content\/uploads\/2023\/07\/journaldebale_logo_2023_nb.png","width":371,"height":127,"caption":"Journal de B\u00e2le et Gen\u00e8ve"},"image":{"@id":"https:\/\/bale.ch\/journal\/#\/schema\/logo\/image\/"}},{"@type":"Person","@id":"https:\/\/bale.ch\/journal\/#\/schema\/person\/03ced978db3b7a5274c5cef003f352f5","name":"La R\u00e9daction","image":{"@type":"ImageObject","inLanguage":"fr-FR","@id":"https:\/\/secure.gravatar.com\/avatar\/d1327e2ce8d2b860112f968a3f34686c9bdda7a463a1502cdd1070ac9d88cf1e?s=96&d=mm&r=g","url":"https:\/\/secure.gravatar.com\/avatar\/d1327e2ce8d2b860112f968a3f34686c9bdda7a463a1502cdd1070ac9d88cf1e?s=96&d=mm&r=g","contentUrl":"https:\/\/secure.gravatar.com\/avatar\/d1327e2ce8d2b860112f968a3f34686c9bdda7a463a1502cdd1070ac9d88cf1e?s=96&d=mm&r=g","caption":"La R\u00e9daction"},"url":"https:\/\/bale.ch\/journal\/author\/laredaction\/"}]}},"_links":{"self":[{"href":"https:\/\/bale.ch\/journal\/wp-json\/wp\/v2\/posts\/2427","targetHints":{"allow":["GET"]}}],"collection":[{"href":"https:\/\/bale.ch\/journal\/wp-json\/wp\/v2\/posts"}],"about":[{"href":"https:\/\/bale.ch\/journal\/wp-json\/wp\/v2\/types\/post"}],"author":[{"embeddable":true,"href":"https:\/\/bale.ch\/journal\/wp-json\/wp\/v2\/users\/2"}],"replies":[{"embeddable":true,"href":"https:\/\/bale.ch\/journal\/wp-json\/wp\/v2\/comments?post=2427"}],"version-history":[{"count":4,"href":"https:\/\/bale.ch\/journal\/wp-json\/wp\/v2\/posts\/2427\/revisions"}],"predecessor-version":[{"id":2432,"href":"https:\/\/bale.ch\/journal\/wp-json\/wp\/v2\/posts\/2427\/revisions\/2432"}],"wp:featuredmedia":[{"embeddable":true,"href":"https:\/\/bale.ch\/journal\/wp-json\/wp\/v2\/media\/2428"}],"wp:attachment":[{"href":"https:\/\/bale.ch\/journal\/wp-json\/wp\/v2\/media?parent=2427"}],"wp:term":[{"taxonomy":"category","embeddable":true,"href":"https:\/\/bale.ch\/journal\/wp-json\/wp\/v2\/categories?post=2427"},{"taxonomy":"post_tag","embeddable":true,"href":"https:\/\/bale.ch\/journal\/wp-json\/wp\/v2\/tags?post=2427"}],"curies":[{"name":"wp","href":"https:\/\/api.w.org\/{rel}","templated":true}]}}