{"id":252,"date":"2015-11-09T19:23:11","date_gmt":"2015-11-09T19:23:11","guid":{"rendered":"http:\/\/bale.ch\/journal\/?p=252"},"modified":"2015-11-09T19:39:39","modified_gmt":"2015-11-09T19:39:39","slug":"librairie-boulevard-geneve","status":"publish","type":"post","link":"https:\/\/bale.ch\/journal\/librairie-boulevard-geneve\/","title":{"rendered":"\u00c0 la d\u00e9couverte de la librairie autog\u00e9r\u00e9e de la rue de Carouge"},"content":{"rendered":"<p><strong>En ce mois de novembre, qui m\u00e9lange impressions d\u2019automne et brises printani\u00e8res, je vous propose de prendre le tram pour rendre une petite visite \u00e0 La Librairie du Boulevard situ\u00e9e au 34 rue de Carouge, entre les arr\u00eats Plainpalais et Pont d\u2019Arve.<\/strong><br \/>\n<!--more--><br \/>\nCette ann\u00e9e, ce temple de romans, essais, magazines, journaux, dictionnaires, bandes-dessin\u00e9es, ou encore cartes postales f\u00eate ses quarante ans ! Quatre d\u00e9cennies pour une coop\u00e9rative d\u00e9di\u00e9e \u00e0 la culture et au savoir en plein Gen\u00e8ve, ce n\u2019est pas rien ! L\u2019aventure commence dans les ann\u00e9es septante. De retour d\u2019Am\u00e9rique Latine, o\u00f9 les temps sont aux exp\u00e9riences d\u2019autogestion, les \u00abfuturs Boulevardiens\u00bb imaginent un lieu alternatif qui proposerait des revues non diffus\u00e9es par le circuit commercial classique. Je ne vais pas vous retracer la chronologie de la gen\u00e8se, car nous savons bien que le projet s\u2019est concr\u00e9tis\u00e9, et comment ! Aujourd\u2019hui, plus de 230 coop\u00e9rateurs soutiennent ce beau r\u00eave devenu r\u00e9alit\u00e9.<\/p>\n<p><a href=\"https:\/\/bale.ch\/journal\/wp-content\/uploads\/2015\/11\/P1010185B.jpg\"><img loading=\"lazy\" decoding=\"async\" class=\"alignleft wp-image-257\" src=\"https:\/\/bale.ch\/journal\/wp-content\/uploads\/2015\/11\/P1010185B.jpg\" alt=\"P1010185B\" width=\"600\" height=\"338\" srcset=\"https:\/\/bale.ch\/journal\/wp-content\/uploads\/2015\/11\/P1010185B.jpg 1000w, https:\/\/bale.ch\/journal\/wp-content\/uploads\/2015\/11\/P1010185B-300x169.jpg 300w, https:\/\/bale.ch\/journal\/wp-content\/uploads\/2015\/11\/P1010185B-777x437.jpg 777w, https:\/\/bale.ch\/journal\/wp-content\/uploads\/2015\/11\/P1010185B-260x146.jpg 260w, https:\/\/bale.ch\/journal\/wp-content\/uploads\/2015\/11\/P1010185B-120x67.jpg 120w\" sizes=\"auto, (max-width: 600px) 100vw, 600px\" \/><\/a>Je m\u2019installe donc. Il est 13h30, les \u00e9quipes se croisent, celle de l\u2019apr\u00e8s-midi prenant la rel\u00e8ve de celle du matin. Les notes de Bizet et de ses gardes montante et descendante me trottent dans la t\u00eate. Les informations importantes sont transmises pendant que la vie de la librairie continue entre la livraison d\u2019un colis, le retrait d\u2019un livre command\u00e9, et des conseils pour l\u2019achat d\u2019un cadeau. Les apprentis s\u2019affairent, il faut pr\u00e9parer les envois postaux. Dans le lieu calme r\u00e9sonne de la musique tant\u00f4t classique, tant\u00f4t jazzy. Ici, les membres du collectif choisissent les morceaux qui raviront leurs oreilles. De ma position, en retrait \u00e0 l\u2019arri\u00e8re de la boutique, je dispose d\u2019une vue imprenable sur un escadron de dictionnaires. Autant vous dire que je suis donc au paradis. En effet, les volumes color\u00e9s et imposants, dont je poss\u00e8de une collection, notamment en raison des langues que j\u2019ai \u00e9tudi\u00e9es, me magn\u00e9tisent. Aussi, je ne r\u00e9siste pas au plaisir de m\u2019en approcher. Je vois bien s\u00fbr Le Petit Robert et un Larousse pour la langue de Moli\u00e8re, mais d\u2019autres langues d\u2019auteurs europ\u00e9ens tr\u00f4nent sur les \u00e9tag\u00e8res. Cervant\u00e8s, Hesse ou encore, Woolf peuvent \u00e0 loisir, consulter le passage de leur langue en fran\u00e7ais. Le gros volume du dictionnaire suisse romand convoque imm\u00e9diatement Ramuz tandis que le dictionnaire des amoureux des langues me projette dans mon pays gr\u00e2ce \u00e0 un article assez cons\u00e9quent sur le Ch\u2019ti.<\/p>\n<p>Je retrouve ma table dont j\u2019entreprends l\u2019observation. Les p\u00e9titions du moment y trouvent place : \u00ab Pour la valorisation et l\u2019agrandissement de la Maison Internationale des Associations \u00bb et une autre pour l\u2019Usine qui est actuellement sous les feux de la rampe. Bien s\u00fbr, nous sommes dans une librairie, mais ici, non seulement tout le monde, se sent concern\u00e9 par les mutations du monde, mais y contribue. Le large choix de publications proposant une autre vision du temps qui passe : Gauchebdo, La couleur des jours ou encore Mani\u00e8re de voir, le mensuel du Monde Diplomatique, vient en compl\u00e9ment d\u2019une autre exp\u00e9rience du travail et du travailler ensemble v\u00e9cus quotidiennement.<\/p><div id=\"crieu-1443434438\" class=\"crieu-content crieu-entity-placement\"><script async src=\"\/\/pagead2.googlesyndication.com\/pagead\/js\/adsbygoogle.js?client=ca-pub-5271584769416742\" crossorigin=\"anonymous\"><\/script><ins class=\"adsbygoogle\" style=\"display:block;\" data-ad-client=\"ca-pub-5271584769416742\" \ndata-ad-slot=\"9321250718\" \ndata-ad-format=\"auto\"><\/ins>\n<script> \n(adsbygoogle = window.adsbygoogle || []).push({}); \n<\/script>\n<\/div>\n<p>Anne, me confie un petit agenda cr\u00e9e pour les quarante ans de la librairie : une mine d\u2019informations pr\u00e9cieuses. Au fil des pages, le temps se d\u00e9ploie : illustrations choisies ainsi que de petits rappels litt\u00e9raires sur les \u0153uvres que nous avons pu d\u00e9couvrir depuis l\u2019ouverture de la librairie. Mes souvenirs s\u2019envolent lorsque je lis avec plaisir certains titres : Les frustr\u00e9s de Claire Br\u00e9t\u00e9cher (1975), Chronique d\u2019une mort annonc\u00e9e de Gabriel Garc\u00eda M\u00e1rquez (1981), Au bonheur des ogres de Daniel Pennac, Si c\u2019est un homme de Primo Levi (1987), Indignez-vous de St\u00e9phane Hessel (2010), la liste est aussi riche en d\u00e9couverte: je l\u2019avoue, je n\u2019ai pas tout lu. L\u2019agenda est \u00e9galement rythm\u00e9 d\u2019\u00e9v\u00e9nements marquant la vie des livres \u00e0 Gen\u00e8ve et ailleurs : cr\u00e9ation de la librairie femmes, L\u2019In\u00e9dite \u00e0 Carouge (1979), cr\u00e9ation de la librairie <a href=\"http:\/\/www.recyclables.ch\/page\/accueil\" target=\"_blank\">Les Recyclables<\/a> par un ancien membre du collectif de la Librairie du Boulevard (1994), fondation des <a href=\"https:\/\/fr.wikipedia.org\/wiki\/Entremonde\" target=\"_blank\">Editions Entremonde<\/a> \u00e0 Gen\u00e8ve (2008), sans oublier la vie associative : premier <a href=\"https:\/\/fr.wikipedia.org\/wiki\/La_B%C3%A2tie-Festival_de_Gen%C3%A8ve\" target=\"_blank\">Festival du Bois de la B\u00e2tie<\/a> (1977), fondation du <a href=\"https:\/\/fr.wikipedia.org\/wiki\/Groupe_pour_une_Suisse_sans_arm%C3%A9e\" target=\"_blank\">GSsA<\/a>, groupe pour une Suisse sans arm\u00e9e (1982).<\/p>\n<p>Apr\u00e8s ce retour vers le pass\u00e9, je d\u00e9couvre les futurs \u00e9v\u00e9nements organis\u00e9s par la librairie, et quelle n\u2019est pas ma surprise de voir que Mathias Enard, qui vient de remporter le Goncourt pour son roman Boussole sera rue de Carouge le 24 novembre prochain \u00e0 partir de 18 heures. Seront aussi invit\u00e9s Daniel de Roulet et Christian Garcin. Ceux qui veulent r\u00e9fl\u00e9chir pourront assister au d\u00e9bat du 11 novembre anim\u00e9 par Benito Perez qui interrogera Yves Sancey et Marc Chesney.<\/p>\n<p>Les minutes filent dans cette douceur ambiante empreinte de la curiosit\u00e9 des clients, dont certains posent des questions extr\u00eamement pointues, de la voix d\u2019une repr\u00e9sentante venue d\u00e9voiler des nouveaut\u00e9s \u00ab Jeunesse \u00bb, du bruit lointain des voitures, tout cela rythme mon s\u00e9jour. J\u2019observe rapidement qu\u2019ici le personnel lit les livres, cela ne fait aucun doute. Laura m\u2019explique que c\u2019est l\u00e0 un des aspects cruciaux du m\u00e9tier pour lequel les ann\u00e9es de lecture emmagasin\u00e9es sont d\u00e9terminantes, notamment en ce qui concerne la connaissance des auteurs, de leur style, de leurs sujets de pr\u00e9dilection. Il va de soi que tout n\u2019est pas lu par tout le monde. Lors de la r\u00e9union du lundi, entre autre, chacun parle des livres qu\u2019il a lu et permet ainsi \u00e0 tous de pouvoir conseiller au plus juste. Il arrive cependant qu\u2019un client soit redirig\u00e9 vers la personne connaissant effectivement l\u2019ouvrage, si les demandes s\u2019av\u00e8rent pointilleuses. Laura me r\u00e9v\u00e8le que les acheteurs venant pour des grands-m\u00e8res de nonante ans sont les plus terribles au vu des nombreux sujets \u00e0 \u00e9viter : la Guerre 39\/45, niveau de violence : z\u00e9ro, y compris psychologique, gros caract\u00e8res\u2026 Un vrai d\u00e9fi de gymnaste ! Alors, quand on trouve la perle, on se passe vite le mot pour s\u2019\u00e9viter des maux !<\/p>\n<p>Finalement, je n\u2019ai pas mis la main \u00e0 la p\u00e2te aujourd\u2019hui, je pourrais m\u00eame questionner mon \u00abtravail\u00bb car \u00e0 part feuilleter des livres et des revues, d\u00e9couvrir des publications et des auteurs tout en nourrissant mon imaginaire, je n\u2019ai pas fait grand-chose. Allez, j\u2019ai malgr\u00e9 tout soutenu la librairie en achetant quelques ouvrages. D\u2019ailleurs, je me suis battue contre moi-m\u00eame, car tous ces dictionnaires me faisaient vraiment de l\u2019\u0153il !<\/p>\n<p>Longue vie \u00e0 La Librairie du Boulevard !<\/p>\n<p><em>rue de Carouge 34, Gen\u00e8ve<\/em><\/p>\n<div id=\"crieu-1970619081\" class=\"crieu-apres-le-contenu crieu-entity-placement\" style=\"margin-left: auto;margin-right: auto;text-align: center;\"><script async src=\"\/\/pagead2.googlesyndication.com\/pagead\/js\/adsbygoogle.js?client=ca-pub-5271584769416742\" crossorigin=\"anonymous\"><\/script><ins class=\"adsbygoogle\" style=\"display:block;\" data-ad-client=\"ca-pub-5271584769416742\" \ndata-ad-slot=\"9321250718\" \ndata-ad-format=\"auto\"><\/ins>\n<script> \n(adsbygoogle = window.adsbygoogle || []).push({}); \n<\/script>\n<\/div>","protected":false},"excerpt":{"rendered":"<p>En ce mois de novembre, qui m\u00e9lange impressions d\u2019automne et brises printani\u00e8res, je vous propose de prendre le tram pour rendre une petite visite \u00e0 La Librairie du Boulevard situ\u00e9e <a href=\"https:\/\/bale.ch\/journal\/librairie-boulevard-geneve\/\" class=\"read-more button-fancy -red\"><span class=\"btn-arrow\"><\/span><span class=\"twp-read-more text\">Continuer la lecture<\/span><\/a><\/p>\n","protected":false},"author":5,"featured_media":253,"comment_status":"closed","ping_status":"closed","sticky":false,"template":"","format":"standard","meta":{"footnotes":""},"categories":[38],"tags":[54],"class_list":["post-252","post","type-post","status-publish","format-standard","has-post-thumbnail","hentry","category-geneve-decouverte","tag-carouge"],"yoast_head":"<!-- This site is optimized with the Yoast SEO plugin v28.3 - https:\/\/yoast.com\/product\/yoast-seo-wordpress\/ -->\n<title>\u00c0 la d\u00e9couverte de la librairie autog\u00e9r\u00e9e de la rue de Carouge - Journal de B\u00e2le et Gen\u00e8ve<\/title>\n<meta name=\"robots\" content=\"index, follow, max-snippet:-1, max-image-preview:large, max-video-preview:-1\" \/>\n<link rel=\"canonical\" href=\"https:\/\/bale.ch\/journal\/librairie-boulevard-geneve\/\" \/>\n<meta property=\"og:locale\" content=\"fr_FR\" \/>\n<meta property=\"og:type\" content=\"article\" \/>\n<meta property=\"og:title\" content=\"\u00c0 la d\u00e9couverte de la librairie autog\u00e9r\u00e9e de la rue de Carouge - Journal de B\u00e2le et Gen\u00e8ve\" \/>\n<meta property=\"og:description\" content=\"En ce mois de novembre, qui m\u00e9lange impressions d\u2019automne et brises printani\u00e8res, je vous propose de prendre le tram pour rendre une petite visite \u00e0 La Librairie du Boulevard situ\u00e9e Continuer la lecture\" \/>\n<meta property=\"og:url\" content=\"https:\/\/bale.ch\/journal\/librairie-boulevard-geneve\/\" \/>\n<meta property=\"og:site_name\" content=\"Journal de B\u00e2le et Gen\u00e8ve\" \/>\n<meta property=\"article:published_time\" content=\"2015-11-09T19:23:11+00:00\" \/>\n<meta property=\"article:modified_time\" content=\"2015-11-09T19:39:39+00:00\" \/>\n<meta property=\"og:image\" content=\"https:\/\/bale.ch\/journal\/wp-content\/uploads\/2015\/11\/librairie_boulevard.jpg\" \/>\n\t<meta property=\"og:image:width\" content=\"650\" \/>\n\t<meta property=\"og:image:height\" content=\"433\" \/>\n\t<meta property=\"og:image:type\" content=\"image\/jpeg\" \/>\n<meta name=\"author\" content=\"Natacha de Santignac\" \/>\n<meta name=\"twitter:card\" content=\"summary_large_image\" \/>\n<meta name=\"twitter:label1\" content=\"\u00c9crit par\" \/>\n\t<meta name=\"twitter:data1\" content=\"Natacha de Santignac\" \/>\n\t<meta name=\"twitter:label2\" content=\"Dur\u00e9e de lecture estim\u00e9e\" \/>\n\t<meta name=\"twitter:data2\" content=\"6 minutes\" \/>\n<script type=\"application\/ld+json\" class=\"yoast-schema-graph\">{\"@context\":\"https:\\\/\\\/schema.org\",\"@graph\":[{\"@type\":\"Article\",\"@id\":\"https:\\\/\\\/bale.ch\\\/journal\\\/librairie-boulevard-geneve\\\/#article\",\"isPartOf\":{\"@id\":\"https:\\\/\\\/bale.ch\\\/journal\\\/librairie-boulevard-geneve\\\/\"},\"author\":{\"name\":\"Natacha de Santignac\",\"@id\":\"https:\\\/\\\/bale.ch\\\/journal\\\/#\\\/schema\\\/person\\\/c9c2f300463adf9091a28673ecb80750\"},\"headline\":\"\u00c0 la d\u00e9couverte de la librairie autog\u00e9r\u00e9e de la rue de Carouge\",\"datePublished\":\"2015-11-09T19:23:11+00:00\",\"dateModified\":\"2015-11-09T19:39:39+00:00\",\"mainEntityOfPage\":{\"@id\":\"https:\\\/\\\/bale.ch\\\/journal\\\/librairie-boulevard-geneve\\\/\"},\"wordCount\":1169,\"publisher\":{\"@id\":\"https:\\\/\\\/bale.ch\\\/journal\\\/#organization\"},\"image\":{\"@id\":\"https:\\\/\\\/bale.ch\\\/journal\\\/librairie-boulevard-geneve\\\/#primaryimage\"},\"thumbnailUrl\":\"https:\\\/\\\/bale.ch\\\/journal\\\/wp-content\\\/uploads\\\/2015\\\/11\\\/librairie_boulevard.jpg\",\"keywords\":[\"Carouge\"],\"articleSection\":[\"Gen\u00e8ve D\u00e9couverte\"],\"inLanguage\":\"fr-FR\"},{\"@type\":\"WebPage\",\"@id\":\"https:\\\/\\\/bale.ch\\\/journal\\\/librairie-boulevard-geneve\\\/\",\"url\":\"https:\\\/\\\/bale.ch\\\/journal\\\/librairie-boulevard-geneve\\\/\",\"name\":\"\u00c0 la d\u00e9couverte de la librairie autog\u00e9r\u00e9e de la rue de Carouge - Journal de B\u00e2le et Gen\u00e8ve\",\"isPartOf\":{\"@id\":\"https:\\\/\\\/bale.ch\\\/journal\\\/#website\"},\"primaryImageOfPage\":{\"@id\":\"https:\\\/\\\/bale.ch\\\/journal\\\/librairie-boulevard-geneve\\\/#primaryimage\"},\"image\":{\"@id\":\"https:\\\/\\\/bale.ch\\\/journal\\\/librairie-boulevard-geneve\\\/#primaryimage\"},\"thumbnailUrl\":\"https:\\\/\\\/bale.ch\\\/journal\\\/wp-content\\\/uploads\\\/2015\\\/11\\\/librairie_boulevard.jpg\",\"datePublished\":\"2015-11-09T19:23:11+00:00\",\"dateModified\":\"2015-11-09T19:39:39+00:00\",\"breadcrumb\":{\"@id\":\"https:\\\/\\\/bale.ch\\\/journal\\\/librairie-boulevard-geneve\\\/#breadcrumb\"},\"inLanguage\":\"fr-FR\",\"potentialAction\":[{\"@type\":\"ReadAction\",\"target\":[\"https:\\\/\\\/bale.ch\\\/journal\\\/librairie-boulevard-geneve\\\/\"]}]},{\"@type\":\"ImageObject\",\"inLanguage\":\"fr-FR\",\"@id\":\"https:\\\/\\\/bale.ch\\\/journal\\\/librairie-boulevard-geneve\\\/#primaryimage\",\"url\":\"https:\\\/\\\/bale.ch\\\/journal\\\/wp-content\\\/uploads\\\/2015\\\/11\\\/librairie_boulevard.jpg\",\"contentUrl\":\"https:\\\/\\\/bale.ch\\\/journal\\\/wp-content\\\/uploads\\\/2015\\\/11\\\/librairie_boulevard.jpg\",\"width\":650,\"height\":433},{\"@type\":\"BreadcrumbList\",\"@id\":\"https:\\\/\\\/bale.ch\\\/journal\\\/librairie-boulevard-geneve\\\/#breadcrumb\",\"itemListElement\":[{\"@type\":\"ListItem\",\"position\":1,\"name\":\"Accueil\",\"item\":\"https:\\\/\\\/bale.ch\\\/journal\\\/\"},{\"@type\":\"ListItem\",\"position\":2,\"name\":\"\u00c0 la d\u00e9couverte de la librairie autog\u00e9r\u00e9e de la rue de Carouge\"}]},{\"@type\":\"WebSite\",\"@id\":\"https:\\\/\\\/bale.ch\\\/journal\\\/#website\",\"url\":\"https:\\\/\\\/bale.ch\\\/journal\\\/\",\"name\":\"Journal de B\u00e2le et Gen\u00e8ve\",\"description\":\"M\u00e9dia transfrontalier d&#039;actualit\u00e9s - News\",\"publisher\":{\"@id\":\"https:\\\/\\\/bale.ch\\\/journal\\\/#organization\"},\"potentialAction\":[{\"@type\":\"SearchAction\",\"target\":{\"@type\":\"EntryPoint\",\"urlTemplate\":\"https:\\\/\\\/bale.ch\\\/journal\\\/?s={search_term_string}\"},\"query-input\":{\"@type\":\"PropertyValueSpecification\",\"valueRequired\":true,\"valueName\":\"search_term_string\"}}],\"inLanguage\":\"fr-FR\"},{\"@type\":\"Organization\",\"@id\":\"https:\\\/\\\/bale.ch\\\/journal\\\/#organization\",\"name\":\"Journal de B\u00e2le et Gen\u00e8ve\",\"url\":\"https:\\\/\\\/bale.ch\\\/journal\\\/\",\"logo\":{\"@type\":\"ImageObject\",\"inLanguage\":\"fr-FR\",\"@id\":\"https:\\\/\\\/bale.ch\\\/journal\\\/#\\\/schema\\\/logo\\\/image\\\/\",\"url\":\"https:\\\/\\\/bale.ch\\\/journal\\\/wp-content\\\/uploads\\\/2023\\\/07\\\/journaldebale_logo_2023_nb.png\",\"contentUrl\":\"https:\\\/\\\/bale.ch\\\/journal\\\/wp-content\\\/uploads\\\/2023\\\/07\\\/journaldebale_logo_2023_nb.png\",\"width\":371,\"height\":127,\"caption\":\"Journal de B\u00e2le et Gen\u00e8ve\"},\"image\":{\"@id\":\"https:\\\/\\\/bale.ch\\\/journal\\\/#\\\/schema\\\/logo\\\/image\\\/\"}},{\"@type\":\"Person\",\"@id\":\"https:\\\/\\\/bale.ch\\\/journal\\\/#\\\/schema\\\/person\\\/c9c2f300463adf9091a28673ecb80750\",\"name\":\"Natacha de Santignac\",\"image\":{\"@type\":\"ImageObject\",\"inLanguage\":\"fr-FR\",\"@id\":\"https:\\\/\\\/secure.gravatar.com\\\/avatar\\\/bf2e26e0c999fa3e29ea55d852a513d13a609e3bf13537baf6fcc8306b6a0cdf?s=96&d=mm&r=g\",\"url\":\"https:\\\/\\\/secure.gravatar.com\\\/avatar\\\/bf2e26e0c999fa3e29ea55d852a513d13a609e3bf13537baf6fcc8306b6a0cdf?s=96&d=mm&r=g\",\"contentUrl\":\"https:\\\/\\\/secure.gravatar.com\\\/avatar\\\/bf2e26e0c999fa3e29ea55d852a513d13a609e3bf13537baf6fcc8306b6a0cdf?s=96&d=mm&r=g\",\"caption\":\"Natacha de Santignac\"},\"description\":\"kaleidoscopes.ch\",\"sameAs\":[\"http:\\\/\\\/kaleidoscopes.ch\"],\"url\":\"https:\\\/\\\/bale.ch\\\/journal\\\/author\\\/nds\\\/\"}]}<\/script>\n<!-- \/ Yoast SEO plugin. -->","yoast_head_json":{"title":"\u00c0 la d\u00e9couverte de la librairie autog\u00e9r\u00e9e de la rue de Carouge - Journal de B\u00e2le et Gen\u00e8ve","robots":{"index":"index","follow":"follow","max-snippet":"max-snippet:-1","max-image-preview":"max-image-preview:large","max-video-preview":"max-video-preview:-1"},"canonical":"https:\/\/bale.ch\/journal\/librairie-boulevard-geneve\/","og_locale":"fr_FR","og_type":"article","og_title":"\u00c0 la d\u00e9couverte de la librairie autog\u00e9r\u00e9e de la rue de Carouge - Journal de B\u00e2le et Gen\u00e8ve","og_description":"En ce mois de novembre, qui m\u00e9lange impressions d\u2019automne et brises printani\u00e8res, je vous propose de prendre le tram pour rendre une petite visite \u00e0 La Librairie du Boulevard situ\u00e9e Continuer la lecture","og_url":"https:\/\/bale.ch\/journal\/librairie-boulevard-geneve\/","og_site_name":"Journal de B\u00e2le et Gen\u00e8ve","article_published_time":"2015-11-09T19:23:11+00:00","article_modified_time":"2015-11-09T19:39:39+00:00","og_image":[{"width":650,"height":433,"url":"https:\/\/bale.ch\/journal\/wp-content\/uploads\/2015\/11\/librairie_boulevard.jpg","type":"image\/jpeg"}],"author":"Natacha de Santignac","twitter_card":"summary_large_image","twitter_misc":{"\u00c9crit par":"Natacha de Santignac","Dur\u00e9e de lecture estim\u00e9e":"6 minutes"},"schema":{"@context":"https:\/\/schema.org","@graph":[{"@type":"Article","@id":"https:\/\/bale.ch\/journal\/librairie-boulevard-geneve\/#article","isPartOf":{"@id":"https:\/\/bale.ch\/journal\/librairie-boulevard-geneve\/"},"author":{"name":"Natacha de Santignac","@id":"https:\/\/bale.ch\/journal\/#\/schema\/person\/c9c2f300463adf9091a28673ecb80750"},"headline":"\u00c0 la d\u00e9couverte de la librairie autog\u00e9r\u00e9e de la rue de Carouge","datePublished":"2015-11-09T19:23:11+00:00","dateModified":"2015-11-09T19:39:39+00:00","mainEntityOfPage":{"@id":"https:\/\/bale.ch\/journal\/librairie-boulevard-geneve\/"},"wordCount":1169,"publisher":{"@id":"https:\/\/bale.ch\/journal\/#organization"},"image":{"@id":"https:\/\/bale.ch\/journal\/librairie-boulevard-geneve\/#primaryimage"},"thumbnailUrl":"https:\/\/bale.ch\/journal\/wp-content\/uploads\/2015\/11\/librairie_boulevard.jpg","keywords":["Carouge"],"articleSection":["Gen\u00e8ve D\u00e9couverte"],"inLanguage":"fr-FR"},{"@type":"WebPage","@id":"https:\/\/bale.ch\/journal\/librairie-boulevard-geneve\/","url":"https:\/\/bale.ch\/journal\/librairie-boulevard-geneve\/","name":"\u00c0 la d\u00e9couverte de la librairie autog\u00e9r\u00e9e de la rue de Carouge - Journal de B\u00e2le et Gen\u00e8ve","isPartOf":{"@id":"https:\/\/bale.ch\/journal\/#website"},"primaryImageOfPage":{"@id":"https:\/\/bale.ch\/journal\/librairie-boulevard-geneve\/#primaryimage"},"image":{"@id":"https:\/\/bale.ch\/journal\/librairie-boulevard-geneve\/#primaryimage"},"thumbnailUrl":"https:\/\/bale.ch\/journal\/wp-content\/uploads\/2015\/11\/librairie_boulevard.jpg","datePublished":"2015-11-09T19:23:11+00:00","dateModified":"2015-11-09T19:39:39+00:00","breadcrumb":{"@id":"https:\/\/bale.ch\/journal\/librairie-boulevard-geneve\/#breadcrumb"},"inLanguage":"fr-FR","potentialAction":[{"@type":"ReadAction","target":["https:\/\/bale.ch\/journal\/librairie-boulevard-geneve\/"]}]},{"@type":"ImageObject","inLanguage":"fr-FR","@id":"https:\/\/bale.ch\/journal\/librairie-boulevard-geneve\/#primaryimage","url":"https:\/\/bale.ch\/journal\/wp-content\/uploads\/2015\/11\/librairie_boulevard.jpg","contentUrl":"https:\/\/bale.ch\/journal\/wp-content\/uploads\/2015\/11\/librairie_boulevard.jpg","width":650,"height":433},{"@type":"BreadcrumbList","@id":"https:\/\/bale.ch\/journal\/librairie-boulevard-geneve\/#breadcrumb","itemListElement":[{"@type":"ListItem","position":1,"name":"Accueil","item":"https:\/\/bale.ch\/journal\/"},{"@type":"ListItem","position":2,"name":"\u00c0 la d\u00e9couverte de la librairie autog\u00e9r\u00e9e de la rue de Carouge"}]},{"@type":"WebSite","@id":"https:\/\/bale.ch\/journal\/#website","url":"https:\/\/bale.ch\/journal\/","name":"Journal de B\u00e2le et Gen\u00e8ve","description":"M\u00e9dia transfrontalier d&#039;actualit\u00e9s - News","publisher":{"@id":"https:\/\/bale.ch\/journal\/#organization"},"potentialAction":[{"@type":"SearchAction","target":{"@type":"EntryPoint","urlTemplate":"https:\/\/bale.ch\/journal\/?s={search_term_string}"},"query-input":{"@type":"PropertyValueSpecification","valueRequired":true,"valueName":"search_term_string"}}],"inLanguage":"fr-FR"},{"@type":"Organization","@id":"https:\/\/bale.ch\/journal\/#organization","name":"Journal de B\u00e2le et Gen\u00e8ve","url":"https:\/\/bale.ch\/journal\/","logo":{"@type":"ImageObject","inLanguage":"fr-FR","@id":"https:\/\/bale.ch\/journal\/#\/schema\/logo\/image\/","url":"https:\/\/bale.ch\/journal\/wp-content\/uploads\/2023\/07\/journaldebale_logo_2023_nb.png","contentUrl":"https:\/\/bale.ch\/journal\/wp-content\/uploads\/2023\/07\/journaldebale_logo_2023_nb.png","width":371,"height":127,"caption":"Journal de B\u00e2le et Gen\u00e8ve"},"image":{"@id":"https:\/\/bale.ch\/journal\/#\/schema\/logo\/image\/"}},{"@type":"Person","@id":"https:\/\/bale.ch\/journal\/#\/schema\/person\/c9c2f300463adf9091a28673ecb80750","name":"Natacha de Santignac","image":{"@type":"ImageObject","inLanguage":"fr-FR","@id":"https:\/\/secure.gravatar.com\/avatar\/bf2e26e0c999fa3e29ea55d852a513d13a609e3bf13537baf6fcc8306b6a0cdf?s=96&d=mm&r=g","url":"https:\/\/secure.gravatar.com\/avatar\/bf2e26e0c999fa3e29ea55d852a513d13a609e3bf13537baf6fcc8306b6a0cdf?s=96&d=mm&r=g","contentUrl":"https:\/\/secure.gravatar.com\/avatar\/bf2e26e0c999fa3e29ea55d852a513d13a609e3bf13537baf6fcc8306b6a0cdf?s=96&d=mm&r=g","caption":"Natacha de Santignac"},"description":"kaleidoscopes.ch","sameAs":["http:\/\/kaleidoscopes.ch"],"url":"https:\/\/bale.ch\/journal\/author\/nds\/"}]}},"_links":{"self":[{"href":"https:\/\/bale.ch\/journal\/wp-json\/wp\/v2\/posts\/252","targetHints":{"allow":["GET"]}}],"collection":[{"href":"https:\/\/bale.ch\/journal\/wp-json\/wp\/v2\/posts"}],"about":[{"href":"https:\/\/bale.ch\/journal\/wp-json\/wp\/v2\/types\/post"}],"author":[{"embeddable":true,"href":"https:\/\/bale.ch\/journal\/wp-json\/wp\/v2\/users\/5"}],"replies":[{"embeddable":true,"href":"https:\/\/bale.ch\/journal\/wp-json\/wp\/v2\/comments?post=252"}],"version-history":[{"count":9,"href":"https:\/\/bale.ch\/journal\/wp-json\/wp\/v2\/posts\/252\/revisions"}],"predecessor-version":[{"id":263,"href":"https:\/\/bale.ch\/journal\/wp-json\/wp\/v2\/posts\/252\/revisions\/263"}],"wp:featuredmedia":[{"embeddable":true,"href":"https:\/\/bale.ch\/journal\/wp-json\/wp\/v2\/media\/253"}],"wp:attachment":[{"href":"https:\/\/bale.ch\/journal\/wp-json\/wp\/v2\/media?parent=252"}],"wp:term":[{"taxonomy":"category","embeddable":true,"href":"https:\/\/bale.ch\/journal\/wp-json\/wp\/v2\/categories?post=252"},{"taxonomy":"post_tag","embeddable":true,"href":"https:\/\/bale.ch\/journal\/wp-json\/wp\/v2\/tags?post=252"}],"curies":[{"name":"wp","href":"https:\/\/api.w.org\/{rel}","templated":true}]}}