{"id":2535,"date":"2020-01-11T15:48:24","date_gmt":"2020-01-11T15:48:24","guid":{"rendered":"http:\/\/bale.ch\/journal\/?p=2535"},"modified":"2020-01-11T16:03:07","modified_gmt":"2020-01-11T16:03:07","slug":"la-nuit-des-musees-de-bale-fete-ses-20-ans-le-17-janvier","status":"publish","type":"post","link":"https:\/\/bale.ch\/journal\/la-nuit-des-musees-de-bale-fete-ses-20-ans-le-17-janvier\/","title":{"rendered":"La nuit des mus\u00e9es de B\u00e2le f\u00eate ses 20 ans le 17 janvier"},"content":{"rendered":"\n<p class=\"wp-block-paragraph\"><strong>Le vendredi 17 janvier 2020, vous aurez toute la nuit pour d\u00e9couvrir les collections et expositions de nombreux mus\u00e9es de la ville.<\/strong><\/p>\n\n\n\n<p class=\"wp-block-paragraph\">Un seul billet permet une visite nocturne \u00e0 travers le paysage mus\u00e9al trinational, \u00e0 savoir&nbsp; 38&nbsp;mus\u00e9es et institutions culturelles de B\u00e2le et sa r\u00e9gion. Une nuit riche en exp\u00e9riences culturelles avec des d\u00e9couvertes passionnantes, des moments agr\u00e9ables et des rencontres int\u00e9ressantes et inhabituelles avec les objets, les mat\u00e9riaux&#8230; et les gens. L\u2019ambiance se veut populaire et festive pour contraster avec la traditionnelle visite de mus\u00e9e.&nbsp; <\/p>\n\n\n\n<p class=\"wp-block-paragraph\">Parmi les activit\u00e9s, dont certaines sont en fran\u00e7ais: des ateliers, de la musique,&nbsp;des projections, des lectures,&nbsp;des expositions&#8230; Ce sont plus de 200 qui sont propos\u00e9es!<\/p><div id=\"crieu-3291290329\" class=\"crieu-content crieu-entity-placement\"><script async src=\"\/\/pagead2.googlesyndication.com\/pagead\/js\/adsbygoogle.js?client=ca-pub-5271584769416742\" crossorigin=\"anonymous\"><\/script><ins class=\"adsbygoogle\" style=\"display:block;\" data-ad-client=\"ca-pub-5271584769416742\" \ndata-ad-slot=\"9321250718\" \ndata-ad-format=\"auto\"><\/ins>\n<script> \n(adsbygoogle = window.adsbygoogle || []).push({}); \n<\/script>\n<\/div>\n\n\n\n<p class=\"wp-block-paragraph\">Le billet de la nuit des mus\u00e9es permet de voyager gratuitement sur tout le r\u00e9seau de transports publics TNW, RVL et Distribus, ainsi que sur les bateaux et bus navettes. Pour les personnes \u00e2g\u00e9es et handicap\u00e9es, trois v\u00e9hicules pouvant accueillir des fauteuils roulants sont disponibles sur la M\u00fcnsterplatz et il est \u00e9galement possible de rentrer gratuitement chez soi avec les bus, les trams et les trains r\u00e9gionaux express du r\u00e9seau de nuit TNW. Les visiteurs venus de la partie allemande de l&rsquo;agglom\u00e9ration peuvent acheter un billet <em>Museumsnacht-DB<\/em>, qui comprend le voyage retour avec les trains de nuit direction Zell (Wiesental), Fribourg-en-Brisgau et Waldshut.<\/p>\n\n\n\n<p class=\"wp-block-paragraph\">Lieux participants:<\/p>\n\n\n\n<ul class=\"wp-block-list\"><li>Anatomisches Museum Basel,<\/li><li>Antikenmuseum Basel,<\/li><li>Basler Papierm\u00fchle,<\/li><li>Basler Rathaus,<\/li><li>Botanischer Garten (jardin botanique de l&rsquo;Universit\u00e9 de B\u00e2le),<\/li><li>Cartoonmuseum Basel,<\/li><li>HEK (Haus Der Elektronischen K\u00fcnste),<\/li><li>Historisches Museum Basel,<\/li><li>J\u00fcdisches Museum der Schweiz,<\/li><li>Kaserne Basel,<\/li><li>Kunsthalle Basel,<\/li><li>Kunstmuseum Basel,&nbsp;<\/li><li>Museum f\u00fcr Musikautomaten,<\/li><li>Mus\u00e9e Tinguely \u00e0 B\u00e2le,<\/li><li>Musik-Akademie Basel,<\/li><li>Mus\u00e9e Historique de la ville,<\/li><li>Pharmaziemuseum Basel,<\/li><li>le Spielzeug Welten Museum <\/li><\/ul>\n\n\n\n<p class=\"wp-block-paragraph\">Des mus\u00e9es de l&rsquo;agglom\u00e9ration des Trois Fronti\u00e8res participent eux aussi \u00e0 l&rsquo;\u00e9v\u00e9nement : la Fondation Fernet-Branca \u00e0 Saint Louis ou le Vitra Museum de Weil-am-Rhein sont par exemple des partenaires de cet \u00e9v\u00e9nement.<\/p>\n\n\n\n<p class=\"wp-block-paragraph\">Cat\u00e9gories et prix des billets:<br>\u2022 Billet moins de 26 ans: gratuit (sur pr\u00e9sentation d\u2019un document d\u2019identit\u00e9)<br>\u2022 Billet  Museums-PASS-Mus\u00e9es : CHF 19.\u2013 \/ EUR 18,00<br>\u2022 Billet plein tarif: CHF 24.\u2013 \/ EUR 23,00<br>\u2022 Billet DB: CHF 30.\u2013 \/ EUR 28,00&nbsp; (train de nuit au d\u00e9part de la Badischer Bahnhof compris).<\/p>\n\n\n\n<p class=\"wp-block-paragraph\">Vendredi 17 janvier 2020 de 18:00 \u00e0 02:00<\/p>\n\n\n\n<p class=\"wp-block-paragraph\"><a rel=\"noreferrer noopener\" href=\"https:\/\/www.museumsnacht.ch\/\" target=\"_blank\"><strong>www.museumsnacht.ch<\/strong><\/a><\/p>\n<div id=\"crieu-1131176879\" class=\"crieu-apres-le-contenu crieu-entity-placement\" style=\"margin-left: auto;margin-right: auto;text-align: center;\"><script async src=\"\/\/pagead2.googlesyndication.com\/pagead\/js\/adsbygoogle.js?client=ca-pub-5271584769416742\" crossorigin=\"anonymous\"><\/script><ins class=\"adsbygoogle\" style=\"display:block;\" data-ad-client=\"ca-pub-5271584769416742\" \ndata-ad-slot=\"9321250718\" \ndata-ad-format=\"auto\"><\/ins>\n<script> \n(adsbygoogle = window.adsbygoogle || []).push({}); \n<\/script>\n<\/div>","protected":false},"excerpt":{"rendered":"<p>Le vendredi 17 janvier 2020, vous aurez toute la nuit pour d\u00e9couvrir les collections et expositions de nombreux mus\u00e9es de la ville. Un seul billet permet une visite nocturne \u00e0 <a href=\"https:\/\/bale.ch\/journal\/la-nuit-des-musees-de-bale-fete-ses-20-ans-le-17-janvier\/\" class=\"read-more button-fancy -red\"><span class=\"btn-arrow\"><\/span><span class=\"twp-read-more text\">Continuer la lecture<\/span><\/a><\/p>\n","protected":false},"author":43,"featured_media":2536,"comment_status":"closed","ping_status":"closed","sticky":false,"template":"","format":"standard","meta":{"footnotes":""},"categories":[103,7,18],"tags":[60,123,121],"class_list":["post-2535","post","type-post","status-publish","format-standard","has-post-thumbnail","hentry","category-actu","category-bale","category-sortir","tag-bale","tag-basel","tag-nuit-des-musees"],"yoast_head":"<!-- This site is optimized with the Yoast SEO plugin v28.3 - https:\/\/yoast.com\/product\/yoast-seo-wordpress\/ -->\n<title>La nuit des mus\u00e9es de B\u00e2le f\u00eate ses 20 ans le 17 janvier - Journal de B\u00e2le et Gen\u00e8ve<\/title>\n<meta name=\"robots\" content=\"index, follow, max-snippet:-1, max-image-preview:large, max-video-preview:-1\" \/>\n<link rel=\"canonical\" href=\"https:\/\/bale.ch\/journal\/la-nuit-des-musees-de-bale-fete-ses-20-ans-le-17-janvier\/\" \/>\n<meta property=\"og:locale\" content=\"fr_FR\" \/>\n<meta property=\"og:type\" content=\"article\" \/>\n<meta property=\"og:title\" content=\"La nuit des mus\u00e9es de B\u00e2le f\u00eate ses 20 ans le 17 janvier - Journal de B\u00e2le et Gen\u00e8ve\" \/>\n<meta property=\"og:description\" content=\"Le vendredi 17 janvier 2020, vous aurez toute la nuit pour d\u00e9couvrir les collections et expositions de nombreux mus\u00e9es de la ville. Un seul billet permet une visite nocturne \u00e0 Continuer la lecture\" \/>\n<meta property=\"og:url\" content=\"https:\/\/bale.ch\/journal\/la-nuit-des-musees-de-bale-fete-ses-20-ans-le-17-janvier\/\" \/>\n<meta property=\"og:site_name\" content=\"Journal de B\u00e2le et Gen\u00e8ve\" \/>\n<meta property=\"article:published_time\" content=\"2020-01-11T15:48:24+00:00\" \/>\n<meta property=\"article:modified_time\" content=\"2020-01-11T16:03:07+00:00\" \/>\n<meta property=\"og:image\" content=\"https:\/\/bale.ch\/journal\/wp-content\/uploads\/2020\/01\/museumsnacht_basel_nuit_des_musees_bale_juliansalinas_kunstmuseum.jpg\" \/>\n\t<meta property=\"og:image:width\" content=\"900\" \/>\n\t<meta property=\"og:image:height\" content=\"484\" \/>\n\t<meta property=\"og:image:type\" content=\"image\/jpeg\" \/>\n<meta name=\"author\" content=\"Elodie Silva\" \/>\n<meta name=\"twitter:card\" content=\"summary_large_image\" \/>\n<meta name=\"twitter:label1\" content=\"\u00c9crit par\" \/>\n\t<meta name=\"twitter:data1\" content=\"Elodie Silva\" \/>\n\t<meta name=\"twitter:label2\" content=\"Dur\u00e9e de lecture estim\u00e9e\" \/>\n\t<meta name=\"twitter:data2\" content=\"2 minutes\" \/>\n<script type=\"application\/ld+json\" class=\"yoast-schema-graph\">{\"@context\":\"https:\\\/\\\/schema.org\",\"@graph\":[{\"@type\":\"Article\",\"@id\":\"https:\\\/\\\/bale.ch\\\/journal\\\/la-nuit-des-musees-de-bale-fete-ses-20-ans-le-17-janvier\\\/#article\",\"isPartOf\":{\"@id\":\"https:\\\/\\\/bale.ch\\\/journal\\\/la-nuit-des-musees-de-bale-fete-ses-20-ans-le-17-janvier\\\/\"},\"author\":{\"name\":\"Elodie Silva\",\"@id\":\"https:\\\/\\\/bale.ch\\\/journal\\\/#\\\/schema\\\/person\\\/e3e5eeffae523f19b12d7057ced45a2b\"},\"headline\":\"La nuit des mus\u00e9es de B\u00e2le f\u00eate ses 20 ans le 17 janvier\",\"datePublished\":\"2020-01-11T15:48:24+00:00\",\"dateModified\":\"2020-01-11T16:03:07+00:00\",\"mainEntityOfPage\":{\"@id\":\"https:\\\/\\\/bale.ch\\\/journal\\\/la-nuit-des-musees-de-bale-fete-ses-20-ans-le-17-janvier\\\/\"},\"wordCount\":413,\"publisher\":{\"@id\":\"https:\\\/\\\/bale.ch\\\/journal\\\/#organization\"},\"image\":{\"@id\":\"https:\\\/\\\/bale.ch\\\/journal\\\/la-nuit-des-musees-de-bale-fete-ses-20-ans-le-17-janvier\\\/#primaryimage\"},\"thumbnailUrl\":\"https:\\\/\\\/bale.ch\\\/journal\\\/wp-content\\\/uploads\\\/2020\\\/01\\\/museumsnacht_basel_nuit_des_musees_bale_juliansalinas_kunstmuseum.jpg\",\"keywords\":[\"B\u00e2le\",\"Basel\",\"nuit des mus\u00e9es\"],\"articleSection\":[\"Actualit\u00e9s\",\"B\u00e2le Trinationale\",\"Sortir\"],\"inLanguage\":\"fr-FR\"},{\"@type\":\"WebPage\",\"@id\":\"https:\\\/\\\/bale.ch\\\/journal\\\/la-nuit-des-musees-de-bale-fete-ses-20-ans-le-17-janvier\\\/\",\"url\":\"https:\\\/\\\/bale.ch\\\/journal\\\/la-nuit-des-musees-de-bale-fete-ses-20-ans-le-17-janvier\\\/\",\"name\":\"La nuit des mus\u00e9es de B\u00e2le f\u00eate ses 20 ans le 17 janvier - Journal de B\u00e2le et Gen\u00e8ve\",\"isPartOf\":{\"@id\":\"https:\\\/\\\/bale.ch\\\/journal\\\/#website\"},\"primaryImageOfPage\":{\"@id\":\"https:\\\/\\\/bale.ch\\\/journal\\\/la-nuit-des-musees-de-bale-fete-ses-20-ans-le-17-janvier\\\/#primaryimage\"},\"image\":{\"@id\":\"https:\\\/\\\/bale.ch\\\/journal\\\/la-nuit-des-musees-de-bale-fete-ses-20-ans-le-17-janvier\\\/#primaryimage\"},\"thumbnailUrl\":\"https:\\\/\\\/bale.ch\\\/journal\\\/wp-content\\\/uploads\\\/2020\\\/01\\\/museumsnacht_basel_nuit_des_musees_bale_juliansalinas_kunstmuseum.jpg\",\"datePublished\":\"2020-01-11T15:48:24+00:00\",\"dateModified\":\"2020-01-11T16:03:07+00:00\",\"breadcrumb\":{\"@id\":\"https:\\\/\\\/bale.ch\\\/journal\\\/la-nuit-des-musees-de-bale-fete-ses-20-ans-le-17-janvier\\\/#breadcrumb\"},\"inLanguage\":\"fr-FR\",\"potentialAction\":[{\"@type\":\"ReadAction\",\"target\":[\"https:\\\/\\\/bale.ch\\\/journal\\\/la-nuit-des-musees-de-bale-fete-ses-20-ans-le-17-janvier\\\/\"]}]},{\"@type\":\"ImageObject\",\"inLanguage\":\"fr-FR\",\"@id\":\"https:\\\/\\\/bale.ch\\\/journal\\\/la-nuit-des-musees-de-bale-fete-ses-20-ans-le-17-janvier\\\/#primaryimage\",\"url\":\"https:\\\/\\\/bale.ch\\\/journal\\\/wp-content\\\/uploads\\\/2020\\\/01\\\/museumsnacht_basel_nuit_des_musees_bale_juliansalinas_kunstmuseum.jpg\",\"contentUrl\":\"https:\\\/\\\/bale.ch\\\/journal\\\/wp-content\\\/uploads\\\/2020\\\/01\\\/museumsnacht_basel_nuit_des_musees_bale_juliansalinas_kunstmuseum.jpg\",\"width\":900,\"height\":484},{\"@type\":\"BreadcrumbList\",\"@id\":\"https:\\\/\\\/bale.ch\\\/journal\\\/la-nuit-des-musees-de-bale-fete-ses-20-ans-le-17-janvier\\\/#breadcrumb\",\"itemListElement\":[{\"@type\":\"ListItem\",\"position\":1,\"name\":\"Accueil\",\"item\":\"https:\\\/\\\/bale.ch\\\/journal\\\/\"},{\"@type\":\"ListItem\",\"position\":2,\"name\":\"La nuit des mus\u00e9es de B\u00e2le f\u00eate ses 20 ans le 17 janvier\"}]},{\"@type\":\"WebSite\",\"@id\":\"https:\\\/\\\/bale.ch\\\/journal\\\/#website\",\"url\":\"https:\\\/\\\/bale.ch\\\/journal\\\/\",\"name\":\"Journal de B\u00e2le et Gen\u00e8ve\",\"description\":\"M\u00e9dia transfrontalier d&#039;actualit\u00e9s - News\",\"publisher\":{\"@id\":\"https:\\\/\\\/bale.ch\\\/journal\\\/#organization\"},\"potentialAction\":[{\"@type\":\"SearchAction\",\"target\":{\"@type\":\"EntryPoint\",\"urlTemplate\":\"https:\\\/\\\/bale.ch\\\/journal\\\/?s={search_term_string}\"},\"query-input\":{\"@type\":\"PropertyValueSpecification\",\"valueRequired\":true,\"valueName\":\"search_term_string\"}}],\"inLanguage\":\"fr-FR\"},{\"@type\":\"Organization\",\"@id\":\"https:\\\/\\\/bale.ch\\\/journal\\\/#organization\",\"name\":\"Journal de B\u00e2le et Gen\u00e8ve\",\"url\":\"https:\\\/\\\/bale.ch\\\/journal\\\/\",\"logo\":{\"@type\":\"ImageObject\",\"inLanguage\":\"fr-FR\",\"@id\":\"https:\\\/\\\/bale.ch\\\/journal\\\/#\\\/schema\\\/logo\\\/image\\\/\",\"url\":\"https:\\\/\\\/bale.ch\\\/journal\\\/wp-content\\\/uploads\\\/2023\\\/07\\\/journaldebale_logo_2023_nb.png\",\"contentUrl\":\"https:\\\/\\\/bale.ch\\\/journal\\\/wp-content\\\/uploads\\\/2023\\\/07\\\/journaldebale_logo_2023_nb.png\",\"width\":371,\"height\":127,\"caption\":\"Journal de B\u00e2le et Gen\u00e8ve\"},\"image\":{\"@id\":\"https:\\\/\\\/bale.ch\\\/journal\\\/#\\\/schema\\\/logo\\\/image\\\/\"}},{\"@type\":\"Person\",\"@id\":\"https:\\\/\\\/bale.ch\\\/journal\\\/#\\\/schema\\\/person\\\/e3e5eeffae523f19b12d7057ced45a2b\",\"name\":\"Elodie Silva\",\"image\":{\"@type\":\"ImageObject\",\"inLanguage\":\"fr-FR\",\"@id\":\"https:\\\/\\\/secure.gravatar.com\\\/avatar\\\/f76593021159ecd3226293e7c461386bfd009157e6c549bc9b418d0a2db47041?s=96&d=mm&r=g\",\"url\":\"https:\\\/\\\/secure.gravatar.com\\\/avatar\\\/f76593021159ecd3226293e7c461386bfd009157e6c549bc9b418d0a2db47041?s=96&d=mm&r=g\",\"contentUrl\":\"https:\\\/\\\/secure.gravatar.com\\\/avatar\\\/f76593021159ecd3226293e7c461386bfd009157e6c549bc9b418d0a2db47041?s=96&d=mm&r=g\",\"caption\":\"Elodie Silva\"},\"url\":\"https:\\\/\\\/bale.ch\\\/journal\\\/author\\\/elodiesilva\\\/\"}]}<\/script>\n<!-- \/ Yoast SEO plugin. -->","yoast_head_json":{"title":"La nuit des mus\u00e9es de B\u00e2le f\u00eate ses 20 ans le 17 janvier - Journal de B\u00e2le et Gen\u00e8ve","robots":{"index":"index","follow":"follow","max-snippet":"max-snippet:-1","max-image-preview":"max-image-preview:large","max-video-preview":"max-video-preview:-1"},"canonical":"https:\/\/bale.ch\/journal\/la-nuit-des-musees-de-bale-fete-ses-20-ans-le-17-janvier\/","og_locale":"fr_FR","og_type":"article","og_title":"La nuit des mus\u00e9es de B\u00e2le f\u00eate ses 20 ans le 17 janvier - Journal de B\u00e2le et Gen\u00e8ve","og_description":"Le vendredi 17 janvier 2020, vous aurez toute la nuit pour d\u00e9couvrir les collections et expositions de nombreux mus\u00e9es de la ville. Un seul billet permet une visite nocturne \u00e0 Continuer la lecture","og_url":"https:\/\/bale.ch\/journal\/la-nuit-des-musees-de-bale-fete-ses-20-ans-le-17-janvier\/","og_site_name":"Journal de B\u00e2le et Gen\u00e8ve","article_published_time":"2020-01-11T15:48:24+00:00","article_modified_time":"2020-01-11T16:03:07+00:00","og_image":[{"width":900,"height":484,"url":"https:\/\/bale.ch\/journal\/wp-content\/uploads\/2020\/01\/museumsnacht_basel_nuit_des_musees_bale_juliansalinas_kunstmuseum.jpg","type":"image\/jpeg"}],"author":"Elodie Silva","twitter_card":"summary_large_image","twitter_misc":{"\u00c9crit par":"Elodie Silva","Dur\u00e9e de lecture estim\u00e9e":"2 minutes"},"schema":{"@context":"https:\/\/schema.org","@graph":[{"@type":"Article","@id":"https:\/\/bale.ch\/journal\/la-nuit-des-musees-de-bale-fete-ses-20-ans-le-17-janvier\/#article","isPartOf":{"@id":"https:\/\/bale.ch\/journal\/la-nuit-des-musees-de-bale-fete-ses-20-ans-le-17-janvier\/"},"author":{"name":"Elodie Silva","@id":"https:\/\/bale.ch\/journal\/#\/schema\/person\/e3e5eeffae523f19b12d7057ced45a2b"},"headline":"La nuit des mus\u00e9es de B\u00e2le f\u00eate ses 20 ans le 17 janvier","datePublished":"2020-01-11T15:48:24+00:00","dateModified":"2020-01-11T16:03:07+00:00","mainEntityOfPage":{"@id":"https:\/\/bale.ch\/journal\/la-nuit-des-musees-de-bale-fete-ses-20-ans-le-17-janvier\/"},"wordCount":413,"publisher":{"@id":"https:\/\/bale.ch\/journal\/#organization"},"image":{"@id":"https:\/\/bale.ch\/journal\/la-nuit-des-musees-de-bale-fete-ses-20-ans-le-17-janvier\/#primaryimage"},"thumbnailUrl":"https:\/\/bale.ch\/journal\/wp-content\/uploads\/2020\/01\/museumsnacht_basel_nuit_des_musees_bale_juliansalinas_kunstmuseum.jpg","keywords":["B\u00e2le","Basel","nuit des mus\u00e9es"],"articleSection":["Actualit\u00e9s","B\u00e2le Trinationale","Sortir"],"inLanguage":"fr-FR"},{"@type":"WebPage","@id":"https:\/\/bale.ch\/journal\/la-nuit-des-musees-de-bale-fete-ses-20-ans-le-17-janvier\/","url":"https:\/\/bale.ch\/journal\/la-nuit-des-musees-de-bale-fete-ses-20-ans-le-17-janvier\/","name":"La nuit des mus\u00e9es de B\u00e2le f\u00eate ses 20 ans le 17 janvier - Journal de B\u00e2le et Gen\u00e8ve","isPartOf":{"@id":"https:\/\/bale.ch\/journal\/#website"},"primaryImageOfPage":{"@id":"https:\/\/bale.ch\/journal\/la-nuit-des-musees-de-bale-fete-ses-20-ans-le-17-janvier\/#primaryimage"},"image":{"@id":"https:\/\/bale.ch\/journal\/la-nuit-des-musees-de-bale-fete-ses-20-ans-le-17-janvier\/#primaryimage"},"thumbnailUrl":"https:\/\/bale.ch\/journal\/wp-content\/uploads\/2020\/01\/museumsnacht_basel_nuit_des_musees_bale_juliansalinas_kunstmuseum.jpg","datePublished":"2020-01-11T15:48:24+00:00","dateModified":"2020-01-11T16:03:07+00:00","breadcrumb":{"@id":"https:\/\/bale.ch\/journal\/la-nuit-des-musees-de-bale-fete-ses-20-ans-le-17-janvier\/#breadcrumb"},"inLanguage":"fr-FR","potentialAction":[{"@type":"ReadAction","target":["https:\/\/bale.ch\/journal\/la-nuit-des-musees-de-bale-fete-ses-20-ans-le-17-janvier\/"]}]},{"@type":"ImageObject","inLanguage":"fr-FR","@id":"https:\/\/bale.ch\/journal\/la-nuit-des-musees-de-bale-fete-ses-20-ans-le-17-janvier\/#primaryimage","url":"https:\/\/bale.ch\/journal\/wp-content\/uploads\/2020\/01\/museumsnacht_basel_nuit_des_musees_bale_juliansalinas_kunstmuseum.jpg","contentUrl":"https:\/\/bale.ch\/journal\/wp-content\/uploads\/2020\/01\/museumsnacht_basel_nuit_des_musees_bale_juliansalinas_kunstmuseum.jpg","width":900,"height":484},{"@type":"BreadcrumbList","@id":"https:\/\/bale.ch\/journal\/la-nuit-des-musees-de-bale-fete-ses-20-ans-le-17-janvier\/#breadcrumb","itemListElement":[{"@type":"ListItem","position":1,"name":"Accueil","item":"https:\/\/bale.ch\/journal\/"},{"@type":"ListItem","position":2,"name":"La nuit des mus\u00e9es de B\u00e2le f\u00eate ses 20 ans le 17 janvier"}]},{"@type":"WebSite","@id":"https:\/\/bale.ch\/journal\/#website","url":"https:\/\/bale.ch\/journal\/","name":"Journal de B\u00e2le et Gen\u00e8ve","description":"M\u00e9dia transfrontalier d&#039;actualit\u00e9s - News","publisher":{"@id":"https:\/\/bale.ch\/journal\/#organization"},"potentialAction":[{"@type":"SearchAction","target":{"@type":"EntryPoint","urlTemplate":"https:\/\/bale.ch\/journal\/?s={search_term_string}"},"query-input":{"@type":"PropertyValueSpecification","valueRequired":true,"valueName":"search_term_string"}}],"inLanguage":"fr-FR"},{"@type":"Organization","@id":"https:\/\/bale.ch\/journal\/#organization","name":"Journal de B\u00e2le et Gen\u00e8ve","url":"https:\/\/bale.ch\/journal\/","logo":{"@type":"ImageObject","inLanguage":"fr-FR","@id":"https:\/\/bale.ch\/journal\/#\/schema\/logo\/image\/","url":"https:\/\/bale.ch\/journal\/wp-content\/uploads\/2023\/07\/journaldebale_logo_2023_nb.png","contentUrl":"https:\/\/bale.ch\/journal\/wp-content\/uploads\/2023\/07\/journaldebale_logo_2023_nb.png","width":371,"height":127,"caption":"Journal de B\u00e2le et Gen\u00e8ve"},"image":{"@id":"https:\/\/bale.ch\/journal\/#\/schema\/logo\/image\/"}},{"@type":"Person","@id":"https:\/\/bale.ch\/journal\/#\/schema\/person\/e3e5eeffae523f19b12d7057ced45a2b","name":"Elodie Silva","image":{"@type":"ImageObject","inLanguage":"fr-FR","@id":"https:\/\/secure.gravatar.com\/avatar\/f76593021159ecd3226293e7c461386bfd009157e6c549bc9b418d0a2db47041?s=96&d=mm&r=g","url":"https:\/\/secure.gravatar.com\/avatar\/f76593021159ecd3226293e7c461386bfd009157e6c549bc9b418d0a2db47041?s=96&d=mm&r=g","contentUrl":"https:\/\/secure.gravatar.com\/avatar\/f76593021159ecd3226293e7c461386bfd009157e6c549bc9b418d0a2db47041?s=96&d=mm&r=g","caption":"Elodie Silva"},"url":"https:\/\/bale.ch\/journal\/author\/elodiesilva\/"}]}},"_links":{"self":[{"href":"https:\/\/bale.ch\/journal\/wp-json\/wp\/v2\/posts\/2535","targetHints":{"allow":["GET"]}}],"collection":[{"href":"https:\/\/bale.ch\/journal\/wp-json\/wp\/v2\/posts"}],"about":[{"href":"https:\/\/bale.ch\/journal\/wp-json\/wp\/v2\/types\/post"}],"author":[{"embeddable":true,"href":"https:\/\/bale.ch\/journal\/wp-json\/wp\/v2\/users\/43"}],"replies":[{"embeddable":true,"href":"https:\/\/bale.ch\/journal\/wp-json\/wp\/v2\/comments?post=2535"}],"version-history":[{"count":5,"href":"https:\/\/bale.ch\/journal\/wp-json\/wp\/v2\/posts\/2535\/revisions"}],"predecessor-version":[{"id":2541,"href":"https:\/\/bale.ch\/journal\/wp-json\/wp\/v2\/posts\/2535\/revisions\/2541"}],"wp:featuredmedia":[{"embeddable":true,"href":"https:\/\/bale.ch\/journal\/wp-json\/wp\/v2\/media\/2536"}],"wp:attachment":[{"href":"https:\/\/bale.ch\/journal\/wp-json\/wp\/v2\/media?parent=2535"}],"wp:term":[{"taxonomy":"category","embeddable":true,"href":"https:\/\/bale.ch\/journal\/wp-json\/wp\/v2\/categories?post=2535"},{"taxonomy":"post_tag","embeddable":true,"href":"https:\/\/bale.ch\/journal\/wp-json\/wp\/v2\/tags?post=2535"}],"curies":[{"name":"wp","href":"https:\/\/api.w.org\/{rel}","templated":true}]}}