{"id":2572,"date":"2020-01-15T03:52:22","date_gmt":"2020-01-15T03:52:22","guid":{"rendered":"http:\/\/bale.ch\/journal\/?p=2572"},"modified":"2020-04-02T00:55:52","modified_gmt":"2020-04-02T00:55:52","slug":"greenpeace-extension-aeroport-bale-mulhouse-fribourg-euroairport","status":"publish","type":"post","link":"https:\/\/bale.ch\/journal\/greenpeace-extension-aeroport-bale-mulhouse-fribourg-euroairport\/","title":{"rendered":"Greenpeace contre l&rsquo;extension de l&rsquo;a\u00e9roport de B\u00e2le-Mulhouse-Fribourg"},"content":{"rendered":"\n<p class=\"wp-block-paragraph\"><strong><em>\u00ab\u00a0Prenez l\u2019urgence climatique au s\u00e9rieux &#8211; emp\u00eachez l\u2019expansion des a\u00e9roports!\u00a0\u00bb<\/em><\/strong> <strong>Lors d&rsquo;une manifestation \u00e0 l&rsquo;a\u00e9roport binational de B\u00e2le &#8211; ou EuroAirport de son nom commercial &#8211; des militants de Greenpeace ont exig\u00e9 l&rsquo;arr\u00eat imm\u00e9diat de tous les projets d&rsquo;agrandissement.<\/strong><\/p>\n\n\n\n<p class=\"wp-block-paragraph\">L&rsquo;a\u00e9roport pr\u00e9voit d&rsquo;augmenter jusqu&rsquo;\u00e0 30% la capacit\u00e9 d\u2019accueil de passagers, en passant de 9 millions par an actuellement \u00e0 15 millions d&rsquo;ici \u00e0 quelques ann\u00e9es. Un nouveau terminal doit notamment \u00eatre construit pour un investissement total de 250 millions de francs. <\/p>\n\n\n\n<p class=\"wp-block-paragraph\"><em>\u00ab\u00a0Une nouvelle expansion et l&rsquo;augmentation associ\u00e9e du trafic a\u00e9rien \u00e0 un moment o\u00f9 la crise climatique devient de plus en plus perceptible ne sont pas acceptables. Au contraire, l&rsquo;activit\u00e9 de l&rsquo;a\u00e9roport doit revenir \u00e0 une capacit\u00e9 compatible avec l&rsquo;accord climatique de Paris et prenant \u00e9galement en compte le bruit et la pollution de l&rsquo;air des riverains\u00a0\u00bb<\/em>, explique Zo\u00eb Roth du groupe local de Greenpeace.<\/p><div id=\"crieu-2994043850\" class=\"crieu-content crieu-entity-placement\"><script async src=\"\/\/pagead2.googlesyndication.com\/pagead\/js\/adsbygoogle.js?client=ca-pub-5271584769416742\" crossorigin=\"anonymous\"><\/script><ins class=\"adsbygoogle\" style=\"display:block;\" data-ad-client=\"ca-pub-5271584769416742\" \ndata-ad-slot=\"9321250718\" \ndata-ad-format=\"auto\"><\/ins>\n<script> \n(adsbygoogle = window.adsbygoogle || []).push({}); \n<\/script>\n<\/div>\n\n\n\n<p class=\"wp-block-paragraph\">Pour le groupe local b\u00e2lois de Greenpeace, c&rsquo;est une <em>\u00ab\u00a0tendance nationale fatale: aujourd\u2019hui d\u00e9j\u00e0, le trafic a\u00e9rien est responsable d\u2019environ un cinqui\u00e8me des effets sur le climat en Suisse et si les tendances \u00e0 la croissance pr\u00e9vues par l\u2019Office f\u00e9d\u00e9ral de l\u2019aviation civile se concr\u00e9tisent, il sera le secteur le plus nuisible au climat en Suisse dans dix ans\u00a0\u00bb.<\/em> <\/p>\n\n\n\n<p class=\"wp-block-paragraph\">Selon le directeur de l&rsquo;a\u00e9roport, Matthias Suhr, il faudrait s&rsquo;adresser \u00e0 la communaut\u00e9 internationale plut\u00f4t qu&rsquo;\u00e0 l&rsquo;EuroAirport. <em>\u00ab\u00a0Apr\u00e8s tout, la demande de vols augmente dans le monde entier\u00a0\u00bb<\/em>, a-t-il d\u00e9clar\u00e9 dans une interview \u00e0 la <a rel=\"noreferrer noopener\" aria-label=\"Badische Zeitung (s\u2019ouvre dans un nouvel onglet)\" href=\"https:\/\/www.badische-zeitung.de\/matthias-suhr-wir-verlagern-keinen-laerm-von-sueden-nach-norden--181277521.html\" target=\"_blank\"><strong>Badische Zeitung<\/strong><\/a>.<\/p>\n\n\n\n<p class=\"wp-block-paragraph\">L&rsquo;EuroAirport, \u00e9tablissement public\u00a0franco-suisse, est le troisi\u00e8me a\u00e9roport suisse apr\u00e8s Zurich et Gen\u00e8ve et le septi\u00e8me a\u00e9roport fran\u00e7ais. Il est la seconde base principale de la compagnie Easyjet Switzerland.Son conseil d&rsquo;administration est compos\u00e9 de huit membres fran\u00e7ais, huit membres suisses\u00a0et deux repr\u00e9sentants allemands, \u00e0 titre consultatif .<\/p>\n\n\n\n<p class=\"wp-block-paragraph\">[wpedon id=2820]<\/p>\n\n\n\n<p class=\"wp-block-paragraph\">&#8211;<br>Cet article pourrait aussi vous int\u00e9resser:<\/p>\n\n\n\n<h3 class=\"wp-block-heading\"><a href=\"https:\/\/bale.ch\/journal\/initiative-geneve-aeroport-democratique\/\">Votations: les Genevois reprennent en main leur a\u00e9roport<\/a><\/h3>\n<div id=\"crieu-4018756188\" class=\"crieu-apres-le-contenu crieu-entity-placement\" style=\"margin-left: auto;margin-right: auto;text-align: center;\"><script async src=\"\/\/pagead2.googlesyndication.com\/pagead\/js\/adsbygoogle.js?client=ca-pub-5271584769416742\" crossorigin=\"anonymous\"><\/script><ins class=\"adsbygoogle\" style=\"display:block;\" data-ad-client=\"ca-pub-5271584769416742\" \ndata-ad-slot=\"9321250718\" \ndata-ad-format=\"auto\"><\/ins>\n<script> \n(adsbygoogle = window.adsbygoogle || []).push({}); \n<\/script>\n<\/div>","protected":false},"excerpt":{"rendered":"<p>\u00ab\u00a0Prenez l\u2019urgence climatique au s\u00e9rieux &#8211; emp\u00eachez l\u2019expansion des a\u00e9roports!\u00a0\u00bb Lors d&rsquo;une manifestation \u00e0 l&rsquo;a\u00e9roport binational de B\u00e2le &#8211; ou EuroAirport de son nom commercial &#8211; des militants de Greenpeace <a href=\"https:\/\/bale.ch\/journal\/greenpeace-extension-aeroport-bale-mulhouse-fribourg-euroairport\/\" class=\"read-more button-fancy -red\"><span class=\"btn-arrow\"><\/span><span class=\"twp-read-more text\">Continuer la lecture<\/span><\/a><\/p>\n","protected":false},"author":3,"featured_media":2573,"comment_status":"closed","ping_status":"closed","sticky":false,"template":"","format":"standard","meta":{"footnotes":""},"categories":[103,7,143],"tags":[72,123,124,193,35],"class_list":["post-2572","post","type-post","status-publish","format-standard","has-post-thumbnail","hentry","category-actu","category-bale","category-ecologie","tag-aeroport","tag-basel","tag-flughafen","tag-greenpeace","tag-transports"],"yoast_head":"<!-- This site is optimized with the Yoast SEO plugin v28.3 - https:\/\/yoast.com\/product\/yoast-seo-wordpress\/ -->\n<title>Greenpeace contre l&#039;extension de l&#039;a\u00e9roport de B\u00e2le-Mulhouse-Fribourg - Journal de B\u00e2le et Gen\u00e8ve<\/title>\n<meta name=\"robots\" content=\"index, follow, max-snippet:-1, max-image-preview:large, max-video-preview:-1\" \/>\n<link rel=\"canonical\" href=\"https:\/\/bale.ch\/journal\/greenpeace-extension-aeroport-bale-mulhouse-fribourg-euroairport\/\" \/>\n<meta property=\"og:locale\" content=\"fr_FR\" \/>\n<meta property=\"og:type\" content=\"article\" \/>\n<meta property=\"og:title\" content=\"Greenpeace contre l&#039;extension de l&#039;a\u00e9roport de B\u00e2le-Mulhouse-Fribourg - Journal de B\u00e2le et Gen\u00e8ve\" \/>\n<meta property=\"og:description\" content=\"\u00ab\u00a0Prenez l\u2019urgence climatique au s\u00e9rieux &#8211; emp\u00eachez l\u2019expansion des a\u00e9roports!\u00a0\u00bb Lors d&rsquo;une manifestation \u00e0 l&rsquo;a\u00e9roport binational de B\u00e2le &#8211; ou EuroAirport de son nom commercial &#8211; des militants de Greenpeace Continuer la lecture\" \/>\n<meta property=\"og:url\" content=\"https:\/\/bale.ch\/journal\/greenpeace-extension-aeroport-bale-mulhouse-fribourg-euroairport\/\" \/>\n<meta property=\"og:site_name\" content=\"Journal de B\u00e2le et Gen\u00e8ve\" \/>\n<meta property=\"article:published_time\" content=\"2020-01-15T03:52:22+00:00\" \/>\n<meta property=\"article:modified_time\" content=\"2020-04-02T00:55:52+00:00\" \/>\n<meta property=\"og:image\" content=\"https:\/\/bale.ch\/journal\/wp-content\/uploads\/2020\/01\/greenpeace_basel_flughafen_euroairport.jpg\" \/>\n\t<meta property=\"og:image:width\" content=\"900\" \/>\n\t<meta property=\"og:image:height\" content=\"484\" \/>\n\t<meta property=\"og:image:type\" content=\"image\/jpeg\" \/>\n<meta name=\"author\" content=\"Alban Lavy\" \/>\n<meta name=\"twitter:card\" content=\"summary_large_image\" \/>\n<meta name=\"twitter:label1\" content=\"\u00c9crit par\" \/>\n\t<meta name=\"twitter:data1\" content=\"Alban Lavy\" \/>\n\t<meta name=\"twitter:label2\" content=\"Dur\u00e9e de lecture estim\u00e9e\" \/>\n\t<meta name=\"twitter:data2\" content=\"2 minutes\" \/>\n<script type=\"application\/ld+json\" class=\"yoast-schema-graph\">{\"@context\":\"https:\\\/\\\/schema.org\",\"@graph\":[{\"@type\":\"Article\",\"@id\":\"https:\\\/\\\/bale.ch\\\/journal\\\/greenpeace-extension-aeroport-bale-mulhouse-fribourg-euroairport\\\/#article\",\"isPartOf\":{\"@id\":\"https:\\\/\\\/bale.ch\\\/journal\\\/greenpeace-extension-aeroport-bale-mulhouse-fribourg-euroairport\\\/\"},\"author\":{\"name\":\"Alban Lavy\",\"@id\":\"https:\\\/\\\/bale.ch\\\/journal\\\/#\\\/schema\\\/person\\\/41bc7f908af0ffea5e38b8c5702e5626\"},\"headline\":\"Greenpeace contre l&rsquo;extension de l&rsquo;a\u00e9roport de B\u00e2le-Mulhouse-Fribourg\",\"datePublished\":\"2020-01-15T03:52:22+00:00\",\"dateModified\":\"2020-04-02T00:55:52+00:00\",\"mainEntityOfPage\":{\"@id\":\"https:\\\/\\\/bale.ch\\\/journal\\\/greenpeace-extension-aeroport-bale-mulhouse-fribourg-euroairport\\\/\"},\"wordCount\":363,\"publisher\":{\"@id\":\"https:\\\/\\\/bale.ch\\\/journal\\\/#organization\"},\"image\":{\"@id\":\"https:\\\/\\\/bale.ch\\\/journal\\\/greenpeace-extension-aeroport-bale-mulhouse-fribourg-euroairport\\\/#primaryimage\"},\"thumbnailUrl\":\"https:\\\/\\\/bale.ch\\\/journal\\\/wp-content\\\/uploads\\\/2020\\\/01\\\/greenpeace_basel_flughafen_euroairport.jpg\",\"keywords\":[\"A\u00e9roport\",\"Basel\",\"flughafen\",\"Greenpeace\",\"Transports\"],\"articleSection\":[\"Actualit\u00e9s\",\"B\u00e2le Trinationale\",\"Ecologie\"],\"inLanguage\":\"fr-FR\"},{\"@type\":\"WebPage\",\"@id\":\"https:\\\/\\\/bale.ch\\\/journal\\\/greenpeace-extension-aeroport-bale-mulhouse-fribourg-euroairport\\\/\",\"url\":\"https:\\\/\\\/bale.ch\\\/journal\\\/greenpeace-extension-aeroport-bale-mulhouse-fribourg-euroairport\\\/\",\"name\":\"Greenpeace contre l'extension de l'a\u00e9roport de B\u00e2le-Mulhouse-Fribourg - Journal de B\u00e2le et Gen\u00e8ve\",\"isPartOf\":{\"@id\":\"https:\\\/\\\/bale.ch\\\/journal\\\/#website\"},\"primaryImageOfPage\":{\"@id\":\"https:\\\/\\\/bale.ch\\\/journal\\\/greenpeace-extension-aeroport-bale-mulhouse-fribourg-euroairport\\\/#primaryimage\"},\"image\":{\"@id\":\"https:\\\/\\\/bale.ch\\\/journal\\\/greenpeace-extension-aeroport-bale-mulhouse-fribourg-euroairport\\\/#primaryimage\"},\"thumbnailUrl\":\"https:\\\/\\\/bale.ch\\\/journal\\\/wp-content\\\/uploads\\\/2020\\\/01\\\/greenpeace_basel_flughafen_euroairport.jpg\",\"datePublished\":\"2020-01-15T03:52:22+00:00\",\"dateModified\":\"2020-04-02T00:55:52+00:00\",\"breadcrumb\":{\"@id\":\"https:\\\/\\\/bale.ch\\\/journal\\\/greenpeace-extension-aeroport-bale-mulhouse-fribourg-euroairport\\\/#breadcrumb\"},\"inLanguage\":\"fr-FR\",\"potentialAction\":[{\"@type\":\"ReadAction\",\"target\":[\"https:\\\/\\\/bale.ch\\\/journal\\\/greenpeace-extension-aeroport-bale-mulhouse-fribourg-euroairport\\\/\"]}]},{\"@type\":\"ImageObject\",\"inLanguage\":\"fr-FR\",\"@id\":\"https:\\\/\\\/bale.ch\\\/journal\\\/greenpeace-extension-aeroport-bale-mulhouse-fribourg-euroairport\\\/#primaryimage\",\"url\":\"https:\\\/\\\/bale.ch\\\/journal\\\/wp-content\\\/uploads\\\/2020\\\/01\\\/greenpeace_basel_flughafen_euroairport.jpg\",\"contentUrl\":\"https:\\\/\\\/bale.ch\\\/journal\\\/wp-content\\\/uploads\\\/2020\\\/01\\\/greenpeace_basel_flughafen_euroairport.jpg\",\"width\":900,\"height\":484,\"caption\":\"Photo Pascal St\u00e4deli\"},{\"@type\":\"BreadcrumbList\",\"@id\":\"https:\\\/\\\/bale.ch\\\/journal\\\/greenpeace-extension-aeroport-bale-mulhouse-fribourg-euroairport\\\/#breadcrumb\",\"itemListElement\":[{\"@type\":\"ListItem\",\"position\":1,\"name\":\"Accueil\",\"item\":\"https:\\\/\\\/bale.ch\\\/journal\\\/\"},{\"@type\":\"ListItem\",\"position\":2,\"name\":\"Greenpeace contre l&rsquo;extension de l&rsquo;a\u00e9roport de B\u00e2le-Mulhouse-Fribourg\"}]},{\"@type\":\"WebSite\",\"@id\":\"https:\\\/\\\/bale.ch\\\/journal\\\/#website\",\"url\":\"https:\\\/\\\/bale.ch\\\/journal\\\/\",\"name\":\"Journal de B\u00e2le et Gen\u00e8ve\",\"description\":\"M\u00e9dia transfrontalier d&#039;actualit\u00e9s - News\",\"publisher\":{\"@id\":\"https:\\\/\\\/bale.ch\\\/journal\\\/#organization\"},\"potentialAction\":[{\"@type\":\"SearchAction\",\"target\":{\"@type\":\"EntryPoint\",\"urlTemplate\":\"https:\\\/\\\/bale.ch\\\/journal\\\/?s={search_term_string}\"},\"query-input\":{\"@type\":\"PropertyValueSpecification\",\"valueRequired\":true,\"valueName\":\"search_term_string\"}}],\"inLanguage\":\"fr-FR\"},{\"@type\":\"Organization\",\"@id\":\"https:\\\/\\\/bale.ch\\\/journal\\\/#organization\",\"name\":\"Journal de B\u00e2le et Gen\u00e8ve\",\"url\":\"https:\\\/\\\/bale.ch\\\/journal\\\/\",\"logo\":{\"@type\":\"ImageObject\",\"inLanguage\":\"fr-FR\",\"@id\":\"https:\\\/\\\/bale.ch\\\/journal\\\/#\\\/schema\\\/logo\\\/image\\\/\",\"url\":\"https:\\\/\\\/bale.ch\\\/journal\\\/wp-content\\\/uploads\\\/2023\\\/07\\\/journaldebale_logo_2023_nb.png\",\"contentUrl\":\"https:\\\/\\\/bale.ch\\\/journal\\\/wp-content\\\/uploads\\\/2023\\\/07\\\/journaldebale_logo_2023_nb.png\",\"width\":371,\"height\":127,\"caption\":\"Journal de B\u00e2le et Gen\u00e8ve\"},\"image\":{\"@id\":\"https:\\\/\\\/bale.ch\\\/journal\\\/#\\\/schema\\\/logo\\\/image\\\/\"}},{\"@type\":\"Person\",\"@id\":\"https:\\\/\\\/bale.ch\\\/journal\\\/#\\\/schema\\\/person\\\/41bc7f908af0ffea5e38b8c5702e5626\",\"name\":\"Alban Lavy\",\"image\":{\"@type\":\"ImageObject\",\"inLanguage\":\"fr-FR\",\"@id\":\"https:\\\/\\\/secure.gravatar.com\\\/avatar\\\/4978c5bb7295400e15bebf9881bc4db7866592bc59ffa2f62511214a10f68804?s=96&d=mm&r=g\",\"url\":\"https:\\\/\\\/secure.gravatar.com\\\/avatar\\\/4978c5bb7295400e15bebf9881bc4db7866592bc59ffa2f62511214a10f68804?s=96&d=mm&r=g\",\"contentUrl\":\"https:\\\/\\\/secure.gravatar.com\\\/avatar\\\/4978c5bb7295400e15bebf9881bc4db7866592bc59ffa2f62511214a10f68804?s=96&d=mm&r=g\",\"caption\":\"Alban Lavy\"},\"sameAs\":[\"http:\\\/\\\/bale.ch\\\/administration\\\/zeitung\\\/albanlavy\\\/\"],\"url\":\"https:\\\/\\\/bale.ch\\\/journal\\\/author\\\/lavy\\\/\"}]}<\/script>\n<!-- \/ Yoast SEO plugin. -->","yoast_head_json":{"title":"Greenpeace contre l'extension de l'a\u00e9roport de B\u00e2le-Mulhouse-Fribourg - Journal de B\u00e2le et Gen\u00e8ve","robots":{"index":"index","follow":"follow","max-snippet":"max-snippet:-1","max-image-preview":"max-image-preview:large","max-video-preview":"max-video-preview:-1"},"canonical":"https:\/\/bale.ch\/journal\/greenpeace-extension-aeroport-bale-mulhouse-fribourg-euroairport\/","og_locale":"fr_FR","og_type":"article","og_title":"Greenpeace contre l'extension de l'a\u00e9roport de B\u00e2le-Mulhouse-Fribourg - Journal de B\u00e2le et Gen\u00e8ve","og_description":"\u00ab\u00a0Prenez l\u2019urgence climatique au s\u00e9rieux &#8211; emp\u00eachez l\u2019expansion des a\u00e9roports!\u00a0\u00bb Lors d&rsquo;une manifestation \u00e0 l&rsquo;a\u00e9roport binational de B\u00e2le &#8211; ou EuroAirport de son nom commercial &#8211; des militants de Greenpeace Continuer la lecture","og_url":"https:\/\/bale.ch\/journal\/greenpeace-extension-aeroport-bale-mulhouse-fribourg-euroairport\/","og_site_name":"Journal de B\u00e2le et Gen\u00e8ve","article_published_time":"2020-01-15T03:52:22+00:00","article_modified_time":"2020-04-02T00:55:52+00:00","og_image":[{"width":900,"height":484,"url":"https:\/\/bale.ch\/journal\/wp-content\/uploads\/2020\/01\/greenpeace_basel_flughafen_euroairport.jpg","type":"image\/jpeg"}],"author":"Alban Lavy","twitter_card":"summary_large_image","twitter_misc":{"\u00c9crit par":"Alban Lavy","Dur\u00e9e de lecture estim\u00e9e":"2 minutes"},"schema":{"@context":"https:\/\/schema.org","@graph":[{"@type":"Article","@id":"https:\/\/bale.ch\/journal\/greenpeace-extension-aeroport-bale-mulhouse-fribourg-euroairport\/#article","isPartOf":{"@id":"https:\/\/bale.ch\/journal\/greenpeace-extension-aeroport-bale-mulhouse-fribourg-euroairport\/"},"author":{"name":"Alban Lavy","@id":"https:\/\/bale.ch\/journal\/#\/schema\/person\/41bc7f908af0ffea5e38b8c5702e5626"},"headline":"Greenpeace contre l&rsquo;extension de l&rsquo;a\u00e9roport de B\u00e2le-Mulhouse-Fribourg","datePublished":"2020-01-15T03:52:22+00:00","dateModified":"2020-04-02T00:55:52+00:00","mainEntityOfPage":{"@id":"https:\/\/bale.ch\/journal\/greenpeace-extension-aeroport-bale-mulhouse-fribourg-euroairport\/"},"wordCount":363,"publisher":{"@id":"https:\/\/bale.ch\/journal\/#organization"},"image":{"@id":"https:\/\/bale.ch\/journal\/greenpeace-extension-aeroport-bale-mulhouse-fribourg-euroairport\/#primaryimage"},"thumbnailUrl":"https:\/\/bale.ch\/journal\/wp-content\/uploads\/2020\/01\/greenpeace_basel_flughafen_euroairport.jpg","keywords":["A\u00e9roport","Basel","flughafen","Greenpeace","Transports"],"articleSection":["Actualit\u00e9s","B\u00e2le Trinationale","Ecologie"],"inLanguage":"fr-FR"},{"@type":"WebPage","@id":"https:\/\/bale.ch\/journal\/greenpeace-extension-aeroport-bale-mulhouse-fribourg-euroairport\/","url":"https:\/\/bale.ch\/journal\/greenpeace-extension-aeroport-bale-mulhouse-fribourg-euroairport\/","name":"Greenpeace contre l'extension de l'a\u00e9roport de B\u00e2le-Mulhouse-Fribourg - Journal de B\u00e2le et Gen\u00e8ve","isPartOf":{"@id":"https:\/\/bale.ch\/journal\/#website"},"primaryImageOfPage":{"@id":"https:\/\/bale.ch\/journal\/greenpeace-extension-aeroport-bale-mulhouse-fribourg-euroairport\/#primaryimage"},"image":{"@id":"https:\/\/bale.ch\/journal\/greenpeace-extension-aeroport-bale-mulhouse-fribourg-euroairport\/#primaryimage"},"thumbnailUrl":"https:\/\/bale.ch\/journal\/wp-content\/uploads\/2020\/01\/greenpeace_basel_flughafen_euroairport.jpg","datePublished":"2020-01-15T03:52:22+00:00","dateModified":"2020-04-02T00:55:52+00:00","breadcrumb":{"@id":"https:\/\/bale.ch\/journal\/greenpeace-extension-aeroport-bale-mulhouse-fribourg-euroairport\/#breadcrumb"},"inLanguage":"fr-FR","potentialAction":[{"@type":"ReadAction","target":["https:\/\/bale.ch\/journal\/greenpeace-extension-aeroport-bale-mulhouse-fribourg-euroairport\/"]}]},{"@type":"ImageObject","inLanguage":"fr-FR","@id":"https:\/\/bale.ch\/journal\/greenpeace-extension-aeroport-bale-mulhouse-fribourg-euroairport\/#primaryimage","url":"https:\/\/bale.ch\/journal\/wp-content\/uploads\/2020\/01\/greenpeace_basel_flughafen_euroairport.jpg","contentUrl":"https:\/\/bale.ch\/journal\/wp-content\/uploads\/2020\/01\/greenpeace_basel_flughafen_euroairport.jpg","width":900,"height":484,"caption":"Photo Pascal St\u00e4deli"},{"@type":"BreadcrumbList","@id":"https:\/\/bale.ch\/journal\/greenpeace-extension-aeroport-bale-mulhouse-fribourg-euroairport\/#breadcrumb","itemListElement":[{"@type":"ListItem","position":1,"name":"Accueil","item":"https:\/\/bale.ch\/journal\/"},{"@type":"ListItem","position":2,"name":"Greenpeace contre l&rsquo;extension de l&rsquo;a\u00e9roport de B\u00e2le-Mulhouse-Fribourg"}]},{"@type":"WebSite","@id":"https:\/\/bale.ch\/journal\/#website","url":"https:\/\/bale.ch\/journal\/","name":"Journal de B\u00e2le et Gen\u00e8ve","description":"M\u00e9dia transfrontalier d&#039;actualit\u00e9s - News","publisher":{"@id":"https:\/\/bale.ch\/journal\/#organization"},"potentialAction":[{"@type":"SearchAction","target":{"@type":"EntryPoint","urlTemplate":"https:\/\/bale.ch\/journal\/?s={search_term_string}"},"query-input":{"@type":"PropertyValueSpecification","valueRequired":true,"valueName":"search_term_string"}}],"inLanguage":"fr-FR"},{"@type":"Organization","@id":"https:\/\/bale.ch\/journal\/#organization","name":"Journal de B\u00e2le et Gen\u00e8ve","url":"https:\/\/bale.ch\/journal\/","logo":{"@type":"ImageObject","inLanguage":"fr-FR","@id":"https:\/\/bale.ch\/journal\/#\/schema\/logo\/image\/","url":"https:\/\/bale.ch\/journal\/wp-content\/uploads\/2023\/07\/journaldebale_logo_2023_nb.png","contentUrl":"https:\/\/bale.ch\/journal\/wp-content\/uploads\/2023\/07\/journaldebale_logo_2023_nb.png","width":371,"height":127,"caption":"Journal de B\u00e2le et Gen\u00e8ve"},"image":{"@id":"https:\/\/bale.ch\/journal\/#\/schema\/logo\/image\/"}},{"@type":"Person","@id":"https:\/\/bale.ch\/journal\/#\/schema\/person\/41bc7f908af0ffea5e38b8c5702e5626","name":"Alban Lavy","image":{"@type":"ImageObject","inLanguage":"fr-FR","@id":"https:\/\/secure.gravatar.com\/avatar\/4978c5bb7295400e15bebf9881bc4db7866592bc59ffa2f62511214a10f68804?s=96&d=mm&r=g","url":"https:\/\/secure.gravatar.com\/avatar\/4978c5bb7295400e15bebf9881bc4db7866592bc59ffa2f62511214a10f68804?s=96&d=mm&r=g","contentUrl":"https:\/\/secure.gravatar.com\/avatar\/4978c5bb7295400e15bebf9881bc4db7866592bc59ffa2f62511214a10f68804?s=96&d=mm&r=g","caption":"Alban Lavy"},"sameAs":["http:\/\/bale.ch\/administration\/zeitung\/albanlavy\/"],"url":"https:\/\/bale.ch\/journal\/author\/lavy\/"}]}},"_links":{"self":[{"href":"https:\/\/bale.ch\/journal\/wp-json\/wp\/v2\/posts\/2572","targetHints":{"allow":["GET"]}}],"collection":[{"href":"https:\/\/bale.ch\/journal\/wp-json\/wp\/v2\/posts"}],"about":[{"href":"https:\/\/bale.ch\/journal\/wp-json\/wp\/v2\/types\/post"}],"author":[{"embeddable":true,"href":"https:\/\/bale.ch\/journal\/wp-json\/wp\/v2\/users\/3"}],"replies":[{"embeddable":true,"href":"https:\/\/bale.ch\/journal\/wp-json\/wp\/v2\/comments?post=2572"}],"version-history":[{"count":15,"href":"https:\/\/bale.ch\/journal\/wp-json\/wp\/v2\/posts\/2572\/revisions"}],"predecessor-version":[{"id":2827,"href":"https:\/\/bale.ch\/journal\/wp-json\/wp\/v2\/posts\/2572\/revisions\/2827"}],"wp:featuredmedia":[{"embeddable":true,"href":"https:\/\/bale.ch\/journal\/wp-json\/wp\/v2\/media\/2573"}],"wp:attachment":[{"href":"https:\/\/bale.ch\/journal\/wp-json\/wp\/v2\/media?parent=2572"}],"wp:term":[{"taxonomy":"category","embeddable":true,"href":"https:\/\/bale.ch\/journal\/wp-json\/wp\/v2\/categories?post=2572"},{"taxonomy":"post_tag","embeddable":true,"href":"https:\/\/bale.ch\/journal\/wp-json\/wp\/v2\/tags?post=2572"}],"curies":[{"name":"wp","href":"https:\/\/api.w.org\/{rel}","templated":true}]}}