{"id":2594,"date":"2020-01-23T18:29:47","date_gmt":"2020-01-23T18:29:47","guid":{"rendered":"http:\/\/bale.ch\/journal\/?p=2594"},"modified":"2020-01-23T19:00:10","modified_gmt":"2020-01-23T19:00:10","slug":"bale-ville-egalite-salariale-entreprises-mandatees","status":"publish","type":"post","link":"https:\/\/bale.ch\/journal\/bale-ville-egalite-salariale-entreprises-mandatees\/","title":{"rendered":"B\u00e2le-Ville impose l&rsquo;\u00e9galit\u00e9 salariale aux entreprises mandat\u00e9es"},"content":{"rendered":"\n<p class=\"wp-block-paragraph\"><strong>Des contr\u00f4les inopin\u00e9s aupr\u00e8s des entreprises travaillant pour le canton de B\u00e2le-Ville seront effectu\u00e9s par le bureau de l&rsquo;\u00e9galit\u00e9 hommes-femmes.<\/strong><\/p>\n\n\n\n<p class=\"wp-block-paragraph\">Les entreprises qui souhaitent travailler pour l&rsquo;\u00c9tat devront signer une <em>\u00ab\u00a0d\u00e9claration de respect de l&rsquo;\u00e9galit\u00e9 salariale\u00a0\u00bb<\/em>, et pouvoir le prouver par la suite. Cela reste cependant flexible puisque si une violation de la r\u00e8gle est constat\u00e9e, les entreprises disposeront d&rsquo;un d\u00e9lai pour se mettre en r\u00e8gle. Pass\u00e9 cette \u00e9ch\u00e9ance, <em>\u00ab\u00a0d&rsquo;\u00e9ventuelles sanctions pourront \u00eatre prononc\u00e9es\u00a0\u00bb<\/em>, a indiqu\u00e9 le d\u00e9partement<\/p>\n\n\n\n<p class=\"wp-block-paragraph\">Si un contr\u00f4le inopin\u00e9 met en lumi\u00e8re une violation de l&rsquo;\u00e9galit\u00e9 salariale, l&rsquo;entreprise dispose d&rsquo;un d\u00e9lai pour corriger le tir. D&rsquo;\u00e9ventuelles sanctions peuvent \u00eatre prononc\u00e9es apr\u00e8s l&rsquo;\u00e9ch\u00e9ance de ce d\u00e9lai, indique jeudi le d\u00e9partement pr\u00e9sidentiel du Conseil d&rsquo;\u00c9tat.<\/p><div id=\"crieu-678534037\" class=\"crieu-content crieu-entity-placement\"><script async src=\"\/\/pagead2.googlesyndication.com\/pagead\/js\/adsbygoogle.js?client=ca-pub-5271584769416742\" crossorigin=\"anonymous\"><\/script><ins class=\"adsbygoogle\" style=\"display:block;\" data-ad-client=\"ca-pub-5271584769416742\" \ndata-ad-slot=\"9321250718\" \ndata-ad-format=\"auto\"><\/ins>\n<script> \n(adsbygoogle = window.adsbygoogle || []).push({}); \n<\/script>\n<\/div>\n\n\n\n<p class=\"wp-block-paragraph\">Une action soutenue financi\u00e8rement par la Conf\u00e9d\u00e9ration. Une m\u00eame mesure avait \u00e9t\u00e9 annonc\u00e9e pour la premi\u00e8re fois en Suisse en 2018 par le canton de Vaud.<\/p>\n\n\n\n<p class=\"wp-block-paragraph\"><\/p>\n<div id=\"crieu-128751061\" class=\"crieu-apres-le-contenu crieu-entity-placement\" style=\"margin-left: auto;margin-right: auto;text-align: center;\"><script async src=\"\/\/pagead2.googlesyndication.com\/pagead\/js\/adsbygoogle.js?client=ca-pub-5271584769416742\" crossorigin=\"anonymous\"><\/script><ins class=\"adsbygoogle\" style=\"display:block;\" data-ad-client=\"ca-pub-5271584769416742\" \ndata-ad-slot=\"9321250718\" \ndata-ad-format=\"auto\"><\/ins>\n<script> \n(adsbygoogle = window.adsbygoogle || []).push({}); \n<\/script>\n<\/div>","protected":false},"excerpt":{"rendered":"<p>Des contr\u00f4les inopin\u00e9s aupr\u00e8s des entreprises travaillant pour le canton de B\u00e2le-Ville seront effectu\u00e9s par le bureau de l&rsquo;\u00e9galit\u00e9 hommes-femmes. Les entreprises qui souhaitent travailler pour l&rsquo;\u00c9tat devront signer une <a href=\"https:\/\/bale.ch\/journal\/bale-ville-egalite-salariale-entreprises-mandatees\/\" class=\"read-more button-fancy -red\"><span class=\"btn-arrow\"><\/span><span class=\"twp-read-more text\">Continuer la lecture<\/span><\/a><\/p>\n","protected":false},"author":2,"featured_media":2595,"comment_status":"closed","ping_status":"closed","sticky":false,"template":"","format":"standard","meta":{"footnotes":""},"categories":[103,7,12],"tags":[195,194],"class_list":["post-2594","post","type-post","status-publish","format-standard","has-post-thumbnail","hentry","category-actu","category-bale","category-societe","tag-basel-stadt","tag-egalite-salariale"],"yoast_head":"<!-- This site is optimized with the Yoast SEO plugin v28.3 - https:\/\/yoast.com\/product\/yoast-seo-wordpress\/ -->\n<title>B\u00e2le-Ville impose l&#039;\u00e9galit\u00e9 salariale aux entreprises mandat\u00e9es - Journal de B\u00e2le et Gen\u00e8ve<\/title>\n<meta name=\"robots\" content=\"index, follow, max-snippet:-1, max-image-preview:large, max-video-preview:-1\" \/>\n<link rel=\"canonical\" href=\"https:\/\/bale.ch\/journal\/bale-ville-egalite-salariale-entreprises-mandatees\/\" \/>\n<meta property=\"og:locale\" content=\"fr_FR\" \/>\n<meta property=\"og:type\" content=\"article\" \/>\n<meta property=\"og:title\" content=\"B\u00e2le-Ville impose l&#039;\u00e9galit\u00e9 salariale aux entreprises mandat\u00e9es - Journal de B\u00e2le et Gen\u00e8ve\" \/>\n<meta property=\"og:description\" content=\"Des contr\u00f4les inopin\u00e9s aupr\u00e8s des entreprises travaillant pour le canton de B\u00e2le-Ville seront effectu\u00e9s par le bureau de l&rsquo;\u00e9galit\u00e9 hommes-femmes. Les entreprises qui souhaitent travailler pour l&rsquo;\u00c9tat devront signer une Continuer la lecture\" \/>\n<meta property=\"og:url\" content=\"https:\/\/bale.ch\/journal\/bale-ville-egalite-salariale-entreprises-mandatees\/\" \/>\n<meta property=\"og:site_name\" content=\"Journal de B\u00e2le et Gen\u00e8ve\" \/>\n<meta property=\"article:published_time\" content=\"2020-01-23T18:29:47+00:00\" \/>\n<meta property=\"article:modified_time\" content=\"2020-01-23T19:00:10+00:00\" \/>\n<meta property=\"og:image\" content=\"https:\/\/bale.ch\/journal\/wp-content\/uploads\/2020\/01\/basel_bale_rhin_rhein_hevetia.jpg\" \/>\n\t<meta property=\"og:image:width\" content=\"900\" \/>\n\t<meta property=\"og:image:height\" content=\"484\" \/>\n\t<meta property=\"og:image:type\" content=\"image\/jpeg\" \/>\n<meta name=\"author\" content=\"La R\u00e9daction\" \/>\n<meta name=\"twitter:card\" content=\"summary_large_image\" \/>\n<meta name=\"twitter:label1\" content=\"\u00c9crit par\" \/>\n\t<meta name=\"twitter:data1\" content=\"La R\u00e9daction\" \/>\n\t<meta name=\"twitter:label2\" content=\"Dur\u00e9e de lecture estim\u00e9e\" \/>\n\t<meta name=\"twitter:data2\" content=\"1 minute\" \/>\n<script type=\"application\/ld+json\" class=\"yoast-schema-graph\">{\"@context\":\"https:\\\/\\\/schema.org\",\"@graph\":[{\"@type\":\"Article\",\"@id\":\"https:\\\/\\\/bale.ch\\\/journal\\\/bale-ville-egalite-salariale-entreprises-mandatees\\\/#article\",\"isPartOf\":{\"@id\":\"https:\\\/\\\/bale.ch\\\/journal\\\/bale-ville-egalite-salariale-entreprises-mandatees\\\/\"},\"author\":{\"name\":\"La R\u00e9daction\",\"@id\":\"https:\\\/\\\/bale.ch\\\/journal\\\/#\\\/schema\\\/person\\\/03ced978db3b7a5274c5cef003f352f5\"},\"headline\":\"B\u00e2le-Ville impose l&rsquo;\u00e9galit\u00e9 salariale aux entreprises mandat\u00e9es\",\"datePublished\":\"2020-01-23T18:29:47+00:00\",\"dateModified\":\"2020-01-23T19:00:10+00:00\",\"mainEntityOfPage\":{\"@id\":\"https:\\\/\\\/bale.ch\\\/journal\\\/bale-ville-egalite-salariale-entreprises-mandatees\\\/\"},\"wordCount\":190,\"publisher\":{\"@id\":\"https:\\\/\\\/bale.ch\\\/journal\\\/#organization\"},\"image\":{\"@id\":\"https:\\\/\\\/bale.ch\\\/journal\\\/bale-ville-egalite-salariale-entreprises-mandatees\\\/#primaryimage\"},\"thumbnailUrl\":\"https:\\\/\\\/bale.ch\\\/journal\\\/wp-content\\\/uploads\\\/2020\\\/01\\\/basel_bale_rhin_rhein_hevetia.jpg\",\"keywords\":[\"Basel Stadt\",\"\u00e9galit\u00e9 salariale\"],\"articleSection\":[\"Actualit\u00e9s\",\"B\u00e2le Trinationale\",\"Soci\u00e9t\u00e9\"],\"inLanguage\":\"fr-FR\"},{\"@type\":\"WebPage\",\"@id\":\"https:\\\/\\\/bale.ch\\\/journal\\\/bale-ville-egalite-salariale-entreprises-mandatees\\\/\",\"url\":\"https:\\\/\\\/bale.ch\\\/journal\\\/bale-ville-egalite-salariale-entreprises-mandatees\\\/\",\"name\":\"B\u00e2le-Ville impose l'\u00e9galit\u00e9 salariale aux entreprises mandat\u00e9es - Journal de B\u00e2le et Gen\u00e8ve\",\"isPartOf\":{\"@id\":\"https:\\\/\\\/bale.ch\\\/journal\\\/#website\"},\"primaryImageOfPage\":{\"@id\":\"https:\\\/\\\/bale.ch\\\/journal\\\/bale-ville-egalite-salariale-entreprises-mandatees\\\/#primaryimage\"},\"image\":{\"@id\":\"https:\\\/\\\/bale.ch\\\/journal\\\/bale-ville-egalite-salariale-entreprises-mandatees\\\/#primaryimage\"},\"thumbnailUrl\":\"https:\\\/\\\/bale.ch\\\/journal\\\/wp-content\\\/uploads\\\/2020\\\/01\\\/basel_bale_rhin_rhein_hevetia.jpg\",\"datePublished\":\"2020-01-23T18:29:47+00:00\",\"dateModified\":\"2020-01-23T19:00:10+00:00\",\"breadcrumb\":{\"@id\":\"https:\\\/\\\/bale.ch\\\/journal\\\/bale-ville-egalite-salariale-entreprises-mandatees\\\/#breadcrumb\"},\"inLanguage\":\"fr-FR\",\"potentialAction\":[{\"@type\":\"ReadAction\",\"target\":[\"https:\\\/\\\/bale.ch\\\/journal\\\/bale-ville-egalite-salariale-entreprises-mandatees\\\/\"]}]},{\"@type\":\"ImageObject\",\"inLanguage\":\"fr-FR\",\"@id\":\"https:\\\/\\\/bale.ch\\\/journal\\\/bale-ville-egalite-salariale-entreprises-mandatees\\\/#primaryimage\",\"url\":\"https:\\\/\\\/bale.ch\\\/journal\\\/wp-content\\\/uploads\\\/2020\\\/01\\\/basel_bale_rhin_rhein_hevetia.jpg\",\"contentUrl\":\"https:\\\/\\\/bale.ch\\\/journal\\\/wp-content\\\/uploads\\\/2020\\\/01\\\/basel_bale_rhin_rhein_hevetia.jpg\",\"width\":900,\"height\":484},{\"@type\":\"BreadcrumbList\",\"@id\":\"https:\\\/\\\/bale.ch\\\/journal\\\/bale-ville-egalite-salariale-entreprises-mandatees\\\/#breadcrumb\",\"itemListElement\":[{\"@type\":\"ListItem\",\"position\":1,\"name\":\"Accueil\",\"item\":\"https:\\\/\\\/bale.ch\\\/journal\\\/\"},{\"@type\":\"ListItem\",\"position\":2,\"name\":\"B\u00e2le-Ville impose l&rsquo;\u00e9galit\u00e9 salariale aux entreprises mandat\u00e9es\"}]},{\"@type\":\"WebSite\",\"@id\":\"https:\\\/\\\/bale.ch\\\/journal\\\/#website\",\"url\":\"https:\\\/\\\/bale.ch\\\/journal\\\/\",\"name\":\"Journal de B\u00e2le et Gen\u00e8ve\",\"description\":\"M\u00e9dia transfrontalier d&#039;actualit\u00e9s - News\",\"publisher\":{\"@id\":\"https:\\\/\\\/bale.ch\\\/journal\\\/#organization\"},\"potentialAction\":[{\"@type\":\"SearchAction\",\"target\":{\"@type\":\"EntryPoint\",\"urlTemplate\":\"https:\\\/\\\/bale.ch\\\/journal\\\/?s={search_term_string}\"},\"query-input\":{\"@type\":\"PropertyValueSpecification\",\"valueRequired\":true,\"valueName\":\"search_term_string\"}}],\"inLanguage\":\"fr-FR\"},{\"@type\":\"Organization\",\"@id\":\"https:\\\/\\\/bale.ch\\\/journal\\\/#organization\",\"name\":\"Journal de B\u00e2le et Gen\u00e8ve\",\"url\":\"https:\\\/\\\/bale.ch\\\/journal\\\/\",\"logo\":{\"@type\":\"ImageObject\",\"inLanguage\":\"fr-FR\",\"@id\":\"https:\\\/\\\/bale.ch\\\/journal\\\/#\\\/schema\\\/logo\\\/image\\\/\",\"url\":\"https:\\\/\\\/bale.ch\\\/journal\\\/wp-content\\\/uploads\\\/2023\\\/07\\\/journaldebale_logo_2023_nb.png\",\"contentUrl\":\"https:\\\/\\\/bale.ch\\\/journal\\\/wp-content\\\/uploads\\\/2023\\\/07\\\/journaldebale_logo_2023_nb.png\",\"width\":371,\"height\":127,\"caption\":\"Journal de B\u00e2le et Gen\u00e8ve\"},\"image\":{\"@id\":\"https:\\\/\\\/bale.ch\\\/journal\\\/#\\\/schema\\\/logo\\\/image\\\/\"}},{\"@type\":\"Person\",\"@id\":\"https:\\\/\\\/bale.ch\\\/journal\\\/#\\\/schema\\\/person\\\/03ced978db3b7a5274c5cef003f352f5\",\"name\":\"La R\u00e9daction\",\"image\":{\"@type\":\"ImageObject\",\"inLanguage\":\"fr-FR\",\"@id\":\"https:\\\/\\\/secure.gravatar.com\\\/avatar\\\/d1327e2ce8d2b860112f968a3f34686c9bdda7a463a1502cdd1070ac9d88cf1e?s=96&d=mm&r=g\",\"url\":\"https:\\\/\\\/secure.gravatar.com\\\/avatar\\\/d1327e2ce8d2b860112f968a3f34686c9bdda7a463a1502cdd1070ac9d88cf1e?s=96&d=mm&r=g\",\"contentUrl\":\"https:\\\/\\\/secure.gravatar.com\\\/avatar\\\/d1327e2ce8d2b860112f968a3f34686c9bdda7a463a1502cdd1070ac9d88cf1e?s=96&d=mm&r=g\",\"caption\":\"La R\u00e9daction\"},\"url\":\"https:\\\/\\\/bale.ch\\\/journal\\\/author\\\/laredaction\\\/\"}]}<\/script>\n<!-- \/ Yoast SEO plugin. -->","yoast_head_json":{"title":"B\u00e2le-Ville impose l'\u00e9galit\u00e9 salariale aux entreprises mandat\u00e9es - Journal de B\u00e2le et Gen\u00e8ve","robots":{"index":"index","follow":"follow","max-snippet":"max-snippet:-1","max-image-preview":"max-image-preview:large","max-video-preview":"max-video-preview:-1"},"canonical":"https:\/\/bale.ch\/journal\/bale-ville-egalite-salariale-entreprises-mandatees\/","og_locale":"fr_FR","og_type":"article","og_title":"B\u00e2le-Ville impose l'\u00e9galit\u00e9 salariale aux entreprises mandat\u00e9es - Journal de B\u00e2le et Gen\u00e8ve","og_description":"Des contr\u00f4les inopin\u00e9s aupr\u00e8s des entreprises travaillant pour le canton de B\u00e2le-Ville seront effectu\u00e9s par le bureau de l&rsquo;\u00e9galit\u00e9 hommes-femmes. Les entreprises qui souhaitent travailler pour l&rsquo;\u00c9tat devront signer une Continuer la lecture","og_url":"https:\/\/bale.ch\/journal\/bale-ville-egalite-salariale-entreprises-mandatees\/","og_site_name":"Journal de B\u00e2le et Gen\u00e8ve","article_published_time":"2020-01-23T18:29:47+00:00","article_modified_time":"2020-01-23T19:00:10+00:00","og_image":[{"width":900,"height":484,"url":"https:\/\/bale.ch\/journal\/wp-content\/uploads\/2020\/01\/basel_bale_rhin_rhein_hevetia.jpg","type":"image\/jpeg"}],"author":"La R\u00e9daction","twitter_card":"summary_large_image","twitter_misc":{"\u00c9crit par":"La R\u00e9daction","Dur\u00e9e de lecture estim\u00e9e":"1 minute"},"schema":{"@context":"https:\/\/schema.org","@graph":[{"@type":"Article","@id":"https:\/\/bale.ch\/journal\/bale-ville-egalite-salariale-entreprises-mandatees\/#article","isPartOf":{"@id":"https:\/\/bale.ch\/journal\/bale-ville-egalite-salariale-entreprises-mandatees\/"},"author":{"name":"La R\u00e9daction","@id":"https:\/\/bale.ch\/journal\/#\/schema\/person\/03ced978db3b7a5274c5cef003f352f5"},"headline":"B\u00e2le-Ville impose l&rsquo;\u00e9galit\u00e9 salariale aux entreprises mandat\u00e9es","datePublished":"2020-01-23T18:29:47+00:00","dateModified":"2020-01-23T19:00:10+00:00","mainEntityOfPage":{"@id":"https:\/\/bale.ch\/journal\/bale-ville-egalite-salariale-entreprises-mandatees\/"},"wordCount":190,"publisher":{"@id":"https:\/\/bale.ch\/journal\/#organization"},"image":{"@id":"https:\/\/bale.ch\/journal\/bale-ville-egalite-salariale-entreprises-mandatees\/#primaryimage"},"thumbnailUrl":"https:\/\/bale.ch\/journal\/wp-content\/uploads\/2020\/01\/basel_bale_rhin_rhein_hevetia.jpg","keywords":["Basel Stadt","\u00e9galit\u00e9 salariale"],"articleSection":["Actualit\u00e9s","B\u00e2le Trinationale","Soci\u00e9t\u00e9"],"inLanguage":"fr-FR"},{"@type":"WebPage","@id":"https:\/\/bale.ch\/journal\/bale-ville-egalite-salariale-entreprises-mandatees\/","url":"https:\/\/bale.ch\/journal\/bale-ville-egalite-salariale-entreprises-mandatees\/","name":"B\u00e2le-Ville impose l'\u00e9galit\u00e9 salariale aux entreprises mandat\u00e9es - Journal de B\u00e2le et Gen\u00e8ve","isPartOf":{"@id":"https:\/\/bale.ch\/journal\/#website"},"primaryImageOfPage":{"@id":"https:\/\/bale.ch\/journal\/bale-ville-egalite-salariale-entreprises-mandatees\/#primaryimage"},"image":{"@id":"https:\/\/bale.ch\/journal\/bale-ville-egalite-salariale-entreprises-mandatees\/#primaryimage"},"thumbnailUrl":"https:\/\/bale.ch\/journal\/wp-content\/uploads\/2020\/01\/basel_bale_rhin_rhein_hevetia.jpg","datePublished":"2020-01-23T18:29:47+00:00","dateModified":"2020-01-23T19:00:10+00:00","breadcrumb":{"@id":"https:\/\/bale.ch\/journal\/bale-ville-egalite-salariale-entreprises-mandatees\/#breadcrumb"},"inLanguage":"fr-FR","potentialAction":[{"@type":"ReadAction","target":["https:\/\/bale.ch\/journal\/bale-ville-egalite-salariale-entreprises-mandatees\/"]}]},{"@type":"ImageObject","inLanguage":"fr-FR","@id":"https:\/\/bale.ch\/journal\/bale-ville-egalite-salariale-entreprises-mandatees\/#primaryimage","url":"https:\/\/bale.ch\/journal\/wp-content\/uploads\/2020\/01\/basel_bale_rhin_rhein_hevetia.jpg","contentUrl":"https:\/\/bale.ch\/journal\/wp-content\/uploads\/2020\/01\/basel_bale_rhin_rhein_hevetia.jpg","width":900,"height":484},{"@type":"BreadcrumbList","@id":"https:\/\/bale.ch\/journal\/bale-ville-egalite-salariale-entreprises-mandatees\/#breadcrumb","itemListElement":[{"@type":"ListItem","position":1,"name":"Accueil","item":"https:\/\/bale.ch\/journal\/"},{"@type":"ListItem","position":2,"name":"B\u00e2le-Ville impose l&rsquo;\u00e9galit\u00e9 salariale aux entreprises mandat\u00e9es"}]},{"@type":"WebSite","@id":"https:\/\/bale.ch\/journal\/#website","url":"https:\/\/bale.ch\/journal\/","name":"Journal de B\u00e2le et Gen\u00e8ve","description":"M\u00e9dia transfrontalier d&#039;actualit\u00e9s - News","publisher":{"@id":"https:\/\/bale.ch\/journal\/#organization"},"potentialAction":[{"@type":"SearchAction","target":{"@type":"EntryPoint","urlTemplate":"https:\/\/bale.ch\/journal\/?s={search_term_string}"},"query-input":{"@type":"PropertyValueSpecification","valueRequired":true,"valueName":"search_term_string"}}],"inLanguage":"fr-FR"},{"@type":"Organization","@id":"https:\/\/bale.ch\/journal\/#organization","name":"Journal de B\u00e2le et Gen\u00e8ve","url":"https:\/\/bale.ch\/journal\/","logo":{"@type":"ImageObject","inLanguage":"fr-FR","@id":"https:\/\/bale.ch\/journal\/#\/schema\/logo\/image\/","url":"https:\/\/bale.ch\/journal\/wp-content\/uploads\/2023\/07\/journaldebale_logo_2023_nb.png","contentUrl":"https:\/\/bale.ch\/journal\/wp-content\/uploads\/2023\/07\/journaldebale_logo_2023_nb.png","width":371,"height":127,"caption":"Journal de B\u00e2le et Gen\u00e8ve"},"image":{"@id":"https:\/\/bale.ch\/journal\/#\/schema\/logo\/image\/"}},{"@type":"Person","@id":"https:\/\/bale.ch\/journal\/#\/schema\/person\/03ced978db3b7a5274c5cef003f352f5","name":"La R\u00e9daction","image":{"@type":"ImageObject","inLanguage":"fr-FR","@id":"https:\/\/secure.gravatar.com\/avatar\/d1327e2ce8d2b860112f968a3f34686c9bdda7a463a1502cdd1070ac9d88cf1e?s=96&d=mm&r=g","url":"https:\/\/secure.gravatar.com\/avatar\/d1327e2ce8d2b860112f968a3f34686c9bdda7a463a1502cdd1070ac9d88cf1e?s=96&d=mm&r=g","contentUrl":"https:\/\/secure.gravatar.com\/avatar\/d1327e2ce8d2b860112f968a3f34686c9bdda7a463a1502cdd1070ac9d88cf1e?s=96&d=mm&r=g","caption":"La R\u00e9daction"},"url":"https:\/\/bale.ch\/journal\/author\/laredaction\/"}]}},"_links":{"self":[{"href":"https:\/\/bale.ch\/journal\/wp-json\/wp\/v2\/posts\/2594","targetHints":{"allow":["GET"]}}],"collection":[{"href":"https:\/\/bale.ch\/journal\/wp-json\/wp\/v2\/posts"}],"about":[{"href":"https:\/\/bale.ch\/journal\/wp-json\/wp\/v2\/types\/post"}],"author":[{"embeddable":true,"href":"https:\/\/bale.ch\/journal\/wp-json\/wp\/v2\/users\/2"}],"replies":[{"embeddable":true,"href":"https:\/\/bale.ch\/journal\/wp-json\/wp\/v2\/comments?post=2594"}],"version-history":[{"count":10,"href":"https:\/\/bale.ch\/journal\/wp-json\/wp\/v2\/posts\/2594\/revisions"}],"predecessor-version":[{"id":2605,"href":"https:\/\/bale.ch\/journal\/wp-json\/wp\/v2\/posts\/2594\/revisions\/2605"}],"wp:featuredmedia":[{"embeddable":true,"href":"https:\/\/bale.ch\/journal\/wp-json\/wp\/v2\/media\/2595"}],"wp:attachment":[{"href":"https:\/\/bale.ch\/journal\/wp-json\/wp\/v2\/media?parent=2594"}],"wp:term":[{"taxonomy":"category","embeddable":true,"href":"https:\/\/bale.ch\/journal\/wp-json\/wp\/v2\/categories?post=2594"},{"taxonomy":"post_tag","embeddable":true,"href":"https:\/\/bale.ch\/journal\/wp-json\/wp\/v2\/tags?post=2594"}],"curies":[{"name":"wp","href":"https:\/\/api.w.org\/{rel}","templated":true}]}}