{"id":2621,"date":"2020-01-29T23:50:26","date_gmt":"2020-01-29T23:50:26","guid":{"rendered":"http:\/\/bale.ch\/journal\/?p=2621"},"modified":"2026-09-01T19:09:15","modified_gmt":"2026-09-01T19:09:15","slug":"mexique-centres-detention-migrants-droits-humains","status":"publish","type":"post","link":"https:\/\/bale.ch\/journal\/mexique-centres-detention-migrants-droits-humains\/","title":{"rendered":"Le Mexique interdit l&rsquo;acc\u00e8s des centres de d\u00e9tentions de migrants aux d\u00e9fenseurs des droits humains"},"content":{"rendered":"\n<p class=\"wp-block-paragraph\"><strong>Dans un communiqu\u00e9, l&rsquo;Institut national mexicain de la migration a annonc\u00e9 avoir suspendu ce mardi l&rsquo;acc\u00e8s pour les d\u00e9fenseurs des droits humains aux centres de d\u00e9tention o\u00f9 s&rsquo;entassent des milliers de migrants qui souhaitent rejoindre les \u00c9tats-Unis.<\/strong><\/p>\n\n\n\n<p class=\"wp-block-paragraph\">Pour le service \u00e9tatique, suite \u00e0 la derni\u00e8re vague de migrants &#8211; entre 2000 et 3500 personnes en provenance d&rsquo;Am\u00e9rique centrale pour la plupart &#8211; l&rsquo;augmentation <em>\u00ab\u00a0consid\u00e9rable\u00a0\u00bb<\/em> de la demande d&rsquo;admission d&rsquo;associations de d\u00e9fense des droits humains risque <em>\u00ab\u00a0d&rsquo;entraver le fonctionnement des installations\u00a0\u00bb<\/em>. Mercredi, face \u00e0 l&rsquo;indignation internationale, le gouvernement a dit vouloir faire marche arri\u00e8re.<\/p>\n\n\n\n<p class=\"wp-block-paragraph\">L\u2019article 226 de la loi sur les migrations stipule que tout migrant qui se trouve dans un centre de d\u00e9tention a le droit de recevoir la visite de membres de sa famille ou de <em>\u00ab\u00a0repr\u00e9sentants d\u2019organisations non gouvernementales\u00a0\u00bb<\/em>.&nbsp;Jusqu\u2019\u00e0 pr\u00e9sent, ces organisations disposaient de permis d\u2019acc\u00e8s permanents et d\u2019un calendrier de visites convenu avec l\u2019institution.&nbsp;<\/p><div id=\"crieu-371706387\" class=\"crieu-content crieu-entity-placement\"><script async src=\"\/\/pagead2.googlesyndication.com\/pagead\/js\/adsbygoogle.js?client=ca-pub-5271584769416742\" crossorigin=\"anonymous\"><\/script><ins class=\"adsbygoogle\" style=\"display:block;\" data-ad-client=\"ca-pub-5271584769416742\" \ndata-ad-slot=\"9321250718\" \ndata-ad-format=\"auto\"><\/ins>\n<script> \n(adsbygoogle = window.adsbygoogle || []).push({}); \n<\/script>\n<\/div>\n\n\n\n<p class=\"wp-block-paragraph\">Dans de nombreux cas, comme dans le cas du <strong>centre de d\u00e9tention \u00ab\u00a0XXIe Si\u00e8cle\u00a0\u00bb<\/strong> de Tapachula (Chiapas), l&rsquo;acc\u00e8s aux installations &#8211; consid\u00e9r\u00e9es comme de v\u00e9ritables prisons &#8211; leur \u00e9tait restreint, mais ils avaient acc\u00e8s aux migrants.&nbsp;Pour ces derniers, c\u2019\u00e9tait la seule assistance juridique qu\u2019ils pouvaient esp\u00e9rer recevoir sur leur chemin. C&rsquo;\u00e9tait aussi le seul moyen de d\u00e9noncer les abus et la maltraitance \u00e0 l&rsquo;int\u00e9rieur du centre, o\u00f9 les migrants sont enferm\u00e9s pour une p\u00e9riode de quelques jours \u00e0  plusieurs semaines afin de <em>\u00ab\u00a0permettre aux autorit\u00e9s de statuer sur leur sort\u00a0\u00bb<\/em>. <\/p>\n\n\n\n<p class=\"wp-block-paragraph\"><strong>Tapachula<\/strong>, \u00e0 la fronti\u00e8re sud, voisine du Guat\u00e9mala, <strong>a \u00e9t\u00e9 transform\u00e9 en v\u00e9ritable mur contre lequel se heurtent ceux qui fuient la mis\u00e8re<\/strong>. Un mur qu&rsquo;Andr\u00e9s Manuel L\u00f3pez Obrador (AMLO), premier pr\u00e9sident mexicain de gauche depuis plus de nonante ans, a \u00e9rig\u00e9 pour faire plaisir \u00e0 Donald Trump. Ce dernier a en effet impos\u00e9 en janvier 2019 cette&nbsp;initiative, appel\u00e9e \u00ab\u00a0Rester au Mexique\u00a0\u00bb, en mena\u00e7ant d\u2019imposer des droits de douane sur les exportations mexicaines si le gouvernement de AMLO ne contr\u00f4lait pas le passage des migrants, notamment Guat\u00e9malt\u00e8ques, Honduriens et Salvadoriens. C&rsquo;est ainsi que le Mexique a militaris\u00e9 ses fronti\u00e8res pour freiner leur passage et les maintenir \u00e9loign\u00e9s de la fronti\u00e8re \u00e9tasunienne.<\/p>\n\n\n\n<p class=\"wp-block-paragraph\"><a rel=\"noreferrer noopener\" aria-label=\"Pris au pi\u00e8ge (s\u2019ouvre dans un nouvel onglet)\" href=\"https:\/\/elpais.com\/internacional\/2019\/11\/22\/actualidad\/1574412254_489288.html\" target=\"_blank\"><strong>Pris au pi\u00e8ge<\/strong><\/a> dans cette ville de 350&rsquo;000 habitants, au difficile climat chaud et humide, beaucoup n&rsquo;ont qu&rsquo;une option: essayer de survivre. Certains profitent de la situation et dominent celles et ceux qui n&rsquo;ont d&rsquo;autres choix que de vendre leur corps ou de donner quasiment leur travail.<\/p>\n\n\n\n<p class=\"wp-block-paragraph\">Le Mexique a \u00e9t\u00e9 point\u00e9 du doigt par diff\u00e9rentes organisations dont Human Rights Watch dans son rapport annuel, indiquant que les violations des droits de l&rsquo;homme se sont poursuivis depuis l&rsquo;entr\u00e9e en fonction fin 2018 du gouvernement AMLO. <strong>L&rsquo;impunit\u00e9 reste la norme<\/strong>, notamment dans le cas de disparitions forc\u00e9es, parfois massives, de torture, d&rsquo;attaques et d&rsquo;assassinats de journalistes ind\u00e9pendants, de d\u00e9fenseurs des droits humains et de l&rsquo;environnement, mais aussi de migrants. <\/p>\n\n\n\n<p class=\"wp-block-paragraph\">[wpedon id=2820]<\/p>\n\n\n\n<p class=\"wp-block-paragraph\">_<br><em>Photo: Sofia Dominguez. Caravane de migrants faisant halte \u00e0 Puebla, Mexique. Novembre 2018.<\/em><\/p>\n\n\n\n<p class=\"wp-block-paragraph\">Cet article pourrait vous int\u00e9resser:<\/p>\n\n\n\n<h3 class=\"wp-block-heading\"><a href=\"https:\/\/bale.ch\/journal\/mexiques-langues-indigenes-prison\/\">S\u00e9gr\u00e9gation socioculturelle au Mexique: 8\u2019000 indig\u00e8nes sont en prison, sans interpr\u00e8tes ni avocats <\/a><\/h3>\n<div id=\"crieu-1059007639\" class=\"crieu-apres-le-contenu crieu-entity-placement\" style=\"margin-left: auto;margin-right: auto;text-align: center;\"><script async src=\"\/\/pagead2.googlesyndication.com\/pagead\/js\/adsbygoogle.js?client=ca-pub-5271584769416742\" crossorigin=\"anonymous\"><\/script><ins class=\"adsbygoogle\" style=\"display:block;\" data-ad-client=\"ca-pub-5271584769416742\" \ndata-ad-slot=\"9321250718\" \ndata-ad-format=\"auto\"><\/ins>\n<script> \n(adsbygoogle = window.adsbygoogle || []).push({}); \n<\/script>\n<\/div>","protected":false},"excerpt":{"rendered":"<p>Dans un communiqu\u00e9, l&rsquo;Institut national mexicain de la migration a annonc\u00e9 avoir suspendu ce mardi l&rsquo;acc\u00e8s pour les d\u00e9fenseurs des droits humains aux centres de d\u00e9tention o\u00f9 s&rsquo;entassent des milliers <a href=\"https:\/\/bale.ch\/journal\/mexique-centres-detention-migrants-droits-humains\/\" class=\"read-more button-fancy -red\"><span class=\"btn-arrow\"><\/span><span class=\"twp-read-more text\">Continuer la lecture<\/span><\/a><\/p>\n","protected":false},"author":3,"featured_media":2627,"comment_status":"closed","ping_status":"closed","sticky":false,"template":"","format":"standard","meta":{"footnotes":""},"categories":[307,103,9],"tags":[131,108],"class_list":["post-2621","post","type-post","status-publish","format-standard","has-post-thumbnail","hentry","category-abya-yala","category-actu","category-monde","tag-droits-humains","tag-mexique"],"yoast_head":"<!-- This site is optimized with the Yoast SEO plugin v28.3 - https:\/\/yoast.com\/product\/yoast-seo-wordpress\/ -->\n<title>Le Mexique interdit l&#039;acc\u00e8s des centres de d\u00e9tentions de migrants aux d\u00e9fenseurs des droits humains - Journal de B\u00e2le et Gen\u00e8ve<\/title>\n<meta name=\"robots\" content=\"index, follow, max-snippet:-1, max-image-preview:large, max-video-preview:-1\" \/>\n<link rel=\"canonical\" href=\"https:\/\/bale.ch\/journal\/mexique-centres-detention-migrants-droits-humains\/\" \/>\n<meta property=\"og:locale\" content=\"fr_FR\" \/>\n<meta property=\"og:type\" content=\"article\" \/>\n<meta property=\"og:title\" content=\"Le Mexique interdit l&#039;acc\u00e8s des centres de d\u00e9tentions de migrants aux d\u00e9fenseurs des droits humains - Journal de B\u00e2le et Gen\u00e8ve\" \/>\n<meta property=\"og:description\" content=\"Dans un communiqu\u00e9, l&rsquo;Institut national mexicain de la migration a annonc\u00e9 avoir suspendu ce mardi l&rsquo;acc\u00e8s pour les d\u00e9fenseurs des droits humains aux centres de d\u00e9tention o\u00f9 s&rsquo;entassent des milliers Continuer la lecture\" \/>\n<meta property=\"og:url\" content=\"https:\/\/bale.ch\/journal\/mexique-centres-detention-migrants-droits-humains\/\" \/>\n<meta property=\"og:site_name\" content=\"Journal de B\u00e2le et Gen\u00e8ve\" \/>\n<meta property=\"article:published_time\" content=\"2020-01-29T23:50:26+00:00\" \/>\n<meta property=\"article:modified_time\" content=\"2026-09-01T19:09:15+00:00\" \/>\n<meta property=\"og:image\" content=\"https:\/\/bale.ch\/journal\/wp-content\/uploads\/2020\/01\/migrants_honduras_puebla.jpg\" \/>\n\t<meta property=\"og:image:width\" content=\"900\" \/>\n\t<meta property=\"og:image:height\" content=\"484\" \/>\n\t<meta property=\"og:image:type\" content=\"image\/jpeg\" \/>\n<meta name=\"author\" content=\"Alban Lavy\" \/>\n<meta name=\"twitter:card\" content=\"summary_large_image\" \/>\n<meta name=\"twitter:label1\" content=\"\u00c9crit par\" \/>\n\t<meta name=\"twitter:data1\" content=\"Alban Lavy\" \/>\n\t<meta name=\"twitter:label2\" content=\"Dur\u00e9e de lecture estim\u00e9e\" \/>\n\t<meta name=\"twitter:data2\" content=\"3 minutes\" \/>\n<script type=\"application\/ld+json\" class=\"yoast-schema-graph\">{\"@context\":\"https:\\\/\\\/schema.org\",\"@graph\":[{\"@type\":\"Article\",\"@id\":\"https:\\\/\\\/bale.ch\\\/journal\\\/mexique-centres-detention-migrants-droits-humains\\\/#article\",\"isPartOf\":{\"@id\":\"https:\\\/\\\/bale.ch\\\/journal\\\/mexique-centres-detention-migrants-droits-humains\\\/\"},\"author\":{\"name\":\"Alban Lavy\",\"@id\":\"https:\\\/\\\/bale.ch\\\/journal\\\/#\\\/schema\\\/person\\\/41bc7f908af0ffea5e38b8c5702e5626\"},\"headline\":\"Le Mexique interdit l&rsquo;acc\u00e8s des centres de d\u00e9tentions de migrants aux d\u00e9fenseurs des droits humains\",\"datePublished\":\"2020-01-29T23:50:26+00:00\",\"dateModified\":\"2026-09-01T19:09:15+00:00\",\"mainEntityOfPage\":{\"@id\":\"https:\\\/\\\/bale.ch\\\/journal\\\/mexique-centres-detention-migrants-droits-humains\\\/\"},\"wordCount\":593,\"publisher\":{\"@id\":\"https:\\\/\\\/bale.ch\\\/journal\\\/#organization\"},\"image\":{\"@id\":\"https:\\\/\\\/bale.ch\\\/journal\\\/mexique-centres-detention-migrants-droits-humains\\\/#primaryimage\"},\"thumbnailUrl\":\"https:\\\/\\\/bale.ch\\\/journal\\\/wp-content\\\/uploads\\\/2020\\\/01\\\/migrants_honduras_puebla.jpg\",\"keywords\":[\"Droits humains\",\"Mexique\"],\"articleSection\":[\"Abya Yala \\\/ Am\u00e9riques\",\"Actualit\u00e9s\",\"Monde\"],\"inLanguage\":\"fr-FR\"},{\"@type\":\"WebPage\",\"@id\":\"https:\\\/\\\/bale.ch\\\/journal\\\/mexique-centres-detention-migrants-droits-humains\\\/\",\"url\":\"https:\\\/\\\/bale.ch\\\/journal\\\/mexique-centres-detention-migrants-droits-humains\\\/\",\"name\":\"Le Mexique interdit l'acc\u00e8s des centres de d\u00e9tentions de migrants aux d\u00e9fenseurs des droits humains - Journal de B\u00e2le et Gen\u00e8ve\",\"isPartOf\":{\"@id\":\"https:\\\/\\\/bale.ch\\\/journal\\\/#website\"},\"primaryImageOfPage\":{\"@id\":\"https:\\\/\\\/bale.ch\\\/journal\\\/mexique-centres-detention-migrants-droits-humains\\\/#primaryimage\"},\"image\":{\"@id\":\"https:\\\/\\\/bale.ch\\\/journal\\\/mexique-centres-detention-migrants-droits-humains\\\/#primaryimage\"},\"thumbnailUrl\":\"https:\\\/\\\/bale.ch\\\/journal\\\/wp-content\\\/uploads\\\/2020\\\/01\\\/migrants_honduras_puebla.jpg\",\"datePublished\":\"2020-01-29T23:50:26+00:00\",\"dateModified\":\"2026-09-01T19:09:15+00:00\",\"breadcrumb\":{\"@id\":\"https:\\\/\\\/bale.ch\\\/journal\\\/mexique-centres-detention-migrants-droits-humains\\\/#breadcrumb\"},\"inLanguage\":\"fr-FR\",\"potentialAction\":[{\"@type\":\"ReadAction\",\"target\":[\"https:\\\/\\\/bale.ch\\\/journal\\\/mexique-centres-detention-migrants-droits-humains\\\/\"]}]},{\"@type\":\"ImageObject\",\"inLanguage\":\"fr-FR\",\"@id\":\"https:\\\/\\\/bale.ch\\\/journal\\\/mexique-centres-detention-migrants-droits-humains\\\/#primaryimage\",\"url\":\"https:\\\/\\\/bale.ch\\\/journal\\\/wp-content\\\/uploads\\\/2020\\\/01\\\/migrants_honduras_puebla.jpg\",\"contentUrl\":\"https:\\\/\\\/bale.ch\\\/journal\\\/wp-content\\\/uploads\\\/2020\\\/01\\\/migrants_honduras_puebla.jpg\",\"width\":900,\"height\":484,\"caption\":\"Migrants de passage \u00e0 Puebla, 2018. Photo Sofia Dominguez\"},{\"@type\":\"BreadcrumbList\",\"@id\":\"https:\\\/\\\/bale.ch\\\/journal\\\/mexique-centres-detention-migrants-droits-humains\\\/#breadcrumb\",\"itemListElement\":[{\"@type\":\"ListItem\",\"position\":1,\"name\":\"Accueil\",\"item\":\"https:\\\/\\\/bale.ch\\\/journal\\\/\"},{\"@type\":\"ListItem\",\"position\":2,\"name\":\"Le Mexique interdit l&rsquo;acc\u00e8s des centres de d\u00e9tentions de migrants aux d\u00e9fenseurs des droits humains\"}]},{\"@type\":\"WebSite\",\"@id\":\"https:\\\/\\\/bale.ch\\\/journal\\\/#website\",\"url\":\"https:\\\/\\\/bale.ch\\\/journal\\\/\",\"name\":\"Journal de B\u00e2le et Gen\u00e8ve\",\"description\":\"M\u00e9dia transfrontalier d&#039;actualit\u00e9s - News\",\"publisher\":{\"@id\":\"https:\\\/\\\/bale.ch\\\/journal\\\/#organization\"},\"potentialAction\":[{\"@type\":\"SearchAction\",\"target\":{\"@type\":\"EntryPoint\",\"urlTemplate\":\"https:\\\/\\\/bale.ch\\\/journal\\\/?s={search_term_string}\"},\"query-input\":{\"@type\":\"PropertyValueSpecification\",\"valueRequired\":true,\"valueName\":\"search_term_string\"}}],\"inLanguage\":\"fr-FR\"},{\"@type\":\"Organization\",\"@id\":\"https:\\\/\\\/bale.ch\\\/journal\\\/#organization\",\"name\":\"Journal de B\u00e2le et Gen\u00e8ve\",\"url\":\"https:\\\/\\\/bale.ch\\\/journal\\\/\",\"logo\":{\"@type\":\"ImageObject\",\"inLanguage\":\"fr-FR\",\"@id\":\"https:\\\/\\\/bale.ch\\\/journal\\\/#\\\/schema\\\/logo\\\/image\\\/\",\"url\":\"https:\\\/\\\/bale.ch\\\/journal\\\/wp-content\\\/uploads\\\/2023\\\/07\\\/journaldebale_logo_2023_nb.png\",\"contentUrl\":\"https:\\\/\\\/bale.ch\\\/journal\\\/wp-content\\\/uploads\\\/2023\\\/07\\\/journaldebale_logo_2023_nb.png\",\"width\":371,\"height\":127,\"caption\":\"Journal de B\u00e2le et Gen\u00e8ve\"},\"image\":{\"@id\":\"https:\\\/\\\/bale.ch\\\/journal\\\/#\\\/schema\\\/logo\\\/image\\\/\"}},{\"@type\":\"Person\",\"@id\":\"https:\\\/\\\/bale.ch\\\/journal\\\/#\\\/schema\\\/person\\\/41bc7f908af0ffea5e38b8c5702e5626\",\"name\":\"Alban Lavy\",\"image\":{\"@type\":\"ImageObject\",\"inLanguage\":\"fr-FR\",\"@id\":\"https:\\\/\\\/secure.gravatar.com\\\/avatar\\\/4978c5bb7295400e15bebf9881bc4db7866592bc59ffa2f62511214a10f68804?s=96&d=mm&r=g\",\"url\":\"https:\\\/\\\/secure.gravatar.com\\\/avatar\\\/4978c5bb7295400e15bebf9881bc4db7866592bc59ffa2f62511214a10f68804?s=96&d=mm&r=g\",\"contentUrl\":\"https:\\\/\\\/secure.gravatar.com\\\/avatar\\\/4978c5bb7295400e15bebf9881bc4db7866592bc59ffa2f62511214a10f68804?s=96&d=mm&r=g\",\"caption\":\"Alban Lavy\"},\"sameAs\":[\"http:\\\/\\\/bale.ch\\\/administration\\\/zeitung\\\/albanlavy\\\/\"],\"url\":\"https:\\\/\\\/bale.ch\\\/journal\\\/author\\\/lavy\\\/\"}]}<\/script>\n<!-- \/ Yoast SEO plugin. -->","yoast_head_json":{"title":"Le Mexique interdit l'acc\u00e8s des centres de d\u00e9tentions de migrants aux d\u00e9fenseurs des droits humains - Journal de B\u00e2le et Gen\u00e8ve","robots":{"index":"index","follow":"follow","max-snippet":"max-snippet:-1","max-image-preview":"max-image-preview:large","max-video-preview":"max-video-preview:-1"},"canonical":"https:\/\/bale.ch\/journal\/mexique-centres-detention-migrants-droits-humains\/","og_locale":"fr_FR","og_type":"article","og_title":"Le Mexique interdit l'acc\u00e8s des centres de d\u00e9tentions de migrants aux d\u00e9fenseurs des droits humains - Journal de B\u00e2le et Gen\u00e8ve","og_description":"Dans un communiqu\u00e9, l&rsquo;Institut national mexicain de la migration a annonc\u00e9 avoir suspendu ce mardi l&rsquo;acc\u00e8s pour les d\u00e9fenseurs des droits humains aux centres de d\u00e9tention o\u00f9 s&rsquo;entassent des milliers Continuer la lecture","og_url":"https:\/\/bale.ch\/journal\/mexique-centres-detention-migrants-droits-humains\/","og_site_name":"Journal de B\u00e2le et Gen\u00e8ve","article_published_time":"2020-01-29T23:50:26+00:00","article_modified_time":"2026-09-01T19:09:15+00:00","og_image":[{"width":900,"height":484,"url":"https:\/\/bale.ch\/journal\/wp-content\/uploads\/2020\/01\/migrants_honduras_puebla.jpg","type":"image\/jpeg"}],"author":"Alban Lavy","twitter_card":"summary_large_image","twitter_misc":{"\u00c9crit par":"Alban Lavy","Dur\u00e9e de lecture estim\u00e9e":"3 minutes"},"schema":{"@context":"https:\/\/schema.org","@graph":[{"@type":"Article","@id":"https:\/\/bale.ch\/journal\/mexique-centres-detention-migrants-droits-humains\/#article","isPartOf":{"@id":"https:\/\/bale.ch\/journal\/mexique-centres-detention-migrants-droits-humains\/"},"author":{"name":"Alban Lavy","@id":"https:\/\/bale.ch\/journal\/#\/schema\/person\/41bc7f908af0ffea5e38b8c5702e5626"},"headline":"Le Mexique interdit l&rsquo;acc\u00e8s des centres de d\u00e9tentions de migrants aux d\u00e9fenseurs des droits humains","datePublished":"2020-01-29T23:50:26+00:00","dateModified":"2026-09-01T19:09:15+00:00","mainEntityOfPage":{"@id":"https:\/\/bale.ch\/journal\/mexique-centres-detention-migrants-droits-humains\/"},"wordCount":593,"publisher":{"@id":"https:\/\/bale.ch\/journal\/#organization"},"image":{"@id":"https:\/\/bale.ch\/journal\/mexique-centres-detention-migrants-droits-humains\/#primaryimage"},"thumbnailUrl":"https:\/\/bale.ch\/journal\/wp-content\/uploads\/2020\/01\/migrants_honduras_puebla.jpg","keywords":["Droits humains","Mexique"],"articleSection":["Abya Yala \/ Am\u00e9riques","Actualit\u00e9s","Monde"],"inLanguage":"fr-FR"},{"@type":"WebPage","@id":"https:\/\/bale.ch\/journal\/mexique-centres-detention-migrants-droits-humains\/","url":"https:\/\/bale.ch\/journal\/mexique-centres-detention-migrants-droits-humains\/","name":"Le Mexique interdit l'acc\u00e8s des centres de d\u00e9tentions de migrants aux d\u00e9fenseurs des droits humains - Journal de B\u00e2le et Gen\u00e8ve","isPartOf":{"@id":"https:\/\/bale.ch\/journal\/#website"},"primaryImageOfPage":{"@id":"https:\/\/bale.ch\/journal\/mexique-centres-detention-migrants-droits-humains\/#primaryimage"},"image":{"@id":"https:\/\/bale.ch\/journal\/mexique-centres-detention-migrants-droits-humains\/#primaryimage"},"thumbnailUrl":"https:\/\/bale.ch\/journal\/wp-content\/uploads\/2020\/01\/migrants_honduras_puebla.jpg","datePublished":"2020-01-29T23:50:26+00:00","dateModified":"2026-09-01T19:09:15+00:00","breadcrumb":{"@id":"https:\/\/bale.ch\/journal\/mexique-centres-detention-migrants-droits-humains\/#breadcrumb"},"inLanguage":"fr-FR","potentialAction":[{"@type":"ReadAction","target":["https:\/\/bale.ch\/journal\/mexique-centres-detention-migrants-droits-humains\/"]}]},{"@type":"ImageObject","inLanguage":"fr-FR","@id":"https:\/\/bale.ch\/journal\/mexique-centres-detention-migrants-droits-humains\/#primaryimage","url":"https:\/\/bale.ch\/journal\/wp-content\/uploads\/2020\/01\/migrants_honduras_puebla.jpg","contentUrl":"https:\/\/bale.ch\/journal\/wp-content\/uploads\/2020\/01\/migrants_honduras_puebla.jpg","width":900,"height":484,"caption":"Migrants de passage \u00e0 Puebla, 2018. Photo Sofia Dominguez"},{"@type":"BreadcrumbList","@id":"https:\/\/bale.ch\/journal\/mexique-centres-detention-migrants-droits-humains\/#breadcrumb","itemListElement":[{"@type":"ListItem","position":1,"name":"Accueil","item":"https:\/\/bale.ch\/journal\/"},{"@type":"ListItem","position":2,"name":"Le Mexique interdit l&rsquo;acc\u00e8s des centres de d\u00e9tentions de migrants aux d\u00e9fenseurs des droits humains"}]},{"@type":"WebSite","@id":"https:\/\/bale.ch\/journal\/#website","url":"https:\/\/bale.ch\/journal\/","name":"Journal de B\u00e2le et Gen\u00e8ve","description":"M\u00e9dia transfrontalier d&#039;actualit\u00e9s - News","publisher":{"@id":"https:\/\/bale.ch\/journal\/#organization"},"potentialAction":[{"@type":"SearchAction","target":{"@type":"EntryPoint","urlTemplate":"https:\/\/bale.ch\/journal\/?s={search_term_string}"},"query-input":{"@type":"PropertyValueSpecification","valueRequired":true,"valueName":"search_term_string"}}],"inLanguage":"fr-FR"},{"@type":"Organization","@id":"https:\/\/bale.ch\/journal\/#organization","name":"Journal de B\u00e2le et Gen\u00e8ve","url":"https:\/\/bale.ch\/journal\/","logo":{"@type":"ImageObject","inLanguage":"fr-FR","@id":"https:\/\/bale.ch\/journal\/#\/schema\/logo\/image\/","url":"https:\/\/bale.ch\/journal\/wp-content\/uploads\/2023\/07\/journaldebale_logo_2023_nb.png","contentUrl":"https:\/\/bale.ch\/journal\/wp-content\/uploads\/2023\/07\/journaldebale_logo_2023_nb.png","width":371,"height":127,"caption":"Journal de B\u00e2le et Gen\u00e8ve"},"image":{"@id":"https:\/\/bale.ch\/journal\/#\/schema\/logo\/image\/"}},{"@type":"Person","@id":"https:\/\/bale.ch\/journal\/#\/schema\/person\/41bc7f908af0ffea5e38b8c5702e5626","name":"Alban Lavy","image":{"@type":"ImageObject","inLanguage":"fr-FR","@id":"https:\/\/secure.gravatar.com\/avatar\/4978c5bb7295400e15bebf9881bc4db7866592bc59ffa2f62511214a10f68804?s=96&d=mm&r=g","url":"https:\/\/secure.gravatar.com\/avatar\/4978c5bb7295400e15bebf9881bc4db7866592bc59ffa2f62511214a10f68804?s=96&d=mm&r=g","contentUrl":"https:\/\/secure.gravatar.com\/avatar\/4978c5bb7295400e15bebf9881bc4db7866592bc59ffa2f62511214a10f68804?s=96&d=mm&r=g","caption":"Alban Lavy"},"sameAs":["http:\/\/bale.ch\/administration\/zeitung\/albanlavy\/"],"url":"https:\/\/bale.ch\/journal\/author\/lavy\/"}]}},"_links":{"self":[{"href":"https:\/\/bale.ch\/journal\/wp-json\/wp\/v2\/posts\/2621","targetHints":{"allow":["GET"]}}],"collection":[{"href":"https:\/\/bale.ch\/journal\/wp-json\/wp\/v2\/posts"}],"about":[{"href":"https:\/\/bale.ch\/journal\/wp-json\/wp\/v2\/types\/post"}],"author":[{"embeddable":true,"href":"https:\/\/bale.ch\/journal\/wp-json\/wp\/v2\/users\/3"}],"replies":[{"embeddable":true,"href":"https:\/\/bale.ch\/journal\/wp-json\/wp\/v2\/comments?post=2621"}],"version-history":[{"count":24,"href":"https:\/\/bale.ch\/journal\/wp-json\/wp\/v2\/posts\/2621\/revisions"}],"predecessor-version":[{"id":2826,"href":"https:\/\/bale.ch\/journal\/wp-json\/wp\/v2\/posts\/2621\/revisions\/2826"}],"wp:featuredmedia":[{"embeddable":true,"href":"https:\/\/bale.ch\/journal\/wp-json\/wp\/v2\/media\/2627"}],"wp:attachment":[{"href":"https:\/\/bale.ch\/journal\/wp-json\/wp\/v2\/media?parent=2621"}],"wp:term":[{"taxonomy":"category","embeddable":true,"href":"https:\/\/bale.ch\/journal\/wp-json\/wp\/v2\/categories?post=2621"},{"taxonomy":"post_tag","embeddable":true,"href":"https:\/\/bale.ch\/journal\/wp-json\/wp\/v2\/tags?post=2621"}],"curies":[{"name":"wp","href":"https:\/\/api.w.org\/{rel}","templated":true}]}}