{"id":2647,"date":"2020-01-31T19:23:13","date_gmt":"2020-01-31T19:23:13","guid":{"rendered":"http:\/\/bale.ch\/journal\/?p=2647"},"modified":"2020-02-03T03:18:09","modified_gmt":"2020-02-03T03:18:09","slug":"un-appel-contre-les-violences-policieres-en-france-laissez-nous-respirer","status":"publish","type":"post","link":"https:\/\/bale.ch\/journal\/un-appel-contre-les-violences-policieres-en-france-laissez-nous-respirer\/","title":{"rendered":"Appel contre les violences polici\u00e8res en France: \u00ab\u00a0Laissez-nous respirer!\u00a0\u00bb"},"content":{"rendered":"\n<p class=\"wp-block-paragraph\"><strong>Un appel contre les violences polici\u00e8res autoris\u00e9es voire command\u00e9es par l\u2019Etat fran\u00e7ais a \u00e9t\u00e9 publi\u00e9 vendredi 31\u00a0janvier dans le quotidien\u00a0<em>L\u2019Humanit\u00e9<\/em>. Sign\u00e9 par de nombreux collectifs et personnalit\u00e9s, il demande l\u2019interdiction des armes et techniques polici\u00e8res les plus brutales et appelle \u00e0 une mobilisation le 14\u00a0mars. Voici le texte de cet appel\u00a0:<\/strong><\/p>\n\n\n\n<h3 class=\"wp-block-heading\">Laissez-nous respirer&nbsp;!<\/h3>\n\n\n\n<p class=\"wp-block-paragraph\">C\u00e9dric Chouviat est le premier mort de l\u2019ann\u00e9e \u00e0 cause de violences polici\u00e8res. Sera-t-il le dernier de la longue liste des personnes tu\u00e9es par les forces de l\u2019ordre&nbsp;? Les statistiques des ann\u00e9es pr\u00e9c\u00e9dentes nous font craindre que ce ne soit pas le cas.<\/p>\n\n\n\n<h3 class=\"wp-block-heading\">Vingt-six d\u00e9c\u00e8s en 2019, combien en 2020&nbsp;?<\/h3>\n\n\n\n<p class=\"wp-block-paragraph\">Nous apportons tout notre soutien et notre enti\u00e8re solidarit\u00e9 \u00e0 la famille de C\u00e9dric pour qu\u2019elle obtienne la paix et la justice qu\u2019elle demande.<\/p><div id=\"crieu-3255856581\" class=\"crieu-content crieu-entity-placement\"><script async src=\"\/\/pagead2.googlesyndication.com\/pagead\/js\/adsbygoogle.js?client=ca-pub-5271584769416742\" crossorigin=\"anonymous\"><\/script><ins class=\"adsbygoogle\" style=\"display:block;\" data-ad-client=\"ca-pub-5271584769416742\" \ndata-ad-slot=\"9321250718\" \ndata-ad-format=\"auto\"><\/ins>\n<script> \n(adsbygoogle = window.adsbygoogle || []).push({}); \n<\/script>\n<\/div>\n\n\n\n<p class=\"wp-block-paragraph\">Car c\u2019est aussi notre histoire. La v\u00e9rit\u00e9, la justice et la paix, c\u2019est aussi ce que nous demandons pour Lamine Dieng, 25 ans, d\u00e9c\u00e9d\u00e9 \u00e0 la suite d\u2019une cl\u00e9 d\u2019\u00e9tranglement et d\u2019un plaquage ventral, tout comme Adama Traor\u00e9, 24 ans, Aboubacar Abdou, 31 ans, Abdelhakim Ajimi, 22 ans, Abou Bakari Tandia, 38 ans, Ricardo Barrientos, 52 ans, Mohamed Boukrourou, 41 ans, Massar Diaw, 24 ans, Philippe Ferri\u00e8res, 36 ans, Mariame Getu Hagos, 24 ans, Serge Partouche, 28 ans, Wissam El Yamni, 30 ans, Abdelilah El Jabri, 25 ans, Amadou Koum\u00e9, 33 ans, Mamadou Marega, 38 ans, Mohamed Saoud, 26 ans, Ali Ziri, 69 ans, mort apr\u00e8s un \u00ab&nbsp;pliage&nbsp;\u00bb , Abdelhak Goradia, 51 ans, d\u00e9c\u00e9d\u00e9 par asphyxie dans un v\u00e9hicule de police\u2026 et des dizaines d\u2019autres&nbsp;:&nbsp;<em>\u00ab&nbsp;malaise cardiaque&nbsp;\u00bb, \u00ab&nbsp;asphyxie&nbsp;\u00bb, \u00ab&nbsp;mort naturelle&nbsp;\u00bb<\/em>, sans autre d\u00e9tail communiqu\u00e9 aux familles. Ce 3&nbsp;janvier 2020, c\u2019est C\u00e9dric Chouviat qui est d\u00e9c\u00e9d\u00e9 par asphyxie, apr\u00e8s une cl\u00e9 d\u2019\u00e9tranglement et un plaquage ventral.<\/p>\n\n\n\n<p class=\"wp-block-paragraph\">Les t\u00e9moins de cette interpellation ont confirm\u00e9 ce que nous d\u00e9non\u00e7ons depuis toujours&nbsp;: l\u2019utilisation d\u00e9lib\u00e9r\u00e9e par les agents des forces de police de techniques extr\u00eamement violentes et&nbsp;<em>\u00ab&nbsp;potentiellement l\u00e9tales&nbsp;\u00bb<\/em>, selon la d\u00e9nomination officielle. Cl\u00e9 d\u2019\u00e9tranglement, plaquage ventral et pliage, ces trois pratiques ont pour but d\u2019immobiliser une personne en lui comprimant le thorax et le cou pour entraver la respiration. Mais, plus la compression dure, plus l\u2019interpell\u00e9 manque d\u2019oxyg\u00e8ne et plus il se d\u00e9bat. Et plus les agents renforcent leur pression. Et plus cette violence tue.<\/p>\n\n\n\n<p class=\"wp-block-paragraph\">Malgr\u00e9 les condamnations r\u00e9p\u00e9t\u00e9es de la France par la Cour europ\u00e9enne des droits de l\u2019homme et par l\u2019ONU, ces techniques continuent d\u2019\u00eatre pratiqu\u00e9es et de causer la mort. Malgr\u00e9 la condamnation de ces usages par la Ligue des droits de l\u2019homme, Amnesty International et Action des chr\u00e9tiens pour l\u2019abolition de la torture, l\u2019\u00c9tat se contente de justifier le&nbsp;<em>\u00ab&nbsp;travail&nbsp;\u00bb<\/em>&nbsp;de ses agents.<\/p>\n\n\n\n<p class=\"wp-block-paragraph\">Comme la femme, les enfants et le p\u00e8re de C\u00e9dric, nous avons fait confiance \u00e0 la justice de notre pays. Mais notre exp\u00e9rience pour que la v\u00e9rit\u00e9 soit faite sur les violences qui ont tu\u00e9 nos proches nous a fait d\u00e9couvrir la r\u00e9alit\u00e9 d\u2019un d\u00e9ni de justice syst\u00e9matique pour les victimes. Un d\u00e9ni entretenu par une v\u00e9ritable culture du mensonge qui entra\u00eene une culture du non-lieu.<\/p>\n\n\n\n<p class=\"wp-block-paragraph\">La famille Chouviat a d\u00e9j\u00e0 subi le m\u00eame traitement de la part des autorit\u00e9s que celui que nous avons connu&nbsp;: non-information des proches, puis mensonge sur les causes de la mort, m\u00e9pris de toute compassion \u00e9l\u00e9mentaire, tentative de criminaliser la victime pour la d\u00e9shumaniser et maintien en activit\u00e9 des responsables de la mort d\u2019un homme. Autant de souffrances, d\u2019insultes, de calomnies qui s\u2019ajoutent \u00e0 la douleur des familles.<\/p>\n\n\n\n<p class=\"wp-block-paragraph\">Ces contre-v\u00e9rit\u00e9s des premi\u00e8res heures justifient des ann\u00e9es de proc\u00e9dures interminables, d\u2019enqu\u00eates administratives et d\u2019instructions b\u00e2cl\u00e9es, voire conduites \u00e0 charge contre les victimes et leur entourage. Et bien s\u00fbr des frais de justice consid\u00e9rables. C\u2019est tout un syst\u00e8me auquel sont confront\u00e9es les victimes et leurs familles, qui r\u00e9v\u00e8le une impunit\u00e9 permanente des membres de forces de police qui blessent, mutilent et tuent. C\u2019est une violence judiciaire qui excuse, absout et prolonge les violences polici\u00e8res.<\/p>\n\n\n\n<p class=\"wp-block-paragraph\">Ces brutalit\u00e9s permanentes \u00e9taient auparavant&nbsp;<em>\u00ab&nbsp;r\u00e9serv\u00e9es&nbsp;\u00bb<\/em>&nbsp;aux habitants des quartiers populaires, comme le Mouvement de l\u2019immigration et des banlieues le d\u00e9non\u00e7ait il y a plus de vingt ans. Aujourd\u2019hui, elles d\u00e9bordent dans les centres-villes. Et tous les t\u00e9moins du d\u00e9cha\u00eenement furieux de la force publique contre les mouvements sociaux peuvent d\u00e9sormais comprendre la violence d\u2019\u00c9tat qui nous est impos\u00e9e.<\/p>\n\n\n\n<h2 class=\"wp-block-heading\">Des pratiques r\u00e9guli\u00e8res autoris\u00e9es par un \u00c9tat qui assume de pouvoir blesser gri\u00e8vement, mutiler ou tuer<\/h2>\n\n\n\n<p class=\"wp-block-paragraph\">Cette violence asserment\u00e9e, \u00e0 pr\u00e9sent visible jusque dans les quartiers bourgeois, est \u00e9galement celle des armes class\u00e9es armes de guerre, l\u00e0 aussi d\u2019abord utilis\u00e9es dans nos quartiers. Le Flash-Ball est apparu en 1999. Et il a aussit\u00f4t \u00e9borgn\u00e9 Ali Alexis, \u00e0 Villiers-sur-Marne. Cette arme a \u00e9t\u00e9 remplac\u00e9e par le&nbsp;LBD, qui a \u00e9t\u00e9&nbsp;<em>\u00ab&nbsp;inaugur\u00e9&nbsp;\u00bb<\/em>&nbsp;en 2007, \u00e0 Villiers-le-Bel, pour mater la r\u00e9volte des habitants apr\u00e8s la mort de Moushin et Laramy, percut\u00e9s par un v\u00e9hicule de police. Et les grenades comme celle qui a tu\u00e9 R\u00e9mi Fraisse, en 2014, ou celle qui a tu\u00e9 Zineb Redouane en 2018, comme celles qui ont mutil\u00e9 des dizaines de personnes et gri\u00e8vement bless\u00e9 des centaines d\u2019autres lors des derni\u00e8res manifestations, sont les m\u00eames qui explosent dans nos quartiers depuis presque dix ans.<\/p>\n\n\n\n<p class=\"wp-block-paragraph\">Ce ne sont pas des&nbsp;<em>\u00ab&nbsp;bavures&nbsp;\u00bb<\/em>&nbsp;ni des&nbsp;<em>\u00ab&nbsp;d\u00e9rapages&nbsp;\u00bb<\/em>, mais des pratiques r\u00e9guli\u00e8res autoris\u00e9es par un \u00c9tat qui assume de pouvoir blesser gri\u00e8vement, mutiler ou tuer un homme pour un contr\u00f4le d\u2019identit\u00e9.<\/p>\n\n\n\n<p class=\"wp-block-paragraph\">C\u2019est pourquoi nous exigeons&nbsp;:<\/p>\n\n\n\n<p class=\"wp-block-paragraph\">\u2013 L\u2019interdiction totale de l\u2019usage par les forces de l\u2019ordre de toutes les techniques d\u2019immobilisation susceptibles d\u2019entraver les voies respiratoires.<\/p>\n\n\n\n<p class=\"wp-block-paragraph\">\u2013 L\u2019interdiction totale des armes de guerre en maintien de l\u2019ordre (LBD, grenades&nbsp;GMD,&nbsp;GM2L&nbsp;et similaires).<\/p>\n\n\n\n<p class=\"wp-block-paragraph\">\u2013 La cr\u00e9ation d\u2019un organe public ind\u00e9pendant de la police et de la gendarmerie pour enqu\u00eater sur les plaintes d\u00e9pos\u00e9es contre les agents des forces de l\u2019ordre.<\/p>\n\n\n\n<p class=\"wp-block-paragraph\">\u2013 La mise en place d\u2019une r\u00e9glementation qui associe la famille d\u00e8s le constat de d\u00e9c\u00e8s (autopsie autoris\u00e9e seulement apr\u00e8s un entretien de la famille avec les services de la m\u00e9decine l\u00e9gale).<\/p>\n\n\n\n<p class=\"wp-block-paragraph\">\u2013 La publication chaque ann\u00e9e par le minist\u00e8re de l\u2019Int\u00e9rieur&nbsp;:<\/p>\n\n\n\n<p class=\"wp-block-paragraph\">\u2022 du nombre de personnes bless\u00e9es ou tu\u00e9es par l\u2019action des forces de l\u2019ordre,<\/p>\n\n\n\n<p class=\"wp-block-paragraph\">\u2022 du nombre de plaintes d\u00e9pos\u00e9es pour violence par les forces de l\u2019ordre,<\/p>\n\n\n\n<p class=\"wp-block-paragraph\">\u2022 du nombre de condamnations prononc\u00e9es.<\/p>\n\n\n\n<p class=\"wp-block-paragraph\">Et nous vous appelons toutes et tous \u00e0 nous rejoindre le 14&nbsp;mars \u00e0 Paris, pour la marche de la Journ\u00e9e internationale contre les violences polici\u00e8res.<\/p>\n\n\n\n<h3 class=\"wp-block-heading\">Appelants&nbsp;:<\/h3>\n\n\n\n<p class=\"wp-block-paragraph\">Collectif Vies Vol\u00e9es (Paris, 20<sup>e<\/sup>)<\/p>\n\n\n\n<p class=\"wp-block-paragraph\">Comit\u00e9 Adama (Beaumont-sur-Oise, 95, et Ivry, 94)<\/p>\n\n\n\n<p class=\"wp-block-paragraph\">Famille Dieng et le comit\u00e9 V\u00e9rit\u00e9 et Justice pour Lamine Dieng (Paris, 20<sup>e<\/sup>)<\/p>\n\n\n\n<p class=\"wp-block-paragraph\">Famille d\u2019Angelo Garand et le collectif Justice pour Angelo (Blois, 41)<\/p>\n\n\n\n<p class=\"wp-block-paragraph\">Awa Gueye et le collectif Justice et V\u00e9rit\u00e9 pour Babacar Gueye (Rennes, 35)<\/p>\n\n\n\n<p class=\"wp-block-paragraph\">Comit\u00e9 Justice et V\u00e9rit\u00e9 pour Wissam El Yamni (Clermont-Ferrand, 63)<\/p>\n\n\n\n<p class=\"wp-block-paragraph\">Comit\u00e9 V\u00e9rit\u00e9 et Justice pour Gaye Camara (Champs-sur-Marne, 77)<\/p>\n\n\n\n<p class=\"wp-block-paragraph\">Collectif Selom et Matisse (Lille, 59)<\/p>\n\n\n\n<p class=\"wp-block-paragraph\">Comit\u00e9 Justice pour Ibrahima Bah (Villiers-le-Bel, 95)<\/p>\n\n\n\n<p class=\"wp-block-paragraph\">Comit\u00e9 V\u00e9rit\u00e9 pour Curtis (Massy, 91)<\/p>\n\n\n\n<p class=\"wp-block-paragraph\">Comit\u00e9 V\u00e9rit\u00e9 et Justice pour Morad Touat (Marseille, 13)<\/p>\n\n\n\n<p class=\"wp-block-paragraph\">Comit\u00e9 Justice pour Liu Shaoyao (Paris, 19<sup>e<\/sup>)<\/p>\n\n\n\n<p class=\"wp-block-paragraph\">Comit\u00e9 V\u00e9rit\u00e9 et Justice pour Ali Ziri (Argenteuil, 95)<\/p>\n\n\n\n<p class=\"wp-block-paragraph\">Haby Koum\u00e9 s\u0153ur d\u2019Amadou Koum\u00e9 (Saint-Quentin, 02)<\/p>\n\n\n\n<p class=\"wp-block-paragraph\">Les parents et la s\u0153ur de R\u00e9mi Fraisse<\/p>\n\n\n\n<p class=\"wp-block-paragraph\">Collectif V\u00e9rit\u00e9 et Justice pour Mehdi (Vaux-en-Velin, 69)<\/p>\n\n\n\n<p class=\"wp-block-paragraph\">Florica Floarea et le comit\u00e9 V\u00e9rit\u00e9 et Justice pour Dorel (Vigneux-sur-Seine, 91)<\/p>\n\n\n\n<p class=\"wp-block-paragraph\">Salah Zaouiya et l\u2019association M\u00e9moire Jawad Zaouiya (Mantes-la-Jolie, 78)<\/p>\n\n\n\n<p class=\"wp-block-paragraph\">Justice pour Mehdi Bouhouta (Vaux-en-Velin, 69)<\/p>\n\n\n\n<p class=\"wp-block-paragraph\">Famille Tour\u00e9 et le comit\u00e9 V\u00e9rit\u00e9 et Justice pour Zakaria (Troyes, 10)<\/p>\n\n\n\n<p class=\"wp-block-paragraph\">Syakha Traor\u00e9, fr\u00e8re de Bouna (Clichy-sous-Bois, 93)<\/p>\n\n\n\n<p class=\"wp-block-paragraph\">Genevi\u00e8ve Legay (Nice, 06)<\/p>\n\n\n\n<p class=\"wp-block-paragraph\">Franck Lambin, p\u00e8re d\u2019Allan (Saint-Hilaire-des-Landes, 35)<\/p>\n\n\n\n<p class=\"wp-block-paragraph\">Assembl\u00e9e des Bless\u00e9s<\/p>\n\n\n\n<p class=\"wp-block-paragraph\">Les Mutil\u00e9s pour l\u2019exemple<\/p>\n\n\n\n<p class=\"wp-block-paragraph\"><strong>Avec le soutien de&nbsp;:<\/strong><\/p>\n\n\n\n<p class=\"wp-block-paragraph\">\u2022 Collectifs&nbsp;:<\/p>\n\n\n\n<p class=\"wp-block-paragraph\">Ligue des Droits de l\u2019Homme, Union syndicale Solidaires,&nbsp;CGT, Union nationale des \u00e9tudiants de France,&nbsp;SNJ-CGT, Union nationale lyc\u00e9enne, revue Mouvements, Attac Is\u00e8re, Cases Rebelles, D\u00e9sarmons-Les, Collectif Faty Koumba, Association Libre Lucha, collectif Dar Harraga, LeMurJaune.fr. Et les m\u00e9dias ind\u00e9pendant&nbsp;: Reporters En Col\u00e8re, Collectif \u0152il, LaMeute Photo, Le Petit&nbsp;ZPL, Source M\u00e9dia, Infoline M\u00e9dias Ind\u00e9pendants, Militant.e.s<\/p>\n\n\n\n<p class=\"wp-block-paragraph\">\u2022 Personnalit\u00e9s&nbsp;:<\/p>\n\n\n\n<p class=\"wp-block-paragraph\">Abd-Al Malik (auteur, r\u00e9alisateur), Mouloud Achour (journaliste, animateur t\u00e9l\u00e9), Ari\u00e9 Alimi (avocat), Guillaume Arnaud (avocat), Manon Aubry (d\u00e9put\u00e9e europ\u00e9enne&nbsp;FI), Cl\u00e9mentine Autain (d\u00e9put\u00e9e&nbsp;FI), Hady Ba (philosophe&nbsp;EHESS, Universit\u00e9 Cheikh Anta Diop de Dakar), Samir Baaloudj (ex-MIB), Bally Bagayoko (FI, adjoint au maire de Saint-Denis), Guillaume Balas (G\u00e9n\u00e9ration.s), Julien Bayou (EELV), Ramzy Bedia (com\u00e9dien et r\u00e9alisateur), Alice Belaidi (com\u00e9dienne), Akram Belka\u00efd (journaliste, \u00e9crivain), Esther Benbassa (s\u00e9natrice \u00e9cologiste de Paris), Malik Bentalha (com\u00e9dien), Eric Beynel (porte-parole de Solidaires), Jacques Bidet (philosophe, Universit\u00e9 Paris 10), Black M (rappeur), Philippe Blanchet (linguiste, universit\u00e9 Rennes&nbsp;II), Matteo Bonaglia (avocat), Sa\u00efd Bouamama (sociologue,&nbsp;FUIQP), Martine Boudet (conseil scientifique Attac France), Philippe Boursier (\u00e9conomiste, Fondation Copernic), Rachida Brakni (actrice et metteuse en sc\u00e8ne), Youcef Brakni (comit\u00e9 Adama), Taha Bouhafs (journaliste), Cindy Bruna (mannequin), Marion Carrel (sociologue, Universit\u00e9 de Lille), Le\u00efla Cha\u00efbi (d\u00e9put\u00e9 europ\u00e9enne&nbsp;FI), Souleymane Cissokho (boxeur), Vanessa Codaccioni (historienne et politologue, Universit\u00e9 Paris 8), Eric Coquerel (d\u00e9put\u00e9&nbsp;FI), David Cormand (d\u00e9put\u00e9 europ\u00e9en&nbsp;EELV), Robert Cr\u00e9mieux (ancien pr\u00e9sident du Mouvement national des ch\u00f4meurs et pr\u00e9caires), Olivier Cyran (journaliste), Val\u00e9rie Damidot (animatrice t\u00e9l\u00e9, actrice), Laurence De Cock (professeure), Christiane Dedryver (Ensemble&nbsp;!), Geoffroy de Lagasnerie (philosophe), Christian Delarue (syndicaliste&nbsp;DGFIP), Gilles Deloustal (retrait\u00e9), Vincent Denorme (Ensemble&nbsp;! 80), Vikash Dhorasoo (footballeur professionnel et militant associatif), Waly Dia (humoriste, com\u00e9dien), Rokhaya Diallo (journaliste et r\u00e9alisatrice), Noom Diawara (com\u00e9dien), Sadia Diawara (militant associatif),&nbsp;DJ&nbsp;Lord Issa (artiste, producteur), Djigui Diarra (acteur, r\u00e9alisateur, journaliste), Eva Doumbia (metteuse en sc\u00e8ne, autrice), Franck Dubosc (acteur), Alain Dru (membre de la&nbsp;CNCDH, conseiller au&nbsp;CESE), Mireille Fanon-Mend\u00e8s-France (Fondation Frantz Fanon), Nadia Fares (com\u00e9dienne), Eric Fassin (sociologue, Universit\u00e9 Paris 8), Elsa Faucillon (d\u00e9put\u00e9e&nbsp;PCF), Bruno Gaccio (auteur), Isabelle Garo (philosophe, Fondation Copernic), Franck Gaudichaud (historien, Universit\u00e9 Jean-Jaur\u00e8s, Toulouse), Pierre Gayral (Ensemble&nbsp;!, Droits devant&nbsp;!!), David Guiraud (porte-parole jeunesse&nbsp;FI), Abdellali Hajat (sociologue, Universit\u00e9 libre de Bruxelles), Anis Harabi (avocat), Kaoutar Harchi (\u00e9crivaine et sociologue), Samuel Hayat (politologue,&nbsp;CNRS), Hollysiz\/C\u00e9cile Cassel (chanteuse, com\u00e9dienne),&nbsp;IAM&nbsp;(musiciens), Imany (auteure-compositeure-interpr\u00e8te), Nordine Iznasni (MIB-ien), Ad\u00e9la\u00efde Jacquin (avocate), Jok\u2019Air (chanteur), Norma Jullien Cravotta (avocate), Kamel Le Magicien, Almamy Kanout\u00e9 (activiste, com\u00e9dien), Anasse Kazib (cheminot, d\u00e9l\u00e9gu\u00e9 Sud-Rail), Jean-Riad Kechaou (professeur), Raphael Kempf (avocat), Pierre Khalfa (\u00e9conomiste, Fondation Copernic), Fahima Laidoudi (militante politique), Elise Languin (militante des droits humains), Mathilde Larrere (historienne), Yvan Le Bolloch (com\u00e9dien), Olivier Le Cour Grandmaison, (politologue, Universit\u00e9 d\u2019Evry-Val d\u2019Essonne), Les R\u00e9fractaires du 80 (gilets jaunes de la Somme), Edouard Louis (\u00e9crivain), Benjamin Lucas (G\u00e9n\u00e9ration.s), Priscillia Ludosky (gilet jaune), Alain Mabanckou (\u00e9crivain, professeur \u00e0&nbsp;UCLA), A\u00efssa Ma\u00efga (actrice et r\u00e9alisatrice), Jean Malifaud (syndicaliste SNESup-FSU), Adrien Mamere (avocat), Sofia Manseri (conseill\u00e8re municipale, Gennevilliers), Vincent Maraval (producteur de cin\u00e9ma), Eduardo Mariotti (avocat), Philippe Martinez ( secr\u00e9taire g\u00e9n\u00e9ral de la&nbsp;CGT&nbsp;), Blaise Matuidi (footballeur), Margaret Mechin (retrait\u00e9e), Didier Mehl (Ensemble&nbsp;! sud-Vienne), Madjid Messaoud\u00e8ne (\u00e9lu de Saint-Denis), Mokobe (rappeur, acteur), Claire Monod (G\u00e9n\u00e9ration.s), B\u00e9n\u00e9dicte Monville (conseill\u00e8re r\u00e9gionale \u00cele-de-France), H\u00e9lo\u00efse Moreau (pr\u00e9sidente de l\u2019UNL), Corinne Morel Darleux (conseill\u00e8re r\u00e9gionale, Auvergne-Rh\u00f4ne-Alpes), Charlotte Namura Guizione (journaliste, animatrice t\u00e9l\u00e9), Samir Nasri (footballeur), Thomas Ngijol (com\u00e9dien, r\u00e9alisateur), Nnoman (photographe), Josette Noyau, Dani\u00e8le Obono (d\u00e9put\u00e9e&nbsp;FI), Younous Omarjee (d\u00e9put\u00e9 europ\u00e9en&nbsp;FI), Anne-Sophie Pelletier (d\u00e9put\u00e9 europ\u00e9enne&nbsp;FI), Ir\u00e8ne Pereira (philosophe), Jhon Rachid (vid\u00e9aste, com\u00e9dien), Maurice Rajsfus (connu des services de police depuis le 16&nbsp;juillet 1942), Kevin Razy (humoriste, com\u00e9dien), Riadh (influenceur, com\u00e9dien), Roc\u00e9 (rappeur), Karole Rocher (com\u00e9dienne, r\u00e9alisatrice), Boris Rosenthal (avocat), Mamadou Sakho (footballeur), Eros Sana (photographe), Bayou Sarr (humoriste), Patrick Silberstein (\u00e9ditions Syllepse), Lucie Simon (avocate), Laura Slimani (G\u00e9n\u00e9ration.s), Maboula Soumahoro (pr\u00e9sidente de Black History Month), Stomy Bugsy (artiste), Hapsatou Sy (entrepreneuse, animatrice t\u00e9l\u00e9), H\u00e9l\u00e8ne Sy (pr\u00e9sidente de CeKeDuBonheur\/militante humaniste), Omar Sy (acteur), Farid Taalba (ex-MIB, pr\u00e9sident de l\u2019Echo des cit\u00e9s), Audrey Tcheum\u00e9o (championne de judo), Laurent Thines (neurochirurgien, auteur de la p\u00e9tition pour un moratoire sur les armes \u201csub-l\u00e9tales\u201d), Camille Vannier (avocate), Marie-Christine Vergiat (vice-pr\u00e9sidente&nbsp;LDH), Emmanuel Vire (secr\u00e9taire g\u00e9n\u00e9ral&nbsp;SNJ-CGT), Youssoupha (rappeur).<\/p>\n\n\n\n<p class=\"wp-block-paragraph\"><strong>Source: <\/strong><em><a href=\"https:\/\/www.humanite.fr\/laissez-nous-respirer-683966\" target=\"_blank\" rel=\"noreferrer noopener\" aria-label=\"L\u2019Humanit\u00e9 (s\u2019ouvre dans un nouvel onglet)\">L\u2019Humanit\u00e9<\/a><\/em><br><strong>Photo: <\/strong><a href=\"https:\/\/twitter.com\/davduf\" target=\"_blank\" rel=\"noreferrer noopener\" aria-label=\"David Dufresne on Twitter (s\u2019ouvre dans un nouvel onglet)\">David Dufresne on Twitter<\/a><\/p>\n<div id=\"crieu-1148801297\" class=\"crieu-apres-le-contenu crieu-entity-placement\" style=\"margin-left: auto;margin-right: auto;text-align: center;\"><script async src=\"\/\/pagead2.googlesyndication.com\/pagead\/js\/adsbygoogle.js?client=ca-pub-5271584769416742\" crossorigin=\"anonymous\"><\/script><ins class=\"adsbygoogle\" style=\"display:block;\" data-ad-client=\"ca-pub-5271584769416742\" \ndata-ad-slot=\"9321250718\" \ndata-ad-format=\"auto\"><\/ins>\n<script> \n(adsbygoogle = window.adsbygoogle || []).push({}); \n<\/script>\n<\/div>","protected":false},"excerpt":{"rendered":"<p>Un appel contre les violences polici\u00e8res autoris\u00e9es voire command\u00e9es par l\u2019Etat fran\u00e7ais a \u00e9t\u00e9 publi\u00e9 vendredi 31\u00a0janvier dans le quotidien\u00a0L\u2019Humanit\u00e9. Sign\u00e9 par de nombreux collectifs et personnalit\u00e9s, il demande l\u2019interdiction <a href=\"https:\/\/bale.ch\/journal\/un-appel-contre-les-violences-policieres-en-france-laissez-nous-respirer\/\" class=\"read-more button-fancy -red\"><span class=\"btn-arrow\"><\/span><span class=\"twp-read-more text\">Continuer la lecture<\/span><\/a><\/p>\n","protected":false},"author":2,"featured_media":2648,"comment_status":"closed","ping_status":"closed","sticky":false,"template":"","format":"standard","meta":{"footnotes":""},"categories":[103,9],"tags":[52,197],"class_list":["post-2647","post","type-post","status-publish","format-standard","has-post-thumbnail","hentry","category-actu","category-monde","tag-france","tag-violences-policieres"],"yoast_head":"<!-- This site is optimized with the Yoast SEO plugin v28.3 - https:\/\/yoast.com\/product\/yoast-seo-wordpress\/ -->\n<title>Appel contre les violences polici\u00e8res en France: &quot;Laissez-nous respirer!&quot; - Journal de B\u00e2le et Gen\u00e8ve<\/title>\n<meta name=\"robots\" content=\"index, follow, max-snippet:-1, max-image-preview:large, max-video-preview:-1\" \/>\n<link rel=\"canonical\" href=\"https:\/\/bale.ch\/journal\/un-appel-contre-les-violences-policieres-en-france-laissez-nous-respirer\/\" \/>\n<meta property=\"og:locale\" content=\"fr_FR\" \/>\n<meta property=\"og:type\" content=\"article\" \/>\n<meta property=\"og:title\" content=\"Appel contre les violences polici\u00e8res en France: &quot;Laissez-nous respirer!&quot; - Journal de B\u00e2le et Gen\u00e8ve\" \/>\n<meta property=\"og:description\" content=\"Un appel contre les violences polici\u00e8res autoris\u00e9es voire command\u00e9es par l\u2019Etat fran\u00e7ais a \u00e9t\u00e9 publi\u00e9 vendredi 31\u00a0janvier dans le quotidien\u00a0L\u2019Humanit\u00e9. Sign\u00e9 par de nombreux collectifs et personnalit\u00e9s, il demande l\u2019interdiction Continuer la lecture\" \/>\n<meta property=\"og:url\" content=\"https:\/\/bale.ch\/journal\/un-appel-contre-les-violences-policieres-en-france-laissez-nous-respirer\/\" \/>\n<meta property=\"og:site_name\" content=\"Journal de B\u00e2le et Gen\u00e8ve\" \/>\n<meta property=\"article:published_time\" content=\"2020-01-31T19:23:13+00:00\" \/>\n<meta property=\"article:modified_time\" content=\"2020-02-03T03:18:09+00:00\" \/>\n<meta property=\"og:image\" content=\"https:\/\/bale.ch\/journal\/wp-content\/uploads\/2020\/01\/violences_policieres_stop_impunite.jpg\" \/>\n\t<meta property=\"og:image:width\" content=\"900\" \/>\n\t<meta property=\"og:image:height\" content=\"484\" \/>\n\t<meta property=\"og:image:type\" content=\"image\/jpeg\" \/>\n<meta name=\"author\" content=\"La R\u00e9daction\" \/>\n<meta name=\"twitter:card\" content=\"summary_large_image\" \/>\n<meta name=\"twitter:label1\" content=\"\u00c9crit par\" \/>\n\t<meta name=\"twitter:data1\" content=\"La R\u00e9daction\" \/>\n\t<meta name=\"twitter:label2\" content=\"Dur\u00e9e de lecture estim\u00e9e\" \/>\n\t<meta name=\"twitter:data2\" content=\"11 minutes\" \/>\n<script type=\"application\/ld+json\" class=\"yoast-schema-graph\">{\"@context\":\"https:\\\/\\\/schema.org\",\"@graph\":[{\"@type\":\"Article\",\"@id\":\"https:\\\/\\\/bale.ch\\\/journal\\\/un-appel-contre-les-violences-policieres-en-france-laissez-nous-respirer\\\/#article\",\"isPartOf\":{\"@id\":\"https:\\\/\\\/bale.ch\\\/journal\\\/un-appel-contre-les-violences-policieres-en-france-laissez-nous-respirer\\\/\"},\"author\":{\"name\":\"La R\u00e9daction\",\"@id\":\"https:\\\/\\\/bale.ch\\\/journal\\\/#\\\/schema\\\/person\\\/03ced978db3b7a5274c5cef003f352f5\"},\"headline\":\"Appel contre les violences polici\u00e8res en France: \u00ab\u00a0Laissez-nous respirer!\u00a0\u00bb\",\"datePublished\":\"2020-01-31T19:23:13+00:00\",\"dateModified\":\"2020-02-03T03:18:09+00:00\",\"mainEntityOfPage\":{\"@id\":\"https:\\\/\\\/bale.ch\\\/journal\\\/un-appel-contre-les-violences-policieres-en-france-laissez-nous-respirer\\\/\"},\"wordCount\":2308,\"publisher\":{\"@id\":\"https:\\\/\\\/bale.ch\\\/journal\\\/#organization\"},\"image\":{\"@id\":\"https:\\\/\\\/bale.ch\\\/journal\\\/un-appel-contre-les-violences-policieres-en-france-laissez-nous-respirer\\\/#primaryimage\"},\"thumbnailUrl\":\"https:\\\/\\\/bale.ch\\\/journal\\\/wp-content\\\/uploads\\\/2020\\\/01\\\/violences_policieres_stop_impunite.jpg\",\"keywords\":[\"France\",\"Violences polici\u00e8res\"],\"articleSection\":[\"Actualit\u00e9s\",\"Monde\"],\"inLanguage\":\"fr-FR\"},{\"@type\":\"WebPage\",\"@id\":\"https:\\\/\\\/bale.ch\\\/journal\\\/un-appel-contre-les-violences-policieres-en-france-laissez-nous-respirer\\\/\",\"url\":\"https:\\\/\\\/bale.ch\\\/journal\\\/un-appel-contre-les-violences-policieres-en-france-laissez-nous-respirer\\\/\",\"name\":\"Appel contre les violences polici\u00e8res en France: \\\"Laissez-nous respirer!\\\" - Journal de B\u00e2le et Gen\u00e8ve\",\"isPartOf\":{\"@id\":\"https:\\\/\\\/bale.ch\\\/journal\\\/#website\"},\"primaryImageOfPage\":{\"@id\":\"https:\\\/\\\/bale.ch\\\/journal\\\/un-appel-contre-les-violences-policieres-en-france-laissez-nous-respirer\\\/#primaryimage\"},\"image\":{\"@id\":\"https:\\\/\\\/bale.ch\\\/journal\\\/un-appel-contre-les-violences-policieres-en-france-laissez-nous-respirer\\\/#primaryimage\"},\"thumbnailUrl\":\"https:\\\/\\\/bale.ch\\\/journal\\\/wp-content\\\/uploads\\\/2020\\\/01\\\/violences_policieres_stop_impunite.jpg\",\"datePublished\":\"2020-01-31T19:23:13+00:00\",\"dateModified\":\"2020-02-03T03:18:09+00:00\",\"breadcrumb\":{\"@id\":\"https:\\\/\\\/bale.ch\\\/journal\\\/un-appel-contre-les-violences-policieres-en-france-laissez-nous-respirer\\\/#breadcrumb\"},\"inLanguage\":\"fr-FR\",\"potentialAction\":[{\"@type\":\"ReadAction\",\"target\":[\"https:\\\/\\\/bale.ch\\\/journal\\\/un-appel-contre-les-violences-policieres-en-france-laissez-nous-respirer\\\/\"]}]},{\"@type\":\"ImageObject\",\"inLanguage\":\"fr-FR\",\"@id\":\"https:\\\/\\\/bale.ch\\\/journal\\\/un-appel-contre-les-violences-policieres-en-france-laissez-nous-respirer\\\/#primaryimage\",\"url\":\"https:\\\/\\\/bale.ch\\\/journal\\\/wp-content\\\/uploads\\\/2020\\\/01\\\/violences_policieres_stop_impunite.jpg\",\"contentUrl\":\"https:\\\/\\\/bale.ch\\\/journal\\\/wp-content\\\/uploads\\\/2020\\\/01\\\/violences_policieres_stop_impunite.jpg\",\"width\":900,\"height\":484},{\"@type\":\"BreadcrumbList\",\"@id\":\"https:\\\/\\\/bale.ch\\\/journal\\\/un-appel-contre-les-violences-policieres-en-france-laissez-nous-respirer\\\/#breadcrumb\",\"itemListElement\":[{\"@type\":\"ListItem\",\"position\":1,\"name\":\"Accueil\",\"item\":\"https:\\\/\\\/bale.ch\\\/journal\\\/\"},{\"@type\":\"ListItem\",\"position\":2,\"name\":\"Appel contre les violences polici\u00e8res en France: \u00ab\u00a0Laissez-nous respirer!\u00a0\u00bb\"}]},{\"@type\":\"WebSite\",\"@id\":\"https:\\\/\\\/bale.ch\\\/journal\\\/#website\",\"url\":\"https:\\\/\\\/bale.ch\\\/journal\\\/\",\"name\":\"Journal de B\u00e2le et Gen\u00e8ve\",\"description\":\"M\u00e9dia transfrontalier d&#039;actualit\u00e9s - News\",\"publisher\":{\"@id\":\"https:\\\/\\\/bale.ch\\\/journal\\\/#organization\"},\"potentialAction\":[{\"@type\":\"SearchAction\",\"target\":{\"@type\":\"EntryPoint\",\"urlTemplate\":\"https:\\\/\\\/bale.ch\\\/journal\\\/?s={search_term_string}\"},\"query-input\":{\"@type\":\"PropertyValueSpecification\",\"valueRequired\":true,\"valueName\":\"search_term_string\"}}],\"inLanguage\":\"fr-FR\"},{\"@type\":\"Organization\",\"@id\":\"https:\\\/\\\/bale.ch\\\/journal\\\/#organization\",\"name\":\"Journal de B\u00e2le et Gen\u00e8ve\",\"url\":\"https:\\\/\\\/bale.ch\\\/journal\\\/\",\"logo\":{\"@type\":\"ImageObject\",\"inLanguage\":\"fr-FR\",\"@id\":\"https:\\\/\\\/bale.ch\\\/journal\\\/#\\\/schema\\\/logo\\\/image\\\/\",\"url\":\"https:\\\/\\\/bale.ch\\\/journal\\\/wp-content\\\/uploads\\\/2023\\\/07\\\/journaldebale_logo_2023_nb.png\",\"contentUrl\":\"https:\\\/\\\/bale.ch\\\/journal\\\/wp-content\\\/uploads\\\/2023\\\/07\\\/journaldebale_logo_2023_nb.png\",\"width\":371,\"height\":127,\"caption\":\"Journal de B\u00e2le et Gen\u00e8ve\"},\"image\":{\"@id\":\"https:\\\/\\\/bale.ch\\\/journal\\\/#\\\/schema\\\/logo\\\/image\\\/\"}},{\"@type\":\"Person\",\"@id\":\"https:\\\/\\\/bale.ch\\\/journal\\\/#\\\/schema\\\/person\\\/03ced978db3b7a5274c5cef003f352f5\",\"name\":\"La R\u00e9daction\",\"image\":{\"@type\":\"ImageObject\",\"inLanguage\":\"fr-FR\",\"@id\":\"https:\\\/\\\/secure.gravatar.com\\\/avatar\\\/d1327e2ce8d2b860112f968a3f34686c9bdda7a463a1502cdd1070ac9d88cf1e?s=96&d=mm&r=g\",\"url\":\"https:\\\/\\\/secure.gravatar.com\\\/avatar\\\/d1327e2ce8d2b860112f968a3f34686c9bdda7a463a1502cdd1070ac9d88cf1e?s=96&d=mm&r=g\",\"contentUrl\":\"https:\\\/\\\/secure.gravatar.com\\\/avatar\\\/d1327e2ce8d2b860112f968a3f34686c9bdda7a463a1502cdd1070ac9d88cf1e?s=96&d=mm&r=g\",\"caption\":\"La R\u00e9daction\"},\"url\":\"https:\\\/\\\/bale.ch\\\/journal\\\/author\\\/laredaction\\\/\"}]}<\/script>\n<!-- \/ Yoast SEO plugin. -->","yoast_head_json":{"title":"Appel contre les violences polici\u00e8res en France: \"Laissez-nous respirer!\" - Journal de B\u00e2le et Gen\u00e8ve","robots":{"index":"index","follow":"follow","max-snippet":"max-snippet:-1","max-image-preview":"max-image-preview:large","max-video-preview":"max-video-preview:-1"},"canonical":"https:\/\/bale.ch\/journal\/un-appel-contre-les-violences-policieres-en-france-laissez-nous-respirer\/","og_locale":"fr_FR","og_type":"article","og_title":"Appel contre les violences polici\u00e8res en France: \"Laissez-nous respirer!\" - Journal de B\u00e2le et Gen\u00e8ve","og_description":"Un appel contre les violences polici\u00e8res autoris\u00e9es voire command\u00e9es par l\u2019Etat fran\u00e7ais a \u00e9t\u00e9 publi\u00e9 vendredi 31\u00a0janvier dans le quotidien\u00a0L\u2019Humanit\u00e9. Sign\u00e9 par de nombreux collectifs et personnalit\u00e9s, il demande l\u2019interdiction Continuer la lecture","og_url":"https:\/\/bale.ch\/journal\/un-appel-contre-les-violences-policieres-en-france-laissez-nous-respirer\/","og_site_name":"Journal de B\u00e2le et Gen\u00e8ve","article_published_time":"2020-01-31T19:23:13+00:00","article_modified_time":"2020-02-03T03:18:09+00:00","og_image":[{"width":900,"height":484,"url":"https:\/\/bale.ch\/journal\/wp-content\/uploads\/2020\/01\/violences_policieres_stop_impunite.jpg","type":"image\/jpeg"}],"author":"La R\u00e9daction","twitter_card":"summary_large_image","twitter_misc":{"\u00c9crit par":"La R\u00e9daction","Dur\u00e9e de lecture estim\u00e9e":"11 minutes"},"schema":{"@context":"https:\/\/schema.org","@graph":[{"@type":"Article","@id":"https:\/\/bale.ch\/journal\/un-appel-contre-les-violences-policieres-en-france-laissez-nous-respirer\/#article","isPartOf":{"@id":"https:\/\/bale.ch\/journal\/un-appel-contre-les-violences-policieres-en-france-laissez-nous-respirer\/"},"author":{"name":"La R\u00e9daction","@id":"https:\/\/bale.ch\/journal\/#\/schema\/person\/03ced978db3b7a5274c5cef003f352f5"},"headline":"Appel contre les violences polici\u00e8res en France: \u00ab\u00a0Laissez-nous respirer!\u00a0\u00bb","datePublished":"2020-01-31T19:23:13+00:00","dateModified":"2020-02-03T03:18:09+00:00","mainEntityOfPage":{"@id":"https:\/\/bale.ch\/journal\/un-appel-contre-les-violences-policieres-en-france-laissez-nous-respirer\/"},"wordCount":2308,"publisher":{"@id":"https:\/\/bale.ch\/journal\/#organization"},"image":{"@id":"https:\/\/bale.ch\/journal\/un-appel-contre-les-violences-policieres-en-france-laissez-nous-respirer\/#primaryimage"},"thumbnailUrl":"https:\/\/bale.ch\/journal\/wp-content\/uploads\/2020\/01\/violences_policieres_stop_impunite.jpg","keywords":["France","Violences polici\u00e8res"],"articleSection":["Actualit\u00e9s","Monde"],"inLanguage":"fr-FR"},{"@type":"WebPage","@id":"https:\/\/bale.ch\/journal\/un-appel-contre-les-violences-policieres-en-france-laissez-nous-respirer\/","url":"https:\/\/bale.ch\/journal\/un-appel-contre-les-violences-policieres-en-france-laissez-nous-respirer\/","name":"Appel contre les violences polici\u00e8res en France: \"Laissez-nous respirer!\" - Journal de B\u00e2le et Gen\u00e8ve","isPartOf":{"@id":"https:\/\/bale.ch\/journal\/#website"},"primaryImageOfPage":{"@id":"https:\/\/bale.ch\/journal\/un-appel-contre-les-violences-policieres-en-france-laissez-nous-respirer\/#primaryimage"},"image":{"@id":"https:\/\/bale.ch\/journal\/un-appel-contre-les-violences-policieres-en-france-laissez-nous-respirer\/#primaryimage"},"thumbnailUrl":"https:\/\/bale.ch\/journal\/wp-content\/uploads\/2020\/01\/violences_policieres_stop_impunite.jpg","datePublished":"2020-01-31T19:23:13+00:00","dateModified":"2020-02-03T03:18:09+00:00","breadcrumb":{"@id":"https:\/\/bale.ch\/journal\/un-appel-contre-les-violences-policieres-en-france-laissez-nous-respirer\/#breadcrumb"},"inLanguage":"fr-FR","potentialAction":[{"@type":"ReadAction","target":["https:\/\/bale.ch\/journal\/un-appel-contre-les-violences-policieres-en-france-laissez-nous-respirer\/"]}]},{"@type":"ImageObject","inLanguage":"fr-FR","@id":"https:\/\/bale.ch\/journal\/un-appel-contre-les-violences-policieres-en-france-laissez-nous-respirer\/#primaryimage","url":"https:\/\/bale.ch\/journal\/wp-content\/uploads\/2020\/01\/violences_policieres_stop_impunite.jpg","contentUrl":"https:\/\/bale.ch\/journal\/wp-content\/uploads\/2020\/01\/violences_policieres_stop_impunite.jpg","width":900,"height":484},{"@type":"BreadcrumbList","@id":"https:\/\/bale.ch\/journal\/un-appel-contre-les-violences-policieres-en-france-laissez-nous-respirer\/#breadcrumb","itemListElement":[{"@type":"ListItem","position":1,"name":"Accueil","item":"https:\/\/bale.ch\/journal\/"},{"@type":"ListItem","position":2,"name":"Appel contre les violences polici\u00e8res en France: \u00ab\u00a0Laissez-nous respirer!\u00a0\u00bb"}]},{"@type":"WebSite","@id":"https:\/\/bale.ch\/journal\/#website","url":"https:\/\/bale.ch\/journal\/","name":"Journal de B\u00e2le et Gen\u00e8ve","description":"M\u00e9dia transfrontalier d&#039;actualit\u00e9s - News","publisher":{"@id":"https:\/\/bale.ch\/journal\/#organization"},"potentialAction":[{"@type":"SearchAction","target":{"@type":"EntryPoint","urlTemplate":"https:\/\/bale.ch\/journal\/?s={search_term_string}"},"query-input":{"@type":"PropertyValueSpecification","valueRequired":true,"valueName":"search_term_string"}}],"inLanguage":"fr-FR"},{"@type":"Organization","@id":"https:\/\/bale.ch\/journal\/#organization","name":"Journal de B\u00e2le et Gen\u00e8ve","url":"https:\/\/bale.ch\/journal\/","logo":{"@type":"ImageObject","inLanguage":"fr-FR","@id":"https:\/\/bale.ch\/journal\/#\/schema\/logo\/image\/","url":"https:\/\/bale.ch\/journal\/wp-content\/uploads\/2023\/07\/journaldebale_logo_2023_nb.png","contentUrl":"https:\/\/bale.ch\/journal\/wp-content\/uploads\/2023\/07\/journaldebale_logo_2023_nb.png","width":371,"height":127,"caption":"Journal de B\u00e2le et Gen\u00e8ve"},"image":{"@id":"https:\/\/bale.ch\/journal\/#\/schema\/logo\/image\/"}},{"@type":"Person","@id":"https:\/\/bale.ch\/journal\/#\/schema\/person\/03ced978db3b7a5274c5cef003f352f5","name":"La R\u00e9daction","image":{"@type":"ImageObject","inLanguage":"fr-FR","@id":"https:\/\/secure.gravatar.com\/avatar\/d1327e2ce8d2b860112f968a3f34686c9bdda7a463a1502cdd1070ac9d88cf1e?s=96&d=mm&r=g","url":"https:\/\/secure.gravatar.com\/avatar\/d1327e2ce8d2b860112f968a3f34686c9bdda7a463a1502cdd1070ac9d88cf1e?s=96&d=mm&r=g","contentUrl":"https:\/\/secure.gravatar.com\/avatar\/d1327e2ce8d2b860112f968a3f34686c9bdda7a463a1502cdd1070ac9d88cf1e?s=96&d=mm&r=g","caption":"La R\u00e9daction"},"url":"https:\/\/bale.ch\/journal\/author\/laredaction\/"}]}},"_links":{"self":[{"href":"https:\/\/bale.ch\/journal\/wp-json\/wp\/v2\/posts\/2647","targetHints":{"allow":["GET"]}}],"collection":[{"href":"https:\/\/bale.ch\/journal\/wp-json\/wp\/v2\/posts"}],"about":[{"href":"https:\/\/bale.ch\/journal\/wp-json\/wp\/v2\/types\/post"}],"author":[{"embeddable":true,"href":"https:\/\/bale.ch\/journal\/wp-json\/wp\/v2\/users\/2"}],"replies":[{"embeddable":true,"href":"https:\/\/bale.ch\/journal\/wp-json\/wp\/v2\/comments?post=2647"}],"version-history":[{"count":13,"href":"https:\/\/bale.ch\/journal\/wp-json\/wp\/v2\/posts\/2647\/revisions"}],"predecessor-version":[{"id":2689,"href":"https:\/\/bale.ch\/journal\/wp-json\/wp\/v2\/posts\/2647\/revisions\/2689"}],"wp:featuredmedia":[{"embeddable":true,"href":"https:\/\/bale.ch\/journal\/wp-json\/wp\/v2\/media\/2648"}],"wp:attachment":[{"href":"https:\/\/bale.ch\/journal\/wp-json\/wp\/v2\/media?parent=2647"}],"wp:term":[{"taxonomy":"category","embeddable":true,"href":"https:\/\/bale.ch\/journal\/wp-json\/wp\/v2\/categories?post=2647"},{"taxonomy":"post_tag","embeddable":true,"href":"https:\/\/bale.ch\/journal\/wp-json\/wp\/v2\/tags?post=2647"}],"curies":[{"name":"wp","href":"https:\/\/api.w.org\/{rel}","templated":true}]}}