{"id":265,"date":"2015-11-12T19:02:43","date_gmt":"2015-11-12T19:02:43","guid":{"rendered":"http:\/\/bale.ch\/journal\/?p=265"},"modified":"2018-09-23T07:28:06","modified_gmt":"2018-09-23T07:28:06","slug":"herbstmesse-bale-2015","status":"publish","type":"post","link":"https:\/\/bale.ch\/journal\/herbstmesse-bale-2015\/","title":{"rendered":"D\u2019M\u00e4ss: la foire d\u2019automne de B\u00e2le, entre tradition et innovation"},"content":{"rendered":"<p><strong>La <em>Herbstmesse<\/em> \u2013 <em>D\u2019M\u00e4ss<\/em>, comme on la surnomme en dialecte b\u00e2lois \u2013 est un \u00e9v\u00e9nement traditionnel, qui marque l&rsquo;histoire de la ville depuis plus de 500 ans et jouit toujours d&rsquo;une grande popularit\u00e9.<\/strong><br \/>\n<!--more--><br \/>\nLa tradition de cette foire remonte au Moyen \u00c2ge, lorsque, sur l&rsquo;avis du concile de B\u00e2le, l&#8217;empereur Friedrich III accorde \u00e0 la ville le droit de tenir deux grandes foires commerciales par an, l&rsquo;une avant la Pentec\u00f4te et l&rsquo;autre en automne, avant le jour de la Saint-Martin. Alors que la foire de printemps n&rsquo;a connu qu&rsquo;une br\u00e8ve existence, celle d&rsquo;automne se tient chaque ann\u00e9e, sans interruption depuis 1471. Elle est ainsi la plus ancienne foire de Suisse.<\/p>\n<p>D\u00e9ploy\u00e9e sur presque 40&rsquo;000 m\u00e8tres carr\u00e9s, soit sept places principales et une halle de foire, la f\u00eate donne l&rsquo;impression que la ville enti\u00e8re se transforme en gigantesque kermesse. Plus de 500 forains et exposants ont investi les lieux pendant quinze jours dans diff\u00e9rents endroits strat\u00e9giques de la ville.<\/p>\n<p>Cette ann\u00e9e la foire d\u2019automne s\u2019est termin\u00e9e sur la Petersplatz ce mardi 10 novembre o\u00f9 j\u2019ai rencontr\u00e9 un b\u00e2lois habitu\u00e9 de l\u2019\u00e9v\u00e9nement, Remo Christen, qui a bien voulu r\u00e9pondre \u00e0 mes questions :<\/p><div id=\"crieu-426747760\" class=\"crieu-content crieu-entity-placement\"><script async src=\"\/\/pagead2.googlesyndication.com\/pagead\/js\/adsbygoogle.js?client=ca-pub-5271584769416742\" crossorigin=\"anonymous\"><\/script><ins class=\"adsbygoogle\" style=\"display:block;\" data-ad-client=\"ca-pub-5271584769416742\" \ndata-ad-slot=\"9321250718\" \ndata-ad-format=\"auto\"><\/ins>\n<script> \n(adsbygoogle = window.adsbygoogle || []).push({}); \n<\/script>\n<\/div>\n<p><a href=\"https:\/\/bale.ch\/journal\/wp-content\/uploads\/2015\/11\/messe2.jpg\"><img loading=\"lazy\" decoding=\"async\" class=\"alignnone wp-image-270 size-full\" src=\"https:\/\/bale.ch\/journal\/wp-content\/uploads\/2015\/11\/messe2.jpg\" alt=\"messe2\" width=\"800\" height=\"603\" srcset=\"https:\/\/bale.ch\/journal\/wp-content\/uploads\/2015\/11\/messe2.jpg 800w, https:\/\/bale.ch\/journal\/wp-content\/uploads\/2015\/11\/messe2-300x226.jpg 300w\" sizes=\"auto, (max-width: 800px) 100vw, 800px\" \/><\/a><\/p>\n<p><strong>crieur.ch |<\/strong> Ces derniers jours, nous avons pu voir les visiteurs de la foire se balader en t-shirt, c\u2019est quelque peu inhabituel \u00e0 la \u00ab Herbstmesse \u00bb. Avez-vous d\u00e9j\u00e0 v\u00e9cu cela auparavant ?<\/p>\n<p><strong>R.C. |<\/strong> Non, je ne me rappelle pas de temp\u00e9ratures aussi douces \u2013 jusqu\u2019\u00e0 20 d\u00e9gr\u00e9s \u2013 pendant la Herbstmesse. C\u2019est vraiment exceptionnel d\u2019avoir eu deux semaines sans une goutte de pluie avec un ciel radieux. J\u2019ai remarqu\u00e9 que les gens sont aussi plus joyeux, souriants et d\u00e9tendus avec ce temps printanier.<\/p>\n<p><strong>crieur.ch |<\/strong> Qu\u2019est-ce qui attire toujours autant de monde, environ un million de visiteurs chaque ann\u00e9e, et qu\u2019est-ce-que l\u2019on y trouve de particulier ?<\/p>\n<p><strong>R.C. |<\/strong> Ce qui fait l\u2019originalit\u00e9 et le succ\u00e8s de cette foire, c\u2019est le lieu en soi. Cela se passe en pleine ville dans diff\u00e9rents endroits cl\u00e9s, autant \u00e0 l\u2019ext\u00e9rieur qu\u2019\u00e0 l\u2019int\u00e9rieur. Et si vous habitez en ville, il est quasi impossible de ne pas croiser un stand ou une attraction.<\/p>\n<p>A l\u2019\u00e9poque, la Herbstmesse pr\u00e9sentait des artistes de rue, des cracheurs de feu, des dresseurs d\u2019animaux et on pouvait y d\u00e9guster surtout des sp\u00e9cialit\u00e9s locales. Aujourd\u2019hui certaines sp\u00e9cialit\u00e9s y sont toujours repr\u00e9sent\u00e9es comme les <em>M\u00e4ssmogge<\/em> (<em>M\u00e4ss<\/em> venant de la messe et <em>Mogge<\/em> signifiant morceau), c\u00e9l\u00e8bres confiseries b\u00e2loises, le <em>Magenbrot<\/em> (pain d\u2019\u00e9pices) ou encore les fameuses <em>Gebrannte Mandeln<\/em> (amendes grill\u00e9es). On y retrouve \u00e9videmment les stands \u00e0 raclette et \u00e0 fondue mais aussi de plus en plus de cuisine exotique venant d\u2019Asie par exemple. C\u2019est simplement un reflet du temps. Au niveau des attractions, on essaie toujours d\u2019innover et d\u2019apporter plus de sensations et d\u2019adr\u00e9naline avec des nouveaux man\u00e8ges plus sophistiqu\u00e9s et impressionnants. C\u2019\u00e9tait encore le cas cette ann\u00e9e avec la Swiss Tower (<em>Starflyer<\/em>), une tour de huitante m\u00e8tres dress\u00e9e au milieu de la City-Lounge sur la Messeplatz qui a fait l\u2019unanimit\u00e9 des visiteurs qui ont pu vivre une chute libre impressionnante avec en prime un panorama exceptionnel sur toute la ville <em>(vid\u00e9o ci-dessous)<\/em>.<\/p>\n<blockquote class=\"twitter-video\" lang=\"fr\">\n<p dir=\"ltr\" lang=\"fr\">D\u2019M\u00e4ss: la foire d\u2019automne de B\u00e2le, entre tradition et innovation via <a href=\"https:\/\/twitter.com\/crieurch\">@crieurch<\/a> <a href=\"https:\/\/t.co\/j4tpy0iP9n\">https:\/\/t.co\/j4tpy0iP9n<\/a> <a href=\"https:\/\/t.co\/SM8spweExD\">pic.twitter.com\/SM8spweExD<\/a><\/p>\n<p>\u2014 Anthony Kvaternik (@AKvaternik) <a href=\"https:\/\/twitter.com\/AKvaternik\/status\/664892466831695874\">12 Novembre 2015<\/a><\/p><\/blockquote>\n<p><strong>crieur.ch |<\/strong> Vous avez v\u00e9cu la Herbstmesse en tant qu\u2019enfant, avez-vous un souvenir particulier ou une anecdote \u00e0 nous raconter apr\u00e8s toutes ces ann\u00e9es ?<\/p>\n<p><strong>R.C. |<\/strong> \u00c0 B\u00e2le, chaque enfant conna\u00eet bien s\u00fbr la Herbstmesse ; je n\u2019ai pas de souvenir particulier mais ce qui nous rappelle chaque ann\u00e9e que c\u2019est la Herbstmesse, c\u2019est lorsque l\u2019on voit de beaux ballons color\u00e9s s\u2019\u00e9chapper dans le ciel puis dispara\u00eetre avec des cris et des pleurs en bruits de fond ; c\u2019est malheureux pour l\u2019enfant qui le tenait dans sa main \u00e9videmment (rires), mais c\u2019est le signe que la Herbstmesse est bien l\u00e0.<\/p>\n<p><strong>crieur.ch |<\/strong> Si vous deviez convaincre nos lecteurs qui ne connaissent pas encore la Herbstmesse de participer \u00e0 la prochaine \u00e9dition, vous leur diriez quoi ?<\/p>\n<p><strong>R.C. |<\/strong> Je l\u2019ai d\u00e9j\u00e0 dit auparavant, c\u2019est le lieu unique qui fait le succ\u00e8s et l\u2019originalit\u00e9 de cet \u00e9v\u00e9nement. Totalement int\u00e9gr\u00e9e dans le centre-ville de B\u00e2le, une visite \u00e0 la Herbstmesse vous permet de d\u00e9couvrir, \u00e0 pied ou en tram, non seulement la plus ancienne foire de Suisse mais aussi la ville de B\u00e2le, m\u00e9tropole architecturale et capitale culturelle de la Suisse.<\/p>\n<p>Le public de la foire d\u2019automne se d\u00e9place de toute la r\u00e9gion du Rhin sup\u00e9rieur et de tout le pays. Mais de plus en plus de gens d\u2019autres pays europ\u00e9ens se rendent \u00e0 cette foire car elle est unique dans tous les sens du terme. La foire d\u2019automne est l\u2019une des plus grandes et plus belles de ce genre en Europe.<\/p>\n<p><em>La prochaine \u00ab Herbstmesse \u00bb aura lieu du <strong>29 octobre au 13 novembre 2016.<\/strong><\/em><\/p>\n<div id=\"crieu-1798043558\" class=\"crieu-apres-le-contenu crieu-entity-placement\" style=\"margin-left: auto;margin-right: auto;text-align: center;\"><script async src=\"\/\/pagead2.googlesyndication.com\/pagead\/js\/adsbygoogle.js?client=ca-pub-5271584769416742\" crossorigin=\"anonymous\"><\/script><ins class=\"adsbygoogle\" style=\"display:block;\" data-ad-client=\"ca-pub-5271584769416742\" \ndata-ad-slot=\"9321250718\" \ndata-ad-format=\"auto\"><\/ins>\n<script> \n(adsbygoogle = window.adsbygoogle || []).push({}); \n<\/script>\n<\/div>","protected":false},"excerpt":{"rendered":"<p>La Herbstmesse \u2013 D\u2019M\u00e4ss, comme on la surnomme en dialecte b\u00e2lois \u2013 est un \u00e9v\u00e9nement traditionnel, qui marque l&rsquo;histoire de la ville depuis plus de 500 ans et jouit toujours <a href=\"https:\/\/bale.ch\/journal\/herbstmesse-bale-2015\/\" class=\"read-more button-fancy -red\"><span class=\"btn-arrow\"><\/span><span class=\"twp-read-more text\">Continuer la lecture<\/span><\/a><\/p>\n","protected":false},"author":20,"featured_media":266,"comment_status":"closed","ping_status":"closed","sticky":false,"template":"","format":"standard","meta":{"footnotes":""},"categories":[39,7],"tags":[],"class_list":["post-265","post","type-post","status-publish","format-standard","has-post-thumbnail","hentry","category-bale-decouverte","category-bale"],"yoast_head":"<!-- This site is optimized with the Yoast SEO plugin v28.3 - https:\/\/yoast.com\/product\/yoast-seo-wordpress\/ -->\n<title>D\u2019M\u00e4ss: la foire d\u2019automne de B\u00e2le, entre tradition et innovation - Journal de B\u00e2le et Gen\u00e8ve<\/title>\n<meta name=\"robots\" content=\"index, follow, max-snippet:-1, max-image-preview:large, max-video-preview:-1\" \/>\n<link rel=\"canonical\" href=\"https:\/\/bale.ch\/journal\/herbstmesse-bale-2015\/\" \/>\n<meta property=\"og:locale\" content=\"fr_FR\" \/>\n<meta property=\"og:type\" content=\"article\" \/>\n<meta property=\"og:title\" content=\"D\u2019M\u00e4ss: la foire d\u2019automne de B\u00e2le, entre tradition et innovation - Journal de B\u00e2le et Gen\u00e8ve\" \/>\n<meta property=\"og:description\" content=\"La Herbstmesse \u2013 D\u2019M\u00e4ss, comme on la surnomme en dialecte b\u00e2lois \u2013 est un \u00e9v\u00e9nement traditionnel, qui marque l&rsquo;histoire de la ville depuis plus de 500 ans et jouit toujours Continuer la lecture\" \/>\n<meta property=\"og:url\" content=\"https:\/\/bale.ch\/journal\/herbstmesse-bale-2015\/\" \/>\n<meta property=\"og:site_name\" content=\"Journal de B\u00e2le et Gen\u00e8ve\" \/>\n<meta property=\"article:published_time\" content=\"2015-11-12T19:02:43+00:00\" \/>\n<meta property=\"article:modified_time\" content=\"2018-09-23T07:28:06+00:00\" \/>\n<meta property=\"og:image\" content=\"https:\/\/bale.ch\/journal\/wp-content\/uploads\/2015\/11\/messe1.jpg\" \/>\n\t<meta property=\"og:image:width\" content=\"800\" \/>\n\t<meta property=\"og:image:height\" content=\"450\" \/>\n\t<meta property=\"og:image:type\" content=\"image\/jpeg\" \/>\n<meta name=\"author\" content=\"Anthony Kvaternik\" \/>\n<meta name=\"twitter:card\" content=\"summary_large_image\" \/>\n<meta name=\"twitter:label1\" content=\"\u00c9crit par\" \/>\n\t<meta name=\"twitter:data1\" content=\"Anthony Kvaternik\" \/>\n\t<meta name=\"twitter:label2\" content=\"Dur\u00e9e de lecture estim\u00e9e\" \/>\n\t<meta name=\"twitter:data2\" content=\"4 minutes\" \/>\n<script type=\"application\/ld+json\" class=\"yoast-schema-graph\">{\"@context\":\"https:\\\/\\\/schema.org\",\"@graph\":[{\"@type\":\"Article\",\"@id\":\"https:\\\/\\\/bale.ch\\\/journal\\\/herbstmesse-bale-2015\\\/#article\",\"isPartOf\":{\"@id\":\"https:\\\/\\\/bale.ch\\\/journal\\\/herbstmesse-bale-2015\\\/\"},\"author\":{\"name\":\"Anthony Kvaternik\",\"@id\":\"https:\\\/\\\/bale.ch\\\/journal\\\/#\\\/schema\\\/person\\\/b1e5c7fc925a490a48607bfdc7ee7539\"},\"headline\":\"D\u2019M\u00e4ss: la foire d\u2019automne de B\u00e2le, entre tradition et innovation\",\"datePublished\":\"2015-11-12T19:02:43+00:00\",\"dateModified\":\"2018-09-23T07:28:06+00:00\",\"mainEntityOfPage\":{\"@id\":\"https:\\\/\\\/bale.ch\\\/journal\\\/herbstmesse-bale-2015\\\/\"},\"wordCount\":917,\"publisher\":{\"@id\":\"https:\\\/\\\/bale.ch\\\/journal\\\/#organization\"},\"image\":{\"@id\":\"https:\\\/\\\/bale.ch\\\/journal\\\/herbstmesse-bale-2015\\\/#primaryimage\"},\"thumbnailUrl\":\"https:\\\/\\\/bale.ch\\\/journal\\\/wp-content\\\/uploads\\\/2015\\\/11\\\/messe1.jpg\",\"articleSection\":[\"B\u00e2le D\u00e9couverte\",\"B\u00e2le Trinationale\"],\"inLanguage\":\"fr-FR\"},{\"@type\":\"WebPage\",\"@id\":\"https:\\\/\\\/bale.ch\\\/journal\\\/herbstmesse-bale-2015\\\/\",\"url\":\"https:\\\/\\\/bale.ch\\\/journal\\\/herbstmesse-bale-2015\\\/\",\"name\":\"D\u2019M\u00e4ss: la foire d\u2019automne de B\u00e2le, entre tradition et innovation - Journal de B\u00e2le et Gen\u00e8ve\",\"isPartOf\":{\"@id\":\"https:\\\/\\\/bale.ch\\\/journal\\\/#website\"},\"primaryImageOfPage\":{\"@id\":\"https:\\\/\\\/bale.ch\\\/journal\\\/herbstmesse-bale-2015\\\/#primaryimage\"},\"image\":{\"@id\":\"https:\\\/\\\/bale.ch\\\/journal\\\/herbstmesse-bale-2015\\\/#primaryimage\"},\"thumbnailUrl\":\"https:\\\/\\\/bale.ch\\\/journal\\\/wp-content\\\/uploads\\\/2015\\\/11\\\/messe1.jpg\",\"datePublished\":\"2015-11-12T19:02:43+00:00\",\"dateModified\":\"2018-09-23T07:28:06+00:00\",\"breadcrumb\":{\"@id\":\"https:\\\/\\\/bale.ch\\\/journal\\\/herbstmesse-bale-2015\\\/#breadcrumb\"},\"inLanguage\":\"fr-FR\",\"potentialAction\":[{\"@type\":\"ReadAction\",\"target\":[\"https:\\\/\\\/bale.ch\\\/journal\\\/herbstmesse-bale-2015\\\/\"]}]},{\"@type\":\"ImageObject\",\"inLanguage\":\"fr-FR\",\"@id\":\"https:\\\/\\\/bale.ch\\\/journal\\\/herbstmesse-bale-2015\\\/#primaryimage\",\"url\":\"https:\\\/\\\/bale.ch\\\/journal\\\/wp-content\\\/uploads\\\/2015\\\/11\\\/messe1.jpg\",\"contentUrl\":\"https:\\\/\\\/bale.ch\\\/journal\\\/wp-content\\\/uploads\\\/2015\\\/11\\\/messe1.jpg\",\"width\":800,\"height\":450},{\"@type\":\"BreadcrumbList\",\"@id\":\"https:\\\/\\\/bale.ch\\\/journal\\\/herbstmesse-bale-2015\\\/#breadcrumb\",\"itemListElement\":[{\"@type\":\"ListItem\",\"position\":1,\"name\":\"Accueil\",\"item\":\"https:\\\/\\\/bale.ch\\\/journal\\\/\"},{\"@type\":\"ListItem\",\"position\":2,\"name\":\"D\u2019M\u00e4ss: la foire d\u2019automne de B\u00e2le, entre tradition et innovation\"}]},{\"@type\":\"WebSite\",\"@id\":\"https:\\\/\\\/bale.ch\\\/journal\\\/#website\",\"url\":\"https:\\\/\\\/bale.ch\\\/journal\\\/\",\"name\":\"Journal de B\u00e2le et Gen\u00e8ve\",\"description\":\"M\u00e9dia transfrontalier d&#039;actualit\u00e9s - News\",\"publisher\":{\"@id\":\"https:\\\/\\\/bale.ch\\\/journal\\\/#organization\"},\"potentialAction\":[{\"@type\":\"SearchAction\",\"target\":{\"@type\":\"EntryPoint\",\"urlTemplate\":\"https:\\\/\\\/bale.ch\\\/journal\\\/?s={search_term_string}\"},\"query-input\":{\"@type\":\"PropertyValueSpecification\",\"valueRequired\":true,\"valueName\":\"search_term_string\"}}],\"inLanguage\":\"fr-FR\"},{\"@type\":\"Organization\",\"@id\":\"https:\\\/\\\/bale.ch\\\/journal\\\/#organization\",\"name\":\"Journal de B\u00e2le et Gen\u00e8ve\",\"url\":\"https:\\\/\\\/bale.ch\\\/journal\\\/\",\"logo\":{\"@type\":\"ImageObject\",\"inLanguage\":\"fr-FR\",\"@id\":\"https:\\\/\\\/bale.ch\\\/journal\\\/#\\\/schema\\\/logo\\\/image\\\/\",\"url\":\"https:\\\/\\\/bale.ch\\\/journal\\\/wp-content\\\/uploads\\\/2023\\\/07\\\/journaldebale_logo_2023_nb.png\",\"contentUrl\":\"https:\\\/\\\/bale.ch\\\/journal\\\/wp-content\\\/uploads\\\/2023\\\/07\\\/journaldebale_logo_2023_nb.png\",\"width\":371,\"height\":127,\"caption\":\"Journal de B\u00e2le et Gen\u00e8ve\"},\"image\":{\"@id\":\"https:\\\/\\\/bale.ch\\\/journal\\\/#\\\/schema\\\/logo\\\/image\\\/\"}},{\"@type\":\"Person\",\"@id\":\"https:\\\/\\\/bale.ch\\\/journal\\\/#\\\/schema\\\/person\\\/b1e5c7fc925a490a48607bfdc7ee7539\",\"name\":\"Anthony Kvaternik\",\"image\":{\"@type\":\"ImageObject\",\"inLanguage\":\"fr-FR\",\"@id\":\"https:\\\/\\\/secure.gravatar.com\\\/avatar\\\/05956803611f99ba6bac4541cd9ea263c3adb13ee140301fb93c1880158c915a?s=96&d=mm&r=g\",\"url\":\"https:\\\/\\\/secure.gravatar.com\\\/avatar\\\/05956803611f99ba6bac4541cd9ea263c3adb13ee140301fb93c1880158c915a?s=96&d=mm&r=g\",\"contentUrl\":\"https:\\\/\\\/secure.gravatar.com\\\/avatar\\\/05956803611f99ba6bac4541cd9ea263c3adb13ee140301fb93c1880158c915a?s=96&d=mm&r=g\",\"caption\":\"Anthony Kvaternik\"},\"description\":\"R\u00e9dacteur r\u00e9gion B\u00e2le Dreiland\",\"url\":\"https:\\\/\\\/bale.ch\\\/journal\\\/author\\\/anthony\\\/\"}]}<\/script>\n<!-- \/ Yoast SEO plugin. -->","yoast_head_json":{"title":"D\u2019M\u00e4ss: la foire d\u2019automne de B\u00e2le, entre tradition et innovation - Journal de B\u00e2le et Gen\u00e8ve","robots":{"index":"index","follow":"follow","max-snippet":"max-snippet:-1","max-image-preview":"max-image-preview:large","max-video-preview":"max-video-preview:-1"},"canonical":"https:\/\/bale.ch\/journal\/herbstmesse-bale-2015\/","og_locale":"fr_FR","og_type":"article","og_title":"D\u2019M\u00e4ss: la foire d\u2019automne de B\u00e2le, entre tradition et innovation - Journal de B\u00e2le et Gen\u00e8ve","og_description":"La Herbstmesse \u2013 D\u2019M\u00e4ss, comme on la surnomme en dialecte b\u00e2lois \u2013 est un \u00e9v\u00e9nement traditionnel, qui marque l&rsquo;histoire de la ville depuis plus de 500 ans et jouit toujours Continuer la lecture","og_url":"https:\/\/bale.ch\/journal\/herbstmesse-bale-2015\/","og_site_name":"Journal de B\u00e2le et Gen\u00e8ve","article_published_time":"2015-11-12T19:02:43+00:00","article_modified_time":"2018-09-23T07:28:06+00:00","og_image":[{"width":800,"height":450,"url":"https:\/\/bale.ch\/journal\/wp-content\/uploads\/2015\/11\/messe1.jpg","type":"image\/jpeg"}],"author":"Anthony Kvaternik","twitter_card":"summary_large_image","twitter_misc":{"\u00c9crit par":"Anthony Kvaternik","Dur\u00e9e de lecture estim\u00e9e":"4 minutes"},"schema":{"@context":"https:\/\/schema.org","@graph":[{"@type":"Article","@id":"https:\/\/bale.ch\/journal\/herbstmesse-bale-2015\/#article","isPartOf":{"@id":"https:\/\/bale.ch\/journal\/herbstmesse-bale-2015\/"},"author":{"name":"Anthony Kvaternik","@id":"https:\/\/bale.ch\/journal\/#\/schema\/person\/b1e5c7fc925a490a48607bfdc7ee7539"},"headline":"D\u2019M\u00e4ss: la foire d\u2019automne de B\u00e2le, entre tradition et innovation","datePublished":"2015-11-12T19:02:43+00:00","dateModified":"2018-09-23T07:28:06+00:00","mainEntityOfPage":{"@id":"https:\/\/bale.ch\/journal\/herbstmesse-bale-2015\/"},"wordCount":917,"publisher":{"@id":"https:\/\/bale.ch\/journal\/#organization"},"image":{"@id":"https:\/\/bale.ch\/journal\/herbstmesse-bale-2015\/#primaryimage"},"thumbnailUrl":"https:\/\/bale.ch\/journal\/wp-content\/uploads\/2015\/11\/messe1.jpg","articleSection":["B\u00e2le D\u00e9couverte","B\u00e2le Trinationale"],"inLanguage":"fr-FR"},{"@type":"WebPage","@id":"https:\/\/bale.ch\/journal\/herbstmesse-bale-2015\/","url":"https:\/\/bale.ch\/journal\/herbstmesse-bale-2015\/","name":"D\u2019M\u00e4ss: la foire d\u2019automne de B\u00e2le, entre tradition et innovation - Journal de B\u00e2le et Gen\u00e8ve","isPartOf":{"@id":"https:\/\/bale.ch\/journal\/#website"},"primaryImageOfPage":{"@id":"https:\/\/bale.ch\/journal\/herbstmesse-bale-2015\/#primaryimage"},"image":{"@id":"https:\/\/bale.ch\/journal\/herbstmesse-bale-2015\/#primaryimage"},"thumbnailUrl":"https:\/\/bale.ch\/journal\/wp-content\/uploads\/2015\/11\/messe1.jpg","datePublished":"2015-11-12T19:02:43+00:00","dateModified":"2018-09-23T07:28:06+00:00","breadcrumb":{"@id":"https:\/\/bale.ch\/journal\/herbstmesse-bale-2015\/#breadcrumb"},"inLanguage":"fr-FR","potentialAction":[{"@type":"ReadAction","target":["https:\/\/bale.ch\/journal\/herbstmesse-bale-2015\/"]}]},{"@type":"ImageObject","inLanguage":"fr-FR","@id":"https:\/\/bale.ch\/journal\/herbstmesse-bale-2015\/#primaryimage","url":"https:\/\/bale.ch\/journal\/wp-content\/uploads\/2015\/11\/messe1.jpg","contentUrl":"https:\/\/bale.ch\/journal\/wp-content\/uploads\/2015\/11\/messe1.jpg","width":800,"height":450},{"@type":"BreadcrumbList","@id":"https:\/\/bale.ch\/journal\/herbstmesse-bale-2015\/#breadcrumb","itemListElement":[{"@type":"ListItem","position":1,"name":"Accueil","item":"https:\/\/bale.ch\/journal\/"},{"@type":"ListItem","position":2,"name":"D\u2019M\u00e4ss: la foire d\u2019automne de B\u00e2le, entre tradition et innovation"}]},{"@type":"WebSite","@id":"https:\/\/bale.ch\/journal\/#website","url":"https:\/\/bale.ch\/journal\/","name":"Journal de B\u00e2le et Gen\u00e8ve","description":"M\u00e9dia transfrontalier d&#039;actualit\u00e9s - News","publisher":{"@id":"https:\/\/bale.ch\/journal\/#organization"},"potentialAction":[{"@type":"SearchAction","target":{"@type":"EntryPoint","urlTemplate":"https:\/\/bale.ch\/journal\/?s={search_term_string}"},"query-input":{"@type":"PropertyValueSpecification","valueRequired":true,"valueName":"search_term_string"}}],"inLanguage":"fr-FR"},{"@type":"Organization","@id":"https:\/\/bale.ch\/journal\/#organization","name":"Journal de B\u00e2le et Gen\u00e8ve","url":"https:\/\/bale.ch\/journal\/","logo":{"@type":"ImageObject","inLanguage":"fr-FR","@id":"https:\/\/bale.ch\/journal\/#\/schema\/logo\/image\/","url":"https:\/\/bale.ch\/journal\/wp-content\/uploads\/2023\/07\/journaldebale_logo_2023_nb.png","contentUrl":"https:\/\/bale.ch\/journal\/wp-content\/uploads\/2023\/07\/journaldebale_logo_2023_nb.png","width":371,"height":127,"caption":"Journal de B\u00e2le et Gen\u00e8ve"},"image":{"@id":"https:\/\/bale.ch\/journal\/#\/schema\/logo\/image\/"}},{"@type":"Person","@id":"https:\/\/bale.ch\/journal\/#\/schema\/person\/b1e5c7fc925a490a48607bfdc7ee7539","name":"Anthony Kvaternik","image":{"@type":"ImageObject","inLanguage":"fr-FR","@id":"https:\/\/secure.gravatar.com\/avatar\/05956803611f99ba6bac4541cd9ea263c3adb13ee140301fb93c1880158c915a?s=96&d=mm&r=g","url":"https:\/\/secure.gravatar.com\/avatar\/05956803611f99ba6bac4541cd9ea263c3adb13ee140301fb93c1880158c915a?s=96&d=mm&r=g","contentUrl":"https:\/\/secure.gravatar.com\/avatar\/05956803611f99ba6bac4541cd9ea263c3adb13ee140301fb93c1880158c915a?s=96&d=mm&r=g","caption":"Anthony Kvaternik"},"description":"R\u00e9dacteur r\u00e9gion B\u00e2le Dreiland","url":"https:\/\/bale.ch\/journal\/author\/anthony\/"}]}},"_links":{"self":[{"href":"https:\/\/bale.ch\/journal\/wp-json\/wp\/v2\/posts\/265","targetHints":{"allow":["GET"]}}],"collection":[{"href":"https:\/\/bale.ch\/journal\/wp-json\/wp\/v2\/posts"}],"about":[{"href":"https:\/\/bale.ch\/journal\/wp-json\/wp\/v2\/types\/post"}],"author":[{"embeddable":true,"href":"https:\/\/bale.ch\/journal\/wp-json\/wp\/v2\/users\/20"}],"replies":[{"embeddable":true,"href":"https:\/\/bale.ch\/journal\/wp-json\/wp\/v2\/comments?post=265"}],"version-history":[{"count":7,"href":"https:\/\/bale.ch\/journal\/wp-json\/wp\/v2\/posts\/265\/revisions"}],"predecessor-version":[{"id":277,"href":"https:\/\/bale.ch\/journal\/wp-json\/wp\/v2\/posts\/265\/revisions\/277"}],"wp:featuredmedia":[{"embeddable":true,"href":"https:\/\/bale.ch\/journal\/wp-json\/wp\/v2\/media\/266"}],"wp:attachment":[{"href":"https:\/\/bale.ch\/journal\/wp-json\/wp\/v2\/media?parent=265"}],"wp:term":[{"taxonomy":"category","embeddable":true,"href":"https:\/\/bale.ch\/journal\/wp-json\/wp\/v2\/categories?post=265"},{"taxonomy":"post_tag","embeddable":true,"href":"https:\/\/bale.ch\/journal\/wp-json\/wp\/v2\/tags?post=265"}],"curies":[{"name":"wp","href":"https:\/\/api.w.org\/{rel}","templated":true}]}}