{"id":2667,"date":"2020-02-01T18:03:18","date_gmt":"2020-02-01T18:03:18","guid":{"rendered":"http:\/\/bale.ch\/journal\/?p=2667"},"modified":"2023-08-07T11:08:05","modified_gmt":"2023-08-07T11:08:05","slug":"la-ville-de-berlin-vote-le-plafonnement-des-loyers","status":"publish","type":"post","link":"https:\/\/bale.ch\/journal\/la-ville-de-berlin-vote-le-plafonnement-des-loyers\/","title":{"rendered":"La ville de Berlin vote le plafonnement des loyers"},"content":{"rendered":"\n<figure class=\"wp-block-image size-large is-resized\"><img loading=\"lazy\" decoding=\"async\" src=\"https:\/\/bale.ch\/journal\/wp-content\/uploads\/2020\/04\/cropped-gazette_de_berlin.png\" alt=\"\" class=\"wp-image-2916\" width=\"94\" height=\"43\" srcset=\"https:\/\/bale.ch\/journal\/wp-content\/uploads\/2020\/04\/cropped-gazette_de_berlin.png 372w, https:\/\/bale.ch\/journal\/wp-content\/uploads\/2020\/04\/cropped-gazette_de_berlin-300x138.png 300w\" sizes=\"auto, (max-width: 94px) 100vw, 94px\" \/><\/figure>\n\n\n\n<p class=\"wp-block-paragraph\"><strong>Le parlement r\u00e9gional de Berlin a vot\u00e9 \u00e0 une large majorit\u00e9 le gel des loyers pour une p\u00e9riode de deux \u00e0 cinq ans, dans une ville o\u00f9 ils ont souvent doubl\u00e9 ces dix derni\u00e8res ann\u00e9es. Une premi\u00e8re en Allemagne.<\/strong><\/p>\n\n\n\n<p class=\"wp-block-paragraph\">Apr\u00e8s deux ans, la hausse annuelle sera limit\u00e9e \u00e0 1,3% pendant trois ans. Le prix au m\u00e8tre carr\u00e9 ne pourra pas d\u00e9passer 9,80&nbsp;euros, avec une variabilit\u00e9 possible selon l&rsquo;\u00e2ge des b\u00e2timents et le quartier. Les logements sociaux et nouveaux appartements qui n&rsquo;ont pas encore \u00e9t\u00e9 lou\u00e9s seront exclus du dispositif.<\/p>\n\n\n\n<p class=\"wp-block-paragraph\">Le but recherch\u00e9 par le parlement de la ville o\u00f9 la gauche &#8211; une coalition entre les sociaux-d\u00e9mocrates, les h\u00e9ritiers du parti communiste de l\u2019ex-RDA et les Verts &#8211; est majoritaire, est de ralentir la gentrification galopante d&rsquo;une ville qui s&rsquo;est reconstruite autour d&rsquo;une importante sc\u00e8ne cr\u00e9ative et alternative mais dont l&rsquo;\u00e9quilibre est mise \u00e0 mal par la sp\u00e9culation immobili\u00e8re et les grands projets d\u2019infrastructure qui y sont li\u00e9s.<\/p><div id=\"crieu-1125762616\" class=\"crieu-content crieu-entity-placement\"><script async src=\"\/\/pagead2.googlesyndication.com\/pagead\/js\/adsbygoogle.js?client=ca-pub-5271584769416742\" crossorigin=\"anonymous\"><\/script><ins class=\"adsbygoogle\" style=\"display:block;\" data-ad-client=\"ca-pub-5271584769416742\" \ndata-ad-slot=\"9321250718\" \ndata-ad-format=\"auto\"><\/ins>\n<script> \n(adsbygoogle = window.adsbygoogle || []).push({}); \n<\/script>\n<\/div>\n\n\n\n<p class=\"wp-block-paragraph\"><em>\u00ab\u00a0Nous avons cr\u00e9\u00e9 un instrument qui mettra fin \u00e0 la hausse aberrante des loyers au cours des cinq prochaines ann\u00e9es\u00a0\u00bb<\/em>, a d\u00e9clar\u00e9 Katrin Lompscher, s\u00e9natrice berlinoise en charge du d\u00e9veloppement urbain et du logement. <em>\u00ab\u00a0C&rsquo;est notre travail de repr\u00e9sentants politiques que de cr\u00e9er les conditions de base pour que les salari\u00e9s des classes inf\u00e9rieures et moyennes puissent continuer de vivre \u00e0 Berlin.\u00a0\u00bb<\/em><\/p>\n\n\n\n<p class=\"wp-block-paragraph\">Il faut dire qu&rsquo;\u00e0 Berlin seuls quinze pour cent des habitants sont propri\u00e9taires de leur logement contre huitante-cinq pour cent de locataires. Avec cette nouvelle loi, les 375&rsquo;000 m\u00e9nages qui ont un loyer d\u00e9passant de 20&nbsp;% le plafond fix\u00e9 pourront demander une baisse de loyer qui pourra diviser par deux le prix dans certains quartiers pris\u00e9s comme c&rsquo;est le cas de Kreuzberg. En cas de non-respect, l&rsquo;amende pourra s&rsquo;\u00e9lever jusqu&rsquo;\u00e0 500&rsquo;000 euros selon les cas. <\/p>\n\n\n\n<p class=\"wp-block-paragraph\">En septembre 2019, la ville a d\u00e9cid\u00e9 de reprendre le contr\u00f4le d&rsquo;une partie de l&rsquo;habitat qui avait \u00e9t\u00e9 privatis\u00e9e apr\u00e8s l&rsquo;annexion de l&rsquo;Allemagne de l&rsquo;Est. Une centaine d&rsquo;appartement de la tr\u00e8s centrale Karl-Marx-Allee avaient d\u00e9j\u00e0 \u00e9t\u00e9 rachet\u00e9s en juillet suivis par pr\u00e8s de 6&rsquo;000 autres dans deux quartiers du nord-ouest, Reinickendorf et Spandau. <em>\u00ab\u00a0C\u2019est la plus grande resocialisation de toute l\u2019histoire de Berlin\u00a0\u00bb<\/em>, avait alors comment\u00e9 Katrin Lompscher.<\/p>\n<div id=\"crieu-2519896359\" class=\"crieu-apres-le-contenu crieu-entity-placement\" style=\"margin-left: auto;margin-right: auto;text-align: center;\"><script async src=\"\/\/pagead2.googlesyndication.com\/pagead\/js\/adsbygoogle.js?client=ca-pub-5271584769416742\" crossorigin=\"anonymous\"><\/script><ins class=\"adsbygoogle\" style=\"display:block;\" data-ad-client=\"ca-pub-5271584769416742\" \ndata-ad-slot=\"9321250718\" \ndata-ad-format=\"auto\"><\/ins>\n<script> \n(adsbygoogle = window.adsbygoogle || []).push({}); \n<\/script>\n<\/div>","protected":false},"excerpt":{"rendered":"<p>Le parlement r\u00e9gional de Berlin a vot\u00e9 \u00e0 une large majorit\u00e9 le gel des loyers pour une p\u00e9riode de deux \u00e0 cinq ans, dans une ville o\u00f9 ils ont souvent <a href=\"https:\/\/bale.ch\/journal\/la-ville-de-berlin-vote-le-plafonnement-des-loyers\/\" class=\"read-more button-fancy -red\"><span class=\"btn-arrow\"><\/span><span class=\"twp-read-more text\">Continuer la lecture<\/span><\/a><\/p>\n","protected":false},"author":3,"featured_media":2671,"comment_status":"closed","ping_status":"closed","sticky":false,"template":"","format":"standard","meta":{"footnotes":""},"categories":[103,9,12],"tags":[47,198,57],"class_list":["post-2667","post","type-post","status-publish","format-standard","has-post-thumbnail","hentry","category-actu","category-monde","category-societe","tag-berlin","tag-immobilier","tag-social"],"yoast_head":"<!-- This site is optimized with the Yoast SEO plugin v28.3 - https:\/\/yoast.com\/product\/yoast-seo-wordpress\/ -->\n<title>La ville de Berlin vote le plafonnement des loyers - Journal de B\u00e2le et Gen\u00e8ve<\/title>\n<meta name=\"robots\" content=\"index, follow, max-snippet:-1, max-image-preview:large, max-video-preview:-1\" \/>\n<link rel=\"canonical\" href=\"https:\/\/bale.ch\/journal\/la-ville-de-berlin-vote-le-plafonnement-des-loyers\/\" \/>\n<meta property=\"og:locale\" content=\"fr_FR\" \/>\n<meta property=\"og:type\" content=\"article\" \/>\n<meta property=\"og:title\" content=\"La ville de Berlin vote le plafonnement des loyers - Journal de B\u00e2le et Gen\u00e8ve\" \/>\n<meta property=\"og:description\" content=\"Le parlement r\u00e9gional de Berlin a vot\u00e9 \u00e0 une large majorit\u00e9 le gel des loyers pour une p\u00e9riode de deux \u00e0 cinq ans, dans une ville o\u00f9 ils ont souvent Continuer la lecture\" \/>\n<meta property=\"og:url\" content=\"https:\/\/bale.ch\/journal\/la-ville-de-berlin-vote-le-plafonnement-des-loyers\/\" \/>\n<meta property=\"og:site_name\" content=\"Journal de B\u00e2le et Gen\u00e8ve\" \/>\n<meta property=\"article:published_time\" content=\"2020-02-01T18:03:18+00:00\" \/>\n<meta property=\"article:modified_time\" content=\"2023-08-07T11:08:05+00:00\" \/>\n<meta property=\"og:image\" content=\"https:\/\/bale.ch\/journal\/wp-content\/uploads\/2020\/02\/berlin_immobilier_gel_des_loyers.jpg\" \/>\n\t<meta property=\"og:image:width\" content=\"900\" \/>\n\t<meta property=\"og:image:height\" content=\"484\" \/>\n\t<meta property=\"og:image:type\" content=\"image\/jpeg\" \/>\n<meta name=\"author\" content=\"Alban Lavy\" \/>\n<meta name=\"twitter:card\" content=\"summary_large_image\" \/>\n<meta name=\"twitter:label1\" content=\"\u00c9crit par\" \/>\n\t<meta name=\"twitter:data1\" content=\"Alban Lavy\" \/>\n\t<meta name=\"twitter:label2\" content=\"Dur\u00e9e de lecture estim\u00e9e\" \/>\n\t<meta name=\"twitter:data2\" content=\"2 minutes\" \/>\n<script type=\"application\/ld+json\" class=\"yoast-schema-graph\">{\"@context\":\"https:\\\/\\\/schema.org\",\"@graph\":[{\"@type\":\"Article\",\"@id\":\"https:\\\/\\\/bale.ch\\\/journal\\\/la-ville-de-berlin-vote-le-plafonnement-des-loyers\\\/#article\",\"isPartOf\":{\"@id\":\"https:\\\/\\\/bale.ch\\\/journal\\\/la-ville-de-berlin-vote-le-plafonnement-des-loyers\\\/\"},\"author\":{\"name\":\"Alban Lavy\",\"@id\":\"https:\\\/\\\/bale.ch\\\/journal\\\/#\\\/schema\\\/person\\\/41bc7f908af0ffea5e38b8c5702e5626\"},\"headline\":\"La ville de Berlin vote le plafonnement des loyers\",\"datePublished\":\"2020-02-01T18:03:18+00:00\",\"dateModified\":\"2023-08-07T11:08:05+00:00\",\"mainEntityOfPage\":{\"@id\":\"https:\\\/\\\/bale.ch\\\/journal\\\/la-ville-de-berlin-vote-le-plafonnement-des-loyers\\\/\"},\"wordCount\":420,\"publisher\":{\"@id\":\"https:\\\/\\\/bale.ch\\\/journal\\\/#organization\"},\"image\":{\"@id\":\"https:\\\/\\\/bale.ch\\\/journal\\\/la-ville-de-berlin-vote-le-plafonnement-des-loyers\\\/#primaryimage\"},\"thumbnailUrl\":\"https:\\\/\\\/bale.ch\\\/journal\\\/wp-content\\\/uploads\\\/2020\\\/02\\\/berlin_immobilier_gel_des_loyers.jpg\",\"keywords\":[\"Berlin\",\"Immobilier\",\"Social\"],\"articleSection\":[\"Actualit\u00e9s\",\"Monde\",\"Soci\u00e9t\u00e9\"],\"inLanguage\":\"fr-FR\"},{\"@type\":\"WebPage\",\"@id\":\"https:\\\/\\\/bale.ch\\\/journal\\\/la-ville-de-berlin-vote-le-plafonnement-des-loyers\\\/\",\"url\":\"https:\\\/\\\/bale.ch\\\/journal\\\/la-ville-de-berlin-vote-le-plafonnement-des-loyers\\\/\",\"name\":\"La ville de Berlin vote le plafonnement des loyers - Journal de B\u00e2le et Gen\u00e8ve\",\"isPartOf\":{\"@id\":\"https:\\\/\\\/bale.ch\\\/journal\\\/#website\"},\"primaryImageOfPage\":{\"@id\":\"https:\\\/\\\/bale.ch\\\/journal\\\/la-ville-de-berlin-vote-le-plafonnement-des-loyers\\\/#primaryimage\"},\"image\":{\"@id\":\"https:\\\/\\\/bale.ch\\\/journal\\\/la-ville-de-berlin-vote-le-plafonnement-des-loyers\\\/#primaryimage\"},\"thumbnailUrl\":\"https:\\\/\\\/bale.ch\\\/journal\\\/wp-content\\\/uploads\\\/2020\\\/02\\\/berlin_immobilier_gel_des_loyers.jpg\",\"datePublished\":\"2020-02-01T18:03:18+00:00\",\"dateModified\":\"2023-08-07T11:08:05+00:00\",\"breadcrumb\":{\"@id\":\"https:\\\/\\\/bale.ch\\\/journal\\\/la-ville-de-berlin-vote-le-plafonnement-des-loyers\\\/#breadcrumb\"},\"inLanguage\":\"fr-FR\",\"potentialAction\":[{\"@type\":\"ReadAction\",\"target\":[\"https:\\\/\\\/bale.ch\\\/journal\\\/la-ville-de-berlin-vote-le-plafonnement-des-loyers\\\/\"]}]},{\"@type\":\"ImageObject\",\"inLanguage\":\"fr-FR\",\"@id\":\"https:\\\/\\\/bale.ch\\\/journal\\\/la-ville-de-berlin-vote-le-plafonnement-des-loyers\\\/#primaryimage\",\"url\":\"https:\\\/\\\/bale.ch\\\/journal\\\/wp-content\\\/uploads\\\/2020\\\/02\\\/berlin_immobilier_gel_des_loyers.jpg\",\"contentUrl\":\"https:\\\/\\\/bale.ch\\\/journal\\\/wp-content\\\/uploads\\\/2020\\\/02\\\/berlin_immobilier_gel_des_loyers.jpg\",\"width\":900,\"height\":484},{\"@type\":\"BreadcrumbList\",\"@id\":\"https:\\\/\\\/bale.ch\\\/journal\\\/la-ville-de-berlin-vote-le-plafonnement-des-loyers\\\/#breadcrumb\",\"itemListElement\":[{\"@type\":\"ListItem\",\"position\":1,\"name\":\"Accueil\",\"item\":\"https:\\\/\\\/bale.ch\\\/journal\\\/\"},{\"@type\":\"ListItem\",\"position\":2,\"name\":\"La ville de Berlin vote le plafonnement des loyers\"}]},{\"@type\":\"WebSite\",\"@id\":\"https:\\\/\\\/bale.ch\\\/journal\\\/#website\",\"url\":\"https:\\\/\\\/bale.ch\\\/journal\\\/\",\"name\":\"Journal de B\u00e2le et Gen\u00e8ve\",\"description\":\"M\u00e9dia transfrontalier d&#039;actualit\u00e9s - News\",\"publisher\":{\"@id\":\"https:\\\/\\\/bale.ch\\\/journal\\\/#organization\"},\"potentialAction\":[{\"@type\":\"SearchAction\",\"target\":{\"@type\":\"EntryPoint\",\"urlTemplate\":\"https:\\\/\\\/bale.ch\\\/journal\\\/?s={search_term_string}\"},\"query-input\":{\"@type\":\"PropertyValueSpecification\",\"valueRequired\":true,\"valueName\":\"search_term_string\"}}],\"inLanguage\":\"fr-FR\"},{\"@type\":\"Organization\",\"@id\":\"https:\\\/\\\/bale.ch\\\/journal\\\/#organization\",\"name\":\"Journal de B\u00e2le et Gen\u00e8ve\",\"url\":\"https:\\\/\\\/bale.ch\\\/journal\\\/\",\"logo\":{\"@type\":\"ImageObject\",\"inLanguage\":\"fr-FR\",\"@id\":\"https:\\\/\\\/bale.ch\\\/journal\\\/#\\\/schema\\\/logo\\\/image\\\/\",\"url\":\"https:\\\/\\\/bale.ch\\\/journal\\\/wp-content\\\/uploads\\\/2023\\\/07\\\/journaldebale_logo_2023_nb.png\",\"contentUrl\":\"https:\\\/\\\/bale.ch\\\/journal\\\/wp-content\\\/uploads\\\/2023\\\/07\\\/journaldebale_logo_2023_nb.png\",\"width\":371,\"height\":127,\"caption\":\"Journal de B\u00e2le et Gen\u00e8ve\"},\"image\":{\"@id\":\"https:\\\/\\\/bale.ch\\\/journal\\\/#\\\/schema\\\/logo\\\/image\\\/\"}},{\"@type\":\"Person\",\"@id\":\"https:\\\/\\\/bale.ch\\\/journal\\\/#\\\/schema\\\/person\\\/41bc7f908af0ffea5e38b8c5702e5626\",\"name\":\"Alban Lavy\",\"image\":{\"@type\":\"ImageObject\",\"inLanguage\":\"fr-FR\",\"@id\":\"https:\\\/\\\/secure.gravatar.com\\\/avatar\\\/4978c5bb7295400e15bebf9881bc4db7866592bc59ffa2f62511214a10f68804?s=96&d=mm&r=g\",\"url\":\"https:\\\/\\\/secure.gravatar.com\\\/avatar\\\/4978c5bb7295400e15bebf9881bc4db7866592bc59ffa2f62511214a10f68804?s=96&d=mm&r=g\",\"contentUrl\":\"https:\\\/\\\/secure.gravatar.com\\\/avatar\\\/4978c5bb7295400e15bebf9881bc4db7866592bc59ffa2f62511214a10f68804?s=96&d=mm&r=g\",\"caption\":\"Alban Lavy\"},\"sameAs\":[\"http:\\\/\\\/bale.ch\\\/administration\\\/zeitung\\\/albanlavy\\\/\"],\"url\":\"https:\\\/\\\/bale.ch\\\/journal\\\/author\\\/lavy\\\/\"}]}<\/script>\n<!-- \/ Yoast SEO plugin. -->","yoast_head_json":{"title":"La ville de Berlin vote le plafonnement des loyers - Journal de B\u00e2le et Gen\u00e8ve","robots":{"index":"index","follow":"follow","max-snippet":"max-snippet:-1","max-image-preview":"max-image-preview:large","max-video-preview":"max-video-preview:-1"},"canonical":"https:\/\/bale.ch\/journal\/la-ville-de-berlin-vote-le-plafonnement-des-loyers\/","og_locale":"fr_FR","og_type":"article","og_title":"La ville de Berlin vote le plafonnement des loyers - Journal de B\u00e2le et Gen\u00e8ve","og_description":"Le parlement r\u00e9gional de Berlin a vot\u00e9 \u00e0 une large majorit\u00e9 le gel des loyers pour une p\u00e9riode de deux \u00e0 cinq ans, dans une ville o\u00f9 ils ont souvent Continuer la lecture","og_url":"https:\/\/bale.ch\/journal\/la-ville-de-berlin-vote-le-plafonnement-des-loyers\/","og_site_name":"Journal de B\u00e2le et Gen\u00e8ve","article_published_time":"2020-02-01T18:03:18+00:00","article_modified_time":"2023-08-07T11:08:05+00:00","og_image":[{"width":900,"height":484,"url":"https:\/\/bale.ch\/journal\/wp-content\/uploads\/2020\/02\/berlin_immobilier_gel_des_loyers.jpg","type":"image\/jpeg"}],"author":"Alban Lavy","twitter_card":"summary_large_image","twitter_misc":{"\u00c9crit par":"Alban Lavy","Dur\u00e9e de lecture estim\u00e9e":"2 minutes"},"schema":{"@context":"https:\/\/schema.org","@graph":[{"@type":"Article","@id":"https:\/\/bale.ch\/journal\/la-ville-de-berlin-vote-le-plafonnement-des-loyers\/#article","isPartOf":{"@id":"https:\/\/bale.ch\/journal\/la-ville-de-berlin-vote-le-plafonnement-des-loyers\/"},"author":{"name":"Alban Lavy","@id":"https:\/\/bale.ch\/journal\/#\/schema\/person\/41bc7f908af0ffea5e38b8c5702e5626"},"headline":"La ville de Berlin vote le plafonnement des loyers","datePublished":"2020-02-01T18:03:18+00:00","dateModified":"2023-08-07T11:08:05+00:00","mainEntityOfPage":{"@id":"https:\/\/bale.ch\/journal\/la-ville-de-berlin-vote-le-plafonnement-des-loyers\/"},"wordCount":420,"publisher":{"@id":"https:\/\/bale.ch\/journal\/#organization"},"image":{"@id":"https:\/\/bale.ch\/journal\/la-ville-de-berlin-vote-le-plafonnement-des-loyers\/#primaryimage"},"thumbnailUrl":"https:\/\/bale.ch\/journal\/wp-content\/uploads\/2020\/02\/berlin_immobilier_gel_des_loyers.jpg","keywords":["Berlin","Immobilier","Social"],"articleSection":["Actualit\u00e9s","Monde","Soci\u00e9t\u00e9"],"inLanguage":"fr-FR"},{"@type":"WebPage","@id":"https:\/\/bale.ch\/journal\/la-ville-de-berlin-vote-le-plafonnement-des-loyers\/","url":"https:\/\/bale.ch\/journal\/la-ville-de-berlin-vote-le-plafonnement-des-loyers\/","name":"La ville de Berlin vote le plafonnement des loyers - Journal de B\u00e2le et Gen\u00e8ve","isPartOf":{"@id":"https:\/\/bale.ch\/journal\/#website"},"primaryImageOfPage":{"@id":"https:\/\/bale.ch\/journal\/la-ville-de-berlin-vote-le-plafonnement-des-loyers\/#primaryimage"},"image":{"@id":"https:\/\/bale.ch\/journal\/la-ville-de-berlin-vote-le-plafonnement-des-loyers\/#primaryimage"},"thumbnailUrl":"https:\/\/bale.ch\/journal\/wp-content\/uploads\/2020\/02\/berlin_immobilier_gel_des_loyers.jpg","datePublished":"2020-02-01T18:03:18+00:00","dateModified":"2023-08-07T11:08:05+00:00","breadcrumb":{"@id":"https:\/\/bale.ch\/journal\/la-ville-de-berlin-vote-le-plafonnement-des-loyers\/#breadcrumb"},"inLanguage":"fr-FR","potentialAction":[{"@type":"ReadAction","target":["https:\/\/bale.ch\/journal\/la-ville-de-berlin-vote-le-plafonnement-des-loyers\/"]}]},{"@type":"ImageObject","inLanguage":"fr-FR","@id":"https:\/\/bale.ch\/journal\/la-ville-de-berlin-vote-le-plafonnement-des-loyers\/#primaryimage","url":"https:\/\/bale.ch\/journal\/wp-content\/uploads\/2020\/02\/berlin_immobilier_gel_des_loyers.jpg","contentUrl":"https:\/\/bale.ch\/journal\/wp-content\/uploads\/2020\/02\/berlin_immobilier_gel_des_loyers.jpg","width":900,"height":484},{"@type":"BreadcrumbList","@id":"https:\/\/bale.ch\/journal\/la-ville-de-berlin-vote-le-plafonnement-des-loyers\/#breadcrumb","itemListElement":[{"@type":"ListItem","position":1,"name":"Accueil","item":"https:\/\/bale.ch\/journal\/"},{"@type":"ListItem","position":2,"name":"La ville de Berlin vote le plafonnement des loyers"}]},{"@type":"WebSite","@id":"https:\/\/bale.ch\/journal\/#website","url":"https:\/\/bale.ch\/journal\/","name":"Journal de B\u00e2le et Gen\u00e8ve","description":"M\u00e9dia transfrontalier d&#039;actualit\u00e9s - News","publisher":{"@id":"https:\/\/bale.ch\/journal\/#organization"},"potentialAction":[{"@type":"SearchAction","target":{"@type":"EntryPoint","urlTemplate":"https:\/\/bale.ch\/journal\/?s={search_term_string}"},"query-input":{"@type":"PropertyValueSpecification","valueRequired":true,"valueName":"search_term_string"}}],"inLanguage":"fr-FR"},{"@type":"Organization","@id":"https:\/\/bale.ch\/journal\/#organization","name":"Journal de B\u00e2le et Gen\u00e8ve","url":"https:\/\/bale.ch\/journal\/","logo":{"@type":"ImageObject","inLanguage":"fr-FR","@id":"https:\/\/bale.ch\/journal\/#\/schema\/logo\/image\/","url":"https:\/\/bale.ch\/journal\/wp-content\/uploads\/2023\/07\/journaldebale_logo_2023_nb.png","contentUrl":"https:\/\/bale.ch\/journal\/wp-content\/uploads\/2023\/07\/journaldebale_logo_2023_nb.png","width":371,"height":127,"caption":"Journal de B\u00e2le et Gen\u00e8ve"},"image":{"@id":"https:\/\/bale.ch\/journal\/#\/schema\/logo\/image\/"}},{"@type":"Person","@id":"https:\/\/bale.ch\/journal\/#\/schema\/person\/41bc7f908af0ffea5e38b8c5702e5626","name":"Alban Lavy","image":{"@type":"ImageObject","inLanguage":"fr-FR","@id":"https:\/\/secure.gravatar.com\/avatar\/4978c5bb7295400e15bebf9881bc4db7866592bc59ffa2f62511214a10f68804?s=96&d=mm&r=g","url":"https:\/\/secure.gravatar.com\/avatar\/4978c5bb7295400e15bebf9881bc4db7866592bc59ffa2f62511214a10f68804?s=96&d=mm&r=g","contentUrl":"https:\/\/secure.gravatar.com\/avatar\/4978c5bb7295400e15bebf9881bc4db7866592bc59ffa2f62511214a10f68804?s=96&d=mm&r=g","caption":"Alban Lavy"},"sameAs":["http:\/\/bale.ch\/administration\/zeitung\/albanlavy\/"],"url":"https:\/\/bale.ch\/journal\/author\/lavy\/"}]}},"_links":{"self":[{"href":"https:\/\/bale.ch\/journal\/wp-json\/wp\/v2\/posts\/2667","targetHints":{"allow":["GET"]}}],"collection":[{"href":"https:\/\/bale.ch\/journal\/wp-json\/wp\/v2\/posts"}],"about":[{"href":"https:\/\/bale.ch\/journal\/wp-json\/wp\/v2\/types\/post"}],"author":[{"embeddable":true,"href":"https:\/\/bale.ch\/journal\/wp-json\/wp\/v2\/users\/3"}],"replies":[{"embeddable":true,"href":"https:\/\/bale.ch\/journal\/wp-json\/wp\/v2\/comments?post=2667"}],"version-history":[{"count":20,"href":"https:\/\/bale.ch\/journal\/wp-json\/wp\/v2\/posts\/2667\/revisions"}],"predecessor-version":[{"id":3280,"href":"https:\/\/bale.ch\/journal\/wp-json\/wp\/v2\/posts\/2667\/revisions\/3280"}],"wp:featuredmedia":[{"embeddable":true,"href":"https:\/\/bale.ch\/journal\/wp-json\/wp\/v2\/media\/2671"}],"wp:attachment":[{"href":"https:\/\/bale.ch\/journal\/wp-json\/wp\/v2\/media?parent=2667"}],"wp:term":[{"taxonomy":"category","embeddable":true,"href":"https:\/\/bale.ch\/journal\/wp-json\/wp\/v2\/categories?post=2667"},{"taxonomy":"post_tag","embeddable":true,"href":"https:\/\/bale.ch\/journal\/wp-json\/wp\/v2\/tags?post=2667"}],"curies":[{"name":"wp","href":"https:\/\/api.w.org\/{rel}","templated":true}]}}