{"id":2700,"date":"2020-02-12T03:35:20","date_gmt":"2020-02-12T03:35:20","guid":{"rendered":"http:\/\/bale.ch\/journal\/?p=2700"},"modified":"2020-04-12T14:49:23","modified_gmt":"2020-04-12T14:49:23","slug":"tesla-deforestation-berlin-gigafactory","status":"publish","type":"post","link":"https:\/\/bale.ch\/journal\/tesla-deforestation-berlin-gigafactory\/","title":{"rendered":"Tesla veut abattre 150 hectares de for\u00eat pr\u00e8s de Berlin pour sa Gigafactory"},"content":{"rendered":"\n<figure class=\"wp-block-image size-large is-resized\"><img loading=\"lazy\" decoding=\"async\" src=\"https:\/\/bale.ch\/journal\/wp-content\/uploads\/2020\/04\/cropped-gazette_de_berlin.png\" alt=\"\" class=\"wp-image-2916\" width=\"94\" height=\"43\" srcset=\"https:\/\/bale.ch\/journal\/wp-content\/uploads\/2020\/04\/cropped-gazette_de_berlin.png 372w, https:\/\/bale.ch\/journal\/wp-content\/uploads\/2020\/04\/cropped-gazette_de_berlin-300x138.png 300w\" sizes=\"auto, (max-width: 94px) 100vw, 94px\" \/><\/figure>\n\n\n\n<p class=\"wp-block-paragraph\"><strong>\u00c0 Gr\u00fcnheide, pr\u00e8s de Berlin, le constructeur \u00e9tasunien de voitures \u00e9lectriques Tesla h\u00e2te les pr\u00e9paratifs qui pourraient permettre la construction de sa premi\u00e8re super-usine europ\u00e9enne.<\/strong><\/p>\n\n\n\n<p class=\"wp-block-paragraph\">Tesla a choisi la r\u00e9gion Berlinoise, <em>\u00ab\u00a0pr\u00e8s du nouvel a\u00e9roport\u00a0\u00bb<\/em>, pour implanter sa fabrique g\u00e9ante, mais aussi un centre de conception et d\u2019ing\u00e9nierie. Tout cela devrait \u00eatre op\u00e9rationnel \u00e0 la fin de l\u2019ann\u00e9e 2021 avec comme objectif, dans un premier temps, de construire jusqu&rsquo;\u00e0 150&rsquo;000 voitures \u00e9lectriques par an.<\/p>\n\n\n\n<p class=\"wp-block-paragraph\">Mais c&rsquo;est sans compter diff\u00e9rents probl\u00e8mes majeurs, en premier lieu le financement, qui est en cours de n\u00e9gociation. D&rsquo;autre part, le processus d&rsquo;approbation, qui inclut l&rsquo;\u00e9valuation d&rsquo;impact sur l&rsquo;environnement, n&rsquo;est pas encore acquis.&nbsp;Ensuite, le Gouvernement et l&rsquo;\u00c9tat vont \u00e9tudier les oppositions \u00e9manent des municipalit\u00e9s, des voisins et des associations environnementales. Un grave probl\u00e8me d&rsquo;approvisionnement en eau potable pour les habitants du territoire y est soulev\u00e9.<\/p><div id=\"crieu-4200442595\" class=\"crieu-content crieu-entity-placement\"><script async src=\"\/\/pagead2.googlesyndication.com\/pagead\/js\/adsbygoogle.js?client=ca-pub-5271584769416742\" crossorigin=\"anonymous\"><\/script><ins class=\"adsbygoogle\" style=\"display:block;\" data-ad-client=\"ca-pub-5271584769416742\" \ndata-ad-slot=\"9321250718\" \ndata-ad-format=\"auto\"><\/ins>\n<script> \n(adsbygoogle = window.adsbygoogle || []).push({}); \n<\/script>\n<\/div>\n\n\n\n<p class=\"wp-block-paragraph\">Les conditions de \u00ab\u00a0d\u00e9veloppement durable\u00a0\u00bb vont \u00eatre analys\u00e9es par le minist\u00e8re de l&rsquo;\u00c9conomie avant que ce dernier ne donne son feu vert. <em>\u00ab\u00a0Le dossier de demande d\u2019autorisation doit \u00e9tablir de mani\u00e8re convaincante que toutes les normes environnementales seront respect\u00e9es\u00a0\u00bb<\/em>, a d\u00e9clar\u00e9 le ministre en charge du dossier. Tesla devra notamment r\u00e9pondre \u00e0 des crit\u00e8res \u00ab\u00a0<em>de durabilit\u00e9s et de performance de ses produits, notamment pour les batteries.\u00a0\u00bb<\/em><\/p>\n\n\n\n<p class=\"wp-block-paragraph\">Pour les militants \u00e9cologistes, tr\u00e8s remont\u00e9s, difficile de parler de projet durable alors qu&rsquo;entre 150 et 300 hectares de for\u00eat doivent \u00eatre d\u00e9truits, dont nonante hectares dans un premier temps &#8211; les machines sont d\u00e9j\u00e0 sur place, pr\u00eates \u00e0 faire tomber les arbres.<\/p>\n\n\n\n<p class=\"wp-block-paragraph\">La majeure partie du terrain acquis par Tesla est recouvert d&rsquo;une for\u00eat dense et riche en faune et flore, abritant plusieurs dizaines d\u2019esp\u00e8ces prot\u00e9g\u00e9es, dont certaines en voie de disparition. Une partie de ces parcelles se trouvent en zone naturelle.<\/p>\n\n\n\n<h3 class=\"wp-block-heading\">L&rsquo;eau potable, un probl\u00e8me majeur<\/h3>\n\n\n\n<p class=\"wp-block-paragraph\">L&rsquo;une des principales critiques, c&rsquo;est l&rsquo;\u00e9norme consommation d&rsquo;eau de la future usine Tesla: selon sa propre demande, elle aura besoin de 372 m\u00e8tres cubes d&rsquo;eau par heure, pris sur le r\u00e9seau d&rsquo;eau potable local. Pour le syndicat des Eaux de Strausberg-Erkner, ce volume d&rsquo;eau pourrait r\u00e9pondre <em>\u00ab\u00a0aux besoins en eau d&rsquo;une ville d&rsquo;environ 71&rsquo;500 habitants\u00a0\u00bb<\/em>.  <\/p>\n\n\n\n<p class=\"wp-block-paragraph\">Ces deux derni\u00e8res ann\u00e9es, les pr\u00e9cipitations se sont faites rares en Allemagne. L&rsquo;eau a manqu\u00e9 au point que certaines municipalit\u00e9s allemandes ont d\u00fb distribuer de l&rsquo;eau embouteill\u00e9e puis commander des camions-citernes pour les besoins quotidiens des habitants. Les for\u00eats ont souffert \u00e0 cause de la s\u00e9cheresse.&nbsp;Dans la r\u00e9gion, outre les interdictions d&rsquo;arroser faites aux propri\u00e9taires de jardins, il a \u00e9t\u00e9 d\u00e9cid\u00e9 qu&rsquo;\u00e0 moyen terme de nouvelles usines ne pourraient plus s&rsquo;y implanter.&nbsp;<em>\u00ab\u00a0Jusqu&rsquo;\u00e0 pr\u00e9sent, nous avons r\u00e9ussi \u00e0 garantir l&rsquo;approvisionnement en eau, mais nous sommes \u00e0 notre limite de capacit\u00e9\u00a0\u00bb<\/em>, a expliqu\u00e9 le syndicat des Eaux \u00e0 la <em>Berliner Zeitung<\/em>. En outre, <em>\u00ab\u00a0la population augmenterais de mani\u00e8re significative si l&rsquo;usine devais s&rsquo;installer, et \u00e0 l&rsquo;heure actuelle, ni l&rsquo;approvisionnement en eau potable ni l&rsquo;\u00e9vacuation des eaux us\u00e9es ne peuvent \u00eatre garantis \u00e0 court terme\u00a0\u00bb<\/em>, or Tesla souhaite d\u00e9marrer son activit\u00e9 au plus vite.<\/p>\n\n\n\n<p class=\"wp-block-paragraph\">Le militant \u00e9cologiste Steffen Schorcht constate <em>\u00ab\u00a0des omissions manifestes de la part du gouvernement r\u00e9gional sur deux points: dans la prise en compte du probl\u00e8me de l\u2019eau et dans la concertation avec les habitants\u00a0\u00bb.<\/em><\/p>\n\n\n\n<blockquote class=\"wp-block-quote has-text-align-left is-layout-flow wp-block-quote-is-layout-flow\"><p>Au-del\u00e0 de la probl\u00e9matique locale qui concerne l&rsquo;implantation d&rsquo;une m\u00e9ga-usine avec tout ce que cela implique, c&rsquo;est le mod\u00e8le de soci\u00e9t\u00e9 capitaliste-<a rel=\"noreferrer noopener\" aria-label=\"extractiviste (s\u2019ouvre dans un nouvel onglet)\" href=\"https:\/\/fr.wikipedia.org\/wiki\/Extractivisme\" target=\"_blank\"><strong>extractiviste<\/strong><\/a> qui pose question: <em>\u00ab\u00a0une Tesla de deux tonnes pour une seule personne, sur quelques kilom\u00e8tres, cela n&rsquo;a aucun sens\u00a0\u00bb<\/em>, a d\u00e9clar\u00e9 au quotidien <em>La Libert\u00e9<\/em> Silas Hobi, directeur de l\u2019association b\u00e2loise <em>Actif-trafic<\/em> qui demande la division du volume de trafic motoris\u00e9 par deux.<\/p><p>En effet, on oublie trop souvent dans le bilan \u00e9cologique et \u00e9nerg\u00e9tique la quantit\u00e9 de mati\u00e8re d\u00e9plac\u00e9e par l&rsquo;exploitation de mines, n\u00e9cessaire \u00e0 la fabrication des batteries de voitures \u00e9lectriques, l&rsquo;accaparation de terres et leur destruction d\u00e9finitive, la pollution durable des eaux et les cons\u00e9quences que cela engendre sur de vastes territoires pour les populations qui y vivent.<\/p><cite>ES<\/cite><\/blockquote>\n<div id=\"crieu-3832703780\" class=\"crieu-apres-le-contenu crieu-entity-placement\" style=\"margin-left: auto;margin-right: auto;text-align: center;\"><script async src=\"\/\/pagead2.googlesyndication.com\/pagead\/js\/adsbygoogle.js?client=ca-pub-5271584769416742\" crossorigin=\"anonymous\"><\/script><ins class=\"adsbygoogle\" style=\"display:block;\" data-ad-client=\"ca-pub-5271584769416742\" \ndata-ad-slot=\"9321250718\" \ndata-ad-format=\"auto\"><\/ins>\n<script> \n(adsbygoogle = window.adsbygoogle || []).push({}); \n<\/script>\n<\/div>","protected":false},"excerpt":{"rendered":"<p>\u00c0 Gr\u00fcnheide, pr\u00e8s de Berlin, le constructeur \u00e9tasunien de voitures \u00e9lectriques Tesla h\u00e2te les pr\u00e9paratifs qui pourraient permettre la construction de sa premi\u00e8re super-usine europ\u00e9enne. Tesla a choisi la r\u00e9gion <a href=\"https:\/\/bale.ch\/journal\/tesla-deforestation-berlin-gigafactory\/\" class=\"read-more button-fancy -red\"><span class=\"btn-arrow\"><\/span><span class=\"twp-read-more text\">Continuer la lecture<\/span><\/a><\/p>\n","protected":false},"author":43,"featured_media":2708,"comment_status":"closed","ping_status":"closed","sticky":false,"template":"","format":"standard","meta":{"footnotes":""},"categories":[103,143,9],"tags":[199,47,140,200,35],"class_list":["post-2700","post","type-post","status-publish","format-standard","has-post-thumbnail","hentry","category-actu","category-ecologie","category-monde","tag-allemagne","tag-berlin","tag-environnement","tag-tesla","tag-transports"],"yoast_head":"<!-- This site is optimized with the Yoast SEO plugin v28.3 - https:\/\/yoast.com\/product\/yoast-seo-wordpress\/ -->\n<title>Tesla veut abattre 150 hectares de for\u00eat pr\u00e8s de Berlin pour sa Gigafactory - Journal de B\u00e2le et Gen\u00e8ve<\/title>\n<meta name=\"robots\" content=\"index, follow, max-snippet:-1, max-image-preview:large, max-video-preview:-1\" \/>\n<link rel=\"canonical\" href=\"https:\/\/bale.ch\/journal\/tesla-deforestation-berlin-gigafactory\/\" \/>\n<meta property=\"og:locale\" content=\"fr_FR\" \/>\n<meta property=\"og:type\" content=\"article\" \/>\n<meta property=\"og:title\" content=\"Tesla veut abattre 150 hectares de for\u00eat pr\u00e8s de Berlin pour sa Gigafactory - Journal de B\u00e2le et Gen\u00e8ve\" \/>\n<meta property=\"og:description\" content=\"\u00c0 Gr\u00fcnheide, pr\u00e8s de Berlin, le constructeur \u00e9tasunien de voitures \u00e9lectriques Tesla h\u00e2te les pr\u00e9paratifs qui pourraient permettre la construction de sa premi\u00e8re super-usine europ\u00e9enne. Tesla a choisi la r\u00e9gion Continuer la lecture\" \/>\n<meta property=\"og:url\" content=\"https:\/\/bale.ch\/journal\/tesla-deforestation-berlin-gigafactory\/\" \/>\n<meta property=\"og:site_name\" content=\"Journal de B\u00e2le et Gen\u00e8ve\" \/>\n<meta property=\"article:published_time\" content=\"2020-02-12T03:35:20+00:00\" \/>\n<meta property=\"article:modified_time\" content=\"2020-04-12T14:49:23+00:00\" \/>\n<meta property=\"og:image\" content=\"https:\/\/bale.ch\/journal\/wp-content\/uploads\/2020\/02\/berlin_tesla_deforestation.jpg\" \/>\n\t<meta property=\"og:image:width\" content=\"900\" \/>\n\t<meta property=\"og:image:height\" content=\"484\" \/>\n\t<meta property=\"og:image:type\" content=\"image\/jpeg\" \/>\n<meta name=\"author\" content=\"Elodie Silva\" \/>\n<meta name=\"twitter:card\" content=\"summary_large_image\" \/>\n<meta name=\"twitter:label1\" content=\"\u00c9crit par\" \/>\n\t<meta name=\"twitter:data1\" content=\"Elodie Silva\" \/>\n\t<meta name=\"twitter:label2\" content=\"Dur\u00e9e de lecture estim\u00e9e\" \/>\n\t<meta name=\"twitter:data2\" content=\"4 minutes\" \/>\n<script type=\"application\/ld+json\" class=\"yoast-schema-graph\">{\"@context\":\"https:\\\/\\\/schema.org\",\"@graph\":[{\"@type\":\"Article\",\"@id\":\"https:\\\/\\\/bale.ch\\\/journal\\\/tesla-deforestation-berlin-gigafactory\\\/#article\",\"isPartOf\":{\"@id\":\"https:\\\/\\\/bale.ch\\\/journal\\\/tesla-deforestation-berlin-gigafactory\\\/\"},\"author\":{\"name\":\"Elodie Silva\",\"@id\":\"https:\\\/\\\/bale.ch\\\/journal\\\/#\\\/schema\\\/person\\\/e3e5eeffae523f19b12d7057ced45a2b\"},\"headline\":\"Tesla veut abattre 150 hectares de for\u00eat pr\u00e8s de Berlin pour sa Gigafactory\",\"datePublished\":\"2020-02-12T03:35:20+00:00\",\"dateModified\":\"2020-04-12T14:49:23+00:00\",\"mainEntityOfPage\":{\"@id\":\"https:\\\/\\\/bale.ch\\\/journal\\\/tesla-deforestation-berlin-gigafactory\\\/\"},\"wordCount\":767,\"publisher\":{\"@id\":\"https:\\\/\\\/bale.ch\\\/journal\\\/#organization\"},\"image\":{\"@id\":\"https:\\\/\\\/bale.ch\\\/journal\\\/tesla-deforestation-berlin-gigafactory\\\/#primaryimage\"},\"thumbnailUrl\":\"https:\\\/\\\/bale.ch\\\/journal\\\/wp-content\\\/uploads\\\/2020\\\/02\\\/berlin_tesla_deforestation.jpg\",\"keywords\":[\"Allemagne\",\"Berlin\",\"Environnement\",\"Tesla\",\"Transports\"],\"articleSection\":[\"Actualit\u00e9s\",\"Ecologie\",\"Monde\"],\"inLanguage\":\"fr-FR\"},{\"@type\":\"WebPage\",\"@id\":\"https:\\\/\\\/bale.ch\\\/journal\\\/tesla-deforestation-berlin-gigafactory\\\/\",\"url\":\"https:\\\/\\\/bale.ch\\\/journal\\\/tesla-deforestation-berlin-gigafactory\\\/\",\"name\":\"Tesla veut abattre 150 hectares de for\u00eat pr\u00e8s de Berlin pour sa Gigafactory - Journal de B\u00e2le et Gen\u00e8ve\",\"isPartOf\":{\"@id\":\"https:\\\/\\\/bale.ch\\\/journal\\\/#website\"},\"primaryImageOfPage\":{\"@id\":\"https:\\\/\\\/bale.ch\\\/journal\\\/tesla-deforestation-berlin-gigafactory\\\/#primaryimage\"},\"image\":{\"@id\":\"https:\\\/\\\/bale.ch\\\/journal\\\/tesla-deforestation-berlin-gigafactory\\\/#primaryimage\"},\"thumbnailUrl\":\"https:\\\/\\\/bale.ch\\\/journal\\\/wp-content\\\/uploads\\\/2020\\\/02\\\/berlin_tesla_deforestation.jpg\",\"datePublished\":\"2020-02-12T03:35:20+00:00\",\"dateModified\":\"2020-04-12T14:49:23+00:00\",\"breadcrumb\":{\"@id\":\"https:\\\/\\\/bale.ch\\\/journal\\\/tesla-deforestation-berlin-gigafactory\\\/#breadcrumb\"},\"inLanguage\":\"fr-FR\",\"potentialAction\":[{\"@type\":\"ReadAction\",\"target\":[\"https:\\\/\\\/bale.ch\\\/journal\\\/tesla-deforestation-berlin-gigafactory\\\/\"]}]},{\"@type\":\"ImageObject\",\"inLanguage\":\"fr-FR\",\"@id\":\"https:\\\/\\\/bale.ch\\\/journal\\\/tesla-deforestation-berlin-gigafactory\\\/#primaryimage\",\"url\":\"https:\\\/\\\/bale.ch\\\/journal\\\/wp-content\\\/uploads\\\/2020\\\/02\\\/berlin_tesla_deforestation.jpg\",\"contentUrl\":\"https:\\\/\\\/bale.ch\\\/journal\\\/wp-content\\\/uploads\\\/2020\\\/02\\\/berlin_tesla_deforestation.jpg\",\"width\":900,\"height\":484},{\"@type\":\"BreadcrumbList\",\"@id\":\"https:\\\/\\\/bale.ch\\\/journal\\\/tesla-deforestation-berlin-gigafactory\\\/#breadcrumb\",\"itemListElement\":[{\"@type\":\"ListItem\",\"position\":1,\"name\":\"Accueil\",\"item\":\"https:\\\/\\\/bale.ch\\\/journal\\\/\"},{\"@type\":\"ListItem\",\"position\":2,\"name\":\"Tesla veut abattre 150 hectares de for\u00eat pr\u00e8s de Berlin pour sa Gigafactory\"}]},{\"@type\":\"WebSite\",\"@id\":\"https:\\\/\\\/bale.ch\\\/journal\\\/#website\",\"url\":\"https:\\\/\\\/bale.ch\\\/journal\\\/\",\"name\":\"Journal de B\u00e2le et Gen\u00e8ve\",\"description\":\"M\u00e9dia transfrontalier d&#039;actualit\u00e9s - News\",\"publisher\":{\"@id\":\"https:\\\/\\\/bale.ch\\\/journal\\\/#organization\"},\"potentialAction\":[{\"@type\":\"SearchAction\",\"target\":{\"@type\":\"EntryPoint\",\"urlTemplate\":\"https:\\\/\\\/bale.ch\\\/journal\\\/?s={search_term_string}\"},\"query-input\":{\"@type\":\"PropertyValueSpecification\",\"valueRequired\":true,\"valueName\":\"search_term_string\"}}],\"inLanguage\":\"fr-FR\"},{\"@type\":\"Organization\",\"@id\":\"https:\\\/\\\/bale.ch\\\/journal\\\/#organization\",\"name\":\"Journal de B\u00e2le et Gen\u00e8ve\",\"url\":\"https:\\\/\\\/bale.ch\\\/journal\\\/\",\"logo\":{\"@type\":\"ImageObject\",\"inLanguage\":\"fr-FR\",\"@id\":\"https:\\\/\\\/bale.ch\\\/journal\\\/#\\\/schema\\\/logo\\\/image\\\/\",\"url\":\"https:\\\/\\\/bale.ch\\\/journal\\\/wp-content\\\/uploads\\\/2023\\\/07\\\/journaldebale_logo_2023_nb.png\",\"contentUrl\":\"https:\\\/\\\/bale.ch\\\/journal\\\/wp-content\\\/uploads\\\/2023\\\/07\\\/journaldebale_logo_2023_nb.png\",\"width\":371,\"height\":127,\"caption\":\"Journal de B\u00e2le et Gen\u00e8ve\"},\"image\":{\"@id\":\"https:\\\/\\\/bale.ch\\\/journal\\\/#\\\/schema\\\/logo\\\/image\\\/\"}},{\"@type\":\"Person\",\"@id\":\"https:\\\/\\\/bale.ch\\\/journal\\\/#\\\/schema\\\/person\\\/e3e5eeffae523f19b12d7057ced45a2b\",\"name\":\"Elodie Silva\",\"image\":{\"@type\":\"ImageObject\",\"inLanguage\":\"fr-FR\",\"@id\":\"https:\\\/\\\/secure.gravatar.com\\\/avatar\\\/f76593021159ecd3226293e7c461386bfd009157e6c549bc9b418d0a2db47041?s=96&d=mm&r=g\",\"url\":\"https:\\\/\\\/secure.gravatar.com\\\/avatar\\\/f76593021159ecd3226293e7c461386bfd009157e6c549bc9b418d0a2db47041?s=96&d=mm&r=g\",\"contentUrl\":\"https:\\\/\\\/secure.gravatar.com\\\/avatar\\\/f76593021159ecd3226293e7c461386bfd009157e6c549bc9b418d0a2db47041?s=96&d=mm&r=g\",\"caption\":\"Elodie Silva\"},\"url\":\"https:\\\/\\\/bale.ch\\\/journal\\\/author\\\/elodiesilva\\\/\"}]}<\/script>\n<!-- \/ Yoast SEO plugin. -->","yoast_head_json":{"title":"Tesla veut abattre 150 hectares de for\u00eat pr\u00e8s de Berlin pour sa Gigafactory - Journal de B\u00e2le et Gen\u00e8ve","robots":{"index":"index","follow":"follow","max-snippet":"max-snippet:-1","max-image-preview":"max-image-preview:large","max-video-preview":"max-video-preview:-1"},"canonical":"https:\/\/bale.ch\/journal\/tesla-deforestation-berlin-gigafactory\/","og_locale":"fr_FR","og_type":"article","og_title":"Tesla veut abattre 150 hectares de for\u00eat pr\u00e8s de Berlin pour sa Gigafactory - Journal de B\u00e2le et Gen\u00e8ve","og_description":"\u00c0 Gr\u00fcnheide, pr\u00e8s de Berlin, le constructeur \u00e9tasunien de voitures \u00e9lectriques Tesla h\u00e2te les pr\u00e9paratifs qui pourraient permettre la construction de sa premi\u00e8re super-usine europ\u00e9enne. Tesla a choisi la r\u00e9gion Continuer la lecture","og_url":"https:\/\/bale.ch\/journal\/tesla-deforestation-berlin-gigafactory\/","og_site_name":"Journal de B\u00e2le et Gen\u00e8ve","article_published_time":"2020-02-12T03:35:20+00:00","article_modified_time":"2020-04-12T14:49:23+00:00","og_image":[{"width":900,"height":484,"url":"https:\/\/bale.ch\/journal\/wp-content\/uploads\/2020\/02\/berlin_tesla_deforestation.jpg","type":"image\/jpeg"}],"author":"Elodie Silva","twitter_card":"summary_large_image","twitter_misc":{"\u00c9crit par":"Elodie Silva","Dur\u00e9e de lecture estim\u00e9e":"4 minutes"},"schema":{"@context":"https:\/\/schema.org","@graph":[{"@type":"Article","@id":"https:\/\/bale.ch\/journal\/tesla-deforestation-berlin-gigafactory\/#article","isPartOf":{"@id":"https:\/\/bale.ch\/journal\/tesla-deforestation-berlin-gigafactory\/"},"author":{"name":"Elodie Silva","@id":"https:\/\/bale.ch\/journal\/#\/schema\/person\/e3e5eeffae523f19b12d7057ced45a2b"},"headline":"Tesla veut abattre 150 hectares de for\u00eat pr\u00e8s de Berlin pour sa Gigafactory","datePublished":"2020-02-12T03:35:20+00:00","dateModified":"2020-04-12T14:49:23+00:00","mainEntityOfPage":{"@id":"https:\/\/bale.ch\/journal\/tesla-deforestation-berlin-gigafactory\/"},"wordCount":767,"publisher":{"@id":"https:\/\/bale.ch\/journal\/#organization"},"image":{"@id":"https:\/\/bale.ch\/journal\/tesla-deforestation-berlin-gigafactory\/#primaryimage"},"thumbnailUrl":"https:\/\/bale.ch\/journal\/wp-content\/uploads\/2020\/02\/berlin_tesla_deforestation.jpg","keywords":["Allemagne","Berlin","Environnement","Tesla","Transports"],"articleSection":["Actualit\u00e9s","Ecologie","Monde"],"inLanguage":"fr-FR"},{"@type":"WebPage","@id":"https:\/\/bale.ch\/journal\/tesla-deforestation-berlin-gigafactory\/","url":"https:\/\/bale.ch\/journal\/tesla-deforestation-berlin-gigafactory\/","name":"Tesla veut abattre 150 hectares de for\u00eat pr\u00e8s de Berlin pour sa Gigafactory - Journal de B\u00e2le et Gen\u00e8ve","isPartOf":{"@id":"https:\/\/bale.ch\/journal\/#website"},"primaryImageOfPage":{"@id":"https:\/\/bale.ch\/journal\/tesla-deforestation-berlin-gigafactory\/#primaryimage"},"image":{"@id":"https:\/\/bale.ch\/journal\/tesla-deforestation-berlin-gigafactory\/#primaryimage"},"thumbnailUrl":"https:\/\/bale.ch\/journal\/wp-content\/uploads\/2020\/02\/berlin_tesla_deforestation.jpg","datePublished":"2020-02-12T03:35:20+00:00","dateModified":"2020-04-12T14:49:23+00:00","breadcrumb":{"@id":"https:\/\/bale.ch\/journal\/tesla-deforestation-berlin-gigafactory\/#breadcrumb"},"inLanguage":"fr-FR","potentialAction":[{"@type":"ReadAction","target":["https:\/\/bale.ch\/journal\/tesla-deforestation-berlin-gigafactory\/"]}]},{"@type":"ImageObject","inLanguage":"fr-FR","@id":"https:\/\/bale.ch\/journal\/tesla-deforestation-berlin-gigafactory\/#primaryimage","url":"https:\/\/bale.ch\/journal\/wp-content\/uploads\/2020\/02\/berlin_tesla_deforestation.jpg","contentUrl":"https:\/\/bale.ch\/journal\/wp-content\/uploads\/2020\/02\/berlin_tesla_deforestation.jpg","width":900,"height":484},{"@type":"BreadcrumbList","@id":"https:\/\/bale.ch\/journal\/tesla-deforestation-berlin-gigafactory\/#breadcrumb","itemListElement":[{"@type":"ListItem","position":1,"name":"Accueil","item":"https:\/\/bale.ch\/journal\/"},{"@type":"ListItem","position":2,"name":"Tesla veut abattre 150 hectares de for\u00eat pr\u00e8s de Berlin pour sa Gigafactory"}]},{"@type":"WebSite","@id":"https:\/\/bale.ch\/journal\/#website","url":"https:\/\/bale.ch\/journal\/","name":"Journal de B\u00e2le et Gen\u00e8ve","description":"M\u00e9dia transfrontalier d&#039;actualit\u00e9s - News","publisher":{"@id":"https:\/\/bale.ch\/journal\/#organization"},"potentialAction":[{"@type":"SearchAction","target":{"@type":"EntryPoint","urlTemplate":"https:\/\/bale.ch\/journal\/?s={search_term_string}"},"query-input":{"@type":"PropertyValueSpecification","valueRequired":true,"valueName":"search_term_string"}}],"inLanguage":"fr-FR"},{"@type":"Organization","@id":"https:\/\/bale.ch\/journal\/#organization","name":"Journal de B\u00e2le et Gen\u00e8ve","url":"https:\/\/bale.ch\/journal\/","logo":{"@type":"ImageObject","inLanguage":"fr-FR","@id":"https:\/\/bale.ch\/journal\/#\/schema\/logo\/image\/","url":"https:\/\/bale.ch\/journal\/wp-content\/uploads\/2023\/07\/journaldebale_logo_2023_nb.png","contentUrl":"https:\/\/bale.ch\/journal\/wp-content\/uploads\/2023\/07\/journaldebale_logo_2023_nb.png","width":371,"height":127,"caption":"Journal de B\u00e2le et Gen\u00e8ve"},"image":{"@id":"https:\/\/bale.ch\/journal\/#\/schema\/logo\/image\/"}},{"@type":"Person","@id":"https:\/\/bale.ch\/journal\/#\/schema\/person\/e3e5eeffae523f19b12d7057ced45a2b","name":"Elodie Silva","image":{"@type":"ImageObject","inLanguage":"fr-FR","@id":"https:\/\/secure.gravatar.com\/avatar\/f76593021159ecd3226293e7c461386bfd009157e6c549bc9b418d0a2db47041?s=96&d=mm&r=g","url":"https:\/\/secure.gravatar.com\/avatar\/f76593021159ecd3226293e7c461386bfd009157e6c549bc9b418d0a2db47041?s=96&d=mm&r=g","contentUrl":"https:\/\/secure.gravatar.com\/avatar\/f76593021159ecd3226293e7c461386bfd009157e6c549bc9b418d0a2db47041?s=96&d=mm&r=g","caption":"Elodie Silva"},"url":"https:\/\/bale.ch\/journal\/author\/elodiesilva\/"}]}},"_links":{"self":[{"href":"https:\/\/bale.ch\/journal\/wp-json\/wp\/v2\/posts\/2700","targetHints":{"allow":["GET"]}}],"collection":[{"href":"https:\/\/bale.ch\/journal\/wp-json\/wp\/v2\/posts"}],"about":[{"href":"https:\/\/bale.ch\/journal\/wp-json\/wp\/v2\/types\/post"}],"author":[{"embeddable":true,"href":"https:\/\/bale.ch\/journal\/wp-json\/wp\/v2\/users\/43"}],"replies":[{"embeddable":true,"href":"https:\/\/bale.ch\/journal\/wp-json\/wp\/v2\/comments?post=2700"}],"version-history":[{"count":16,"href":"https:\/\/bale.ch\/journal\/wp-json\/wp\/v2\/posts\/2700\/revisions"}],"predecessor-version":[{"id":2917,"href":"https:\/\/bale.ch\/journal\/wp-json\/wp\/v2\/posts\/2700\/revisions\/2917"}],"wp:featuredmedia":[{"embeddable":true,"href":"https:\/\/bale.ch\/journal\/wp-json\/wp\/v2\/media\/2708"}],"wp:attachment":[{"href":"https:\/\/bale.ch\/journal\/wp-json\/wp\/v2\/media?parent=2700"}],"wp:term":[{"taxonomy":"category","embeddable":true,"href":"https:\/\/bale.ch\/journal\/wp-json\/wp\/v2\/categories?post=2700"},{"taxonomy":"post_tag","embeddable":true,"href":"https:\/\/bale.ch\/journal\/wp-json\/wp\/v2\/tags?post=2700"}],"curies":[{"name":"wp","href":"https:\/\/api.w.org\/{rel}","templated":true}]}}