{"id":278,"date":"2015-12-03T22:07:59","date_gmt":"2015-12-03T22:07:59","guid":{"rendered":"http:\/\/bale.ch\/journal\/?p=278"},"modified":"2015-12-04T09:33:40","modified_gmt":"2015-12-04T09:33:40","slug":"niels-ackermann-enfants-tchernobyl-nyon","status":"publish","type":"post","link":"https:\/\/bale.ch\/journal\/niels-ackermann-enfants-tchernobyl-nyon\/","title":{"rendered":"Niels Ackermann: les enfants de Tchernobyl sont devenus grands"},"content":{"rendered":"<p>La galerie Focale, ax\u00e9e sur la photographie documentaire, a souhait\u00e9 r\u00e9compenser le travail de Niels Ackermann. Ce photojournaliste genevois de 28 ans est le quatri\u00e8me laur\u00e9at du Prix Focale, compos\u00e9 d&rsquo;un soutien de production pour un projet d\u2019un montant de 5\u2019000 francs et d&rsquo;un espace d\u2019exposition sur la place du Ch\u00e2teau de Nyon.<\/p>\n<p>Niels Ackermann propose un travail d\u2019immersion de 3 ans \u00e0 Slavutych, la plus jeune ville d\u2019Ukraine, situ\u00e9e \u00e0 40 km du lieu de la catastrophe nucl\u00e9aire de Tchernobyl. Il a choisi un autre regard, celui port\u00e9 sur l\u2019avenir d\u2019une ville et d\u2019une jeunesse \u00e0 l\u2019avenir incertain.<\/p>\n<p>Le photographe explique dans sa note d\u2019intention: \u00ab<em>En 2016, le monde va comm\u00e9morer les trente ans de la catastrophe de Tchernobyl. Au lieu de rappeler les cons\u00e9quences d\u00e9j\u00e0 maintes fois vues de l\u2019accident, j\u2019ai choisi de me tourner vers l\u2019avenir en suivant trois ans la jeunesse de Slavutych: la ville la plus jeune d\u2019Ukraine, la ville n\u00e9e de cette catastrophe.<\/em>\u00bb<\/p><div id=\"crieu-1495053374\" class=\"crieu-content crieu-entity-placement\"><script async src=\"\/\/pagead2.googlesyndication.com\/pagead\/js\/adsbygoogle.js?client=ca-pub-5271584769416742\" crossorigin=\"anonymous\"><\/script><ins class=\"adsbygoogle\" style=\"display:block;\" data-ad-client=\"ca-pub-5271584769416742\" \ndata-ad-slot=\"9321250718\" \ndata-ad-format=\"auto\"><\/ins>\n<script> \n(adsbygoogle = window.adsbygoogle || []).push({}); \n<\/script>\n<\/div>\n<p><a href=\"https:\/\/bale.ch\/journal\/wp-content\/uploads\/2015\/11\/NAK_6499.jpg\"><img loading=\"lazy\" decoding=\"async\" class=\"wp-image-291 size-large\" src=\"https:\/\/bale.ch\/journal\/wp-content\/uploads\/2015\/11\/NAK_6499-1024x683.jpg\" alt=\"\u00a9 Niels Ackermann \/ Lundi13\" width=\"1024\" height=\"683\" srcset=\"https:\/\/bale.ch\/journal\/wp-content\/uploads\/2015\/11\/NAK_6499-1024x683.jpg 1024w, https:\/\/bale.ch\/journal\/wp-content\/uploads\/2015\/11\/NAK_6499-300x200.jpg 300w, https:\/\/bale.ch\/journal\/wp-content\/uploads\/2015\/11\/NAK_6499.jpg 1200w\" sizes=\"auto, (max-width: 1024px) 100vw, 1024px\" \/><\/a><br \/>\n<em> \u00a9 Niels Ackermann &#8211; Lundi 13<\/em><\/p>\n<p>Vivre au jour le jour. Niels Ackermann a suivi cette jeunesse insouciante qui se cherche et tente de s\u2019\u00e9manciper pour construire un futur serein et prosp\u00e8re. Le reportage est ax\u00e9 principalement sur la vie de Yulia. \u00ab<em>Yulia est une adolescente que j\u2019ai vu se transformer en une jeune adulte devant mon appareil. Au fil des mois, la jeune fille a troqu\u00e9 f\u00eates, conqu\u00eates d\u2019un soir et alcool contre un travail, des responsabilit\u00e9s et une vie de femme mari\u00e9e. Elle et ses amis mont laiss\u00e9 la suivre dans cette phase cruciale o\u00f9 l\u2019on d\u00e9cide ce que l\u2019on veut faire de sa vie, o\u00f9 et avec qui.<\/em>\u00bb<\/p>\n<p>Niels Ackermann explique que Slavutych se voulait l\u2019une des derni\u00e8res vitrines de la grandeur sovi\u00e9tique. Depuis que la centrale a cess\u00e9 de produire de l\u2019\u00e9lectricit\u00e9, en l\u2019an 2000, son avenir ne d\u00e9pend plus que du chantier du nouveau sarcophage qui s\u2019ach\u00e8vera en 2017 et des diff\u00e9rentes subventions que touche cette ville strat\u00e9gique mais aux perspectives tr\u00e8s limit\u00e9es.<\/p>\n<p><a href=\"https:\/\/bale.ch\/journal\/wp-content\/uploads\/2015\/12\/Capture-d\u2019e\u0301cran-2015-11-10-a\u0300-15.01.50.png\"><img loading=\"lazy\" decoding=\"async\" class=\"size-medium wp-image-299 alignleft\" src=\"https:\/\/bale.ch\/journal\/wp-content\/uploads\/2015\/12\/Capture-d\u2019e\u0301cran-2015-11-10-a\u0300-15.01.50-300x210.png\" alt=\"tchernobyl\" width=\"300\" height=\"210\" srcset=\"https:\/\/bale.ch\/journal\/wp-content\/uploads\/2015\/12\/Capture-d\u2019e\u0301cran-2015-11-10-a\u0300-15.01.50-300x210.png 300w, https:\/\/bale.ch\/journal\/wp-content\/uploads\/2015\/12\/Capture-d\u2019e\u0301cran-2015-11-10-a\u0300-15.01.50.png 691w\" sizes=\"auto, (max-width: 300px) 100vw, 300px\" \/><\/a>Un vernissage r\u00e9ussi, o\u00f9 il f\u00fbt difficile de voir les images tant le petit espace \u00e9tait bond\u00e9. Mais apr\u00e8s tout, cette proximit\u00e9 fait \u00e9cho \u00e0 ce regard d\u2019immersion que propose le photographe, dans l\u2019intimit\u00e9 de la vie de Yulia et ses amis, ses petits espaces de vie, on retrouve alors un peu de cet ailleurs, ici. Les images t\u00e9moignent avec sensibilit\u00e9 et sans trag\u00e9die de ce besoin d\u2019exister, elles sont empreintes \u00e0 la fois de tendresse, d\u2019humour, d\u2019ironie et d\u2019un certain d\u00e9calage. La lumi\u00e8re contraste et souligne des prises de vue tant\u00f4t de sc\u00e8ne d\u2019int\u00e9rieurs intimes, tant\u00f4t des sc\u00e8nes d\u2019ext\u00e9rieurs graphiques. On y d\u00e9couvre des images ou la nature tente de reprendre le pas autour d\u2019un panneau triangulaire rappelant les dangers radioactifs, une r\u00e9alit\u00e9 invisible qui ne peut s\u2019oublier. \u00ab<em>Ici, plus de gens meurent \u00e0 cause de la drogue et de l\u2019alcool qu\u2019\u00e0 cause de la radioactivit\u00e9<\/em>\u00bb m\u2019expliquait Kiril en pointant la tombe de son meilleur ami tomb\u00e9 d\u2019un balcon lors d\u2019une soir\u00e9e trop arros\u00e9e.<\/p>\n<p><a href=\"https:\/\/bale.ch\/journal\/wp-content\/uploads\/2015\/11\/IMG_1140.jpeg\"><img loading=\"lazy\" decoding=\"async\" class=\"wp-image-292 size-medium alignleft\" src=\"https:\/\/bale.ch\/journal\/wp-content\/uploads\/2015\/11\/IMG_1140-300x169.jpeg\" alt=\"Selin Ertan\" width=\"300\" height=\"169\" srcset=\"https:\/\/bale.ch\/journal\/wp-content\/uploads\/2015\/11\/IMG_1140-300x169.jpeg 300w, https:\/\/bale.ch\/journal\/wp-content\/uploads\/2015\/11\/IMG_1140-1024x575.jpeg 1024w, https:\/\/bale.ch\/journal\/wp-content\/uploads\/2015\/11\/IMG_1140-777x437.jpeg 777w, https:\/\/bale.ch\/journal\/wp-content\/uploads\/2015\/11\/IMG_1140-260x146.jpeg 260w, https:\/\/bale.ch\/journal\/wp-content\/uploads\/2015\/11\/IMG_1140-120x67.jpeg 120w, https:\/\/bale.ch\/journal\/wp-content\/uploads\/2015\/11\/IMG_1140.jpeg 1280w\" sizes=\"auto, (max-width: 300px) 100vw, 300px\" \/><\/a>Immersion \u00e9galement avec le choix d\u2019une sc\u00e9nographie intimiste gr\u00e2ce aux reproductions de tapisseries qui habillent deux pans de mur de la galerie. Peut-\u00eatre cristallisent-elles \u00e0 la fois la peur du vide d\u2019une jeunesse qui doit tout reconstruire et s\u2019impose comme symbole de transition d\u2019un pass\u00e9 encore lourd \u00e0 porter vers un futur plein d\u2019espoir. Et puis, il y a cette photographie, o\u00f9 la lumi\u00e8re \u00e9voque chaleur et explosion, celle d\u2019une jeunesse qui a soif de vie.<\/p>\n<p>L\u2019espace d\u2019exposition est \u00e0 d\u00e9couvrir. Un lieu sans fen\u00eatre, sans lumi\u00e8re du jour, une fois que l\u2019on descend ses quelques marches d\u2019acc\u00e8s, le monde ext\u00e9rieur n\u2019existe plus. Le temps s\u2019arr\u00eate et laisse place \u00e0 la d\u00e9couverte et aux dialogues des regards. N\u2019h\u00e9sitez pas \u00e0 visiter la librairie \u2013 situ\u00e9e \u00e0 c\u00f4t\u00e9 de la galerie \u2013 o\u00f9 vous aurez le plaisir de feuilleter de beaux ouvrages.<\/p>\n<p>Le livre du projet, \u00abL\u2019Ange Blanc\u00bb, sera publi\u00e9 en avril 2016 aux \u00e9ditions Noir Sur Blanc. Si vous souhaitez l\u2019acqu\u00e9rir, vous pouvez vous rendre sur le lien suivant: <a href=\"http:\/\/slavuty.ch\" target=\"_blank\">www.slavuty.ch<\/a><\/p>\n<p>&nbsp;<\/p>\n<p>Exposition du 08.11.2015 au 20.12.2015<\/p>\n<p>FOCALE galerie \u2013 librairie<\/p>\n<p>Place du Ch\u00e2teau 4, 1260 Nyon<br \/>\nt +41 22 361 09 66<\/p>\n<p>du mercredi au dimanche de 14h \u00e0 18h ouverts les jours f\u00e9ri\u00e9s.<\/p>\n<p>&nbsp;<\/p>\n<div id=\"crieu-3675276334\" class=\"crieu-apres-le-contenu crieu-entity-placement\" style=\"margin-left: auto;margin-right: auto;text-align: center;\"><script async src=\"\/\/pagead2.googlesyndication.com\/pagead\/js\/adsbygoogle.js?client=ca-pub-5271584769416742\" crossorigin=\"anonymous\"><\/script><ins class=\"adsbygoogle\" style=\"display:block;\" data-ad-client=\"ca-pub-5271584769416742\" \ndata-ad-slot=\"9321250718\" \ndata-ad-format=\"auto\"><\/ins>\n<script> \n(adsbygoogle = window.adsbygoogle || []).push({}); \n<\/script>\n<\/div>","protected":false},"excerpt":{"rendered":"<p>La galerie Focale, ax\u00e9e sur la photographie documentaire, a souhait\u00e9 r\u00e9compenser le travail de Niels Ackermann. Ce photojournaliste genevois de 28 ans est le quatri\u00e8me laur\u00e9at du Prix Focale, compos\u00e9 <a href=\"https:\/\/bale.ch\/journal\/niels-ackermann-enfants-tchernobyl-nyon\/\" class=\"read-more button-fancy -red\"><span class=\"btn-arrow\"><\/span><span class=\"twp-read-more text\">Continuer la lecture<\/span><\/a><\/p>\n","protected":false},"author":35,"featured_media":290,"comment_status":"closed","ping_status":"closed","sticky":false,"template":"","format":"standard","meta":{"footnotes":""},"categories":[4,18],"tags":[48,56,49],"class_list":["post-278","post","type-post","status-publish","format-standard","has-post-thumbnail","hentry","category-grand-geneve","category-sortir","tag-exposition","tag-nyon","tag-photographie"],"yoast_head":"<!-- This site is optimized with the Yoast SEO plugin v28.3 - https:\/\/yoast.com\/product\/yoast-seo-wordpress\/ -->\n<title>Niels Ackermann: les enfants de Tchernobyl sont devenus grands - Journal de B\u00e2le et Gen\u00e8ve<\/title>\n<meta name=\"robots\" content=\"index, follow, max-snippet:-1, max-image-preview:large, max-video-preview:-1\" \/>\n<link rel=\"canonical\" href=\"https:\/\/bale.ch\/journal\/niels-ackermann-enfants-tchernobyl-nyon\/\" \/>\n<meta property=\"og:locale\" content=\"fr_FR\" \/>\n<meta property=\"og:type\" content=\"article\" \/>\n<meta property=\"og:title\" content=\"Niels Ackermann: les enfants de Tchernobyl sont devenus grands - Journal de B\u00e2le et Gen\u00e8ve\" \/>\n<meta property=\"og:description\" content=\"La galerie Focale, ax\u00e9e sur la photographie documentaire, a souhait\u00e9 r\u00e9compenser le travail de Niels Ackermann. Ce photojournaliste genevois de 28 ans est le quatri\u00e8me laur\u00e9at du Prix Focale, compos\u00e9 Continuer la lecture\" \/>\n<meta property=\"og:url\" content=\"https:\/\/bale.ch\/journal\/niels-ackermann-enfants-tchernobyl-nyon\/\" \/>\n<meta property=\"og:site_name\" content=\"Journal de B\u00e2le et Gen\u00e8ve\" \/>\n<meta property=\"article:published_time\" content=\"2015-12-03T22:07:59+00:00\" \/>\n<meta property=\"article:modified_time\" content=\"2015-12-04T09:33:40+00:00\" \/>\n<meta property=\"og:image\" content=\"https:\/\/bale.ch\/journal\/wp-content\/uploads\/2015\/11\/NAK_4747.jpg\" \/>\n\t<meta property=\"og:image:width\" content=\"1200\" \/>\n\t<meta property=\"og:image:height\" content=\"800\" \/>\n\t<meta property=\"og:image:type\" content=\"image\/jpeg\" \/>\n<meta name=\"author\" content=\"Selin Ertan\" \/>\n<meta name=\"twitter:card\" content=\"summary_large_image\" \/>\n<meta name=\"twitter:label1\" content=\"\u00c9crit par\" \/>\n\t<meta name=\"twitter:data1\" content=\"Selin Ertan\" \/>\n\t<meta name=\"twitter:label2\" content=\"Dur\u00e9e de lecture estim\u00e9e\" \/>\n\t<meta name=\"twitter:data2\" content=\"4 minutes\" \/>\n<script type=\"application\/ld+json\" class=\"yoast-schema-graph\">{\"@context\":\"https:\\\/\\\/schema.org\",\"@graph\":[{\"@type\":\"Article\",\"@id\":\"https:\\\/\\\/bale.ch\\\/journal\\\/niels-ackermann-enfants-tchernobyl-nyon\\\/#article\",\"isPartOf\":{\"@id\":\"https:\\\/\\\/bale.ch\\\/journal\\\/niels-ackermann-enfants-tchernobyl-nyon\\\/\"},\"author\":{\"name\":\"Selin Ertan\",\"@id\":\"https:\\\/\\\/bale.ch\\\/journal\\\/#\\\/schema\\\/person\\\/8b00733494d33b25a558259b6f8b14a9\"},\"headline\":\"Niels Ackermann: les enfants de Tchernobyl sont devenus grands\",\"datePublished\":\"2015-12-03T22:07:59+00:00\",\"dateModified\":\"2015-12-04T09:33:40+00:00\",\"mainEntityOfPage\":{\"@id\":\"https:\\\/\\\/bale.ch\\\/journal\\\/niels-ackermann-enfants-tchernobyl-nyon\\\/\"},\"wordCount\":786,\"publisher\":{\"@id\":\"https:\\\/\\\/bale.ch\\\/journal\\\/#organization\"},\"image\":{\"@id\":\"https:\\\/\\\/bale.ch\\\/journal\\\/niels-ackermann-enfants-tchernobyl-nyon\\\/#primaryimage\"},\"thumbnailUrl\":\"https:\\\/\\\/bale.ch\\\/journal\\\/wp-content\\\/uploads\\\/2015\\\/11\\\/NAK_4747.jpg\",\"keywords\":[\"Exposition\",\"Nyon\",\"Photographie\"],\"articleSection\":[\"Grand Gen\u00e8ve\",\"Sortir\"],\"inLanguage\":\"fr-FR\"},{\"@type\":\"WebPage\",\"@id\":\"https:\\\/\\\/bale.ch\\\/journal\\\/niels-ackermann-enfants-tchernobyl-nyon\\\/\",\"url\":\"https:\\\/\\\/bale.ch\\\/journal\\\/niels-ackermann-enfants-tchernobyl-nyon\\\/\",\"name\":\"Niels Ackermann: les enfants de Tchernobyl sont devenus grands - Journal de B\u00e2le et Gen\u00e8ve\",\"isPartOf\":{\"@id\":\"https:\\\/\\\/bale.ch\\\/journal\\\/#website\"},\"primaryImageOfPage\":{\"@id\":\"https:\\\/\\\/bale.ch\\\/journal\\\/niels-ackermann-enfants-tchernobyl-nyon\\\/#primaryimage\"},\"image\":{\"@id\":\"https:\\\/\\\/bale.ch\\\/journal\\\/niels-ackermann-enfants-tchernobyl-nyon\\\/#primaryimage\"},\"thumbnailUrl\":\"https:\\\/\\\/bale.ch\\\/journal\\\/wp-content\\\/uploads\\\/2015\\\/11\\\/NAK_4747.jpg\",\"datePublished\":\"2015-12-03T22:07:59+00:00\",\"dateModified\":\"2015-12-04T09:33:40+00:00\",\"breadcrumb\":{\"@id\":\"https:\\\/\\\/bale.ch\\\/journal\\\/niels-ackermann-enfants-tchernobyl-nyon\\\/#breadcrumb\"},\"inLanguage\":\"fr-FR\",\"potentialAction\":[{\"@type\":\"ReadAction\",\"target\":[\"https:\\\/\\\/bale.ch\\\/journal\\\/niels-ackermann-enfants-tchernobyl-nyon\\\/\"]}]},{\"@type\":\"ImageObject\",\"inLanguage\":\"fr-FR\",\"@id\":\"https:\\\/\\\/bale.ch\\\/journal\\\/niels-ackermann-enfants-tchernobyl-nyon\\\/#primaryimage\",\"url\":\"https:\\\/\\\/bale.ch\\\/journal\\\/wp-content\\\/uploads\\\/2015\\\/11\\\/NAK_4747.jpg\",\"contentUrl\":\"https:\\\/\\\/bale.ch\\\/journal\\\/wp-content\\\/uploads\\\/2015\\\/11\\\/NAK_4747.jpg\",\"width\":1200,\"height\":800,\"caption\":\"\u00a9 Niels Ackermann \\\/ Lundi13\"},{\"@type\":\"BreadcrumbList\",\"@id\":\"https:\\\/\\\/bale.ch\\\/journal\\\/niels-ackermann-enfants-tchernobyl-nyon\\\/#breadcrumb\",\"itemListElement\":[{\"@type\":\"ListItem\",\"position\":1,\"name\":\"Accueil\",\"item\":\"https:\\\/\\\/bale.ch\\\/journal\\\/\"},{\"@type\":\"ListItem\",\"position\":2,\"name\":\"Niels Ackermann: les enfants de Tchernobyl sont devenus grands\"}]},{\"@type\":\"WebSite\",\"@id\":\"https:\\\/\\\/bale.ch\\\/journal\\\/#website\",\"url\":\"https:\\\/\\\/bale.ch\\\/journal\\\/\",\"name\":\"Journal de B\u00e2le et Gen\u00e8ve\",\"description\":\"M\u00e9dia transfrontalier d&#039;actualit\u00e9s - News\",\"publisher\":{\"@id\":\"https:\\\/\\\/bale.ch\\\/journal\\\/#organization\"},\"potentialAction\":[{\"@type\":\"SearchAction\",\"target\":{\"@type\":\"EntryPoint\",\"urlTemplate\":\"https:\\\/\\\/bale.ch\\\/journal\\\/?s={search_term_string}\"},\"query-input\":{\"@type\":\"PropertyValueSpecification\",\"valueRequired\":true,\"valueName\":\"search_term_string\"}}],\"inLanguage\":\"fr-FR\"},{\"@type\":\"Organization\",\"@id\":\"https:\\\/\\\/bale.ch\\\/journal\\\/#organization\",\"name\":\"Journal de B\u00e2le et Gen\u00e8ve\",\"url\":\"https:\\\/\\\/bale.ch\\\/journal\\\/\",\"logo\":{\"@type\":\"ImageObject\",\"inLanguage\":\"fr-FR\",\"@id\":\"https:\\\/\\\/bale.ch\\\/journal\\\/#\\\/schema\\\/logo\\\/image\\\/\",\"url\":\"https:\\\/\\\/bale.ch\\\/journal\\\/wp-content\\\/uploads\\\/2023\\\/07\\\/journaldebale_logo_2023_nb.png\",\"contentUrl\":\"https:\\\/\\\/bale.ch\\\/journal\\\/wp-content\\\/uploads\\\/2023\\\/07\\\/journaldebale_logo_2023_nb.png\",\"width\":371,\"height\":127,\"caption\":\"Journal de B\u00e2le et Gen\u00e8ve\"},\"image\":{\"@id\":\"https:\\\/\\\/bale.ch\\\/journal\\\/#\\\/schema\\\/logo\\\/image\\\/\"}},{\"@type\":\"Person\",\"@id\":\"https:\\\/\\\/bale.ch\\\/journal\\\/#\\\/schema\\\/person\\\/8b00733494d33b25a558259b6f8b14a9\",\"name\":\"Selin Ertan\",\"image\":{\"@type\":\"ImageObject\",\"inLanguage\":\"fr-FR\",\"@id\":\"https:\\\/\\\/secure.gravatar.com\\\/avatar\\\/5860b7d309902511da0636abdf7280a1b31adc8421ebedc3c321386de0e91aaa?s=96&d=mm&r=g\",\"url\":\"https:\\\/\\\/secure.gravatar.com\\\/avatar\\\/5860b7d309902511da0636abdf7280a1b31adc8421ebedc3c321386de0e91aaa?s=96&d=mm&r=g\",\"contentUrl\":\"https:\\\/\\\/secure.gravatar.com\\\/avatar\\\/5860b7d309902511da0636abdf7280a1b31adc8421ebedc3c321386de0e91aaa?s=96&d=mm&r=g\",\"caption\":\"Selin Ertan\"},\"sameAs\":[\"http:\\\/\\\/www.selinertan.com\\\/\"],\"url\":\"https:\\\/\\\/bale.ch\\\/journal\\\/author\\\/selin\\\/\"}]}<\/script>\n<!-- \/ Yoast SEO plugin. -->","yoast_head_json":{"title":"Niels Ackermann: les enfants de Tchernobyl sont devenus grands - Journal de B\u00e2le et Gen\u00e8ve","robots":{"index":"index","follow":"follow","max-snippet":"max-snippet:-1","max-image-preview":"max-image-preview:large","max-video-preview":"max-video-preview:-1"},"canonical":"https:\/\/bale.ch\/journal\/niels-ackermann-enfants-tchernobyl-nyon\/","og_locale":"fr_FR","og_type":"article","og_title":"Niels Ackermann: les enfants de Tchernobyl sont devenus grands - Journal de B\u00e2le et Gen\u00e8ve","og_description":"La galerie Focale, ax\u00e9e sur la photographie documentaire, a souhait\u00e9 r\u00e9compenser le travail de Niels Ackermann. Ce photojournaliste genevois de 28 ans est le quatri\u00e8me laur\u00e9at du Prix Focale, compos\u00e9 Continuer la lecture","og_url":"https:\/\/bale.ch\/journal\/niels-ackermann-enfants-tchernobyl-nyon\/","og_site_name":"Journal de B\u00e2le et Gen\u00e8ve","article_published_time":"2015-12-03T22:07:59+00:00","article_modified_time":"2015-12-04T09:33:40+00:00","og_image":[{"width":1200,"height":800,"url":"https:\/\/bale.ch\/journal\/wp-content\/uploads\/2015\/11\/NAK_4747.jpg","type":"image\/jpeg"}],"author":"Selin Ertan","twitter_card":"summary_large_image","twitter_misc":{"\u00c9crit par":"Selin Ertan","Dur\u00e9e de lecture estim\u00e9e":"4 minutes"},"schema":{"@context":"https:\/\/schema.org","@graph":[{"@type":"Article","@id":"https:\/\/bale.ch\/journal\/niels-ackermann-enfants-tchernobyl-nyon\/#article","isPartOf":{"@id":"https:\/\/bale.ch\/journal\/niels-ackermann-enfants-tchernobyl-nyon\/"},"author":{"name":"Selin Ertan","@id":"https:\/\/bale.ch\/journal\/#\/schema\/person\/8b00733494d33b25a558259b6f8b14a9"},"headline":"Niels Ackermann: les enfants de Tchernobyl sont devenus grands","datePublished":"2015-12-03T22:07:59+00:00","dateModified":"2015-12-04T09:33:40+00:00","mainEntityOfPage":{"@id":"https:\/\/bale.ch\/journal\/niels-ackermann-enfants-tchernobyl-nyon\/"},"wordCount":786,"publisher":{"@id":"https:\/\/bale.ch\/journal\/#organization"},"image":{"@id":"https:\/\/bale.ch\/journal\/niels-ackermann-enfants-tchernobyl-nyon\/#primaryimage"},"thumbnailUrl":"https:\/\/bale.ch\/journal\/wp-content\/uploads\/2015\/11\/NAK_4747.jpg","keywords":["Exposition","Nyon","Photographie"],"articleSection":["Grand Gen\u00e8ve","Sortir"],"inLanguage":"fr-FR"},{"@type":"WebPage","@id":"https:\/\/bale.ch\/journal\/niels-ackermann-enfants-tchernobyl-nyon\/","url":"https:\/\/bale.ch\/journal\/niels-ackermann-enfants-tchernobyl-nyon\/","name":"Niels Ackermann: les enfants de Tchernobyl sont devenus grands - Journal de B\u00e2le et Gen\u00e8ve","isPartOf":{"@id":"https:\/\/bale.ch\/journal\/#website"},"primaryImageOfPage":{"@id":"https:\/\/bale.ch\/journal\/niels-ackermann-enfants-tchernobyl-nyon\/#primaryimage"},"image":{"@id":"https:\/\/bale.ch\/journal\/niels-ackermann-enfants-tchernobyl-nyon\/#primaryimage"},"thumbnailUrl":"https:\/\/bale.ch\/journal\/wp-content\/uploads\/2015\/11\/NAK_4747.jpg","datePublished":"2015-12-03T22:07:59+00:00","dateModified":"2015-12-04T09:33:40+00:00","breadcrumb":{"@id":"https:\/\/bale.ch\/journal\/niels-ackermann-enfants-tchernobyl-nyon\/#breadcrumb"},"inLanguage":"fr-FR","potentialAction":[{"@type":"ReadAction","target":["https:\/\/bale.ch\/journal\/niels-ackermann-enfants-tchernobyl-nyon\/"]}]},{"@type":"ImageObject","inLanguage":"fr-FR","@id":"https:\/\/bale.ch\/journal\/niels-ackermann-enfants-tchernobyl-nyon\/#primaryimage","url":"https:\/\/bale.ch\/journal\/wp-content\/uploads\/2015\/11\/NAK_4747.jpg","contentUrl":"https:\/\/bale.ch\/journal\/wp-content\/uploads\/2015\/11\/NAK_4747.jpg","width":1200,"height":800,"caption":"\u00a9 Niels Ackermann \/ Lundi13"},{"@type":"BreadcrumbList","@id":"https:\/\/bale.ch\/journal\/niels-ackermann-enfants-tchernobyl-nyon\/#breadcrumb","itemListElement":[{"@type":"ListItem","position":1,"name":"Accueil","item":"https:\/\/bale.ch\/journal\/"},{"@type":"ListItem","position":2,"name":"Niels Ackermann: les enfants de Tchernobyl sont devenus grands"}]},{"@type":"WebSite","@id":"https:\/\/bale.ch\/journal\/#website","url":"https:\/\/bale.ch\/journal\/","name":"Journal de B\u00e2le et Gen\u00e8ve","description":"M\u00e9dia transfrontalier d&#039;actualit\u00e9s - News","publisher":{"@id":"https:\/\/bale.ch\/journal\/#organization"},"potentialAction":[{"@type":"SearchAction","target":{"@type":"EntryPoint","urlTemplate":"https:\/\/bale.ch\/journal\/?s={search_term_string}"},"query-input":{"@type":"PropertyValueSpecification","valueRequired":true,"valueName":"search_term_string"}}],"inLanguage":"fr-FR"},{"@type":"Organization","@id":"https:\/\/bale.ch\/journal\/#organization","name":"Journal de B\u00e2le et Gen\u00e8ve","url":"https:\/\/bale.ch\/journal\/","logo":{"@type":"ImageObject","inLanguage":"fr-FR","@id":"https:\/\/bale.ch\/journal\/#\/schema\/logo\/image\/","url":"https:\/\/bale.ch\/journal\/wp-content\/uploads\/2023\/07\/journaldebale_logo_2023_nb.png","contentUrl":"https:\/\/bale.ch\/journal\/wp-content\/uploads\/2023\/07\/journaldebale_logo_2023_nb.png","width":371,"height":127,"caption":"Journal de B\u00e2le et Gen\u00e8ve"},"image":{"@id":"https:\/\/bale.ch\/journal\/#\/schema\/logo\/image\/"}},{"@type":"Person","@id":"https:\/\/bale.ch\/journal\/#\/schema\/person\/8b00733494d33b25a558259b6f8b14a9","name":"Selin Ertan","image":{"@type":"ImageObject","inLanguage":"fr-FR","@id":"https:\/\/secure.gravatar.com\/avatar\/5860b7d309902511da0636abdf7280a1b31adc8421ebedc3c321386de0e91aaa?s=96&d=mm&r=g","url":"https:\/\/secure.gravatar.com\/avatar\/5860b7d309902511da0636abdf7280a1b31adc8421ebedc3c321386de0e91aaa?s=96&d=mm&r=g","contentUrl":"https:\/\/secure.gravatar.com\/avatar\/5860b7d309902511da0636abdf7280a1b31adc8421ebedc3c321386de0e91aaa?s=96&d=mm&r=g","caption":"Selin Ertan"},"sameAs":["http:\/\/www.selinertan.com\/"],"url":"https:\/\/bale.ch\/journal\/author\/selin\/"}]}},"_links":{"self":[{"href":"https:\/\/bale.ch\/journal\/wp-json\/wp\/v2\/posts\/278","targetHints":{"allow":["GET"]}}],"collection":[{"href":"https:\/\/bale.ch\/journal\/wp-json\/wp\/v2\/posts"}],"about":[{"href":"https:\/\/bale.ch\/journal\/wp-json\/wp\/v2\/types\/post"}],"author":[{"embeddable":true,"href":"https:\/\/bale.ch\/journal\/wp-json\/wp\/v2\/users\/35"}],"replies":[{"embeddable":true,"href":"https:\/\/bale.ch\/journal\/wp-json\/wp\/v2\/comments?post=278"}],"version-history":[{"count":11,"href":"https:\/\/bale.ch\/journal\/wp-json\/wp\/v2\/posts\/278\/revisions"}],"predecessor-version":[{"id":308,"href":"https:\/\/bale.ch\/journal\/wp-json\/wp\/v2\/posts\/278\/revisions\/308"}],"wp:featuredmedia":[{"embeddable":true,"href":"https:\/\/bale.ch\/journal\/wp-json\/wp\/v2\/media\/290"}],"wp:attachment":[{"href":"https:\/\/bale.ch\/journal\/wp-json\/wp\/v2\/media?parent=278"}],"wp:term":[{"taxonomy":"category","embeddable":true,"href":"https:\/\/bale.ch\/journal\/wp-json\/wp\/v2\/categories?post=278"},{"taxonomy":"post_tag","embeddable":true,"href":"https:\/\/bale.ch\/journal\/wp-json\/wp\/v2\/tags?post=278"}],"curies":[{"name":"wp","href":"https:\/\/api.w.org\/{rel}","templated":true}]}}