{"id":2802,"date":"2020-03-30T17:33:10","date_gmt":"2020-03-30T17:33:10","guid":{"rendered":"http:\/\/bale.ch\/journal\/?p=2802"},"modified":"2020-04-02T00:46:53","modified_gmt":"2020-04-02T00:46:53","slug":"easyjet-immobilise-sa-flotte-laeroport-de-bale","status":"publish","type":"post","link":"https:\/\/bale.ch\/journal\/easyjet-immobilise-sa-flotte-laeroport-de-bale\/","title":{"rendered":"EasyJet immobilise sa flotte, l&rsquo;a\u00e9roport de B\u00e2le est silencieux"},"content":{"rendered":"\n<p class=\"wp-block-paragraph\"> <strong>Le bruit des avions autour de l&rsquo;EuroAirport a consid\u00e9rablement diminu\u00e9 ces derniers jours en raison de la crise du coronavirus. <\/strong><\/p>\n\n\n\n<p class=\"wp-block-paragraph\">\u00c0 Allschwil, dans le canton de B\u00e2le-Campagne, on en croit pas ses oreilles.  <em>\u00ab\u00a0Le calme est une b\u00e9n\u00e9diction\u00a0\u00bb<\/em>, s&rsquo;exclame le municipal socialiste Andreas Bammatter dans le quotidien <em>BZ<\/em>. R\u00e9sident dans la commune depuis son enfance, il n&rsquo;a jamais vu sa r\u00e9gion si silencieuse. Dans sa jeunesse, il y avait moins d&rsquo;avions, mais ils \u00e9taient plus bruyants.<\/p>\n\n\n\n<p class=\"wp-block-paragraph\">Le transport de passagers est presque enti\u00e8rement \u00e0 l&rsquo;arr\u00eat. Sur les \u00e9crans, la quasi-totalit\u00e9 des d\u00e9parts et arriv\u00e9es affiche en rouge <em>\u00ab\u00a0annul\u00e9\u00a0\u00bb<\/em>, <em>\u00ab\u00a0annulliert\u00a0\u00bb<\/em>. La compagnie britannique EasyJet vient de cesser provisoirement l&rsquo;ensemble de ses op\u00e9rations a\u00e9riennes. \u00c0 elle seule, elle repr\u00e9sente 60% de tous les d\u00e9collages et atterrissages de l&rsquo;a\u00e9roport franco-suisse.<\/p><div id=\"crieu-4210212093\" class=\"crieu-content crieu-entity-placement\"><script async src=\"\/\/pagead2.googlesyndication.com\/pagead\/js\/adsbygoogle.js?client=ca-pub-5271584769416742\" crossorigin=\"anonymous\"><\/script><ins class=\"adsbygoogle\" style=\"display:block;\" data-ad-client=\"ca-pub-5271584769416742\" \ndata-ad-slot=\"9321250718\" \ndata-ad-format=\"auto\"><\/ins>\n<script> \n(adsbygoogle = window.adsbygoogle || []).push({}); \n<\/script>\n<\/div>\n\n\n\n<p class=\"wp-block-paragraph\">De nombreux vols de marchandises continuent d\u2019atterrir, m\u00eame pendant la nuit.  Mais comme ils n&rsquo;ont pas \u00e0 attendre qu&rsquo;une piste d&rsquo;atterrissage se lib\u00e8re en raison de l&rsquo;absence d&rsquo;avions de passagers, ils ne tournent plus en rond au-dessus de l&rsquo;a\u00e9roport. Les riverains peuvent enfin dormir tranquilles.<\/p>\n\n\n\n<p class=\"wp-block-paragraph\"> Il n&rsquo;est pas encore possible de pr\u00e9dire exactement quand les vols commerciaux pourront reprendre. Et s&rsquo;ils reprendront comme avant, avec une perspective de croissance comme l&rsquo;attendait la direction de l&rsquo;EuroAirport. Si cela n&rsquo;\u00e9tait pas le cas, il faudrait reconsid\u00e9rer le <strong><a href=\"https:\/\/bale.ch\/journal\/greenpeace-extension-aeroport-bale-mulhouse-fribourg-euroairport\/\" target=\"_blank\" rel=\"noreferrer noopener\" aria-label=\"projet de nouveau terminal (s\u2019ouvre dans un nouvel onglet)\">projet de nouveau terminal<\/a><\/strong> qui pr\u00e9voit d&rsquo;augmenter jusqu\u2019\u00e0 30% la capacit\u00e9 d\u2019accueil de passagers, en passant de 9 millions par an actuellement \u00e0 15 millions d\u2019ici \u00e0 quelques ann\u00e9es. <\/p>\n\n\n\n<p class=\"wp-block-paragraph\"> <em>\u00ab\u00a0Une nouvelle expansion et l\u2019augmentation associ\u00e9e du trafic a\u00e9rien \u00e0 un moment o\u00f9 la crise climatique devient de plus en plus perceptible ne sont pas acceptables. Au contraire, l\u2019activit\u00e9 de l\u2019a\u00e9roport doit revenir \u00e0 une capacit\u00e9 compatible avec l\u2019accord climatique de Paris et prenant \u00e9galement en compte le bruit et la pollution de l\u2019air des riverains\u00a0\u00bb<\/em>, avait d\u00e9clar\u00e9 Zo\u00eb Roth du groupe local de Greenpeace d\u00e9but janvier.<\/p>\n\n\n\n<div class=\"wp-block-group\"><div class=\"wp-block-group__inner-container is-layout-flow wp-block-group-is-layout-flow\">\n<blockquote class=\"wp-block-quote has-text-align-left is-layout-flow wp-block-quote-is-layout-flow\"><p>Le journal M\u00e9diapart, dans un article intitul\u00e9 <em><strong>\u00ab\u00a0<a rel=\"noreferrer noopener\" aria-label=\"Comment vivre sans a\u00e9roports (s\u2019ouvre dans un nouvel onglet)\" href=\"https:\/\/www.mediapart.fr\/journal\/france\/280320\/comment-vivre-sans-aeroports\" target=\"_blank\">Comment vivre sans a\u00e9roports<\/a>\u00ab\u00a0<\/strong><\/em>, se demandait hier s&rsquo;il n&rsquo;\u00e9tait <em>\u00ab\u00a0peut-\u00eatre temps de regarder les industries a\u00e9riennes et a\u00e9roportuaires, dans l\u2019\u00e9tat actuel de leur usage, comme des infrastructures nuisibles\u00a0\u00bb<\/em>.  Il ajoute: <em>\u00ab\u00a0Le savoir-faire et les comp\u00e9tences des salari\u00e9\u00b7e\u00b7s et sous-traitant\u00b7e\u00b7s qui y travaillent est pr\u00e9cieux et pourrait apporter beaucoup aux chantiers de la transition \u00e9cologique, par exemple pour la fabrication et l\u2019animation de nouvelles formes de transport collectif et l\u2019invention d\u2019un nouveau rapport au voyage\u00a0\u00bb<\/em>.<\/p><p>Alors que les chemins de fer autrichiens ont repris une partie des trains de nuit de la Deutsche Bahn et souhaite les d\u00e9velopper \u00e0 nouveau &#8211; ils sont une excellente alternative \u00e0 l&rsquo;avion pour les trajets de moins de 1000 kilom\u00e8tres -, que de nombreuses associations se battent contre les grands projets climaticides (agrandissements d&rsquo;a\u00e9roports, <a href=\"https:\/\/bale.ch\/journal\/autoroute-chablais-machilly-transports-grand-geneve\/\" target=\"_blank\" rel=\"noreferrer noopener\" aria-label=\"autoroutes (s\u2019ouvre dans un nouvel onglet)\"><strong>autoroutes<\/strong><\/a>&#8230;), la crise du coronavirus nous oblige \u00e0 repenser radicalement nos modes de vie et de transports.<\/p><\/blockquote>\n<\/div><\/div>\n\n\n<p><!--StartFragment--><\/p>\n\n\n<p class=\"wp-block-paragraph\">&#8211;<br>Cet article pourrait vous int\u00e9resser:<\/p>\n\n\n\n<h2 class=\"wp-block-heading\"><strong><a href=\"https:\/\/bale.ch\/journal\/greenpeace-extension-aeroport-bale-mulhouse-fribourg-euroairport\/\">Greenpeace contre l\u2019extension de l\u2019a\u00e9roport de B\u00e2le-Mulhouse-Fribourg<\/a><\/strong> <\/h2>\n\n\n<p><!--EndFragment--><\/p>\n\n\n<p class=\"wp-block-paragraph\"><\/p>\n<div id=\"crieu-266133274\" class=\"crieu-apres-le-contenu crieu-entity-placement\" style=\"margin-left: auto;margin-right: auto;text-align: center;\"><script async src=\"\/\/pagead2.googlesyndication.com\/pagead\/js\/adsbygoogle.js?client=ca-pub-5271584769416742\" crossorigin=\"anonymous\"><\/script><ins class=\"adsbygoogle\" style=\"display:block;\" data-ad-client=\"ca-pub-5271584769416742\" \ndata-ad-slot=\"9321250718\" \ndata-ad-format=\"auto\"><\/ins>\n<script> \n(adsbygoogle = window.adsbygoogle || []).push({}); \n<\/script>\n<\/div>","protected":false},"excerpt":{"rendered":"<p>Le bruit des avions autour de l&rsquo;EuroAirport a consid\u00e9rablement diminu\u00e9 ces derniers jours en raison de la crise du coronavirus. \u00c0 Allschwil, dans le canton de B\u00e2le-Campagne, on en croit <a href=\"https:\/\/bale.ch\/journal\/easyjet-immobilise-sa-flotte-laeroport-de-bale\/\" class=\"read-more button-fancy -red\"><span class=\"btn-arrow\"><\/span><span class=\"twp-read-more text\">Continuer la lecture<\/span><\/a><\/p>\n","protected":false},"author":43,"featured_media":2806,"comment_status":"closed","ping_status":"closed","sticky":false,"template":"","format":"standard","meta":{"footnotes":""},"categories":[103,7],"tags":[72,60,201,203,202,125,193],"class_list":["post-2802","post","type-post","status-publish","format-standard","has-post-thumbnail","hentry","category-actu","category-bale","tag-aeroport","tag-bale","tag-coronavirus","tag-covid-19","tag-easyjet","tag-euroairport","tag-greenpeace"],"yoast_head":"<!-- This site is optimized with the Yoast SEO plugin v28.3 - https:\/\/yoast.com\/product\/yoast-seo-wordpress\/ -->\n<title>EasyJet immobilise sa flotte, l&#039;a\u00e9roport de B\u00e2le est silencieux - Journal de B\u00e2le et Gen\u00e8ve<\/title>\n<meta name=\"robots\" content=\"index, follow, max-snippet:-1, max-image-preview:large, max-video-preview:-1\" \/>\n<link rel=\"canonical\" href=\"https:\/\/bale.ch\/journal\/easyjet-immobilise-sa-flotte-laeroport-de-bale\/\" \/>\n<meta property=\"og:locale\" content=\"fr_FR\" \/>\n<meta property=\"og:type\" content=\"article\" \/>\n<meta property=\"og:title\" content=\"EasyJet immobilise sa flotte, l&#039;a\u00e9roport de B\u00e2le est silencieux - Journal de B\u00e2le et Gen\u00e8ve\" \/>\n<meta property=\"og:description\" content=\"Le bruit des avions autour de l&rsquo;EuroAirport a consid\u00e9rablement diminu\u00e9 ces derniers jours en raison de la crise du coronavirus. \u00c0 Allschwil, dans le canton de B\u00e2le-Campagne, on en croit Continuer la lecture\" \/>\n<meta property=\"og:url\" content=\"https:\/\/bale.ch\/journal\/easyjet-immobilise-sa-flotte-laeroport-de-bale\/\" \/>\n<meta property=\"og:site_name\" content=\"Journal de B\u00e2le et Gen\u00e8ve\" \/>\n<meta property=\"article:published_time\" content=\"2020-03-30T17:33:10+00:00\" \/>\n<meta property=\"article:modified_time\" content=\"2020-04-02T00:46:53+00:00\" \/>\n<meta property=\"og:image\" content=\"https:\/\/bale.ch\/journal\/wp-content\/uploads\/2020\/03\/euro_airport_basel_flughafen_bale_aeroport_journal_de_bale.jpg\" \/>\n\t<meta property=\"og:image:width\" content=\"900\" \/>\n\t<meta property=\"og:image:height\" content=\"484\" \/>\n\t<meta property=\"og:image:type\" content=\"image\/jpeg\" \/>\n<meta name=\"author\" content=\"Elodie Silva\" \/>\n<meta name=\"twitter:card\" content=\"summary_large_image\" \/>\n<meta name=\"twitter:label1\" content=\"\u00c9crit par\" \/>\n\t<meta name=\"twitter:data1\" content=\"Elodie Silva\" \/>\n\t<meta name=\"twitter:label2\" content=\"Dur\u00e9e de lecture estim\u00e9e\" \/>\n\t<meta name=\"twitter:data2\" content=\"3 minutes\" \/>\n<script type=\"application\/ld+json\" class=\"yoast-schema-graph\">{\"@context\":\"https:\\\/\\\/schema.org\",\"@graph\":[{\"@type\":\"Article\",\"@id\":\"https:\\\/\\\/bale.ch\\\/journal\\\/easyjet-immobilise-sa-flotte-laeroport-de-bale\\\/#article\",\"isPartOf\":{\"@id\":\"https:\\\/\\\/bale.ch\\\/journal\\\/easyjet-immobilise-sa-flotte-laeroport-de-bale\\\/\"},\"author\":{\"name\":\"Elodie Silva\",\"@id\":\"https:\\\/\\\/bale.ch\\\/journal\\\/#\\\/schema\\\/person\\\/e3e5eeffae523f19b12d7057ced45a2b\"},\"headline\":\"EasyJet immobilise sa flotte, l&rsquo;a\u00e9roport de B\u00e2le est silencieux\",\"datePublished\":\"2020-03-30T17:33:10+00:00\",\"dateModified\":\"2020-04-02T00:46:53+00:00\",\"mainEntityOfPage\":{\"@id\":\"https:\\\/\\\/bale.ch\\\/journal\\\/easyjet-immobilise-sa-flotte-laeroport-de-bale\\\/\"},\"wordCount\":550,\"publisher\":{\"@id\":\"https:\\\/\\\/bale.ch\\\/journal\\\/#organization\"},\"image\":{\"@id\":\"https:\\\/\\\/bale.ch\\\/journal\\\/easyjet-immobilise-sa-flotte-laeroport-de-bale\\\/#primaryimage\"},\"thumbnailUrl\":\"https:\\\/\\\/bale.ch\\\/journal\\\/wp-content\\\/uploads\\\/2020\\\/03\\\/euro_airport_basel_flughafen_bale_aeroport_journal_de_bale.jpg\",\"keywords\":[\"A\u00e9roport\",\"B\u00e2le\",\"coronavirus\",\"covid-19\",\"easyjet\",\"Euroairport\",\"Greenpeace\"],\"articleSection\":[\"Actualit\u00e9s\",\"B\u00e2le Trinationale\"],\"inLanguage\":\"fr-FR\"},{\"@type\":\"WebPage\",\"@id\":\"https:\\\/\\\/bale.ch\\\/journal\\\/easyjet-immobilise-sa-flotte-laeroport-de-bale\\\/\",\"url\":\"https:\\\/\\\/bale.ch\\\/journal\\\/easyjet-immobilise-sa-flotte-laeroport-de-bale\\\/\",\"name\":\"EasyJet immobilise sa flotte, l'a\u00e9roport de B\u00e2le est silencieux - Journal de B\u00e2le et Gen\u00e8ve\",\"isPartOf\":{\"@id\":\"https:\\\/\\\/bale.ch\\\/journal\\\/#website\"},\"primaryImageOfPage\":{\"@id\":\"https:\\\/\\\/bale.ch\\\/journal\\\/easyjet-immobilise-sa-flotte-laeroport-de-bale\\\/#primaryimage\"},\"image\":{\"@id\":\"https:\\\/\\\/bale.ch\\\/journal\\\/easyjet-immobilise-sa-flotte-laeroport-de-bale\\\/#primaryimage\"},\"thumbnailUrl\":\"https:\\\/\\\/bale.ch\\\/journal\\\/wp-content\\\/uploads\\\/2020\\\/03\\\/euro_airport_basel_flughafen_bale_aeroport_journal_de_bale.jpg\",\"datePublished\":\"2020-03-30T17:33:10+00:00\",\"dateModified\":\"2020-04-02T00:46:53+00:00\",\"breadcrumb\":{\"@id\":\"https:\\\/\\\/bale.ch\\\/journal\\\/easyjet-immobilise-sa-flotte-laeroport-de-bale\\\/#breadcrumb\"},\"inLanguage\":\"fr-FR\",\"potentialAction\":[{\"@type\":\"ReadAction\",\"target\":[\"https:\\\/\\\/bale.ch\\\/journal\\\/easyjet-immobilise-sa-flotte-laeroport-de-bale\\\/\"]}]},{\"@type\":\"ImageObject\",\"inLanguage\":\"fr-FR\",\"@id\":\"https:\\\/\\\/bale.ch\\\/journal\\\/easyjet-immobilise-sa-flotte-laeroport-de-bale\\\/#primaryimage\",\"url\":\"https:\\\/\\\/bale.ch\\\/journal\\\/wp-content\\\/uploads\\\/2020\\\/03\\\/euro_airport_basel_flughafen_bale_aeroport_journal_de_bale.jpg\",\"contentUrl\":\"https:\\\/\\\/bale.ch\\\/journal\\\/wp-content\\\/uploads\\\/2020\\\/03\\\/euro_airport_basel_flughafen_bale_aeroport_journal_de_bale.jpg\",\"width\":900,\"height\":484},{\"@type\":\"BreadcrumbList\",\"@id\":\"https:\\\/\\\/bale.ch\\\/journal\\\/easyjet-immobilise-sa-flotte-laeroport-de-bale\\\/#breadcrumb\",\"itemListElement\":[{\"@type\":\"ListItem\",\"position\":1,\"name\":\"Accueil\",\"item\":\"https:\\\/\\\/bale.ch\\\/journal\\\/\"},{\"@type\":\"ListItem\",\"position\":2,\"name\":\"EasyJet immobilise sa flotte, l&rsquo;a\u00e9roport de B\u00e2le est silencieux\"}]},{\"@type\":\"WebSite\",\"@id\":\"https:\\\/\\\/bale.ch\\\/journal\\\/#website\",\"url\":\"https:\\\/\\\/bale.ch\\\/journal\\\/\",\"name\":\"Journal de B\u00e2le et Gen\u00e8ve\",\"description\":\"M\u00e9dia transfrontalier d&#039;actualit\u00e9s - News\",\"publisher\":{\"@id\":\"https:\\\/\\\/bale.ch\\\/journal\\\/#organization\"},\"potentialAction\":[{\"@type\":\"SearchAction\",\"target\":{\"@type\":\"EntryPoint\",\"urlTemplate\":\"https:\\\/\\\/bale.ch\\\/journal\\\/?s={search_term_string}\"},\"query-input\":{\"@type\":\"PropertyValueSpecification\",\"valueRequired\":true,\"valueName\":\"search_term_string\"}}],\"inLanguage\":\"fr-FR\"},{\"@type\":\"Organization\",\"@id\":\"https:\\\/\\\/bale.ch\\\/journal\\\/#organization\",\"name\":\"Journal de B\u00e2le et Gen\u00e8ve\",\"url\":\"https:\\\/\\\/bale.ch\\\/journal\\\/\",\"logo\":{\"@type\":\"ImageObject\",\"inLanguage\":\"fr-FR\",\"@id\":\"https:\\\/\\\/bale.ch\\\/journal\\\/#\\\/schema\\\/logo\\\/image\\\/\",\"url\":\"https:\\\/\\\/bale.ch\\\/journal\\\/wp-content\\\/uploads\\\/2023\\\/07\\\/journaldebale_logo_2023_nb.png\",\"contentUrl\":\"https:\\\/\\\/bale.ch\\\/journal\\\/wp-content\\\/uploads\\\/2023\\\/07\\\/journaldebale_logo_2023_nb.png\",\"width\":371,\"height\":127,\"caption\":\"Journal de B\u00e2le et Gen\u00e8ve\"},\"image\":{\"@id\":\"https:\\\/\\\/bale.ch\\\/journal\\\/#\\\/schema\\\/logo\\\/image\\\/\"}},{\"@type\":\"Person\",\"@id\":\"https:\\\/\\\/bale.ch\\\/journal\\\/#\\\/schema\\\/person\\\/e3e5eeffae523f19b12d7057ced45a2b\",\"name\":\"Elodie Silva\",\"image\":{\"@type\":\"ImageObject\",\"inLanguage\":\"fr-FR\",\"@id\":\"https:\\\/\\\/secure.gravatar.com\\\/avatar\\\/f76593021159ecd3226293e7c461386bfd009157e6c549bc9b418d0a2db47041?s=96&d=mm&r=g\",\"url\":\"https:\\\/\\\/secure.gravatar.com\\\/avatar\\\/f76593021159ecd3226293e7c461386bfd009157e6c549bc9b418d0a2db47041?s=96&d=mm&r=g\",\"contentUrl\":\"https:\\\/\\\/secure.gravatar.com\\\/avatar\\\/f76593021159ecd3226293e7c461386bfd009157e6c549bc9b418d0a2db47041?s=96&d=mm&r=g\",\"caption\":\"Elodie Silva\"},\"url\":\"https:\\\/\\\/bale.ch\\\/journal\\\/author\\\/elodiesilva\\\/\"}]}<\/script>\n<!-- \/ Yoast SEO plugin. -->","yoast_head_json":{"title":"EasyJet immobilise sa flotte, l'a\u00e9roport de B\u00e2le est silencieux - Journal de B\u00e2le et Gen\u00e8ve","robots":{"index":"index","follow":"follow","max-snippet":"max-snippet:-1","max-image-preview":"max-image-preview:large","max-video-preview":"max-video-preview:-1"},"canonical":"https:\/\/bale.ch\/journal\/easyjet-immobilise-sa-flotte-laeroport-de-bale\/","og_locale":"fr_FR","og_type":"article","og_title":"EasyJet immobilise sa flotte, l'a\u00e9roport de B\u00e2le est silencieux - Journal de B\u00e2le et Gen\u00e8ve","og_description":"Le bruit des avions autour de l&rsquo;EuroAirport a consid\u00e9rablement diminu\u00e9 ces derniers jours en raison de la crise du coronavirus. \u00c0 Allschwil, dans le canton de B\u00e2le-Campagne, on en croit Continuer la lecture","og_url":"https:\/\/bale.ch\/journal\/easyjet-immobilise-sa-flotte-laeroport-de-bale\/","og_site_name":"Journal de B\u00e2le et Gen\u00e8ve","article_published_time":"2020-03-30T17:33:10+00:00","article_modified_time":"2020-04-02T00:46:53+00:00","og_image":[{"width":900,"height":484,"url":"https:\/\/bale.ch\/journal\/wp-content\/uploads\/2020\/03\/euro_airport_basel_flughafen_bale_aeroport_journal_de_bale.jpg","type":"image\/jpeg"}],"author":"Elodie Silva","twitter_card":"summary_large_image","twitter_misc":{"\u00c9crit par":"Elodie Silva","Dur\u00e9e de lecture estim\u00e9e":"3 minutes"},"schema":{"@context":"https:\/\/schema.org","@graph":[{"@type":"Article","@id":"https:\/\/bale.ch\/journal\/easyjet-immobilise-sa-flotte-laeroport-de-bale\/#article","isPartOf":{"@id":"https:\/\/bale.ch\/journal\/easyjet-immobilise-sa-flotte-laeroport-de-bale\/"},"author":{"name":"Elodie Silva","@id":"https:\/\/bale.ch\/journal\/#\/schema\/person\/e3e5eeffae523f19b12d7057ced45a2b"},"headline":"EasyJet immobilise sa flotte, l&rsquo;a\u00e9roport de B\u00e2le est silencieux","datePublished":"2020-03-30T17:33:10+00:00","dateModified":"2020-04-02T00:46:53+00:00","mainEntityOfPage":{"@id":"https:\/\/bale.ch\/journal\/easyjet-immobilise-sa-flotte-laeroport-de-bale\/"},"wordCount":550,"publisher":{"@id":"https:\/\/bale.ch\/journal\/#organization"},"image":{"@id":"https:\/\/bale.ch\/journal\/easyjet-immobilise-sa-flotte-laeroport-de-bale\/#primaryimage"},"thumbnailUrl":"https:\/\/bale.ch\/journal\/wp-content\/uploads\/2020\/03\/euro_airport_basel_flughafen_bale_aeroport_journal_de_bale.jpg","keywords":["A\u00e9roport","B\u00e2le","coronavirus","covid-19","easyjet","Euroairport","Greenpeace"],"articleSection":["Actualit\u00e9s","B\u00e2le Trinationale"],"inLanguage":"fr-FR"},{"@type":"WebPage","@id":"https:\/\/bale.ch\/journal\/easyjet-immobilise-sa-flotte-laeroport-de-bale\/","url":"https:\/\/bale.ch\/journal\/easyjet-immobilise-sa-flotte-laeroport-de-bale\/","name":"EasyJet immobilise sa flotte, l'a\u00e9roport de B\u00e2le est silencieux - Journal de B\u00e2le et Gen\u00e8ve","isPartOf":{"@id":"https:\/\/bale.ch\/journal\/#website"},"primaryImageOfPage":{"@id":"https:\/\/bale.ch\/journal\/easyjet-immobilise-sa-flotte-laeroport-de-bale\/#primaryimage"},"image":{"@id":"https:\/\/bale.ch\/journal\/easyjet-immobilise-sa-flotte-laeroport-de-bale\/#primaryimage"},"thumbnailUrl":"https:\/\/bale.ch\/journal\/wp-content\/uploads\/2020\/03\/euro_airport_basel_flughafen_bale_aeroport_journal_de_bale.jpg","datePublished":"2020-03-30T17:33:10+00:00","dateModified":"2020-04-02T00:46:53+00:00","breadcrumb":{"@id":"https:\/\/bale.ch\/journal\/easyjet-immobilise-sa-flotte-laeroport-de-bale\/#breadcrumb"},"inLanguage":"fr-FR","potentialAction":[{"@type":"ReadAction","target":["https:\/\/bale.ch\/journal\/easyjet-immobilise-sa-flotte-laeroport-de-bale\/"]}]},{"@type":"ImageObject","inLanguage":"fr-FR","@id":"https:\/\/bale.ch\/journal\/easyjet-immobilise-sa-flotte-laeroport-de-bale\/#primaryimage","url":"https:\/\/bale.ch\/journal\/wp-content\/uploads\/2020\/03\/euro_airport_basel_flughafen_bale_aeroport_journal_de_bale.jpg","contentUrl":"https:\/\/bale.ch\/journal\/wp-content\/uploads\/2020\/03\/euro_airport_basel_flughafen_bale_aeroport_journal_de_bale.jpg","width":900,"height":484},{"@type":"BreadcrumbList","@id":"https:\/\/bale.ch\/journal\/easyjet-immobilise-sa-flotte-laeroport-de-bale\/#breadcrumb","itemListElement":[{"@type":"ListItem","position":1,"name":"Accueil","item":"https:\/\/bale.ch\/journal\/"},{"@type":"ListItem","position":2,"name":"EasyJet immobilise sa flotte, l&rsquo;a\u00e9roport de B\u00e2le est silencieux"}]},{"@type":"WebSite","@id":"https:\/\/bale.ch\/journal\/#website","url":"https:\/\/bale.ch\/journal\/","name":"Journal de B\u00e2le et Gen\u00e8ve","description":"M\u00e9dia transfrontalier d&#039;actualit\u00e9s - News","publisher":{"@id":"https:\/\/bale.ch\/journal\/#organization"},"potentialAction":[{"@type":"SearchAction","target":{"@type":"EntryPoint","urlTemplate":"https:\/\/bale.ch\/journal\/?s={search_term_string}"},"query-input":{"@type":"PropertyValueSpecification","valueRequired":true,"valueName":"search_term_string"}}],"inLanguage":"fr-FR"},{"@type":"Organization","@id":"https:\/\/bale.ch\/journal\/#organization","name":"Journal de B\u00e2le et Gen\u00e8ve","url":"https:\/\/bale.ch\/journal\/","logo":{"@type":"ImageObject","inLanguage":"fr-FR","@id":"https:\/\/bale.ch\/journal\/#\/schema\/logo\/image\/","url":"https:\/\/bale.ch\/journal\/wp-content\/uploads\/2023\/07\/journaldebale_logo_2023_nb.png","contentUrl":"https:\/\/bale.ch\/journal\/wp-content\/uploads\/2023\/07\/journaldebale_logo_2023_nb.png","width":371,"height":127,"caption":"Journal de B\u00e2le et Gen\u00e8ve"},"image":{"@id":"https:\/\/bale.ch\/journal\/#\/schema\/logo\/image\/"}},{"@type":"Person","@id":"https:\/\/bale.ch\/journal\/#\/schema\/person\/e3e5eeffae523f19b12d7057ced45a2b","name":"Elodie Silva","image":{"@type":"ImageObject","inLanguage":"fr-FR","@id":"https:\/\/secure.gravatar.com\/avatar\/f76593021159ecd3226293e7c461386bfd009157e6c549bc9b418d0a2db47041?s=96&d=mm&r=g","url":"https:\/\/secure.gravatar.com\/avatar\/f76593021159ecd3226293e7c461386bfd009157e6c549bc9b418d0a2db47041?s=96&d=mm&r=g","contentUrl":"https:\/\/secure.gravatar.com\/avatar\/f76593021159ecd3226293e7c461386bfd009157e6c549bc9b418d0a2db47041?s=96&d=mm&r=g","caption":"Elodie Silva"},"url":"https:\/\/bale.ch\/journal\/author\/elodiesilva\/"}]}},"_links":{"self":[{"href":"https:\/\/bale.ch\/journal\/wp-json\/wp\/v2\/posts\/2802","targetHints":{"allow":["GET"]}}],"collection":[{"href":"https:\/\/bale.ch\/journal\/wp-json\/wp\/v2\/posts"}],"about":[{"href":"https:\/\/bale.ch\/journal\/wp-json\/wp\/v2\/types\/post"}],"author":[{"embeddable":true,"href":"https:\/\/bale.ch\/journal\/wp-json\/wp\/v2\/users\/43"}],"replies":[{"embeddable":true,"href":"https:\/\/bale.ch\/journal\/wp-json\/wp\/v2\/comments?post=2802"}],"version-history":[{"count":12,"href":"https:\/\/bale.ch\/journal\/wp-json\/wp\/v2\/posts\/2802\/revisions"}],"predecessor-version":[{"id":2822,"href":"https:\/\/bale.ch\/journal\/wp-json\/wp\/v2\/posts\/2802\/revisions\/2822"}],"wp:featuredmedia":[{"embeddable":true,"href":"https:\/\/bale.ch\/journal\/wp-json\/wp\/v2\/media\/2806"}],"wp:attachment":[{"href":"https:\/\/bale.ch\/journal\/wp-json\/wp\/v2\/media?parent=2802"}],"wp:term":[{"taxonomy":"category","embeddable":true,"href":"https:\/\/bale.ch\/journal\/wp-json\/wp\/v2\/categories?post=2802"},{"taxonomy":"post_tag","embeddable":true,"href":"https:\/\/bale.ch\/journal\/wp-json\/wp\/v2\/tags?post=2802"}],"curies":[{"name":"wp","href":"https:\/\/api.w.org\/{rel}","templated":true}]}}