{"id":284,"date":"2015-11-26T12:49:30","date_gmt":"2015-11-26T12:49:30","guid":{"rendered":"http:\/\/bale.ch\/journal\/?p=284"},"modified":"2015-11-26T12:52:49","modified_gmt":"2015-11-26T12:52:49","slug":"exposition-le-bouddhisme-de-madame-butterfly-au-meg","status":"publish","type":"post","link":"https:\/\/bale.ch\/journal\/exposition-le-bouddhisme-de-madame-butterfly-au-meg\/","title":{"rendered":"Exposition: \u00abLe bouddhisme de Madame Butterfly\u00bb"},"content":{"rendered":"<p>Maintenant que le vent glac\u00e9 souffle, que la pluie froide tombe et que le ciel devient de plus en plus blanc, aucune excuse (je dis bien: aucune!) ne peut justifier que vous restiez loin de l\u2019exposition \u00ab\u202fLe bouddhisme de Madame Butterfly \u2013 le japonisme bouddhique\u202f\u00bb, actuellement propos\u00e9e au Mus\u00e9e d\u2019Ethnographie de Gen\u00e8ve. Vous y trouverez tout ce qui fait le charme des expositions qui vous transportent\u202f: sc\u00e9nographie, \u0153uvres, audio, vid\u00e9o, raffinement, beaut\u00e9s, d\u00e9couvertes, bref, un r\u00e9gal des sens et de l\u2019\u00e2me\u202f!<\/p>\n<p>Le parcours s\u2019articule autour d\u2019une invitation au voyage que d\u2019\u00e9l\u00e9gantes et longues tentures sugg\u00e8rent en se parant de noms \u00e9vocateurs\u202f: Nagasaki, San Francisco, Le Havre ainsi que d\u2019estampes aux couleurs aussi vives qu\u2019envo\u00fbtantes. On entend aussi au loin des sir\u00e8nes de bateaux\u202f: n\u2019oublions pas que le Japon est une \u00eele.<\/p>\n<p>L\u2019exposition plonge ses visiteurs dans la peau de ces voyageurs fortun\u00e9s s\u2019engouffrant avec passion dans ce Japon lointain qui s\u2019ouvrait \u00e0 peine et o\u00f9 tout restait \u00e0 d\u00e9couvrir dans le second XIX\u00e8me si\u00e8cle. L\u2019ouverture du Canal de Suez en 1869 diminue sensiblement la dur\u00e9e du voyage, le Japon devient une escale incontournable. Des noms mythiques \u00e9mergent\u202f: Cook, Perry, Guimet. Aventuriers, explorateurs, visionnaires, curieux, le Japon les absorba et leur passion influen\u00e7a directement de nombreux d\u2019artistes en Europe tels que Donnay, Mucha ou encore Vincent van Gogh. Les affiches annon\u00e7ant expositions ou spectacles se parent de kimonos et de lettres dont la calligraphie \u00e9voque l\u2019Extr\u00eame-Orient. La couverture de la partition \u00ab\u202fLa Mer\u202f\u00bb de Debussy d\u00e9roule magistralement une variation de \u00ab\u202fLa vague de Kanagawa\u202f\u00bb par Hosukai. Le bouddhisme fascine \u00e9galement les Europ\u00e9ens. De leurs p\u00e9riples, nous conservons des pi\u00e8ces de toute beaut\u00e9 telles que cette \u00ab\u202fNouvelle carte du grand Japon\u202f\u00bb par Matsuda, datant de 1875, des croquis, pris sur le vif par Alfred Paul Emile Etienne Dumont qui s\u00e9journa au Japon en 1891, des statues du Bouddha, des banni\u00e8res liturgiques ou des cloches de temple. L\u2019acquisition de ces pi\u00e8ces fut facilit\u00e9e par la pers\u00e9cution men\u00e9e contre le bouddhisme entre 1868 et 1874 au profit du shinto dont l\u2019empereur est le pr\u00eatre supr\u00eame. Une pi\u00e8ce me frappe tout particuli\u00e8rement\u202f: \u00ab\u202fCouple des dieux de la joie\u202f\u00bb. Je ressens une grande s\u00e9r\u00e9nit\u00e9 \u00e0 les regarder, chacun avec sa t\u00eate d\u2019\u00e9l\u00e9phant, s\u2019enlacer.<\/p><div id=\"crieu-3817557541\" class=\"crieu-content crieu-entity-placement\"><script async src=\"\/\/pagead2.googlesyndication.com\/pagead\/js\/adsbygoogle.js?client=ca-pub-5271584769416742\" crossorigin=\"anonymous\"><\/script><ins class=\"adsbygoogle\" style=\"display:block;\" data-ad-client=\"ca-pub-5271584769416742\" \ndata-ad-slot=\"9321250718\" \ndata-ad-format=\"auto\"><\/ins>\n<script> \n(adsbygoogle = window.adsbygoogle || []).push({}); \n<\/script>\n<\/div>\n<p>Deux salles sont ensuite consacr\u00e9es \u00e0 Guimet et \u00e0 son projet de mus\u00e9e d\u2019histoire des religions. Celui-ci avait pour but de rassembler les valeurs sociales partag\u00e9es par toutes les religions. Des toiles de Felix Regamey, qui l\u2019accompagna en 1878, d\u00e9voile le quotidien de l\u2019archipel, mais aussi les moments historiques de rencontres que Guimet organise avec les diff\u00e9rents repr\u00e9sentants religieux du pays.<\/p>\n<p>Le tragique destin de \u00ab\u202fMadame Butterfly\u202f\u00bb, cr\u00e9\u00e9 en 1904 \u00e0 La Scala, sonna, en son temps, la fin du japonisme, il se d\u00e9plie ici comme un d\u00e9licat \u00e9ventail dont les mouvements seraient accompagn\u00e9s par la musique de Puccini. La gen\u00e8se de l\u2019\u0153uvre\u202f: le roman \u00ab\u202fMadame Chrysanth\u00e8me\u202f\u00bb de Loti, publi\u00e9 en 1888, puis un premier op\u00e9ra d\u2019Andr\u00e9 Messager en 1893 qui d\u00e9clencha la col\u00e8re du peintre Regamey. Ce dernier, pour r\u00e9futer l\u2019image n\u00e9gative du Japon v\u00e9hicul\u00e9e par l\u2019\u0153uvre, publia \u00ab\u202fLe cahier rose de Madame Chrysanth\u00e8me\u202f\u00bb. L\u2019histoire rocambolesque continue, mais je vous laisse le soin de la d\u00e9couvrir\u202f!<\/p>\n<p>\u00ab\u202fLe bouddhisme de Madame Butterfly \u2013 le japonisme bouddhique\u202f\u00bb jusqu\u2019au 19 janvier 2016 au <a href=\"http:\/\/www.ville-ge.ch\/meg\/index.php\" target=\"_blank\">Mus\u00e9e d\u2019Ethnographie de Gen\u00e8ve<\/a>, MEG.<\/p>\n<p>Boulevard Carl-Vogt 65-67, 1205 Gen\u00e8ve\u00a0 \u2014 T\u00e9l. 022 418 45 50<\/p>\n<p>&nbsp;<\/p>\n<p>&nbsp;<\/p>\n<div id=\"crieu-556120449\" class=\"crieu-apres-le-contenu crieu-entity-placement\" style=\"margin-left: auto;margin-right: auto;text-align: center;\"><script async src=\"\/\/pagead2.googlesyndication.com\/pagead\/js\/adsbygoogle.js?client=ca-pub-5271584769416742\" crossorigin=\"anonymous\"><\/script><ins class=\"adsbygoogle\" style=\"display:block;\" data-ad-client=\"ca-pub-5271584769416742\" \ndata-ad-slot=\"9321250718\" \ndata-ad-format=\"auto\"><\/ins>\n<script> \n(adsbygoogle = window.adsbygoogle || []).push({}); \n<\/script>\n<\/div>","protected":false},"excerpt":{"rendered":"<p>Maintenant que le vent glac\u00e9 souffle, que la pluie froide tombe et que le ciel devient de plus en plus blanc, aucune excuse (je dis bien: aucune!) ne peut justifier <a href=\"https:\/\/bale.ch\/journal\/exposition-le-bouddhisme-de-madame-butterfly-au-meg\/\" class=\"read-more button-fancy -red\"><span class=\"btn-arrow\"><\/span><span class=\"twp-read-more text\">Continuer la lecture<\/span><\/a><\/p>\n","protected":false},"author":5,"featured_media":286,"comment_status":"closed","ping_status":"closed","sticky":false,"template":"","format":"standard","meta":{"footnotes":""},"categories":[4,18],"tags":[],"class_list":["post-284","post","type-post","status-publish","format-standard","has-post-thumbnail","hentry","category-grand-geneve","category-sortir"],"yoast_head":"<!-- This site is optimized with the Yoast SEO plugin v28.3 - https:\/\/yoast.com\/product\/yoast-seo-wordpress\/ -->\n<title>Exposition: \u00abLe bouddhisme de Madame Butterfly\u00bb - Journal de B\u00e2le et Gen\u00e8ve<\/title>\n<meta name=\"robots\" content=\"index, follow, max-snippet:-1, max-image-preview:large, max-video-preview:-1\" \/>\n<link rel=\"canonical\" href=\"https:\/\/bale.ch\/journal\/exposition-le-bouddhisme-de-madame-butterfly-au-meg\/\" \/>\n<meta property=\"og:locale\" content=\"fr_FR\" \/>\n<meta property=\"og:type\" content=\"article\" \/>\n<meta property=\"og:title\" content=\"Exposition: \u00abLe bouddhisme de Madame Butterfly\u00bb - Journal de B\u00e2le et Gen\u00e8ve\" \/>\n<meta property=\"og:description\" content=\"Maintenant que le vent glac\u00e9 souffle, que la pluie froide tombe et que le ciel devient de plus en plus blanc, aucune excuse (je dis bien: aucune!) ne peut justifier Continuer la lecture\" \/>\n<meta property=\"og:url\" content=\"https:\/\/bale.ch\/journal\/exposition-le-bouddhisme-de-madame-butterfly-au-meg\/\" \/>\n<meta property=\"og:site_name\" content=\"Journal de B\u00e2le et Gen\u00e8ve\" \/>\n<meta property=\"article:published_time\" content=\"2015-11-26T12:49:30+00:00\" \/>\n<meta property=\"article:modified_time\" content=\"2015-11-26T12:52:49+00:00\" \/>\n<meta property=\"og:image\" content=\"https:\/\/bale.ch\/journal\/wp-content\/uploads\/2015\/11\/meg_2015-1024x576.jpg\" \/>\n\t<meta property=\"og:image:width\" content=\"1024\" \/>\n\t<meta property=\"og:image:height\" content=\"576\" \/>\n\t<meta property=\"og:image:type\" content=\"image\/jpeg\" \/>\n<meta name=\"author\" content=\"Natacha de Santignac\" \/>\n<meta name=\"twitter:card\" content=\"summary_large_image\" \/>\n<meta name=\"twitter:label1\" content=\"\u00c9crit par\" \/>\n\t<meta name=\"twitter:data1\" content=\"Natacha de Santignac\" \/>\n\t<meta name=\"twitter:label2\" content=\"Dur\u00e9e de lecture estim\u00e9e\" \/>\n\t<meta name=\"twitter:data2\" content=\"3 minutes\" \/>\n<script type=\"application\/ld+json\" class=\"yoast-schema-graph\">{\"@context\":\"https:\\\/\\\/schema.org\",\"@graph\":[{\"@type\":\"Article\",\"@id\":\"https:\\\/\\\/bale.ch\\\/journal\\\/exposition-le-bouddhisme-de-madame-butterfly-au-meg\\\/#article\",\"isPartOf\":{\"@id\":\"https:\\\/\\\/bale.ch\\\/journal\\\/exposition-le-bouddhisme-de-madame-butterfly-au-meg\\\/\"},\"author\":{\"name\":\"Natacha de Santignac\",\"@id\":\"https:\\\/\\\/bale.ch\\\/journal\\\/#\\\/schema\\\/person\\\/c9c2f300463adf9091a28673ecb80750\"},\"headline\":\"Exposition: \u00abLe bouddhisme de Madame Butterfly\u00bb\",\"datePublished\":\"2015-11-26T12:49:30+00:00\",\"dateModified\":\"2015-11-26T12:52:49+00:00\",\"mainEntityOfPage\":{\"@id\":\"https:\\\/\\\/bale.ch\\\/journal\\\/exposition-le-bouddhisme-de-madame-butterfly-au-meg\\\/\"},\"wordCount\":628,\"publisher\":{\"@id\":\"https:\\\/\\\/bale.ch\\\/journal\\\/#organization\"},\"image\":{\"@id\":\"https:\\\/\\\/bale.ch\\\/journal\\\/exposition-le-bouddhisme-de-madame-butterfly-au-meg\\\/#primaryimage\"},\"thumbnailUrl\":\"https:\\\/\\\/bale.ch\\\/journal\\\/wp-content\\\/uploads\\\/2015\\\/11\\\/meg_2015.jpg\",\"articleSection\":[\"Grand Gen\u00e8ve\",\"Sortir\"],\"inLanguage\":\"fr-FR\"},{\"@type\":\"WebPage\",\"@id\":\"https:\\\/\\\/bale.ch\\\/journal\\\/exposition-le-bouddhisme-de-madame-butterfly-au-meg\\\/\",\"url\":\"https:\\\/\\\/bale.ch\\\/journal\\\/exposition-le-bouddhisme-de-madame-butterfly-au-meg\\\/\",\"name\":\"Exposition: \u00abLe bouddhisme de Madame Butterfly\u00bb - Journal de B\u00e2le et Gen\u00e8ve\",\"isPartOf\":{\"@id\":\"https:\\\/\\\/bale.ch\\\/journal\\\/#website\"},\"primaryImageOfPage\":{\"@id\":\"https:\\\/\\\/bale.ch\\\/journal\\\/exposition-le-bouddhisme-de-madame-butterfly-au-meg\\\/#primaryimage\"},\"image\":{\"@id\":\"https:\\\/\\\/bale.ch\\\/journal\\\/exposition-le-bouddhisme-de-madame-butterfly-au-meg\\\/#primaryimage\"},\"thumbnailUrl\":\"https:\\\/\\\/bale.ch\\\/journal\\\/wp-content\\\/uploads\\\/2015\\\/11\\\/meg_2015.jpg\",\"datePublished\":\"2015-11-26T12:49:30+00:00\",\"dateModified\":\"2015-11-26T12:52:49+00:00\",\"breadcrumb\":{\"@id\":\"https:\\\/\\\/bale.ch\\\/journal\\\/exposition-le-bouddhisme-de-madame-butterfly-au-meg\\\/#breadcrumb\"},\"inLanguage\":\"fr-FR\",\"potentialAction\":[{\"@type\":\"ReadAction\",\"target\":[\"https:\\\/\\\/bale.ch\\\/journal\\\/exposition-le-bouddhisme-de-madame-butterfly-au-meg\\\/\"]}]},{\"@type\":\"ImageObject\",\"inLanguage\":\"fr-FR\",\"@id\":\"https:\\\/\\\/bale.ch\\\/journal\\\/exposition-le-bouddhisme-de-madame-butterfly-au-meg\\\/#primaryimage\",\"url\":\"https:\\\/\\\/bale.ch\\\/journal\\\/wp-content\\\/uploads\\\/2015\\\/11\\\/meg_2015.jpg\",\"contentUrl\":\"https:\\\/\\\/bale.ch\\\/journal\\\/wp-content\\\/uploads\\\/2015\\\/11\\\/meg_2015.jpg\",\"width\":4480,\"height\":2520},{\"@type\":\"BreadcrumbList\",\"@id\":\"https:\\\/\\\/bale.ch\\\/journal\\\/exposition-le-bouddhisme-de-madame-butterfly-au-meg\\\/#breadcrumb\",\"itemListElement\":[{\"@type\":\"ListItem\",\"position\":1,\"name\":\"Accueil\",\"item\":\"https:\\\/\\\/bale.ch\\\/journal\\\/\"},{\"@type\":\"ListItem\",\"position\":2,\"name\":\"Exposition: \u00abLe bouddhisme de Madame Butterfly\u00bb\"}]},{\"@type\":\"WebSite\",\"@id\":\"https:\\\/\\\/bale.ch\\\/journal\\\/#website\",\"url\":\"https:\\\/\\\/bale.ch\\\/journal\\\/\",\"name\":\"Journal de B\u00e2le et Gen\u00e8ve\",\"description\":\"M\u00e9dia transfrontalier d&#039;actualit\u00e9s - News\",\"publisher\":{\"@id\":\"https:\\\/\\\/bale.ch\\\/journal\\\/#organization\"},\"potentialAction\":[{\"@type\":\"SearchAction\",\"target\":{\"@type\":\"EntryPoint\",\"urlTemplate\":\"https:\\\/\\\/bale.ch\\\/journal\\\/?s={search_term_string}\"},\"query-input\":{\"@type\":\"PropertyValueSpecification\",\"valueRequired\":true,\"valueName\":\"search_term_string\"}}],\"inLanguage\":\"fr-FR\"},{\"@type\":\"Organization\",\"@id\":\"https:\\\/\\\/bale.ch\\\/journal\\\/#organization\",\"name\":\"Journal de B\u00e2le et Gen\u00e8ve\",\"url\":\"https:\\\/\\\/bale.ch\\\/journal\\\/\",\"logo\":{\"@type\":\"ImageObject\",\"inLanguage\":\"fr-FR\",\"@id\":\"https:\\\/\\\/bale.ch\\\/journal\\\/#\\\/schema\\\/logo\\\/image\\\/\",\"url\":\"https:\\\/\\\/bale.ch\\\/journal\\\/wp-content\\\/uploads\\\/2023\\\/07\\\/journaldebale_logo_2023_nb.png\",\"contentUrl\":\"https:\\\/\\\/bale.ch\\\/journal\\\/wp-content\\\/uploads\\\/2023\\\/07\\\/journaldebale_logo_2023_nb.png\",\"width\":371,\"height\":127,\"caption\":\"Journal de B\u00e2le et Gen\u00e8ve\"},\"image\":{\"@id\":\"https:\\\/\\\/bale.ch\\\/journal\\\/#\\\/schema\\\/logo\\\/image\\\/\"}},{\"@type\":\"Person\",\"@id\":\"https:\\\/\\\/bale.ch\\\/journal\\\/#\\\/schema\\\/person\\\/c9c2f300463adf9091a28673ecb80750\",\"name\":\"Natacha de Santignac\",\"image\":{\"@type\":\"ImageObject\",\"inLanguage\":\"fr-FR\",\"@id\":\"https:\\\/\\\/secure.gravatar.com\\\/avatar\\\/bf2e26e0c999fa3e29ea55d852a513d13a609e3bf13537baf6fcc8306b6a0cdf?s=96&d=mm&r=g\",\"url\":\"https:\\\/\\\/secure.gravatar.com\\\/avatar\\\/bf2e26e0c999fa3e29ea55d852a513d13a609e3bf13537baf6fcc8306b6a0cdf?s=96&d=mm&r=g\",\"contentUrl\":\"https:\\\/\\\/secure.gravatar.com\\\/avatar\\\/bf2e26e0c999fa3e29ea55d852a513d13a609e3bf13537baf6fcc8306b6a0cdf?s=96&d=mm&r=g\",\"caption\":\"Natacha de Santignac\"},\"description\":\"kaleidoscopes.ch\",\"sameAs\":[\"http:\\\/\\\/kaleidoscopes.ch\"],\"url\":\"https:\\\/\\\/bale.ch\\\/journal\\\/author\\\/nds\\\/\"}]}<\/script>\n<!-- \/ Yoast SEO plugin. -->","yoast_head_json":{"title":"Exposition: \u00abLe bouddhisme de Madame Butterfly\u00bb - Journal de B\u00e2le et Gen\u00e8ve","robots":{"index":"index","follow":"follow","max-snippet":"max-snippet:-1","max-image-preview":"max-image-preview:large","max-video-preview":"max-video-preview:-1"},"canonical":"https:\/\/bale.ch\/journal\/exposition-le-bouddhisme-de-madame-butterfly-au-meg\/","og_locale":"fr_FR","og_type":"article","og_title":"Exposition: \u00abLe bouddhisme de Madame Butterfly\u00bb - Journal de B\u00e2le et Gen\u00e8ve","og_description":"Maintenant que le vent glac\u00e9 souffle, que la pluie froide tombe et que le ciel devient de plus en plus blanc, aucune excuse (je dis bien: aucune!) ne peut justifier Continuer la lecture","og_url":"https:\/\/bale.ch\/journal\/exposition-le-bouddhisme-de-madame-butterfly-au-meg\/","og_site_name":"Journal de B\u00e2le et Gen\u00e8ve","article_published_time":"2015-11-26T12:49:30+00:00","article_modified_time":"2015-11-26T12:52:49+00:00","og_image":[{"width":1024,"height":576,"url":"https:\/\/bale.ch\/journal\/wp-content\/uploads\/2015\/11\/meg_2015-1024x576.jpg","type":"image\/jpeg"}],"author":"Natacha de Santignac","twitter_card":"summary_large_image","twitter_misc":{"\u00c9crit par":"Natacha de Santignac","Dur\u00e9e de lecture estim\u00e9e":"3 minutes"},"schema":{"@context":"https:\/\/schema.org","@graph":[{"@type":"Article","@id":"https:\/\/bale.ch\/journal\/exposition-le-bouddhisme-de-madame-butterfly-au-meg\/#article","isPartOf":{"@id":"https:\/\/bale.ch\/journal\/exposition-le-bouddhisme-de-madame-butterfly-au-meg\/"},"author":{"name":"Natacha de Santignac","@id":"https:\/\/bale.ch\/journal\/#\/schema\/person\/c9c2f300463adf9091a28673ecb80750"},"headline":"Exposition: \u00abLe bouddhisme de Madame Butterfly\u00bb","datePublished":"2015-11-26T12:49:30+00:00","dateModified":"2015-11-26T12:52:49+00:00","mainEntityOfPage":{"@id":"https:\/\/bale.ch\/journal\/exposition-le-bouddhisme-de-madame-butterfly-au-meg\/"},"wordCount":628,"publisher":{"@id":"https:\/\/bale.ch\/journal\/#organization"},"image":{"@id":"https:\/\/bale.ch\/journal\/exposition-le-bouddhisme-de-madame-butterfly-au-meg\/#primaryimage"},"thumbnailUrl":"https:\/\/bale.ch\/journal\/wp-content\/uploads\/2015\/11\/meg_2015.jpg","articleSection":["Grand Gen\u00e8ve","Sortir"],"inLanguage":"fr-FR"},{"@type":"WebPage","@id":"https:\/\/bale.ch\/journal\/exposition-le-bouddhisme-de-madame-butterfly-au-meg\/","url":"https:\/\/bale.ch\/journal\/exposition-le-bouddhisme-de-madame-butterfly-au-meg\/","name":"Exposition: \u00abLe bouddhisme de Madame Butterfly\u00bb - Journal de B\u00e2le et Gen\u00e8ve","isPartOf":{"@id":"https:\/\/bale.ch\/journal\/#website"},"primaryImageOfPage":{"@id":"https:\/\/bale.ch\/journal\/exposition-le-bouddhisme-de-madame-butterfly-au-meg\/#primaryimage"},"image":{"@id":"https:\/\/bale.ch\/journal\/exposition-le-bouddhisme-de-madame-butterfly-au-meg\/#primaryimage"},"thumbnailUrl":"https:\/\/bale.ch\/journal\/wp-content\/uploads\/2015\/11\/meg_2015.jpg","datePublished":"2015-11-26T12:49:30+00:00","dateModified":"2015-11-26T12:52:49+00:00","breadcrumb":{"@id":"https:\/\/bale.ch\/journal\/exposition-le-bouddhisme-de-madame-butterfly-au-meg\/#breadcrumb"},"inLanguage":"fr-FR","potentialAction":[{"@type":"ReadAction","target":["https:\/\/bale.ch\/journal\/exposition-le-bouddhisme-de-madame-butterfly-au-meg\/"]}]},{"@type":"ImageObject","inLanguage":"fr-FR","@id":"https:\/\/bale.ch\/journal\/exposition-le-bouddhisme-de-madame-butterfly-au-meg\/#primaryimage","url":"https:\/\/bale.ch\/journal\/wp-content\/uploads\/2015\/11\/meg_2015.jpg","contentUrl":"https:\/\/bale.ch\/journal\/wp-content\/uploads\/2015\/11\/meg_2015.jpg","width":4480,"height":2520},{"@type":"BreadcrumbList","@id":"https:\/\/bale.ch\/journal\/exposition-le-bouddhisme-de-madame-butterfly-au-meg\/#breadcrumb","itemListElement":[{"@type":"ListItem","position":1,"name":"Accueil","item":"https:\/\/bale.ch\/journal\/"},{"@type":"ListItem","position":2,"name":"Exposition: \u00abLe bouddhisme de Madame Butterfly\u00bb"}]},{"@type":"WebSite","@id":"https:\/\/bale.ch\/journal\/#website","url":"https:\/\/bale.ch\/journal\/","name":"Journal de B\u00e2le et Gen\u00e8ve","description":"M\u00e9dia transfrontalier d&#039;actualit\u00e9s - News","publisher":{"@id":"https:\/\/bale.ch\/journal\/#organization"},"potentialAction":[{"@type":"SearchAction","target":{"@type":"EntryPoint","urlTemplate":"https:\/\/bale.ch\/journal\/?s={search_term_string}"},"query-input":{"@type":"PropertyValueSpecification","valueRequired":true,"valueName":"search_term_string"}}],"inLanguage":"fr-FR"},{"@type":"Organization","@id":"https:\/\/bale.ch\/journal\/#organization","name":"Journal de B\u00e2le et Gen\u00e8ve","url":"https:\/\/bale.ch\/journal\/","logo":{"@type":"ImageObject","inLanguage":"fr-FR","@id":"https:\/\/bale.ch\/journal\/#\/schema\/logo\/image\/","url":"https:\/\/bale.ch\/journal\/wp-content\/uploads\/2023\/07\/journaldebale_logo_2023_nb.png","contentUrl":"https:\/\/bale.ch\/journal\/wp-content\/uploads\/2023\/07\/journaldebale_logo_2023_nb.png","width":371,"height":127,"caption":"Journal de B\u00e2le et Gen\u00e8ve"},"image":{"@id":"https:\/\/bale.ch\/journal\/#\/schema\/logo\/image\/"}},{"@type":"Person","@id":"https:\/\/bale.ch\/journal\/#\/schema\/person\/c9c2f300463adf9091a28673ecb80750","name":"Natacha de Santignac","image":{"@type":"ImageObject","inLanguage":"fr-FR","@id":"https:\/\/secure.gravatar.com\/avatar\/bf2e26e0c999fa3e29ea55d852a513d13a609e3bf13537baf6fcc8306b6a0cdf?s=96&d=mm&r=g","url":"https:\/\/secure.gravatar.com\/avatar\/bf2e26e0c999fa3e29ea55d852a513d13a609e3bf13537baf6fcc8306b6a0cdf?s=96&d=mm&r=g","contentUrl":"https:\/\/secure.gravatar.com\/avatar\/bf2e26e0c999fa3e29ea55d852a513d13a609e3bf13537baf6fcc8306b6a0cdf?s=96&d=mm&r=g","caption":"Natacha de Santignac"},"description":"kaleidoscopes.ch","sameAs":["http:\/\/kaleidoscopes.ch"],"url":"https:\/\/bale.ch\/journal\/author\/nds\/"}]}},"_links":{"self":[{"href":"https:\/\/bale.ch\/journal\/wp-json\/wp\/v2\/posts\/284","targetHints":{"allow":["GET"]}}],"collection":[{"href":"https:\/\/bale.ch\/journal\/wp-json\/wp\/v2\/posts"}],"about":[{"href":"https:\/\/bale.ch\/journal\/wp-json\/wp\/v2\/types\/post"}],"author":[{"embeddable":true,"href":"https:\/\/bale.ch\/journal\/wp-json\/wp\/v2\/users\/5"}],"replies":[{"embeddable":true,"href":"https:\/\/bale.ch\/journal\/wp-json\/wp\/v2\/comments?post=284"}],"version-history":[{"count":2,"href":"https:\/\/bale.ch\/journal\/wp-json\/wp\/v2\/posts\/284\/revisions"}],"predecessor-version":[{"id":287,"href":"https:\/\/bale.ch\/journal\/wp-json\/wp\/v2\/posts\/284\/revisions\/287"}],"wp:featuredmedia":[{"embeddable":true,"href":"https:\/\/bale.ch\/journal\/wp-json\/wp\/v2\/media\/286"}],"wp:attachment":[{"href":"https:\/\/bale.ch\/journal\/wp-json\/wp\/v2\/media?parent=284"}],"wp:term":[{"taxonomy":"category","embeddable":true,"href":"https:\/\/bale.ch\/journal\/wp-json\/wp\/v2\/categories?post=284"},{"taxonomy":"post_tag","embeddable":true,"href":"https:\/\/bale.ch\/journal\/wp-json\/wp\/v2\/tags?post=284"}],"curies":[{"name":"wp","href":"https:\/\/api.w.org\/{rel}","templated":true}]}}