{"id":2865,"date":"2020-04-07T15:45:07","date_gmt":"2020-04-07T15:45:07","guid":{"rendered":"http:\/\/bale.ch\/journal\/?p=2865"},"modified":"2020-04-07T15:45:08","modified_gmt":"2020-04-07T15:45:08","slug":"cooperation-transfrontaliere-covid-19-grand-geneve","status":"publish","type":"post","link":"https:\/\/bale.ch\/journal\/cooperation-transfrontaliere-covid-19-grand-geneve\/","title":{"rendered":"Une coop\u00e9ration transfrontali\u00e8re d\u00e9scisive contre le Covid-19 dans le Grand Gen\u00e8ve"},"content":{"rendered":"\n<p class=\"wp-block-paragraph\"><strong>L&rsquo;agglom\u00e9ration binationale du Grand Gen\u00e8ve conna\u00eet des hauts et des bas depuis sa cr\u00e9ation. Mais avec la crise sanitaire actuelle, un \u00e9tat d&rsquo;esprit constructif et solidaire anime les diff\u00e9rentes structures des territoires genevois, savoyards, gessiens et vaudois qui la composent.<\/strong><\/p>\n\n\n\n<p class=\"wp-block-paragraph\">Le COVID-19 ne conna\u00eet aucune fronti\u00e8re. C&rsquo;est pourquoi la coop\u00e9ration transfrontali\u00e8re est d\u00e9cisive pour mener une lutte efficace contre ce virus. A l&rsquo;\u00e9chelle du Grand Gen\u00e8ve, cette coop\u00e9ration d\u00e9j\u00e0 tangible et solide a pu s&rsquo;intensifier rapidement gr\u00e2ce \u00e0 la confiance mutuelle et \u00e0 la solidarit\u00e9 d\u00e9velopp\u00e9es entre les autorit\u00e9s fran\u00e7aises et genevoises depuis de nombreuses ann\u00e9es.<\/p>\n\n\n\n<p class=\"wp-block-paragraph\">De part et d&rsquo;autre de la fronti\u00e8re, la r\u00e9ponse \u00e0 la pand\u00e9mie mobilise de multiples services des domaines sanitaire et de la s\u00e9curit\u00e9. Depuis l&rsquo;activation des plans de crise \u00e0 la mi-mars, les acteurs engag\u00e9s des pr\u00e9fectures de l\u2019Ain, de la Haute-Savoie, du canton de Gen\u00e8ve mais aussi du canton de Vaud se r\u00e9unissent deux fois par semaine sous l&rsquo;\u00e9gide de l&rsquo;\u00e9tat-major cantonal de conduite genevois ORCA (Organisation en cas de Catastrophe ou de situation exceptionnelle). Le but: \u00e9valuer la situation en continu et prendre les mesures n\u00e9cessaires dans l&rsquo;ensemble de l&rsquo;espace transfrontalier.<\/p><div id=\"crieu-2714738395\" class=\"crieu-content crieu-entity-placement\"><script async src=\"\/\/pagead2.googlesyndication.com\/pagead\/js\/adsbygoogle.js?client=ca-pub-5271584769416742\" crossorigin=\"anonymous\"><\/script><ins class=\"adsbygoogle\" style=\"display:block;\" data-ad-client=\"ca-pub-5271584769416742\" \ndata-ad-slot=\"9321250718\" \ndata-ad-format=\"auto\"><\/ins>\n<script> \n(adsbygoogle = window.adsbygoogle || []).push({}); \n<\/script>\n<\/div>\n\n\n\n<p class=\"wp-block-paragraph\">Dans le domaine sanitaire, les autorit\u00e9s fran\u00e7aises ont rapidement assur\u00e9 \u00e0 leurs partenaires genevois que le personnel soignant frontalier travaillant dans les h\u00f4pitaux suisses ne serait pas r\u00e9quisitionn\u00e9. Pour m\u00e9moire, pr\u00e8s de 40% du personnel travaillant dans les H\u00f4pitaux universitaires de Gen\u00e8ve (HUG) et dans les EMS genevois r\u00e9sident en France. Par ailleurs, d&rsquo;entente avec les Pr\u00e9fectures de l&rsquo;Ain et de la Haute-Savoie, les autorit\u00e9s genevoises ont mis \u00e0 disposition de ce m\u00eame personnel sanitaire un macaron facilitant le passage de la fronti\u00e8re. Une voie prioritaire a \u00e9t\u00e9 am\u00e9nag\u00e9e en ce sens dans quatre des neuf postes-fronti\u00e8res franco-genevois encore ouverts. La libre circulation des v\u00e9hicules des services de secours fran\u00e7ais et sanitaires transitant par la Suisse est assur\u00e9e.<\/p>\n\n\n\n<p class=\"wp-block-paragraph\">Depuis sa mise en place, le service d\u2019accueil des enfants des soignants assur\u00e9 dans les \u00e9tablissements scolaires fran\u00e7ais y compris les week-end est ouvert aux personnels exer\u00e7ant en Suisse.&nbsp;<\/p>\n\n\n\n<p class=\"wp-block-paragraph\">Parall\u00e8lement, une entraide hospitali\u00e8re transfrontali\u00e8re s&rsquo;est mise en place afin de r\u00e9partir les patients entre les diff\u00e9rentes structures hospitali\u00e8res de la r\u00e9gion en fonction des soins exig\u00e9s par leur \u00e9tat de sant\u00e9. Ainsi, \u00e0 ce jour, dix-huit personnes r\u00e9sidant en France voisine atteintes du COVID-19, dont seize r\u00e9sidents de l\u2019Ain et de la Haute-Savoie, sont hospitalis\u00e9s aux HUG. Ils s&rsquo;ajoutent aux deux patients h\u00e9liport\u00e9s samedi\u00a028 mars\u00a0de l&rsquo;h\u00f4pital de Mulhouse (Alsace) et pris en charge par les services sanitaires genevois.<\/p>\n\n\n\n<p class=\"wp-block-paragraph\">Dans le domaine s\u00e9curitaire, les responsables des polices fran\u00e7aise et genevoise entretiennent des contacts r\u00e9guliers pour coordonner les questions d&rsquo;ordre public et la mise en \u0153uvre des consignes de confinement.<\/p>\n\n\n\n<p class=\"wp-block-paragraph\">Enfin, sur le plan fiscal, la France et la Suisse se sont accord\u00e9es pour que le maintien \u00e0 domicile des travailleurs frontaliers n\u2019entra\u00eene pas de cons\u00e9quence sur le r\u00e9gime d\u2019imposition qui leur est applicable dans cette situation de force majeure.<\/p>\n\n\n\n<p class=\"wp-block-paragraph\">Toutes ces d\u00e9marches s\u2019inscrivent dans l\u2019esprit de collaboration entre la France et la Suisse pour soutenir les efforts de lutte collective contre la propagation du COVID-19. Les autorit\u00e9s continueront \u00e0 \u00e9changer \u00e9troitement pour mettre en place si n\u00e9cessaire de nouvelles mesures qui permettent de renforcer la lutte contre la pand\u00e9mie.<\/p>\n<div id=\"crieu-2508197940\" class=\"crieu-apres-le-contenu crieu-entity-placement\" style=\"margin-left: auto;margin-right: auto;text-align: center;\"><script async src=\"\/\/pagead2.googlesyndication.com\/pagead\/js\/adsbygoogle.js?client=ca-pub-5271584769416742\" crossorigin=\"anonymous\"><\/script><ins class=\"adsbygoogle\" style=\"display:block;\" data-ad-client=\"ca-pub-5271584769416742\" \ndata-ad-slot=\"9321250718\" \ndata-ad-format=\"auto\"><\/ins>\n<script> \n(adsbygoogle = window.adsbygoogle || []).push({}); \n<\/script>\n<\/div>","protected":false},"excerpt":{"rendered":"<p>L&rsquo;agglom\u00e9ration binationale du Grand Gen\u00e8ve conna\u00eet des hauts et des bas depuis sa cr\u00e9ation. Mais avec la crise sanitaire actuelle, un \u00e9tat d&rsquo;esprit constructif et solidaire anime les diff\u00e9rentes structures <a href=\"https:\/\/bale.ch\/journal\/cooperation-transfrontaliere-covid-19-grand-geneve\/\" class=\"read-more button-fancy -red\"><span class=\"btn-arrow\"><\/span><span class=\"twp-read-more text\">Continuer la lecture<\/span><\/a><\/p>\n","protected":false},"author":2,"featured_media":2866,"comment_status":"closed","ping_status":"closed","sticky":false,"template":"","format":"standard","meta":{"footnotes":""},"categories":[103,4],"tags":[203,59,73],"class_list":["post-2865","post","type-post","status-publish","format-standard","has-post-thumbnail","hentry","category-actu","category-grand-geneve","tag-covid-19","tag-grand-geneve","tag-haute-savoie"],"yoast_head":"<!-- This site is optimized with the Yoast SEO plugin v28.3 - https:\/\/yoast.com\/product\/yoast-seo-wordpress\/ -->\n<title>Une coop\u00e9ration transfrontali\u00e8re d\u00e9scisive contre le Covid-19 dans le Grand Gen\u00e8ve - Journal de B\u00e2le et Gen\u00e8ve<\/title>\n<meta name=\"robots\" content=\"index, follow, max-snippet:-1, max-image-preview:large, max-video-preview:-1\" \/>\n<link rel=\"canonical\" href=\"https:\/\/bale.ch\/journal\/cooperation-transfrontaliere-covid-19-grand-geneve\/\" \/>\n<meta property=\"og:locale\" content=\"fr_FR\" \/>\n<meta property=\"og:type\" content=\"article\" \/>\n<meta property=\"og:title\" content=\"Une coop\u00e9ration transfrontali\u00e8re d\u00e9scisive contre le Covid-19 dans le Grand Gen\u00e8ve - Journal de B\u00e2le et Gen\u00e8ve\" \/>\n<meta property=\"og:description\" content=\"L&rsquo;agglom\u00e9ration binationale du Grand Gen\u00e8ve conna\u00eet des hauts et des bas depuis sa cr\u00e9ation. Mais avec la crise sanitaire actuelle, un \u00e9tat d&rsquo;esprit constructif et solidaire anime les diff\u00e9rentes structures Continuer la lecture\" \/>\n<meta property=\"og:url\" content=\"https:\/\/bale.ch\/journal\/cooperation-transfrontaliere-covid-19-grand-geneve\/\" \/>\n<meta property=\"og:site_name\" content=\"Journal de B\u00e2le et Gen\u00e8ve\" \/>\n<meta property=\"article:published_time\" content=\"2020-04-07T15:45:07+00:00\" \/>\n<meta property=\"article:modified_time\" content=\"2020-04-07T15:45:08+00:00\" \/>\n<meta property=\"og:image\" content=\"https:\/\/bale.ch\/journal\/wp-content\/uploads\/2020\/04\/covid_19_grand_geneve_cooperation.jpg\" \/>\n\t<meta property=\"og:image:width\" content=\"900\" \/>\n\t<meta property=\"og:image:height\" content=\"484\" \/>\n\t<meta property=\"og:image:type\" content=\"image\/jpeg\" \/>\n<meta name=\"author\" content=\"La R\u00e9daction\" \/>\n<meta name=\"twitter:card\" content=\"summary_large_image\" \/>\n<meta name=\"twitter:label1\" content=\"\u00c9crit par\" \/>\n\t<meta name=\"twitter:data1\" content=\"La R\u00e9daction\" \/>\n\t<meta name=\"twitter:label2\" content=\"Dur\u00e9e de lecture estim\u00e9e\" \/>\n\t<meta name=\"twitter:data2\" content=\"3 minutes\" \/>\n<script type=\"application\/ld+json\" class=\"yoast-schema-graph\">{\"@context\":\"https:\\\/\\\/schema.org\",\"@graph\":[{\"@type\":\"Article\",\"@id\":\"https:\\\/\\\/bale.ch\\\/journal\\\/cooperation-transfrontaliere-covid-19-grand-geneve\\\/#article\",\"isPartOf\":{\"@id\":\"https:\\\/\\\/bale.ch\\\/journal\\\/cooperation-transfrontaliere-covid-19-grand-geneve\\\/\"},\"author\":{\"name\":\"La R\u00e9daction\",\"@id\":\"https:\\\/\\\/bale.ch\\\/journal\\\/#\\\/schema\\\/person\\\/03ced978db3b7a5274c5cef003f352f5\"},\"headline\":\"Une coop\u00e9ration transfrontali\u00e8re d\u00e9scisive contre le Covid-19 dans le Grand Gen\u00e8ve\",\"datePublished\":\"2020-04-07T15:45:07+00:00\",\"dateModified\":\"2020-04-07T15:45:08+00:00\",\"mainEntityOfPage\":{\"@id\":\"https:\\\/\\\/bale.ch\\\/journal\\\/cooperation-transfrontaliere-covid-19-grand-geneve\\\/\"},\"wordCount\":640,\"publisher\":{\"@id\":\"https:\\\/\\\/bale.ch\\\/journal\\\/#organization\"},\"image\":{\"@id\":\"https:\\\/\\\/bale.ch\\\/journal\\\/cooperation-transfrontaliere-covid-19-grand-geneve\\\/#primaryimage\"},\"thumbnailUrl\":\"https:\\\/\\\/bale.ch\\\/journal\\\/wp-content\\\/uploads\\\/2020\\\/04\\\/covid_19_grand_geneve_cooperation.jpg\",\"keywords\":[\"covid-19\",\"Grand Gen\u00e8ve\",\"Haute-Savoie\"],\"articleSection\":[\"Actualit\u00e9s\",\"Grand Gen\u00e8ve\"],\"inLanguage\":\"fr-FR\"},{\"@type\":\"WebPage\",\"@id\":\"https:\\\/\\\/bale.ch\\\/journal\\\/cooperation-transfrontaliere-covid-19-grand-geneve\\\/\",\"url\":\"https:\\\/\\\/bale.ch\\\/journal\\\/cooperation-transfrontaliere-covid-19-grand-geneve\\\/\",\"name\":\"Une coop\u00e9ration transfrontali\u00e8re d\u00e9scisive contre le Covid-19 dans le Grand Gen\u00e8ve - Journal de B\u00e2le et Gen\u00e8ve\",\"isPartOf\":{\"@id\":\"https:\\\/\\\/bale.ch\\\/journal\\\/#website\"},\"primaryImageOfPage\":{\"@id\":\"https:\\\/\\\/bale.ch\\\/journal\\\/cooperation-transfrontaliere-covid-19-grand-geneve\\\/#primaryimage\"},\"image\":{\"@id\":\"https:\\\/\\\/bale.ch\\\/journal\\\/cooperation-transfrontaliere-covid-19-grand-geneve\\\/#primaryimage\"},\"thumbnailUrl\":\"https:\\\/\\\/bale.ch\\\/journal\\\/wp-content\\\/uploads\\\/2020\\\/04\\\/covid_19_grand_geneve_cooperation.jpg\",\"datePublished\":\"2020-04-07T15:45:07+00:00\",\"dateModified\":\"2020-04-07T15:45:08+00:00\",\"breadcrumb\":{\"@id\":\"https:\\\/\\\/bale.ch\\\/journal\\\/cooperation-transfrontaliere-covid-19-grand-geneve\\\/#breadcrumb\"},\"inLanguage\":\"fr-FR\",\"potentialAction\":[{\"@type\":\"ReadAction\",\"target\":[\"https:\\\/\\\/bale.ch\\\/journal\\\/cooperation-transfrontaliere-covid-19-grand-geneve\\\/\"]}]},{\"@type\":\"ImageObject\",\"inLanguage\":\"fr-FR\",\"@id\":\"https:\\\/\\\/bale.ch\\\/journal\\\/cooperation-transfrontaliere-covid-19-grand-geneve\\\/#primaryimage\",\"url\":\"https:\\\/\\\/bale.ch\\\/journal\\\/wp-content\\\/uploads\\\/2020\\\/04\\\/covid_19_grand_geneve_cooperation.jpg\",\"contentUrl\":\"https:\\\/\\\/bale.ch\\\/journal\\\/wp-content\\\/uploads\\\/2020\\\/04\\\/covid_19_grand_geneve_cooperation.jpg\",\"width\":900,\"height\":484},{\"@type\":\"BreadcrumbList\",\"@id\":\"https:\\\/\\\/bale.ch\\\/journal\\\/cooperation-transfrontaliere-covid-19-grand-geneve\\\/#breadcrumb\",\"itemListElement\":[{\"@type\":\"ListItem\",\"position\":1,\"name\":\"Accueil\",\"item\":\"https:\\\/\\\/bale.ch\\\/journal\\\/\"},{\"@type\":\"ListItem\",\"position\":2,\"name\":\"Une coop\u00e9ration transfrontali\u00e8re d\u00e9scisive contre le Covid-19 dans le Grand Gen\u00e8ve\"}]},{\"@type\":\"WebSite\",\"@id\":\"https:\\\/\\\/bale.ch\\\/journal\\\/#website\",\"url\":\"https:\\\/\\\/bale.ch\\\/journal\\\/\",\"name\":\"Journal de B\u00e2le et Gen\u00e8ve\",\"description\":\"M\u00e9dia transfrontalier d&#039;actualit\u00e9s - News\",\"publisher\":{\"@id\":\"https:\\\/\\\/bale.ch\\\/journal\\\/#organization\"},\"potentialAction\":[{\"@type\":\"SearchAction\",\"target\":{\"@type\":\"EntryPoint\",\"urlTemplate\":\"https:\\\/\\\/bale.ch\\\/journal\\\/?s={search_term_string}\"},\"query-input\":{\"@type\":\"PropertyValueSpecification\",\"valueRequired\":true,\"valueName\":\"search_term_string\"}}],\"inLanguage\":\"fr-FR\"},{\"@type\":\"Organization\",\"@id\":\"https:\\\/\\\/bale.ch\\\/journal\\\/#organization\",\"name\":\"Journal de B\u00e2le et Gen\u00e8ve\",\"url\":\"https:\\\/\\\/bale.ch\\\/journal\\\/\",\"logo\":{\"@type\":\"ImageObject\",\"inLanguage\":\"fr-FR\",\"@id\":\"https:\\\/\\\/bale.ch\\\/journal\\\/#\\\/schema\\\/logo\\\/image\\\/\",\"url\":\"https:\\\/\\\/bale.ch\\\/journal\\\/wp-content\\\/uploads\\\/2023\\\/07\\\/journaldebale_logo_2023_nb.png\",\"contentUrl\":\"https:\\\/\\\/bale.ch\\\/journal\\\/wp-content\\\/uploads\\\/2023\\\/07\\\/journaldebale_logo_2023_nb.png\",\"width\":371,\"height\":127,\"caption\":\"Journal de B\u00e2le et Gen\u00e8ve\"},\"image\":{\"@id\":\"https:\\\/\\\/bale.ch\\\/journal\\\/#\\\/schema\\\/logo\\\/image\\\/\"}},{\"@type\":\"Person\",\"@id\":\"https:\\\/\\\/bale.ch\\\/journal\\\/#\\\/schema\\\/person\\\/03ced978db3b7a5274c5cef003f352f5\",\"name\":\"La R\u00e9daction\",\"image\":{\"@type\":\"ImageObject\",\"inLanguage\":\"fr-FR\",\"@id\":\"https:\\\/\\\/secure.gravatar.com\\\/avatar\\\/d1327e2ce8d2b860112f968a3f34686c9bdda7a463a1502cdd1070ac9d88cf1e?s=96&d=mm&r=g\",\"url\":\"https:\\\/\\\/secure.gravatar.com\\\/avatar\\\/d1327e2ce8d2b860112f968a3f34686c9bdda7a463a1502cdd1070ac9d88cf1e?s=96&d=mm&r=g\",\"contentUrl\":\"https:\\\/\\\/secure.gravatar.com\\\/avatar\\\/d1327e2ce8d2b860112f968a3f34686c9bdda7a463a1502cdd1070ac9d88cf1e?s=96&d=mm&r=g\",\"caption\":\"La R\u00e9daction\"},\"url\":\"https:\\\/\\\/bale.ch\\\/journal\\\/author\\\/laredaction\\\/\"}]}<\/script>\n<!-- \/ Yoast SEO plugin. -->","yoast_head_json":{"title":"Une coop\u00e9ration transfrontali\u00e8re d\u00e9scisive contre le Covid-19 dans le Grand Gen\u00e8ve - Journal de B\u00e2le et Gen\u00e8ve","robots":{"index":"index","follow":"follow","max-snippet":"max-snippet:-1","max-image-preview":"max-image-preview:large","max-video-preview":"max-video-preview:-1"},"canonical":"https:\/\/bale.ch\/journal\/cooperation-transfrontaliere-covid-19-grand-geneve\/","og_locale":"fr_FR","og_type":"article","og_title":"Une coop\u00e9ration transfrontali\u00e8re d\u00e9scisive contre le Covid-19 dans le Grand Gen\u00e8ve - Journal de B\u00e2le et Gen\u00e8ve","og_description":"L&rsquo;agglom\u00e9ration binationale du Grand Gen\u00e8ve conna\u00eet des hauts et des bas depuis sa cr\u00e9ation. Mais avec la crise sanitaire actuelle, un \u00e9tat d&rsquo;esprit constructif et solidaire anime les diff\u00e9rentes structures Continuer la lecture","og_url":"https:\/\/bale.ch\/journal\/cooperation-transfrontaliere-covid-19-grand-geneve\/","og_site_name":"Journal de B\u00e2le et Gen\u00e8ve","article_published_time":"2020-04-07T15:45:07+00:00","article_modified_time":"2020-04-07T15:45:08+00:00","og_image":[{"width":900,"height":484,"url":"https:\/\/bale.ch\/journal\/wp-content\/uploads\/2020\/04\/covid_19_grand_geneve_cooperation.jpg","type":"image\/jpeg"}],"author":"La R\u00e9daction","twitter_card":"summary_large_image","twitter_misc":{"\u00c9crit par":"La R\u00e9daction","Dur\u00e9e de lecture estim\u00e9e":"3 minutes"},"schema":{"@context":"https:\/\/schema.org","@graph":[{"@type":"Article","@id":"https:\/\/bale.ch\/journal\/cooperation-transfrontaliere-covid-19-grand-geneve\/#article","isPartOf":{"@id":"https:\/\/bale.ch\/journal\/cooperation-transfrontaliere-covid-19-grand-geneve\/"},"author":{"name":"La R\u00e9daction","@id":"https:\/\/bale.ch\/journal\/#\/schema\/person\/03ced978db3b7a5274c5cef003f352f5"},"headline":"Une coop\u00e9ration transfrontali\u00e8re d\u00e9scisive contre le Covid-19 dans le Grand Gen\u00e8ve","datePublished":"2020-04-07T15:45:07+00:00","dateModified":"2020-04-07T15:45:08+00:00","mainEntityOfPage":{"@id":"https:\/\/bale.ch\/journal\/cooperation-transfrontaliere-covid-19-grand-geneve\/"},"wordCount":640,"publisher":{"@id":"https:\/\/bale.ch\/journal\/#organization"},"image":{"@id":"https:\/\/bale.ch\/journal\/cooperation-transfrontaliere-covid-19-grand-geneve\/#primaryimage"},"thumbnailUrl":"https:\/\/bale.ch\/journal\/wp-content\/uploads\/2020\/04\/covid_19_grand_geneve_cooperation.jpg","keywords":["covid-19","Grand Gen\u00e8ve","Haute-Savoie"],"articleSection":["Actualit\u00e9s","Grand Gen\u00e8ve"],"inLanguage":"fr-FR"},{"@type":"WebPage","@id":"https:\/\/bale.ch\/journal\/cooperation-transfrontaliere-covid-19-grand-geneve\/","url":"https:\/\/bale.ch\/journal\/cooperation-transfrontaliere-covid-19-grand-geneve\/","name":"Une coop\u00e9ration transfrontali\u00e8re d\u00e9scisive contre le Covid-19 dans le Grand Gen\u00e8ve - Journal de B\u00e2le et Gen\u00e8ve","isPartOf":{"@id":"https:\/\/bale.ch\/journal\/#website"},"primaryImageOfPage":{"@id":"https:\/\/bale.ch\/journal\/cooperation-transfrontaliere-covid-19-grand-geneve\/#primaryimage"},"image":{"@id":"https:\/\/bale.ch\/journal\/cooperation-transfrontaliere-covid-19-grand-geneve\/#primaryimage"},"thumbnailUrl":"https:\/\/bale.ch\/journal\/wp-content\/uploads\/2020\/04\/covid_19_grand_geneve_cooperation.jpg","datePublished":"2020-04-07T15:45:07+00:00","dateModified":"2020-04-07T15:45:08+00:00","breadcrumb":{"@id":"https:\/\/bale.ch\/journal\/cooperation-transfrontaliere-covid-19-grand-geneve\/#breadcrumb"},"inLanguage":"fr-FR","potentialAction":[{"@type":"ReadAction","target":["https:\/\/bale.ch\/journal\/cooperation-transfrontaliere-covid-19-grand-geneve\/"]}]},{"@type":"ImageObject","inLanguage":"fr-FR","@id":"https:\/\/bale.ch\/journal\/cooperation-transfrontaliere-covid-19-grand-geneve\/#primaryimage","url":"https:\/\/bale.ch\/journal\/wp-content\/uploads\/2020\/04\/covid_19_grand_geneve_cooperation.jpg","contentUrl":"https:\/\/bale.ch\/journal\/wp-content\/uploads\/2020\/04\/covid_19_grand_geneve_cooperation.jpg","width":900,"height":484},{"@type":"BreadcrumbList","@id":"https:\/\/bale.ch\/journal\/cooperation-transfrontaliere-covid-19-grand-geneve\/#breadcrumb","itemListElement":[{"@type":"ListItem","position":1,"name":"Accueil","item":"https:\/\/bale.ch\/journal\/"},{"@type":"ListItem","position":2,"name":"Une coop\u00e9ration transfrontali\u00e8re d\u00e9scisive contre le Covid-19 dans le Grand Gen\u00e8ve"}]},{"@type":"WebSite","@id":"https:\/\/bale.ch\/journal\/#website","url":"https:\/\/bale.ch\/journal\/","name":"Journal de B\u00e2le et Gen\u00e8ve","description":"M\u00e9dia transfrontalier d&#039;actualit\u00e9s - News","publisher":{"@id":"https:\/\/bale.ch\/journal\/#organization"},"potentialAction":[{"@type":"SearchAction","target":{"@type":"EntryPoint","urlTemplate":"https:\/\/bale.ch\/journal\/?s={search_term_string}"},"query-input":{"@type":"PropertyValueSpecification","valueRequired":true,"valueName":"search_term_string"}}],"inLanguage":"fr-FR"},{"@type":"Organization","@id":"https:\/\/bale.ch\/journal\/#organization","name":"Journal de B\u00e2le et Gen\u00e8ve","url":"https:\/\/bale.ch\/journal\/","logo":{"@type":"ImageObject","inLanguage":"fr-FR","@id":"https:\/\/bale.ch\/journal\/#\/schema\/logo\/image\/","url":"https:\/\/bale.ch\/journal\/wp-content\/uploads\/2023\/07\/journaldebale_logo_2023_nb.png","contentUrl":"https:\/\/bale.ch\/journal\/wp-content\/uploads\/2023\/07\/journaldebale_logo_2023_nb.png","width":371,"height":127,"caption":"Journal de B\u00e2le et Gen\u00e8ve"},"image":{"@id":"https:\/\/bale.ch\/journal\/#\/schema\/logo\/image\/"}},{"@type":"Person","@id":"https:\/\/bale.ch\/journal\/#\/schema\/person\/03ced978db3b7a5274c5cef003f352f5","name":"La R\u00e9daction","image":{"@type":"ImageObject","inLanguage":"fr-FR","@id":"https:\/\/secure.gravatar.com\/avatar\/d1327e2ce8d2b860112f968a3f34686c9bdda7a463a1502cdd1070ac9d88cf1e?s=96&d=mm&r=g","url":"https:\/\/secure.gravatar.com\/avatar\/d1327e2ce8d2b860112f968a3f34686c9bdda7a463a1502cdd1070ac9d88cf1e?s=96&d=mm&r=g","contentUrl":"https:\/\/secure.gravatar.com\/avatar\/d1327e2ce8d2b860112f968a3f34686c9bdda7a463a1502cdd1070ac9d88cf1e?s=96&d=mm&r=g","caption":"La R\u00e9daction"},"url":"https:\/\/bale.ch\/journal\/author\/laredaction\/"}]}},"_links":{"self":[{"href":"https:\/\/bale.ch\/journal\/wp-json\/wp\/v2\/posts\/2865","targetHints":{"allow":["GET"]}}],"collection":[{"href":"https:\/\/bale.ch\/journal\/wp-json\/wp\/v2\/posts"}],"about":[{"href":"https:\/\/bale.ch\/journal\/wp-json\/wp\/v2\/types\/post"}],"author":[{"embeddable":true,"href":"https:\/\/bale.ch\/journal\/wp-json\/wp\/v2\/users\/2"}],"replies":[{"embeddable":true,"href":"https:\/\/bale.ch\/journal\/wp-json\/wp\/v2\/comments?post=2865"}],"version-history":[{"count":2,"href":"https:\/\/bale.ch\/journal\/wp-json\/wp\/v2\/posts\/2865\/revisions"}],"predecessor-version":[{"id":2869,"href":"https:\/\/bale.ch\/journal\/wp-json\/wp\/v2\/posts\/2865\/revisions\/2869"}],"wp:featuredmedia":[{"embeddable":true,"href":"https:\/\/bale.ch\/journal\/wp-json\/wp\/v2\/media\/2866"}],"wp:attachment":[{"href":"https:\/\/bale.ch\/journal\/wp-json\/wp\/v2\/media?parent=2865"}],"wp:term":[{"taxonomy":"category","embeddable":true,"href":"https:\/\/bale.ch\/journal\/wp-json\/wp\/v2\/categories?post=2865"},{"taxonomy":"post_tag","embeddable":true,"href":"https:\/\/bale.ch\/journal\/wp-json\/wp\/v2\/tags?post=2865"}],"curies":[{"name":"wp","href":"https:\/\/api.w.org\/{rel}","templated":true}]}}