{"id":2871,"date":"2020-04-07T16:18:01","date_gmt":"2020-04-07T16:18:01","guid":{"rendered":"http:\/\/bale.ch\/journal\/?p=2871"},"modified":"2020-04-07T16:30:12","modified_gmt":"2020-04-07T16:30:12","slug":"pas-de-traitement-preferentiel-pour-le-transport-aerien","status":"publish","type":"post","link":"https:\/\/bale.ch\/journal\/pas-de-traitement-preferentiel-pour-le-transport-aerien\/","title":{"rendered":"Transition \u00e9cologique: \u00ab\u00a0pas de traitement pr\u00e9f\u00e9rentiel pour le transport a\u00e9rien!\u00a0\u00bb"},"content":{"rendered":"\n<p class=\"wp-block-paragraph\"><strong>Quarante-six organisations et partis politiques ont envoy\u00e9 une lettre ouverte au Conseil f\u00e9d\u00e9ral dans laquelle ils lui demandent de ne pas privil\u00e9gier une nouvelle fois le transport a\u00e9rien par rapport aux autres secteurs \u00e9conomiques. Pour les signataires, \u00ab\u00a0tout soutien public doit prot\u00e9ger les travailleuses et les travailleurs, ainsi qu\u2019\u00eatre li\u00e9 \u00e0 des conditions posant des objectifs clairs en mati\u00e8re climatique\u00a0\u00bb.<\/strong><\/p>\n\n\n\n<p class=\"wp-block-paragraph\">En raison de la crise li\u00e9e au coronavirus, les compagnies a\u00e9riennes r\u00e9clament un soutien public. Le Conseil f\u00e9d\u00e9ral a mis en place un groupe de travail pour d\u00e9finir des mesures de soutien sp\u00e9cifiques \u00e0 l\u2019aviation. Pour les quarante-six organisations et partis politiques qui ont cosign\u00e9 la lettre ouverte au Conseil f\u00e9d\u00e9ral, le plan de sauvetage ne doit pas permettre au transport a\u00e9rien de retrouver son niveau de croissance effr\u00e9n\u00e9e, mais au contraire de s&rsquo;adapter aux objectifs climatiques.&nbsp;C\u2019est pour cette raison que qu&rsquo;elles exigent les conditions suivantes :<\/p>\n\n\n\n<ul class=\"wp-block-list\"><li><strong>Pas de nouveaux privil\u00e8ges pour le transport a\u00e9rien :<\/strong>\u00a0Le transport a\u00e9rien international qui n&rsquo;est pas soumis \u00e0 l&rsquo;imp\u00f4t sur le k\u00e9ros\u00e8ne et \u00e0 la TVA, ne doit pas profiter d&rsquo;un nouveau traitement pr\u00e9f\u00e9rentiel par rapport aux autres branches \u00e9conomiques. Le soutien public doit garantir la protection des travailleuses et travailleurs, ainsi qu\u2019\u00eatre li\u00e9 \u00e0 des conditions claires et efficaces en mati\u00e8re de politique climatique.<\/li><li><strong>R\u00e9duction des \u00e9missions pour la protection du climat :<\/strong>\u00a0Le transport a\u00e9rien est \u00e0 l&rsquo;origine de dix-neuf pour cent de l&rsquo;impact climatique de la Suisse. Afin d&rsquo;atteindre la neutralit\u00e9 carbone et de maintenir le r\u00e9chauffement climatique en dessous de 1.5 degr\u00e9, une r\u00e9duction des \u00e9missions doit avoir lieu directement dans le secteur a\u00e9rien et non \u00e0 travers des syst\u00e8mes de compensation, d&rsquo;\u00e9change de certificats ou des mesures qui ont des r\u00e9percussions n\u00e9gatives sur l&rsquo;environnement et les droits humains.<\/li><li><strong>Introduction d\u2019un imp\u00f4t sur le k\u00e9ros\u00e8ne :<\/strong>\u00a0L&rsquo;exon\u00e9ration \u00e0 l&rsquo;imp\u00f4t sur le k\u00e9ros\u00e8ne dont jouit le trafic a\u00e9rien international repr\u00e9sente un manque \u00e0 gagner d&rsquo;environ 1,7 milliard de francs par an dans les caisses de l&rsquo;Etat. Le Conseil f\u00e9d\u00e9ral doit s&rsquo;engager au niveau international pour introduire un imp\u00f4t sur le k\u00e9ros\u00e8ne.<\/li><li><strong>Transfert vers des moyens de transport plus durables :<\/strong>\u00a0environ huitante pour cent des passagers qui d\u00e9collent de la Suisse ont une destination europ\u00e9enne. Un soutien public doit aussi \u00eatre accord\u00e9 pour le d\u00e9veloppement du trafic ferroviaire international, notamment les trains de nuit.<\/li><\/ul>\n\n\n\n<p class=\"wp-block-paragraph\">Les organisations suisses ne sont pas les seules \u00e0 demander ces conditions. Une lettre ouverte similaire, soutenue par plus de 250 organisations, a \u00e9t\u00e9 publi\u00e9e hier au niveau europ\u00e9en. Vous trouverez la lettre sous le lien suivant: <strong><a rel=\"noreferrer noopener\" href=\"https:\/\/stay-grounded.org\/savepeoplenotplanes\/\" target=\"_blank\">stay-grounded.org\/savepeoplenotplanes<\/a><\/strong>. Voir \u00e9galement \u00ab\u00a0les neuf faits importants sur l&rsquo;aviation et la protection du climat\u00a0\u00bb en Suisse: <a href=\"https:\/\/aviation-verite.ch\/\"><strong>aviation-verite.ch<\/strong><\/a><\/p><div id=\"crieu-3495765563\" class=\"crieu-content crieu-entity-placement\"><script async src=\"\/\/pagead2.googlesyndication.com\/pagead\/js\/adsbygoogle.js?client=ca-pub-5271584769416742\" crossorigin=\"anonymous\"><\/script><ins class=\"adsbygoogle\" style=\"display:block;\" data-ad-client=\"ca-pub-5271584769416742\" \ndata-ad-slot=\"9321250718\" \ndata-ad-format=\"auto\"><\/ins>\n<script> \n(adsbygoogle = window.adsbygoogle || []).push({}); \n<\/script>\n<\/div>\n\n\n\n<p class=\"wp-block-paragraph\">&#8211;<br>Cet article pourrait vous int\u00e9resser:<\/p>\n\n\n\n<h2 class=\"wp-block-heading\"><strong><a href=\"https:\/\/bale.ch\/journal\/greenpeace-extension-aeroport-bale-mulhouse-fribourg-euroairport\/\">Greenpeace contre l\u2019extension de l\u2019a\u00e9roport de B\u00e2le-Mulhouse-Fribourg<\/a><\/strong> <\/h2>\n<div id=\"crieu-1082466085\" class=\"crieu-apres-le-contenu crieu-entity-placement\" style=\"margin-left: auto;margin-right: auto;text-align: center;\"><script async src=\"\/\/pagead2.googlesyndication.com\/pagead\/js\/adsbygoogle.js?client=ca-pub-5271584769416742\" crossorigin=\"anonymous\"><\/script><ins class=\"adsbygoogle\" style=\"display:block;\" data-ad-client=\"ca-pub-5271584769416742\" \ndata-ad-slot=\"9321250718\" \ndata-ad-format=\"auto\"><\/ins>\n<script> \n(adsbygoogle = window.adsbygoogle || []).push({}); \n<\/script>\n<\/div>","protected":false},"excerpt":{"rendered":"<p>Quarante-six organisations et partis politiques ont envoy\u00e9 une lettre ouverte au Conseil f\u00e9d\u00e9ral dans laquelle ils lui demandent de ne pas privil\u00e9gier une nouvelle fois le transport a\u00e9rien par rapport <a href=\"https:\/\/bale.ch\/journal\/pas-de-traitement-preferentiel-pour-le-transport-aerien\/\" class=\"read-more button-fancy -red\"><span class=\"btn-arrow\"><\/span><span class=\"twp-read-more text\">Continuer la lecture<\/span><\/a><\/p>\n","protected":false},"author":2,"featured_media":2872,"comment_status":"closed","ping_status":"closed","sticky":false,"template":"","format":"standard","meta":{"footnotes":""},"categories":[103,8],"tags":[204,72,205,53],"class_list":["post-2871","post","type-post","status-publish","format-standard","has-post-thumbnail","hentry","category-actu","category-suisse","tag-actif-trafic","tag-aeroport","tag-aviation","tag-tribune-libre"],"yoast_head":"<!-- This site is optimized with the Yoast SEO plugin v28.3 - https:\/\/yoast.com\/product\/yoast-seo-wordpress\/ -->\n<title>Transition \u00e9cologique: &quot;pas de traitement pr\u00e9f\u00e9rentiel pour le transport a\u00e9rien!&quot; - Journal de B\u00e2le et Gen\u00e8ve<\/title>\n<meta name=\"robots\" content=\"index, follow, max-snippet:-1, max-image-preview:large, max-video-preview:-1\" \/>\n<link rel=\"canonical\" href=\"https:\/\/bale.ch\/journal\/pas-de-traitement-preferentiel-pour-le-transport-aerien\/\" \/>\n<meta property=\"og:locale\" content=\"fr_FR\" \/>\n<meta property=\"og:type\" content=\"article\" \/>\n<meta property=\"og:title\" content=\"Transition \u00e9cologique: &quot;pas de traitement pr\u00e9f\u00e9rentiel pour le transport a\u00e9rien!&quot; - Journal de B\u00e2le et Gen\u00e8ve\" \/>\n<meta property=\"og:description\" content=\"Quarante-six organisations et partis politiques ont envoy\u00e9 une lettre ouverte au Conseil f\u00e9d\u00e9ral dans laquelle ils lui demandent de ne pas privil\u00e9gier une nouvelle fois le transport a\u00e9rien par rapport Continuer la lecture\" \/>\n<meta property=\"og:url\" content=\"https:\/\/bale.ch\/journal\/pas-de-traitement-preferentiel-pour-le-transport-aerien\/\" \/>\n<meta property=\"og:site_name\" content=\"Journal de B\u00e2le et Gen\u00e8ve\" \/>\n<meta property=\"article:published_time\" content=\"2020-04-07T16:18:01+00:00\" \/>\n<meta property=\"article:modified_time\" content=\"2020-04-07T16:30:12+00:00\" \/>\n<meta property=\"og:image\" content=\"https:\/\/bale.ch\/journal\/wp-content\/uploads\/2020\/04\/actif_trafic_aviation_suisse.jpg\" \/>\n\t<meta property=\"og:image:width\" content=\"900\" \/>\n\t<meta property=\"og:image:height\" content=\"484\" \/>\n\t<meta property=\"og:image:type\" content=\"image\/jpeg\" \/>\n<meta name=\"author\" content=\"La R\u00e9daction\" \/>\n<meta name=\"twitter:card\" content=\"summary_large_image\" \/>\n<meta name=\"twitter:label1\" content=\"\u00c9crit par\" \/>\n\t<meta name=\"twitter:data1\" content=\"La R\u00e9daction\" \/>\n\t<meta name=\"twitter:label2\" content=\"Dur\u00e9e de lecture estim\u00e9e\" \/>\n\t<meta name=\"twitter:data2\" content=\"3 minutes\" \/>\n<script type=\"application\/ld+json\" class=\"yoast-schema-graph\">{\"@context\":\"https:\\\/\\\/schema.org\",\"@graph\":[{\"@type\":\"Article\",\"@id\":\"https:\\\/\\\/bale.ch\\\/journal\\\/pas-de-traitement-preferentiel-pour-le-transport-aerien\\\/#article\",\"isPartOf\":{\"@id\":\"https:\\\/\\\/bale.ch\\\/journal\\\/pas-de-traitement-preferentiel-pour-le-transport-aerien\\\/\"},\"author\":{\"name\":\"La R\u00e9daction\",\"@id\":\"https:\\\/\\\/bale.ch\\\/journal\\\/#\\\/schema\\\/person\\\/03ced978db3b7a5274c5cef003f352f5\"},\"headline\":\"Transition \u00e9cologique: \u00ab\u00a0pas de traitement pr\u00e9f\u00e9rentiel pour le transport a\u00e9rien!\u00a0\u00bb\",\"datePublished\":\"2020-04-07T16:18:01+00:00\",\"dateModified\":\"2020-04-07T16:30:12+00:00\",\"mainEntityOfPage\":{\"@id\":\"https:\\\/\\\/bale.ch\\\/journal\\\/pas-de-traitement-preferentiel-pour-le-transport-aerien\\\/\"},\"wordCount\":530,\"publisher\":{\"@id\":\"https:\\\/\\\/bale.ch\\\/journal\\\/#organization\"},\"image\":{\"@id\":\"https:\\\/\\\/bale.ch\\\/journal\\\/pas-de-traitement-preferentiel-pour-le-transport-aerien\\\/#primaryimage\"},\"thumbnailUrl\":\"https:\\\/\\\/bale.ch\\\/journal\\\/wp-content\\\/uploads\\\/2020\\\/04\\\/actif_trafic_aviation_suisse.jpg\",\"keywords\":[\"actif-trafic\",\"A\u00e9roport\",\"aviation\",\"Tribune Libre\"],\"articleSection\":[\"Actualit\u00e9s\",\"Suisse\"],\"inLanguage\":\"fr-FR\"},{\"@type\":\"WebPage\",\"@id\":\"https:\\\/\\\/bale.ch\\\/journal\\\/pas-de-traitement-preferentiel-pour-le-transport-aerien\\\/\",\"url\":\"https:\\\/\\\/bale.ch\\\/journal\\\/pas-de-traitement-preferentiel-pour-le-transport-aerien\\\/\",\"name\":\"Transition \u00e9cologique: \\\"pas de traitement pr\u00e9f\u00e9rentiel pour le transport a\u00e9rien!\\\" - Journal de B\u00e2le et Gen\u00e8ve\",\"isPartOf\":{\"@id\":\"https:\\\/\\\/bale.ch\\\/journal\\\/#website\"},\"primaryImageOfPage\":{\"@id\":\"https:\\\/\\\/bale.ch\\\/journal\\\/pas-de-traitement-preferentiel-pour-le-transport-aerien\\\/#primaryimage\"},\"image\":{\"@id\":\"https:\\\/\\\/bale.ch\\\/journal\\\/pas-de-traitement-preferentiel-pour-le-transport-aerien\\\/#primaryimage\"},\"thumbnailUrl\":\"https:\\\/\\\/bale.ch\\\/journal\\\/wp-content\\\/uploads\\\/2020\\\/04\\\/actif_trafic_aviation_suisse.jpg\",\"datePublished\":\"2020-04-07T16:18:01+00:00\",\"dateModified\":\"2020-04-07T16:30:12+00:00\",\"breadcrumb\":{\"@id\":\"https:\\\/\\\/bale.ch\\\/journal\\\/pas-de-traitement-preferentiel-pour-le-transport-aerien\\\/#breadcrumb\"},\"inLanguage\":\"fr-FR\",\"potentialAction\":[{\"@type\":\"ReadAction\",\"target\":[\"https:\\\/\\\/bale.ch\\\/journal\\\/pas-de-traitement-preferentiel-pour-le-transport-aerien\\\/\"]}]},{\"@type\":\"ImageObject\",\"inLanguage\":\"fr-FR\",\"@id\":\"https:\\\/\\\/bale.ch\\\/journal\\\/pas-de-traitement-preferentiel-pour-le-transport-aerien\\\/#primaryimage\",\"url\":\"https:\\\/\\\/bale.ch\\\/journal\\\/wp-content\\\/uploads\\\/2020\\\/04\\\/actif_trafic_aviation_suisse.jpg\",\"contentUrl\":\"https:\\\/\\\/bale.ch\\\/journal\\\/wp-content\\\/uploads\\\/2020\\\/04\\\/actif_trafic_aviation_suisse.jpg\",\"width\":900,\"height\":484},{\"@type\":\"BreadcrumbList\",\"@id\":\"https:\\\/\\\/bale.ch\\\/journal\\\/pas-de-traitement-preferentiel-pour-le-transport-aerien\\\/#breadcrumb\",\"itemListElement\":[{\"@type\":\"ListItem\",\"position\":1,\"name\":\"Accueil\",\"item\":\"https:\\\/\\\/bale.ch\\\/journal\\\/\"},{\"@type\":\"ListItem\",\"position\":2,\"name\":\"Transition \u00e9cologique: \u00ab\u00a0pas de traitement pr\u00e9f\u00e9rentiel pour le transport a\u00e9rien!\u00a0\u00bb\"}]},{\"@type\":\"WebSite\",\"@id\":\"https:\\\/\\\/bale.ch\\\/journal\\\/#website\",\"url\":\"https:\\\/\\\/bale.ch\\\/journal\\\/\",\"name\":\"Journal de B\u00e2le et Gen\u00e8ve\",\"description\":\"M\u00e9dia transfrontalier d&#039;actualit\u00e9s - News\",\"publisher\":{\"@id\":\"https:\\\/\\\/bale.ch\\\/journal\\\/#organization\"},\"potentialAction\":[{\"@type\":\"SearchAction\",\"target\":{\"@type\":\"EntryPoint\",\"urlTemplate\":\"https:\\\/\\\/bale.ch\\\/journal\\\/?s={search_term_string}\"},\"query-input\":{\"@type\":\"PropertyValueSpecification\",\"valueRequired\":true,\"valueName\":\"search_term_string\"}}],\"inLanguage\":\"fr-FR\"},{\"@type\":\"Organization\",\"@id\":\"https:\\\/\\\/bale.ch\\\/journal\\\/#organization\",\"name\":\"Journal de B\u00e2le et Gen\u00e8ve\",\"url\":\"https:\\\/\\\/bale.ch\\\/journal\\\/\",\"logo\":{\"@type\":\"ImageObject\",\"inLanguage\":\"fr-FR\",\"@id\":\"https:\\\/\\\/bale.ch\\\/journal\\\/#\\\/schema\\\/logo\\\/image\\\/\",\"url\":\"https:\\\/\\\/bale.ch\\\/journal\\\/wp-content\\\/uploads\\\/2023\\\/07\\\/journaldebale_logo_2023_nb.png\",\"contentUrl\":\"https:\\\/\\\/bale.ch\\\/journal\\\/wp-content\\\/uploads\\\/2023\\\/07\\\/journaldebale_logo_2023_nb.png\",\"width\":371,\"height\":127,\"caption\":\"Journal de B\u00e2le et Gen\u00e8ve\"},\"image\":{\"@id\":\"https:\\\/\\\/bale.ch\\\/journal\\\/#\\\/schema\\\/logo\\\/image\\\/\"}},{\"@type\":\"Person\",\"@id\":\"https:\\\/\\\/bale.ch\\\/journal\\\/#\\\/schema\\\/person\\\/03ced978db3b7a5274c5cef003f352f5\",\"name\":\"La R\u00e9daction\",\"image\":{\"@type\":\"ImageObject\",\"inLanguage\":\"fr-FR\",\"@id\":\"https:\\\/\\\/secure.gravatar.com\\\/avatar\\\/d1327e2ce8d2b860112f968a3f34686c9bdda7a463a1502cdd1070ac9d88cf1e?s=96&d=mm&r=g\",\"url\":\"https:\\\/\\\/secure.gravatar.com\\\/avatar\\\/d1327e2ce8d2b860112f968a3f34686c9bdda7a463a1502cdd1070ac9d88cf1e?s=96&d=mm&r=g\",\"contentUrl\":\"https:\\\/\\\/secure.gravatar.com\\\/avatar\\\/d1327e2ce8d2b860112f968a3f34686c9bdda7a463a1502cdd1070ac9d88cf1e?s=96&d=mm&r=g\",\"caption\":\"La R\u00e9daction\"},\"url\":\"https:\\\/\\\/bale.ch\\\/journal\\\/author\\\/laredaction\\\/\"}]}<\/script>\n<!-- \/ Yoast SEO plugin. -->","yoast_head_json":{"title":"Transition \u00e9cologique: \"pas de traitement pr\u00e9f\u00e9rentiel pour le transport a\u00e9rien!\" - Journal de B\u00e2le et Gen\u00e8ve","robots":{"index":"index","follow":"follow","max-snippet":"max-snippet:-1","max-image-preview":"max-image-preview:large","max-video-preview":"max-video-preview:-1"},"canonical":"https:\/\/bale.ch\/journal\/pas-de-traitement-preferentiel-pour-le-transport-aerien\/","og_locale":"fr_FR","og_type":"article","og_title":"Transition \u00e9cologique: \"pas de traitement pr\u00e9f\u00e9rentiel pour le transport a\u00e9rien!\" - Journal de B\u00e2le et Gen\u00e8ve","og_description":"Quarante-six organisations et partis politiques ont envoy\u00e9 une lettre ouverte au Conseil f\u00e9d\u00e9ral dans laquelle ils lui demandent de ne pas privil\u00e9gier une nouvelle fois le transport a\u00e9rien par rapport Continuer la lecture","og_url":"https:\/\/bale.ch\/journal\/pas-de-traitement-preferentiel-pour-le-transport-aerien\/","og_site_name":"Journal de B\u00e2le et Gen\u00e8ve","article_published_time":"2020-04-07T16:18:01+00:00","article_modified_time":"2020-04-07T16:30:12+00:00","og_image":[{"width":900,"height":484,"url":"https:\/\/bale.ch\/journal\/wp-content\/uploads\/2020\/04\/actif_trafic_aviation_suisse.jpg","type":"image\/jpeg"}],"author":"La R\u00e9daction","twitter_card":"summary_large_image","twitter_misc":{"\u00c9crit par":"La R\u00e9daction","Dur\u00e9e de lecture estim\u00e9e":"3 minutes"},"schema":{"@context":"https:\/\/schema.org","@graph":[{"@type":"Article","@id":"https:\/\/bale.ch\/journal\/pas-de-traitement-preferentiel-pour-le-transport-aerien\/#article","isPartOf":{"@id":"https:\/\/bale.ch\/journal\/pas-de-traitement-preferentiel-pour-le-transport-aerien\/"},"author":{"name":"La R\u00e9daction","@id":"https:\/\/bale.ch\/journal\/#\/schema\/person\/03ced978db3b7a5274c5cef003f352f5"},"headline":"Transition \u00e9cologique: \u00ab\u00a0pas de traitement pr\u00e9f\u00e9rentiel pour le transport a\u00e9rien!\u00a0\u00bb","datePublished":"2020-04-07T16:18:01+00:00","dateModified":"2020-04-07T16:30:12+00:00","mainEntityOfPage":{"@id":"https:\/\/bale.ch\/journal\/pas-de-traitement-preferentiel-pour-le-transport-aerien\/"},"wordCount":530,"publisher":{"@id":"https:\/\/bale.ch\/journal\/#organization"},"image":{"@id":"https:\/\/bale.ch\/journal\/pas-de-traitement-preferentiel-pour-le-transport-aerien\/#primaryimage"},"thumbnailUrl":"https:\/\/bale.ch\/journal\/wp-content\/uploads\/2020\/04\/actif_trafic_aviation_suisse.jpg","keywords":["actif-trafic","A\u00e9roport","aviation","Tribune Libre"],"articleSection":["Actualit\u00e9s","Suisse"],"inLanguage":"fr-FR"},{"@type":"WebPage","@id":"https:\/\/bale.ch\/journal\/pas-de-traitement-preferentiel-pour-le-transport-aerien\/","url":"https:\/\/bale.ch\/journal\/pas-de-traitement-preferentiel-pour-le-transport-aerien\/","name":"Transition \u00e9cologique: \"pas de traitement pr\u00e9f\u00e9rentiel pour le transport a\u00e9rien!\" - Journal de B\u00e2le et Gen\u00e8ve","isPartOf":{"@id":"https:\/\/bale.ch\/journal\/#website"},"primaryImageOfPage":{"@id":"https:\/\/bale.ch\/journal\/pas-de-traitement-preferentiel-pour-le-transport-aerien\/#primaryimage"},"image":{"@id":"https:\/\/bale.ch\/journal\/pas-de-traitement-preferentiel-pour-le-transport-aerien\/#primaryimage"},"thumbnailUrl":"https:\/\/bale.ch\/journal\/wp-content\/uploads\/2020\/04\/actif_trafic_aviation_suisse.jpg","datePublished":"2020-04-07T16:18:01+00:00","dateModified":"2020-04-07T16:30:12+00:00","breadcrumb":{"@id":"https:\/\/bale.ch\/journal\/pas-de-traitement-preferentiel-pour-le-transport-aerien\/#breadcrumb"},"inLanguage":"fr-FR","potentialAction":[{"@type":"ReadAction","target":["https:\/\/bale.ch\/journal\/pas-de-traitement-preferentiel-pour-le-transport-aerien\/"]}]},{"@type":"ImageObject","inLanguage":"fr-FR","@id":"https:\/\/bale.ch\/journal\/pas-de-traitement-preferentiel-pour-le-transport-aerien\/#primaryimage","url":"https:\/\/bale.ch\/journal\/wp-content\/uploads\/2020\/04\/actif_trafic_aviation_suisse.jpg","contentUrl":"https:\/\/bale.ch\/journal\/wp-content\/uploads\/2020\/04\/actif_trafic_aviation_suisse.jpg","width":900,"height":484},{"@type":"BreadcrumbList","@id":"https:\/\/bale.ch\/journal\/pas-de-traitement-preferentiel-pour-le-transport-aerien\/#breadcrumb","itemListElement":[{"@type":"ListItem","position":1,"name":"Accueil","item":"https:\/\/bale.ch\/journal\/"},{"@type":"ListItem","position":2,"name":"Transition \u00e9cologique: \u00ab\u00a0pas de traitement pr\u00e9f\u00e9rentiel pour le transport a\u00e9rien!\u00a0\u00bb"}]},{"@type":"WebSite","@id":"https:\/\/bale.ch\/journal\/#website","url":"https:\/\/bale.ch\/journal\/","name":"Journal de B\u00e2le et Gen\u00e8ve","description":"M\u00e9dia transfrontalier d&#039;actualit\u00e9s - News","publisher":{"@id":"https:\/\/bale.ch\/journal\/#organization"},"potentialAction":[{"@type":"SearchAction","target":{"@type":"EntryPoint","urlTemplate":"https:\/\/bale.ch\/journal\/?s={search_term_string}"},"query-input":{"@type":"PropertyValueSpecification","valueRequired":true,"valueName":"search_term_string"}}],"inLanguage":"fr-FR"},{"@type":"Organization","@id":"https:\/\/bale.ch\/journal\/#organization","name":"Journal de B\u00e2le et Gen\u00e8ve","url":"https:\/\/bale.ch\/journal\/","logo":{"@type":"ImageObject","inLanguage":"fr-FR","@id":"https:\/\/bale.ch\/journal\/#\/schema\/logo\/image\/","url":"https:\/\/bale.ch\/journal\/wp-content\/uploads\/2023\/07\/journaldebale_logo_2023_nb.png","contentUrl":"https:\/\/bale.ch\/journal\/wp-content\/uploads\/2023\/07\/journaldebale_logo_2023_nb.png","width":371,"height":127,"caption":"Journal de B\u00e2le et Gen\u00e8ve"},"image":{"@id":"https:\/\/bale.ch\/journal\/#\/schema\/logo\/image\/"}},{"@type":"Person","@id":"https:\/\/bale.ch\/journal\/#\/schema\/person\/03ced978db3b7a5274c5cef003f352f5","name":"La R\u00e9daction","image":{"@type":"ImageObject","inLanguage":"fr-FR","@id":"https:\/\/secure.gravatar.com\/avatar\/d1327e2ce8d2b860112f968a3f34686c9bdda7a463a1502cdd1070ac9d88cf1e?s=96&d=mm&r=g","url":"https:\/\/secure.gravatar.com\/avatar\/d1327e2ce8d2b860112f968a3f34686c9bdda7a463a1502cdd1070ac9d88cf1e?s=96&d=mm&r=g","contentUrl":"https:\/\/secure.gravatar.com\/avatar\/d1327e2ce8d2b860112f968a3f34686c9bdda7a463a1502cdd1070ac9d88cf1e?s=96&d=mm&r=g","caption":"La R\u00e9daction"},"url":"https:\/\/bale.ch\/journal\/author\/laredaction\/"}]}},"_links":{"self":[{"href":"https:\/\/bale.ch\/journal\/wp-json\/wp\/v2\/posts\/2871","targetHints":{"allow":["GET"]}}],"collection":[{"href":"https:\/\/bale.ch\/journal\/wp-json\/wp\/v2\/posts"}],"about":[{"href":"https:\/\/bale.ch\/journal\/wp-json\/wp\/v2\/types\/post"}],"author":[{"embeddable":true,"href":"https:\/\/bale.ch\/journal\/wp-json\/wp\/v2\/users\/2"}],"replies":[{"embeddable":true,"href":"https:\/\/bale.ch\/journal\/wp-json\/wp\/v2\/comments?post=2871"}],"version-history":[{"count":9,"href":"https:\/\/bale.ch\/journal\/wp-json\/wp\/v2\/posts\/2871\/revisions"}],"predecessor-version":[{"id":2883,"href":"https:\/\/bale.ch\/journal\/wp-json\/wp\/v2\/posts\/2871\/revisions\/2883"}],"wp:featuredmedia":[{"embeddable":true,"href":"https:\/\/bale.ch\/journal\/wp-json\/wp\/v2\/media\/2872"}],"wp:attachment":[{"href":"https:\/\/bale.ch\/journal\/wp-json\/wp\/v2\/media?parent=2871"}],"wp:term":[{"taxonomy":"category","embeddable":true,"href":"https:\/\/bale.ch\/journal\/wp-json\/wp\/v2\/categories?post=2871"},{"taxonomy":"post_tag","embeddable":true,"href":"https:\/\/bale.ch\/journal\/wp-json\/wp\/v2\/tags?post=2871"}],"curies":[{"name":"wp","href":"https:\/\/api.w.org\/{rel}","templated":true}]}}