{"id":2889,"date":"2020-04-10T17:07:13","date_gmt":"2020-04-10T17:07:13","guid":{"rendered":"http:\/\/bale.ch\/journal\/?p=2889"},"modified":"2020-04-10T17:37:06","modified_gmt":"2020-04-10T17:37:06","slug":"derogation-pour-les-balois-ils-peuvent-acceder-a-leurs-jardins-familiaux-alsaciens","status":"publish","type":"post","link":"https:\/\/bale.ch\/journal\/derogation-pour-les-balois-ils-peuvent-acceder-a-leurs-jardins-familiaux-alsaciens\/","title":{"rendered":"D\u00e9rogation pour les B\u00e2lois: ils peuvent acc\u00e9der \u00e0 leurs jardins familiaux alsaciens"},"content":{"rendered":"\n<p class=\"wp-block-paragraph\"><strong>La fronti\u00e8re franco-suisse traverse les jardins&nbsp;familiaux de B\u00e2le Ouest, ce qui par temps de coronavirus complique la vie de quelques 1100 jardiniers amateurs<\/strong>: <strong>pendant plusieurs semaines, ceux-ci n&rsquo;\u00e9taient plus autoris\u00e9s \u00e0 s&rsquo;y rendre.<\/strong><\/p>\n\n\n\n<p class=\"wp-block-paragraph\">L&rsquo;accord leur permettant d&rsquo;y acc\u00e9der \u00e0 nouveau a \u00e9t\u00e9 conclu apr\u00e8s de longues n\u00e9gociations entre le service des parcs et jardins du canton de B\u00e2le-Ville, les garde-fronti\u00e8re suisse et les autorit\u00e9s fran\u00e7aises. Les conditions d&rsquo;acc\u00e8s restent tr\u00e8s restrictives: le temps pass\u00e9 sur place est limit\u00e9 \u00e0 une heure et n&rsquo;est autoris\u00e9 qu&rsquo;aux locataires inscrits officiellement et qui ne vivent pas \u00e0 plus d&rsquo;un kilom\u00e8tre du jardin. Ils doivent en outre \u00eatre en mesure de s&rsquo;identifier \u00e0 tout moment avec une carte d&rsquo;identit\u00e9 ou un passeport, ainsi que son <em>Zollb\u00fcchlein<\/em> (livret douanier).<\/p>\n\n\n\n<p class=\"wp-block-paragraph\">L&rsquo;Attestation de d\u00e9placement d\u00e9rogatoire, que la France a introduite avec l&rsquo;\u00e9tat d&rsquo;urgence sanitaire, est \u00e9galement requise.&nbsp;Il doit \u00eatre rempli \u00e0 chaque fois que les jardiniers se rendent dans leurs jardins.<\/p><div id=\"crieu-216175698\" class=\"crieu-content crieu-entity-placement\"><script async src=\"\/\/pagead2.googlesyndication.com\/pagead\/js\/adsbygoogle.js?client=ca-pub-5271584769416742\" crossorigin=\"anonymous\"><\/script><ins class=\"adsbygoogle\" style=\"display:block;\" data-ad-client=\"ca-pub-5271584769416742\" \ndata-ad-slot=\"9321250718\" \ndata-ad-format=\"auto\"><\/ins>\n<script> \n(adsbygoogle = window.adsbygoogle || []).push({}); \n<\/script>\n<\/div>\n\n\n\n<p class=\"wp-block-paragraph\">L&rsquo;un des jardiniers b\u00e2lois a fait part de son soulagement \u00e0 nos confr\u00e8res de TeleBasel: <em>\u00ab\u00a0C&rsquo;est une chance que nous puissions retourner dans notre jardin, sinon tout aurait \u00e9t\u00e9 fichu. Et \u00e7a nous permet de faire un peu d&rsquo;exercices\u00a0\u00bb<\/em>, a-t-il d\u00e9clar\u00e9. Un de ses voisins de jardin, qui travaille dans le secteur de la sant\u00e9, confie qu\u2019apr\u00e8s plus de 12 heures quotidiennes de travail, venir ici lui permet de d\u00e9compresser un peu, m\u00eame si cela est de courte dur\u00e9e: \u00abj&rsquo;ai \u00e0 peine le temps d\u2019arroser les semis que je dois repartir \u00bb, confie-t-il.<\/p>\n<div id=\"crieu-681407547\" class=\"crieu-apres-le-contenu crieu-entity-placement\" style=\"margin-left: auto;margin-right: auto;text-align: center;\"><script async src=\"\/\/pagead2.googlesyndication.com\/pagead\/js\/adsbygoogle.js?client=ca-pub-5271584769416742\" crossorigin=\"anonymous\"><\/script><ins class=\"adsbygoogle\" style=\"display:block;\" data-ad-client=\"ca-pub-5271584769416742\" \ndata-ad-slot=\"9321250718\" \ndata-ad-format=\"auto\"><\/ins>\n<script> \n(adsbygoogle = window.adsbygoogle || []).push({}); \n<\/script>\n<\/div>","protected":false},"excerpt":{"rendered":"<p>La fronti\u00e8re franco-suisse traverse les jardins&nbsp;familiaux de B\u00e2le Ouest, ce qui par temps de coronavirus complique la vie de quelques 1100 jardiniers amateurs: pendant plusieurs semaines, ceux-ci n&rsquo;\u00e9taient plus autoris\u00e9s <a href=\"https:\/\/bale.ch\/journal\/derogation-pour-les-balois-ils-peuvent-acceder-a-leurs-jardins-familiaux-alsaciens\/\" class=\"read-more button-fancy -red\"><span class=\"btn-arrow\"><\/span><span class=\"twp-read-more text\">Continuer la lecture<\/span><\/a><\/p>\n","protected":false},"author":43,"featured_media":2890,"comment_status":"closed","ping_status":"closed","sticky":false,"template":"","format":"standard","meta":{"footnotes":""},"categories":[103,7],"tags":[112,123,201,203,206],"class_list":["post-2889","post","type-post","status-publish","format-standard","has-post-thumbnail","hentry","category-actu","category-bale","tag-alsace","tag-basel","tag-coronavirus","tag-covid-19","tag-saint-louis"],"yoast_head":"<!-- This site is optimized with the Yoast SEO plugin v28.3 - https:\/\/yoast.com\/product\/yoast-seo-wordpress\/ -->\n<title>D\u00e9rogation pour les B\u00e2lois: ils peuvent acc\u00e9der \u00e0 leurs jardins familiaux alsaciens - Journal de B\u00e2le et Gen\u00e8ve<\/title>\n<meta name=\"robots\" content=\"index, follow, max-snippet:-1, max-image-preview:large, max-video-preview:-1\" \/>\n<link rel=\"canonical\" href=\"https:\/\/bale.ch\/journal\/derogation-pour-les-balois-ils-peuvent-acceder-a-leurs-jardins-familiaux-alsaciens\/\" \/>\n<meta property=\"og:locale\" content=\"fr_FR\" \/>\n<meta property=\"og:type\" content=\"article\" \/>\n<meta property=\"og:title\" content=\"D\u00e9rogation pour les B\u00e2lois: ils peuvent acc\u00e9der \u00e0 leurs jardins familiaux alsaciens - Journal de B\u00e2le et Gen\u00e8ve\" \/>\n<meta property=\"og:description\" content=\"La fronti\u00e8re franco-suisse traverse les jardins&nbsp;familiaux de B\u00e2le Ouest, ce qui par temps de coronavirus complique la vie de quelques 1100 jardiniers amateurs: pendant plusieurs semaines, ceux-ci n&rsquo;\u00e9taient plus autoris\u00e9s Continuer la lecture\" \/>\n<meta property=\"og:url\" content=\"https:\/\/bale.ch\/journal\/derogation-pour-les-balois-ils-peuvent-acceder-a-leurs-jardins-familiaux-alsaciens\/\" \/>\n<meta property=\"og:site_name\" content=\"Journal de B\u00e2le et Gen\u00e8ve\" \/>\n<meta property=\"article:published_time\" content=\"2020-04-10T17:07:13+00:00\" \/>\n<meta property=\"article:modified_time\" content=\"2020-04-10T17:37:06+00:00\" \/>\n<meta property=\"og:image\" content=\"https:\/\/bale.ch\/journal\/wp-content\/uploads\/2020\/04\/bale_jardins_familiaux_saint-louis_basel_west_familiengarten.jpg\" \/>\n\t<meta property=\"og:image:width\" content=\"900\" \/>\n\t<meta property=\"og:image:height\" content=\"484\" \/>\n\t<meta property=\"og:image:type\" content=\"image\/jpeg\" \/>\n<meta name=\"author\" content=\"Elodie Silva\" \/>\n<meta name=\"twitter:card\" content=\"summary_large_image\" \/>\n<meta name=\"twitter:label1\" content=\"\u00c9crit par\" \/>\n\t<meta name=\"twitter:data1\" content=\"Elodie Silva\" \/>\n\t<meta name=\"twitter:label2\" content=\"Dur\u00e9e de lecture estim\u00e9e\" \/>\n\t<meta name=\"twitter:data2\" content=\"1 minute\" \/>\n<script type=\"application\/ld+json\" class=\"yoast-schema-graph\">{\"@context\":\"https:\\\/\\\/schema.org\",\"@graph\":[{\"@type\":\"Article\",\"@id\":\"https:\\\/\\\/bale.ch\\\/journal\\\/derogation-pour-les-balois-ils-peuvent-acceder-a-leurs-jardins-familiaux-alsaciens\\\/#article\",\"isPartOf\":{\"@id\":\"https:\\\/\\\/bale.ch\\\/journal\\\/derogation-pour-les-balois-ils-peuvent-acceder-a-leurs-jardins-familiaux-alsaciens\\\/\"},\"author\":{\"name\":\"Elodie Silva\",\"@id\":\"https:\\\/\\\/bale.ch\\\/journal\\\/#\\\/schema\\\/person\\\/e3e5eeffae523f19b12d7057ced45a2b\"},\"headline\":\"D\u00e9rogation pour les B\u00e2lois: ils peuvent acc\u00e9der \u00e0 leurs jardins familiaux alsaciens\",\"datePublished\":\"2020-04-10T17:07:13+00:00\",\"dateModified\":\"2020-04-10T17:37:06+00:00\",\"mainEntityOfPage\":{\"@id\":\"https:\\\/\\\/bale.ch\\\/journal\\\/derogation-pour-les-balois-ils-peuvent-acceder-a-leurs-jardins-familiaux-alsaciens\\\/\"},\"wordCount\":296,\"publisher\":{\"@id\":\"https:\\\/\\\/bale.ch\\\/journal\\\/#organization\"},\"image\":{\"@id\":\"https:\\\/\\\/bale.ch\\\/journal\\\/derogation-pour-les-balois-ils-peuvent-acceder-a-leurs-jardins-familiaux-alsaciens\\\/#primaryimage\"},\"thumbnailUrl\":\"https:\\\/\\\/bale.ch\\\/journal\\\/wp-content\\\/uploads\\\/2020\\\/04\\\/bale_jardins_familiaux_saint-louis_basel_west_familiengarten.jpg\",\"keywords\":[\"Alsace\",\"Basel\",\"coronavirus\",\"covid-19\",\"Saint-Louis\"],\"articleSection\":[\"Actualit\u00e9s\",\"B\u00e2le Trinationale\"],\"inLanguage\":\"fr-FR\"},{\"@type\":\"WebPage\",\"@id\":\"https:\\\/\\\/bale.ch\\\/journal\\\/derogation-pour-les-balois-ils-peuvent-acceder-a-leurs-jardins-familiaux-alsaciens\\\/\",\"url\":\"https:\\\/\\\/bale.ch\\\/journal\\\/derogation-pour-les-balois-ils-peuvent-acceder-a-leurs-jardins-familiaux-alsaciens\\\/\",\"name\":\"D\u00e9rogation pour les B\u00e2lois: ils peuvent acc\u00e9der \u00e0 leurs jardins familiaux alsaciens - Journal de B\u00e2le et Gen\u00e8ve\",\"isPartOf\":{\"@id\":\"https:\\\/\\\/bale.ch\\\/journal\\\/#website\"},\"primaryImageOfPage\":{\"@id\":\"https:\\\/\\\/bale.ch\\\/journal\\\/derogation-pour-les-balois-ils-peuvent-acceder-a-leurs-jardins-familiaux-alsaciens\\\/#primaryimage\"},\"image\":{\"@id\":\"https:\\\/\\\/bale.ch\\\/journal\\\/derogation-pour-les-balois-ils-peuvent-acceder-a-leurs-jardins-familiaux-alsaciens\\\/#primaryimage\"},\"thumbnailUrl\":\"https:\\\/\\\/bale.ch\\\/journal\\\/wp-content\\\/uploads\\\/2020\\\/04\\\/bale_jardins_familiaux_saint-louis_basel_west_familiengarten.jpg\",\"datePublished\":\"2020-04-10T17:07:13+00:00\",\"dateModified\":\"2020-04-10T17:37:06+00:00\",\"breadcrumb\":{\"@id\":\"https:\\\/\\\/bale.ch\\\/journal\\\/derogation-pour-les-balois-ils-peuvent-acceder-a-leurs-jardins-familiaux-alsaciens\\\/#breadcrumb\"},\"inLanguage\":\"fr-FR\",\"potentialAction\":[{\"@type\":\"ReadAction\",\"target\":[\"https:\\\/\\\/bale.ch\\\/journal\\\/derogation-pour-les-balois-ils-peuvent-acceder-a-leurs-jardins-familiaux-alsaciens\\\/\"]}]},{\"@type\":\"ImageObject\",\"inLanguage\":\"fr-FR\",\"@id\":\"https:\\\/\\\/bale.ch\\\/journal\\\/derogation-pour-les-balois-ils-peuvent-acceder-a-leurs-jardins-familiaux-alsaciens\\\/#primaryimage\",\"url\":\"https:\\\/\\\/bale.ch\\\/journal\\\/wp-content\\\/uploads\\\/2020\\\/04\\\/bale_jardins_familiaux_saint-louis_basel_west_familiengarten.jpg\",\"contentUrl\":\"https:\\\/\\\/bale.ch\\\/journal\\\/wp-content\\\/uploads\\\/2020\\\/04\\\/bale_jardins_familiaux_saint-louis_basel_west_familiengarten.jpg\",\"width\":900,\"height\":484},{\"@type\":\"BreadcrumbList\",\"@id\":\"https:\\\/\\\/bale.ch\\\/journal\\\/derogation-pour-les-balois-ils-peuvent-acceder-a-leurs-jardins-familiaux-alsaciens\\\/#breadcrumb\",\"itemListElement\":[{\"@type\":\"ListItem\",\"position\":1,\"name\":\"Accueil\",\"item\":\"https:\\\/\\\/bale.ch\\\/journal\\\/\"},{\"@type\":\"ListItem\",\"position\":2,\"name\":\"D\u00e9rogation pour les B\u00e2lois: ils peuvent acc\u00e9der \u00e0 leurs jardins familiaux alsaciens\"}]},{\"@type\":\"WebSite\",\"@id\":\"https:\\\/\\\/bale.ch\\\/journal\\\/#website\",\"url\":\"https:\\\/\\\/bale.ch\\\/journal\\\/\",\"name\":\"Journal de B\u00e2le et Gen\u00e8ve\",\"description\":\"M\u00e9dia transfrontalier d&#039;actualit\u00e9s - News\",\"publisher\":{\"@id\":\"https:\\\/\\\/bale.ch\\\/journal\\\/#organization\"},\"potentialAction\":[{\"@type\":\"SearchAction\",\"target\":{\"@type\":\"EntryPoint\",\"urlTemplate\":\"https:\\\/\\\/bale.ch\\\/journal\\\/?s={search_term_string}\"},\"query-input\":{\"@type\":\"PropertyValueSpecification\",\"valueRequired\":true,\"valueName\":\"search_term_string\"}}],\"inLanguage\":\"fr-FR\"},{\"@type\":\"Organization\",\"@id\":\"https:\\\/\\\/bale.ch\\\/journal\\\/#organization\",\"name\":\"Journal de B\u00e2le et Gen\u00e8ve\",\"url\":\"https:\\\/\\\/bale.ch\\\/journal\\\/\",\"logo\":{\"@type\":\"ImageObject\",\"inLanguage\":\"fr-FR\",\"@id\":\"https:\\\/\\\/bale.ch\\\/journal\\\/#\\\/schema\\\/logo\\\/image\\\/\",\"url\":\"https:\\\/\\\/bale.ch\\\/journal\\\/wp-content\\\/uploads\\\/2023\\\/07\\\/journaldebale_logo_2023_nb.png\",\"contentUrl\":\"https:\\\/\\\/bale.ch\\\/journal\\\/wp-content\\\/uploads\\\/2023\\\/07\\\/journaldebale_logo_2023_nb.png\",\"width\":371,\"height\":127,\"caption\":\"Journal de B\u00e2le et Gen\u00e8ve\"},\"image\":{\"@id\":\"https:\\\/\\\/bale.ch\\\/journal\\\/#\\\/schema\\\/logo\\\/image\\\/\"}},{\"@type\":\"Person\",\"@id\":\"https:\\\/\\\/bale.ch\\\/journal\\\/#\\\/schema\\\/person\\\/e3e5eeffae523f19b12d7057ced45a2b\",\"name\":\"Elodie Silva\",\"image\":{\"@type\":\"ImageObject\",\"inLanguage\":\"fr-FR\",\"@id\":\"https:\\\/\\\/secure.gravatar.com\\\/avatar\\\/f76593021159ecd3226293e7c461386bfd009157e6c549bc9b418d0a2db47041?s=96&d=mm&r=g\",\"url\":\"https:\\\/\\\/secure.gravatar.com\\\/avatar\\\/f76593021159ecd3226293e7c461386bfd009157e6c549bc9b418d0a2db47041?s=96&d=mm&r=g\",\"contentUrl\":\"https:\\\/\\\/secure.gravatar.com\\\/avatar\\\/f76593021159ecd3226293e7c461386bfd009157e6c549bc9b418d0a2db47041?s=96&d=mm&r=g\",\"caption\":\"Elodie Silva\"},\"url\":\"https:\\\/\\\/bale.ch\\\/journal\\\/author\\\/elodiesilva\\\/\"}]}<\/script>\n<!-- \/ Yoast SEO plugin. -->","yoast_head_json":{"title":"D\u00e9rogation pour les B\u00e2lois: ils peuvent acc\u00e9der \u00e0 leurs jardins familiaux alsaciens - Journal de B\u00e2le et Gen\u00e8ve","robots":{"index":"index","follow":"follow","max-snippet":"max-snippet:-1","max-image-preview":"max-image-preview:large","max-video-preview":"max-video-preview:-1"},"canonical":"https:\/\/bale.ch\/journal\/derogation-pour-les-balois-ils-peuvent-acceder-a-leurs-jardins-familiaux-alsaciens\/","og_locale":"fr_FR","og_type":"article","og_title":"D\u00e9rogation pour les B\u00e2lois: ils peuvent acc\u00e9der \u00e0 leurs jardins familiaux alsaciens - Journal de B\u00e2le et Gen\u00e8ve","og_description":"La fronti\u00e8re franco-suisse traverse les jardins&nbsp;familiaux de B\u00e2le Ouest, ce qui par temps de coronavirus complique la vie de quelques 1100 jardiniers amateurs: pendant plusieurs semaines, ceux-ci n&rsquo;\u00e9taient plus autoris\u00e9s Continuer la lecture","og_url":"https:\/\/bale.ch\/journal\/derogation-pour-les-balois-ils-peuvent-acceder-a-leurs-jardins-familiaux-alsaciens\/","og_site_name":"Journal de B\u00e2le et Gen\u00e8ve","article_published_time":"2020-04-10T17:07:13+00:00","article_modified_time":"2020-04-10T17:37:06+00:00","og_image":[{"width":900,"height":484,"url":"https:\/\/bale.ch\/journal\/wp-content\/uploads\/2020\/04\/bale_jardins_familiaux_saint-louis_basel_west_familiengarten.jpg","type":"image\/jpeg"}],"author":"Elodie Silva","twitter_card":"summary_large_image","twitter_misc":{"\u00c9crit par":"Elodie Silva","Dur\u00e9e de lecture estim\u00e9e":"1 minute"},"schema":{"@context":"https:\/\/schema.org","@graph":[{"@type":"Article","@id":"https:\/\/bale.ch\/journal\/derogation-pour-les-balois-ils-peuvent-acceder-a-leurs-jardins-familiaux-alsaciens\/#article","isPartOf":{"@id":"https:\/\/bale.ch\/journal\/derogation-pour-les-balois-ils-peuvent-acceder-a-leurs-jardins-familiaux-alsaciens\/"},"author":{"name":"Elodie Silva","@id":"https:\/\/bale.ch\/journal\/#\/schema\/person\/e3e5eeffae523f19b12d7057ced45a2b"},"headline":"D\u00e9rogation pour les B\u00e2lois: ils peuvent acc\u00e9der \u00e0 leurs jardins familiaux alsaciens","datePublished":"2020-04-10T17:07:13+00:00","dateModified":"2020-04-10T17:37:06+00:00","mainEntityOfPage":{"@id":"https:\/\/bale.ch\/journal\/derogation-pour-les-balois-ils-peuvent-acceder-a-leurs-jardins-familiaux-alsaciens\/"},"wordCount":296,"publisher":{"@id":"https:\/\/bale.ch\/journal\/#organization"},"image":{"@id":"https:\/\/bale.ch\/journal\/derogation-pour-les-balois-ils-peuvent-acceder-a-leurs-jardins-familiaux-alsaciens\/#primaryimage"},"thumbnailUrl":"https:\/\/bale.ch\/journal\/wp-content\/uploads\/2020\/04\/bale_jardins_familiaux_saint-louis_basel_west_familiengarten.jpg","keywords":["Alsace","Basel","coronavirus","covid-19","Saint-Louis"],"articleSection":["Actualit\u00e9s","B\u00e2le Trinationale"],"inLanguage":"fr-FR"},{"@type":"WebPage","@id":"https:\/\/bale.ch\/journal\/derogation-pour-les-balois-ils-peuvent-acceder-a-leurs-jardins-familiaux-alsaciens\/","url":"https:\/\/bale.ch\/journal\/derogation-pour-les-balois-ils-peuvent-acceder-a-leurs-jardins-familiaux-alsaciens\/","name":"D\u00e9rogation pour les B\u00e2lois: ils peuvent acc\u00e9der \u00e0 leurs jardins familiaux alsaciens - Journal de B\u00e2le et Gen\u00e8ve","isPartOf":{"@id":"https:\/\/bale.ch\/journal\/#website"},"primaryImageOfPage":{"@id":"https:\/\/bale.ch\/journal\/derogation-pour-les-balois-ils-peuvent-acceder-a-leurs-jardins-familiaux-alsaciens\/#primaryimage"},"image":{"@id":"https:\/\/bale.ch\/journal\/derogation-pour-les-balois-ils-peuvent-acceder-a-leurs-jardins-familiaux-alsaciens\/#primaryimage"},"thumbnailUrl":"https:\/\/bale.ch\/journal\/wp-content\/uploads\/2020\/04\/bale_jardins_familiaux_saint-louis_basel_west_familiengarten.jpg","datePublished":"2020-04-10T17:07:13+00:00","dateModified":"2020-04-10T17:37:06+00:00","breadcrumb":{"@id":"https:\/\/bale.ch\/journal\/derogation-pour-les-balois-ils-peuvent-acceder-a-leurs-jardins-familiaux-alsaciens\/#breadcrumb"},"inLanguage":"fr-FR","potentialAction":[{"@type":"ReadAction","target":["https:\/\/bale.ch\/journal\/derogation-pour-les-balois-ils-peuvent-acceder-a-leurs-jardins-familiaux-alsaciens\/"]}]},{"@type":"ImageObject","inLanguage":"fr-FR","@id":"https:\/\/bale.ch\/journal\/derogation-pour-les-balois-ils-peuvent-acceder-a-leurs-jardins-familiaux-alsaciens\/#primaryimage","url":"https:\/\/bale.ch\/journal\/wp-content\/uploads\/2020\/04\/bale_jardins_familiaux_saint-louis_basel_west_familiengarten.jpg","contentUrl":"https:\/\/bale.ch\/journal\/wp-content\/uploads\/2020\/04\/bale_jardins_familiaux_saint-louis_basel_west_familiengarten.jpg","width":900,"height":484},{"@type":"BreadcrumbList","@id":"https:\/\/bale.ch\/journal\/derogation-pour-les-balois-ils-peuvent-acceder-a-leurs-jardins-familiaux-alsaciens\/#breadcrumb","itemListElement":[{"@type":"ListItem","position":1,"name":"Accueil","item":"https:\/\/bale.ch\/journal\/"},{"@type":"ListItem","position":2,"name":"D\u00e9rogation pour les B\u00e2lois: ils peuvent acc\u00e9der \u00e0 leurs jardins familiaux alsaciens"}]},{"@type":"WebSite","@id":"https:\/\/bale.ch\/journal\/#website","url":"https:\/\/bale.ch\/journal\/","name":"Journal de B\u00e2le et Gen\u00e8ve","description":"M\u00e9dia transfrontalier d&#039;actualit\u00e9s - News","publisher":{"@id":"https:\/\/bale.ch\/journal\/#organization"},"potentialAction":[{"@type":"SearchAction","target":{"@type":"EntryPoint","urlTemplate":"https:\/\/bale.ch\/journal\/?s={search_term_string}"},"query-input":{"@type":"PropertyValueSpecification","valueRequired":true,"valueName":"search_term_string"}}],"inLanguage":"fr-FR"},{"@type":"Organization","@id":"https:\/\/bale.ch\/journal\/#organization","name":"Journal de B\u00e2le et Gen\u00e8ve","url":"https:\/\/bale.ch\/journal\/","logo":{"@type":"ImageObject","inLanguage":"fr-FR","@id":"https:\/\/bale.ch\/journal\/#\/schema\/logo\/image\/","url":"https:\/\/bale.ch\/journal\/wp-content\/uploads\/2023\/07\/journaldebale_logo_2023_nb.png","contentUrl":"https:\/\/bale.ch\/journal\/wp-content\/uploads\/2023\/07\/journaldebale_logo_2023_nb.png","width":371,"height":127,"caption":"Journal de B\u00e2le et Gen\u00e8ve"},"image":{"@id":"https:\/\/bale.ch\/journal\/#\/schema\/logo\/image\/"}},{"@type":"Person","@id":"https:\/\/bale.ch\/journal\/#\/schema\/person\/e3e5eeffae523f19b12d7057ced45a2b","name":"Elodie Silva","image":{"@type":"ImageObject","inLanguage":"fr-FR","@id":"https:\/\/secure.gravatar.com\/avatar\/f76593021159ecd3226293e7c461386bfd009157e6c549bc9b418d0a2db47041?s=96&d=mm&r=g","url":"https:\/\/secure.gravatar.com\/avatar\/f76593021159ecd3226293e7c461386bfd009157e6c549bc9b418d0a2db47041?s=96&d=mm&r=g","contentUrl":"https:\/\/secure.gravatar.com\/avatar\/f76593021159ecd3226293e7c461386bfd009157e6c549bc9b418d0a2db47041?s=96&d=mm&r=g","caption":"Elodie Silva"},"url":"https:\/\/bale.ch\/journal\/author\/elodiesilva\/"}]}},"_links":{"self":[{"href":"https:\/\/bale.ch\/journal\/wp-json\/wp\/v2\/posts\/2889","targetHints":{"allow":["GET"]}}],"collection":[{"href":"https:\/\/bale.ch\/journal\/wp-json\/wp\/v2\/posts"}],"about":[{"href":"https:\/\/bale.ch\/journal\/wp-json\/wp\/v2\/types\/post"}],"author":[{"embeddable":true,"href":"https:\/\/bale.ch\/journal\/wp-json\/wp\/v2\/users\/43"}],"replies":[{"embeddable":true,"href":"https:\/\/bale.ch\/journal\/wp-json\/wp\/v2\/comments?post=2889"}],"version-history":[{"count":7,"href":"https:\/\/bale.ch\/journal\/wp-json\/wp\/v2\/posts\/2889\/revisions"}],"predecessor-version":[{"id":2897,"href":"https:\/\/bale.ch\/journal\/wp-json\/wp\/v2\/posts\/2889\/revisions\/2897"}],"wp:featuredmedia":[{"embeddable":true,"href":"https:\/\/bale.ch\/journal\/wp-json\/wp\/v2\/media\/2890"}],"wp:attachment":[{"href":"https:\/\/bale.ch\/journal\/wp-json\/wp\/v2\/media?parent=2889"}],"wp:term":[{"taxonomy":"category","embeddable":true,"href":"https:\/\/bale.ch\/journal\/wp-json\/wp\/v2\/categories?post=2889"},{"taxonomy":"post_tag","embeddable":true,"href":"https:\/\/bale.ch\/journal\/wp-json\/wp\/v2\/tags?post=2889"}],"curies":[{"name":"wp","href":"https:\/\/api.w.org\/{rel}","templated":true}]}}