{"id":2937,"date":"2020-05-13T12:13:54","date_gmt":"2020-05-13T12:13:54","guid":{"rendered":"http:\/\/bale.ch\/journal\/?p=2937"},"modified":"2020-05-13T13:49:08","modified_gmt":"2020-05-13T13:49:08","slug":"covid-19-suisse-france-allemangne-et-autriche-ont-lobjectif-dun-retour-dune-libre-circulation-en-europe-a-partir-de-mi-juin","status":"publish","type":"post","link":"https:\/\/bale.ch\/journal\/covid-19-suisse-france-allemangne-et-autriche-ont-lobjectif-dun-retour-dune-libre-circulation-en-europe-a-partir-de-mi-juin\/","title":{"rendered":"Covid-19 | Suisse, France, Autriche et Allemagne pour une r\u00e9ouverture des fronti\u00e8res communes le 15 juin"},"content":{"rendered":"\n<p class=\"wp-block-paragraph\">Les restrictions de circulation mises en place aux fronti\u00e8res allemandes pour endiguer la pand\u00e9mie de Covid-19 devraient \u00eatre lev\u00e9es par l&rsquo;Allemagne et ses voisins comme l&rsquo;Autiche \u00e0 la mi-juin, a annonc\u00e9 mercredi le ministre de l&rsquo;Int\u00e9rieur. Les contr\u00f4les en vigueur seront assouplis d\u00e8s le 16 mai d\u00e9j\u00e0.<\/p>\n\n\n\n<h4 class=\"wp-block-heading\">Mobilit\u00e9 douce: plus d&rsquo;espace pour les v\u00e9los et les pi\u00e9tons \u00e0 Gen\u00e8ve<\/h4>\n\n\n\n<p class=\"wp-block-paragraph\">Avec le d\u00e9confinement qui a d\u00e9but\u00e9 en Suisse et en France, les travailleurs ont peu \u00e0 peu repris le chemin des bureaux et chantiers. Pour \u00e9viter un retour aux bouchons, et les transports en commun bond\u00e9s, les autorit\u00e9s genevoises ont d\u00e9clar\u00e9 jeudi vouloir accompagner cette hausse des besoins de d\u00e9placement et proposer une offre permettant d\u2019\u00e9viter les blocages, comme un accroissement de l\u2019espace d\u00e9di\u00e9 \u00e0 la mobilit\u00e9 douce: v\u00e9lo et marche. Il faut dire que <em>\u00ab\u00a0seule 40% de la capacit\u00e9 des transports publics pourra \u00eatre utilis\u00e9e\u00a0\u00bb<\/em>, m\u00eame si d\u00e9j\u00e0 nonante pour cent des bus a repris ses trajets habituels. Serge Dal Busco, conseiller d\u2019Etat genevois charg\u00e9 des infrastructures, pr\u00e9cise les mesures: <em>\u00ab\u00a0ces am\u00e9nagements concerneront notamment des projets d\u2019axes cyclables d\u00e9j\u00e0 identifi\u00e9s comme prioritaires, tels que les itin\u00e9raires gare des Eaux-Vives \u2013 gare Cornavin et gare Cornavin \u2013 Uni-Mail, de m\u00eame que d\u2019autres axes entre Malagnou et Rive ou entre le quai du Mont-Blanc et le quai Wilson.\u00a0\u00bb<\/em> La Voie verte qui suit la ligne du L\u00e9man Express entre Savoie et Gen\u00e8ve sera \u00e9galement rouverte.$<\/p>\n\n\n\n<h4 class=\"wp-block-heading\">Mesures d&rsquo;\u00e9conomie envisag\u00e9es \u00e0 l&rsquo;a\u00e9roport de Gen\u00e8ve<\/h4>\n\n\n\n<p class=\"wp-block-paragraph\">Selon la RTS, une partie des employ\u00e9s de l&rsquo;a\u00e9roport de Gen\u00e8ve a \u00e9t\u00e9 inform\u00e9e que des mesures d&rsquo;\u00e9conomies \u00e9taient envisag\u00e9es. \u00abNous travaillons sur plusieurs sc\u00e9narios\u00bb, a d\u00e9clar\u00e9 Andr\u00e9 Scheiner, directeur g\u00e9n\u00e9ral de l&rsquo;infrastructure, dont le but <em>\u00ab\u00a0est la survie de l&rsquo;a\u00e9roport\u00a0\u00bb<\/em>. <em>\u00ab\u00a095% de nos revenus sont li\u00e9s aux passagers\u00a0\u00bb<\/em>, pr\u00e9cise-t-il et le nombre de passagers a chut\u00e9 de 99,58% en avril 2020.<\/p><div id=\"crieu-3431698434\" class=\"crieu-content crieu-entity-placement\"><script async src=\"\/\/pagead2.googlesyndication.com\/pagead\/js\/adsbygoogle.js?client=ca-pub-5271584769416742\" crossorigin=\"anonymous\"><\/script><ins class=\"adsbygoogle\" style=\"display:block;\" data-ad-client=\"ca-pub-5271584769416742\" \ndata-ad-slot=\"9321250718\" \ndata-ad-format=\"auto\"><\/ins>\n<script> \n(adsbygoogle = window.adsbygoogle || []).push({}); \n<\/script>\n<\/div>\n\n\n\n<p class=\"wp-block-paragraph\">La direction de l&rsquo;a\u00e9roport de B\u00e2le-Mulhouse a quant \u00e0 elle a annonc\u00e9 que le trafic touristique et les vols passagers allait reprendre <em>\u00ab\u00a0avec un retour prochain \u00e0 la normale\u00a0\u00bb<\/em>. Conform\u00e9ment aux directives de l&rsquo;Office f\u00e9d\u00e9ral de la Sant\u00e9 publique et de l&rsquo;Agence r\u00e9gionale de sant\u00e9 (ARS), le port de masques respiratoire sera cependant obligatoire dans l&rsquo;enceinte de l&rsquo;a\u00e9roport binational.<\/p>\n\n\n\n<h4 class=\"wp-block-heading\">Le L\u00e9man Express toujours en difficult\u00e9<\/h4>\n\n\n\n<p class=\"wp-block-paragraph\">Le L\u00e9man Express ne circule que toutes les trente minutes alors qu&rsquo;il est,m selon l\u2019Association transport et environnement (ATE),<em> \u00ab\u00a0la colonne vert\u00e9brale du d\u00e9confinement. Il est incompr\u00e9hensible que les trains circulent toujours \u00e0 la demi-heure plut\u00f4t qu\u2019au quart-d\u2019heure.\u00a0\u00bb<\/em> L\u2019Association transport et environnement (ATE) est interloqu\u00e9e. <em>\u00ab\u00a0Ce probl\u00e8me est indirectement li\u00e9 au coronavirus<\/em>, a expliqu\u00e9 le directeur g\u00e9n\u00e9ral de l&rsquo;op\u00e9rateur L\u00e9manis Mario Werren.<em> Nous avons stabilis\u00e9 une grande partie des probl\u00e8mes rencontr\u00e9s au d\u00e9marrage. Mais nous n\u2019avons pas assez de conducteurs form\u00e9s, c\u00f4t\u00e9 Suisse, \u00e0 notre parcours particulier.\u00a0\u00bb<\/em> Ceux-ci ont bien \u00e9t\u00e9 engag\u00e9s, mais n\u2019ont pas suivi la formation, pour cause de confinement. L\u00e9manis<em> \u00ab\u00a0a bon espoir\u00a0\u00bb<\/em> que  le service reviendra au quart d\u2019heure entre Cornavin et Annemasse le18 mai.<\/p>\n\n\n\n<p class=\"wp-block-paragraph\"><\/p>\n<div id=\"crieu-1753643782\" class=\"crieu-apres-le-contenu crieu-entity-placement\" style=\"margin-left: auto;margin-right: auto;text-align: center;\"><script async src=\"\/\/pagead2.googlesyndication.com\/pagead\/js\/adsbygoogle.js?client=ca-pub-5271584769416742\" crossorigin=\"anonymous\"><\/script><ins class=\"adsbygoogle\" style=\"display:block;\" data-ad-client=\"ca-pub-5271584769416742\" \ndata-ad-slot=\"9321250718\" \ndata-ad-format=\"auto\"><\/ins>\n<script> \n(adsbygoogle = window.adsbygoogle || []).push({}); \n<\/script>\n<\/div>","protected":false},"excerpt":{"rendered":"<p>Les restrictions de circulation mises en place aux fronti\u00e8res allemandes pour endiguer la pand\u00e9mie de Covid-19 devraient \u00eatre lev\u00e9es par l&rsquo;Allemagne et ses voisins comme l&rsquo;Autiche \u00e0 la mi-juin, a <a href=\"https:\/\/bale.ch\/journal\/covid-19-suisse-france-allemangne-et-autriche-ont-lobjectif-dun-retour-dune-libre-circulation-en-europe-a-partir-de-mi-juin\/\" class=\"read-more button-fancy -red\"><span class=\"btn-arrow\"><\/span><span class=\"twp-read-more text\">Continuer la lecture<\/span><\/a><\/p>\n","protected":false},"author":2,"featured_media":2938,"comment_status":"closed","ping_status":"closed","sticky":false,"template":"","format":"standard","meta":{"footnotes":""},"categories":[103,4,8],"tags":[201,203],"class_list":["post-2937","post","type-post","status-publish","format-standard","has-post-thumbnail","hentry","category-actu","category-grand-geneve","category-suisse","tag-coronavirus","tag-covid-19"],"yoast_head":"<!-- This site is optimized with the Yoast SEO plugin v28.3 - https:\/\/yoast.com\/product\/yoast-seo-wordpress\/ -->\n<title>Covid-19 | Suisse, France, Autriche et Allemagne pour une r\u00e9ouverture des fronti\u00e8res communes le 15 juin - Journal de B\u00e2le et Gen\u00e8ve<\/title>\n<meta name=\"robots\" content=\"index, follow, max-snippet:-1, max-image-preview:large, max-video-preview:-1\" \/>\n<link rel=\"canonical\" href=\"https:\/\/bale.ch\/journal\/covid-19-suisse-france-allemangne-et-autriche-ont-lobjectif-dun-retour-dune-libre-circulation-en-europe-a-partir-de-mi-juin\/\" \/>\n<meta property=\"og:locale\" content=\"fr_FR\" \/>\n<meta property=\"og:type\" content=\"article\" \/>\n<meta property=\"og:title\" content=\"Covid-19 | Suisse, France, Autriche et Allemagne pour une r\u00e9ouverture des fronti\u00e8res communes le 15 juin - Journal de B\u00e2le et Gen\u00e8ve\" \/>\n<meta property=\"og:description\" content=\"Les restrictions de circulation mises en place aux fronti\u00e8res allemandes pour endiguer la pand\u00e9mie de Covid-19 devraient \u00eatre lev\u00e9es par l&rsquo;Allemagne et ses voisins comme l&rsquo;Autiche \u00e0 la mi-juin, a Continuer la lecture\" \/>\n<meta property=\"og:url\" content=\"https:\/\/bale.ch\/journal\/covid-19-suisse-france-allemangne-et-autriche-ont-lobjectif-dun-retour-dune-libre-circulation-en-europe-a-partir-de-mi-juin\/\" \/>\n<meta property=\"og:site_name\" content=\"Journal de B\u00e2le et Gen\u00e8ve\" \/>\n<meta property=\"article:published_time\" content=\"2020-05-13T12:13:54+00:00\" \/>\n<meta property=\"article:modified_time\" content=\"2020-05-13T13:49:08+00:00\" \/>\n<meta property=\"og:image\" content=\"https:\/\/bale.ch\/journal\/wp-content\/uploads\/2020\/05\/swiss_air_lines_lufthansa_genve_aeroport_bale_mulhouse_zurich.jpg\" \/>\n\t<meta property=\"og:image:width\" content=\"900\" \/>\n\t<meta property=\"og:image:height\" content=\"484\" \/>\n\t<meta property=\"og:image:type\" content=\"image\/jpeg\" \/>\n<meta name=\"author\" content=\"La R\u00e9daction\" \/>\n<meta name=\"twitter:card\" content=\"summary_large_image\" \/>\n<meta name=\"twitter:label1\" content=\"\u00c9crit par\" \/>\n\t<meta name=\"twitter:data1\" content=\"La R\u00e9daction\" \/>\n\t<meta name=\"twitter:label2\" content=\"Dur\u00e9e de lecture estim\u00e9e\" \/>\n\t<meta name=\"twitter:data2\" content=\"3 minutes\" \/>\n<script type=\"application\/ld+json\" class=\"yoast-schema-graph\">{\"@context\":\"https:\\\/\\\/schema.org\",\"@graph\":[{\"@type\":\"Article\",\"@id\":\"https:\\\/\\\/bale.ch\\\/journal\\\/covid-19-suisse-france-allemangne-et-autriche-ont-lobjectif-dun-retour-dune-libre-circulation-en-europe-a-partir-de-mi-juin\\\/#article\",\"isPartOf\":{\"@id\":\"https:\\\/\\\/bale.ch\\\/journal\\\/covid-19-suisse-france-allemangne-et-autriche-ont-lobjectif-dun-retour-dune-libre-circulation-en-europe-a-partir-de-mi-juin\\\/\"},\"author\":{\"name\":\"La R\u00e9daction\",\"@id\":\"https:\\\/\\\/bale.ch\\\/journal\\\/#\\\/schema\\\/person\\\/03ced978db3b7a5274c5cef003f352f5\"},\"headline\":\"Covid-19 | Suisse, France, Autriche et Allemagne pour une r\u00e9ouverture des fronti\u00e8res communes le 15 juin\",\"datePublished\":\"2020-05-13T12:13:54+00:00\",\"dateModified\":\"2020-05-13T13:49:08+00:00\",\"mainEntityOfPage\":{\"@id\":\"https:\\\/\\\/bale.ch\\\/journal\\\/covid-19-suisse-france-allemangne-et-autriche-ont-lobjectif-dun-retour-dune-libre-circulation-en-europe-a-partir-de-mi-juin\\\/\"},\"wordCount\":586,\"publisher\":{\"@id\":\"https:\\\/\\\/bale.ch\\\/journal\\\/#organization\"},\"image\":{\"@id\":\"https:\\\/\\\/bale.ch\\\/journal\\\/covid-19-suisse-france-allemangne-et-autriche-ont-lobjectif-dun-retour-dune-libre-circulation-en-europe-a-partir-de-mi-juin\\\/#primaryimage\"},\"thumbnailUrl\":\"https:\\\/\\\/bale.ch\\\/journal\\\/wp-content\\\/uploads\\\/2020\\\/05\\\/swiss_air_lines_lufthansa_genve_aeroport_bale_mulhouse_zurich.jpg\",\"keywords\":[\"coronavirus\",\"covid-19\"],\"articleSection\":[\"Actualit\u00e9s\",\"Grand Gen\u00e8ve\",\"Suisse\"],\"inLanguage\":\"fr-FR\"},{\"@type\":\"WebPage\",\"@id\":\"https:\\\/\\\/bale.ch\\\/journal\\\/covid-19-suisse-france-allemangne-et-autriche-ont-lobjectif-dun-retour-dune-libre-circulation-en-europe-a-partir-de-mi-juin\\\/\",\"url\":\"https:\\\/\\\/bale.ch\\\/journal\\\/covid-19-suisse-france-allemangne-et-autriche-ont-lobjectif-dun-retour-dune-libre-circulation-en-europe-a-partir-de-mi-juin\\\/\",\"name\":\"Covid-19 | Suisse, France, Autriche et Allemagne pour une r\u00e9ouverture des fronti\u00e8res communes le 15 juin - Journal de B\u00e2le et Gen\u00e8ve\",\"isPartOf\":{\"@id\":\"https:\\\/\\\/bale.ch\\\/journal\\\/#website\"},\"primaryImageOfPage\":{\"@id\":\"https:\\\/\\\/bale.ch\\\/journal\\\/covid-19-suisse-france-allemangne-et-autriche-ont-lobjectif-dun-retour-dune-libre-circulation-en-europe-a-partir-de-mi-juin\\\/#primaryimage\"},\"image\":{\"@id\":\"https:\\\/\\\/bale.ch\\\/journal\\\/covid-19-suisse-france-allemangne-et-autriche-ont-lobjectif-dun-retour-dune-libre-circulation-en-europe-a-partir-de-mi-juin\\\/#primaryimage\"},\"thumbnailUrl\":\"https:\\\/\\\/bale.ch\\\/journal\\\/wp-content\\\/uploads\\\/2020\\\/05\\\/swiss_air_lines_lufthansa_genve_aeroport_bale_mulhouse_zurich.jpg\",\"datePublished\":\"2020-05-13T12:13:54+00:00\",\"dateModified\":\"2020-05-13T13:49:08+00:00\",\"breadcrumb\":{\"@id\":\"https:\\\/\\\/bale.ch\\\/journal\\\/covid-19-suisse-france-allemangne-et-autriche-ont-lobjectif-dun-retour-dune-libre-circulation-en-europe-a-partir-de-mi-juin\\\/#breadcrumb\"},\"inLanguage\":\"fr-FR\",\"potentialAction\":[{\"@type\":\"ReadAction\",\"target\":[\"https:\\\/\\\/bale.ch\\\/journal\\\/covid-19-suisse-france-allemangne-et-autriche-ont-lobjectif-dun-retour-dune-libre-circulation-en-europe-a-partir-de-mi-juin\\\/\"]}]},{\"@type\":\"ImageObject\",\"inLanguage\":\"fr-FR\",\"@id\":\"https:\\\/\\\/bale.ch\\\/journal\\\/covid-19-suisse-france-allemangne-et-autriche-ont-lobjectif-dun-retour-dune-libre-circulation-en-europe-a-partir-de-mi-juin\\\/#primaryimage\",\"url\":\"https:\\\/\\\/bale.ch\\\/journal\\\/wp-content\\\/uploads\\\/2020\\\/05\\\/swiss_air_lines_lufthansa_genve_aeroport_bale_mulhouse_zurich.jpg\",\"contentUrl\":\"https:\\\/\\\/bale.ch\\\/journal\\\/wp-content\\\/uploads\\\/2020\\\/05\\\/swiss_air_lines_lufthansa_genve_aeroport_bale_mulhouse_zurich.jpg\",\"width\":900,\"height\":484},{\"@type\":\"BreadcrumbList\",\"@id\":\"https:\\\/\\\/bale.ch\\\/journal\\\/covid-19-suisse-france-allemangne-et-autriche-ont-lobjectif-dun-retour-dune-libre-circulation-en-europe-a-partir-de-mi-juin\\\/#breadcrumb\",\"itemListElement\":[{\"@type\":\"ListItem\",\"position\":1,\"name\":\"Accueil\",\"item\":\"https:\\\/\\\/bale.ch\\\/journal\\\/\"},{\"@type\":\"ListItem\",\"position\":2,\"name\":\"Covid-19 | Suisse, France, Autriche et Allemagne pour une r\u00e9ouverture des fronti\u00e8res communes le 15 juin\"}]},{\"@type\":\"WebSite\",\"@id\":\"https:\\\/\\\/bale.ch\\\/journal\\\/#website\",\"url\":\"https:\\\/\\\/bale.ch\\\/journal\\\/\",\"name\":\"Journal de B\u00e2le et Gen\u00e8ve\",\"description\":\"M\u00e9dia transfrontalier d&#039;actualit\u00e9s - News\",\"publisher\":{\"@id\":\"https:\\\/\\\/bale.ch\\\/journal\\\/#organization\"},\"potentialAction\":[{\"@type\":\"SearchAction\",\"target\":{\"@type\":\"EntryPoint\",\"urlTemplate\":\"https:\\\/\\\/bale.ch\\\/journal\\\/?s={search_term_string}\"},\"query-input\":{\"@type\":\"PropertyValueSpecification\",\"valueRequired\":true,\"valueName\":\"search_term_string\"}}],\"inLanguage\":\"fr-FR\"},{\"@type\":\"Organization\",\"@id\":\"https:\\\/\\\/bale.ch\\\/journal\\\/#organization\",\"name\":\"Journal de B\u00e2le et Gen\u00e8ve\",\"url\":\"https:\\\/\\\/bale.ch\\\/journal\\\/\",\"logo\":{\"@type\":\"ImageObject\",\"inLanguage\":\"fr-FR\",\"@id\":\"https:\\\/\\\/bale.ch\\\/journal\\\/#\\\/schema\\\/logo\\\/image\\\/\",\"url\":\"https:\\\/\\\/bale.ch\\\/journal\\\/wp-content\\\/uploads\\\/2023\\\/07\\\/journaldebale_logo_2023_nb.png\",\"contentUrl\":\"https:\\\/\\\/bale.ch\\\/journal\\\/wp-content\\\/uploads\\\/2023\\\/07\\\/journaldebale_logo_2023_nb.png\",\"width\":371,\"height\":127,\"caption\":\"Journal de B\u00e2le et Gen\u00e8ve\"},\"image\":{\"@id\":\"https:\\\/\\\/bale.ch\\\/journal\\\/#\\\/schema\\\/logo\\\/image\\\/\"}},{\"@type\":\"Person\",\"@id\":\"https:\\\/\\\/bale.ch\\\/journal\\\/#\\\/schema\\\/person\\\/03ced978db3b7a5274c5cef003f352f5\",\"name\":\"La R\u00e9daction\",\"image\":{\"@type\":\"ImageObject\",\"inLanguage\":\"fr-FR\",\"@id\":\"https:\\\/\\\/secure.gravatar.com\\\/avatar\\\/d1327e2ce8d2b860112f968a3f34686c9bdda7a463a1502cdd1070ac9d88cf1e?s=96&d=mm&r=g\",\"url\":\"https:\\\/\\\/secure.gravatar.com\\\/avatar\\\/d1327e2ce8d2b860112f968a3f34686c9bdda7a463a1502cdd1070ac9d88cf1e?s=96&d=mm&r=g\",\"contentUrl\":\"https:\\\/\\\/secure.gravatar.com\\\/avatar\\\/d1327e2ce8d2b860112f968a3f34686c9bdda7a463a1502cdd1070ac9d88cf1e?s=96&d=mm&r=g\",\"caption\":\"La R\u00e9daction\"},\"url\":\"https:\\\/\\\/bale.ch\\\/journal\\\/author\\\/laredaction\\\/\"}]}<\/script>\n<!-- \/ Yoast SEO plugin. -->","yoast_head_json":{"title":"Covid-19 | Suisse, France, Autriche et Allemagne pour une r\u00e9ouverture des fronti\u00e8res communes le 15 juin - Journal de B\u00e2le et Gen\u00e8ve","robots":{"index":"index","follow":"follow","max-snippet":"max-snippet:-1","max-image-preview":"max-image-preview:large","max-video-preview":"max-video-preview:-1"},"canonical":"https:\/\/bale.ch\/journal\/covid-19-suisse-france-allemangne-et-autriche-ont-lobjectif-dun-retour-dune-libre-circulation-en-europe-a-partir-de-mi-juin\/","og_locale":"fr_FR","og_type":"article","og_title":"Covid-19 | Suisse, France, Autriche et Allemagne pour une r\u00e9ouverture des fronti\u00e8res communes le 15 juin - Journal de B\u00e2le et Gen\u00e8ve","og_description":"Les restrictions de circulation mises en place aux fronti\u00e8res allemandes pour endiguer la pand\u00e9mie de Covid-19 devraient \u00eatre lev\u00e9es par l&rsquo;Allemagne et ses voisins comme l&rsquo;Autiche \u00e0 la mi-juin, a Continuer la lecture","og_url":"https:\/\/bale.ch\/journal\/covid-19-suisse-france-allemangne-et-autriche-ont-lobjectif-dun-retour-dune-libre-circulation-en-europe-a-partir-de-mi-juin\/","og_site_name":"Journal de B\u00e2le et Gen\u00e8ve","article_published_time":"2020-05-13T12:13:54+00:00","article_modified_time":"2020-05-13T13:49:08+00:00","og_image":[{"width":900,"height":484,"url":"https:\/\/bale.ch\/journal\/wp-content\/uploads\/2020\/05\/swiss_air_lines_lufthansa_genve_aeroport_bale_mulhouse_zurich.jpg","type":"image\/jpeg"}],"author":"La R\u00e9daction","twitter_card":"summary_large_image","twitter_misc":{"\u00c9crit par":"La R\u00e9daction","Dur\u00e9e de lecture estim\u00e9e":"3 minutes"},"schema":{"@context":"https:\/\/schema.org","@graph":[{"@type":"Article","@id":"https:\/\/bale.ch\/journal\/covid-19-suisse-france-allemangne-et-autriche-ont-lobjectif-dun-retour-dune-libre-circulation-en-europe-a-partir-de-mi-juin\/#article","isPartOf":{"@id":"https:\/\/bale.ch\/journal\/covid-19-suisse-france-allemangne-et-autriche-ont-lobjectif-dun-retour-dune-libre-circulation-en-europe-a-partir-de-mi-juin\/"},"author":{"name":"La R\u00e9daction","@id":"https:\/\/bale.ch\/journal\/#\/schema\/person\/03ced978db3b7a5274c5cef003f352f5"},"headline":"Covid-19 | Suisse, France, Autriche et Allemagne pour une r\u00e9ouverture des fronti\u00e8res communes le 15 juin","datePublished":"2020-05-13T12:13:54+00:00","dateModified":"2020-05-13T13:49:08+00:00","mainEntityOfPage":{"@id":"https:\/\/bale.ch\/journal\/covid-19-suisse-france-allemangne-et-autriche-ont-lobjectif-dun-retour-dune-libre-circulation-en-europe-a-partir-de-mi-juin\/"},"wordCount":586,"publisher":{"@id":"https:\/\/bale.ch\/journal\/#organization"},"image":{"@id":"https:\/\/bale.ch\/journal\/covid-19-suisse-france-allemangne-et-autriche-ont-lobjectif-dun-retour-dune-libre-circulation-en-europe-a-partir-de-mi-juin\/#primaryimage"},"thumbnailUrl":"https:\/\/bale.ch\/journal\/wp-content\/uploads\/2020\/05\/swiss_air_lines_lufthansa_genve_aeroport_bale_mulhouse_zurich.jpg","keywords":["coronavirus","covid-19"],"articleSection":["Actualit\u00e9s","Grand Gen\u00e8ve","Suisse"],"inLanguage":"fr-FR"},{"@type":"WebPage","@id":"https:\/\/bale.ch\/journal\/covid-19-suisse-france-allemangne-et-autriche-ont-lobjectif-dun-retour-dune-libre-circulation-en-europe-a-partir-de-mi-juin\/","url":"https:\/\/bale.ch\/journal\/covid-19-suisse-france-allemangne-et-autriche-ont-lobjectif-dun-retour-dune-libre-circulation-en-europe-a-partir-de-mi-juin\/","name":"Covid-19 | Suisse, France, Autriche et Allemagne pour une r\u00e9ouverture des fronti\u00e8res communes le 15 juin - Journal de B\u00e2le et Gen\u00e8ve","isPartOf":{"@id":"https:\/\/bale.ch\/journal\/#website"},"primaryImageOfPage":{"@id":"https:\/\/bale.ch\/journal\/covid-19-suisse-france-allemangne-et-autriche-ont-lobjectif-dun-retour-dune-libre-circulation-en-europe-a-partir-de-mi-juin\/#primaryimage"},"image":{"@id":"https:\/\/bale.ch\/journal\/covid-19-suisse-france-allemangne-et-autriche-ont-lobjectif-dun-retour-dune-libre-circulation-en-europe-a-partir-de-mi-juin\/#primaryimage"},"thumbnailUrl":"https:\/\/bale.ch\/journal\/wp-content\/uploads\/2020\/05\/swiss_air_lines_lufthansa_genve_aeroport_bale_mulhouse_zurich.jpg","datePublished":"2020-05-13T12:13:54+00:00","dateModified":"2020-05-13T13:49:08+00:00","breadcrumb":{"@id":"https:\/\/bale.ch\/journal\/covid-19-suisse-france-allemangne-et-autriche-ont-lobjectif-dun-retour-dune-libre-circulation-en-europe-a-partir-de-mi-juin\/#breadcrumb"},"inLanguage":"fr-FR","potentialAction":[{"@type":"ReadAction","target":["https:\/\/bale.ch\/journal\/covid-19-suisse-france-allemangne-et-autriche-ont-lobjectif-dun-retour-dune-libre-circulation-en-europe-a-partir-de-mi-juin\/"]}]},{"@type":"ImageObject","inLanguage":"fr-FR","@id":"https:\/\/bale.ch\/journal\/covid-19-suisse-france-allemangne-et-autriche-ont-lobjectif-dun-retour-dune-libre-circulation-en-europe-a-partir-de-mi-juin\/#primaryimage","url":"https:\/\/bale.ch\/journal\/wp-content\/uploads\/2020\/05\/swiss_air_lines_lufthansa_genve_aeroport_bale_mulhouse_zurich.jpg","contentUrl":"https:\/\/bale.ch\/journal\/wp-content\/uploads\/2020\/05\/swiss_air_lines_lufthansa_genve_aeroport_bale_mulhouse_zurich.jpg","width":900,"height":484},{"@type":"BreadcrumbList","@id":"https:\/\/bale.ch\/journal\/covid-19-suisse-france-allemangne-et-autriche-ont-lobjectif-dun-retour-dune-libre-circulation-en-europe-a-partir-de-mi-juin\/#breadcrumb","itemListElement":[{"@type":"ListItem","position":1,"name":"Accueil","item":"https:\/\/bale.ch\/journal\/"},{"@type":"ListItem","position":2,"name":"Covid-19 | Suisse, France, Autriche et Allemagne pour une r\u00e9ouverture des fronti\u00e8res communes le 15 juin"}]},{"@type":"WebSite","@id":"https:\/\/bale.ch\/journal\/#website","url":"https:\/\/bale.ch\/journal\/","name":"Journal de B\u00e2le et Gen\u00e8ve","description":"M\u00e9dia transfrontalier d&#039;actualit\u00e9s - News","publisher":{"@id":"https:\/\/bale.ch\/journal\/#organization"},"potentialAction":[{"@type":"SearchAction","target":{"@type":"EntryPoint","urlTemplate":"https:\/\/bale.ch\/journal\/?s={search_term_string}"},"query-input":{"@type":"PropertyValueSpecification","valueRequired":true,"valueName":"search_term_string"}}],"inLanguage":"fr-FR"},{"@type":"Organization","@id":"https:\/\/bale.ch\/journal\/#organization","name":"Journal de B\u00e2le et Gen\u00e8ve","url":"https:\/\/bale.ch\/journal\/","logo":{"@type":"ImageObject","inLanguage":"fr-FR","@id":"https:\/\/bale.ch\/journal\/#\/schema\/logo\/image\/","url":"https:\/\/bale.ch\/journal\/wp-content\/uploads\/2023\/07\/journaldebale_logo_2023_nb.png","contentUrl":"https:\/\/bale.ch\/journal\/wp-content\/uploads\/2023\/07\/journaldebale_logo_2023_nb.png","width":371,"height":127,"caption":"Journal de B\u00e2le et Gen\u00e8ve"},"image":{"@id":"https:\/\/bale.ch\/journal\/#\/schema\/logo\/image\/"}},{"@type":"Person","@id":"https:\/\/bale.ch\/journal\/#\/schema\/person\/03ced978db3b7a5274c5cef003f352f5","name":"La R\u00e9daction","image":{"@type":"ImageObject","inLanguage":"fr-FR","@id":"https:\/\/secure.gravatar.com\/avatar\/d1327e2ce8d2b860112f968a3f34686c9bdda7a463a1502cdd1070ac9d88cf1e?s=96&d=mm&r=g","url":"https:\/\/secure.gravatar.com\/avatar\/d1327e2ce8d2b860112f968a3f34686c9bdda7a463a1502cdd1070ac9d88cf1e?s=96&d=mm&r=g","contentUrl":"https:\/\/secure.gravatar.com\/avatar\/d1327e2ce8d2b860112f968a3f34686c9bdda7a463a1502cdd1070ac9d88cf1e?s=96&d=mm&r=g","caption":"La R\u00e9daction"},"url":"https:\/\/bale.ch\/journal\/author\/laredaction\/"}]}},"_links":{"self":[{"href":"https:\/\/bale.ch\/journal\/wp-json\/wp\/v2\/posts\/2937","targetHints":{"allow":["GET"]}}],"collection":[{"href":"https:\/\/bale.ch\/journal\/wp-json\/wp\/v2\/posts"}],"about":[{"href":"https:\/\/bale.ch\/journal\/wp-json\/wp\/v2\/types\/post"}],"author":[{"embeddable":true,"href":"https:\/\/bale.ch\/journal\/wp-json\/wp\/v2\/users\/2"}],"replies":[{"embeddable":true,"href":"https:\/\/bale.ch\/journal\/wp-json\/wp\/v2\/comments?post=2937"}],"version-history":[{"count":9,"href":"https:\/\/bale.ch\/journal\/wp-json\/wp\/v2\/posts\/2937\/revisions"}],"predecessor-version":[{"id":2947,"href":"https:\/\/bale.ch\/journal\/wp-json\/wp\/v2\/posts\/2937\/revisions\/2947"}],"wp:featuredmedia":[{"embeddable":true,"href":"https:\/\/bale.ch\/journal\/wp-json\/wp\/v2\/media\/2938"}],"wp:attachment":[{"href":"https:\/\/bale.ch\/journal\/wp-json\/wp\/v2\/media?parent=2937"}],"wp:term":[{"taxonomy":"category","embeddable":true,"href":"https:\/\/bale.ch\/journal\/wp-json\/wp\/v2\/categories?post=2937"},{"taxonomy":"post_tag","embeddable":true,"href":"https:\/\/bale.ch\/journal\/wp-json\/wp\/v2\/tags?post=2937"}],"curies":[{"name":"wp","href":"https:\/\/api.w.org\/{rel}","templated":true}]}}