{"id":2956,"date":"2020-06-09T15:20:58","date_gmt":"2020-06-09T15:20:58","guid":{"rendered":"http:\/\/bale.ch\/journal\/?p=2956"},"modified":"2020-06-09T19:49:03","modified_gmt":"2020-06-09T19:49:03","slug":"le-dessin-dun-nouveau-monde-saffichera-sur-les-murs-de-bale-et-de-romandie","status":"publish","type":"post","link":"https:\/\/bale.ch\/journal\/le-dessin-dun-nouveau-monde-saffichera-sur-les-murs-de-bale-et-de-romandie\/","title":{"rendered":"Le dessin d\u2019un nouveau monde s&rsquo;affichera sur les murs de B\u00e2le et de Romandie"},"content":{"rendered":"\n<p class=\"wp-block-paragraph\"><strong>En cet \u00e9t\u00e9 pas comme les autres, le festival jurassien de bande dessin\u00e9e Del\u00e9mont\u2019BD change de format pour venir \u00e0 la rencontre de son public, au pied de chez lui. <\/strong><\/p>\n\n\n\n<p class=\"wp-block-paragraph\">Du 16 au 23 juin, il proposera sous le titre Del\u00e9mont\u2019BD HORS LES MURS, sur pr\u00e8s de 600 panneaux d\u2019affichage des villes de B\u00e2le, Bienne, Bulle, Carouge, Del\u00e9mont, Fribourg, La Chaux-de-Fonds, Lancy, Lausanne, Martigny, Meyrin, Morges, Neuch\u00e2tel, Porrentruy, Sion, Vevey et Yverdon-les-Bains, la d\u00e9clinaison grand format de la vision d\u2019un nouveau monde par 18 b\u00e9d\u00e9istes suisses romand.e.s. Ce projet s\u2019illustrera \u00e9galement sur le site delemont.ch, ainsi que dans un recueil vendu en libraire au profit de la SCAA, Swiss Comics Artists Association.<\/p>\n\n\n\n<figure class=\"wp-block-image size-large\"><img loading=\"lazy\" decoding=\"async\" width=\"724\" height=\"1024\" src=\"https:\/\/bale.ch\/journal\/wp-content\/uploads\/2020\/06\/Affiche_delemont_bd_2020-724x1024.jpg\" alt=\"\" class=\"wp-image-2959\" srcset=\"https:\/\/bale.ch\/journal\/wp-content\/uploads\/2020\/06\/Affiche_delemont_bd_2020-724x1024.jpg 724w, https:\/\/bale.ch\/journal\/wp-content\/uploads\/2020\/06\/Affiche_delemont_bd_2020-212x300.jpg 212w, https:\/\/bale.ch\/journal\/wp-content\/uploads\/2020\/06\/Affiche_delemont_bd_2020-768x1086.jpg 768w, https:\/\/bale.ch\/journal\/wp-content\/uploads\/2020\/06\/Affiche_delemont_bd_2020.jpg 842w\" sizes=\"auto, (max-width: 724px) 100vw, 724px\" \/><figcaption>L&rsquo;affiche de l&rsquo;\u00e9dition 2020 du festival dessin\u00e9e par Alfred.<\/figcaption><\/figure>\n\n\n\n<p class=\"wp-block-paragraph\"><br>Imagin\u00e9 au mois d\u2019avril dernier, \u00e0 l\u2019heure m\u00eame o\u00f9 la quasi-totalit\u00e9 de la plan\u00e8te traversait un ralentissement aussi brutal qu\u2019historique, Del\u00e9mont\u2019BD HORS LES MURS est un projet unique en son genre. Destin\u00e9 \u00e0 se d\u00e9guster sans la <em><strong>\u00ab\u00a0distanciation sociale\u00a0\u00bb <\/strong><\/em>(mieux nomm\u00e9e distanciation physique) en cours et dans un v\u00e9ritable \u00e9change populaire, il a invit\u00e9 18 b\u00e9d\u00e9istes suisses romand.e.s \u00e0 \u00ab\u00a0dessiner\u00a0\u00bb leur vision d\u2019un nouveau monde.<\/p><div id=\"crieu-3383258016\" class=\"crieu-content crieu-entity-placement\"><script async src=\"\/\/pagead2.googlesyndication.com\/pagead\/js\/adsbygoogle.js?client=ca-pub-5271584769416742\" crossorigin=\"anonymous\"><\/script><ins class=\"adsbygoogle\" style=\"display:block;\" data-ad-client=\"ca-pub-5271584769416742\" \ndata-ad-slot=\"9321250718\" \ndata-ad-format=\"auto\"><\/ins>\n<script> \n(adsbygoogle = window.adsbygoogle || []).push({}); \n<\/script>\n<\/div>\n\n\n\n<p class=\"wp-block-paragraph\"><br>Les Jurassien.ne.s <strong>Anda et Pitch Commen<\/strong>t, la Neuch\u00e2teloise <strong>Mariemo, le <\/strong>Zurico-neuch\u00e2telois <strong>Noyau<\/strong>, les Fribourgeois.e.s <strong>Debuhme et Vamille, la Valaisanne C\u00e9cile Giovaninni, les Vaudois.e.s Adrienne Barman, H\u00e9l\u00e8ne Becquelin, Valott et Fanny Vaucher<\/strong> ainsi que les Genevois.e.s <strong>Albertine<\/strong> (sur un texte de <strong>Germano Zullo<\/strong>), <strong>Alex Baladi, Buche, Frederik Peeters, Pierre Schilling, Tom Tirabosco et Pierre Wazem<\/strong> ont, en un temps record, tent\u00e9 de traduire par le dessin (avec ou sans texte), leur r\u00eave, leur doute ou leur questionnement sur un nouveau lendemain. Leurs cr\u00e9ations ont \u00e9t\u00e9 d\u00e9clin\u00e9es en affiches grand format pour se croiser sur plus de 600 panneaux d\u2019affichages r\u00e9partis dans les principales villes de Suisse romande et \u00e0 B\u00e2le. Elles se confronteront, au vu et au su de toutes et tous.<\/p>\n\n\n\n<figure class=\"wp-block-gallery columns-1 is-cropped wp-block-gallery-1 is-layout-flex wp-block-gallery-is-layout-flex\"><ul class=\"blocks-gallery-grid\"><li class=\"blocks-gallery-item\"><figure><img loading=\"lazy\" decoding=\"async\" width=\"774\" height=\"1024\" src=\"https:\/\/bale.ch\/journal\/wp-content\/uploads\/2020\/06\/Wazem-Pierre_Delemont-774x1024.jpg\" alt=\"\" data-id=\"2963\" data-full-url=\"https:\/\/bale.ch\/journal\/wp-content\/uploads\/2020\/06\/Wazem-Pierre_Delemont-scaled.jpg\" data-link=\"https:\/\/bale.ch\/journal\/le-dessin-dun-nouveau-monde-saffichera-sur-les-murs-de-bale-et-de-romandie\/wazem-pierre_delemont\/\" class=\"wp-image-2963\" srcset=\"https:\/\/bale.ch\/journal\/wp-content\/uploads\/2020\/06\/Wazem-Pierre_Delemont-774x1024.jpg 774w, https:\/\/bale.ch\/journal\/wp-content\/uploads\/2020\/06\/Wazem-Pierre_Delemont-227x300.jpg 227w, https:\/\/bale.ch\/journal\/wp-content\/uploads\/2020\/06\/Wazem-Pierre_Delemont-768x1016.jpg 768w, https:\/\/bale.ch\/journal\/wp-content\/uploads\/2020\/06\/Wazem-Pierre_Delemont-1161x1536.jpg 1161w, https:\/\/bale.ch\/journal\/wp-content\/uploads\/2020\/06\/Wazem-Pierre_Delemont-1548x2048.jpg 1548w, https:\/\/bale.ch\/journal\/wp-content\/uploads\/2020\/06\/Wazem-Pierre_Delemont-scaled.jpg 1935w\" sizes=\"auto, (max-width: 774px) 100vw, 774px\" \/><figcaption class=\"blocks-gallery-item__caption\">Dessin de Pierre Wazem.<\/figcaption><\/figure><\/li><\/ul><\/figure>\n\n\n\n<p class=\"wp-block-paragraph\">L\u2019entier de ce projet pourra \u00e9galement \u00eatre appr\u00e9ci\u00e9, d\u00e8s le 15 juin, sur delemontbd.ch (avec un portrait et un commentaire vid\u00e9o de chaque cr\u00e9atrice\/cr\u00e9ateur) ainsi que dans un recueil collector vendu au prix de 20 francs, en librairie, au profit de la SCAA \u2013 Swiss Comics Artists Association.<br><br>Del\u00e9mont\u2019BD HORS LES MURS, du 16 au 23 juin, avec, en marge :<br>&#8211; rencontre-d\u00e9dicaces autour du projet et de son recueil, avec Adrienne Barman, H\u00e9l\u00e8ne Becquelin, Mariemo, Frederik Peeters, Pierre Schilling, Tom Tirabosco et Pierre Wazem, le mercredi 17 juin, de 17h \u00e0 19h, \u00e0 la Galerie Papiers Gras, place de l\u2019Ile 1, Gen\u00e8ve.<\/p>\n\n\n\n<p class=\"wp-block-paragraph\">&#8211; exposition int\u00e9grale du projet, en plein-air, \u00e0 Del\u00e9mont, jusqu\u2019au 15 ao\u00fbt, sur les vitrines de la rue de Fer (Vieille Ville) et autour de la Banque Raiffeisen, \u00e0 c\u00f4t\u00e9 de la gare.<\/p>\n\n\n\n<p class=\"wp-block-paragraph\">Toutes les infos sur <a href=\"https:\/\/www.delemontbd.ch\/\" target=\"_blank\" rel=\"noreferrer noopener\"><strong>delemontbd.ch<\/strong><\/a><\/p>\n\n\n\n<figure class=\"wp-block-gallery columns-1 is-cropped wp-block-gallery-2 is-layout-flex wp-block-gallery-is-layout-flex\"><ul class=\"blocks-gallery-grid\"><li class=\"blocks-gallery-item\"><figure><img loading=\"lazy\" decoding=\"async\" width=\"669\" height=\"886\" src=\"https:\/\/bale.ch\/journal\/wp-content\/uploads\/2020\/06\/Tirabosco-Tom-DelemontBD-HORS-LES-MURS.jpg\" alt=\"\" data-id=\"2965\" data-full-url=\"https:\/\/bale.ch\/journal\/wp-content\/uploads\/2020\/06\/Tirabosco-Tom-DelemontBD-HORS-LES-MURS.jpg\" data-link=\"https:\/\/bale.ch\/journal\/le-dessin-dun-nouveau-monde-saffichera-sur-les-murs-de-bale-et-de-romandie\/tirabosco-tom-delemontbd-hors-les-murs\/\" class=\"wp-image-2965\" srcset=\"https:\/\/bale.ch\/journal\/wp-content\/uploads\/2020\/06\/Tirabosco-Tom-DelemontBD-HORS-LES-MURS.jpg 669w, https:\/\/bale.ch\/journal\/wp-content\/uploads\/2020\/06\/Tirabosco-Tom-DelemontBD-HORS-LES-MURS-227x300.jpg 227w\" sizes=\"auto, (max-width: 669px) 100vw, 669px\" \/><figcaption class=\"blocks-gallery-item__caption\">Dessin de Tom Tirabosco.<\/figcaption><\/figure><\/li><\/ul><\/figure>\n<div id=\"crieu-3492443110\" class=\"crieu-apres-le-contenu crieu-entity-placement\" style=\"margin-left: auto;margin-right: auto;text-align: center;\"><script async src=\"\/\/pagead2.googlesyndication.com\/pagead\/js\/adsbygoogle.js?client=ca-pub-5271584769416742\" crossorigin=\"anonymous\"><\/script><ins class=\"adsbygoogle\" style=\"display:block;\" data-ad-client=\"ca-pub-5271584769416742\" \ndata-ad-slot=\"9321250718\" \ndata-ad-format=\"auto\"><\/ins>\n<script> \n(adsbygoogle = window.adsbygoogle || []).push({}); \n<\/script>\n<\/div>","protected":false},"excerpt":{"rendered":"<p>En cet \u00e9t\u00e9 pas comme les autres, le festival jurassien de bande dessin\u00e9e Del\u00e9mont\u2019BD change de format pour venir \u00e0 la rencontre de son public, au pied de chez lui. <a href=\"https:\/\/bale.ch\/journal\/le-dessin-dun-nouveau-monde-saffichera-sur-les-murs-de-bale-et-de-romandie\/\" class=\"read-more button-fancy -red\"><span class=\"btn-arrow\"><\/span><span class=\"twp-read-more text\">Continuer la lecture<\/span><\/a><\/p>\n","protected":false},"author":2,"featured_media":2958,"comment_status":"closed","ping_status":"closed","sticky":false,"template":"","format":"standard","meta":{"footnotes":""},"categories":[103,11,8],"tags":[20,50,207],"class_list":["post-2956","post","type-post","status-publish","format-standard","has-post-thumbnail","hentry","category-actu","category-art","category-suisse","tag-bande-dessinee","tag-delemont","tag-jura"],"yoast_head":"<!-- This site is optimized with the Yoast SEO plugin v28.3 - https:\/\/yoast.com\/product\/yoast-seo-wordpress\/ -->\n<title>Le dessin d\u2019un nouveau monde s&#039;affichera sur les murs de B\u00e2le et de Romandie - Journal de B\u00e2le et Gen\u00e8ve<\/title>\n<meta name=\"robots\" content=\"index, follow, max-snippet:-1, max-image-preview:large, max-video-preview:-1\" \/>\n<link rel=\"canonical\" href=\"https:\/\/bale.ch\/journal\/le-dessin-dun-nouveau-monde-saffichera-sur-les-murs-de-bale-et-de-romandie\/\" \/>\n<meta property=\"og:locale\" content=\"fr_FR\" \/>\n<meta property=\"og:type\" content=\"article\" \/>\n<meta property=\"og:title\" content=\"Le dessin d\u2019un nouveau monde s&#039;affichera sur les murs de B\u00e2le et de Romandie - Journal de B\u00e2le et Gen\u00e8ve\" \/>\n<meta property=\"og:description\" content=\"En cet \u00e9t\u00e9 pas comme les autres, le festival jurassien de bande dessin\u00e9e Del\u00e9mont\u2019BD change de format pour venir \u00e0 la rencontre de son public, au pied de chez lui. Continuer la lecture\" \/>\n<meta property=\"og:url\" content=\"https:\/\/bale.ch\/journal\/le-dessin-dun-nouveau-monde-saffichera-sur-les-murs-de-bale-et-de-romandie\/\" \/>\n<meta property=\"og:site_name\" content=\"Journal de B\u00e2le et Gen\u00e8ve\" \/>\n<meta property=\"article:published_time\" content=\"2020-06-09T15:20:58+00:00\" \/>\n<meta property=\"article:modified_time\" content=\"2020-06-09T19:49:03+00:00\" \/>\n<meta property=\"og:image\" content=\"https:\/\/bale.ch\/journal\/wp-content\/uploads\/2020\/06\/delemont_bd_2020_festival_tom_tirabosco.jpg\" \/>\n\t<meta property=\"og:image:width\" content=\"900\" \/>\n\t<meta property=\"og:image:height\" content=\"484\" \/>\n\t<meta property=\"og:image:type\" content=\"image\/jpeg\" \/>\n<meta name=\"author\" content=\"La R\u00e9daction\" \/>\n<meta name=\"twitter:card\" content=\"summary_large_image\" \/>\n<meta name=\"twitter:label1\" content=\"\u00c9crit par\" \/>\n\t<meta name=\"twitter:data1\" content=\"La R\u00e9daction\" \/>\n\t<meta name=\"twitter:label2\" content=\"Dur\u00e9e de lecture estim\u00e9e\" \/>\n\t<meta name=\"twitter:data2\" content=\"3 minutes\" \/>\n<script type=\"application\/ld+json\" class=\"yoast-schema-graph\">{\"@context\":\"https:\\\/\\\/schema.org\",\"@graph\":[{\"@type\":\"Article\",\"@id\":\"https:\\\/\\\/bale.ch\\\/journal\\\/le-dessin-dun-nouveau-monde-saffichera-sur-les-murs-de-bale-et-de-romandie\\\/#article\",\"isPartOf\":{\"@id\":\"https:\\\/\\\/bale.ch\\\/journal\\\/le-dessin-dun-nouveau-monde-saffichera-sur-les-murs-de-bale-et-de-romandie\\\/\"},\"author\":{\"name\":\"La R\u00e9daction\",\"@id\":\"https:\\\/\\\/bale.ch\\\/journal\\\/#\\\/schema\\\/person\\\/03ced978db3b7a5274c5cef003f352f5\"},\"headline\":\"Le dessin d\u2019un nouveau monde s&rsquo;affichera sur les murs de B\u00e2le et de Romandie\",\"datePublished\":\"2020-06-09T15:20:58+00:00\",\"dateModified\":\"2020-06-09T19:49:03+00:00\",\"mainEntityOfPage\":{\"@id\":\"https:\\\/\\\/bale.ch\\\/journal\\\/le-dessin-dun-nouveau-monde-saffichera-sur-les-murs-de-bale-et-de-romandie\\\/\"},\"wordCount\":525,\"publisher\":{\"@id\":\"https:\\\/\\\/bale.ch\\\/journal\\\/#organization\"},\"image\":{\"@id\":\"https:\\\/\\\/bale.ch\\\/journal\\\/le-dessin-dun-nouveau-monde-saffichera-sur-les-murs-de-bale-et-de-romandie\\\/#primaryimage\"},\"thumbnailUrl\":\"https:\\\/\\\/bale.ch\\\/journal\\\/wp-content\\\/uploads\\\/2020\\\/06\\\/delemont_bd_2020_festival_tom_tirabosco.jpg\",\"keywords\":[\"bande dessin\u00e9e\",\"Del\u00e9mont\",\"Jura\"],\"articleSection\":[\"Actualit\u00e9s\",\"Art\",\"Suisse\"],\"inLanguage\":\"fr-FR\"},{\"@type\":\"WebPage\",\"@id\":\"https:\\\/\\\/bale.ch\\\/journal\\\/le-dessin-dun-nouveau-monde-saffichera-sur-les-murs-de-bale-et-de-romandie\\\/\",\"url\":\"https:\\\/\\\/bale.ch\\\/journal\\\/le-dessin-dun-nouveau-monde-saffichera-sur-les-murs-de-bale-et-de-romandie\\\/\",\"name\":\"Le dessin d\u2019un nouveau monde s'affichera sur les murs de B\u00e2le et de Romandie - Journal de B\u00e2le et Gen\u00e8ve\",\"isPartOf\":{\"@id\":\"https:\\\/\\\/bale.ch\\\/journal\\\/#website\"},\"primaryImageOfPage\":{\"@id\":\"https:\\\/\\\/bale.ch\\\/journal\\\/le-dessin-dun-nouveau-monde-saffichera-sur-les-murs-de-bale-et-de-romandie\\\/#primaryimage\"},\"image\":{\"@id\":\"https:\\\/\\\/bale.ch\\\/journal\\\/le-dessin-dun-nouveau-monde-saffichera-sur-les-murs-de-bale-et-de-romandie\\\/#primaryimage\"},\"thumbnailUrl\":\"https:\\\/\\\/bale.ch\\\/journal\\\/wp-content\\\/uploads\\\/2020\\\/06\\\/delemont_bd_2020_festival_tom_tirabosco.jpg\",\"datePublished\":\"2020-06-09T15:20:58+00:00\",\"dateModified\":\"2020-06-09T19:49:03+00:00\",\"breadcrumb\":{\"@id\":\"https:\\\/\\\/bale.ch\\\/journal\\\/le-dessin-dun-nouveau-monde-saffichera-sur-les-murs-de-bale-et-de-romandie\\\/#breadcrumb\"},\"inLanguage\":\"fr-FR\",\"potentialAction\":[{\"@type\":\"ReadAction\",\"target\":[\"https:\\\/\\\/bale.ch\\\/journal\\\/le-dessin-dun-nouveau-monde-saffichera-sur-les-murs-de-bale-et-de-romandie\\\/\"]}]},{\"@type\":\"ImageObject\",\"inLanguage\":\"fr-FR\",\"@id\":\"https:\\\/\\\/bale.ch\\\/journal\\\/le-dessin-dun-nouveau-monde-saffichera-sur-les-murs-de-bale-et-de-romandie\\\/#primaryimage\",\"url\":\"https:\\\/\\\/bale.ch\\\/journal\\\/wp-content\\\/uploads\\\/2020\\\/06\\\/delemont_bd_2020_festival_tom_tirabosco.jpg\",\"contentUrl\":\"https:\\\/\\\/bale.ch\\\/journal\\\/wp-content\\\/uploads\\\/2020\\\/06\\\/delemont_bd_2020_festival_tom_tirabosco.jpg\",\"width\":900,\"height\":484},{\"@type\":\"BreadcrumbList\",\"@id\":\"https:\\\/\\\/bale.ch\\\/journal\\\/le-dessin-dun-nouveau-monde-saffichera-sur-les-murs-de-bale-et-de-romandie\\\/#breadcrumb\",\"itemListElement\":[{\"@type\":\"ListItem\",\"position\":1,\"name\":\"Accueil\",\"item\":\"https:\\\/\\\/bale.ch\\\/journal\\\/\"},{\"@type\":\"ListItem\",\"position\":2,\"name\":\"Le dessin d\u2019un nouveau monde s&rsquo;affichera sur les murs de B\u00e2le et de Romandie\"}]},{\"@type\":\"WebSite\",\"@id\":\"https:\\\/\\\/bale.ch\\\/journal\\\/#website\",\"url\":\"https:\\\/\\\/bale.ch\\\/journal\\\/\",\"name\":\"Journal de B\u00e2le et Gen\u00e8ve\",\"description\":\"M\u00e9dia transfrontalier d&#039;actualit\u00e9s - News\",\"publisher\":{\"@id\":\"https:\\\/\\\/bale.ch\\\/journal\\\/#organization\"},\"potentialAction\":[{\"@type\":\"SearchAction\",\"target\":{\"@type\":\"EntryPoint\",\"urlTemplate\":\"https:\\\/\\\/bale.ch\\\/journal\\\/?s={search_term_string}\"},\"query-input\":{\"@type\":\"PropertyValueSpecification\",\"valueRequired\":true,\"valueName\":\"search_term_string\"}}],\"inLanguage\":\"fr-FR\"},{\"@type\":\"Organization\",\"@id\":\"https:\\\/\\\/bale.ch\\\/journal\\\/#organization\",\"name\":\"Journal de B\u00e2le et Gen\u00e8ve\",\"url\":\"https:\\\/\\\/bale.ch\\\/journal\\\/\",\"logo\":{\"@type\":\"ImageObject\",\"inLanguage\":\"fr-FR\",\"@id\":\"https:\\\/\\\/bale.ch\\\/journal\\\/#\\\/schema\\\/logo\\\/image\\\/\",\"url\":\"https:\\\/\\\/bale.ch\\\/journal\\\/wp-content\\\/uploads\\\/2023\\\/07\\\/journaldebale_logo_2023_nb.png\",\"contentUrl\":\"https:\\\/\\\/bale.ch\\\/journal\\\/wp-content\\\/uploads\\\/2023\\\/07\\\/journaldebale_logo_2023_nb.png\",\"width\":371,\"height\":127,\"caption\":\"Journal de B\u00e2le et Gen\u00e8ve\"},\"image\":{\"@id\":\"https:\\\/\\\/bale.ch\\\/journal\\\/#\\\/schema\\\/logo\\\/image\\\/\"}},{\"@type\":\"Person\",\"@id\":\"https:\\\/\\\/bale.ch\\\/journal\\\/#\\\/schema\\\/person\\\/03ced978db3b7a5274c5cef003f352f5\",\"name\":\"La R\u00e9daction\",\"image\":{\"@type\":\"ImageObject\",\"inLanguage\":\"fr-FR\",\"@id\":\"https:\\\/\\\/secure.gravatar.com\\\/avatar\\\/d1327e2ce8d2b860112f968a3f34686c9bdda7a463a1502cdd1070ac9d88cf1e?s=96&d=mm&r=g\",\"url\":\"https:\\\/\\\/secure.gravatar.com\\\/avatar\\\/d1327e2ce8d2b860112f968a3f34686c9bdda7a463a1502cdd1070ac9d88cf1e?s=96&d=mm&r=g\",\"contentUrl\":\"https:\\\/\\\/secure.gravatar.com\\\/avatar\\\/d1327e2ce8d2b860112f968a3f34686c9bdda7a463a1502cdd1070ac9d88cf1e?s=96&d=mm&r=g\",\"caption\":\"La R\u00e9daction\"},\"url\":\"https:\\\/\\\/bale.ch\\\/journal\\\/author\\\/laredaction\\\/\"}]}<\/script>\n<!-- \/ Yoast SEO plugin. -->","yoast_head_json":{"title":"Le dessin d\u2019un nouveau monde s'affichera sur les murs de B\u00e2le et de Romandie - Journal de B\u00e2le et Gen\u00e8ve","robots":{"index":"index","follow":"follow","max-snippet":"max-snippet:-1","max-image-preview":"max-image-preview:large","max-video-preview":"max-video-preview:-1"},"canonical":"https:\/\/bale.ch\/journal\/le-dessin-dun-nouveau-monde-saffichera-sur-les-murs-de-bale-et-de-romandie\/","og_locale":"fr_FR","og_type":"article","og_title":"Le dessin d\u2019un nouveau monde s'affichera sur les murs de B\u00e2le et de Romandie - Journal de B\u00e2le et Gen\u00e8ve","og_description":"En cet \u00e9t\u00e9 pas comme les autres, le festival jurassien de bande dessin\u00e9e Del\u00e9mont\u2019BD change de format pour venir \u00e0 la rencontre de son public, au pied de chez lui. Continuer la lecture","og_url":"https:\/\/bale.ch\/journal\/le-dessin-dun-nouveau-monde-saffichera-sur-les-murs-de-bale-et-de-romandie\/","og_site_name":"Journal de B\u00e2le et Gen\u00e8ve","article_published_time":"2020-06-09T15:20:58+00:00","article_modified_time":"2020-06-09T19:49:03+00:00","og_image":[{"width":900,"height":484,"url":"https:\/\/bale.ch\/journal\/wp-content\/uploads\/2020\/06\/delemont_bd_2020_festival_tom_tirabosco.jpg","type":"image\/jpeg"}],"author":"La R\u00e9daction","twitter_card":"summary_large_image","twitter_misc":{"\u00c9crit par":"La R\u00e9daction","Dur\u00e9e de lecture estim\u00e9e":"3 minutes"},"schema":{"@context":"https:\/\/schema.org","@graph":[{"@type":"Article","@id":"https:\/\/bale.ch\/journal\/le-dessin-dun-nouveau-monde-saffichera-sur-les-murs-de-bale-et-de-romandie\/#article","isPartOf":{"@id":"https:\/\/bale.ch\/journal\/le-dessin-dun-nouveau-monde-saffichera-sur-les-murs-de-bale-et-de-romandie\/"},"author":{"name":"La R\u00e9daction","@id":"https:\/\/bale.ch\/journal\/#\/schema\/person\/03ced978db3b7a5274c5cef003f352f5"},"headline":"Le dessin d\u2019un nouveau monde s&rsquo;affichera sur les murs de B\u00e2le et de Romandie","datePublished":"2020-06-09T15:20:58+00:00","dateModified":"2020-06-09T19:49:03+00:00","mainEntityOfPage":{"@id":"https:\/\/bale.ch\/journal\/le-dessin-dun-nouveau-monde-saffichera-sur-les-murs-de-bale-et-de-romandie\/"},"wordCount":525,"publisher":{"@id":"https:\/\/bale.ch\/journal\/#organization"},"image":{"@id":"https:\/\/bale.ch\/journal\/le-dessin-dun-nouveau-monde-saffichera-sur-les-murs-de-bale-et-de-romandie\/#primaryimage"},"thumbnailUrl":"https:\/\/bale.ch\/journal\/wp-content\/uploads\/2020\/06\/delemont_bd_2020_festival_tom_tirabosco.jpg","keywords":["bande dessin\u00e9e","Del\u00e9mont","Jura"],"articleSection":["Actualit\u00e9s","Art","Suisse"],"inLanguage":"fr-FR"},{"@type":"WebPage","@id":"https:\/\/bale.ch\/journal\/le-dessin-dun-nouveau-monde-saffichera-sur-les-murs-de-bale-et-de-romandie\/","url":"https:\/\/bale.ch\/journal\/le-dessin-dun-nouveau-monde-saffichera-sur-les-murs-de-bale-et-de-romandie\/","name":"Le dessin d\u2019un nouveau monde s'affichera sur les murs de B\u00e2le et de Romandie - Journal de B\u00e2le et Gen\u00e8ve","isPartOf":{"@id":"https:\/\/bale.ch\/journal\/#website"},"primaryImageOfPage":{"@id":"https:\/\/bale.ch\/journal\/le-dessin-dun-nouveau-monde-saffichera-sur-les-murs-de-bale-et-de-romandie\/#primaryimage"},"image":{"@id":"https:\/\/bale.ch\/journal\/le-dessin-dun-nouveau-monde-saffichera-sur-les-murs-de-bale-et-de-romandie\/#primaryimage"},"thumbnailUrl":"https:\/\/bale.ch\/journal\/wp-content\/uploads\/2020\/06\/delemont_bd_2020_festival_tom_tirabosco.jpg","datePublished":"2020-06-09T15:20:58+00:00","dateModified":"2020-06-09T19:49:03+00:00","breadcrumb":{"@id":"https:\/\/bale.ch\/journal\/le-dessin-dun-nouveau-monde-saffichera-sur-les-murs-de-bale-et-de-romandie\/#breadcrumb"},"inLanguage":"fr-FR","potentialAction":[{"@type":"ReadAction","target":["https:\/\/bale.ch\/journal\/le-dessin-dun-nouveau-monde-saffichera-sur-les-murs-de-bale-et-de-romandie\/"]}]},{"@type":"ImageObject","inLanguage":"fr-FR","@id":"https:\/\/bale.ch\/journal\/le-dessin-dun-nouveau-monde-saffichera-sur-les-murs-de-bale-et-de-romandie\/#primaryimage","url":"https:\/\/bale.ch\/journal\/wp-content\/uploads\/2020\/06\/delemont_bd_2020_festival_tom_tirabosco.jpg","contentUrl":"https:\/\/bale.ch\/journal\/wp-content\/uploads\/2020\/06\/delemont_bd_2020_festival_tom_tirabosco.jpg","width":900,"height":484},{"@type":"BreadcrumbList","@id":"https:\/\/bale.ch\/journal\/le-dessin-dun-nouveau-monde-saffichera-sur-les-murs-de-bale-et-de-romandie\/#breadcrumb","itemListElement":[{"@type":"ListItem","position":1,"name":"Accueil","item":"https:\/\/bale.ch\/journal\/"},{"@type":"ListItem","position":2,"name":"Le dessin d\u2019un nouveau monde s&rsquo;affichera sur les murs de B\u00e2le et de Romandie"}]},{"@type":"WebSite","@id":"https:\/\/bale.ch\/journal\/#website","url":"https:\/\/bale.ch\/journal\/","name":"Journal de B\u00e2le et Gen\u00e8ve","description":"M\u00e9dia transfrontalier d&#039;actualit\u00e9s - News","publisher":{"@id":"https:\/\/bale.ch\/journal\/#organization"},"potentialAction":[{"@type":"SearchAction","target":{"@type":"EntryPoint","urlTemplate":"https:\/\/bale.ch\/journal\/?s={search_term_string}"},"query-input":{"@type":"PropertyValueSpecification","valueRequired":true,"valueName":"search_term_string"}}],"inLanguage":"fr-FR"},{"@type":"Organization","@id":"https:\/\/bale.ch\/journal\/#organization","name":"Journal de B\u00e2le et Gen\u00e8ve","url":"https:\/\/bale.ch\/journal\/","logo":{"@type":"ImageObject","inLanguage":"fr-FR","@id":"https:\/\/bale.ch\/journal\/#\/schema\/logo\/image\/","url":"https:\/\/bale.ch\/journal\/wp-content\/uploads\/2023\/07\/journaldebale_logo_2023_nb.png","contentUrl":"https:\/\/bale.ch\/journal\/wp-content\/uploads\/2023\/07\/journaldebale_logo_2023_nb.png","width":371,"height":127,"caption":"Journal de B\u00e2le et Gen\u00e8ve"},"image":{"@id":"https:\/\/bale.ch\/journal\/#\/schema\/logo\/image\/"}},{"@type":"Person","@id":"https:\/\/bale.ch\/journal\/#\/schema\/person\/03ced978db3b7a5274c5cef003f352f5","name":"La R\u00e9daction","image":{"@type":"ImageObject","inLanguage":"fr-FR","@id":"https:\/\/secure.gravatar.com\/avatar\/d1327e2ce8d2b860112f968a3f34686c9bdda7a463a1502cdd1070ac9d88cf1e?s=96&d=mm&r=g","url":"https:\/\/secure.gravatar.com\/avatar\/d1327e2ce8d2b860112f968a3f34686c9bdda7a463a1502cdd1070ac9d88cf1e?s=96&d=mm&r=g","contentUrl":"https:\/\/secure.gravatar.com\/avatar\/d1327e2ce8d2b860112f968a3f34686c9bdda7a463a1502cdd1070ac9d88cf1e?s=96&d=mm&r=g","caption":"La R\u00e9daction"},"url":"https:\/\/bale.ch\/journal\/author\/laredaction\/"}]}},"_links":{"self":[{"href":"https:\/\/bale.ch\/journal\/wp-json\/wp\/v2\/posts\/2956","targetHints":{"allow":["GET"]}}],"collection":[{"href":"https:\/\/bale.ch\/journal\/wp-json\/wp\/v2\/posts"}],"about":[{"href":"https:\/\/bale.ch\/journal\/wp-json\/wp\/v2\/types\/post"}],"author":[{"embeddable":true,"href":"https:\/\/bale.ch\/journal\/wp-json\/wp\/v2\/users\/2"}],"replies":[{"embeddable":true,"href":"https:\/\/bale.ch\/journal\/wp-json\/wp\/v2\/comments?post=2956"}],"version-history":[{"count":8,"href":"https:\/\/bale.ch\/journal\/wp-json\/wp\/v2\/posts\/2956\/revisions"}],"predecessor-version":[{"id":2970,"href":"https:\/\/bale.ch\/journal\/wp-json\/wp\/v2\/posts\/2956\/revisions\/2970"}],"wp:featuredmedia":[{"embeddable":true,"href":"https:\/\/bale.ch\/journal\/wp-json\/wp\/v2\/media\/2958"}],"wp:attachment":[{"href":"https:\/\/bale.ch\/journal\/wp-json\/wp\/v2\/media?parent=2956"}],"wp:term":[{"taxonomy":"category","embeddable":true,"href":"https:\/\/bale.ch\/journal\/wp-json\/wp\/v2\/categories?post=2956"},{"taxonomy":"post_tag","embeddable":true,"href":"https:\/\/bale.ch\/journal\/wp-json\/wp\/v2\/tags?post=2956"}],"curies":[{"name":"wp","href":"https:\/\/api.w.org\/{rel}","templated":true}]}}