{"id":2993,"date":"2021-09-22T17:34:00","date_gmt":"2021-09-22T17:34:00","guid":{"rendered":"http:\/\/bale.ch\/journal\/?p=2993"},"modified":"2021-09-22T18:04:58","modified_gmt":"2021-09-22T18:04:58","slug":"lausanne-bilan-rejouissant-pour-bdfil-mattotti-invite-dhonneur-en-2022","status":"publish","type":"post","link":"https:\/\/bale.ch\/journal\/lausanne-bilan-rejouissant-pour-bdfil-mattotti-invite-dhonneur-en-2022\/","title":{"rendered":"Lausanne: bilan r\u00e9jouissant pour BDFIL. Mattotti invit\u00e9 d&rsquo;honneur en 2022"},"content":{"rendered":"\n<p class=\"wp-block-paragraph\">Initialement pr\u00e9vue en 2020, la seizi\u00e8me \u00e9dition du Festival international BD Lausanne ou BD-FIL, s&rsquo;est cl\u00f4t ce lundi 20 septembre avec une fr\u00e9quentation r\u00e9jouissante compte tenu de la situation sanitaire compliqu\u00e9e. Ce sont en effet 18&rsquo;000 amateurs du neuvi\u00e8me art qui ont d\u00e9ambul\u00e9 dans les rues de la capitale vaudoise.<\/p>\n\n\n\n<p class=\"wp-block-paragraph\">Le public a appr\u00e9ci\u00e9 a renaissance de la culture avec un grand rendez-vous du renouveau, qui suscite un grand nombre de r\u00e9actions \u00e9mues et restera grav\u00e9 dans la m\u00e9moire lausannoise. <\/p>\n\n\n\n<p class=\"wp-block-paragraph\">La g\u00e9ographie r\u00e9invent\u00e9e du festival fut l&rsquo;un des points forts, avec de nouveaux lieux comme Cath\u00e9drale, le Mudac (mus\u00e9e d&rsquo;art contemporain), la r\u00e9cente Plateforme10 et int\u00e9grant l\u2019espace public (petit-Ch\u00eane, rue de Bourg, place de la Navigation) et des expositions partenaires dans les galeries.<\/p><div id=\"crieu-3063198791\" class=\"crieu-content crieu-entity-placement\"><script async src=\"\/\/pagead2.googlesyndication.com\/pagead\/js\/adsbygoogle.js?client=ca-pub-5271584769416742\" crossorigin=\"anonymous\"><\/script><ins class=\"adsbygoogle\" style=\"display:block;\" data-ad-client=\"ca-pub-5271584769416742\" \ndata-ad-slot=\"9321250718\" \ndata-ad-format=\"auto\"><\/ins>\n<script> \n(adsbygoogle = window.adsbygoogle || []).push({}); \n<\/script>\n<\/div>\n\n\n\n<p class=\"wp-block-paragraph\">Tardi, cr\u00e9ateur de l&rsquo;affiche et invit\u00e9 d&rsquo;honneur, repr\u00e9sentait la BD classique, contrastant avec la BD aternative comme Helge Reumann, aux figures h\u00e9ro\u00efques (<em>Conan le Barbare<\/em>) ou \u00e0 la BD populaire (<em>Nelson\u00a0<\/em>de Bertschy).<\/p>\n\n\n\n<p class=\"wp-block-paragraph\">La 17e \u00e9dition aura lieu en \u00e9t\u00e9 2022. Elle accueillera en invit\u00e9 d\u2019honneur l\u2019Italien <strong>Lorenzo Mattotti<\/strong> qui, depuis\u00a0<em>Feux<\/em>\u00a0en 1984 jusqu\u2019aux r\u00e9centes productions, aborde la bande dessin\u00e9e en magicien de la couleur et de la lumi\u00e8re. On lui doit\u00a0<em>La Fameuse invasion des ours de Sicile<\/em>\u00a0d\u2019apr\u00e8s Dino Buzzati, long m\u00e9trage d\u2019animation nomin\u00e9 l\u2019ann\u00e9e derni\u00e8re aux C\u00e9sars.<\/p>\n<div id=\"crieu-1922974820\" class=\"crieu-apres-le-contenu crieu-entity-placement\" style=\"margin-left: auto;margin-right: auto;text-align: center;\"><script async src=\"\/\/pagead2.googlesyndication.com\/pagead\/js\/adsbygoogle.js?client=ca-pub-5271584769416742\" crossorigin=\"anonymous\"><\/script><ins class=\"adsbygoogle\" style=\"display:block;\" data-ad-client=\"ca-pub-5271584769416742\" \ndata-ad-slot=\"9321250718\" \ndata-ad-format=\"auto\"><\/ins>\n<script> \n(adsbygoogle = window.adsbygoogle || []).push({}); \n<\/script>\n<\/div>","protected":false},"excerpt":{"rendered":"<p>Initialement pr\u00e9vue en 2020, la seizi\u00e8me \u00e9dition du Festival international BD Lausanne ou BD-FIL, s&rsquo;est cl\u00f4t ce lundi 20 septembre avec une fr\u00e9quentation r\u00e9jouissante compte tenu de la situation sanitaire <a href=\"https:\/\/bale.ch\/journal\/lausanne-bilan-rejouissant-pour-bdfil-mattotti-invite-dhonneur-en-2022\/\" class=\"read-more button-fancy -red\"><span class=\"btn-arrow\"><\/span><span class=\"twp-read-more text\">Continuer la lecture<\/span><\/a><\/p>\n","protected":false},"author":2,"featured_media":2994,"comment_status":"closed","ping_status":"closed","sticky":false,"template":"","format":"standard","meta":{"footnotes":""},"categories":[103,10],"tags":[20,55,106],"class_list":["post-2993","post","type-post","status-publish","format-standard","has-post-thumbnail","hentry","category-actu","category-culture","tag-bande-dessinee","tag-lausanne","tag-suisse"],"yoast_head":"<!-- This site is optimized with the Yoast SEO plugin v28.3 - https:\/\/yoast.com\/product\/yoast-seo-wordpress\/ -->\n<title>Lausanne: bilan r\u00e9jouissant pour BDFIL. Mattotti invit\u00e9 d&#039;honneur en 2022 - Journal de B\u00e2le et Gen\u00e8ve<\/title>\n<meta name=\"robots\" content=\"index, follow, max-snippet:-1, max-image-preview:large, max-video-preview:-1\" \/>\n<link rel=\"canonical\" href=\"https:\/\/bale.ch\/journal\/lausanne-bilan-rejouissant-pour-bdfil-mattotti-invite-dhonneur-en-2022\/\" \/>\n<meta property=\"og:locale\" content=\"fr_FR\" \/>\n<meta property=\"og:type\" content=\"article\" \/>\n<meta property=\"og:title\" content=\"Lausanne: bilan r\u00e9jouissant pour BDFIL. Mattotti invit\u00e9 d&#039;honneur en 2022 - Journal de B\u00e2le et Gen\u00e8ve\" \/>\n<meta property=\"og:description\" content=\"Initialement pr\u00e9vue en 2020, la seizi\u00e8me \u00e9dition du Festival international BD Lausanne ou BD-FIL, s&rsquo;est cl\u00f4t ce lundi 20 septembre avec une fr\u00e9quentation r\u00e9jouissante compte tenu de la situation sanitaire Continuer la lecture\" \/>\n<meta property=\"og:url\" content=\"https:\/\/bale.ch\/journal\/lausanne-bilan-rejouissant-pour-bdfil-mattotti-invite-dhonneur-en-2022\/\" \/>\n<meta property=\"og:site_name\" content=\"Journal de B\u00e2le et Gen\u00e8ve\" \/>\n<meta property=\"article:published_time\" content=\"2021-09-22T17:34:00+00:00\" \/>\n<meta property=\"article:modified_time\" content=\"2021-09-22T18:04:58+00:00\" \/>\n<meta property=\"og:image\" content=\"https:\/\/bale.ch\/journal\/wp-content\/uploads\/2021\/09\/tardi_bdfil_lausanne.jpg\" \/>\n\t<meta property=\"og:image:width\" content=\"900\" \/>\n\t<meta property=\"og:image:height\" content=\"484\" \/>\n\t<meta property=\"og:image:type\" content=\"image\/jpeg\" \/>\n<meta name=\"author\" content=\"La R\u00e9daction\" \/>\n<meta name=\"twitter:card\" content=\"summary_large_image\" \/>\n<meta name=\"twitter:label1\" content=\"\u00c9crit par\" \/>\n\t<meta name=\"twitter:data1\" content=\"La R\u00e9daction\" \/>\n\t<meta name=\"twitter:label2\" content=\"Dur\u00e9e de lecture estim\u00e9e\" \/>\n\t<meta name=\"twitter:data2\" content=\"1 minute\" \/>\n<script type=\"application\/ld+json\" class=\"yoast-schema-graph\">{\"@context\":\"https:\\\/\\\/schema.org\",\"@graph\":[{\"@type\":\"Article\",\"@id\":\"https:\\\/\\\/bale.ch\\\/journal\\\/lausanne-bilan-rejouissant-pour-bdfil-mattotti-invite-dhonneur-en-2022\\\/#article\",\"isPartOf\":{\"@id\":\"https:\\\/\\\/bale.ch\\\/journal\\\/lausanne-bilan-rejouissant-pour-bdfil-mattotti-invite-dhonneur-en-2022\\\/\"},\"author\":{\"name\":\"La R\u00e9daction\",\"@id\":\"https:\\\/\\\/bale.ch\\\/journal\\\/#\\\/schema\\\/person\\\/03ced978db3b7a5274c5cef003f352f5\"},\"headline\":\"Lausanne: bilan r\u00e9jouissant pour BDFIL. Mattotti invit\u00e9 d&rsquo;honneur en 2022\",\"datePublished\":\"2021-09-22T17:34:00+00:00\",\"dateModified\":\"2021-09-22T18:04:58+00:00\",\"mainEntityOfPage\":{\"@id\":\"https:\\\/\\\/bale.ch\\\/journal\\\/lausanne-bilan-rejouissant-pour-bdfil-mattotti-invite-dhonneur-en-2022\\\/\"},\"wordCount\":262,\"publisher\":{\"@id\":\"https:\\\/\\\/bale.ch\\\/journal\\\/#organization\"},\"image\":{\"@id\":\"https:\\\/\\\/bale.ch\\\/journal\\\/lausanne-bilan-rejouissant-pour-bdfil-mattotti-invite-dhonneur-en-2022\\\/#primaryimage\"},\"thumbnailUrl\":\"https:\\\/\\\/bale.ch\\\/journal\\\/wp-content\\\/uploads\\\/2021\\\/09\\\/tardi_bdfil_lausanne.jpg\",\"keywords\":[\"bande dessin\u00e9e\",\"Lausanne\",\"Suisse\"],\"articleSection\":[\"Actualit\u00e9s\",\"Culture\"],\"inLanguage\":\"fr-FR\"},{\"@type\":\"WebPage\",\"@id\":\"https:\\\/\\\/bale.ch\\\/journal\\\/lausanne-bilan-rejouissant-pour-bdfil-mattotti-invite-dhonneur-en-2022\\\/\",\"url\":\"https:\\\/\\\/bale.ch\\\/journal\\\/lausanne-bilan-rejouissant-pour-bdfil-mattotti-invite-dhonneur-en-2022\\\/\",\"name\":\"Lausanne: bilan r\u00e9jouissant pour BDFIL. Mattotti invit\u00e9 d'honneur en 2022 - Journal de B\u00e2le et Gen\u00e8ve\",\"isPartOf\":{\"@id\":\"https:\\\/\\\/bale.ch\\\/journal\\\/#website\"},\"primaryImageOfPage\":{\"@id\":\"https:\\\/\\\/bale.ch\\\/journal\\\/lausanne-bilan-rejouissant-pour-bdfil-mattotti-invite-dhonneur-en-2022\\\/#primaryimage\"},\"image\":{\"@id\":\"https:\\\/\\\/bale.ch\\\/journal\\\/lausanne-bilan-rejouissant-pour-bdfil-mattotti-invite-dhonneur-en-2022\\\/#primaryimage\"},\"thumbnailUrl\":\"https:\\\/\\\/bale.ch\\\/journal\\\/wp-content\\\/uploads\\\/2021\\\/09\\\/tardi_bdfil_lausanne.jpg\",\"datePublished\":\"2021-09-22T17:34:00+00:00\",\"dateModified\":\"2021-09-22T18:04:58+00:00\",\"breadcrumb\":{\"@id\":\"https:\\\/\\\/bale.ch\\\/journal\\\/lausanne-bilan-rejouissant-pour-bdfil-mattotti-invite-dhonneur-en-2022\\\/#breadcrumb\"},\"inLanguage\":\"fr-FR\",\"potentialAction\":[{\"@type\":\"ReadAction\",\"target\":[\"https:\\\/\\\/bale.ch\\\/journal\\\/lausanne-bilan-rejouissant-pour-bdfil-mattotti-invite-dhonneur-en-2022\\\/\"]}]},{\"@type\":\"ImageObject\",\"inLanguage\":\"fr-FR\",\"@id\":\"https:\\\/\\\/bale.ch\\\/journal\\\/lausanne-bilan-rejouissant-pour-bdfil-mattotti-invite-dhonneur-en-2022\\\/#primaryimage\",\"url\":\"https:\\\/\\\/bale.ch\\\/journal\\\/wp-content\\\/uploads\\\/2021\\\/09\\\/tardi_bdfil_lausanne.jpg\",\"contentUrl\":\"https:\\\/\\\/bale.ch\\\/journal\\\/wp-content\\\/uploads\\\/2021\\\/09\\\/tardi_bdfil_lausanne.jpg\",\"width\":900,\"height\":484},{\"@type\":\"BreadcrumbList\",\"@id\":\"https:\\\/\\\/bale.ch\\\/journal\\\/lausanne-bilan-rejouissant-pour-bdfil-mattotti-invite-dhonneur-en-2022\\\/#breadcrumb\",\"itemListElement\":[{\"@type\":\"ListItem\",\"position\":1,\"name\":\"Accueil\",\"item\":\"https:\\\/\\\/bale.ch\\\/journal\\\/\"},{\"@type\":\"ListItem\",\"position\":2,\"name\":\"Lausanne: bilan r\u00e9jouissant pour BDFIL. Mattotti invit\u00e9 d&rsquo;honneur en 2022\"}]},{\"@type\":\"WebSite\",\"@id\":\"https:\\\/\\\/bale.ch\\\/journal\\\/#website\",\"url\":\"https:\\\/\\\/bale.ch\\\/journal\\\/\",\"name\":\"Journal de B\u00e2le et Gen\u00e8ve\",\"description\":\"M\u00e9dia transfrontalier d&#039;actualit\u00e9s - News\",\"publisher\":{\"@id\":\"https:\\\/\\\/bale.ch\\\/journal\\\/#organization\"},\"potentialAction\":[{\"@type\":\"SearchAction\",\"target\":{\"@type\":\"EntryPoint\",\"urlTemplate\":\"https:\\\/\\\/bale.ch\\\/journal\\\/?s={search_term_string}\"},\"query-input\":{\"@type\":\"PropertyValueSpecification\",\"valueRequired\":true,\"valueName\":\"search_term_string\"}}],\"inLanguage\":\"fr-FR\"},{\"@type\":\"Organization\",\"@id\":\"https:\\\/\\\/bale.ch\\\/journal\\\/#organization\",\"name\":\"Journal de B\u00e2le et Gen\u00e8ve\",\"url\":\"https:\\\/\\\/bale.ch\\\/journal\\\/\",\"logo\":{\"@type\":\"ImageObject\",\"inLanguage\":\"fr-FR\",\"@id\":\"https:\\\/\\\/bale.ch\\\/journal\\\/#\\\/schema\\\/logo\\\/image\\\/\",\"url\":\"https:\\\/\\\/bale.ch\\\/journal\\\/wp-content\\\/uploads\\\/2023\\\/07\\\/journaldebale_logo_2023_nb.png\",\"contentUrl\":\"https:\\\/\\\/bale.ch\\\/journal\\\/wp-content\\\/uploads\\\/2023\\\/07\\\/journaldebale_logo_2023_nb.png\",\"width\":371,\"height\":127,\"caption\":\"Journal de B\u00e2le et Gen\u00e8ve\"},\"image\":{\"@id\":\"https:\\\/\\\/bale.ch\\\/journal\\\/#\\\/schema\\\/logo\\\/image\\\/\"}},{\"@type\":\"Person\",\"@id\":\"https:\\\/\\\/bale.ch\\\/journal\\\/#\\\/schema\\\/person\\\/03ced978db3b7a5274c5cef003f352f5\",\"name\":\"La R\u00e9daction\",\"image\":{\"@type\":\"ImageObject\",\"inLanguage\":\"fr-FR\",\"@id\":\"https:\\\/\\\/secure.gravatar.com\\\/avatar\\\/d1327e2ce8d2b860112f968a3f34686c9bdda7a463a1502cdd1070ac9d88cf1e?s=96&d=mm&r=g\",\"url\":\"https:\\\/\\\/secure.gravatar.com\\\/avatar\\\/d1327e2ce8d2b860112f968a3f34686c9bdda7a463a1502cdd1070ac9d88cf1e?s=96&d=mm&r=g\",\"contentUrl\":\"https:\\\/\\\/secure.gravatar.com\\\/avatar\\\/d1327e2ce8d2b860112f968a3f34686c9bdda7a463a1502cdd1070ac9d88cf1e?s=96&d=mm&r=g\",\"caption\":\"La R\u00e9daction\"},\"url\":\"https:\\\/\\\/bale.ch\\\/journal\\\/author\\\/laredaction\\\/\"}]}<\/script>\n<!-- \/ Yoast SEO plugin. -->","yoast_head_json":{"title":"Lausanne: bilan r\u00e9jouissant pour BDFIL. Mattotti invit\u00e9 d'honneur en 2022 - Journal de B\u00e2le et Gen\u00e8ve","robots":{"index":"index","follow":"follow","max-snippet":"max-snippet:-1","max-image-preview":"max-image-preview:large","max-video-preview":"max-video-preview:-1"},"canonical":"https:\/\/bale.ch\/journal\/lausanne-bilan-rejouissant-pour-bdfil-mattotti-invite-dhonneur-en-2022\/","og_locale":"fr_FR","og_type":"article","og_title":"Lausanne: bilan r\u00e9jouissant pour BDFIL. Mattotti invit\u00e9 d'honneur en 2022 - Journal de B\u00e2le et Gen\u00e8ve","og_description":"Initialement pr\u00e9vue en 2020, la seizi\u00e8me \u00e9dition du Festival international BD Lausanne ou BD-FIL, s&rsquo;est cl\u00f4t ce lundi 20 septembre avec une fr\u00e9quentation r\u00e9jouissante compte tenu de la situation sanitaire Continuer la lecture","og_url":"https:\/\/bale.ch\/journal\/lausanne-bilan-rejouissant-pour-bdfil-mattotti-invite-dhonneur-en-2022\/","og_site_name":"Journal de B\u00e2le et Gen\u00e8ve","article_published_time":"2021-09-22T17:34:00+00:00","article_modified_time":"2021-09-22T18:04:58+00:00","og_image":[{"width":900,"height":484,"url":"https:\/\/bale.ch\/journal\/wp-content\/uploads\/2021\/09\/tardi_bdfil_lausanne.jpg","type":"image\/jpeg"}],"author":"La R\u00e9daction","twitter_card":"summary_large_image","twitter_misc":{"\u00c9crit par":"La R\u00e9daction","Dur\u00e9e de lecture estim\u00e9e":"1 minute"},"schema":{"@context":"https:\/\/schema.org","@graph":[{"@type":"Article","@id":"https:\/\/bale.ch\/journal\/lausanne-bilan-rejouissant-pour-bdfil-mattotti-invite-dhonneur-en-2022\/#article","isPartOf":{"@id":"https:\/\/bale.ch\/journal\/lausanne-bilan-rejouissant-pour-bdfil-mattotti-invite-dhonneur-en-2022\/"},"author":{"name":"La R\u00e9daction","@id":"https:\/\/bale.ch\/journal\/#\/schema\/person\/03ced978db3b7a5274c5cef003f352f5"},"headline":"Lausanne: bilan r\u00e9jouissant pour BDFIL. Mattotti invit\u00e9 d&rsquo;honneur en 2022","datePublished":"2021-09-22T17:34:00+00:00","dateModified":"2021-09-22T18:04:58+00:00","mainEntityOfPage":{"@id":"https:\/\/bale.ch\/journal\/lausanne-bilan-rejouissant-pour-bdfil-mattotti-invite-dhonneur-en-2022\/"},"wordCount":262,"publisher":{"@id":"https:\/\/bale.ch\/journal\/#organization"},"image":{"@id":"https:\/\/bale.ch\/journal\/lausanne-bilan-rejouissant-pour-bdfil-mattotti-invite-dhonneur-en-2022\/#primaryimage"},"thumbnailUrl":"https:\/\/bale.ch\/journal\/wp-content\/uploads\/2021\/09\/tardi_bdfil_lausanne.jpg","keywords":["bande dessin\u00e9e","Lausanne","Suisse"],"articleSection":["Actualit\u00e9s","Culture"],"inLanguage":"fr-FR"},{"@type":"WebPage","@id":"https:\/\/bale.ch\/journal\/lausanne-bilan-rejouissant-pour-bdfil-mattotti-invite-dhonneur-en-2022\/","url":"https:\/\/bale.ch\/journal\/lausanne-bilan-rejouissant-pour-bdfil-mattotti-invite-dhonneur-en-2022\/","name":"Lausanne: bilan r\u00e9jouissant pour BDFIL. Mattotti invit\u00e9 d'honneur en 2022 - Journal de B\u00e2le et Gen\u00e8ve","isPartOf":{"@id":"https:\/\/bale.ch\/journal\/#website"},"primaryImageOfPage":{"@id":"https:\/\/bale.ch\/journal\/lausanne-bilan-rejouissant-pour-bdfil-mattotti-invite-dhonneur-en-2022\/#primaryimage"},"image":{"@id":"https:\/\/bale.ch\/journal\/lausanne-bilan-rejouissant-pour-bdfil-mattotti-invite-dhonneur-en-2022\/#primaryimage"},"thumbnailUrl":"https:\/\/bale.ch\/journal\/wp-content\/uploads\/2021\/09\/tardi_bdfil_lausanne.jpg","datePublished":"2021-09-22T17:34:00+00:00","dateModified":"2021-09-22T18:04:58+00:00","breadcrumb":{"@id":"https:\/\/bale.ch\/journal\/lausanne-bilan-rejouissant-pour-bdfil-mattotti-invite-dhonneur-en-2022\/#breadcrumb"},"inLanguage":"fr-FR","potentialAction":[{"@type":"ReadAction","target":["https:\/\/bale.ch\/journal\/lausanne-bilan-rejouissant-pour-bdfil-mattotti-invite-dhonneur-en-2022\/"]}]},{"@type":"ImageObject","inLanguage":"fr-FR","@id":"https:\/\/bale.ch\/journal\/lausanne-bilan-rejouissant-pour-bdfil-mattotti-invite-dhonneur-en-2022\/#primaryimage","url":"https:\/\/bale.ch\/journal\/wp-content\/uploads\/2021\/09\/tardi_bdfil_lausanne.jpg","contentUrl":"https:\/\/bale.ch\/journal\/wp-content\/uploads\/2021\/09\/tardi_bdfil_lausanne.jpg","width":900,"height":484},{"@type":"BreadcrumbList","@id":"https:\/\/bale.ch\/journal\/lausanne-bilan-rejouissant-pour-bdfil-mattotti-invite-dhonneur-en-2022\/#breadcrumb","itemListElement":[{"@type":"ListItem","position":1,"name":"Accueil","item":"https:\/\/bale.ch\/journal\/"},{"@type":"ListItem","position":2,"name":"Lausanne: bilan r\u00e9jouissant pour BDFIL. Mattotti invit\u00e9 d&rsquo;honneur en 2022"}]},{"@type":"WebSite","@id":"https:\/\/bale.ch\/journal\/#website","url":"https:\/\/bale.ch\/journal\/","name":"Journal de B\u00e2le et Gen\u00e8ve","description":"M\u00e9dia transfrontalier d&#039;actualit\u00e9s - News","publisher":{"@id":"https:\/\/bale.ch\/journal\/#organization"},"potentialAction":[{"@type":"SearchAction","target":{"@type":"EntryPoint","urlTemplate":"https:\/\/bale.ch\/journal\/?s={search_term_string}"},"query-input":{"@type":"PropertyValueSpecification","valueRequired":true,"valueName":"search_term_string"}}],"inLanguage":"fr-FR"},{"@type":"Organization","@id":"https:\/\/bale.ch\/journal\/#organization","name":"Journal de B\u00e2le et Gen\u00e8ve","url":"https:\/\/bale.ch\/journal\/","logo":{"@type":"ImageObject","inLanguage":"fr-FR","@id":"https:\/\/bale.ch\/journal\/#\/schema\/logo\/image\/","url":"https:\/\/bale.ch\/journal\/wp-content\/uploads\/2023\/07\/journaldebale_logo_2023_nb.png","contentUrl":"https:\/\/bale.ch\/journal\/wp-content\/uploads\/2023\/07\/journaldebale_logo_2023_nb.png","width":371,"height":127,"caption":"Journal de B\u00e2le et Gen\u00e8ve"},"image":{"@id":"https:\/\/bale.ch\/journal\/#\/schema\/logo\/image\/"}},{"@type":"Person","@id":"https:\/\/bale.ch\/journal\/#\/schema\/person\/03ced978db3b7a5274c5cef003f352f5","name":"La R\u00e9daction","image":{"@type":"ImageObject","inLanguage":"fr-FR","@id":"https:\/\/secure.gravatar.com\/avatar\/d1327e2ce8d2b860112f968a3f34686c9bdda7a463a1502cdd1070ac9d88cf1e?s=96&d=mm&r=g","url":"https:\/\/secure.gravatar.com\/avatar\/d1327e2ce8d2b860112f968a3f34686c9bdda7a463a1502cdd1070ac9d88cf1e?s=96&d=mm&r=g","contentUrl":"https:\/\/secure.gravatar.com\/avatar\/d1327e2ce8d2b860112f968a3f34686c9bdda7a463a1502cdd1070ac9d88cf1e?s=96&d=mm&r=g","caption":"La R\u00e9daction"},"url":"https:\/\/bale.ch\/journal\/author\/laredaction\/"}]}},"_links":{"self":[{"href":"https:\/\/bale.ch\/journal\/wp-json\/wp\/v2\/posts\/2993","targetHints":{"allow":["GET"]}}],"collection":[{"href":"https:\/\/bale.ch\/journal\/wp-json\/wp\/v2\/posts"}],"about":[{"href":"https:\/\/bale.ch\/journal\/wp-json\/wp\/v2\/types\/post"}],"author":[{"embeddable":true,"href":"https:\/\/bale.ch\/journal\/wp-json\/wp\/v2\/users\/2"}],"replies":[{"embeddable":true,"href":"https:\/\/bale.ch\/journal\/wp-json\/wp\/v2\/comments?post=2993"}],"version-history":[{"count":1,"href":"https:\/\/bale.ch\/journal\/wp-json\/wp\/v2\/posts\/2993\/revisions"}],"predecessor-version":[{"id":2995,"href":"https:\/\/bale.ch\/journal\/wp-json\/wp\/v2\/posts\/2993\/revisions\/2995"}],"wp:featuredmedia":[{"embeddable":true,"href":"https:\/\/bale.ch\/journal\/wp-json\/wp\/v2\/media\/2994"}],"wp:attachment":[{"href":"https:\/\/bale.ch\/journal\/wp-json\/wp\/v2\/media?parent=2993"}],"wp:term":[{"taxonomy":"category","embeddable":true,"href":"https:\/\/bale.ch\/journal\/wp-json\/wp\/v2\/categories?post=2993"},{"taxonomy":"post_tag","embeddable":true,"href":"https:\/\/bale.ch\/journal\/wp-json\/wp\/v2\/tags?post=2993"}],"curies":[{"name":"wp","href":"https:\/\/api.w.org\/{rel}","templated":true}]}}