{"id":302,"date":"2015-12-03T22:30:32","date_gmt":"2015-12-03T22:30:32","guid":{"rendered":"http:\/\/bale.ch\/journal\/?p=302"},"modified":"2015-12-04T13:44:35","modified_gmt":"2015-12-04T13:44:35","slug":"le-bourg-lausanne-10-ans","status":"publish","type":"post","link":"https:\/\/bale.ch\/journal\/le-bourg-lausanne-10-ans\/","title":{"rendered":"Le Bourg a 10 ans: un lieu unique, une exp\u00e9rience authentique"},"content":{"rendered":"<p>Il y a dix ans l\u2019\u00e9quipe du Bourg, constitu\u00e9 initialement de deux passionn\u00e9s des arts interdisciplinaires \u2013 dont S\u00e9bastien Dubugnon, a d\u00e9but\u00e9 autour d\u2019un \u00ab festival underground \u00bb. Gr\u00e2ce \u00e0 un troisi\u00e8me collaborateur, ils ont fait de ce vieux cin\u00e9ma un haut lieu de culture des arts exp\u00e9rimentaux <em>underground<\/em> pluridisciplinaires. Leur programmation, parfois \u00e9clectique, reste fid\u00e8le \u00e0 leurs valeurs artistiques et leur d\u00e9marche. Une programmation qui ose et o\u00f9 l\u2019intrigue reste dans la d\u00e9couverte.<\/p>\n<p>Ce caf\u00e9-th\u00e9\u00e2tre devenu mythique, est un projet dirig\u00e9 encore \u00e0 ce jour par l\u2019un des fondateurs S\u00e9bastien Dubugnon. Il collabore aujourd\u2019hui avec l\u2019Association du Salopard et pr\u00e9parent ensemble avec soin et curiosit\u00e9 une programmation qui ne pourrait que stimuler votre curiosit\u00e9 artistique.<\/p>\n<p>Un espace qui ne ressemble \u00e0 aucun autre, cette ancienne salle de cin\u00e9ma, \u00e0 l\u2019ambiance intimiste vous propose des spectacles surprenants. L\u2019espace se voulait pluridisciplinaire en offrant une sc\u00e8ne pour des concerts, projections, performances, conf\u00e9rences&#8230; Avec l\u2019exp\u00e9rience, les projets aboutis se font plus rares c\u2019est pourquoi, sans tourner le dos aux projets interdisciplinaires, Le Bourg offre d\u00e9sormais plus de place \u00e0 la musique.<\/p><div id=\"crieu-1687391481\" class=\"crieu-content crieu-entity-placement\"><script async src=\"\/\/pagead2.googlesyndication.com\/pagead\/js\/adsbygoogle.js?client=ca-pub-5271584769416742\" crossorigin=\"anonymous\"><\/script><ins class=\"adsbygoogle\" style=\"display:block;\" data-ad-client=\"ca-pub-5271584769416742\" \ndata-ad-slot=\"9321250718\" \ndata-ad-format=\"auto\"><\/ins>\n<script> \n(adsbygoogle = window.adsbygoogle || []).push({}); \n<\/script>\n<\/div>\n<p>Comme tant d\u2019autres me direz-vous ? Oui et Non. Les choses se feront intelligemment explique S\u00e9bastien Dubugnon gr\u00e2ce \u00e0 une bonne communication entre les salles de concert. Mais surtout, il y a une chose principale qui diff\u00e9rencie le Bourg des autres lieux de spectacles et qui le rend unique, c\u2019est de continuer \u00e0 offrir une sc\u00e8ne plus exp\u00e9rimentale qui est une volont\u00e9 <em>sine qua non<\/em>. Beaucoup de sc\u00e8nes proposent de la musique plus commerciale ou \u00ab populaire \u00bb mais il en faut pour tous les go\u00fbts. Et au fond cela demande du courage et une r\u00e9elle passion que d\u2019offrir une sc\u00e8ne plus exp\u00e9rimentale puisque le public est moins acquis, il faut aller le chercher, le titiller. Cet espace soutient l\u2019expression artistique diversifi\u00e9e et permet aux artistes d\u2019exprimer une cr\u00e9ativit\u00e9 authentique. Un peu de couleur et moins d\u2019uniformit\u00e9, au fond voil\u00e0 ce que d\u00e9fend le Bourg.<\/p>\n<p>Exp\u00e9rimental. Un mot qui en effraie plus d\u2019un. Ce mot est souvent connot\u00e9 \u00e0 une \u00e9lite, aux intellectuels, mais au fond ce mot signifie surtout l\u2019ouverture d\u2019esprit au monde des arts et \u00e0 la nouveaut\u00e9. Alors oui, cela demande \u00e0 celui qui vient voir un spectacle d\u2019\u00eatre un homo sapiens curieux, qui ne se conforte pas dans ce qu\u2019il conna\u00eet et qui ose parfois se confronter \u00e0 une remise en question de ce qui d\u00e9finit l\u2019art. Le Bourg continuera de nous \u00e9tonner avec une programmation qui tend vers la recherche d\u2019exp\u00e9rience \u00e9motionnelle, humaine, de la d\u00e9couverte et du voyage sonore.<\/p>\n<p>Alors chapeau Le Bourg et bon anniversaire!<\/p>\n<p>Que les dix prochaines ann\u00e9es vous am\u00e8nent les artistes les plus audacieux et authentiques qui soient. Que la pluridisciplinarit\u00e9 reprenne sa place et surtout MERCI pour vos prises de risque et ainsi de nous permettre de d\u00e9couvrir ce que peu d\u2019autres sc\u00e8nes n\u2019osent offrir et soutenir.<\/p>\n<p>Parfois tu aimeras, parfois tu d\u00e9testeras, mais l\u2019important c\u2019est que tu en parleras. Ici au Bourg, il ni a pas de demi-mesure. On y va, on ose, on propose. On assume.<\/p>\n<div>\n<div>Programme du 11-12 d\u00e9cembre 2015\u00a0\u00e0 retrouver sur la page <a href=\"http:\/\/www.le-bourg.ch\" target=\"_blank\">www.le-bourg.ch<\/a>. Vous y d\u00e9couvrirez des extraits et la pr\u00e9sentation de chaque groupe.<\/div>\n<\/div>\n<p>D\u00e9couverte, Surprise et Curiosit\u00e9\u202f! S\u00e9bastien Dubugnon nous propose avec passion de venir vivre des exp\u00e9riences fortes et surtout de se laisser tenter par une programmation, certes sans compromis mais qui n\u2019est pas si inaccessible.<\/p>\n<p>Alors, faites le pas, osez la d\u00e9couverte !<\/p>\n<div id=\"crieu-1637235812\" class=\"crieu-apres-le-contenu crieu-entity-placement\" style=\"margin-left: auto;margin-right: auto;text-align: center;\"><script async src=\"\/\/pagead2.googlesyndication.com\/pagead\/js\/adsbygoogle.js?client=ca-pub-5271584769416742\" crossorigin=\"anonymous\"><\/script><ins class=\"adsbygoogle\" style=\"display:block;\" data-ad-client=\"ca-pub-5271584769416742\" \ndata-ad-slot=\"9321250718\" \ndata-ad-format=\"auto\"><\/ins>\n<script> \n(adsbygoogle = window.adsbygoogle || []).push({}); \n<\/script>\n<\/div>","protected":false},"excerpt":{"rendered":"<p>Il y a dix ans l\u2019\u00e9quipe du Bourg, constitu\u00e9 initialement de deux passionn\u00e9s des arts interdisciplinaires \u2013 dont S\u00e9bastien Dubugnon, a d\u00e9but\u00e9 autour d\u2019un \u00ab festival underground \u00bb. Gr\u00e2ce \u00e0 <a href=\"https:\/\/bale.ch\/journal\/le-bourg-lausanne-10-ans\/\" class=\"read-more button-fancy -red\"><span class=\"btn-arrow\"><\/span><span class=\"twp-read-more text\">Continuer la lecture<\/span><\/a><\/p>\n","protected":false},"author":35,"featured_media":303,"comment_status":"closed","ping_status":"closed","sticky":false,"template":"","format":"standard","meta":{"footnotes":""},"categories":[18,8],"tags":[55],"class_list":["post-302","post","type-post","status-publish","format-standard","has-post-thumbnail","hentry","category-sortir","category-suisse","tag-lausanne"],"yoast_head":"<!-- This site is optimized with the Yoast SEO plugin v28.3 - https:\/\/yoast.com\/product\/yoast-seo-wordpress\/ -->\n<title>Le Bourg a 10 ans: un lieu unique, une exp\u00e9rience authentique - Journal de B\u00e2le et Gen\u00e8ve<\/title>\n<meta name=\"robots\" content=\"index, follow, max-snippet:-1, max-image-preview:large, max-video-preview:-1\" \/>\n<link rel=\"canonical\" href=\"https:\/\/bale.ch\/journal\/le-bourg-lausanne-10-ans\/\" \/>\n<meta property=\"og:locale\" content=\"fr_FR\" \/>\n<meta property=\"og:type\" content=\"article\" \/>\n<meta property=\"og:title\" content=\"Le Bourg a 10 ans: un lieu unique, une exp\u00e9rience authentique - Journal de B\u00e2le et Gen\u00e8ve\" \/>\n<meta property=\"og:description\" content=\"Il y a dix ans l\u2019\u00e9quipe du Bourg, constitu\u00e9 initialement de deux passionn\u00e9s des arts interdisciplinaires \u2013 dont S\u00e9bastien Dubugnon, a d\u00e9but\u00e9 autour d\u2019un \u00ab festival underground \u00bb. Gr\u00e2ce \u00e0 Continuer la lecture\" \/>\n<meta property=\"og:url\" content=\"https:\/\/bale.ch\/journal\/le-bourg-lausanne-10-ans\/\" \/>\n<meta property=\"og:site_name\" content=\"Journal de B\u00e2le et Gen\u00e8ve\" \/>\n<meta property=\"article:published_time\" content=\"2015-12-03T22:30:32+00:00\" \/>\n<meta property=\"article:modified_time\" content=\"2015-12-04T13:44:35+00:00\" \/>\n<meta property=\"og:image\" content=\"https:\/\/bale.ch\/journal\/wp-content\/uploads\/2015\/12\/le_bourg_lausanne.jpg\" \/>\n\t<meta property=\"og:image:width\" content=\"1174\" \/>\n\t<meta property=\"og:image:height\" content=\"779\" \/>\n\t<meta property=\"og:image:type\" content=\"image\/jpeg\" \/>\n<meta name=\"author\" content=\"Selin Ertan\" \/>\n<meta name=\"twitter:card\" content=\"summary_large_image\" \/>\n<meta name=\"twitter:label1\" content=\"\u00c9crit par\" \/>\n\t<meta name=\"twitter:data1\" content=\"Selin Ertan\" \/>\n\t<meta name=\"twitter:label2\" content=\"Dur\u00e9e de lecture estim\u00e9e\" \/>\n\t<meta name=\"twitter:data2\" content=\"3 minutes\" \/>\n<script type=\"application\/ld+json\" class=\"yoast-schema-graph\">{\"@context\":\"https:\\\/\\\/schema.org\",\"@graph\":[{\"@type\":\"Article\",\"@id\":\"https:\\\/\\\/bale.ch\\\/journal\\\/le-bourg-lausanne-10-ans\\\/#article\",\"isPartOf\":{\"@id\":\"https:\\\/\\\/bale.ch\\\/journal\\\/le-bourg-lausanne-10-ans\\\/\"},\"author\":{\"name\":\"Selin Ertan\",\"@id\":\"https:\\\/\\\/bale.ch\\\/journal\\\/#\\\/schema\\\/person\\\/8b00733494d33b25a558259b6f8b14a9\"},\"headline\":\"Le Bourg a 10 ans: un lieu unique, une exp\u00e9rience authentique\",\"datePublished\":\"2015-12-03T22:30:32+00:00\",\"dateModified\":\"2015-12-04T13:44:35+00:00\",\"mainEntityOfPage\":{\"@id\":\"https:\\\/\\\/bale.ch\\\/journal\\\/le-bourg-lausanne-10-ans\\\/\"},\"wordCount\":641,\"publisher\":{\"@id\":\"https:\\\/\\\/bale.ch\\\/journal\\\/#organization\"},\"image\":{\"@id\":\"https:\\\/\\\/bale.ch\\\/journal\\\/le-bourg-lausanne-10-ans\\\/#primaryimage\"},\"thumbnailUrl\":\"https:\\\/\\\/bale.ch\\\/journal\\\/wp-content\\\/uploads\\\/2015\\\/12\\\/le_bourg_lausanne.jpg\",\"keywords\":[\"Lausanne\"],\"articleSection\":[\"Sortir\",\"Suisse\"],\"inLanguage\":\"fr-FR\"},{\"@type\":\"WebPage\",\"@id\":\"https:\\\/\\\/bale.ch\\\/journal\\\/le-bourg-lausanne-10-ans\\\/\",\"url\":\"https:\\\/\\\/bale.ch\\\/journal\\\/le-bourg-lausanne-10-ans\\\/\",\"name\":\"Le Bourg a 10 ans: un lieu unique, une exp\u00e9rience authentique - Journal de B\u00e2le et Gen\u00e8ve\",\"isPartOf\":{\"@id\":\"https:\\\/\\\/bale.ch\\\/journal\\\/#website\"},\"primaryImageOfPage\":{\"@id\":\"https:\\\/\\\/bale.ch\\\/journal\\\/le-bourg-lausanne-10-ans\\\/#primaryimage\"},\"image\":{\"@id\":\"https:\\\/\\\/bale.ch\\\/journal\\\/le-bourg-lausanne-10-ans\\\/#primaryimage\"},\"thumbnailUrl\":\"https:\\\/\\\/bale.ch\\\/journal\\\/wp-content\\\/uploads\\\/2015\\\/12\\\/le_bourg_lausanne.jpg\",\"datePublished\":\"2015-12-03T22:30:32+00:00\",\"dateModified\":\"2015-12-04T13:44:35+00:00\",\"breadcrumb\":{\"@id\":\"https:\\\/\\\/bale.ch\\\/journal\\\/le-bourg-lausanne-10-ans\\\/#breadcrumb\"},\"inLanguage\":\"fr-FR\",\"potentialAction\":[{\"@type\":\"ReadAction\",\"target\":[\"https:\\\/\\\/bale.ch\\\/journal\\\/le-bourg-lausanne-10-ans\\\/\"]}]},{\"@type\":\"ImageObject\",\"inLanguage\":\"fr-FR\",\"@id\":\"https:\\\/\\\/bale.ch\\\/journal\\\/le-bourg-lausanne-10-ans\\\/#primaryimage\",\"url\":\"https:\\\/\\\/bale.ch\\\/journal\\\/wp-content\\\/uploads\\\/2015\\\/12\\\/le_bourg_lausanne.jpg\",\"contentUrl\":\"https:\\\/\\\/bale.ch\\\/journal\\\/wp-content\\\/uploads\\\/2015\\\/12\\\/le_bourg_lausanne.jpg\",\"width\":1174,\"height\":779},{\"@type\":\"BreadcrumbList\",\"@id\":\"https:\\\/\\\/bale.ch\\\/journal\\\/le-bourg-lausanne-10-ans\\\/#breadcrumb\",\"itemListElement\":[{\"@type\":\"ListItem\",\"position\":1,\"name\":\"Accueil\",\"item\":\"https:\\\/\\\/bale.ch\\\/journal\\\/\"},{\"@type\":\"ListItem\",\"position\":2,\"name\":\"Le Bourg a 10 ans: un lieu unique, une exp\u00e9rience authentique\"}]},{\"@type\":\"WebSite\",\"@id\":\"https:\\\/\\\/bale.ch\\\/journal\\\/#website\",\"url\":\"https:\\\/\\\/bale.ch\\\/journal\\\/\",\"name\":\"Journal de B\u00e2le et Gen\u00e8ve\",\"description\":\"M\u00e9dia transfrontalier d&#039;actualit\u00e9s - News\",\"publisher\":{\"@id\":\"https:\\\/\\\/bale.ch\\\/journal\\\/#organization\"},\"potentialAction\":[{\"@type\":\"SearchAction\",\"target\":{\"@type\":\"EntryPoint\",\"urlTemplate\":\"https:\\\/\\\/bale.ch\\\/journal\\\/?s={search_term_string}\"},\"query-input\":{\"@type\":\"PropertyValueSpecification\",\"valueRequired\":true,\"valueName\":\"search_term_string\"}}],\"inLanguage\":\"fr-FR\"},{\"@type\":\"Organization\",\"@id\":\"https:\\\/\\\/bale.ch\\\/journal\\\/#organization\",\"name\":\"Journal de B\u00e2le et Gen\u00e8ve\",\"url\":\"https:\\\/\\\/bale.ch\\\/journal\\\/\",\"logo\":{\"@type\":\"ImageObject\",\"inLanguage\":\"fr-FR\",\"@id\":\"https:\\\/\\\/bale.ch\\\/journal\\\/#\\\/schema\\\/logo\\\/image\\\/\",\"url\":\"https:\\\/\\\/bale.ch\\\/journal\\\/wp-content\\\/uploads\\\/2023\\\/07\\\/journaldebale_logo_2023_nb.png\",\"contentUrl\":\"https:\\\/\\\/bale.ch\\\/journal\\\/wp-content\\\/uploads\\\/2023\\\/07\\\/journaldebale_logo_2023_nb.png\",\"width\":371,\"height\":127,\"caption\":\"Journal de B\u00e2le et Gen\u00e8ve\"},\"image\":{\"@id\":\"https:\\\/\\\/bale.ch\\\/journal\\\/#\\\/schema\\\/logo\\\/image\\\/\"}},{\"@type\":\"Person\",\"@id\":\"https:\\\/\\\/bale.ch\\\/journal\\\/#\\\/schema\\\/person\\\/8b00733494d33b25a558259b6f8b14a9\",\"name\":\"Selin Ertan\",\"image\":{\"@type\":\"ImageObject\",\"inLanguage\":\"fr-FR\",\"@id\":\"https:\\\/\\\/secure.gravatar.com\\\/avatar\\\/5860b7d309902511da0636abdf7280a1b31adc8421ebedc3c321386de0e91aaa?s=96&d=mm&r=g\",\"url\":\"https:\\\/\\\/secure.gravatar.com\\\/avatar\\\/5860b7d309902511da0636abdf7280a1b31adc8421ebedc3c321386de0e91aaa?s=96&d=mm&r=g\",\"contentUrl\":\"https:\\\/\\\/secure.gravatar.com\\\/avatar\\\/5860b7d309902511da0636abdf7280a1b31adc8421ebedc3c321386de0e91aaa?s=96&d=mm&r=g\",\"caption\":\"Selin Ertan\"},\"sameAs\":[\"http:\\\/\\\/www.selinertan.com\\\/\"],\"url\":\"https:\\\/\\\/bale.ch\\\/journal\\\/author\\\/selin\\\/\"}]}<\/script>\n<!-- \/ Yoast SEO plugin. -->","yoast_head_json":{"title":"Le Bourg a 10 ans: un lieu unique, une exp\u00e9rience authentique - Journal de B\u00e2le et Gen\u00e8ve","robots":{"index":"index","follow":"follow","max-snippet":"max-snippet:-1","max-image-preview":"max-image-preview:large","max-video-preview":"max-video-preview:-1"},"canonical":"https:\/\/bale.ch\/journal\/le-bourg-lausanne-10-ans\/","og_locale":"fr_FR","og_type":"article","og_title":"Le Bourg a 10 ans: un lieu unique, une exp\u00e9rience authentique - Journal de B\u00e2le et Gen\u00e8ve","og_description":"Il y a dix ans l\u2019\u00e9quipe du Bourg, constitu\u00e9 initialement de deux passionn\u00e9s des arts interdisciplinaires \u2013 dont S\u00e9bastien Dubugnon, a d\u00e9but\u00e9 autour d\u2019un \u00ab festival underground \u00bb. Gr\u00e2ce \u00e0 Continuer la lecture","og_url":"https:\/\/bale.ch\/journal\/le-bourg-lausanne-10-ans\/","og_site_name":"Journal de B\u00e2le et Gen\u00e8ve","article_published_time":"2015-12-03T22:30:32+00:00","article_modified_time":"2015-12-04T13:44:35+00:00","og_image":[{"width":1174,"height":779,"url":"https:\/\/bale.ch\/journal\/wp-content\/uploads\/2015\/12\/le_bourg_lausanne.jpg","type":"image\/jpeg"}],"author":"Selin Ertan","twitter_card":"summary_large_image","twitter_misc":{"\u00c9crit par":"Selin Ertan","Dur\u00e9e de lecture estim\u00e9e":"3 minutes"},"schema":{"@context":"https:\/\/schema.org","@graph":[{"@type":"Article","@id":"https:\/\/bale.ch\/journal\/le-bourg-lausanne-10-ans\/#article","isPartOf":{"@id":"https:\/\/bale.ch\/journal\/le-bourg-lausanne-10-ans\/"},"author":{"name":"Selin Ertan","@id":"https:\/\/bale.ch\/journal\/#\/schema\/person\/8b00733494d33b25a558259b6f8b14a9"},"headline":"Le Bourg a 10 ans: un lieu unique, une exp\u00e9rience authentique","datePublished":"2015-12-03T22:30:32+00:00","dateModified":"2015-12-04T13:44:35+00:00","mainEntityOfPage":{"@id":"https:\/\/bale.ch\/journal\/le-bourg-lausanne-10-ans\/"},"wordCount":641,"publisher":{"@id":"https:\/\/bale.ch\/journal\/#organization"},"image":{"@id":"https:\/\/bale.ch\/journal\/le-bourg-lausanne-10-ans\/#primaryimage"},"thumbnailUrl":"https:\/\/bale.ch\/journal\/wp-content\/uploads\/2015\/12\/le_bourg_lausanne.jpg","keywords":["Lausanne"],"articleSection":["Sortir","Suisse"],"inLanguage":"fr-FR"},{"@type":"WebPage","@id":"https:\/\/bale.ch\/journal\/le-bourg-lausanne-10-ans\/","url":"https:\/\/bale.ch\/journal\/le-bourg-lausanne-10-ans\/","name":"Le Bourg a 10 ans: un lieu unique, une exp\u00e9rience authentique - Journal de B\u00e2le et Gen\u00e8ve","isPartOf":{"@id":"https:\/\/bale.ch\/journal\/#website"},"primaryImageOfPage":{"@id":"https:\/\/bale.ch\/journal\/le-bourg-lausanne-10-ans\/#primaryimage"},"image":{"@id":"https:\/\/bale.ch\/journal\/le-bourg-lausanne-10-ans\/#primaryimage"},"thumbnailUrl":"https:\/\/bale.ch\/journal\/wp-content\/uploads\/2015\/12\/le_bourg_lausanne.jpg","datePublished":"2015-12-03T22:30:32+00:00","dateModified":"2015-12-04T13:44:35+00:00","breadcrumb":{"@id":"https:\/\/bale.ch\/journal\/le-bourg-lausanne-10-ans\/#breadcrumb"},"inLanguage":"fr-FR","potentialAction":[{"@type":"ReadAction","target":["https:\/\/bale.ch\/journal\/le-bourg-lausanne-10-ans\/"]}]},{"@type":"ImageObject","inLanguage":"fr-FR","@id":"https:\/\/bale.ch\/journal\/le-bourg-lausanne-10-ans\/#primaryimage","url":"https:\/\/bale.ch\/journal\/wp-content\/uploads\/2015\/12\/le_bourg_lausanne.jpg","contentUrl":"https:\/\/bale.ch\/journal\/wp-content\/uploads\/2015\/12\/le_bourg_lausanne.jpg","width":1174,"height":779},{"@type":"BreadcrumbList","@id":"https:\/\/bale.ch\/journal\/le-bourg-lausanne-10-ans\/#breadcrumb","itemListElement":[{"@type":"ListItem","position":1,"name":"Accueil","item":"https:\/\/bale.ch\/journal\/"},{"@type":"ListItem","position":2,"name":"Le Bourg a 10 ans: un lieu unique, une exp\u00e9rience authentique"}]},{"@type":"WebSite","@id":"https:\/\/bale.ch\/journal\/#website","url":"https:\/\/bale.ch\/journal\/","name":"Journal de B\u00e2le et Gen\u00e8ve","description":"M\u00e9dia transfrontalier d&#039;actualit\u00e9s - News","publisher":{"@id":"https:\/\/bale.ch\/journal\/#organization"},"potentialAction":[{"@type":"SearchAction","target":{"@type":"EntryPoint","urlTemplate":"https:\/\/bale.ch\/journal\/?s={search_term_string}"},"query-input":{"@type":"PropertyValueSpecification","valueRequired":true,"valueName":"search_term_string"}}],"inLanguage":"fr-FR"},{"@type":"Organization","@id":"https:\/\/bale.ch\/journal\/#organization","name":"Journal de B\u00e2le et Gen\u00e8ve","url":"https:\/\/bale.ch\/journal\/","logo":{"@type":"ImageObject","inLanguage":"fr-FR","@id":"https:\/\/bale.ch\/journal\/#\/schema\/logo\/image\/","url":"https:\/\/bale.ch\/journal\/wp-content\/uploads\/2023\/07\/journaldebale_logo_2023_nb.png","contentUrl":"https:\/\/bale.ch\/journal\/wp-content\/uploads\/2023\/07\/journaldebale_logo_2023_nb.png","width":371,"height":127,"caption":"Journal de B\u00e2le et Gen\u00e8ve"},"image":{"@id":"https:\/\/bale.ch\/journal\/#\/schema\/logo\/image\/"}},{"@type":"Person","@id":"https:\/\/bale.ch\/journal\/#\/schema\/person\/8b00733494d33b25a558259b6f8b14a9","name":"Selin Ertan","image":{"@type":"ImageObject","inLanguage":"fr-FR","@id":"https:\/\/secure.gravatar.com\/avatar\/5860b7d309902511da0636abdf7280a1b31adc8421ebedc3c321386de0e91aaa?s=96&d=mm&r=g","url":"https:\/\/secure.gravatar.com\/avatar\/5860b7d309902511da0636abdf7280a1b31adc8421ebedc3c321386de0e91aaa?s=96&d=mm&r=g","contentUrl":"https:\/\/secure.gravatar.com\/avatar\/5860b7d309902511da0636abdf7280a1b31adc8421ebedc3c321386de0e91aaa?s=96&d=mm&r=g","caption":"Selin Ertan"},"sameAs":["http:\/\/www.selinertan.com\/"],"url":"https:\/\/bale.ch\/journal\/author\/selin\/"}]}},"_links":{"self":[{"href":"https:\/\/bale.ch\/journal\/wp-json\/wp\/v2\/posts\/302","targetHints":{"allow":["GET"]}}],"collection":[{"href":"https:\/\/bale.ch\/journal\/wp-json\/wp\/v2\/posts"}],"about":[{"href":"https:\/\/bale.ch\/journal\/wp-json\/wp\/v2\/types\/post"}],"author":[{"embeddable":true,"href":"https:\/\/bale.ch\/journal\/wp-json\/wp\/v2\/users\/35"}],"replies":[{"embeddable":true,"href":"https:\/\/bale.ch\/journal\/wp-json\/wp\/v2\/comments?post=302"}],"version-history":[{"count":6,"href":"https:\/\/bale.ch\/journal\/wp-json\/wp\/v2\/posts\/302\/revisions"}],"predecessor-version":[{"id":310,"href":"https:\/\/bale.ch\/journal\/wp-json\/wp\/v2\/posts\/302\/revisions\/310"}],"wp:featuredmedia":[{"embeddable":true,"href":"https:\/\/bale.ch\/journal\/wp-json\/wp\/v2\/media\/303"}],"wp:attachment":[{"href":"https:\/\/bale.ch\/journal\/wp-json\/wp\/v2\/media?parent=302"}],"wp:term":[{"taxonomy":"category","embeddable":true,"href":"https:\/\/bale.ch\/journal\/wp-json\/wp\/v2\/categories?post=302"},{"taxonomy":"post_tag","embeddable":true,"href":"https:\/\/bale.ch\/journal\/wp-json\/wp\/v2\/tags?post=302"}],"curies":[{"name":"wp","href":"https:\/\/api.w.org\/{rel}","templated":true}]}}