{"id":3053,"date":"2022-02-24T19:07:00","date_gmt":"2022-02-24T19:07:00","guid":{"rendered":"http:\/\/bale.ch\/journal\/?p=3053"},"modified":"2022-03-01T15:40:06","modified_gmt":"2022-03-01T15:40:06","slug":"les-femmes-a-lhonneur-pour-les-20-ans-du-festival-de-film-sur-les-droits-humains","status":"publish","type":"post","link":"https:\/\/bale.ch\/journal\/les-femmes-a-lhonneur-pour-les-20-ans-du-festival-de-film-sur-les-droits-humains\/","title":{"rendered":"Les femmes \u00e0 l&rsquo;honneur pour les 20 ans du festival de film sur les droits humains"},"content":{"rendered":"\n<p class=\"wp-block-paragraph\"><strong>Le Festival du film et forum international sur les droits humains de Gen\u00e8ve \u2013 FIFDH c\u00e9l\u00e8bre cette ann\u00e9e sa vingti\u00e8me \u00e9dition avec une s\u00e9lection internationale de films de fiction et des documentaires, mais aussi des d\u00e9bats, des grands entretiens, des rencontres, des masterclasses, des expositions ou encore un concert de Barbara Hendricks, marraine du Festival.<\/strong><\/p>\n\n\n\n<p class=\"wp-block-paragraph\">Apr\u00e8s deux \u00e9ditions num\u00e9riques, le FIFDH revient en public en mettant l&rsquo;honneur les femmes tout au long de son programme: ouvert par la <strong>Haute commissaire aux droits de l&rsquo;homme Michelle Bachelet<\/strong>, il d\u00e9die cette \u00e9dition \u00e0 la<strong> journaliste vietnamienne emprisonn\u00e9e Pham Doan Trang<\/strong> et \u00e0 l\u2019activiste de Trinit\u00e9-et-Tobago <strong>Ida Leblanc<\/strong>. La <strong>photographe soudanaise Eythar Gubara<\/strong> et la <strong>cin\u00e9aste afghane Shahrbanoo Sadat<\/strong> font \u00e9galement partie des invit\u00e9es tout comme la <strong>prix Nobel de la Paix Shirin Ebadi<\/strong> qui pr\u00e9sentera le film <em>White Torture<\/em> dont la r\u00e9alisatrice Narges Mohammadi est emprisonn\u00e9e en Iran.<\/p>\n\n\n\n<p class=\"wp-block-paragraph\">Entre autres th\u00e9matiques, <strong>le th\u00e8me du racisme<\/strong> sera \u00e0 nouveau largement abord\u00e9. On penchera notamment sur l&rsquo;h\u00e9ritage raciste dans les monuments genevois. <\/p><div id=\"crieu-3799630823\" class=\"crieu-content crieu-entity-placement\"><script async src=\"\/\/pagead2.googlesyndication.com\/pagead\/js\/adsbygoogle.js?client=ca-pub-5271584769416742\" crossorigin=\"anonymous\"><\/script><ins class=\"adsbygoogle\" style=\"display:block;\" data-ad-client=\"ca-pub-5271584769416742\" \ndata-ad-slot=\"9321250718\" \ndata-ad-format=\"auto\"><\/ins>\n<script> \n(adsbygoogle = window.adsbygoogle || []).push({}); \n<\/script>\n<\/div>\n\n\n\n<p class=\"wp-block-paragraph\">La lanceuse d\u2019alerte&nbsp;<strong>Chelsea Manning<\/strong>, ancienne analyste militaire de l\u2019arm\u00e9e am\u00e9ricaine,&nbsp;viendra discuter des donn\u00e9es num\u00e9riques autour du film et projet cross-media <em>Made to Measure<\/em>.<\/p>\n\n\n\n<p class=\"wp-block-paragraph\">Mais les droits humains ne s\u2019\u00e9tendent pas qu&rsquo;aux donn\u00e9es num\u00e9riques. Ils touchent \u00e0 pr\u00e9sent \u00e9galement \u00e0 l\u2019intelligence artificielle et au transhumanisme, qui seront aussi au programme des d\u00e9bats cette ann\u00e9e, tout comme les th\u00e9matiques de l\u2019\u00e9cocide et de la n\u00e9cessit\u00e9 de reconna\u00eetre les droits de la nature.<\/p>\n\n\n\n<blockquote class=\"wp-block-quote is-layout-flow wp-block-quote-is-layout-flow\"><p>\u201cPartout, gr\u00e2ce au courage, \u00e0 la t\u00e9nacit\u00e9 et \u00e0 la puissance d\u2019imagination d\u2019activistes, de penseur\u00b7euses ou d\u2019artistes, de nouveaux horizons se dessinent, des lumi\u00e8res s\u2019allument, encore fr\u00eales, mais bien r\u00e9elles. Sans jamais renoncer \u00e0 d\u00e9noncer des situations inacceptables, cette 20e \u00e9dition du Festival dresse un panorama de r\u00e9flexions, d\u2019\u00e9lans, de r\u00eaves et de nouvelles mani\u00e8res d\u2019habiter le monde\u201d <\/p><cite>Isabelle Gattiker, directrice g\u00e9n\u00e9rale et des programmes du FIFDH.<\/cite><\/blockquote>\n\n\n\n<hr class=\"wp-block-separator\"\/>\n\n\n\n<div class=\"wp-block-columns is-layout-flex wp-container-core-columns-is-layout-8f761849 wp-block-columns-is-layout-flex\">\n<div class=\"wp-block-column is-layout-flow wp-block-column-is-layout-flow\" style=\"flex-basis:100%\">\n<p class=\"wp-block-paragraph\">C&rsquo;est <strong>Shin Noguchi<\/strong>, photographe de rue prim\u00e9 n\u00e9 en 1976, qui a r\u00e9alis\u00e9 le clich\u00e9 pr\u00e9sent sur <strong>l&rsquo;affiche des 20 ans<\/strong>. Il pose sur le monde un regard \u00e0 la fois malicieux, humaniste et tendre. Il saisit ici le portrait spontan\u00e9 d\u2019une de ses trois filles, Yumeji et rend hommage \u00e0 sa puissance. De sa d\u00e9marche photographique, Noguchi \u00e9nonce <em>\u00abM\u00eame s\u2019il est difficile d\u2019effacer compl\u00e8tement les fronti\u00e8res qui divisent, je crois fermement que, gr\u00e2ce \u00e0 une pratique constante de la photographie, nous pouvons abaisser les fronti\u00e8res \u00e0 une hauteur que les enfants peuvent facilement enjamber, telles des cordes \u00e0 sauter. \u00bb<\/em><\/p>\n\n\n\n<p class=\"wp-block-paragraph\">Retrouvez toutes les infos et r\u00e9servez sur <a href=\"https:\/\/fifdh.org\/\" data-type=\"URL\" data-id=\"https:\/\/fifdh.org\/\" target=\"_blank\" rel=\"noreferrer noopener\">fifdh.org<\/a><\/p>\n<\/div>\n<\/div>\n<div id=\"crieu-1189578506\" class=\"crieu-apres-le-contenu crieu-entity-placement\" style=\"margin-left: auto;margin-right: auto;text-align: center;\"><script async src=\"\/\/pagead2.googlesyndication.com\/pagead\/js\/adsbygoogle.js?client=ca-pub-5271584769416742\" crossorigin=\"anonymous\"><\/script><ins class=\"adsbygoogle\" style=\"display:block;\" data-ad-client=\"ca-pub-5271584769416742\" \ndata-ad-slot=\"9321250718\" \ndata-ad-format=\"auto\"><\/ins>\n<script> \n(adsbygoogle = window.adsbygoogle || []).push({}); \n<\/script>\n<\/div>","protected":false},"excerpt":{"rendered":"<p>Le Festival du film et forum international sur les droits humains de Gen\u00e8ve \u2013 FIFDH c\u00e9l\u00e8bre cette ann\u00e9e sa vingti\u00e8me \u00e9dition avec une s\u00e9lection internationale de films de fiction et <a href=\"https:\/\/bale.ch\/journal\/les-femmes-a-lhonneur-pour-les-20-ans-du-festival-de-film-sur-les-droits-humains\/\" class=\"read-more button-fancy -red\"><span class=\"btn-arrow\"><\/span><span class=\"twp-read-more text\">Continuer la lecture<\/span><\/a><\/p>\n","protected":false},"author":2,"featured_media":3048,"comment_status":"closed","ping_status":"closed","sticky":false,"template":"","format":"standard","meta":{"footnotes":""},"categories":[103,10,4],"tags":[23,93,74],"class_list":["post-3053","post","type-post","status-publish","format-standard","has-post-thumbnail","hentry","category-actu","category-culture","category-grand-geneve","tag-cinema","tag-festival","tag-geneve"],"yoast_head":"<!-- This site is optimized with the Yoast SEO plugin v28.3 - https:\/\/yoast.com\/product\/yoast-seo-wordpress\/ -->\n<title>Les femmes \u00e0 l&#039;honneur pour les 20 ans du festival de film sur les droits humains - Journal de B\u00e2le et Gen\u00e8ve<\/title>\n<meta name=\"robots\" content=\"index, follow, max-snippet:-1, max-image-preview:large, max-video-preview:-1\" \/>\n<link rel=\"canonical\" href=\"https:\/\/bale.ch\/journal\/les-femmes-a-lhonneur-pour-les-20-ans-du-festival-de-film-sur-les-droits-humains\/\" \/>\n<meta property=\"og:locale\" content=\"fr_FR\" \/>\n<meta property=\"og:type\" content=\"article\" \/>\n<meta property=\"og:title\" content=\"Les femmes \u00e0 l&#039;honneur pour les 20 ans du festival de film sur les droits humains - Journal de B\u00e2le et Gen\u00e8ve\" \/>\n<meta property=\"og:description\" content=\"Le Festival du film et forum international sur les droits humains de Gen\u00e8ve \u2013 FIFDH c\u00e9l\u00e8bre cette ann\u00e9e sa vingti\u00e8me \u00e9dition avec une s\u00e9lection internationale de films de fiction et Continuer la lecture\" \/>\n<meta property=\"og:url\" content=\"https:\/\/bale.ch\/journal\/les-femmes-a-lhonneur-pour-les-20-ans-du-festival-de-film-sur-les-droits-humains\/\" \/>\n<meta property=\"og:site_name\" content=\"Journal de B\u00e2le et Gen\u00e8ve\" \/>\n<meta property=\"article:published_time\" content=\"2022-02-24T19:07:00+00:00\" \/>\n<meta property=\"article:modified_time\" content=\"2022-03-01T15:40:06+00:00\" \/>\n<meta property=\"og:image\" content=\"https:\/\/bale.ch\/journal\/wp-content\/uploads\/2022\/02\/fifdh_geneva_2022.jpg\" \/>\n\t<meta property=\"og:image:width\" content=\"900\" \/>\n\t<meta property=\"og:image:height\" content=\"484\" \/>\n\t<meta property=\"og:image:type\" content=\"image\/jpeg\" \/>\n<meta name=\"author\" content=\"La R\u00e9daction\" \/>\n<meta name=\"twitter:card\" content=\"summary_large_image\" \/>\n<meta name=\"twitter:label1\" content=\"\u00c9crit par\" \/>\n\t<meta name=\"twitter:data1\" content=\"La R\u00e9daction\" \/>\n\t<meta name=\"twitter:label2\" content=\"Dur\u00e9e de lecture estim\u00e9e\" \/>\n\t<meta name=\"twitter:data2\" content=\"2 minutes\" \/>\n<script type=\"application\/ld+json\" class=\"yoast-schema-graph\">{\"@context\":\"https:\\\/\\\/schema.org\",\"@graph\":[{\"@type\":\"Article\",\"@id\":\"https:\\\/\\\/bale.ch\\\/journal\\\/les-femmes-a-lhonneur-pour-les-20-ans-du-festival-de-film-sur-les-droits-humains\\\/#article\",\"isPartOf\":{\"@id\":\"https:\\\/\\\/bale.ch\\\/journal\\\/les-femmes-a-lhonneur-pour-les-20-ans-du-festival-de-film-sur-les-droits-humains\\\/\"},\"author\":{\"name\":\"La R\u00e9daction\",\"@id\":\"https:\\\/\\\/bale.ch\\\/journal\\\/#\\\/schema\\\/person\\\/03ced978db3b7a5274c5cef003f352f5\"},\"headline\":\"Les femmes \u00e0 l&rsquo;honneur pour les 20 ans du festival de film sur les droits humains\",\"datePublished\":\"2022-02-24T19:07:00+00:00\",\"dateModified\":\"2022-03-01T15:40:06+00:00\",\"mainEntityOfPage\":{\"@id\":\"https:\\\/\\\/bale.ch\\\/journal\\\/les-femmes-a-lhonneur-pour-les-20-ans-du-festival-de-film-sur-les-droits-humains\\\/\"},\"wordCount\":491,\"publisher\":{\"@id\":\"https:\\\/\\\/bale.ch\\\/journal\\\/#organization\"},\"image\":{\"@id\":\"https:\\\/\\\/bale.ch\\\/journal\\\/les-femmes-a-lhonneur-pour-les-20-ans-du-festival-de-film-sur-les-droits-humains\\\/#primaryimage\"},\"thumbnailUrl\":\"https:\\\/\\\/bale.ch\\\/journal\\\/wp-content\\\/uploads\\\/2022\\\/02\\\/fifdh_geneva_2022.jpg\",\"keywords\":[\"Cin\u00e9ma\",\"festival\",\"Gen\u00e8ve\"],\"articleSection\":[\"Actualit\u00e9s\",\"Culture\",\"Grand Gen\u00e8ve\"],\"inLanguage\":\"fr-FR\"},{\"@type\":\"WebPage\",\"@id\":\"https:\\\/\\\/bale.ch\\\/journal\\\/les-femmes-a-lhonneur-pour-les-20-ans-du-festival-de-film-sur-les-droits-humains\\\/\",\"url\":\"https:\\\/\\\/bale.ch\\\/journal\\\/les-femmes-a-lhonneur-pour-les-20-ans-du-festival-de-film-sur-les-droits-humains\\\/\",\"name\":\"Les femmes \u00e0 l'honneur pour les 20 ans du festival de film sur les droits humains - Journal de B\u00e2le et Gen\u00e8ve\",\"isPartOf\":{\"@id\":\"https:\\\/\\\/bale.ch\\\/journal\\\/#website\"},\"primaryImageOfPage\":{\"@id\":\"https:\\\/\\\/bale.ch\\\/journal\\\/les-femmes-a-lhonneur-pour-les-20-ans-du-festival-de-film-sur-les-droits-humains\\\/#primaryimage\"},\"image\":{\"@id\":\"https:\\\/\\\/bale.ch\\\/journal\\\/les-femmes-a-lhonneur-pour-les-20-ans-du-festival-de-film-sur-les-droits-humains\\\/#primaryimage\"},\"thumbnailUrl\":\"https:\\\/\\\/bale.ch\\\/journal\\\/wp-content\\\/uploads\\\/2022\\\/02\\\/fifdh_geneva_2022.jpg\",\"datePublished\":\"2022-02-24T19:07:00+00:00\",\"dateModified\":\"2022-03-01T15:40:06+00:00\",\"breadcrumb\":{\"@id\":\"https:\\\/\\\/bale.ch\\\/journal\\\/les-femmes-a-lhonneur-pour-les-20-ans-du-festival-de-film-sur-les-droits-humains\\\/#breadcrumb\"},\"inLanguage\":\"fr-FR\",\"potentialAction\":[{\"@type\":\"ReadAction\",\"target\":[\"https:\\\/\\\/bale.ch\\\/journal\\\/les-femmes-a-lhonneur-pour-les-20-ans-du-festival-de-film-sur-les-droits-humains\\\/\"]}]},{\"@type\":\"ImageObject\",\"inLanguage\":\"fr-FR\",\"@id\":\"https:\\\/\\\/bale.ch\\\/journal\\\/les-femmes-a-lhonneur-pour-les-20-ans-du-festival-de-film-sur-les-droits-humains\\\/#primaryimage\",\"url\":\"https:\\\/\\\/bale.ch\\\/journal\\\/wp-content\\\/uploads\\\/2022\\\/02\\\/fifdh_geneva_2022.jpg\",\"contentUrl\":\"https:\\\/\\\/bale.ch\\\/journal\\\/wp-content\\\/uploads\\\/2022\\\/02\\\/fifdh_geneva_2022.jpg\",\"width\":900,\"height\":484},{\"@type\":\"BreadcrumbList\",\"@id\":\"https:\\\/\\\/bale.ch\\\/journal\\\/les-femmes-a-lhonneur-pour-les-20-ans-du-festival-de-film-sur-les-droits-humains\\\/#breadcrumb\",\"itemListElement\":[{\"@type\":\"ListItem\",\"position\":1,\"name\":\"Accueil\",\"item\":\"https:\\\/\\\/bale.ch\\\/journal\\\/\"},{\"@type\":\"ListItem\",\"position\":2,\"name\":\"Les femmes \u00e0 l&rsquo;honneur pour les 20 ans du festival de film sur les droits humains\"}]},{\"@type\":\"WebSite\",\"@id\":\"https:\\\/\\\/bale.ch\\\/journal\\\/#website\",\"url\":\"https:\\\/\\\/bale.ch\\\/journal\\\/\",\"name\":\"Journal de B\u00e2le et Gen\u00e8ve\",\"description\":\"M\u00e9dia transfrontalier d&#039;actualit\u00e9s - News\",\"publisher\":{\"@id\":\"https:\\\/\\\/bale.ch\\\/journal\\\/#organization\"},\"potentialAction\":[{\"@type\":\"SearchAction\",\"target\":{\"@type\":\"EntryPoint\",\"urlTemplate\":\"https:\\\/\\\/bale.ch\\\/journal\\\/?s={search_term_string}\"},\"query-input\":{\"@type\":\"PropertyValueSpecification\",\"valueRequired\":true,\"valueName\":\"search_term_string\"}}],\"inLanguage\":\"fr-FR\"},{\"@type\":\"Organization\",\"@id\":\"https:\\\/\\\/bale.ch\\\/journal\\\/#organization\",\"name\":\"Journal de B\u00e2le et Gen\u00e8ve\",\"url\":\"https:\\\/\\\/bale.ch\\\/journal\\\/\",\"logo\":{\"@type\":\"ImageObject\",\"inLanguage\":\"fr-FR\",\"@id\":\"https:\\\/\\\/bale.ch\\\/journal\\\/#\\\/schema\\\/logo\\\/image\\\/\",\"url\":\"https:\\\/\\\/bale.ch\\\/journal\\\/wp-content\\\/uploads\\\/2023\\\/07\\\/journaldebale_logo_2023_nb.png\",\"contentUrl\":\"https:\\\/\\\/bale.ch\\\/journal\\\/wp-content\\\/uploads\\\/2023\\\/07\\\/journaldebale_logo_2023_nb.png\",\"width\":371,\"height\":127,\"caption\":\"Journal de B\u00e2le et Gen\u00e8ve\"},\"image\":{\"@id\":\"https:\\\/\\\/bale.ch\\\/journal\\\/#\\\/schema\\\/logo\\\/image\\\/\"}},{\"@type\":\"Person\",\"@id\":\"https:\\\/\\\/bale.ch\\\/journal\\\/#\\\/schema\\\/person\\\/03ced978db3b7a5274c5cef003f352f5\",\"name\":\"La R\u00e9daction\",\"image\":{\"@type\":\"ImageObject\",\"inLanguage\":\"fr-FR\",\"@id\":\"https:\\\/\\\/secure.gravatar.com\\\/avatar\\\/d1327e2ce8d2b860112f968a3f34686c9bdda7a463a1502cdd1070ac9d88cf1e?s=96&d=mm&r=g\",\"url\":\"https:\\\/\\\/secure.gravatar.com\\\/avatar\\\/d1327e2ce8d2b860112f968a3f34686c9bdda7a463a1502cdd1070ac9d88cf1e?s=96&d=mm&r=g\",\"contentUrl\":\"https:\\\/\\\/secure.gravatar.com\\\/avatar\\\/d1327e2ce8d2b860112f968a3f34686c9bdda7a463a1502cdd1070ac9d88cf1e?s=96&d=mm&r=g\",\"caption\":\"La R\u00e9daction\"},\"url\":\"https:\\\/\\\/bale.ch\\\/journal\\\/author\\\/laredaction\\\/\"}]}<\/script>\n<!-- \/ Yoast SEO plugin. -->","yoast_head_json":{"title":"Les femmes \u00e0 l'honneur pour les 20 ans du festival de film sur les droits humains - Journal de B\u00e2le et Gen\u00e8ve","robots":{"index":"index","follow":"follow","max-snippet":"max-snippet:-1","max-image-preview":"max-image-preview:large","max-video-preview":"max-video-preview:-1"},"canonical":"https:\/\/bale.ch\/journal\/les-femmes-a-lhonneur-pour-les-20-ans-du-festival-de-film-sur-les-droits-humains\/","og_locale":"fr_FR","og_type":"article","og_title":"Les femmes \u00e0 l'honneur pour les 20 ans du festival de film sur les droits humains - Journal de B\u00e2le et Gen\u00e8ve","og_description":"Le Festival du film et forum international sur les droits humains de Gen\u00e8ve \u2013 FIFDH c\u00e9l\u00e8bre cette ann\u00e9e sa vingti\u00e8me \u00e9dition avec une s\u00e9lection internationale de films de fiction et Continuer la lecture","og_url":"https:\/\/bale.ch\/journal\/les-femmes-a-lhonneur-pour-les-20-ans-du-festival-de-film-sur-les-droits-humains\/","og_site_name":"Journal de B\u00e2le et Gen\u00e8ve","article_published_time":"2022-02-24T19:07:00+00:00","article_modified_time":"2022-03-01T15:40:06+00:00","og_image":[{"width":900,"height":484,"url":"https:\/\/bale.ch\/journal\/wp-content\/uploads\/2022\/02\/fifdh_geneva_2022.jpg","type":"image\/jpeg"}],"author":"La R\u00e9daction","twitter_card":"summary_large_image","twitter_misc":{"\u00c9crit par":"La R\u00e9daction","Dur\u00e9e de lecture estim\u00e9e":"2 minutes"},"schema":{"@context":"https:\/\/schema.org","@graph":[{"@type":"Article","@id":"https:\/\/bale.ch\/journal\/les-femmes-a-lhonneur-pour-les-20-ans-du-festival-de-film-sur-les-droits-humains\/#article","isPartOf":{"@id":"https:\/\/bale.ch\/journal\/les-femmes-a-lhonneur-pour-les-20-ans-du-festival-de-film-sur-les-droits-humains\/"},"author":{"name":"La R\u00e9daction","@id":"https:\/\/bale.ch\/journal\/#\/schema\/person\/03ced978db3b7a5274c5cef003f352f5"},"headline":"Les femmes \u00e0 l&rsquo;honneur pour les 20 ans du festival de film sur les droits humains","datePublished":"2022-02-24T19:07:00+00:00","dateModified":"2022-03-01T15:40:06+00:00","mainEntityOfPage":{"@id":"https:\/\/bale.ch\/journal\/les-femmes-a-lhonneur-pour-les-20-ans-du-festival-de-film-sur-les-droits-humains\/"},"wordCount":491,"publisher":{"@id":"https:\/\/bale.ch\/journal\/#organization"},"image":{"@id":"https:\/\/bale.ch\/journal\/les-femmes-a-lhonneur-pour-les-20-ans-du-festival-de-film-sur-les-droits-humains\/#primaryimage"},"thumbnailUrl":"https:\/\/bale.ch\/journal\/wp-content\/uploads\/2022\/02\/fifdh_geneva_2022.jpg","keywords":["Cin\u00e9ma","festival","Gen\u00e8ve"],"articleSection":["Actualit\u00e9s","Culture","Grand Gen\u00e8ve"],"inLanguage":"fr-FR"},{"@type":"WebPage","@id":"https:\/\/bale.ch\/journal\/les-femmes-a-lhonneur-pour-les-20-ans-du-festival-de-film-sur-les-droits-humains\/","url":"https:\/\/bale.ch\/journal\/les-femmes-a-lhonneur-pour-les-20-ans-du-festival-de-film-sur-les-droits-humains\/","name":"Les femmes \u00e0 l'honneur pour les 20 ans du festival de film sur les droits humains - Journal de B\u00e2le et Gen\u00e8ve","isPartOf":{"@id":"https:\/\/bale.ch\/journal\/#website"},"primaryImageOfPage":{"@id":"https:\/\/bale.ch\/journal\/les-femmes-a-lhonneur-pour-les-20-ans-du-festival-de-film-sur-les-droits-humains\/#primaryimage"},"image":{"@id":"https:\/\/bale.ch\/journal\/les-femmes-a-lhonneur-pour-les-20-ans-du-festival-de-film-sur-les-droits-humains\/#primaryimage"},"thumbnailUrl":"https:\/\/bale.ch\/journal\/wp-content\/uploads\/2022\/02\/fifdh_geneva_2022.jpg","datePublished":"2022-02-24T19:07:00+00:00","dateModified":"2022-03-01T15:40:06+00:00","breadcrumb":{"@id":"https:\/\/bale.ch\/journal\/les-femmes-a-lhonneur-pour-les-20-ans-du-festival-de-film-sur-les-droits-humains\/#breadcrumb"},"inLanguage":"fr-FR","potentialAction":[{"@type":"ReadAction","target":["https:\/\/bale.ch\/journal\/les-femmes-a-lhonneur-pour-les-20-ans-du-festival-de-film-sur-les-droits-humains\/"]}]},{"@type":"ImageObject","inLanguage":"fr-FR","@id":"https:\/\/bale.ch\/journal\/les-femmes-a-lhonneur-pour-les-20-ans-du-festival-de-film-sur-les-droits-humains\/#primaryimage","url":"https:\/\/bale.ch\/journal\/wp-content\/uploads\/2022\/02\/fifdh_geneva_2022.jpg","contentUrl":"https:\/\/bale.ch\/journal\/wp-content\/uploads\/2022\/02\/fifdh_geneva_2022.jpg","width":900,"height":484},{"@type":"BreadcrumbList","@id":"https:\/\/bale.ch\/journal\/les-femmes-a-lhonneur-pour-les-20-ans-du-festival-de-film-sur-les-droits-humains\/#breadcrumb","itemListElement":[{"@type":"ListItem","position":1,"name":"Accueil","item":"https:\/\/bale.ch\/journal\/"},{"@type":"ListItem","position":2,"name":"Les femmes \u00e0 l&rsquo;honneur pour les 20 ans du festival de film sur les droits humains"}]},{"@type":"WebSite","@id":"https:\/\/bale.ch\/journal\/#website","url":"https:\/\/bale.ch\/journal\/","name":"Journal de B\u00e2le et Gen\u00e8ve","description":"M\u00e9dia transfrontalier d&#039;actualit\u00e9s - News","publisher":{"@id":"https:\/\/bale.ch\/journal\/#organization"},"potentialAction":[{"@type":"SearchAction","target":{"@type":"EntryPoint","urlTemplate":"https:\/\/bale.ch\/journal\/?s={search_term_string}"},"query-input":{"@type":"PropertyValueSpecification","valueRequired":true,"valueName":"search_term_string"}}],"inLanguage":"fr-FR"},{"@type":"Organization","@id":"https:\/\/bale.ch\/journal\/#organization","name":"Journal de B\u00e2le et Gen\u00e8ve","url":"https:\/\/bale.ch\/journal\/","logo":{"@type":"ImageObject","inLanguage":"fr-FR","@id":"https:\/\/bale.ch\/journal\/#\/schema\/logo\/image\/","url":"https:\/\/bale.ch\/journal\/wp-content\/uploads\/2023\/07\/journaldebale_logo_2023_nb.png","contentUrl":"https:\/\/bale.ch\/journal\/wp-content\/uploads\/2023\/07\/journaldebale_logo_2023_nb.png","width":371,"height":127,"caption":"Journal de B\u00e2le et Gen\u00e8ve"},"image":{"@id":"https:\/\/bale.ch\/journal\/#\/schema\/logo\/image\/"}},{"@type":"Person","@id":"https:\/\/bale.ch\/journal\/#\/schema\/person\/03ced978db3b7a5274c5cef003f352f5","name":"La R\u00e9daction","image":{"@type":"ImageObject","inLanguage":"fr-FR","@id":"https:\/\/secure.gravatar.com\/avatar\/d1327e2ce8d2b860112f968a3f34686c9bdda7a463a1502cdd1070ac9d88cf1e?s=96&d=mm&r=g","url":"https:\/\/secure.gravatar.com\/avatar\/d1327e2ce8d2b860112f968a3f34686c9bdda7a463a1502cdd1070ac9d88cf1e?s=96&d=mm&r=g","contentUrl":"https:\/\/secure.gravatar.com\/avatar\/d1327e2ce8d2b860112f968a3f34686c9bdda7a463a1502cdd1070ac9d88cf1e?s=96&d=mm&r=g","caption":"La R\u00e9daction"},"url":"https:\/\/bale.ch\/journal\/author\/laredaction\/"}]}},"_links":{"self":[{"href":"https:\/\/bale.ch\/journal\/wp-json\/wp\/v2\/posts\/3053","targetHints":{"allow":["GET"]}}],"collection":[{"href":"https:\/\/bale.ch\/journal\/wp-json\/wp\/v2\/posts"}],"about":[{"href":"https:\/\/bale.ch\/journal\/wp-json\/wp\/v2\/types\/post"}],"author":[{"embeddable":true,"href":"https:\/\/bale.ch\/journal\/wp-json\/wp\/v2\/users\/2"}],"replies":[{"embeddable":true,"href":"https:\/\/bale.ch\/journal\/wp-json\/wp\/v2\/comments?post=3053"}],"version-history":[{"count":6,"href":"https:\/\/bale.ch\/journal\/wp-json\/wp\/v2\/posts\/3053\/revisions"}],"predecessor-version":[{"id":3063,"href":"https:\/\/bale.ch\/journal\/wp-json\/wp\/v2\/posts\/3053\/revisions\/3063"}],"wp:featuredmedia":[{"embeddable":true,"href":"https:\/\/bale.ch\/journal\/wp-json\/wp\/v2\/media\/3048"}],"wp:attachment":[{"href":"https:\/\/bale.ch\/journal\/wp-json\/wp\/v2\/media?parent=3053"}],"wp:term":[{"taxonomy":"category","embeddable":true,"href":"https:\/\/bale.ch\/journal\/wp-json\/wp\/v2\/categories?post=3053"},{"taxonomy":"post_tag","embeddable":true,"href":"https:\/\/bale.ch\/journal\/wp-json\/wp\/v2\/tags?post=3053"}],"curies":[{"name":"wp","href":"https:\/\/api.w.org\/{rel}","templated":true}]}}