{"id":3081,"date":"2022-11-15T15:43:28","date_gmt":"2022-11-15T15:43:28","guid":{"rendered":"http:\/\/bale.ch\/journal\/?p=3081"},"modified":"2022-11-15T15:46:31","modified_gmt":"2022-11-15T15:46:31","slug":"le-bedeaste-cosey-celebre-au-cartoonmuseum-de-bale","status":"publish","type":"post","link":"https:\/\/bale.ch\/journal\/le-bedeaste-cosey-celebre-au-cartoonmuseum-de-bale\/","title":{"rendered":"Le b\u00e9d\u00e9aste Cosey c\u00e9l\u00e9br\u00e9 au Cartoonmuseum de B\u00e2le"},"content":{"rendered":"\n<p class=\"wp-block-paragraph\"><strong>Le Cartoonmuseum de B\u00e2le rend hommage pour la premi\u00e8re fois dans l&rsquo;espace germanophone au travail de cet artiste lausannois maintes fois prim\u00e9 en lui consacrant une r\u00e9trospective.<\/strong><\/p>\n\n\n\n<p class=\"wp-block-paragraph\">Dans la s\u00e9rie de bandes dessin\u00e9es de renomm\u00e9e internationale <strong>\u00ab\u00a0Jonathan\u00a0\u00bb<\/strong>, le dessinateur romand Cosey et son trait r\u00e9aliste et merveilleusement s\u00fbr nous font voyager &#8211; \u00e0 travers l&rsquo;immensit\u00e9 \u00e9poustouflante de paysages d&rsquo;Asie, d&rsquo;Am\u00e9rique du Nord et d&rsquo;Europe et dans la vie int\u00e9rieure de ses protagonistes. N\u00e9 en 1950 \u00e0 Lausanne sous le nom de Bernard Cosendai dans une famille originaire des \u00c9tats-Unis, <strong>Cosey<\/strong> a \u00e9t\u00e9 berc\u00e9 par les questions d&rsquo;identit\u00e9 et d&rsquo;appartenance. Aujourd&rsquo;hui, Cosey est l&rsquo;un des plus importants dessinateurs de BD europ\u00e9ens qui, dans le contexte des bouleversements culturels des ann\u00e9es 1960 et 1970, ont \u00e9largi la bande dessin\u00e9e pour un public adulte avec des th\u00e8mes ambitieux et une ambition litt\u00e9raire.<\/p>\n\n\n\n<p class=\"wp-block-paragraph\">Apr\u00e8s un apprentissage de graphiste, Cosey travaille \u00e0 partir de 1970 comme assistant et coloriste pour son idole, le dessinateur romand Derib ; \u00e0 partir de 1975, il dessine pour les magazines belges \u00ab\u00a0Tintin\u00a0\u00bb et \u00ab\u00a0Spirou\u00a0\u00bb et lance sa longue s\u00e9rie \u00ab\u00a0Jonathan\u00a0\u00bb, dont l&rsquo;album final para\u00eetra en 2021. \u00ab\u00a0Souviens-toi, Jonathan &#8230;\u00a0\u00bb, le premier tome de la s\u00e9rie en 16 \u00e9pisodes, emm\u00e8ne le protagoniste principal et marginal Jonathan dans l&rsquo;Himalaya, \u00e0 la recherche de son amour de jeunesse, la Tib\u00e9taine Sa\u00efcha. Cette histoire et les 16 suivantes de la s\u00e9rie mettent en avant, outre les aventures v\u00e9cues par Jonathan, l&rsquo;alter ego de Cosey, la qu\u00eate de sens des personnages principaux au design complexe et leurs questions philosophiques et spirituelles. Le dessinateur int\u00e8gre ses propres exp\u00e9riences de voyage et des r\u00e9f\u00e9rences \u00e0 la litt\u00e9rature, au cin\u00e9ma et \u00e0 la musique, et relie l&rsquo;intrigue \u00e0 des faits politiques comme l&rsquo;occupation du Tibet par la Chine.<\/p><div id=\"crieu-1582829505\" class=\"crieu-content crieu-entity-placement\"><script async src=\"\/\/pagead2.googlesyndication.com\/pagead\/js\/adsbygoogle.js?client=ca-pub-5271584769416742\" crossorigin=\"anonymous\"><\/script><ins class=\"adsbygoogle\" style=\"display:block;\" data-ad-client=\"ca-pub-5271584769416742\" \ndata-ad-slot=\"9321250718\" \ndata-ad-format=\"auto\"><\/ins>\n<script> \n(adsbygoogle = window.adsbygoogle || []).push({}); \n<\/script>\n<\/div>\n\n\n\n<p class=\"wp-block-paragraph\">Outre son \u0153uvre principale, Cosey a \u00e9galement publi\u00e9 des albums individuels tr\u00e8s remarqu\u00e9s comme \u00ab\u00a0\u00c0 la recherche de Peter Pan\u00a0\u00bb, \u00ab\u00a0Le voyage en Italie\u00a0\u00bb, \u00ab\u00a0Joyeux No\u00ebl, May\u00a0\u00bb, \u00ab\u00a0Zeke raconte des histoires\u00a0\u00bb ainsi que l&rsquo;atypique \u00ab\u00a0Une myst\u00e9rieuse m\u00e9lodie ou Comment Mickey rencontrera Minnie\u00a0\u00bb, un album de bande dessin\u00e9e enti\u00e8rement r\u00e9alis\u00e9 dans le style de Floyd Gottfredson, le plus l\u00e9gendaire des dessinateurs de \u00ab\u00a0Mickey Mouse\u00a0\u00bb, et autoris\u00e9 par Disney.<\/p>\n\n\n\n<p class=\"wp-block-paragraph\">En 2017, le Festival international de la bande dessin\u00e9e d&rsquo;Angoul\u00eame d\u00e9cerne \u00e0 Cosey le Grand Prix pour l&rsquo;ensemble de sa carri\u00e8re. Le <strong><a href=\"https:\/\/cartoonmuseum.ch\/ausstellungen\/cosey\" target=\"_blank\" rel=\"noreferrer noopener\">Cartoonmuseum de B\u00e2le<\/a><\/strong> rend hommage pour la premi\u00e8re fois dans l&rsquo;espace germanophone au travail de cet artiste maintes fois r\u00e9compens\u00e9 en lui consacrant une r\u00e9trospective qui comprend des dessins originaux, dont des pages du dernier et final volume de \u00ab\u00a0Jonathan\u00a0\u00bb, et des sources d&rsquo;inspiration telles que des photographies, des carnets de croquis et des films.<\/p>\n\n\n\n<p class=\"wp-block-paragraph\">L&rsquo;exposition dure jusqu&rsquo;au 26 f\u00e9vrier 2023.<\/p>\n<div id=\"crieu-1587665754\" class=\"crieu-apres-le-contenu crieu-entity-placement\" style=\"margin-left: auto;margin-right: auto;text-align: center;\"><script async src=\"\/\/pagead2.googlesyndication.com\/pagead\/js\/adsbygoogle.js?client=ca-pub-5271584769416742\" crossorigin=\"anonymous\"><\/script><ins class=\"adsbygoogle\" style=\"display:block;\" data-ad-client=\"ca-pub-5271584769416742\" \ndata-ad-slot=\"9321250718\" \ndata-ad-format=\"auto\"><\/ins>\n<script> \n(adsbygoogle = window.adsbygoogle || []).push({}); \n<\/script>\n<\/div>","protected":false},"excerpt":{"rendered":"<p>Le Cartoonmuseum de B\u00e2le rend hommage pour la premi\u00e8re fois dans l&rsquo;espace germanophone au travail de cet artiste lausannois maintes fois prim\u00e9 en lui consacrant une r\u00e9trospective. Dans la s\u00e9rie <a href=\"https:\/\/bale.ch\/journal\/le-bedeaste-cosey-celebre-au-cartoonmuseum-de-bale\/\" class=\"read-more button-fancy -red\"><span class=\"btn-arrow\"><\/span><span class=\"twp-read-more text\">Continuer la lecture<\/span><\/a><\/p>\n","protected":false},"author":2,"featured_media":3082,"comment_status":"closed","ping_status":"closed","sticky":false,"template":"","format":"standard","meta":{"footnotes":""},"categories":[103,11,7],"tags":[60,20,183,215],"class_list":["post-3081","post","type-post","status-publish","format-standard","has-post-thumbnail","hentry","category-actu","category-art","category-bale","tag-bale","tag-bande-dessinee","tag-cartoon-museum","tag-cosey"],"yoast_head":"<!-- This site is optimized with the Yoast SEO plugin v28.3 - https:\/\/yoast.com\/product\/yoast-seo-wordpress\/ -->\n<title>Le b\u00e9d\u00e9aste Cosey c\u00e9l\u00e9br\u00e9 au Cartoonmuseum de B\u00e2le - Journal de B\u00e2le et Gen\u00e8ve<\/title>\n<meta name=\"robots\" content=\"index, follow, max-snippet:-1, max-image-preview:large, max-video-preview:-1\" \/>\n<link rel=\"canonical\" href=\"https:\/\/bale.ch\/journal\/le-bedeaste-cosey-celebre-au-cartoonmuseum-de-bale\/\" \/>\n<meta property=\"og:locale\" content=\"fr_FR\" \/>\n<meta property=\"og:type\" content=\"article\" \/>\n<meta property=\"og:title\" content=\"Le b\u00e9d\u00e9aste Cosey c\u00e9l\u00e9br\u00e9 au Cartoonmuseum de B\u00e2le - Journal de B\u00e2le et Gen\u00e8ve\" \/>\n<meta property=\"og:description\" content=\"Le Cartoonmuseum de B\u00e2le rend hommage pour la premi\u00e8re fois dans l&rsquo;espace germanophone au travail de cet artiste lausannois maintes fois prim\u00e9 en lui consacrant une r\u00e9trospective. Dans la s\u00e9rie Continuer la lecture\" \/>\n<meta property=\"og:url\" content=\"https:\/\/bale.ch\/journal\/le-bedeaste-cosey-celebre-au-cartoonmuseum-de-bale\/\" \/>\n<meta property=\"og:site_name\" content=\"Journal de B\u00e2le et Gen\u00e8ve\" \/>\n<meta property=\"article:published_time\" content=\"2022-11-15T15:43:28+00:00\" \/>\n<meta property=\"article:modified_time\" content=\"2022-11-15T15:46:31+00:00\" \/>\n<meta property=\"og:image\" content=\"https:\/\/bale.ch\/journal\/wp-content\/uploads\/2022\/11\/cosey_cartoon_museum_bale_basel.jpg\" \/>\n\t<meta property=\"og:image:width\" content=\"900\" \/>\n\t<meta property=\"og:image:height\" content=\"484\" \/>\n\t<meta property=\"og:image:type\" content=\"image\/jpeg\" \/>\n<meta name=\"author\" content=\"La R\u00e9daction\" \/>\n<meta name=\"twitter:card\" content=\"summary_large_image\" \/>\n<meta name=\"twitter:label1\" content=\"\u00c9crit par\" \/>\n\t<meta name=\"twitter:data1\" content=\"La R\u00e9daction\" \/>\n\t<meta name=\"twitter:label2\" content=\"Dur\u00e9e de lecture estim\u00e9e\" \/>\n\t<meta name=\"twitter:data2\" content=\"2 minutes\" \/>\n<script type=\"application\/ld+json\" class=\"yoast-schema-graph\">{\"@context\":\"https:\\\/\\\/schema.org\",\"@graph\":[{\"@type\":\"Article\",\"@id\":\"https:\\\/\\\/bale.ch\\\/journal\\\/le-bedeaste-cosey-celebre-au-cartoonmuseum-de-bale\\\/#article\",\"isPartOf\":{\"@id\":\"https:\\\/\\\/bale.ch\\\/journal\\\/le-bedeaste-cosey-celebre-au-cartoonmuseum-de-bale\\\/\"},\"author\":{\"name\":\"La R\u00e9daction\",\"@id\":\"https:\\\/\\\/bale.ch\\\/journal\\\/#\\\/schema\\\/person\\\/03ced978db3b7a5274c5cef003f352f5\"},\"headline\":\"Le b\u00e9d\u00e9aste Cosey c\u00e9l\u00e9br\u00e9 au Cartoonmuseum de B\u00e2le\",\"datePublished\":\"2022-11-15T15:43:28+00:00\",\"dateModified\":\"2022-11-15T15:46:31+00:00\",\"mainEntityOfPage\":{\"@id\":\"https:\\\/\\\/bale.ch\\\/journal\\\/le-bedeaste-cosey-celebre-au-cartoonmuseum-de-bale\\\/\"},\"wordCount\":501,\"publisher\":{\"@id\":\"https:\\\/\\\/bale.ch\\\/journal\\\/#organization\"},\"image\":{\"@id\":\"https:\\\/\\\/bale.ch\\\/journal\\\/le-bedeaste-cosey-celebre-au-cartoonmuseum-de-bale\\\/#primaryimage\"},\"thumbnailUrl\":\"https:\\\/\\\/bale.ch\\\/journal\\\/wp-content\\\/uploads\\\/2022\\\/11\\\/cosey_cartoon_museum_bale_basel.jpg\",\"keywords\":[\"B\u00e2le\",\"bande dessin\u00e9e\",\"Cartoon Museum\",\"Cosey\"],\"articleSection\":[\"Actualit\u00e9s\",\"Art\",\"B\u00e2le Trinationale\"],\"inLanguage\":\"fr-FR\"},{\"@type\":\"WebPage\",\"@id\":\"https:\\\/\\\/bale.ch\\\/journal\\\/le-bedeaste-cosey-celebre-au-cartoonmuseum-de-bale\\\/\",\"url\":\"https:\\\/\\\/bale.ch\\\/journal\\\/le-bedeaste-cosey-celebre-au-cartoonmuseum-de-bale\\\/\",\"name\":\"Le b\u00e9d\u00e9aste Cosey c\u00e9l\u00e9br\u00e9 au Cartoonmuseum de B\u00e2le - Journal de B\u00e2le et Gen\u00e8ve\",\"isPartOf\":{\"@id\":\"https:\\\/\\\/bale.ch\\\/journal\\\/#website\"},\"primaryImageOfPage\":{\"@id\":\"https:\\\/\\\/bale.ch\\\/journal\\\/le-bedeaste-cosey-celebre-au-cartoonmuseum-de-bale\\\/#primaryimage\"},\"image\":{\"@id\":\"https:\\\/\\\/bale.ch\\\/journal\\\/le-bedeaste-cosey-celebre-au-cartoonmuseum-de-bale\\\/#primaryimage\"},\"thumbnailUrl\":\"https:\\\/\\\/bale.ch\\\/journal\\\/wp-content\\\/uploads\\\/2022\\\/11\\\/cosey_cartoon_museum_bale_basel.jpg\",\"datePublished\":\"2022-11-15T15:43:28+00:00\",\"dateModified\":\"2022-11-15T15:46:31+00:00\",\"breadcrumb\":{\"@id\":\"https:\\\/\\\/bale.ch\\\/journal\\\/le-bedeaste-cosey-celebre-au-cartoonmuseum-de-bale\\\/#breadcrumb\"},\"inLanguage\":\"fr-FR\",\"potentialAction\":[{\"@type\":\"ReadAction\",\"target\":[\"https:\\\/\\\/bale.ch\\\/journal\\\/le-bedeaste-cosey-celebre-au-cartoonmuseum-de-bale\\\/\"]}]},{\"@type\":\"ImageObject\",\"inLanguage\":\"fr-FR\",\"@id\":\"https:\\\/\\\/bale.ch\\\/journal\\\/le-bedeaste-cosey-celebre-au-cartoonmuseum-de-bale\\\/#primaryimage\",\"url\":\"https:\\\/\\\/bale.ch\\\/journal\\\/wp-content\\\/uploads\\\/2022\\\/11\\\/cosey_cartoon_museum_bale_basel.jpg\",\"contentUrl\":\"https:\\\/\\\/bale.ch\\\/journal\\\/wp-content\\\/uploads\\\/2022\\\/11\\\/cosey_cartoon_museum_bale_basel.jpg\",\"width\":900,\"height\":484},{\"@type\":\"BreadcrumbList\",\"@id\":\"https:\\\/\\\/bale.ch\\\/journal\\\/le-bedeaste-cosey-celebre-au-cartoonmuseum-de-bale\\\/#breadcrumb\",\"itemListElement\":[{\"@type\":\"ListItem\",\"position\":1,\"name\":\"Accueil\",\"item\":\"https:\\\/\\\/bale.ch\\\/journal\\\/\"},{\"@type\":\"ListItem\",\"position\":2,\"name\":\"Le b\u00e9d\u00e9aste Cosey c\u00e9l\u00e9br\u00e9 au Cartoonmuseum de B\u00e2le\"}]},{\"@type\":\"WebSite\",\"@id\":\"https:\\\/\\\/bale.ch\\\/journal\\\/#website\",\"url\":\"https:\\\/\\\/bale.ch\\\/journal\\\/\",\"name\":\"Journal de B\u00e2le et Gen\u00e8ve\",\"description\":\"M\u00e9dia transfrontalier d&#039;actualit\u00e9s - News\",\"publisher\":{\"@id\":\"https:\\\/\\\/bale.ch\\\/journal\\\/#organization\"},\"potentialAction\":[{\"@type\":\"SearchAction\",\"target\":{\"@type\":\"EntryPoint\",\"urlTemplate\":\"https:\\\/\\\/bale.ch\\\/journal\\\/?s={search_term_string}\"},\"query-input\":{\"@type\":\"PropertyValueSpecification\",\"valueRequired\":true,\"valueName\":\"search_term_string\"}}],\"inLanguage\":\"fr-FR\"},{\"@type\":\"Organization\",\"@id\":\"https:\\\/\\\/bale.ch\\\/journal\\\/#organization\",\"name\":\"Journal de B\u00e2le et Gen\u00e8ve\",\"url\":\"https:\\\/\\\/bale.ch\\\/journal\\\/\",\"logo\":{\"@type\":\"ImageObject\",\"inLanguage\":\"fr-FR\",\"@id\":\"https:\\\/\\\/bale.ch\\\/journal\\\/#\\\/schema\\\/logo\\\/image\\\/\",\"url\":\"https:\\\/\\\/bale.ch\\\/journal\\\/wp-content\\\/uploads\\\/2023\\\/07\\\/journaldebale_logo_2023_nb.png\",\"contentUrl\":\"https:\\\/\\\/bale.ch\\\/journal\\\/wp-content\\\/uploads\\\/2023\\\/07\\\/journaldebale_logo_2023_nb.png\",\"width\":371,\"height\":127,\"caption\":\"Journal de B\u00e2le et Gen\u00e8ve\"},\"image\":{\"@id\":\"https:\\\/\\\/bale.ch\\\/journal\\\/#\\\/schema\\\/logo\\\/image\\\/\"}},{\"@type\":\"Person\",\"@id\":\"https:\\\/\\\/bale.ch\\\/journal\\\/#\\\/schema\\\/person\\\/03ced978db3b7a5274c5cef003f352f5\",\"name\":\"La R\u00e9daction\",\"image\":{\"@type\":\"ImageObject\",\"inLanguage\":\"fr-FR\",\"@id\":\"https:\\\/\\\/secure.gravatar.com\\\/avatar\\\/d1327e2ce8d2b860112f968a3f34686c9bdda7a463a1502cdd1070ac9d88cf1e?s=96&d=mm&r=g\",\"url\":\"https:\\\/\\\/secure.gravatar.com\\\/avatar\\\/d1327e2ce8d2b860112f968a3f34686c9bdda7a463a1502cdd1070ac9d88cf1e?s=96&d=mm&r=g\",\"contentUrl\":\"https:\\\/\\\/secure.gravatar.com\\\/avatar\\\/d1327e2ce8d2b860112f968a3f34686c9bdda7a463a1502cdd1070ac9d88cf1e?s=96&d=mm&r=g\",\"caption\":\"La R\u00e9daction\"},\"url\":\"https:\\\/\\\/bale.ch\\\/journal\\\/author\\\/laredaction\\\/\"}]}<\/script>\n<!-- \/ Yoast SEO plugin. -->","yoast_head_json":{"title":"Le b\u00e9d\u00e9aste Cosey c\u00e9l\u00e9br\u00e9 au Cartoonmuseum de B\u00e2le - Journal de B\u00e2le et Gen\u00e8ve","robots":{"index":"index","follow":"follow","max-snippet":"max-snippet:-1","max-image-preview":"max-image-preview:large","max-video-preview":"max-video-preview:-1"},"canonical":"https:\/\/bale.ch\/journal\/le-bedeaste-cosey-celebre-au-cartoonmuseum-de-bale\/","og_locale":"fr_FR","og_type":"article","og_title":"Le b\u00e9d\u00e9aste Cosey c\u00e9l\u00e9br\u00e9 au Cartoonmuseum de B\u00e2le - Journal de B\u00e2le et Gen\u00e8ve","og_description":"Le Cartoonmuseum de B\u00e2le rend hommage pour la premi\u00e8re fois dans l&rsquo;espace germanophone au travail de cet artiste lausannois maintes fois prim\u00e9 en lui consacrant une r\u00e9trospective. Dans la s\u00e9rie Continuer la lecture","og_url":"https:\/\/bale.ch\/journal\/le-bedeaste-cosey-celebre-au-cartoonmuseum-de-bale\/","og_site_name":"Journal de B\u00e2le et Gen\u00e8ve","article_published_time":"2022-11-15T15:43:28+00:00","article_modified_time":"2022-11-15T15:46:31+00:00","og_image":[{"width":900,"height":484,"url":"https:\/\/bale.ch\/journal\/wp-content\/uploads\/2022\/11\/cosey_cartoon_museum_bale_basel.jpg","type":"image\/jpeg"}],"author":"La R\u00e9daction","twitter_card":"summary_large_image","twitter_misc":{"\u00c9crit par":"La R\u00e9daction","Dur\u00e9e de lecture estim\u00e9e":"2 minutes"},"schema":{"@context":"https:\/\/schema.org","@graph":[{"@type":"Article","@id":"https:\/\/bale.ch\/journal\/le-bedeaste-cosey-celebre-au-cartoonmuseum-de-bale\/#article","isPartOf":{"@id":"https:\/\/bale.ch\/journal\/le-bedeaste-cosey-celebre-au-cartoonmuseum-de-bale\/"},"author":{"name":"La R\u00e9daction","@id":"https:\/\/bale.ch\/journal\/#\/schema\/person\/03ced978db3b7a5274c5cef003f352f5"},"headline":"Le b\u00e9d\u00e9aste Cosey c\u00e9l\u00e9br\u00e9 au Cartoonmuseum de B\u00e2le","datePublished":"2022-11-15T15:43:28+00:00","dateModified":"2022-11-15T15:46:31+00:00","mainEntityOfPage":{"@id":"https:\/\/bale.ch\/journal\/le-bedeaste-cosey-celebre-au-cartoonmuseum-de-bale\/"},"wordCount":501,"publisher":{"@id":"https:\/\/bale.ch\/journal\/#organization"},"image":{"@id":"https:\/\/bale.ch\/journal\/le-bedeaste-cosey-celebre-au-cartoonmuseum-de-bale\/#primaryimage"},"thumbnailUrl":"https:\/\/bale.ch\/journal\/wp-content\/uploads\/2022\/11\/cosey_cartoon_museum_bale_basel.jpg","keywords":["B\u00e2le","bande dessin\u00e9e","Cartoon Museum","Cosey"],"articleSection":["Actualit\u00e9s","Art","B\u00e2le Trinationale"],"inLanguage":"fr-FR"},{"@type":"WebPage","@id":"https:\/\/bale.ch\/journal\/le-bedeaste-cosey-celebre-au-cartoonmuseum-de-bale\/","url":"https:\/\/bale.ch\/journal\/le-bedeaste-cosey-celebre-au-cartoonmuseum-de-bale\/","name":"Le b\u00e9d\u00e9aste Cosey c\u00e9l\u00e9br\u00e9 au Cartoonmuseum de B\u00e2le - Journal de B\u00e2le et Gen\u00e8ve","isPartOf":{"@id":"https:\/\/bale.ch\/journal\/#website"},"primaryImageOfPage":{"@id":"https:\/\/bale.ch\/journal\/le-bedeaste-cosey-celebre-au-cartoonmuseum-de-bale\/#primaryimage"},"image":{"@id":"https:\/\/bale.ch\/journal\/le-bedeaste-cosey-celebre-au-cartoonmuseum-de-bale\/#primaryimage"},"thumbnailUrl":"https:\/\/bale.ch\/journal\/wp-content\/uploads\/2022\/11\/cosey_cartoon_museum_bale_basel.jpg","datePublished":"2022-11-15T15:43:28+00:00","dateModified":"2022-11-15T15:46:31+00:00","breadcrumb":{"@id":"https:\/\/bale.ch\/journal\/le-bedeaste-cosey-celebre-au-cartoonmuseum-de-bale\/#breadcrumb"},"inLanguage":"fr-FR","potentialAction":[{"@type":"ReadAction","target":["https:\/\/bale.ch\/journal\/le-bedeaste-cosey-celebre-au-cartoonmuseum-de-bale\/"]}]},{"@type":"ImageObject","inLanguage":"fr-FR","@id":"https:\/\/bale.ch\/journal\/le-bedeaste-cosey-celebre-au-cartoonmuseum-de-bale\/#primaryimage","url":"https:\/\/bale.ch\/journal\/wp-content\/uploads\/2022\/11\/cosey_cartoon_museum_bale_basel.jpg","contentUrl":"https:\/\/bale.ch\/journal\/wp-content\/uploads\/2022\/11\/cosey_cartoon_museum_bale_basel.jpg","width":900,"height":484},{"@type":"BreadcrumbList","@id":"https:\/\/bale.ch\/journal\/le-bedeaste-cosey-celebre-au-cartoonmuseum-de-bale\/#breadcrumb","itemListElement":[{"@type":"ListItem","position":1,"name":"Accueil","item":"https:\/\/bale.ch\/journal\/"},{"@type":"ListItem","position":2,"name":"Le b\u00e9d\u00e9aste Cosey c\u00e9l\u00e9br\u00e9 au Cartoonmuseum de B\u00e2le"}]},{"@type":"WebSite","@id":"https:\/\/bale.ch\/journal\/#website","url":"https:\/\/bale.ch\/journal\/","name":"Journal de B\u00e2le et Gen\u00e8ve","description":"M\u00e9dia transfrontalier d&#039;actualit\u00e9s - News","publisher":{"@id":"https:\/\/bale.ch\/journal\/#organization"},"potentialAction":[{"@type":"SearchAction","target":{"@type":"EntryPoint","urlTemplate":"https:\/\/bale.ch\/journal\/?s={search_term_string}"},"query-input":{"@type":"PropertyValueSpecification","valueRequired":true,"valueName":"search_term_string"}}],"inLanguage":"fr-FR"},{"@type":"Organization","@id":"https:\/\/bale.ch\/journal\/#organization","name":"Journal de B\u00e2le et Gen\u00e8ve","url":"https:\/\/bale.ch\/journal\/","logo":{"@type":"ImageObject","inLanguage":"fr-FR","@id":"https:\/\/bale.ch\/journal\/#\/schema\/logo\/image\/","url":"https:\/\/bale.ch\/journal\/wp-content\/uploads\/2023\/07\/journaldebale_logo_2023_nb.png","contentUrl":"https:\/\/bale.ch\/journal\/wp-content\/uploads\/2023\/07\/journaldebale_logo_2023_nb.png","width":371,"height":127,"caption":"Journal de B\u00e2le et Gen\u00e8ve"},"image":{"@id":"https:\/\/bale.ch\/journal\/#\/schema\/logo\/image\/"}},{"@type":"Person","@id":"https:\/\/bale.ch\/journal\/#\/schema\/person\/03ced978db3b7a5274c5cef003f352f5","name":"La R\u00e9daction","image":{"@type":"ImageObject","inLanguage":"fr-FR","@id":"https:\/\/secure.gravatar.com\/avatar\/d1327e2ce8d2b860112f968a3f34686c9bdda7a463a1502cdd1070ac9d88cf1e?s=96&d=mm&r=g","url":"https:\/\/secure.gravatar.com\/avatar\/d1327e2ce8d2b860112f968a3f34686c9bdda7a463a1502cdd1070ac9d88cf1e?s=96&d=mm&r=g","contentUrl":"https:\/\/secure.gravatar.com\/avatar\/d1327e2ce8d2b860112f968a3f34686c9bdda7a463a1502cdd1070ac9d88cf1e?s=96&d=mm&r=g","caption":"La R\u00e9daction"},"url":"https:\/\/bale.ch\/journal\/author\/laredaction\/"}]}},"_links":{"self":[{"href":"https:\/\/bale.ch\/journal\/wp-json\/wp\/v2\/posts\/3081","targetHints":{"allow":["GET"]}}],"collection":[{"href":"https:\/\/bale.ch\/journal\/wp-json\/wp\/v2\/posts"}],"about":[{"href":"https:\/\/bale.ch\/journal\/wp-json\/wp\/v2\/types\/post"}],"author":[{"embeddable":true,"href":"https:\/\/bale.ch\/journal\/wp-json\/wp\/v2\/users\/2"}],"replies":[{"embeddable":true,"href":"https:\/\/bale.ch\/journal\/wp-json\/wp\/v2\/comments?post=3081"}],"version-history":[{"count":3,"href":"https:\/\/bale.ch\/journal\/wp-json\/wp\/v2\/posts\/3081\/revisions"}],"predecessor-version":[{"id":3085,"href":"https:\/\/bale.ch\/journal\/wp-json\/wp\/v2\/posts\/3081\/revisions\/3085"}],"wp:featuredmedia":[{"embeddable":true,"href":"https:\/\/bale.ch\/journal\/wp-json\/wp\/v2\/media\/3082"}],"wp:attachment":[{"href":"https:\/\/bale.ch\/journal\/wp-json\/wp\/v2\/media?parent=3081"}],"wp:term":[{"taxonomy":"category","embeddable":true,"href":"https:\/\/bale.ch\/journal\/wp-json\/wp\/v2\/categories?post=3081"},{"taxonomy":"post_tag","embeddable":true,"href":"https:\/\/bale.ch\/journal\/wp-json\/wp\/v2\/tags?post=3081"}],"curies":[{"name":"wp","href":"https:\/\/api.w.org\/{rel}","templated":true}]}}