{"id":3091,"date":"2023-01-18T21:53:15","date_gmt":"2023-01-18T21:53:15","guid":{"rendered":"http:\/\/bale.ch\/journal\/?p=3091"},"modified":"2026-05-12T17:14:58","modified_gmt":"2026-05-12T17:14:58","slug":"projet-dautoroute-du-chablais-savoyard-une-loi-de-circonstance-pour-passer-en-force","status":"publish","type":"post","link":"https:\/\/bale.ch\/journal\/projet-dautoroute-du-chablais-savoyard-une-loi-de-circonstance-pour-passer-en-force\/","title":{"rendered":"Autoroute du Chablais savoyard: une loi de circonstance pour passer en force"},"content":{"rendered":"\n<p class=\"wp-block-paragraph\"><strong>Deux s\u00e9nateurs savoyards ont d\u00e9pos\u00e9 au s\u00e9nat fran\u00e7ais un projet de loi, pour corriger l\u2019absence du trac\u00e9 Machilly-Thonon dans le plan local d&rsquo;urbanisme intercommunal <strong>(PLUi)<\/strong><\/strong> <strong>du Bas-Chablais. Une tentative de\u00a0r\u00e9gularisation contournant les proc\u00e9dures habituelles, notamment en terme d&rsquo;impact environnemental, d\u00e9nonc\u00e9e par les opposants au projet, r\u00e9unis sous la banni\u00e8re <em>\u00ab\u00a0Pour une autre politique des transports dans le Chablais\u00a0\u00bb<\/em>.<\/strong><\/p>\n\n\n\n<p class=\"wp-block-paragraph\">Dans leur<strong> <a rel=\"noreferrer noopener\" href=\"http:\/\/www.senat.fr\/leg\/exposes-des-motifs\/ppl22-028-expose.html\" target=\"_blank\">expos\u00e9 des motifs<\/a><\/strong>, les s\u00e9nateurs Cyril Pellevat et Sylviane No\u00ebl d\u00e9crivent le projet, d\u00e9clar\u00e9 \u00ab\u00a0d&rsquo;utilit\u00e9 publique\u00a0\u00bb en 2019, comme ayant pour vocation de<em> \u00ab\u00a0compl\u00e9ter l&rsquo;offre de transports, collectif comme individuel, du Chablais\u00a0\u00bb<\/em> et \u00e9tant <em>\u00ab\u00a0ancr\u00e9 dans la d\u00e9marche de transition \u00e9cologique, et exemplaire d&rsquo;un point de vue de son insertion environnementale\u00a0\u00bb<\/em>. Un point de vue contest\u00e9 notamment par l&rsquo;association de concertation et propositions sur les transports (ACPAT). Son co-pr\u00e9sident, Jean-Pierre Burnet, consid\u00e8re que voter une telle loi de circonstance serait un <em>\u00ab\u00a0d\u00e9ni de d\u00e9mocratie de la part de certains \u00e9lus de l&rsquo;agglom\u00e9ration\u00a0\u00bb<\/em> de Thonon-les-Bains, ajoutant qu&rsquo;un certain nombre ce ces derniers <em>\u00ab\u00a0n&rsquo;admettent pas que le passage d&rsquo;une r\u00e9vision d&rsquo;un PLUi pour y ajouter une autoroute qui avait \u00e9t\u00e9 judicieusement oubli\u00e9e lors de sa r\u00e9daction soit n\u00e9cessaire\u00a0\u00bb.<\/em><\/p>\n\n\n\n<p class=\"wp-block-paragraph\">Le collectif d\u2019opposition \u00e0 l\u2019autoroute rappelle que \u00ab&nbsp;<em>les lois sur l\u2019urbanisme sont cens\u00e9es \u00eatre les m\u00eames sur tout le territoire&nbsp;<\/em>[fran\u00e7ais]<em>, et les enqu\u00eates publiques qui ont lieu avant l\u2019adoption des PLUi et autres documents d\u2019urbanisme doivent fournir une information \u00e9clair\u00e9e au public, \u00e0 d\u00e9faut de voir les avis divergents r\u00e9ellement pris en compte&nbsp;\u00bb<\/em>. Le PLUi du Bas-Chablais, qui a \u00e9t\u00e9 adopt\u00e9 en f\u00e9vrier 2020, est un document d\u2019urbanisme qui d\u00e9termine les conditions d\u2019am\u00e9nagement et d\u2019utilisation des sols et a un caract\u00e8re obligatoire et opposable.&nbsp;<em>\u00ab&nbsp;Post\u00e9rieur \u00e0 la d\u00e9claration d\u2018utilit\u00e9 publique&nbsp;<\/em>[de l\u2019autoroute]<em>, il annule donc les mises en conformit\u00e9 et la r\u00e9servation de l\u2019ensemble des terrains concern\u00e9s par l\u2019autoroute ! Ainsi en d\u00e9cembre 2021, la Mission r\u00e9gionale d\u2019autorit\u00e9 environnementale d\u2019Auvergne-Rh\u00f4ne-Alpes r\u00e9v\u00e8le la non-conformit\u00e9 du PLUi et demande aux communes concern\u00e9es, en particulier l\u2019agglom\u00e9ration de Thonon-les-Bains, de le r\u00e9viser en cons\u00e9quence&nbsp;\u00bb<\/em>, ajoute-t-il.<\/p><div id=\"crieu-2701262185\" class=\"crieu-content crieu-entity-placement\"><script async src=\"\/\/pagead2.googlesyndication.com\/pagead\/js\/adsbygoogle.js?client=ca-pub-5271584769416742\" crossorigin=\"anonymous\"><\/script><ins class=\"adsbygoogle\" style=\"display:block;\" data-ad-client=\"ca-pub-5271584769416742\" \ndata-ad-slot=\"9321250718\" \ndata-ad-format=\"auto\"><\/ins>\n<script> \n(adsbygoogle = window.adsbygoogle || []).push({}); \n<\/script>\n<\/div>\n\n\n\n<p class=\"wp-block-paragraph\">Si la loi propos\u00e9e par les deux s\u00e9nateurs passe, ce serait un \u00e9norme gain de temps pour la concr\u00e9tisation de ce vieux serpent de mer. C&rsquo;est surtout <em>\u00ab\u00a0passer outre les proc\u00e9dures habituelles\u00a0\u00bb<\/em>, notamment en terme d&rsquo;impact environnemental. <em>\u00ab\u00a0Au-del\u00e0 de la grossi\u00e8ret\u00e9 de la man\u0153uvre et de la pi\u00e8tre image qu\u2019elle donne du sens de l\u2019int\u00e9r\u00eat g\u00e9n\u00e9ral et de l\u2019\u00e9tat de droit dans notre pays, il est urgent de r\u00e9orienter les transports dans le Chablais, \u00e0 l\u2019instar de nombre de nos territoires p\u00e9riurbains et ruraux, avec un autre projet politique : une politique qui favorise les transports en commun et qui en finisse avec le tout routier, une vision totalement obsol\u00e8te \u00e0 l\u2019heure de l\u2019urgence climatique absolue<\/em>\u00ab\u00a0, conclut le communiqu\u00e9. <\/p>\n\n\n\n<p class=\"wp-block-paragraph\"><strong>Entre carence de transports publics et destruction d&rsquo;espace agricoles et de biodiversit\u00e9<\/strong><\/p>\n\n\n\n<p class=\"wp-block-paragraph\">C\u2019est pour ces raisons, mais aussi pour \u00e9viter un effet d\u2019engorgement de leurs centres, que les villes de Gen\u00e8ve et Carouge ont fait recours contre ce projet&nbsp;<em>\u00ab&nbsp;d\u2019une autre \u00e9poque&nbsp;\u00bb<\/em>&nbsp;qui longe et fait concurrence \u00e0 la ligne du r\u00e9seau ferroviaire L\u00e9man Express. Elles se sont alli\u00e9es \u00e0 diff\u00e9rentes associations \u00e9cologistes, de chasseurs et \u00e0 un syndicat paysan. Mais les recours ont \u00e9t\u00e9 rapidement rejet\u00e9s par le Conseil d\u2019\u00e9tat fran\u00e7ais.<\/p>\n\n\n\n<p class=\"wp-block-paragraph\">Dans le Grand Gen\u00e8ve fran\u00e7ais, les transports publics vers la ville-centre se d\u00e9veloppent de mani\u00e8re plut\u00f4t efficace, surtout autour d\u2019Annemasse, mais souffrent d\u2019un sous-d\u00e9veloppement \u00e9vident du c\u00f4t\u00e9 de Chablais savoyard, o\u00f9 les \u00e9lus privil\u00e9gient toujours le d\u00e9veloppement autoroutier. L\u2019exemple le plus parlant est le fameux&nbsp;<em>\u00ab&nbsp;bus \u00e0 haut niveau de service&nbsp;\u00bb<\/em>&nbsp;qui aurait d\u00fb voir le jour en d\u00e9cembre 2019 sur l\u2019axe Gen\u00e8ve-Thonon et dont plus personne n\u2019ose avancer de nouvelle \u00e9ch\u00e9ance. Le bus de rabattement qui devait relier les communes lacustres \u00e0 la gare L\u00e9man Express de Perrignier, perdue entre for\u00eat et zone industrielle, devait quant \u00e0 lui \u00eatre mis en service fin 2022\u2026 On l\u2019attendra encore.<\/p>\n\n\n\n<p class=\"wp-block-paragraph\">Justifiant l&rsquo;utilit\u00e9 du projet d&rsquo;autoroute chablaisienne, le vice-pr\u00e9sident et responsable de l\u2019am\u00e9nagement du territoire du conseil d\u00e9partemental de la Haute-Savoie, Nicolas Rubin, d\u00e9clarait \u00e0 nos confr\u00e8res du <a rel=\"noreferrer noopener\" href=\"https:\/\/www.letemps.ch\/suisse\/cette-autoroute-menace-dernier-poumon-chablais-francais?fbclid=IwAR3NdcV_D1w78TyZXuCCoTXLqInVLTO7_bTyCtPXCmPjum62cqxpZhVRSjU\" target=\"_blank\"><strong>Temps<\/strong><\/a> le 13 janvier dernier: <em>\u00abSi le L\u00e9man Express r\u00e9pondait compl\u00e8tement aux attentes, nos communes ne seraient pas travers\u00e9es par des milliers de v\u00e9hicules\u00bb<\/em>. Ce \u00e0 quoi des usagers du L\u00e9man Express r\u00e9pondent sur un groupe facebook d\u00e9di\u00e9: <em>\u00ab\u00a0qu&rsquo;ils mettent plus de trains! Nous sommes serr\u00e9s comme des sardines aux heures de pointe. Doublez et modernisez la voie Evian-Annemasse. Faites un vrai transport efficace sur la <\/em>[route]<em> d\u00e9partementale 1005. Comment voulez-vous que les gens qui h\u00e9sitent abandonnent la voiture dans ces conditions?\u00a0\u00bb<\/em> Sur cette route, justement, selon une brochure du conseil d\u00e9partemental de la Haute-Savoie, le trafic diminuerait seulement de 2 \u00e0 10% avec l&rsquo;autoroute, ne pr\u00e9cisant pas si la forte croissance d\u00e9mographique annuelle est prise en compte. <\/p>\n\n\n\n<p class=\"wp-block-paragraph\">En attendant, les s\u00e9nateurs sont appel\u00e9s \u00e0 se prononcer sur le projet de loi le 31 janvier 2023.<\/p>\n<div id=\"crieu-469079526\" class=\"crieu-apres-le-contenu crieu-entity-placement\" style=\"margin-left: auto;margin-right: auto;text-align: center;\"><script async src=\"\/\/pagead2.googlesyndication.com\/pagead\/js\/adsbygoogle.js?client=ca-pub-5271584769416742\" crossorigin=\"anonymous\"><\/script><ins class=\"adsbygoogle\" style=\"display:block;\" data-ad-client=\"ca-pub-5271584769416742\" \ndata-ad-slot=\"9321250718\" \ndata-ad-format=\"auto\"><\/ins>\n<script> \n(adsbygoogle = window.adsbygoogle || []).push({}); \n<\/script>\n<\/div>","protected":false},"excerpt":{"rendered":"<p>Deux s\u00e9nateurs savoyards ont d\u00e9pos\u00e9 au s\u00e9nat fran\u00e7ais un projet de loi, pour corriger l\u2019absence du trac\u00e9 Machilly-Thonon dans le plan local d&rsquo;urbanisme intercommunal (PLUi) du Bas-Chablais. Une tentative de\u00a0r\u00e9gularisation <a href=\"https:\/\/bale.ch\/journal\/projet-dautoroute-du-chablais-savoyard-une-loi-de-circonstance-pour-passer-en-force\/\" class=\"read-more button-fancy -red\"><span class=\"btn-arrow\"><\/span><span class=\"twp-read-more text\">Continuer la lecture<\/span><\/a><\/p>\n","protected":false},"author":3,"featured_media":3095,"comment_status":"closed","ping_status":"closed","sticky":false,"template":"","format":"standard","meta":{"footnotes":""},"categories":[103,143,4],"tags":[233,64,59,73],"class_list":["post-3091","post","type-post","status-publish","format-standard","has-post-thumbnail","hentry","category-actu","category-ecologie","category-grand-geneve","tag-autoroute-a412","tag-chablais","tag-grand-geneve","tag-haute-savoie"],"yoast_head":"<!-- This site is optimized with the Yoast SEO plugin v28.3 - https:\/\/yoast.com\/product\/yoast-seo-wordpress\/ -->\n<title>Autoroute du Chablais savoyard: une loi de circonstance pour passer en force - Journal de B\u00e2le et Gen\u00e8ve<\/title>\n<meta name=\"robots\" content=\"index, follow, max-snippet:-1, max-image-preview:large, max-video-preview:-1\" \/>\n<link rel=\"canonical\" href=\"https:\/\/bale.ch\/journal\/projet-dautoroute-du-chablais-savoyard-une-loi-de-circonstance-pour-passer-en-force\/\" \/>\n<meta property=\"og:locale\" content=\"fr_FR\" \/>\n<meta property=\"og:type\" content=\"article\" \/>\n<meta property=\"og:title\" content=\"Autoroute du Chablais savoyard: une loi de circonstance pour passer en force - Journal de B\u00e2le et Gen\u00e8ve\" \/>\n<meta property=\"og:description\" content=\"Deux s\u00e9nateurs savoyards ont d\u00e9pos\u00e9 au s\u00e9nat fran\u00e7ais un projet de loi, pour corriger l\u2019absence du trac\u00e9 Machilly-Thonon dans le plan local d&rsquo;urbanisme intercommunal (PLUi) du Bas-Chablais. Une tentative de\u00a0r\u00e9gularisation Continuer la lecture\" \/>\n<meta property=\"og:url\" content=\"https:\/\/bale.ch\/journal\/projet-dautoroute-du-chablais-savoyard-une-loi-de-circonstance-pour-passer-en-force\/\" \/>\n<meta property=\"og:site_name\" content=\"Journal de B\u00e2le et Gen\u00e8ve\" \/>\n<meta property=\"article:published_time\" content=\"2023-01-18T21:53:15+00:00\" \/>\n<meta property=\"article:modified_time\" content=\"2026-05-12T17:14:58+00:00\" \/>\n<meta property=\"og:image\" content=\"https:\/\/bale.ch\/journal\/wp-content\/uploads\/2023\/01\/autoroute_machilly_thonon_chablais_geneve.jpg\" \/>\n\t<meta property=\"og:image:width\" content=\"900\" \/>\n\t<meta property=\"og:image:height\" content=\"484\" \/>\n\t<meta property=\"og:image:type\" content=\"image\/jpeg\" \/>\n<meta name=\"author\" content=\"Alban Lavy\" \/>\n<meta name=\"twitter:card\" content=\"summary_large_image\" \/>\n<meta name=\"twitter:label1\" content=\"\u00c9crit par\" \/>\n\t<meta name=\"twitter:data1\" content=\"Alban Lavy\" \/>\n\t<meta name=\"twitter:label2\" content=\"Dur\u00e9e de lecture estim\u00e9e\" \/>\n\t<meta name=\"twitter:data2\" content=\"5 minutes\" \/>\n<script type=\"application\/ld+json\" class=\"yoast-schema-graph\">{\"@context\":\"https:\\\/\\\/schema.org\",\"@graph\":[{\"@type\":\"Article\",\"@id\":\"https:\\\/\\\/bale.ch\\\/journal\\\/projet-dautoroute-du-chablais-savoyard-une-loi-de-circonstance-pour-passer-en-force\\\/#article\",\"isPartOf\":{\"@id\":\"https:\\\/\\\/bale.ch\\\/journal\\\/projet-dautoroute-du-chablais-savoyard-une-loi-de-circonstance-pour-passer-en-force\\\/\"},\"author\":{\"name\":\"Alban Lavy\",\"@id\":\"https:\\\/\\\/bale.ch\\\/journal\\\/#\\\/schema\\\/person\\\/41bc7f908af0ffea5e38b8c5702e5626\"},\"headline\":\"Autoroute du Chablais savoyard: une loi de circonstance pour passer en force\",\"datePublished\":\"2023-01-18T21:53:15+00:00\",\"dateModified\":\"2026-05-12T17:14:58+00:00\",\"mainEntityOfPage\":{\"@id\":\"https:\\\/\\\/bale.ch\\\/journal\\\/projet-dautoroute-du-chablais-savoyard-une-loi-de-circonstance-pour-passer-en-force\\\/\"},\"wordCount\":956,\"publisher\":{\"@id\":\"https:\\\/\\\/bale.ch\\\/journal\\\/#organization\"},\"image\":{\"@id\":\"https:\\\/\\\/bale.ch\\\/journal\\\/projet-dautoroute-du-chablais-savoyard-une-loi-de-circonstance-pour-passer-en-force\\\/#primaryimage\"},\"thumbnailUrl\":\"https:\\\/\\\/bale.ch\\\/journal\\\/wp-content\\\/uploads\\\/2023\\\/01\\\/autoroute_machilly_thonon_chablais_geneve.jpg\",\"keywords\":[\"Autoroute A412\",\"Chablais\",\"Grand Gen\u00e8ve\",\"Haute-Savoie\"],\"articleSection\":[\"Actualit\u00e9s\",\"Ecologie\",\"Grand Gen\u00e8ve\"],\"inLanguage\":\"fr-FR\"},{\"@type\":\"WebPage\",\"@id\":\"https:\\\/\\\/bale.ch\\\/journal\\\/projet-dautoroute-du-chablais-savoyard-une-loi-de-circonstance-pour-passer-en-force\\\/\",\"url\":\"https:\\\/\\\/bale.ch\\\/journal\\\/projet-dautoroute-du-chablais-savoyard-une-loi-de-circonstance-pour-passer-en-force\\\/\",\"name\":\"Autoroute du Chablais savoyard: une loi de circonstance pour passer en force - Journal de B\u00e2le et Gen\u00e8ve\",\"isPartOf\":{\"@id\":\"https:\\\/\\\/bale.ch\\\/journal\\\/#website\"},\"primaryImageOfPage\":{\"@id\":\"https:\\\/\\\/bale.ch\\\/journal\\\/projet-dautoroute-du-chablais-savoyard-une-loi-de-circonstance-pour-passer-en-force\\\/#primaryimage\"},\"image\":{\"@id\":\"https:\\\/\\\/bale.ch\\\/journal\\\/projet-dautoroute-du-chablais-savoyard-une-loi-de-circonstance-pour-passer-en-force\\\/#primaryimage\"},\"thumbnailUrl\":\"https:\\\/\\\/bale.ch\\\/journal\\\/wp-content\\\/uploads\\\/2023\\\/01\\\/autoroute_machilly_thonon_chablais_geneve.jpg\",\"datePublished\":\"2023-01-18T21:53:15+00:00\",\"dateModified\":\"2026-05-12T17:14:58+00:00\",\"breadcrumb\":{\"@id\":\"https:\\\/\\\/bale.ch\\\/journal\\\/projet-dautoroute-du-chablais-savoyard-une-loi-de-circonstance-pour-passer-en-force\\\/#breadcrumb\"},\"inLanguage\":\"fr-FR\",\"potentialAction\":[{\"@type\":\"ReadAction\",\"target\":[\"https:\\\/\\\/bale.ch\\\/journal\\\/projet-dautoroute-du-chablais-savoyard-une-loi-de-circonstance-pour-passer-en-force\\\/\"]}]},{\"@type\":\"ImageObject\",\"inLanguage\":\"fr-FR\",\"@id\":\"https:\\\/\\\/bale.ch\\\/journal\\\/projet-dautoroute-du-chablais-savoyard-une-loi-de-circonstance-pour-passer-en-force\\\/#primaryimage\",\"url\":\"https:\\\/\\\/bale.ch\\\/journal\\\/wp-content\\\/uploads\\\/2023\\\/01\\\/autoroute_machilly_thonon_chablais_geneve.jpg\",\"contentUrl\":\"https:\\\/\\\/bale.ch\\\/journal\\\/wp-content\\\/uploads\\\/2023\\\/01\\\/autoroute_machilly_thonon_chablais_geneve.jpg\",\"width\":900,\"height\":484},{\"@type\":\"BreadcrumbList\",\"@id\":\"https:\\\/\\\/bale.ch\\\/journal\\\/projet-dautoroute-du-chablais-savoyard-une-loi-de-circonstance-pour-passer-en-force\\\/#breadcrumb\",\"itemListElement\":[{\"@type\":\"ListItem\",\"position\":1,\"name\":\"Accueil\",\"item\":\"https:\\\/\\\/bale.ch\\\/journal\\\/\"},{\"@type\":\"ListItem\",\"position\":2,\"name\":\"Autoroute du Chablais savoyard: une loi de circonstance pour passer en force\"}]},{\"@type\":\"WebSite\",\"@id\":\"https:\\\/\\\/bale.ch\\\/journal\\\/#website\",\"url\":\"https:\\\/\\\/bale.ch\\\/journal\\\/\",\"name\":\"Journal de B\u00e2le et Gen\u00e8ve\",\"description\":\"M\u00e9dia transfrontalier d&#039;actualit\u00e9s - News\",\"publisher\":{\"@id\":\"https:\\\/\\\/bale.ch\\\/journal\\\/#organization\"},\"potentialAction\":[{\"@type\":\"SearchAction\",\"target\":{\"@type\":\"EntryPoint\",\"urlTemplate\":\"https:\\\/\\\/bale.ch\\\/journal\\\/?s={search_term_string}\"},\"query-input\":{\"@type\":\"PropertyValueSpecification\",\"valueRequired\":true,\"valueName\":\"search_term_string\"}}],\"inLanguage\":\"fr-FR\"},{\"@type\":\"Organization\",\"@id\":\"https:\\\/\\\/bale.ch\\\/journal\\\/#organization\",\"name\":\"Journal de B\u00e2le et Gen\u00e8ve\",\"url\":\"https:\\\/\\\/bale.ch\\\/journal\\\/\",\"logo\":{\"@type\":\"ImageObject\",\"inLanguage\":\"fr-FR\",\"@id\":\"https:\\\/\\\/bale.ch\\\/journal\\\/#\\\/schema\\\/logo\\\/image\\\/\",\"url\":\"https:\\\/\\\/bale.ch\\\/journal\\\/wp-content\\\/uploads\\\/2023\\\/07\\\/journaldebale_logo_2023_nb.png\",\"contentUrl\":\"https:\\\/\\\/bale.ch\\\/journal\\\/wp-content\\\/uploads\\\/2023\\\/07\\\/journaldebale_logo_2023_nb.png\",\"width\":371,\"height\":127,\"caption\":\"Journal de B\u00e2le et Gen\u00e8ve\"},\"image\":{\"@id\":\"https:\\\/\\\/bale.ch\\\/journal\\\/#\\\/schema\\\/logo\\\/image\\\/\"}},{\"@type\":\"Person\",\"@id\":\"https:\\\/\\\/bale.ch\\\/journal\\\/#\\\/schema\\\/person\\\/41bc7f908af0ffea5e38b8c5702e5626\",\"name\":\"Alban Lavy\",\"image\":{\"@type\":\"ImageObject\",\"inLanguage\":\"fr-FR\",\"@id\":\"https:\\\/\\\/secure.gravatar.com\\\/avatar\\\/4978c5bb7295400e15bebf9881bc4db7866592bc59ffa2f62511214a10f68804?s=96&d=mm&r=g\",\"url\":\"https:\\\/\\\/secure.gravatar.com\\\/avatar\\\/4978c5bb7295400e15bebf9881bc4db7866592bc59ffa2f62511214a10f68804?s=96&d=mm&r=g\",\"contentUrl\":\"https:\\\/\\\/secure.gravatar.com\\\/avatar\\\/4978c5bb7295400e15bebf9881bc4db7866592bc59ffa2f62511214a10f68804?s=96&d=mm&r=g\",\"caption\":\"Alban Lavy\"},\"sameAs\":[\"http:\\\/\\\/bale.ch\\\/administration\\\/zeitung\\\/albanlavy\\\/\"],\"url\":\"https:\\\/\\\/bale.ch\\\/journal\\\/author\\\/lavy\\\/\"}]}<\/script>\n<!-- \/ Yoast SEO plugin. -->","yoast_head_json":{"title":"Autoroute du Chablais savoyard: une loi de circonstance pour passer en force - Journal de B\u00e2le et Gen\u00e8ve","robots":{"index":"index","follow":"follow","max-snippet":"max-snippet:-1","max-image-preview":"max-image-preview:large","max-video-preview":"max-video-preview:-1"},"canonical":"https:\/\/bale.ch\/journal\/projet-dautoroute-du-chablais-savoyard-une-loi-de-circonstance-pour-passer-en-force\/","og_locale":"fr_FR","og_type":"article","og_title":"Autoroute du Chablais savoyard: une loi de circonstance pour passer en force - Journal de B\u00e2le et Gen\u00e8ve","og_description":"Deux s\u00e9nateurs savoyards ont d\u00e9pos\u00e9 au s\u00e9nat fran\u00e7ais un projet de loi, pour corriger l\u2019absence du trac\u00e9 Machilly-Thonon dans le plan local d&rsquo;urbanisme intercommunal (PLUi) du Bas-Chablais. Une tentative de\u00a0r\u00e9gularisation Continuer la lecture","og_url":"https:\/\/bale.ch\/journal\/projet-dautoroute-du-chablais-savoyard-une-loi-de-circonstance-pour-passer-en-force\/","og_site_name":"Journal de B\u00e2le et Gen\u00e8ve","article_published_time":"2023-01-18T21:53:15+00:00","article_modified_time":"2026-05-12T17:14:58+00:00","og_image":[{"width":900,"height":484,"url":"https:\/\/bale.ch\/journal\/wp-content\/uploads\/2023\/01\/autoroute_machilly_thonon_chablais_geneve.jpg","type":"image\/jpeg"}],"author":"Alban Lavy","twitter_card":"summary_large_image","twitter_misc":{"\u00c9crit par":"Alban Lavy","Dur\u00e9e de lecture estim\u00e9e":"5 minutes"},"schema":{"@context":"https:\/\/schema.org","@graph":[{"@type":"Article","@id":"https:\/\/bale.ch\/journal\/projet-dautoroute-du-chablais-savoyard-une-loi-de-circonstance-pour-passer-en-force\/#article","isPartOf":{"@id":"https:\/\/bale.ch\/journal\/projet-dautoroute-du-chablais-savoyard-une-loi-de-circonstance-pour-passer-en-force\/"},"author":{"name":"Alban Lavy","@id":"https:\/\/bale.ch\/journal\/#\/schema\/person\/41bc7f908af0ffea5e38b8c5702e5626"},"headline":"Autoroute du Chablais savoyard: une loi de circonstance pour passer en force","datePublished":"2023-01-18T21:53:15+00:00","dateModified":"2026-05-12T17:14:58+00:00","mainEntityOfPage":{"@id":"https:\/\/bale.ch\/journal\/projet-dautoroute-du-chablais-savoyard-une-loi-de-circonstance-pour-passer-en-force\/"},"wordCount":956,"publisher":{"@id":"https:\/\/bale.ch\/journal\/#organization"},"image":{"@id":"https:\/\/bale.ch\/journal\/projet-dautoroute-du-chablais-savoyard-une-loi-de-circonstance-pour-passer-en-force\/#primaryimage"},"thumbnailUrl":"https:\/\/bale.ch\/journal\/wp-content\/uploads\/2023\/01\/autoroute_machilly_thonon_chablais_geneve.jpg","keywords":["Autoroute A412","Chablais","Grand Gen\u00e8ve","Haute-Savoie"],"articleSection":["Actualit\u00e9s","Ecologie","Grand Gen\u00e8ve"],"inLanguage":"fr-FR"},{"@type":"WebPage","@id":"https:\/\/bale.ch\/journal\/projet-dautoroute-du-chablais-savoyard-une-loi-de-circonstance-pour-passer-en-force\/","url":"https:\/\/bale.ch\/journal\/projet-dautoroute-du-chablais-savoyard-une-loi-de-circonstance-pour-passer-en-force\/","name":"Autoroute du Chablais savoyard: une loi de circonstance pour passer en force - Journal de B\u00e2le et Gen\u00e8ve","isPartOf":{"@id":"https:\/\/bale.ch\/journal\/#website"},"primaryImageOfPage":{"@id":"https:\/\/bale.ch\/journal\/projet-dautoroute-du-chablais-savoyard-une-loi-de-circonstance-pour-passer-en-force\/#primaryimage"},"image":{"@id":"https:\/\/bale.ch\/journal\/projet-dautoroute-du-chablais-savoyard-une-loi-de-circonstance-pour-passer-en-force\/#primaryimage"},"thumbnailUrl":"https:\/\/bale.ch\/journal\/wp-content\/uploads\/2023\/01\/autoroute_machilly_thonon_chablais_geneve.jpg","datePublished":"2023-01-18T21:53:15+00:00","dateModified":"2026-05-12T17:14:58+00:00","breadcrumb":{"@id":"https:\/\/bale.ch\/journal\/projet-dautoroute-du-chablais-savoyard-une-loi-de-circonstance-pour-passer-en-force\/#breadcrumb"},"inLanguage":"fr-FR","potentialAction":[{"@type":"ReadAction","target":["https:\/\/bale.ch\/journal\/projet-dautoroute-du-chablais-savoyard-une-loi-de-circonstance-pour-passer-en-force\/"]}]},{"@type":"ImageObject","inLanguage":"fr-FR","@id":"https:\/\/bale.ch\/journal\/projet-dautoroute-du-chablais-savoyard-une-loi-de-circonstance-pour-passer-en-force\/#primaryimage","url":"https:\/\/bale.ch\/journal\/wp-content\/uploads\/2023\/01\/autoroute_machilly_thonon_chablais_geneve.jpg","contentUrl":"https:\/\/bale.ch\/journal\/wp-content\/uploads\/2023\/01\/autoroute_machilly_thonon_chablais_geneve.jpg","width":900,"height":484},{"@type":"BreadcrumbList","@id":"https:\/\/bale.ch\/journal\/projet-dautoroute-du-chablais-savoyard-une-loi-de-circonstance-pour-passer-en-force\/#breadcrumb","itemListElement":[{"@type":"ListItem","position":1,"name":"Accueil","item":"https:\/\/bale.ch\/journal\/"},{"@type":"ListItem","position":2,"name":"Autoroute du Chablais savoyard: une loi de circonstance pour passer en force"}]},{"@type":"WebSite","@id":"https:\/\/bale.ch\/journal\/#website","url":"https:\/\/bale.ch\/journal\/","name":"Journal de B\u00e2le et Gen\u00e8ve","description":"M\u00e9dia transfrontalier d&#039;actualit\u00e9s - News","publisher":{"@id":"https:\/\/bale.ch\/journal\/#organization"},"potentialAction":[{"@type":"SearchAction","target":{"@type":"EntryPoint","urlTemplate":"https:\/\/bale.ch\/journal\/?s={search_term_string}"},"query-input":{"@type":"PropertyValueSpecification","valueRequired":true,"valueName":"search_term_string"}}],"inLanguage":"fr-FR"},{"@type":"Organization","@id":"https:\/\/bale.ch\/journal\/#organization","name":"Journal de B\u00e2le et Gen\u00e8ve","url":"https:\/\/bale.ch\/journal\/","logo":{"@type":"ImageObject","inLanguage":"fr-FR","@id":"https:\/\/bale.ch\/journal\/#\/schema\/logo\/image\/","url":"https:\/\/bale.ch\/journal\/wp-content\/uploads\/2023\/07\/journaldebale_logo_2023_nb.png","contentUrl":"https:\/\/bale.ch\/journal\/wp-content\/uploads\/2023\/07\/journaldebale_logo_2023_nb.png","width":371,"height":127,"caption":"Journal de B\u00e2le et Gen\u00e8ve"},"image":{"@id":"https:\/\/bale.ch\/journal\/#\/schema\/logo\/image\/"}},{"@type":"Person","@id":"https:\/\/bale.ch\/journal\/#\/schema\/person\/41bc7f908af0ffea5e38b8c5702e5626","name":"Alban Lavy","image":{"@type":"ImageObject","inLanguage":"fr-FR","@id":"https:\/\/secure.gravatar.com\/avatar\/4978c5bb7295400e15bebf9881bc4db7866592bc59ffa2f62511214a10f68804?s=96&d=mm&r=g","url":"https:\/\/secure.gravatar.com\/avatar\/4978c5bb7295400e15bebf9881bc4db7866592bc59ffa2f62511214a10f68804?s=96&d=mm&r=g","contentUrl":"https:\/\/secure.gravatar.com\/avatar\/4978c5bb7295400e15bebf9881bc4db7866592bc59ffa2f62511214a10f68804?s=96&d=mm&r=g","caption":"Alban Lavy"},"sameAs":["http:\/\/bale.ch\/administration\/zeitung\/albanlavy\/"],"url":"https:\/\/bale.ch\/journal\/author\/lavy\/"}]}},"_links":{"self":[{"href":"https:\/\/bale.ch\/journal\/wp-json\/wp\/v2\/posts\/3091","targetHints":{"allow":["GET"]}}],"collection":[{"href":"https:\/\/bale.ch\/journal\/wp-json\/wp\/v2\/posts"}],"about":[{"href":"https:\/\/bale.ch\/journal\/wp-json\/wp\/v2\/types\/post"}],"author":[{"embeddable":true,"href":"https:\/\/bale.ch\/journal\/wp-json\/wp\/v2\/users\/3"}],"replies":[{"embeddable":true,"href":"https:\/\/bale.ch\/journal\/wp-json\/wp\/v2\/comments?post=3091"}],"version-history":[{"count":34,"href":"https:\/\/bale.ch\/journal\/wp-json\/wp\/v2\/posts\/3091\/revisions"}],"predecessor-version":[{"id":3984,"href":"https:\/\/bale.ch\/journal\/wp-json\/wp\/v2\/posts\/3091\/revisions\/3984"}],"wp:featuredmedia":[{"embeddable":true,"href":"https:\/\/bale.ch\/journal\/wp-json\/wp\/v2\/media\/3095"}],"wp:attachment":[{"href":"https:\/\/bale.ch\/journal\/wp-json\/wp\/v2\/media?parent=3091"}],"wp:term":[{"taxonomy":"category","embeddable":true,"href":"https:\/\/bale.ch\/journal\/wp-json\/wp\/v2\/categories?post=3091"},{"taxonomy":"post_tag","embeddable":true,"href":"https:\/\/bale.ch\/journal\/wp-json\/wp\/v2\/tags?post=3091"}],"curies":[{"name":"wp","href":"https:\/\/api.w.org\/{rel}","templated":true}]}}