{"id":31,"date":"2015-10-26T11:11:21","date_gmt":"2015-10-26T11:11:21","guid":{"rendered":"http:\/\/bale.ch\/journal\/?p=31"},"modified":"2016-07-22T09:23:38","modified_gmt":"2016-07-22T09:23:38","slug":"yakari-amerindiens-geneve","status":"publish","type":"post","link":"https:\/\/bale.ch\/journal\/yakari-amerindiens-geneve\/","title":{"rendered":"Yakari et les Am\u00e9rindiens \u00e0 la rencontre des L\u00e9maniques"},"content":{"rendered":"<div class=\"itemIntroText\">\n<p><strong><a href=\"https:\/\/bale.ch\/journal\/wp-content\/uploads\/2015\/10\/yakari_suisse_penthes.jpg\"><img loading=\"lazy\" decoding=\"async\" class=\"alignnone size-full wp-image-33\" src=\"https:\/\/bale.ch\/journal\/wp-content\/uploads\/2015\/10\/yakari_suisse_penthes.jpg\" alt=\"yakari_suisse_penthes\" width=\"900\" height=\"1292\" srcset=\"https:\/\/bale.ch\/journal\/wp-content\/uploads\/2015\/10\/yakari_suisse_penthes.jpg 900w, https:\/\/bale.ch\/journal\/wp-content\/uploads\/2015\/10\/yakari_suisse_penthes-209x300.jpg 209w, https:\/\/bale.ch\/journal\/wp-content\/uploads\/2015\/10\/yakari_suisse_penthes-713x1024.jpg 713w\" sizes=\"auto, (max-width: 900px) 100vw, 900px\" \/><\/a><\/p>\n<p>Exposition | Le Mus\u00e9e des Suisses dans le monde, situ\u00e9 dans le canton de Gen\u00e8ve, pr\u00e9sente une exposition centr\u00e9e sur le personnage de Yakari, petit am\u00e9rindien dont la premi\u00e8re bande dessin\u00e9e est parue en 1973. L&rsquo;occasion de red\u00e9couvrir ses auteurs, tout comme les peuples am\u00e9rindiens.<\/strong><\/p>\n<\/div>\n<p><!--more--><\/p>\n<div class=\"itemFullText\">\n<p>Le visiteur explore la civilisation des Indiens des plaines dont font partie les Sioux, la tribu de <a href=\"https:\/\/fr.wikipedia.org\/wiki\/Yakari\" target=\"_blank\">Yakari,<\/a> \u00e0 travaers une s\u00e9lection d&rsquo;objets issus de la culture mat\u00e9rielle des peuples am\u00e9rindiens. Ces artefacts sont li\u00e9s \u00e0 l&rsquo;image caricatur\u00e9e de ces peuples, des clich\u00e9s v\u00e9hicul\u00e9s notamment par les arts graphiques, dont la BD.<\/p>\n<p>On d\u00e9couvre le monde des <em>Native Americans<\/em> \u00e0 travers des dessins et gravures originales de Karl Bodmer, Rudolph Friedrich Kurz et Frank Feller, trois Suisses ayant explor\u00e9 l&rsquo;Am\u00e9rique du Nord au cours du XIXe si\u00e8cle et ayant rendu son \u00e2me \u00e0 une culture qui connutson cr\u00e9puscule quelques d\u00e9c\u00e9nies apr\u00e8s.<\/p>\n<p>On entame ensuite une aventure pleine de sensibilit\u00e9 dans l&rsquo;univers dessin\u00e9 de Yakari et de ses cr\u00e9ateurs. Avec une s\u00e9lection d&rsquo;une soixantaine de planches originales du dessinateur Derib et des explications donn\u00e9es par le sc\u00e9nariste Job, on d\u00e9couvre les mythes et les l\u00e9gendes am\u00e9rindiens \u00e0 travers les personnages bien connus comme le cheval petit Tonnerre, le totem \u00e9nigmatique Grand-Aigle, les castorsmalicieux ou encore le lapin magicien Nanabozo. Bref, une exposition ludique et \u00e9ducative.<\/p>\n<p><strong>L&rsquo;univers de Yakari<\/strong><\/p>\n<p>Cr\u00e9\u00e9 graphiquement en 1964 par le Vaudois <span class=\"st\">Claude de Ribaupierre alias <\/span>Derib, chez Peyo en Belgique, Yakari devient une BD en 1973 avec la complicit\u00e9 du Jurassien Job (Andr\u00e9 Jobin) pour le sc\u00e9nario. Un \u00e9l\u00e9ment particulier de Yakari est de n&rsquo;avoir jamais crois\u00e9 la route du colonisateur, et que la collection, bien que class\u00e9e dans les Western, n&rsquo;en est pas un.<\/p>\n<p>En quante-deux ans, Yakari est devenu un ph\u00e9nom\u00e8ne mondial, avec plusieurs millions d&rsquo;albums vendus, traduits en vingt-quatre langues dont le norv\u00e9gien, le catalan, le grec, le mandarin, l&rsquo;inuktitut (eskimo), l&rsquo;arabe ou le corse, avec deux s\u00e9ries diffus\u00e9es en Allemagne, en Bbelgique, au Canada, en France ou en Russie, avec une com\u00e9die musicale et un long m\u00e9trage en pr\u00e9paration.<\/p>\n<p><b>Exposition \u00abYakari, les Suisses \u00e0 la rencontre des Am\u00e9rindiens\u00bb, du 9 octobre 2015 au 31 janvier 2016, Ch\u00e2teau de Penthes, Mus\u00e9e des Suisses dans le monde, ch. de l\u2019Imp\u00e9ratrice 18 \u00e0 Pregny-Chamb\u00e9sy (GE). Mardi au dimanche, 10h \u00e0 18h. <a href=\"http:\/\/www.penthes.ch\" target=\"_blank\">www.penthes.ch<\/a><\/b><\/p>\n<\/div>\n<p>&nbsp;<\/p>\n<div id=\"crieu-1358327915\" class=\"crieu-apres-le-contenu crieu-entity-placement\" style=\"margin-left: auto;margin-right: auto;text-align: center;\"><script async src=\"\/\/pagead2.googlesyndication.com\/pagead\/js\/adsbygoogle.js?client=ca-pub-5271584769416742\" crossorigin=\"anonymous\"><\/script><ins class=\"adsbygoogle\" style=\"display:block;\" data-ad-client=\"ca-pub-5271584769416742\" \ndata-ad-slot=\"9321250718\" \ndata-ad-format=\"auto\"><\/ins>\n<script> \n(adsbygoogle = window.adsbygoogle || []).push({}); \n<\/script>\n<\/div>","protected":false},"excerpt":{"rendered":"<p>Exposition | Le Mus\u00e9e des Suisses dans le monde, situ\u00e9 dans le canton de Gen\u00e8ve, pr\u00e9sente une exposition centr\u00e9e sur le personnage de Yakari, petit am\u00e9rindien dont la premi\u00e8re bande <a href=\"https:\/\/bale.ch\/journal\/yakari-amerindiens-geneve\/\" class=\"read-more button-fancy -red\"><span class=\"btn-arrow\"><\/span><span class=\"twp-read-more text\">Continuer la lecture<\/span><\/a><\/p>\n","protected":false},"author":3,"featured_media":33,"comment_status":"open","ping_status":"closed","sticky":false,"template":"","format":"standard","meta":{"footnotes":""},"categories":[10,4,18],"tags":[20],"class_list":["post-31","post","type-post","status-publish","format-standard","has-post-thumbnail","hentry","category-culture","category-grand-geneve","category-sortir","tag-bande-dessinee"],"yoast_head":"<!-- This site is optimized with the Yoast SEO plugin v28.3 - https:\/\/yoast.com\/product\/yoast-seo-wordpress\/ -->\n<title>Yakari et les Am\u00e9rindiens \u00e0 la rencontre des L\u00e9maniques - Journal de B\u00e2le et Gen\u00e8ve<\/title>\n<meta name=\"robots\" content=\"index, follow, max-snippet:-1, max-image-preview:large, max-video-preview:-1\" \/>\n<link rel=\"canonical\" href=\"https:\/\/bale.ch\/journal\/yakari-amerindiens-geneve\/\" \/>\n<meta property=\"og:locale\" content=\"fr_FR\" \/>\n<meta property=\"og:type\" content=\"article\" \/>\n<meta property=\"og:title\" content=\"Yakari et les Am\u00e9rindiens \u00e0 la rencontre des L\u00e9maniques - Journal de B\u00e2le et Gen\u00e8ve\" \/>\n<meta property=\"og:description\" content=\"Exposition | Le Mus\u00e9e des Suisses dans le monde, situ\u00e9 dans le canton de Gen\u00e8ve, pr\u00e9sente une exposition centr\u00e9e sur le personnage de Yakari, petit am\u00e9rindien dont la premi\u00e8re bande Continuer la lecture\" \/>\n<meta property=\"og:url\" content=\"https:\/\/bale.ch\/journal\/yakari-amerindiens-geneve\/\" \/>\n<meta property=\"og:site_name\" content=\"Journal de B\u00e2le et Gen\u00e8ve\" \/>\n<meta property=\"article:published_time\" content=\"2015-10-26T11:11:21+00:00\" \/>\n<meta property=\"article:modified_time\" content=\"2016-07-22T09:23:38+00:00\" \/>\n<meta property=\"og:image\" content=\"https:\/\/bale.ch\/journal\/wp-content\/uploads\/2015\/10\/yakari_suisse_penthes.jpg\" \/>\n\t<meta property=\"og:image:width\" content=\"900\" \/>\n\t<meta property=\"og:image:height\" content=\"1292\" \/>\n\t<meta property=\"og:image:type\" content=\"image\/jpeg\" \/>\n<meta name=\"author\" content=\"Alban Lavy\" \/>\n<meta name=\"twitter:card\" content=\"summary_large_image\" \/>\n<meta name=\"twitter:label1\" content=\"\u00c9crit par\" \/>\n\t<meta name=\"twitter:data1\" content=\"Alban Lavy\" \/>\n\t<meta name=\"twitter:label2\" content=\"Dur\u00e9e de lecture estim\u00e9e\" \/>\n\t<meta name=\"twitter:data2\" content=\"2 minutes\" \/>\n<script type=\"application\/ld+json\" class=\"yoast-schema-graph\">{\"@context\":\"https:\\\/\\\/schema.org\",\"@graph\":[{\"@type\":\"Article\",\"@id\":\"https:\\\/\\\/bale.ch\\\/journal\\\/yakari-amerindiens-geneve\\\/#article\",\"isPartOf\":{\"@id\":\"https:\\\/\\\/bale.ch\\\/journal\\\/yakari-amerindiens-geneve\\\/\"},\"author\":{\"name\":\"Alban Lavy\",\"@id\":\"https:\\\/\\\/bale.ch\\\/journal\\\/#\\\/schema\\\/person\\\/41bc7f908af0ffea5e38b8c5702e5626\"},\"headline\":\"Yakari et les Am\u00e9rindiens \u00e0 la rencontre des L\u00e9maniques\",\"datePublished\":\"2015-10-26T11:11:21+00:00\",\"dateModified\":\"2016-07-22T09:23:38+00:00\",\"mainEntityOfPage\":{\"@id\":\"https:\\\/\\\/bale.ch\\\/journal\\\/yakari-amerindiens-geneve\\\/\"},\"wordCount\":437,\"commentCount\":0,\"publisher\":{\"@id\":\"https:\\\/\\\/bale.ch\\\/journal\\\/#organization\"},\"image\":{\"@id\":\"https:\\\/\\\/bale.ch\\\/journal\\\/yakari-amerindiens-geneve\\\/#primaryimage\"},\"thumbnailUrl\":\"https:\\\/\\\/bale.ch\\\/journal\\\/wp-content\\\/uploads\\\/2015\\\/10\\\/yakari_suisse_penthes.jpg\",\"keywords\":[\"bande dessin\u00e9e\"],\"articleSection\":[\"Culture\",\"Grand Gen\u00e8ve\",\"Sortir\"],\"inLanguage\":\"fr-FR\",\"potentialAction\":[{\"@type\":\"CommentAction\",\"name\":\"Comment\",\"target\":[\"https:\\\/\\\/bale.ch\\\/journal\\\/yakari-amerindiens-geneve\\\/#respond\"]}]},{\"@type\":\"WebPage\",\"@id\":\"https:\\\/\\\/bale.ch\\\/journal\\\/yakari-amerindiens-geneve\\\/\",\"url\":\"https:\\\/\\\/bale.ch\\\/journal\\\/yakari-amerindiens-geneve\\\/\",\"name\":\"Yakari et les Am\u00e9rindiens \u00e0 la rencontre des L\u00e9maniques - Journal de B\u00e2le et Gen\u00e8ve\",\"isPartOf\":{\"@id\":\"https:\\\/\\\/bale.ch\\\/journal\\\/#website\"},\"primaryImageOfPage\":{\"@id\":\"https:\\\/\\\/bale.ch\\\/journal\\\/yakari-amerindiens-geneve\\\/#primaryimage\"},\"image\":{\"@id\":\"https:\\\/\\\/bale.ch\\\/journal\\\/yakari-amerindiens-geneve\\\/#primaryimage\"},\"thumbnailUrl\":\"https:\\\/\\\/bale.ch\\\/journal\\\/wp-content\\\/uploads\\\/2015\\\/10\\\/yakari_suisse_penthes.jpg\",\"datePublished\":\"2015-10-26T11:11:21+00:00\",\"dateModified\":\"2016-07-22T09:23:38+00:00\",\"breadcrumb\":{\"@id\":\"https:\\\/\\\/bale.ch\\\/journal\\\/yakari-amerindiens-geneve\\\/#breadcrumb\"},\"inLanguage\":\"fr-FR\",\"potentialAction\":[{\"@type\":\"ReadAction\",\"target\":[\"https:\\\/\\\/bale.ch\\\/journal\\\/yakari-amerindiens-geneve\\\/\"]}]},{\"@type\":\"ImageObject\",\"inLanguage\":\"fr-FR\",\"@id\":\"https:\\\/\\\/bale.ch\\\/journal\\\/yakari-amerindiens-geneve\\\/#primaryimage\",\"url\":\"https:\\\/\\\/bale.ch\\\/journal\\\/wp-content\\\/uploads\\\/2015\\\/10\\\/yakari_suisse_penthes.jpg\",\"contentUrl\":\"https:\\\/\\\/bale.ch\\\/journal\\\/wp-content\\\/uploads\\\/2015\\\/10\\\/yakari_suisse_penthes.jpg\",\"width\":900,\"height\":1292},{\"@type\":\"BreadcrumbList\",\"@id\":\"https:\\\/\\\/bale.ch\\\/journal\\\/yakari-amerindiens-geneve\\\/#breadcrumb\",\"itemListElement\":[{\"@type\":\"ListItem\",\"position\":1,\"name\":\"Accueil\",\"item\":\"https:\\\/\\\/bale.ch\\\/journal\\\/\"},{\"@type\":\"ListItem\",\"position\":2,\"name\":\"Yakari et les Am\u00e9rindiens \u00e0 la rencontre des L\u00e9maniques\"}]},{\"@type\":\"WebSite\",\"@id\":\"https:\\\/\\\/bale.ch\\\/journal\\\/#website\",\"url\":\"https:\\\/\\\/bale.ch\\\/journal\\\/\",\"name\":\"Journal de B\u00e2le et Gen\u00e8ve\",\"description\":\"M\u00e9dia transfrontalier d&#039;actualit\u00e9s - News\",\"publisher\":{\"@id\":\"https:\\\/\\\/bale.ch\\\/journal\\\/#organization\"},\"potentialAction\":[{\"@type\":\"SearchAction\",\"target\":{\"@type\":\"EntryPoint\",\"urlTemplate\":\"https:\\\/\\\/bale.ch\\\/journal\\\/?s={search_term_string}\"},\"query-input\":{\"@type\":\"PropertyValueSpecification\",\"valueRequired\":true,\"valueName\":\"search_term_string\"}}],\"inLanguage\":\"fr-FR\"},{\"@type\":\"Organization\",\"@id\":\"https:\\\/\\\/bale.ch\\\/journal\\\/#organization\",\"name\":\"Journal de B\u00e2le et Gen\u00e8ve\",\"url\":\"https:\\\/\\\/bale.ch\\\/journal\\\/\",\"logo\":{\"@type\":\"ImageObject\",\"inLanguage\":\"fr-FR\",\"@id\":\"https:\\\/\\\/bale.ch\\\/journal\\\/#\\\/schema\\\/logo\\\/image\\\/\",\"url\":\"https:\\\/\\\/bale.ch\\\/journal\\\/wp-content\\\/uploads\\\/2023\\\/07\\\/journaldebale_logo_2023_nb.png\",\"contentUrl\":\"https:\\\/\\\/bale.ch\\\/journal\\\/wp-content\\\/uploads\\\/2023\\\/07\\\/journaldebale_logo_2023_nb.png\",\"width\":371,\"height\":127,\"caption\":\"Journal de B\u00e2le et Gen\u00e8ve\"},\"image\":{\"@id\":\"https:\\\/\\\/bale.ch\\\/journal\\\/#\\\/schema\\\/logo\\\/image\\\/\"}},{\"@type\":\"Person\",\"@id\":\"https:\\\/\\\/bale.ch\\\/journal\\\/#\\\/schema\\\/person\\\/41bc7f908af0ffea5e38b8c5702e5626\",\"name\":\"Alban Lavy\",\"image\":{\"@type\":\"ImageObject\",\"inLanguage\":\"fr-FR\",\"@id\":\"https:\\\/\\\/secure.gravatar.com\\\/avatar\\\/4978c5bb7295400e15bebf9881bc4db7866592bc59ffa2f62511214a10f68804?s=96&d=mm&r=g\",\"url\":\"https:\\\/\\\/secure.gravatar.com\\\/avatar\\\/4978c5bb7295400e15bebf9881bc4db7866592bc59ffa2f62511214a10f68804?s=96&d=mm&r=g\",\"contentUrl\":\"https:\\\/\\\/secure.gravatar.com\\\/avatar\\\/4978c5bb7295400e15bebf9881bc4db7866592bc59ffa2f62511214a10f68804?s=96&d=mm&r=g\",\"caption\":\"Alban Lavy\"},\"sameAs\":[\"http:\\\/\\\/bale.ch\\\/administration\\\/zeitung\\\/albanlavy\\\/\"],\"url\":\"https:\\\/\\\/bale.ch\\\/journal\\\/author\\\/lavy\\\/\"}]}<\/script>\n<!-- \/ Yoast SEO plugin. -->","yoast_head_json":{"title":"Yakari et les Am\u00e9rindiens \u00e0 la rencontre des L\u00e9maniques - Journal de B\u00e2le et Gen\u00e8ve","robots":{"index":"index","follow":"follow","max-snippet":"max-snippet:-1","max-image-preview":"max-image-preview:large","max-video-preview":"max-video-preview:-1"},"canonical":"https:\/\/bale.ch\/journal\/yakari-amerindiens-geneve\/","og_locale":"fr_FR","og_type":"article","og_title":"Yakari et les Am\u00e9rindiens \u00e0 la rencontre des L\u00e9maniques - Journal de B\u00e2le et Gen\u00e8ve","og_description":"Exposition | Le Mus\u00e9e des Suisses dans le monde, situ\u00e9 dans le canton de Gen\u00e8ve, pr\u00e9sente une exposition centr\u00e9e sur le personnage de Yakari, petit am\u00e9rindien dont la premi\u00e8re bande Continuer la lecture","og_url":"https:\/\/bale.ch\/journal\/yakari-amerindiens-geneve\/","og_site_name":"Journal de B\u00e2le et Gen\u00e8ve","article_published_time":"2015-10-26T11:11:21+00:00","article_modified_time":"2016-07-22T09:23:38+00:00","og_image":[{"width":900,"height":1292,"url":"https:\/\/bale.ch\/journal\/wp-content\/uploads\/2015\/10\/yakari_suisse_penthes.jpg","type":"image\/jpeg"}],"author":"Alban Lavy","twitter_card":"summary_large_image","twitter_misc":{"\u00c9crit par":"Alban Lavy","Dur\u00e9e de lecture estim\u00e9e":"2 minutes"},"schema":{"@context":"https:\/\/schema.org","@graph":[{"@type":"Article","@id":"https:\/\/bale.ch\/journal\/yakari-amerindiens-geneve\/#article","isPartOf":{"@id":"https:\/\/bale.ch\/journal\/yakari-amerindiens-geneve\/"},"author":{"name":"Alban Lavy","@id":"https:\/\/bale.ch\/journal\/#\/schema\/person\/41bc7f908af0ffea5e38b8c5702e5626"},"headline":"Yakari et les Am\u00e9rindiens \u00e0 la rencontre des L\u00e9maniques","datePublished":"2015-10-26T11:11:21+00:00","dateModified":"2016-07-22T09:23:38+00:00","mainEntityOfPage":{"@id":"https:\/\/bale.ch\/journal\/yakari-amerindiens-geneve\/"},"wordCount":437,"commentCount":0,"publisher":{"@id":"https:\/\/bale.ch\/journal\/#organization"},"image":{"@id":"https:\/\/bale.ch\/journal\/yakari-amerindiens-geneve\/#primaryimage"},"thumbnailUrl":"https:\/\/bale.ch\/journal\/wp-content\/uploads\/2015\/10\/yakari_suisse_penthes.jpg","keywords":["bande dessin\u00e9e"],"articleSection":["Culture","Grand Gen\u00e8ve","Sortir"],"inLanguage":"fr-FR","potentialAction":[{"@type":"CommentAction","name":"Comment","target":["https:\/\/bale.ch\/journal\/yakari-amerindiens-geneve\/#respond"]}]},{"@type":"WebPage","@id":"https:\/\/bale.ch\/journal\/yakari-amerindiens-geneve\/","url":"https:\/\/bale.ch\/journal\/yakari-amerindiens-geneve\/","name":"Yakari et les Am\u00e9rindiens \u00e0 la rencontre des L\u00e9maniques - Journal de B\u00e2le et Gen\u00e8ve","isPartOf":{"@id":"https:\/\/bale.ch\/journal\/#website"},"primaryImageOfPage":{"@id":"https:\/\/bale.ch\/journal\/yakari-amerindiens-geneve\/#primaryimage"},"image":{"@id":"https:\/\/bale.ch\/journal\/yakari-amerindiens-geneve\/#primaryimage"},"thumbnailUrl":"https:\/\/bale.ch\/journal\/wp-content\/uploads\/2015\/10\/yakari_suisse_penthes.jpg","datePublished":"2015-10-26T11:11:21+00:00","dateModified":"2016-07-22T09:23:38+00:00","breadcrumb":{"@id":"https:\/\/bale.ch\/journal\/yakari-amerindiens-geneve\/#breadcrumb"},"inLanguage":"fr-FR","potentialAction":[{"@type":"ReadAction","target":["https:\/\/bale.ch\/journal\/yakari-amerindiens-geneve\/"]}]},{"@type":"ImageObject","inLanguage":"fr-FR","@id":"https:\/\/bale.ch\/journal\/yakari-amerindiens-geneve\/#primaryimage","url":"https:\/\/bale.ch\/journal\/wp-content\/uploads\/2015\/10\/yakari_suisse_penthes.jpg","contentUrl":"https:\/\/bale.ch\/journal\/wp-content\/uploads\/2015\/10\/yakari_suisse_penthes.jpg","width":900,"height":1292},{"@type":"BreadcrumbList","@id":"https:\/\/bale.ch\/journal\/yakari-amerindiens-geneve\/#breadcrumb","itemListElement":[{"@type":"ListItem","position":1,"name":"Accueil","item":"https:\/\/bale.ch\/journal\/"},{"@type":"ListItem","position":2,"name":"Yakari et les Am\u00e9rindiens \u00e0 la rencontre des L\u00e9maniques"}]},{"@type":"WebSite","@id":"https:\/\/bale.ch\/journal\/#website","url":"https:\/\/bale.ch\/journal\/","name":"Journal de B\u00e2le et Gen\u00e8ve","description":"M\u00e9dia transfrontalier d&#039;actualit\u00e9s - News","publisher":{"@id":"https:\/\/bale.ch\/journal\/#organization"},"potentialAction":[{"@type":"SearchAction","target":{"@type":"EntryPoint","urlTemplate":"https:\/\/bale.ch\/journal\/?s={search_term_string}"},"query-input":{"@type":"PropertyValueSpecification","valueRequired":true,"valueName":"search_term_string"}}],"inLanguage":"fr-FR"},{"@type":"Organization","@id":"https:\/\/bale.ch\/journal\/#organization","name":"Journal de B\u00e2le et Gen\u00e8ve","url":"https:\/\/bale.ch\/journal\/","logo":{"@type":"ImageObject","inLanguage":"fr-FR","@id":"https:\/\/bale.ch\/journal\/#\/schema\/logo\/image\/","url":"https:\/\/bale.ch\/journal\/wp-content\/uploads\/2023\/07\/journaldebale_logo_2023_nb.png","contentUrl":"https:\/\/bale.ch\/journal\/wp-content\/uploads\/2023\/07\/journaldebale_logo_2023_nb.png","width":371,"height":127,"caption":"Journal de B\u00e2le et Gen\u00e8ve"},"image":{"@id":"https:\/\/bale.ch\/journal\/#\/schema\/logo\/image\/"}},{"@type":"Person","@id":"https:\/\/bale.ch\/journal\/#\/schema\/person\/41bc7f908af0ffea5e38b8c5702e5626","name":"Alban Lavy","image":{"@type":"ImageObject","inLanguage":"fr-FR","@id":"https:\/\/secure.gravatar.com\/avatar\/4978c5bb7295400e15bebf9881bc4db7866592bc59ffa2f62511214a10f68804?s=96&d=mm&r=g","url":"https:\/\/secure.gravatar.com\/avatar\/4978c5bb7295400e15bebf9881bc4db7866592bc59ffa2f62511214a10f68804?s=96&d=mm&r=g","contentUrl":"https:\/\/secure.gravatar.com\/avatar\/4978c5bb7295400e15bebf9881bc4db7866592bc59ffa2f62511214a10f68804?s=96&d=mm&r=g","caption":"Alban Lavy"},"sameAs":["http:\/\/bale.ch\/administration\/zeitung\/albanlavy\/"],"url":"https:\/\/bale.ch\/journal\/author\/lavy\/"}]}},"_links":{"self":[{"href":"https:\/\/bale.ch\/journal\/wp-json\/wp\/v2\/posts\/31","targetHints":{"allow":["GET"]}}],"collection":[{"href":"https:\/\/bale.ch\/journal\/wp-json\/wp\/v2\/posts"}],"about":[{"href":"https:\/\/bale.ch\/journal\/wp-json\/wp\/v2\/types\/post"}],"author":[{"embeddable":true,"href":"https:\/\/bale.ch\/journal\/wp-json\/wp\/v2\/users\/3"}],"replies":[{"embeddable":true,"href":"https:\/\/bale.ch\/journal\/wp-json\/wp\/v2\/comments?post=31"}],"version-history":[{"count":6,"href":"https:\/\/bale.ch\/journal\/wp-json\/wp\/v2\/posts\/31\/revisions"}],"predecessor-version":[{"id":634,"href":"https:\/\/bale.ch\/journal\/wp-json\/wp\/v2\/posts\/31\/revisions\/634"}],"wp:featuredmedia":[{"embeddable":true,"href":"https:\/\/bale.ch\/journal\/wp-json\/wp\/v2\/media\/33"}],"wp:attachment":[{"href":"https:\/\/bale.ch\/journal\/wp-json\/wp\/v2\/media?parent=31"}],"wp:term":[{"taxonomy":"category","embeddable":true,"href":"https:\/\/bale.ch\/journal\/wp-json\/wp\/v2\/categories?post=31"},{"taxonomy":"post_tag","embeddable":true,"href":"https:\/\/bale.ch\/journal\/wp-json\/wp\/v2\/tags?post=31"}],"curies":[{"name":"wp","href":"https:\/\/api.w.org\/{rel}","templated":true}]}}