{"id":3119,"date":"2023-01-22T12:44:12","date_gmt":"2023-01-22T12:44:12","guid":{"rendered":"http:\/\/bale.ch\/journal\/?p=3119"},"modified":"2026-09-01T19:05:45","modified_gmt":"2026-09-01T19:05:45","slug":"ecologistes-disparus-au-mexique-les-familles-accusent-une-societe-miniere","status":"publish","type":"post","link":"https:\/\/bale.ch\/journal\/ecologistes-disparus-au-mexique-les-familles-accusent-une-societe-miniere\/","title":{"rendered":"\u00c9cologistes disparus au Mexique: les familles accusent une soci\u00e9t\u00e9 mini\u00e8re"},"content":{"rendered":"\n<p class=\"wp-block-paragraph\"><strong>Deux \u00e9cologistes mexicains sont port\u00e9s disparus depuis le 15 janvier. Leurs familles pointent du doigt la soci\u00e9t\u00e9 mini\u00e8re multinationale Ternium qui, selon eux, est responsable de la destruction de l&rsquo;environnement et de la violence dans leur communaut\u00e9, et pourrait avoir des liens avec les criminels qui ont enlev\u00e9 leurs proches.<\/strong><\/p>\n\n\n\n<p class=\"wp-block-paragraph\">Ricardo Arturo Lagunes Gasca, 41 ans, avocat renomm\u00e9 des droits de l&rsquo;homme, et Antonio D\u00edaz Valencia, 71 ans, chef de la communaut\u00e9 indig\u00e8ne Aquila dans l&rsquo;\u00c9tat de Michoac\u00e1n, ont \u00e9t\u00e9 vu pour  la derni\u00e8re fois dimanche soir&nbsp;apr\u00e8s avoir assist\u00e9 \u00e0 une r\u00e9union du comit\u00e9 anti-mines.<\/p>\n\n\n\n<p class=\"wp-block-paragraph\"><em>\u00abAux institutions \u00e9tatiques et f\u00e9d\u00e9rales, en plus de localiser rapidement Ricardo Lagunes et Don Antonio D\u00edaz, il leur appartient de r\u00e9soudre cette situation \u00e0 partir de ses causes structurelles.&nbsp;L&rsquo;abandon, l&rsquo;exclusion et l&rsquo;in\u00e9galit\u00e9 qui maintiennent nos communaut\u00e9s dans la pauvret\u00e9 nous rendent vuln\u00e9rables aux dynamiques de violence et \u00e0 la d\u00e9t\u00e9rioration de nos territoires \u00bb<\/em>, a d\u00e9clar\u00e9 Mar\u00eda Ram\u00edrez, \u00e9pouse de l&rsquo;avocat disparu, lors d&rsquo;une conf\u00e9rence de presse.<\/p><div id=\"crieu-2822655344\" class=\"crieu-content crieu-entity-placement\"><script async src=\"\/\/pagead2.googlesyndication.com\/pagead\/js\/adsbygoogle.js?client=ca-pub-5271584769416742\" crossorigin=\"anonymous\"><\/script><ins class=\"adsbygoogle\" style=\"display:block;\" data-ad-client=\"ca-pub-5271584769416742\" \ndata-ad-slot=\"9321250718\" \ndata-ad-format=\"auto\"><\/ins>\n<script> \n(adsbygoogle = window.adsbygoogle || []).push({}); \n<\/script>\n<\/div>\n\n\n\n<p class=\"wp-block-paragraph\"><strong>V\u00e9hicule cribl\u00e9 de balles<\/strong><\/p>\n\n\n\n<p class=\"wp-block-paragraph\">Les deux militants, qui luttaient contre les projets miniers de la soci\u00e9t\u00e9 Ternium, ont disparu apr\u00e8s une r\u00e9union \u00e0 Aquila alors qu&rsquo;ils se dirigeaient dans l&rsquo;\u00e9tat voisin de Colima. Selon des t\u00e9moins, ils auraient \u00e9t\u00e9 suivis par des hommes en voiture et motos. La camionnette blanche dans laquelle ils voyageaient a \u00e9t\u00e9 retrouv\u00e9e abandonn\u00e9e sur le bord d&rsquo;une autoroute cribl\u00e9e de balles mais sans traces de sang. <em>\u00ab\u00a0Les tueurs \u00e0 gages attendaient le bon moment.&nbsp;Ils avaient menac\u00e9 le professeur [D\u00edaz] et l&rsquo;avocat [Lagunes] dans le pass\u00e9 et nous avaient dit que nous \u00e9tions cinq sur leur liste\u00a0\u00bb&nbsp;<\/em>a d\u00e9clar\u00e9 Jos\u00e9 Rodriguez, un membre de la communaut\u00e9, dont le nom a \u00e9t\u00e9 chang\u00e9 pour le prot\u00e9ger des repr\u00e9sailles.<\/p>\n\n\n\n<p class=\"wp-block-paragraph\"><strong>L&rsquo;environnement et le tissu social sont affect\u00e9s<\/strong><\/p>\n\n\n\n<p class=\"wp-block-paragraph\"><em>\u00ab\u00a0L&rsquo;entreprise est l&rsquo;un des acteurs les plus puissants de la r\u00e9gion, et ses op\u00e9rations ont non seulement affect\u00e9 l&rsquo;environnement mais aussi le tissu social, g\u00e9n\u00e9rant des conflits et de la violence.&nbsp;L&rsquo;entreprise entretient des relations avec diff\u00e9rents groupes locaux et \u00e9ventuellement avec les auteurs de cette disparition.&nbsp;Nous appelons \u00e0 une enqu\u00eate compl\u00e8te et \u00e0 l&rsquo;entreprise pour qu&rsquo;elle nous aide \u00e0 retrouver mon fr\u00e8re et Antonio en vie\u00a0\u00bb<\/em>, a encore d\u00e9clar\u00e9 Luc\u00eda Lagunes.<\/p>\n\n\n\n<p class=\"wp-block-paragraph\">Juli\u00e1n V\u00e1zquez Guzm\u00e1n, membre de la D\u00e9fense L\u00e9gale, a indiqu\u00e9 que <em>\u00ab\u00a0des m\u00e9gaprojets \u00e0 grande \u00e9chelle ont \u00e9t\u00e9 impos\u00e9s sur le territoire des communaut\u00e9s indig\u00e8nes, implantant des tensions \u00e9conomico-politiques, comme c&rsquo;est le cas de la communaut\u00e9 Nahua de Aquila, Michoac\u00e1n\u00a0\u00bb<\/em>, o\u00f9 les entreprises <em>\u00ab\u00a0ont tent\u00e9 d&rsquo;imposer leurs r\u00e8gles par de multiples strat\u00e9gies\u00a0\u00bb<\/em>. Il poursuit: <em>\u00ab\u00a0Dans ce contexte, la violence contre les d\u00e9fenseurs fait partie de la violence syst\u00e9matique exerc\u00e9e par les pouvoirs \u00e9tatiques qui ne garantit pas l&rsquo;autod\u00e9termination des peuples et, au contraire, entrave la d\u00e9fense des peuples par le biais de tribunaux agraires lents soumis \u00e0 la pression de entreprises extractivistes, comme dans le cas du tribunal agraire n\u00b0 38 de Colima.\u00a0\u00bb<\/em> <\/p>\n\n\n\n<p class=\"wp-block-paragraph\">La situation est complexe et la communaut\u00e9 est divis\u00e9e.&nbsp;Les groupes communautaires anti-mines exigent que Ternium Mexico respecte les promesses financi\u00e8res, sociales et d&rsquo;infrastructure faites en 2012. Ils tentent \u00e9galement d&rsquo;arr\u00eater un nouveau projet minier de minerai de fer et d&rsquo;autres m\u00e9taux, qui, selon eux, n&rsquo;a pas \u00e9t\u00e9 autoris\u00e9.<\/p>\n\n\n\n<p class=\"wp-block-paragraph\"><strong>Ternium nie<\/strong><\/p>\n\n\n\n<p class=\"wp-block-paragraph\">La compagnie mini\u00e8re Ternium Mexico a ni\u00e9 toute implication. Dans un communiqu\u00e9, un porte-parole de la soci\u00e9t\u00e9 mini\u00e8re a d\u00e9clar\u00e9: <em>\u00ab\u00a0Ternium est contre tout type de violence et rejette cat\u00e9goriquement toute sp\u00e9culation et\/ou diffamation qui tenterait de l&rsquo;associer \u00e0 tout type d&rsquo;activit\u00e9 ill\u00e9gale.\u00a0Nous op\u00e9rons toujours dans le cadre de la loi et avec un sens large de la responsabilit\u00e9 sociale.\u00a0Ternium est une entreprise publique leader dans la fabrication d&rsquo;acier en Am\u00e9rique latine, qui op\u00e8re de mani\u00e8re transparente et selon les normes de contr\u00f4le les plus \u00e9lev\u00e9es dans toutes ses op\u00e9rations.\u00a0\u00bb<\/em><\/p>\n\n\n\n<p class=\"wp-block-paragraph\">Malgr\u00e9 les conflits et la violence, les militants communautaires anti-mines ont jur\u00e9 de poursuivre leur lutte face \u00e0 une recrudescence des maladies infantiles, des p\u00e9nuries d&rsquo;eau, de l&rsquo;\u00e9rosion des sols et de la d\u00e9forestation.&nbsp;Jos\u00e9 Rodriguez a d\u00e9clar\u00e9: <em>\u00ab\u00a0Nous avons peur dans cette lutte, avec la peur qu&rsquo;\u00e0 tout moment un autre d&rsquo;entre nous puisse \u00eatre le suivant.&nbsp;Il faut que le gouvernement r\u00e9cup\u00e8re nos coll\u00e8gues, sinon les groupes communautaires devront agir.\u00a0\u00bb<\/em><\/p>\n\n\n\n<p class=\"wp-block-paragraph\"><strong>Une entreprise <em>\u00ab\u00a0socialement engag\u00e9e\u00a0\u00bb<\/em><\/strong><\/p>\n\n\n\n<p class=\"wp-block-paragraph\">La soci\u00e9t\u00e9 mini\u00e8re pr\u00e9cise sur son site internet : <em>\u00ab\u00a0Ternium s&rsquo;engage \u00e0 g\u00e9n\u00e9rer du progr\u00e8s dans le cadre de son projet de responsabilit\u00e9 sociale.&nbsp;Ainsi, ensemble, ils r\u00e9alisent une \u00e9volution durable.&nbsp;Il soutient la cr\u00e9ation et la mise en \u0153uvre de projets et d&rsquo;initiatives dans des aspects cl\u00e9s de l&rsquo;\u00eatre humain\u00a0\u00bb<\/em>.<\/p>\n\n\n\n<p class=\"wp-block-paragraph\">Chaque ann\u00e9e, elle organise le Festival du film latino-am\u00e9ricain Ternium ainsi qu&rsquo;un festival pour enfants dans diff\u00e9rentes villes ainsi que dans les villages indig\u00e8nes. La s\u00e9lection traite notamment de mani\u00e8re contradictoire de questions li\u00e9es \u00e0 la soci\u00e9t\u00e9 humaine, ainsi qu&rsquo;aux communaut\u00e9s vuln\u00e9rables.&nbsp;<\/p>\n\n\n\n<p class=\"wp-block-paragraph\">Organiser un \u00e9v\u00e9nement culturel <em>gratuit<\/em> &#8211; avec billets de cin\u00e9 imprim\u00e9s, popcorn et sodas offerts dans les villages &#8211; en clamant \u00eatre une entreprise <em>\u00ab\u00a0responsable\u00a0\u00bb<\/em> et <em>\u00ab\u00a0engag\u00e9e socialement\u00a0\u00bb<\/em> est une mani\u00e8re finalement peu co\u00fbteuse de se payer une image respectable et altruiste.<\/p>\n\n\n\n<p class=\"wp-block-paragraph\">Ternium Mexico est la filiale locale du groupe sid\u00e9rurgique luxembourgeois Ternium, qui fait partie du groupe italo-argentin Techinta.<\/p>\n<div id=\"crieu-2890045302\" class=\"crieu-apres-le-contenu crieu-entity-placement\" style=\"margin-left: auto;margin-right: auto;text-align: center;\"><script async src=\"\/\/pagead2.googlesyndication.com\/pagead\/js\/adsbygoogle.js?client=ca-pub-5271584769416742\" crossorigin=\"anonymous\"><\/script><ins class=\"adsbygoogle\" style=\"display:block;\" data-ad-client=\"ca-pub-5271584769416742\" \ndata-ad-slot=\"9321250718\" \ndata-ad-format=\"auto\"><\/ins>\n<script> \n(adsbygoogle = window.adsbygoogle || []).push({}); \n<\/script>\n<\/div>","protected":false},"excerpt":{"rendered":"<p>Deux \u00e9cologistes mexicains sont port\u00e9s disparus depuis le 15 janvier. Leurs familles pointent du doigt la soci\u00e9t\u00e9 mini\u00e8re multinationale Ternium qui, selon eux, est responsable de la destruction de l&rsquo;environnement et de la violence dans leur communaut\u00e9, et pourrait avoir des liens avec les criminels qui ont enlev\u00e9 leurs proches.<\/p>\n","protected":false},"author":3,"featured_media":3121,"comment_status":"closed","ping_status":"closed","sticky":false,"template":"","format":"standard","meta":{"footnotes":""},"categories":[307,103,143,9],"tags":[131,108,178],"class_list":["post-3119","post","type-post","status-publish","format-standard","has-post-thumbnail","hentry","category-abya-yala","category-actu","category-ecologie","category-monde","tag-droits-humains","tag-mexique","tag-ternium"],"yoast_head":"<!-- This site is optimized with the Yoast SEO plugin v28.3 - https:\/\/yoast.com\/product\/yoast-seo-wordpress\/ -->\n<title>\u00c9cologistes disparus au Mexique: les familles accusent une soci\u00e9t\u00e9 mini\u00e8re - Journal de B\u00e2le et Gen\u00e8ve<\/title>\n<meta name=\"robots\" content=\"index, follow, max-snippet:-1, max-image-preview:large, max-video-preview:-1\" \/>\n<link rel=\"canonical\" href=\"https:\/\/bale.ch\/journal\/ecologistes-disparus-au-mexique-les-familles-accusent-une-societe-miniere\/\" \/>\n<meta property=\"og:locale\" content=\"fr_FR\" \/>\n<meta property=\"og:type\" content=\"article\" \/>\n<meta property=\"og:title\" content=\"\u00c9cologistes disparus au Mexique: les familles accusent une soci\u00e9t\u00e9 mini\u00e8re - Journal de B\u00e2le et Gen\u00e8ve\" \/>\n<meta property=\"og:description\" content=\"Deux \u00e9cologistes mexicains sont port\u00e9s disparus depuis le 15 janvier. Leurs familles pointent du doigt la soci\u00e9t\u00e9 mini\u00e8re multinationale Ternium qui, selon eux, est responsable de la destruction de l&#039;environnement et de la violence dans leur communaut\u00e9, et pourrait avoir des liens avec les criminels qui ont enlev\u00e9 leurs proches.\" \/>\n<meta property=\"og:url\" content=\"https:\/\/bale.ch\/journal\/ecologistes-disparus-au-mexique-les-familles-accusent-une-societe-miniere\/\" \/>\n<meta property=\"og:site_name\" content=\"Journal de B\u00e2le et Gen\u00e8ve\" \/>\n<meta property=\"article:published_time\" content=\"2023-01-22T12:44:12+00:00\" \/>\n<meta property=\"article:modified_time\" content=\"2026-09-01T19:05:45+00:00\" \/>\n<meta property=\"og:image\" content=\"https:\/\/bale.ch\/journal\/wp-content\/uploads\/2023\/01\/ternium-Aquila-Michoacan.jpg\" \/>\n\t<meta property=\"og:image:width\" content=\"900\" \/>\n\t<meta property=\"og:image:height\" content=\"484\" \/>\n\t<meta property=\"og:image:type\" content=\"image\/jpeg\" \/>\n<meta name=\"author\" content=\"Alban Lavy\" \/>\n<meta name=\"twitter:card\" content=\"summary_large_image\" \/>\n<meta name=\"twitter:label1\" content=\"\u00c9crit par\" \/>\n\t<meta name=\"twitter:data1\" content=\"Alban Lavy\" \/>\n\t<meta name=\"twitter:label2\" content=\"Dur\u00e9e de lecture estim\u00e9e\" \/>\n\t<meta name=\"twitter:data2\" content=\"5 minutes\" \/>\n<script type=\"application\/ld+json\" class=\"yoast-schema-graph\">{\"@context\":\"https:\\\/\\\/schema.org\",\"@graph\":[{\"@type\":\"Article\",\"@id\":\"https:\\\/\\\/bale.ch\\\/journal\\\/ecologistes-disparus-au-mexique-les-familles-accusent-une-societe-miniere\\\/#article\",\"isPartOf\":{\"@id\":\"https:\\\/\\\/bale.ch\\\/journal\\\/ecologistes-disparus-au-mexique-les-familles-accusent-une-societe-miniere\\\/\"},\"author\":{\"name\":\"Alban Lavy\",\"@id\":\"https:\\\/\\\/bale.ch\\\/journal\\\/#\\\/schema\\\/person\\\/41bc7f908af0ffea5e38b8c5702e5626\"},\"headline\":\"\u00c9cologistes disparus au Mexique: les familles accusent une soci\u00e9t\u00e9 mini\u00e8re\",\"datePublished\":\"2023-01-22T12:44:12+00:00\",\"dateModified\":\"2026-09-01T19:05:45+00:00\",\"mainEntityOfPage\":{\"@id\":\"https:\\\/\\\/bale.ch\\\/journal\\\/ecologistes-disparus-au-mexique-les-familles-accusent-une-societe-miniere\\\/\"},\"wordCount\":1004,\"publisher\":{\"@id\":\"https:\\\/\\\/bale.ch\\\/journal\\\/#organization\"},\"image\":{\"@id\":\"https:\\\/\\\/bale.ch\\\/journal\\\/ecologistes-disparus-au-mexique-les-familles-accusent-une-societe-miniere\\\/#primaryimage\"},\"thumbnailUrl\":\"https:\\\/\\\/bale.ch\\\/journal\\\/wp-content\\\/uploads\\\/2023\\\/01\\\/ternium-Aquila-Michoacan.jpg\",\"keywords\":[\"Droits humains\",\"Mexique\",\"Ternium\"],\"articleSection\":[\"Abya Yala \\\/ Am\u00e9riques\",\"Actualit\u00e9s\",\"Ecologie\",\"Monde\"],\"inLanguage\":\"fr-FR\"},{\"@type\":\"WebPage\",\"@id\":\"https:\\\/\\\/bale.ch\\\/journal\\\/ecologistes-disparus-au-mexique-les-familles-accusent-une-societe-miniere\\\/\",\"url\":\"https:\\\/\\\/bale.ch\\\/journal\\\/ecologistes-disparus-au-mexique-les-familles-accusent-une-societe-miniere\\\/\",\"name\":\"\u00c9cologistes disparus au Mexique: les familles accusent une soci\u00e9t\u00e9 mini\u00e8re - Journal de B\u00e2le et Gen\u00e8ve\",\"isPartOf\":{\"@id\":\"https:\\\/\\\/bale.ch\\\/journal\\\/#website\"},\"primaryImageOfPage\":{\"@id\":\"https:\\\/\\\/bale.ch\\\/journal\\\/ecologistes-disparus-au-mexique-les-familles-accusent-une-societe-miniere\\\/#primaryimage\"},\"image\":{\"@id\":\"https:\\\/\\\/bale.ch\\\/journal\\\/ecologistes-disparus-au-mexique-les-familles-accusent-une-societe-miniere\\\/#primaryimage\"},\"thumbnailUrl\":\"https:\\\/\\\/bale.ch\\\/journal\\\/wp-content\\\/uploads\\\/2023\\\/01\\\/ternium-Aquila-Michoacan.jpg\",\"datePublished\":\"2023-01-22T12:44:12+00:00\",\"dateModified\":\"2026-09-01T19:05:45+00:00\",\"breadcrumb\":{\"@id\":\"https:\\\/\\\/bale.ch\\\/journal\\\/ecologistes-disparus-au-mexique-les-familles-accusent-une-societe-miniere\\\/#breadcrumb\"},\"inLanguage\":\"fr-FR\",\"potentialAction\":[{\"@type\":\"ReadAction\",\"target\":[\"https:\\\/\\\/bale.ch\\\/journal\\\/ecologistes-disparus-au-mexique-les-familles-accusent-une-societe-miniere\\\/\"]}]},{\"@type\":\"ImageObject\",\"inLanguage\":\"fr-FR\",\"@id\":\"https:\\\/\\\/bale.ch\\\/journal\\\/ecologistes-disparus-au-mexique-les-familles-accusent-une-societe-miniere\\\/#primaryimage\",\"url\":\"https:\\\/\\\/bale.ch\\\/journal\\\/wp-content\\\/uploads\\\/2023\\\/01\\\/ternium-Aquila-Michoacan.jpg\",\"contentUrl\":\"https:\\\/\\\/bale.ch\\\/journal\\\/wp-content\\\/uploads\\\/2023\\\/01\\\/ternium-Aquila-Michoacan.jpg\",\"width\":900,\"height\":484},{\"@type\":\"BreadcrumbList\",\"@id\":\"https:\\\/\\\/bale.ch\\\/journal\\\/ecologistes-disparus-au-mexique-les-familles-accusent-une-societe-miniere\\\/#breadcrumb\",\"itemListElement\":[{\"@type\":\"ListItem\",\"position\":1,\"name\":\"Accueil\",\"item\":\"https:\\\/\\\/bale.ch\\\/journal\\\/\"},{\"@type\":\"ListItem\",\"position\":2,\"name\":\"\u00c9cologistes disparus au Mexique: les familles accusent une soci\u00e9t\u00e9 mini\u00e8re\"}]},{\"@type\":\"WebSite\",\"@id\":\"https:\\\/\\\/bale.ch\\\/journal\\\/#website\",\"url\":\"https:\\\/\\\/bale.ch\\\/journal\\\/\",\"name\":\"Journal de B\u00e2le et Gen\u00e8ve\",\"description\":\"M\u00e9dia transfrontalier d&#039;actualit\u00e9s - News\",\"publisher\":{\"@id\":\"https:\\\/\\\/bale.ch\\\/journal\\\/#organization\"},\"potentialAction\":[{\"@type\":\"SearchAction\",\"target\":{\"@type\":\"EntryPoint\",\"urlTemplate\":\"https:\\\/\\\/bale.ch\\\/journal\\\/?s={search_term_string}\"},\"query-input\":{\"@type\":\"PropertyValueSpecification\",\"valueRequired\":true,\"valueName\":\"search_term_string\"}}],\"inLanguage\":\"fr-FR\"},{\"@type\":\"Organization\",\"@id\":\"https:\\\/\\\/bale.ch\\\/journal\\\/#organization\",\"name\":\"Journal de B\u00e2le et Gen\u00e8ve\",\"url\":\"https:\\\/\\\/bale.ch\\\/journal\\\/\",\"logo\":{\"@type\":\"ImageObject\",\"inLanguage\":\"fr-FR\",\"@id\":\"https:\\\/\\\/bale.ch\\\/journal\\\/#\\\/schema\\\/logo\\\/image\\\/\",\"url\":\"https:\\\/\\\/bale.ch\\\/journal\\\/wp-content\\\/uploads\\\/2023\\\/07\\\/journaldebale_logo_2023_nb.png\",\"contentUrl\":\"https:\\\/\\\/bale.ch\\\/journal\\\/wp-content\\\/uploads\\\/2023\\\/07\\\/journaldebale_logo_2023_nb.png\",\"width\":371,\"height\":127,\"caption\":\"Journal de B\u00e2le et Gen\u00e8ve\"},\"image\":{\"@id\":\"https:\\\/\\\/bale.ch\\\/journal\\\/#\\\/schema\\\/logo\\\/image\\\/\"}},{\"@type\":\"Person\",\"@id\":\"https:\\\/\\\/bale.ch\\\/journal\\\/#\\\/schema\\\/person\\\/41bc7f908af0ffea5e38b8c5702e5626\",\"name\":\"Alban Lavy\",\"image\":{\"@type\":\"ImageObject\",\"inLanguage\":\"fr-FR\",\"@id\":\"https:\\\/\\\/secure.gravatar.com\\\/avatar\\\/4978c5bb7295400e15bebf9881bc4db7866592bc59ffa2f62511214a10f68804?s=96&d=mm&r=g\",\"url\":\"https:\\\/\\\/secure.gravatar.com\\\/avatar\\\/4978c5bb7295400e15bebf9881bc4db7866592bc59ffa2f62511214a10f68804?s=96&d=mm&r=g\",\"contentUrl\":\"https:\\\/\\\/secure.gravatar.com\\\/avatar\\\/4978c5bb7295400e15bebf9881bc4db7866592bc59ffa2f62511214a10f68804?s=96&d=mm&r=g\",\"caption\":\"Alban Lavy\"},\"sameAs\":[\"http:\\\/\\\/bale.ch\\\/administration\\\/zeitung\\\/albanlavy\\\/\"],\"url\":\"https:\\\/\\\/bale.ch\\\/journal\\\/author\\\/lavy\\\/\"}]}<\/script>\n<!-- \/ Yoast SEO plugin. -->","yoast_head_json":{"title":"\u00c9cologistes disparus au Mexique: les familles accusent une soci\u00e9t\u00e9 mini\u00e8re - Journal de B\u00e2le et Gen\u00e8ve","robots":{"index":"index","follow":"follow","max-snippet":"max-snippet:-1","max-image-preview":"max-image-preview:large","max-video-preview":"max-video-preview:-1"},"canonical":"https:\/\/bale.ch\/journal\/ecologistes-disparus-au-mexique-les-familles-accusent-une-societe-miniere\/","og_locale":"fr_FR","og_type":"article","og_title":"\u00c9cologistes disparus au Mexique: les familles accusent une soci\u00e9t\u00e9 mini\u00e8re - Journal de B\u00e2le et Gen\u00e8ve","og_description":"Deux \u00e9cologistes mexicains sont port\u00e9s disparus depuis le 15 janvier. Leurs familles pointent du doigt la soci\u00e9t\u00e9 mini\u00e8re multinationale Ternium qui, selon eux, est responsable de la destruction de l'environnement et de la violence dans leur communaut\u00e9, et pourrait avoir des liens avec les criminels qui ont enlev\u00e9 leurs proches.","og_url":"https:\/\/bale.ch\/journal\/ecologistes-disparus-au-mexique-les-familles-accusent-une-societe-miniere\/","og_site_name":"Journal de B\u00e2le et Gen\u00e8ve","article_published_time":"2023-01-22T12:44:12+00:00","article_modified_time":"2026-09-01T19:05:45+00:00","og_image":[{"width":900,"height":484,"url":"https:\/\/bale.ch\/journal\/wp-content\/uploads\/2023\/01\/ternium-Aquila-Michoacan.jpg","type":"image\/jpeg"}],"author":"Alban Lavy","twitter_card":"summary_large_image","twitter_misc":{"\u00c9crit par":"Alban Lavy","Dur\u00e9e de lecture estim\u00e9e":"5 minutes"},"schema":{"@context":"https:\/\/schema.org","@graph":[{"@type":"Article","@id":"https:\/\/bale.ch\/journal\/ecologistes-disparus-au-mexique-les-familles-accusent-une-societe-miniere\/#article","isPartOf":{"@id":"https:\/\/bale.ch\/journal\/ecologistes-disparus-au-mexique-les-familles-accusent-une-societe-miniere\/"},"author":{"name":"Alban Lavy","@id":"https:\/\/bale.ch\/journal\/#\/schema\/person\/41bc7f908af0ffea5e38b8c5702e5626"},"headline":"\u00c9cologistes disparus au Mexique: les familles accusent une soci\u00e9t\u00e9 mini\u00e8re","datePublished":"2023-01-22T12:44:12+00:00","dateModified":"2026-09-01T19:05:45+00:00","mainEntityOfPage":{"@id":"https:\/\/bale.ch\/journal\/ecologistes-disparus-au-mexique-les-familles-accusent-une-societe-miniere\/"},"wordCount":1004,"publisher":{"@id":"https:\/\/bale.ch\/journal\/#organization"},"image":{"@id":"https:\/\/bale.ch\/journal\/ecologistes-disparus-au-mexique-les-familles-accusent-une-societe-miniere\/#primaryimage"},"thumbnailUrl":"https:\/\/bale.ch\/journal\/wp-content\/uploads\/2023\/01\/ternium-Aquila-Michoacan.jpg","keywords":["Droits humains","Mexique","Ternium"],"articleSection":["Abya Yala \/ Am\u00e9riques","Actualit\u00e9s","Ecologie","Monde"],"inLanguage":"fr-FR"},{"@type":"WebPage","@id":"https:\/\/bale.ch\/journal\/ecologistes-disparus-au-mexique-les-familles-accusent-une-societe-miniere\/","url":"https:\/\/bale.ch\/journal\/ecologistes-disparus-au-mexique-les-familles-accusent-une-societe-miniere\/","name":"\u00c9cologistes disparus au Mexique: les familles accusent une soci\u00e9t\u00e9 mini\u00e8re - Journal de B\u00e2le et Gen\u00e8ve","isPartOf":{"@id":"https:\/\/bale.ch\/journal\/#website"},"primaryImageOfPage":{"@id":"https:\/\/bale.ch\/journal\/ecologistes-disparus-au-mexique-les-familles-accusent-une-societe-miniere\/#primaryimage"},"image":{"@id":"https:\/\/bale.ch\/journal\/ecologistes-disparus-au-mexique-les-familles-accusent-une-societe-miniere\/#primaryimage"},"thumbnailUrl":"https:\/\/bale.ch\/journal\/wp-content\/uploads\/2023\/01\/ternium-Aquila-Michoacan.jpg","datePublished":"2023-01-22T12:44:12+00:00","dateModified":"2026-09-01T19:05:45+00:00","breadcrumb":{"@id":"https:\/\/bale.ch\/journal\/ecologistes-disparus-au-mexique-les-familles-accusent-une-societe-miniere\/#breadcrumb"},"inLanguage":"fr-FR","potentialAction":[{"@type":"ReadAction","target":["https:\/\/bale.ch\/journal\/ecologistes-disparus-au-mexique-les-familles-accusent-une-societe-miniere\/"]}]},{"@type":"ImageObject","inLanguage":"fr-FR","@id":"https:\/\/bale.ch\/journal\/ecologistes-disparus-au-mexique-les-familles-accusent-une-societe-miniere\/#primaryimage","url":"https:\/\/bale.ch\/journal\/wp-content\/uploads\/2023\/01\/ternium-Aquila-Michoacan.jpg","contentUrl":"https:\/\/bale.ch\/journal\/wp-content\/uploads\/2023\/01\/ternium-Aquila-Michoacan.jpg","width":900,"height":484},{"@type":"BreadcrumbList","@id":"https:\/\/bale.ch\/journal\/ecologistes-disparus-au-mexique-les-familles-accusent-une-societe-miniere\/#breadcrumb","itemListElement":[{"@type":"ListItem","position":1,"name":"Accueil","item":"https:\/\/bale.ch\/journal\/"},{"@type":"ListItem","position":2,"name":"\u00c9cologistes disparus au Mexique: les familles accusent une soci\u00e9t\u00e9 mini\u00e8re"}]},{"@type":"WebSite","@id":"https:\/\/bale.ch\/journal\/#website","url":"https:\/\/bale.ch\/journal\/","name":"Journal de B\u00e2le et Gen\u00e8ve","description":"M\u00e9dia transfrontalier d&#039;actualit\u00e9s - News","publisher":{"@id":"https:\/\/bale.ch\/journal\/#organization"},"potentialAction":[{"@type":"SearchAction","target":{"@type":"EntryPoint","urlTemplate":"https:\/\/bale.ch\/journal\/?s={search_term_string}"},"query-input":{"@type":"PropertyValueSpecification","valueRequired":true,"valueName":"search_term_string"}}],"inLanguage":"fr-FR"},{"@type":"Organization","@id":"https:\/\/bale.ch\/journal\/#organization","name":"Journal de B\u00e2le et Gen\u00e8ve","url":"https:\/\/bale.ch\/journal\/","logo":{"@type":"ImageObject","inLanguage":"fr-FR","@id":"https:\/\/bale.ch\/journal\/#\/schema\/logo\/image\/","url":"https:\/\/bale.ch\/journal\/wp-content\/uploads\/2023\/07\/journaldebale_logo_2023_nb.png","contentUrl":"https:\/\/bale.ch\/journal\/wp-content\/uploads\/2023\/07\/journaldebale_logo_2023_nb.png","width":371,"height":127,"caption":"Journal de B\u00e2le et Gen\u00e8ve"},"image":{"@id":"https:\/\/bale.ch\/journal\/#\/schema\/logo\/image\/"}},{"@type":"Person","@id":"https:\/\/bale.ch\/journal\/#\/schema\/person\/41bc7f908af0ffea5e38b8c5702e5626","name":"Alban Lavy","image":{"@type":"ImageObject","inLanguage":"fr-FR","@id":"https:\/\/secure.gravatar.com\/avatar\/4978c5bb7295400e15bebf9881bc4db7866592bc59ffa2f62511214a10f68804?s=96&d=mm&r=g","url":"https:\/\/secure.gravatar.com\/avatar\/4978c5bb7295400e15bebf9881bc4db7866592bc59ffa2f62511214a10f68804?s=96&d=mm&r=g","contentUrl":"https:\/\/secure.gravatar.com\/avatar\/4978c5bb7295400e15bebf9881bc4db7866592bc59ffa2f62511214a10f68804?s=96&d=mm&r=g","caption":"Alban Lavy"},"sameAs":["http:\/\/bale.ch\/administration\/zeitung\/albanlavy\/"],"url":"https:\/\/bale.ch\/journal\/author\/lavy\/"}]}},"_links":{"self":[{"href":"https:\/\/bale.ch\/journal\/wp-json\/wp\/v2\/posts\/3119","targetHints":{"allow":["GET"]}}],"collection":[{"href":"https:\/\/bale.ch\/journal\/wp-json\/wp\/v2\/posts"}],"about":[{"href":"https:\/\/bale.ch\/journal\/wp-json\/wp\/v2\/types\/post"}],"author":[{"embeddable":true,"href":"https:\/\/bale.ch\/journal\/wp-json\/wp\/v2\/users\/3"}],"replies":[{"embeddable":true,"href":"https:\/\/bale.ch\/journal\/wp-json\/wp\/v2\/comments?post=3119"}],"version-history":[{"count":11,"href":"https:\/\/bale.ch\/journal\/wp-json\/wp\/v2\/posts\/3119\/revisions"}],"predecessor-version":[{"id":3165,"href":"https:\/\/bale.ch\/journal\/wp-json\/wp\/v2\/posts\/3119\/revisions\/3165"}],"wp:featuredmedia":[{"embeddable":true,"href":"https:\/\/bale.ch\/journal\/wp-json\/wp\/v2\/media\/3121"}],"wp:attachment":[{"href":"https:\/\/bale.ch\/journal\/wp-json\/wp\/v2\/media?parent=3119"}],"wp:term":[{"taxonomy":"category","embeddable":true,"href":"https:\/\/bale.ch\/journal\/wp-json\/wp\/v2\/categories?post=3119"},{"taxonomy":"post_tag","embeddable":true,"href":"https:\/\/bale.ch\/journal\/wp-json\/wp\/v2\/tags?post=3119"}],"curies":[{"name":"wp","href":"https:\/\/api.w.org\/{rel}","templated":true}]}}