{"id":312,"date":"2015-12-15T18:41:45","date_gmt":"2015-12-15T18:41:45","guid":{"rendered":"http:\/\/bale.ch\/journal\/?p=312"},"modified":"2015-12-15T18:45:39","modified_gmt":"2015-12-15T18:45:39","slug":"banque-par-anciens-banquiers","status":"publish","type":"post","link":"https:\/\/bale.ch\/journal\/banque-par-anciens-banquiers\/","title":{"rendered":"La banque vue par d\u2019anciens banquiers&#8230;"},"content":{"rendered":"<p>A l\u2019affiche jusqu\u2019au 2 janvier 2016 \u00e0 la Com\u00e9die de la Gare, \u00e0 Gen\u00e8ve, le spectacle \u00abLes Banquiers\u00bb encha\u00eene des sketches ironiques sur le monde bancaire d\u2019hier et d\u2019aujourd\u2019hui.<\/p>\n<p>De la banque et du microcosme au sein duquel elle gravite autour d\u2019elle, tout le monde parle. Les scandales se succ\u00e8dent, des r\u00e9glementations sont mises en place et pourtant rien ne semble changer. Les bonus bancaires sont toujours d\u00e9mentiels et la banque gagne toujours de l\u2019argent sur le dos de ceux qui n\u2019en ont pas, notamment gr\u00e2ce aux int\u00e9r\u00eats sur les d\u00e9couverts qu\u2019elle-m\u00eame autorise&#8230; Alors, quand deux anciens banquiers,\u202fMatthias Leonhard Lang et Derek Robin, s\u2019y collent, nous sommes en alerte, car nous pensons que des r\u00e9v\u00e9lations seront au menu, voire un ou deux scoops annonc\u00e9s. Mais il n\u2019en est rien, et c\u2019est bien dommage. Peut-\u00eatre est-ce moi qui suis trop au fait de ce qui se passe dans cet univers, soit disant opaque, o\u00f9 tout est assez limpide\u202ffinalement : la seule chose qui compte est d\u2019engranger le maximum d\u2019argent en faisant, soi-m\u00eame, le minimum, et en ne tenant aucun compte des cons\u00e9quences de ses propres actions sur autrui.<\/p>\n<p>Tout ceci est tr\u00e8s bien d\u00e9cortiqu\u00e9 gr\u00e2ce \u00e0 des situations cocasses et cr\u00e9atives\u202f: le banquier qui se d\u00e9couvre une conscience et qui consulte un psy sp\u00e9cialiste de la branche, l\u2019enterrement du secret bancaire, ou encore la sc\u00e8ne chez le \u00abGrand Ma\u00eetre\u00bb. Les id\u00e9es ne manquent pas, certes, mais il existe un tel d\u00e9calage d\u2019interpr\u00e9tation entre les acteurs qu\u2019\u00e0 la longue, le public \u00e9prouve un sentiment de g\u00eane. L\u2019excellent Matthias Leonhard Lang semble surjouer alors que c\u2019est son partenaire qui reste sur le m\u00eame registre quels que soient les sketches. Le rythme n\u2019est pas assez soutenu et la direction d\u2019acteur terne.<\/p><div id=\"crieu-806002517\" class=\"crieu-content crieu-entity-placement\"><script async src=\"\/\/pagead2.googlesyndication.com\/pagead\/js\/adsbygoogle.js?client=ca-pub-5271584769416742\" crossorigin=\"anonymous\"><\/script><ins class=\"adsbygoogle\" style=\"display:block;\" data-ad-client=\"ca-pub-5271584769416742\" \ndata-ad-slot=\"9321250718\" \ndata-ad-format=\"auto\"><\/ins>\n<script> \n(adsbygoogle = window.adsbygoogle || []).push({}); \n<\/script>\n<\/div>\n<p>Si vous avez encore des illusions sur le monde de la finance, vous rirez, si vous n\u2019en avez plus, vous vous contentez simplement de sourire. A mon avis, le spectacle arrive trop tard dans la chronologie r\u00e9cente des \u00e9v\u00e9nements de la finance. Il aurait d\u00fb \u00eatre pr\u00e9sent\u00e9 avant la crise de 2008. Il aurait alors eu l\u2019effet d\u2019un \u00abwhistleblower\u00bb et son impact en eu \u00e9t\u00e9 <span dir=\"ltr\">irrempla\u00e7able<\/span>.<\/p>\n<p>R\u00e9servations\u202f: <a href=\"http:\/\/www.comediedelagare.ch\">www.comediedelagare.ch<\/a> ou 0900 907 907 de Suisse ou 0899 23 32 32 de France.<\/p>\n<div id=\"crieu-72281039\" class=\"crieu-apres-le-contenu crieu-entity-placement\" style=\"margin-left: auto;margin-right: auto;text-align: center;\"><script async src=\"\/\/pagead2.googlesyndication.com\/pagead\/js\/adsbygoogle.js?client=ca-pub-5271584769416742\" crossorigin=\"anonymous\"><\/script><ins class=\"adsbygoogle\" style=\"display:block;\" data-ad-client=\"ca-pub-5271584769416742\" \ndata-ad-slot=\"9321250718\" \ndata-ad-format=\"auto\"><\/ins>\n<script> \n(adsbygoogle = window.adsbygoogle || []).push({}); \n<\/script>\n<\/div>","protected":false},"excerpt":{"rendered":"<p>A l\u2019affiche jusqu\u2019au 2 janvier 2016 \u00e0 la Com\u00e9die de la Gare, \u00e0 Gen\u00e8ve, le spectacle \u00abLes Banquiers\u00bb encha\u00eene des sketches ironiques sur le monde bancaire d\u2019hier et d\u2019aujourd\u2019hui. De <a href=\"https:\/\/bale.ch\/journal\/banque-par-anciens-banquiers\/\" class=\"read-more button-fancy -red\"><span class=\"btn-arrow\"><\/span><span class=\"twp-read-more text\">Continuer la lecture<\/span><\/a><\/p>\n","protected":false},"author":5,"featured_media":315,"comment_status":"closed","ping_status":"closed","sticky":false,"template":"","format":"standard","meta":{"footnotes":""},"categories":[4,18],"tags":[],"class_list":["post-312","post","type-post","status-publish","format-standard","has-post-thumbnail","hentry","category-grand-geneve","category-sortir"],"yoast_head":"<!-- This site is optimized with the Yoast SEO plugin v28.3 - https:\/\/yoast.com\/product\/yoast-seo-wordpress\/ -->\n<title>La banque vue par d\u2019anciens banquiers... - Journal de B\u00e2le et Gen\u00e8ve<\/title>\n<meta name=\"robots\" content=\"index, follow, max-snippet:-1, max-image-preview:large, max-video-preview:-1\" \/>\n<link rel=\"canonical\" href=\"https:\/\/bale.ch\/journal\/banque-par-anciens-banquiers\/\" \/>\n<meta property=\"og:locale\" content=\"fr_FR\" \/>\n<meta property=\"og:type\" content=\"article\" \/>\n<meta property=\"og:title\" content=\"La banque vue par d\u2019anciens banquiers... - Journal de B\u00e2le et Gen\u00e8ve\" \/>\n<meta property=\"og:description\" content=\"A l\u2019affiche jusqu\u2019au 2 janvier 2016 \u00e0 la Com\u00e9die de la Gare, \u00e0 Gen\u00e8ve, le spectacle \u00abLes Banquiers\u00bb encha\u00eene des sketches ironiques sur le monde bancaire d\u2019hier et d\u2019aujourd\u2019hui. De Continuer la lecture\" \/>\n<meta property=\"og:url\" content=\"https:\/\/bale.ch\/journal\/banque-par-anciens-banquiers\/\" \/>\n<meta property=\"og:site_name\" content=\"Journal de B\u00e2le et Gen\u00e8ve\" \/>\n<meta property=\"article:published_time\" content=\"2015-12-15T18:41:45+00:00\" \/>\n<meta property=\"article:modified_time\" content=\"2015-12-15T18:45:39+00:00\" \/>\n<meta property=\"og:image\" content=\"https:\/\/bale.ch\/journal\/wp-content\/uploads\/2015\/12\/lesbanquiers.png\" \/>\n\t<meta property=\"og:image:width\" content=\"861\" \/>\n\t<meta property=\"og:image:height\" content=\"886\" \/>\n\t<meta property=\"og:image:type\" content=\"image\/png\" \/>\n<meta name=\"author\" content=\"Natacha de Santignac\" \/>\n<meta name=\"twitter:card\" content=\"summary_large_image\" \/>\n<meta name=\"twitter:label1\" content=\"\u00c9crit par\" \/>\n\t<meta name=\"twitter:data1\" content=\"Natacha de Santignac\" \/>\n\t<meta name=\"twitter:label2\" content=\"Dur\u00e9e de lecture estim\u00e9e\" \/>\n\t<meta name=\"twitter:data2\" content=\"2 minutes\" \/>\n<script type=\"application\/ld+json\" class=\"yoast-schema-graph\">{\"@context\":\"https:\\\/\\\/schema.org\",\"@graph\":[{\"@type\":\"Article\",\"@id\":\"https:\\\/\\\/bale.ch\\\/journal\\\/banque-par-anciens-banquiers\\\/#article\",\"isPartOf\":{\"@id\":\"https:\\\/\\\/bale.ch\\\/journal\\\/banque-par-anciens-banquiers\\\/\"},\"author\":{\"name\":\"Natacha de Santignac\",\"@id\":\"https:\\\/\\\/bale.ch\\\/journal\\\/#\\\/schema\\\/person\\\/c9c2f300463adf9091a28673ecb80750\"},\"headline\":\"La banque vue par d\u2019anciens banquiers&#8230;\",\"datePublished\":\"2015-12-15T18:41:45+00:00\",\"dateModified\":\"2015-12-15T18:45:39+00:00\",\"mainEntityOfPage\":{\"@id\":\"https:\\\/\\\/bale.ch\\\/journal\\\/banque-par-anciens-banquiers\\\/\"},\"wordCount\":423,\"publisher\":{\"@id\":\"https:\\\/\\\/bale.ch\\\/journal\\\/#organization\"},\"image\":{\"@id\":\"https:\\\/\\\/bale.ch\\\/journal\\\/banque-par-anciens-banquiers\\\/#primaryimage\"},\"thumbnailUrl\":\"https:\\\/\\\/bale.ch\\\/journal\\\/wp-content\\\/uploads\\\/2015\\\/12\\\/lesbanquiers.png\",\"articleSection\":[\"Grand Gen\u00e8ve\",\"Sortir\"],\"inLanguage\":\"fr-FR\"},{\"@type\":\"WebPage\",\"@id\":\"https:\\\/\\\/bale.ch\\\/journal\\\/banque-par-anciens-banquiers\\\/\",\"url\":\"https:\\\/\\\/bale.ch\\\/journal\\\/banque-par-anciens-banquiers\\\/\",\"name\":\"La banque vue par d\u2019anciens banquiers... - Journal de B\u00e2le et Gen\u00e8ve\",\"isPartOf\":{\"@id\":\"https:\\\/\\\/bale.ch\\\/journal\\\/#website\"},\"primaryImageOfPage\":{\"@id\":\"https:\\\/\\\/bale.ch\\\/journal\\\/banque-par-anciens-banquiers\\\/#primaryimage\"},\"image\":{\"@id\":\"https:\\\/\\\/bale.ch\\\/journal\\\/banque-par-anciens-banquiers\\\/#primaryimage\"},\"thumbnailUrl\":\"https:\\\/\\\/bale.ch\\\/journal\\\/wp-content\\\/uploads\\\/2015\\\/12\\\/lesbanquiers.png\",\"datePublished\":\"2015-12-15T18:41:45+00:00\",\"dateModified\":\"2015-12-15T18:45:39+00:00\",\"breadcrumb\":{\"@id\":\"https:\\\/\\\/bale.ch\\\/journal\\\/banque-par-anciens-banquiers\\\/#breadcrumb\"},\"inLanguage\":\"fr-FR\",\"potentialAction\":[{\"@type\":\"ReadAction\",\"target\":[\"https:\\\/\\\/bale.ch\\\/journal\\\/banque-par-anciens-banquiers\\\/\"]}]},{\"@type\":\"ImageObject\",\"inLanguage\":\"fr-FR\",\"@id\":\"https:\\\/\\\/bale.ch\\\/journal\\\/banque-par-anciens-banquiers\\\/#primaryimage\",\"url\":\"https:\\\/\\\/bale.ch\\\/journal\\\/wp-content\\\/uploads\\\/2015\\\/12\\\/lesbanquiers.png\",\"contentUrl\":\"https:\\\/\\\/bale.ch\\\/journal\\\/wp-content\\\/uploads\\\/2015\\\/12\\\/lesbanquiers.png\",\"width\":861,\"height\":886},{\"@type\":\"BreadcrumbList\",\"@id\":\"https:\\\/\\\/bale.ch\\\/journal\\\/banque-par-anciens-banquiers\\\/#breadcrumb\",\"itemListElement\":[{\"@type\":\"ListItem\",\"position\":1,\"name\":\"Accueil\",\"item\":\"https:\\\/\\\/bale.ch\\\/journal\\\/\"},{\"@type\":\"ListItem\",\"position\":2,\"name\":\"La banque vue par d\u2019anciens banquiers&#8230;\"}]},{\"@type\":\"WebSite\",\"@id\":\"https:\\\/\\\/bale.ch\\\/journal\\\/#website\",\"url\":\"https:\\\/\\\/bale.ch\\\/journal\\\/\",\"name\":\"Journal de B\u00e2le et Gen\u00e8ve\",\"description\":\"M\u00e9dia transfrontalier d&#039;actualit\u00e9s - News\",\"publisher\":{\"@id\":\"https:\\\/\\\/bale.ch\\\/journal\\\/#organization\"},\"potentialAction\":[{\"@type\":\"SearchAction\",\"target\":{\"@type\":\"EntryPoint\",\"urlTemplate\":\"https:\\\/\\\/bale.ch\\\/journal\\\/?s={search_term_string}\"},\"query-input\":{\"@type\":\"PropertyValueSpecification\",\"valueRequired\":true,\"valueName\":\"search_term_string\"}}],\"inLanguage\":\"fr-FR\"},{\"@type\":\"Organization\",\"@id\":\"https:\\\/\\\/bale.ch\\\/journal\\\/#organization\",\"name\":\"Journal de B\u00e2le et Gen\u00e8ve\",\"url\":\"https:\\\/\\\/bale.ch\\\/journal\\\/\",\"logo\":{\"@type\":\"ImageObject\",\"inLanguage\":\"fr-FR\",\"@id\":\"https:\\\/\\\/bale.ch\\\/journal\\\/#\\\/schema\\\/logo\\\/image\\\/\",\"url\":\"https:\\\/\\\/bale.ch\\\/journal\\\/wp-content\\\/uploads\\\/2023\\\/07\\\/journaldebale_logo_2023_nb.png\",\"contentUrl\":\"https:\\\/\\\/bale.ch\\\/journal\\\/wp-content\\\/uploads\\\/2023\\\/07\\\/journaldebale_logo_2023_nb.png\",\"width\":371,\"height\":127,\"caption\":\"Journal de B\u00e2le et Gen\u00e8ve\"},\"image\":{\"@id\":\"https:\\\/\\\/bale.ch\\\/journal\\\/#\\\/schema\\\/logo\\\/image\\\/\"}},{\"@type\":\"Person\",\"@id\":\"https:\\\/\\\/bale.ch\\\/journal\\\/#\\\/schema\\\/person\\\/c9c2f300463adf9091a28673ecb80750\",\"name\":\"Natacha de Santignac\",\"image\":{\"@type\":\"ImageObject\",\"inLanguage\":\"fr-FR\",\"@id\":\"https:\\\/\\\/secure.gravatar.com\\\/avatar\\\/bf2e26e0c999fa3e29ea55d852a513d13a609e3bf13537baf6fcc8306b6a0cdf?s=96&d=mm&r=g\",\"url\":\"https:\\\/\\\/secure.gravatar.com\\\/avatar\\\/bf2e26e0c999fa3e29ea55d852a513d13a609e3bf13537baf6fcc8306b6a0cdf?s=96&d=mm&r=g\",\"contentUrl\":\"https:\\\/\\\/secure.gravatar.com\\\/avatar\\\/bf2e26e0c999fa3e29ea55d852a513d13a609e3bf13537baf6fcc8306b6a0cdf?s=96&d=mm&r=g\",\"caption\":\"Natacha de Santignac\"},\"description\":\"kaleidoscopes.ch\",\"sameAs\":[\"http:\\\/\\\/kaleidoscopes.ch\"],\"url\":\"https:\\\/\\\/bale.ch\\\/journal\\\/author\\\/nds\\\/\"}]}<\/script>\n<!-- \/ Yoast SEO plugin. -->","yoast_head_json":{"title":"La banque vue par d\u2019anciens banquiers... - Journal de B\u00e2le et Gen\u00e8ve","robots":{"index":"index","follow":"follow","max-snippet":"max-snippet:-1","max-image-preview":"max-image-preview:large","max-video-preview":"max-video-preview:-1"},"canonical":"https:\/\/bale.ch\/journal\/banque-par-anciens-banquiers\/","og_locale":"fr_FR","og_type":"article","og_title":"La banque vue par d\u2019anciens banquiers... - Journal de B\u00e2le et Gen\u00e8ve","og_description":"A l\u2019affiche jusqu\u2019au 2 janvier 2016 \u00e0 la Com\u00e9die de la Gare, \u00e0 Gen\u00e8ve, le spectacle \u00abLes Banquiers\u00bb encha\u00eene des sketches ironiques sur le monde bancaire d\u2019hier et d\u2019aujourd\u2019hui. De Continuer la lecture","og_url":"https:\/\/bale.ch\/journal\/banque-par-anciens-banquiers\/","og_site_name":"Journal de B\u00e2le et Gen\u00e8ve","article_published_time":"2015-12-15T18:41:45+00:00","article_modified_time":"2015-12-15T18:45:39+00:00","og_image":[{"width":861,"height":886,"url":"https:\/\/bale.ch\/journal\/wp-content\/uploads\/2015\/12\/lesbanquiers.png","type":"image\/png"}],"author":"Natacha de Santignac","twitter_card":"summary_large_image","twitter_misc":{"\u00c9crit par":"Natacha de Santignac","Dur\u00e9e de lecture estim\u00e9e":"2 minutes"},"schema":{"@context":"https:\/\/schema.org","@graph":[{"@type":"Article","@id":"https:\/\/bale.ch\/journal\/banque-par-anciens-banquiers\/#article","isPartOf":{"@id":"https:\/\/bale.ch\/journal\/banque-par-anciens-banquiers\/"},"author":{"name":"Natacha de Santignac","@id":"https:\/\/bale.ch\/journal\/#\/schema\/person\/c9c2f300463adf9091a28673ecb80750"},"headline":"La banque vue par d\u2019anciens banquiers&#8230;","datePublished":"2015-12-15T18:41:45+00:00","dateModified":"2015-12-15T18:45:39+00:00","mainEntityOfPage":{"@id":"https:\/\/bale.ch\/journal\/banque-par-anciens-banquiers\/"},"wordCount":423,"publisher":{"@id":"https:\/\/bale.ch\/journal\/#organization"},"image":{"@id":"https:\/\/bale.ch\/journal\/banque-par-anciens-banquiers\/#primaryimage"},"thumbnailUrl":"https:\/\/bale.ch\/journal\/wp-content\/uploads\/2015\/12\/lesbanquiers.png","articleSection":["Grand Gen\u00e8ve","Sortir"],"inLanguage":"fr-FR"},{"@type":"WebPage","@id":"https:\/\/bale.ch\/journal\/banque-par-anciens-banquiers\/","url":"https:\/\/bale.ch\/journal\/banque-par-anciens-banquiers\/","name":"La banque vue par d\u2019anciens banquiers... - Journal de B\u00e2le et Gen\u00e8ve","isPartOf":{"@id":"https:\/\/bale.ch\/journal\/#website"},"primaryImageOfPage":{"@id":"https:\/\/bale.ch\/journal\/banque-par-anciens-banquiers\/#primaryimage"},"image":{"@id":"https:\/\/bale.ch\/journal\/banque-par-anciens-banquiers\/#primaryimage"},"thumbnailUrl":"https:\/\/bale.ch\/journal\/wp-content\/uploads\/2015\/12\/lesbanquiers.png","datePublished":"2015-12-15T18:41:45+00:00","dateModified":"2015-12-15T18:45:39+00:00","breadcrumb":{"@id":"https:\/\/bale.ch\/journal\/banque-par-anciens-banquiers\/#breadcrumb"},"inLanguage":"fr-FR","potentialAction":[{"@type":"ReadAction","target":["https:\/\/bale.ch\/journal\/banque-par-anciens-banquiers\/"]}]},{"@type":"ImageObject","inLanguage":"fr-FR","@id":"https:\/\/bale.ch\/journal\/banque-par-anciens-banquiers\/#primaryimage","url":"https:\/\/bale.ch\/journal\/wp-content\/uploads\/2015\/12\/lesbanquiers.png","contentUrl":"https:\/\/bale.ch\/journal\/wp-content\/uploads\/2015\/12\/lesbanquiers.png","width":861,"height":886},{"@type":"BreadcrumbList","@id":"https:\/\/bale.ch\/journal\/banque-par-anciens-banquiers\/#breadcrumb","itemListElement":[{"@type":"ListItem","position":1,"name":"Accueil","item":"https:\/\/bale.ch\/journal\/"},{"@type":"ListItem","position":2,"name":"La banque vue par d\u2019anciens banquiers&#8230;"}]},{"@type":"WebSite","@id":"https:\/\/bale.ch\/journal\/#website","url":"https:\/\/bale.ch\/journal\/","name":"Journal de B\u00e2le et Gen\u00e8ve","description":"M\u00e9dia transfrontalier d&#039;actualit\u00e9s - News","publisher":{"@id":"https:\/\/bale.ch\/journal\/#organization"},"potentialAction":[{"@type":"SearchAction","target":{"@type":"EntryPoint","urlTemplate":"https:\/\/bale.ch\/journal\/?s={search_term_string}"},"query-input":{"@type":"PropertyValueSpecification","valueRequired":true,"valueName":"search_term_string"}}],"inLanguage":"fr-FR"},{"@type":"Organization","@id":"https:\/\/bale.ch\/journal\/#organization","name":"Journal de B\u00e2le et Gen\u00e8ve","url":"https:\/\/bale.ch\/journal\/","logo":{"@type":"ImageObject","inLanguage":"fr-FR","@id":"https:\/\/bale.ch\/journal\/#\/schema\/logo\/image\/","url":"https:\/\/bale.ch\/journal\/wp-content\/uploads\/2023\/07\/journaldebale_logo_2023_nb.png","contentUrl":"https:\/\/bale.ch\/journal\/wp-content\/uploads\/2023\/07\/journaldebale_logo_2023_nb.png","width":371,"height":127,"caption":"Journal de B\u00e2le et Gen\u00e8ve"},"image":{"@id":"https:\/\/bale.ch\/journal\/#\/schema\/logo\/image\/"}},{"@type":"Person","@id":"https:\/\/bale.ch\/journal\/#\/schema\/person\/c9c2f300463adf9091a28673ecb80750","name":"Natacha de Santignac","image":{"@type":"ImageObject","inLanguage":"fr-FR","@id":"https:\/\/secure.gravatar.com\/avatar\/bf2e26e0c999fa3e29ea55d852a513d13a609e3bf13537baf6fcc8306b6a0cdf?s=96&d=mm&r=g","url":"https:\/\/secure.gravatar.com\/avatar\/bf2e26e0c999fa3e29ea55d852a513d13a609e3bf13537baf6fcc8306b6a0cdf?s=96&d=mm&r=g","contentUrl":"https:\/\/secure.gravatar.com\/avatar\/bf2e26e0c999fa3e29ea55d852a513d13a609e3bf13537baf6fcc8306b6a0cdf?s=96&d=mm&r=g","caption":"Natacha de Santignac"},"description":"kaleidoscopes.ch","sameAs":["http:\/\/kaleidoscopes.ch"],"url":"https:\/\/bale.ch\/journal\/author\/nds\/"}]}},"_links":{"self":[{"href":"https:\/\/bale.ch\/journal\/wp-json\/wp\/v2\/posts\/312","targetHints":{"allow":["GET"]}}],"collection":[{"href":"https:\/\/bale.ch\/journal\/wp-json\/wp\/v2\/posts"}],"about":[{"href":"https:\/\/bale.ch\/journal\/wp-json\/wp\/v2\/types\/post"}],"author":[{"embeddable":true,"href":"https:\/\/bale.ch\/journal\/wp-json\/wp\/v2\/users\/5"}],"replies":[{"embeddable":true,"href":"https:\/\/bale.ch\/journal\/wp-json\/wp\/v2\/comments?post=312"}],"version-history":[{"count":2,"href":"https:\/\/bale.ch\/journal\/wp-json\/wp\/v2\/posts\/312\/revisions"}],"predecessor-version":[{"id":316,"href":"https:\/\/bale.ch\/journal\/wp-json\/wp\/v2\/posts\/312\/revisions\/316"}],"wp:featuredmedia":[{"embeddable":true,"href":"https:\/\/bale.ch\/journal\/wp-json\/wp\/v2\/media\/315"}],"wp:attachment":[{"href":"https:\/\/bale.ch\/journal\/wp-json\/wp\/v2\/media?parent=312"}],"wp:term":[{"taxonomy":"category","embeddable":true,"href":"https:\/\/bale.ch\/journal\/wp-json\/wp\/v2\/categories?post=312"},{"taxonomy":"post_tag","embeddable":true,"href":"https:\/\/bale.ch\/journal\/wp-json\/wp\/v2\/tags?post=312"}],"curies":[{"name":"wp","href":"https:\/\/api.w.org\/{rel}","templated":true}]}}