{"id":3134,"date":"2023-01-23T20:54:00","date_gmt":"2023-01-23T20:54:00","guid":{"rendered":"http:\/\/bale.ch\/journal\/?p=3134"},"modified":"2023-01-30T18:23:59","modified_gmt":"2023-01-30T18:23:59","slug":"les-nouveaux-bus-electriques-des-bvb-entrent-en-scene-a-bale","status":"publish","type":"post","link":"https:\/\/bale.ch\/journal\/les-nouveaux-bus-electriques-des-bvb-entrent-en-scene-a-bale\/","title":{"rendered":"Les nouveaux bus \u00e9lectriques des BVB entrent en sc\u00e8ne \u00e0 B\u00e2le"},"content":{"rendered":"\n<p class=\"wp-block-paragraph\">Les transports publics b\u00e2lois BVB ach\u00e8tent actuellement 65 bus \u00e9lectriques, dont certains ont d\u00e9j\u00e0 \u00e9t\u00e9 livr\u00e9s et mis en service d\u00e9but janvier 2023. En effet, dans le cadre de la conversion de l&rsquo;ensemble de la flotte d&rsquo;autobus \u00e9lectriques d&rsquo;ici 2027, BVB ach\u00e8te un total de 19 autobus \u00e9lectriques normaux de 12 m\u00e8tres de long, 38 autobus \u00e9lectriques articul\u00e9s de 18 m\u00e8tres et 8 autobus \u00e9lectriques \u00e0 double articulation (25 m\u00e8tres) dans une premi\u00e8re phase d&rsquo;approvisionnement.<\/p>\n\n\n\n<p class=\"wp-block-paragraph\"><strong>Un bus bi-articul\u00e9 pour rejoindre l&rsquo;Euro-Airport<\/strong><\/p>\n\n\n\n<p class=\"wp-block-paragraph\">Les v\u00e9hicules de 25 m\u00e8tres de long sont utilis\u00e9s exclusivement sur la ligne 50, qui relie la gare de B\u00e2le CFF \u00e0 l&rsquo;a\u00e9roport de B\u00e2le-Mulhouse-Fribourg. Aujourd&rsquo;hui, des bus \u00e9lectriques sont d\u00e9j\u00e0 utilis\u00e9s sur cet itin\u00e9raire. Cependant, ce ne sont que de simples bus articul\u00e9s. Le bus \u00e0 double articulation augmente la capacit\u00e9 passagers de 50 %. La capacit\u00e9 passagers gagn\u00e9e est possible avec les bus longs aux m\u00eames co\u00fbts.<\/p><div id=\"crieu-3863297704\" class=\"crieu-content crieu-entity-placement\"><script async src=\"\/\/pagead2.googlesyndication.com\/pagead\/js\/adsbygoogle.js?client=ca-pub-5271584769416742\" crossorigin=\"anonymous\"><\/script><ins class=\"adsbygoogle\" style=\"display:block;\" data-ad-client=\"ca-pub-5271584769416742\" \ndata-ad-slot=\"9321250718\" \ndata-ad-format=\"auto\"><\/ins>\n<script> \n(adsbygoogle = window.adsbygoogle || []).push({}); \n<\/script>\n<\/div>\n\n\n\n<p class=\"wp-block-paragraph\">Les nouveaux v\u00e9hicules seront gar\u00e9s et recharg\u00e9s dans les deux installations provisoires de Klybeck et dans le hall d&rsquo;exposition 3. Le fournisseur d&rsquo;\u00e9nergie b\u00e2lois IWB a fourni l&rsquo;infrastructure de recharge appropri\u00e9e dans les deux installations provisoires, selon BVB. En plus des d\u00e9p\u00f4ts, les bus peuvent \u00e9galement \u00eatre recharg\u00e9s aux arr\u00eats Euro-Airport Verwaltungs et Kleinh\u00fcningen.<\/p>\n\n\n\n<p class=\"wp-block-paragraph\"><strong>Des bus \u00e9lectriques en temps de p\u00e9nurie<\/strong><\/p>\n\n\n\n<p class=\"wp-block-paragraph\">Selon Industrielle Werke Basel, le passage aux e-bus intervient au bon moment malgr\u00e9 la p\u00e9nurie d&rsquo;\u00e9nergie actuelle pusique la situation s&rsquo;est d\u00e9tendue depuis l&rsquo;ann\u00e9e derni\u00e8re. Si l&rsquo;on compare les besoins en \u00e9lectricit\u00e9 des bus aux besoins \u00e9nerg\u00e9tiques totaux du canton de B\u00e2le-Ville, les bus n\u00e9cessiteraient moins d&rsquo;un pour cent des besoins en \u00e9lectricit\u00e9 du canton.<\/p>\n\n\n\n<p class=\"wp-block-paragraph\">Avec la nouvelle flotte de bus, BVB veut r\u00e9duire de nonante pour cent les \u00e9missions de dioxyde de carbone. Ce chiffre est bas\u00e9 sur l&rsquo;hypoth\u00e8se que l&rsquo;\u00e9lectricit\u00e9 n\u00e9cessaire \u00e0 la conduite des bus provient \u00e0 100% d&rsquo;\u00e9nergies renouvelables, ce qui est le cas dans le canton.<\/p>\n<div id=\"crieu-1377182219\" class=\"crieu-apres-le-contenu crieu-entity-placement\" style=\"margin-left: auto;margin-right: auto;text-align: center;\"><script async src=\"\/\/pagead2.googlesyndication.com\/pagead\/js\/adsbygoogle.js?client=ca-pub-5271584769416742\" crossorigin=\"anonymous\"><\/script><ins class=\"adsbygoogle\" style=\"display:block;\" data-ad-client=\"ca-pub-5271584769416742\" \ndata-ad-slot=\"9321250718\" \ndata-ad-format=\"auto\"><\/ins>\n<script> \n(adsbygoogle = window.adsbygoogle || []).push({}); \n<\/script>\n<\/div>","protected":false},"excerpt":{"rendered":"<p>Les transports publics b\u00e2lois BVB ach\u00e8tent actuellement 65 bus \u00e9lectriques, dont certains ont d\u00e9j\u00e0 \u00e9t\u00e9 livr\u00e9s et mis en service d\u00e9but janvier 2023. En effet, dans le cadre de la <a href=\"https:\/\/bale.ch\/journal\/les-nouveaux-bus-electriques-des-bvb-entrent-en-scene-a-bale\/\" class=\"read-more button-fancy -red\"><span class=\"btn-arrow\"><\/span><span class=\"twp-read-more text\">Continuer la lecture<\/span><\/a><\/p>\n","protected":false},"author":43,"featured_media":3135,"comment_status":"closed","ping_status":"closed","sticky":false,"template":"","format":"standard","meta":{"footnotes":""},"categories":[103,7],"tags":[60,35],"class_list":["post-3134","post","type-post","status-publish","format-standard","has-post-thumbnail","hentry","category-actu","category-bale","tag-bale","tag-transports"],"yoast_head":"<!-- This site is optimized with the Yoast SEO plugin v28.3 - https:\/\/yoast.com\/product\/yoast-seo-wordpress\/ -->\n<title>Les nouveaux bus \u00e9lectriques des BVB entrent en sc\u00e8ne \u00e0 B\u00e2le - Journal de B\u00e2le et Gen\u00e8ve<\/title>\n<meta name=\"robots\" content=\"index, follow, max-snippet:-1, max-image-preview:large, max-video-preview:-1\" \/>\n<link rel=\"canonical\" href=\"https:\/\/bale.ch\/journal\/les-nouveaux-bus-electriques-des-bvb-entrent-en-scene-a-bale\/\" \/>\n<meta property=\"og:locale\" content=\"fr_FR\" \/>\n<meta property=\"og:type\" content=\"article\" \/>\n<meta property=\"og:title\" content=\"Les nouveaux bus \u00e9lectriques des BVB entrent en sc\u00e8ne \u00e0 B\u00e2le - Journal de B\u00e2le et Gen\u00e8ve\" \/>\n<meta property=\"og:description\" content=\"Les transports publics b\u00e2lois BVB ach\u00e8tent actuellement 65 bus \u00e9lectriques, dont certains ont d\u00e9j\u00e0 \u00e9t\u00e9 livr\u00e9s et mis en service d\u00e9but janvier 2023. En effet, dans le cadre de la Continuer la lecture\" \/>\n<meta property=\"og:url\" content=\"https:\/\/bale.ch\/journal\/les-nouveaux-bus-electriques-des-bvb-entrent-en-scene-a-bale\/\" \/>\n<meta property=\"og:site_name\" content=\"Journal de B\u00e2le et Gen\u00e8ve\" \/>\n<meta property=\"article:published_time\" content=\"2023-01-23T20:54:00+00:00\" \/>\n<meta property=\"article:modified_time\" content=\"2023-01-30T18:23:59+00:00\" \/>\n<meta property=\"og:image\" content=\"https:\/\/bale.ch\/journal\/wp-content\/uploads\/2023\/01\/bvb_basel_e-bus.jpg\" \/>\n\t<meta property=\"og:image:width\" content=\"900\" \/>\n\t<meta property=\"og:image:height\" content=\"484\" \/>\n\t<meta property=\"og:image:type\" content=\"image\/jpeg\" \/>\n<meta name=\"author\" content=\"Elodie Silva\" \/>\n<meta name=\"twitter:card\" content=\"summary_large_image\" \/>\n<meta name=\"twitter:label1\" content=\"\u00c9crit par\" \/>\n\t<meta name=\"twitter:data1\" content=\"Elodie Silva\" \/>\n\t<meta name=\"twitter:label2\" content=\"Dur\u00e9e de lecture estim\u00e9e\" \/>\n\t<meta name=\"twitter:data2\" content=\"2 minutes\" \/>\n<script type=\"application\/ld+json\" class=\"yoast-schema-graph\">{\"@context\":\"https:\\\/\\\/schema.org\",\"@graph\":[{\"@type\":\"Article\",\"@id\":\"https:\\\/\\\/bale.ch\\\/journal\\\/les-nouveaux-bus-electriques-des-bvb-entrent-en-scene-a-bale\\\/#article\",\"isPartOf\":{\"@id\":\"https:\\\/\\\/bale.ch\\\/journal\\\/les-nouveaux-bus-electriques-des-bvb-entrent-en-scene-a-bale\\\/\"},\"author\":{\"name\":\"Elodie Silva\",\"@id\":\"https:\\\/\\\/bale.ch\\\/journal\\\/#\\\/schema\\\/person\\\/e3e5eeffae523f19b12d7057ced45a2b\"},\"headline\":\"Les nouveaux bus \u00e9lectriques des BVB entrent en sc\u00e8ne \u00e0 B\u00e2le\",\"datePublished\":\"2023-01-23T20:54:00+00:00\",\"dateModified\":\"2023-01-30T18:23:59+00:00\",\"mainEntityOfPage\":{\"@id\":\"https:\\\/\\\/bale.ch\\\/journal\\\/les-nouveaux-bus-electriques-des-bvb-entrent-en-scene-a-bale\\\/\"},\"wordCount\":367,\"publisher\":{\"@id\":\"https:\\\/\\\/bale.ch\\\/journal\\\/#organization\"},\"image\":{\"@id\":\"https:\\\/\\\/bale.ch\\\/journal\\\/les-nouveaux-bus-electriques-des-bvb-entrent-en-scene-a-bale\\\/#primaryimage\"},\"thumbnailUrl\":\"https:\\\/\\\/bale.ch\\\/journal\\\/wp-content\\\/uploads\\\/2023\\\/01\\\/bvb_basel_e-bus.jpg\",\"keywords\":[\"B\u00e2le\",\"Transports\"],\"articleSection\":[\"Actualit\u00e9s\",\"B\u00e2le Trinationale\"],\"inLanguage\":\"fr-FR\"},{\"@type\":\"WebPage\",\"@id\":\"https:\\\/\\\/bale.ch\\\/journal\\\/les-nouveaux-bus-electriques-des-bvb-entrent-en-scene-a-bale\\\/\",\"url\":\"https:\\\/\\\/bale.ch\\\/journal\\\/les-nouveaux-bus-electriques-des-bvb-entrent-en-scene-a-bale\\\/\",\"name\":\"Les nouveaux bus \u00e9lectriques des BVB entrent en sc\u00e8ne \u00e0 B\u00e2le - Journal de B\u00e2le et Gen\u00e8ve\",\"isPartOf\":{\"@id\":\"https:\\\/\\\/bale.ch\\\/journal\\\/#website\"},\"primaryImageOfPage\":{\"@id\":\"https:\\\/\\\/bale.ch\\\/journal\\\/les-nouveaux-bus-electriques-des-bvb-entrent-en-scene-a-bale\\\/#primaryimage\"},\"image\":{\"@id\":\"https:\\\/\\\/bale.ch\\\/journal\\\/les-nouveaux-bus-electriques-des-bvb-entrent-en-scene-a-bale\\\/#primaryimage\"},\"thumbnailUrl\":\"https:\\\/\\\/bale.ch\\\/journal\\\/wp-content\\\/uploads\\\/2023\\\/01\\\/bvb_basel_e-bus.jpg\",\"datePublished\":\"2023-01-23T20:54:00+00:00\",\"dateModified\":\"2023-01-30T18:23:59+00:00\",\"breadcrumb\":{\"@id\":\"https:\\\/\\\/bale.ch\\\/journal\\\/les-nouveaux-bus-electriques-des-bvb-entrent-en-scene-a-bale\\\/#breadcrumb\"},\"inLanguage\":\"fr-FR\",\"potentialAction\":[{\"@type\":\"ReadAction\",\"target\":[\"https:\\\/\\\/bale.ch\\\/journal\\\/les-nouveaux-bus-electriques-des-bvb-entrent-en-scene-a-bale\\\/\"]}]},{\"@type\":\"ImageObject\",\"inLanguage\":\"fr-FR\",\"@id\":\"https:\\\/\\\/bale.ch\\\/journal\\\/les-nouveaux-bus-electriques-des-bvb-entrent-en-scene-a-bale\\\/#primaryimage\",\"url\":\"https:\\\/\\\/bale.ch\\\/journal\\\/wp-content\\\/uploads\\\/2023\\\/01\\\/bvb_basel_e-bus.jpg\",\"contentUrl\":\"https:\\\/\\\/bale.ch\\\/journal\\\/wp-content\\\/uploads\\\/2023\\\/01\\\/bvb_basel_e-bus.jpg\",\"width\":900,\"height\":484},{\"@type\":\"BreadcrumbList\",\"@id\":\"https:\\\/\\\/bale.ch\\\/journal\\\/les-nouveaux-bus-electriques-des-bvb-entrent-en-scene-a-bale\\\/#breadcrumb\",\"itemListElement\":[{\"@type\":\"ListItem\",\"position\":1,\"name\":\"Accueil\",\"item\":\"https:\\\/\\\/bale.ch\\\/journal\\\/\"},{\"@type\":\"ListItem\",\"position\":2,\"name\":\"Les nouveaux bus \u00e9lectriques des BVB entrent en sc\u00e8ne \u00e0 B\u00e2le\"}]},{\"@type\":\"WebSite\",\"@id\":\"https:\\\/\\\/bale.ch\\\/journal\\\/#website\",\"url\":\"https:\\\/\\\/bale.ch\\\/journal\\\/\",\"name\":\"Journal de B\u00e2le et Gen\u00e8ve\",\"description\":\"M\u00e9dia transfrontalier d&#039;actualit\u00e9s - News\",\"publisher\":{\"@id\":\"https:\\\/\\\/bale.ch\\\/journal\\\/#organization\"},\"potentialAction\":[{\"@type\":\"SearchAction\",\"target\":{\"@type\":\"EntryPoint\",\"urlTemplate\":\"https:\\\/\\\/bale.ch\\\/journal\\\/?s={search_term_string}\"},\"query-input\":{\"@type\":\"PropertyValueSpecification\",\"valueRequired\":true,\"valueName\":\"search_term_string\"}}],\"inLanguage\":\"fr-FR\"},{\"@type\":\"Organization\",\"@id\":\"https:\\\/\\\/bale.ch\\\/journal\\\/#organization\",\"name\":\"Journal de B\u00e2le et Gen\u00e8ve\",\"url\":\"https:\\\/\\\/bale.ch\\\/journal\\\/\",\"logo\":{\"@type\":\"ImageObject\",\"inLanguage\":\"fr-FR\",\"@id\":\"https:\\\/\\\/bale.ch\\\/journal\\\/#\\\/schema\\\/logo\\\/image\\\/\",\"url\":\"https:\\\/\\\/bale.ch\\\/journal\\\/wp-content\\\/uploads\\\/2023\\\/07\\\/journaldebale_logo_2023_nb.png\",\"contentUrl\":\"https:\\\/\\\/bale.ch\\\/journal\\\/wp-content\\\/uploads\\\/2023\\\/07\\\/journaldebale_logo_2023_nb.png\",\"width\":371,\"height\":127,\"caption\":\"Journal de B\u00e2le et Gen\u00e8ve\"},\"image\":{\"@id\":\"https:\\\/\\\/bale.ch\\\/journal\\\/#\\\/schema\\\/logo\\\/image\\\/\"}},{\"@type\":\"Person\",\"@id\":\"https:\\\/\\\/bale.ch\\\/journal\\\/#\\\/schema\\\/person\\\/e3e5eeffae523f19b12d7057ced45a2b\",\"name\":\"Elodie Silva\",\"image\":{\"@type\":\"ImageObject\",\"inLanguage\":\"fr-FR\",\"@id\":\"https:\\\/\\\/secure.gravatar.com\\\/avatar\\\/f76593021159ecd3226293e7c461386bfd009157e6c549bc9b418d0a2db47041?s=96&d=mm&r=g\",\"url\":\"https:\\\/\\\/secure.gravatar.com\\\/avatar\\\/f76593021159ecd3226293e7c461386bfd009157e6c549bc9b418d0a2db47041?s=96&d=mm&r=g\",\"contentUrl\":\"https:\\\/\\\/secure.gravatar.com\\\/avatar\\\/f76593021159ecd3226293e7c461386bfd009157e6c549bc9b418d0a2db47041?s=96&d=mm&r=g\",\"caption\":\"Elodie Silva\"},\"url\":\"https:\\\/\\\/bale.ch\\\/journal\\\/author\\\/elodiesilva\\\/\"}]}<\/script>\n<!-- \/ Yoast SEO plugin. -->","yoast_head_json":{"title":"Les nouveaux bus \u00e9lectriques des BVB entrent en sc\u00e8ne \u00e0 B\u00e2le - Journal de B\u00e2le et Gen\u00e8ve","robots":{"index":"index","follow":"follow","max-snippet":"max-snippet:-1","max-image-preview":"max-image-preview:large","max-video-preview":"max-video-preview:-1"},"canonical":"https:\/\/bale.ch\/journal\/les-nouveaux-bus-electriques-des-bvb-entrent-en-scene-a-bale\/","og_locale":"fr_FR","og_type":"article","og_title":"Les nouveaux bus \u00e9lectriques des BVB entrent en sc\u00e8ne \u00e0 B\u00e2le - Journal de B\u00e2le et Gen\u00e8ve","og_description":"Les transports publics b\u00e2lois BVB ach\u00e8tent actuellement 65 bus \u00e9lectriques, dont certains ont d\u00e9j\u00e0 \u00e9t\u00e9 livr\u00e9s et mis en service d\u00e9but janvier 2023. En effet, dans le cadre de la Continuer la lecture","og_url":"https:\/\/bale.ch\/journal\/les-nouveaux-bus-electriques-des-bvb-entrent-en-scene-a-bale\/","og_site_name":"Journal de B\u00e2le et Gen\u00e8ve","article_published_time":"2023-01-23T20:54:00+00:00","article_modified_time":"2023-01-30T18:23:59+00:00","og_image":[{"width":900,"height":484,"url":"https:\/\/bale.ch\/journal\/wp-content\/uploads\/2023\/01\/bvb_basel_e-bus.jpg","type":"image\/jpeg"}],"author":"Elodie Silva","twitter_card":"summary_large_image","twitter_misc":{"\u00c9crit par":"Elodie Silva","Dur\u00e9e de lecture estim\u00e9e":"2 minutes"},"schema":{"@context":"https:\/\/schema.org","@graph":[{"@type":"Article","@id":"https:\/\/bale.ch\/journal\/les-nouveaux-bus-electriques-des-bvb-entrent-en-scene-a-bale\/#article","isPartOf":{"@id":"https:\/\/bale.ch\/journal\/les-nouveaux-bus-electriques-des-bvb-entrent-en-scene-a-bale\/"},"author":{"name":"Elodie Silva","@id":"https:\/\/bale.ch\/journal\/#\/schema\/person\/e3e5eeffae523f19b12d7057ced45a2b"},"headline":"Les nouveaux bus \u00e9lectriques des BVB entrent en sc\u00e8ne \u00e0 B\u00e2le","datePublished":"2023-01-23T20:54:00+00:00","dateModified":"2023-01-30T18:23:59+00:00","mainEntityOfPage":{"@id":"https:\/\/bale.ch\/journal\/les-nouveaux-bus-electriques-des-bvb-entrent-en-scene-a-bale\/"},"wordCount":367,"publisher":{"@id":"https:\/\/bale.ch\/journal\/#organization"},"image":{"@id":"https:\/\/bale.ch\/journal\/les-nouveaux-bus-electriques-des-bvb-entrent-en-scene-a-bale\/#primaryimage"},"thumbnailUrl":"https:\/\/bale.ch\/journal\/wp-content\/uploads\/2023\/01\/bvb_basel_e-bus.jpg","keywords":["B\u00e2le","Transports"],"articleSection":["Actualit\u00e9s","B\u00e2le Trinationale"],"inLanguage":"fr-FR"},{"@type":"WebPage","@id":"https:\/\/bale.ch\/journal\/les-nouveaux-bus-electriques-des-bvb-entrent-en-scene-a-bale\/","url":"https:\/\/bale.ch\/journal\/les-nouveaux-bus-electriques-des-bvb-entrent-en-scene-a-bale\/","name":"Les nouveaux bus \u00e9lectriques des BVB entrent en sc\u00e8ne \u00e0 B\u00e2le - Journal de B\u00e2le et Gen\u00e8ve","isPartOf":{"@id":"https:\/\/bale.ch\/journal\/#website"},"primaryImageOfPage":{"@id":"https:\/\/bale.ch\/journal\/les-nouveaux-bus-electriques-des-bvb-entrent-en-scene-a-bale\/#primaryimage"},"image":{"@id":"https:\/\/bale.ch\/journal\/les-nouveaux-bus-electriques-des-bvb-entrent-en-scene-a-bale\/#primaryimage"},"thumbnailUrl":"https:\/\/bale.ch\/journal\/wp-content\/uploads\/2023\/01\/bvb_basel_e-bus.jpg","datePublished":"2023-01-23T20:54:00+00:00","dateModified":"2023-01-30T18:23:59+00:00","breadcrumb":{"@id":"https:\/\/bale.ch\/journal\/les-nouveaux-bus-electriques-des-bvb-entrent-en-scene-a-bale\/#breadcrumb"},"inLanguage":"fr-FR","potentialAction":[{"@type":"ReadAction","target":["https:\/\/bale.ch\/journal\/les-nouveaux-bus-electriques-des-bvb-entrent-en-scene-a-bale\/"]}]},{"@type":"ImageObject","inLanguage":"fr-FR","@id":"https:\/\/bale.ch\/journal\/les-nouveaux-bus-electriques-des-bvb-entrent-en-scene-a-bale\/#primaryimage","url":"https:\/\/bale.ch\/journal\/wp-content\/uploads\/2023\/01\/bvb_basel_e-bus.jpg","contentUrl":"https:\/\/bale.ch\/journal\/wp-content\/uploads\/2023\/01\/bvb_basel_e-bus.jpg","width":900,"height":484},{"@type":"BreadcrumbList","@id":"https:\/\/bale.ch\/journal\/les-nouveaux-bus-electriques-des-bvb-entrent-en-scene-a-bale\/#breadcrumb","itemListElement":[{"@type":"ListItem","position":1,"name":"Accueil","item":"https:\/\/bale.ch\/journal\/"},{"@type":"ListItem","position":2,"name":"Les nouveaux bus \u00e9lectriques des BVB entrent en sc\u00e8ne \u00e0 B\u00e2le"}]},{"@type":"WebSite","@id":"https:\/\/bale.ch\/journal\/#website","url":"https:\/\/bale.ch\/journal\/","name":"Journal de B\u00e2le et Gen\u00e8ve","description":"M\u00e9dia transfrontalier d&#039;actualit\u00e9s - News","publisher":{"@id":"https:\/\/bale.ch\/journal\/#organization"},"potentialAction":[{"@type":"SearchAction","target":{"@type":"EntryPoint","urlTemplate":"https:\/\/bale.ch\/journal\/?s={search_term_string}"},"query-input":{"@type":"PropertyValueSpecification","valueRequired":true,"valueName":"search_term_string"}}],"inLanguage":"fr-FR"},{"@type":"Organization","@id":"https:\/\/bale.ch\/journal\/#organization","name":"Journal de B\u00e2le et Gen\u00e8ve","url":"https:\/\/bale.ch\/journal\/","logo":{"@type":"ImageObject","inLanguage":"fr-FR","@id":"https:\/\/bale.ch\/journal\/#\/schema\/logo\/image\/","url":"https:\/\/bale.ch\/journal\/wp-content\/uploads\/2023\/07\/journaldebale_logo_2023_nb.png","contentUrl":"https:\/\/bale.ch\/journal\/wp-content\/uploads\/2023\/07\/journaldebale_logo_2023_nb.png","width":371,"height":127,"caption":"Journal de B\u00e2le et Gen\u00e8ve"},"image":{"@id":"https:\/\/bale.ch\/journal\/#\/schema\/logo\/image\/"}},{"@type":"Person","@id":"https:\/\/bale.ch\/journal\/#\/schema\/person\/e3e5eeffae523f19b12d7057ced45a2b","name":"Elodie Silva","image":{"@type":"ImageObject","inLanguage":"fr-FR","@id":"https:\/\/secure.gravatar.com\/avatar\/f76593021159ecd3226293e7c461386bfd009157e6c549bc9b418d0a2db47041?s=96&d=mm&r=g","url":"https:\/\/secure.gravatar.com\/avatar\/f76593021159ecd3226293e7c461386bfd009157e6c549bc9b418d0a2db47041?s=96&d=mm&r=g","contentUrl":"https:\/\/secure.gravatar.com\/avatar\/f76593021159ecd3226293e7c461386bfd009157e6c549bc9b418d0a2db47041?s=96&d=mm&r=g","caption":"Elodie Silva"},"url":"https:\/\/bale.ch\/journal\/author\/elodiesilva\/"}]}},"_links":{"self":[{"href":"https:\/\/bale.ch\/journal\/wp-json\/wp\/v2\/posts\/3134","targetHints":{"allow":["GET"]}}],"collection":[{"href":"https:\/\/bale.ch\/journal\/wp-json\/wp\/v2\/posts"}],"about":[{"href":"https:\/\/bale.ch\/journal\/wp-json\/wp\/v2\/types\/post"}],"author":[{"embeddable":true,"href":"https:\/\/bale.ch\/journal\/wp-json\/wp\/v2\/users\/43"}],"replies":[{"embeddable":true,"href":"https:\/\/bale.ch\/journal\/wp-json\/wp\/v2\/comments?post=3134"}],"version-history":[{"count":2,"href":"https:\/\/bale.ch\/journal\/wp-json\/wp\/v2\/posts\/3134\/revisions"}],"predecessor-version":[{"id":3137,"href":"https:\/\/bale.ch\/journal\/wp-json\/wp\/v2\/posts\/3134\/revisions\/3137"}],"wp:featuredmedia":[{"embeddable":true,"href":"https:\/\/bale.ch\/journal\/wp-json\/wp\/v2\/media\/3135"}],"wp:attachment":[{"href":"https:\/\/bale.ch\/journal\/wp-json\/wp\/v2\/media?parent=3134"}],"wp:term":[{"taxonomy":"category","embeddable":true,"href":"https:\/\/bale.ch\/journal\/wp-json\/wp\/v2\/categories?post=3134"},{"taxonomy":"post_tag","embeddable":true,"href":"https:\/\/bale.ch\/journal\/wp-json\/wp\/v2\/tags?post=3134"}],"curies":[{"name":"wp","href":"https:\/\/api.w.org\/{rel}","templated":true}]}}