{"id":3171,"date":"2023-01-30T17:46:29","date_gmt":"2023-01-30T17:46:29","guid":{"rendered":"http:\/\/bale.ch\/journal\/?p=3171"},"modified":"2023-02-09T18:29:59","modified_gmt":"2023-02-09T18:29:59","slug":"penelope-bagieu-bdfil-lausanne-2023","status":"publish","type":"post","link":"https:\/\/bale.ch\/journal\/penelope-bagieu-bdfil-lausanne-2023\/","title":{"rendered":"P\u00e9n\u00e9lope Bagieu et les Tuniques Bleues au BDFIL, qui d\u00e9m\u00e9nage \u00e0 la gare de Lausanne"},"content":{"rendered":"\n<p class=\"wp-block-paragraph\"><strong>BDFIL change tout. Une nouvelle date, au printemps plut\u00f4t qu&rsquo;\u00e0 l&rsquo;automne. Un nouveau lieu, le quartier de la gare, entre p\u00f4le museal Plateforme 10 et la Rasude en mutation, au lieu de la Riponne. Et enfin un nouveau concept avec des \u00e9v\u00e9nements qui s&rsquo;\u00e9talent sur deux semaines pour s\u00e9duire un public plus large. Avec comme moments forts de cette dix-septi\u00e8me \u00e9dition P\u00e9n\u00e9lope Bagieu, Ta\u00efwan (c&rsquo;est la premi\u00e8re fois qu&rsquo;un pays y est invit\u00e9) et Les Tuniques bleues.<\/strong><\/p>\n\n\n\n<p class=\"wp-block-paragraph\">BDFIL investira donc friches urbaines et hauts lieux de la culture lausannoise, sous les vo\u00fbtes magnifiques de La Rasude, sur la place tr\u00e9pidante de la gare, entre les murs rayonnants de Plateforme 10 et dans les \u00e9chos anim\u00e9s de la Maison de Quartier Sous-Gare. Dans sa nouvelle mouture, BDFIL donne une plus grande place \u00e0 l\u2019accessibilit\u00e9 des publics ainsi qu\u2019\u00e0 la diversit\u00e9 et \u00e0 l\u2019\u00e9galit\u00e9 des repr\u00e9sentations, qu\u2019elles soient de genres, g\u00e9n\u00e9rationnelles, sociales et culturelles. <\/p>\n\n\n\n<h2 class=\"wp-block-heading\">P\u00e9n\u00e9lope Bagieu \u00e0 l&rsquo;honneur<\/h2>\n\n\n<div class=\"wp-block-image\">\n<figure class=\"alignleft size-full is-resized\"><a href=\"https:\/\/bale.ch\/journal\/wp-content\/uploads\/2023\/01\/bdfil_penelope_bagieu_lausanne.jpg\"><img loading=\"lazy\" decoding=\"async\" src=\"https:\/\/bale.ch\/journal\/wp-content\/uploads\/2023\/01\/bdfil_penelope_bagieu_lausanne.jpg\" alt=\"\" class=\"wp-image-3173\" width=\"214\" height=\"307\" srcset=\"https:\/\/bale.ch\/journal\/wp-content\/uploads\/2023\/01\/bdfil_penelope_bagieu_lausanne.jpg 654w, https:\/\/bale.ch\/journal\/wp-content\/uploads\/2023\/01\/bdfil_penelope_bagieu_lausanne-210x300.jpg 210w\" sizes=\"auto, (max-width: 214px) 100vw, 214px\" \/><\/a><figcaption class=\"wp-element-caption\">L\u2019affiche du 17e bdfil sign\u00e9e P\u00e9n\u00e9lope Bagieu.<\/figcaption><\/figure>\n<\/div>\n\n\n<p class=\"wp-block-paragraph\">Et la f\u00eate se poursuivra tout au long de l\u2019ann\u00e9e, avec l\u2019exploration d\u2019un grand enjeu contemporain via <strong>une exposition estivale<\/strong>, con\u00e7ue comme une balade dans la ville et un concours en faveur de la rel\u00e8ve qui a d\u00e9sormais sa propre exposition en automne. Selon St\u00e9phane Montangero, Pr\u00e9sident du Conseil de la Fondation lausannoise pour le rayonnement de la BD: <em>\u00ab\u00a0BDFIL innove et ouvre grand ses portes pour rallier un public le plus divers possible \u00e0 la bande dessin\u00e9e.\u00a0\u00bb<\/em> Il faut dire que la fr\u00e9quentation avait connu une baisse constante ces derni\u00e8res ann\u00e9es. <\/p><div id=\"crieu-2856578519\" class=\"crieu-content crieu-entity-placement\"><script async src=\"\/\/pagead2.googlesyndication.com\/pagead\/js\/adsbygoogle.js?client=ca-pub-5271584769416742\" crossorigin=\"anonymous\"><\/script><ins class=\"adsbygoogle\" style=\"display:block;\" data-ad-client=\"ca-pub-5271584769416742\" \ndata-ad-slot=\"9321250718\" \ndata-ad-format=\"auto\"><\/ins>\n<script> \n(adsbygoogle = window.adsbygoogle || []).push({}); \n<\/script>\n<\/div>\n\n\n\n<p class=\"wp-block-paragraph\">BDFIL se dote aussi d\u00e9sormais d\u2019une grille d\u2019exposition claire, qui devrait \u00eatre reprise d\u2019ann\u00e9es en ann\u00e9es: une exposition consacr\u00e9e \u00e0 l\u2019invit\u00e9\u00b7e d\u2019honneur, cette ann\u00e9e une rencontre en toute intimit\u00e9 <strong>avec la dr\u00f4le et piquante P\u00e9n\u00e9lope Bagieu<\/strong>, l\u2019une des artistes les plus embl\u00e9matiques de la sc\u00e8ne actuelle de la bande dessin\u00e9e et invit\u00e9e d\u2019honneur de cette \u00e9dition ! \u00c0 ce sujet, Ga\u00eblle Kovaliv, co-directrice de BDFIL, rappelle: <em>\u00ab\u00a0Il s\u2019agit de la premi\u00e8re r\u00e9trospective de l\u2019\u0153uvre de l\u2019artiste. Nous sommes tr\u00e8s fi\u00e8res d\u2019accueillir une autrice qui signifie autant pour toute une g\u00e9n\u00e9ration de lecteurs et lectrices.\u00a0\u00bb<\/em><\/p>\n\n\n\n<h2 class=\"wp-block-heading\">Taiwan, premier pays invit\u00e9<\/h2>\n\n\n\n<p class=\"wp-block-paragraph\">Une premi\u00e8re pour BDFIL \u00e9galement : un cycle d\u2019expositions qui mettent \u00e0 l\u2019honneur la bande dessin\u00e9e d\u2019un pays ou d\u2019une r\u00e9gion sp\u00e9cifique. Pour son premier pays invit\u00e9, BDFIL a le plaisir d\u2019accueillir Ta\u00efwan pour <strong>une exposition d\u2019envergure avec des artistes arrivant directement de l\u2019\u00eele<\/strong>. Ta\u00efwan sera le premier pays invit\u00e9 du festival et vous propose un voyage o\u00f9 la bande dessin\u00e9e devient un outil pour d\u00e9fendre la d\u00e9mocratie. <\/p>\n\n\n\n<p class=\"wp-block-paragraph\">BDFIL vous embarque aussi \u00e0 la rencontre des h\u00e9ros de guerre que sont<strong> Les Tuniques bleues<\/strong>, moins belliqueux que pr\u00e9vu. Le festival vous propose encore de d\u00e9couvrir<strong> les magazines de bande dessin\u00e9e pour fillettes du si\u00e8cle dernier<\/strong>, v\u00e9ritable tr\u00e9sor patrimonial du Centre BD de la Ville de Lausanne ; de faire la connaissance de <strong>l\u2019artiste lausannoise Maou<\/strong>, qui a re\u00e7u une carte blanche et qui nous permet d\u2019entrer dans son \u0153uvre et son histoire familiale. <\/p>\n\n\n\n<p class=\"wp-block-paragraph\">Enfin, il ne faudra surtout pas manquer la d\u00e9couverte d\u2019une vingtaine de planches in\u00e9dites, command\u00e9es pour l\u2019occasion et consacr\u00e9es \u00e0 l\u2019enjeu de soci\u00e9t\u00e9 que BDFIL d\u00e9cortique au cours de toute l\u2019ann\u00e9e 2023 : <strong>les sciences<\/strong>. Ce programme sera encore enrichi de rencontres, de d\u00e9dicaces et d\u2019animations. Pour L\u00e9onore Porchet, co-directrice de BDFIL: <em>\u00ab\u00a0Nous voyons BDFIL comme un espace d\u2019\u00e9merveillement, d\u2019\u00e9changes, de r\u00e9flexion et de constitution du savoir. C\u2019est une f\u00eate, un lieu de vie.\u00a0\u00bb<\/em><\/p>\n\n\n\n<p class=\"wp-block-paragraph\">Dernier changement, c&rsquo;est la coop\u00e9rative de librairies autog\u00e9r\u00e9es Basta! qui s\u2019occupera du festival, en remplacement de Payot qui a souhait\u00e9 mettre un terme \u00e0 la collaboration.<\/p>\n\n\n\n<p class=\"wp-block-paragraph\">BDFIL, du 1er au 14 mai 2023, Infos sur <a rel=\"noreferrer noopener\" href=\"http:\/\/bdfil.ch\" target=\"_blank\"><strong>bdfil.ch<\/strong><\/a>.<\/p>\n<div id=\"crieu-4009945057\" class=\"crieu-apres-le-contenu crieu-entity-placement\" style=\"margin-left: auto;margin-right: auto;text-align: center;\"><script async src=\"\/\/pagead2.googlesyndication.com\/pagead\/js\/adsbygoogle.js?client=ca-pub-5271584769416742\" crossorigin=\"anonymous\"><\/script><ins class=\"adsbygoogle\" style=\"display:block;\" data-ad-client=\"ca-pub-5271584769416742\" \ndata-ad-slot=\"9321250718\" \ndata-ad-format=\"auto\"><\/ins>\n<script> \n(adsbygoogle = window.adsbygoogle || []).push({}); \n<\/script>\n<\/div>","protected":false},"excerpt":{"rendered":"<p>BDFIL change tout. Une nouvelle date, au printemps plut\u00f4t qu&rsquo;\u00e0 l&rsquo;automne. Un nouveau lieu, le quartier de la gare, entre p\u00f4le museal Plateforme 10 et la Rasude en mutation, au <a href=\"https:\/\/bale.ch\/journal\/penelope-bagieu-bdfil-lausanne-2023\/\" class=\"read-more button-fancy -red\"><span class=\"btn-arrow\"><\/span><span class=\"twp-read-more text\">Continuer la lecture<\/span><\/a><\/p>\n","protected":false},"author":43,"featured_media":3188,"comment_status":"closed","ping_status":"closed","sticky":false,"template":"","format":"standard","meta":{"footnotes":""},"categories":[103,10,18],"tags":[20,93,55],"class_list":["post-3171","post","type-post","status-publish","format-standard","has-post-thumbnail","hentry","category-actu","category-culture","category-sortir","tag-bande-dessinee","tag-festival","tag-lausanne"],"yoast_head":"<!-- This site is optimized with the Yoast SEO plugin v28.3 - https:\/\/yoast.com\/product\/yoast-seo-wordpress\/ -->\n<title>P\u00e9n\u00e9lope Bagieu et les Tuniques Bleues au BDFIL, qui d\u00e9m\u00e9nage \u00e0 la gare de Lausanne - Journal de B\u00e2le et Gen\u00e8ve<\/title>\n<meta name=\"robots\" content=\"index, follow, max-snippet:-1, max-image-preview:large, max-video-preview:-1\" \/>\n<link rel=\"canonical\" href=\"https:\/\/bale.ch\/journal\/penelope-bagieu-bdfil-lausanne-2023\/\" \/>\n<meta property=\"og:locale\" content=\"fr_FR\" \/>\n<meta property=\"og:type\" content=\"article\" \/>\n<meta property=\"og:title\" content=\"P\u00e9n\u00e9lope Bagieu et les Tuniques Bleues au BDFIL, qui d\u00e9m\u00e9nage \u00e0 la gare de Lausanne - Journal de B\u00e2le et Gen\u00e8ve\" \/>\n<meta property=\"og:description\" content=\"BDFIL change tout. Une nouvelle date, au printemps plut\u00f4t qu&rsquo;\u00e0 l&rsquo;automne. Un nouveau lieu, le quartier de la gare, entre p\u00f4le museal Plateforme 10 et la Rasude en mutation, au Continuer la lecture\" \/>\n<meta property=\"og:url\" content=\"https:\/\/bale.ch\/journal\/penelope-bagieu-bdfil-lausanne-2023\/\" \/>\n<meta property=\"og:site_name\" content=\"Journal de B\u00e2le et Gen\u00e8ve\" \/>\n<meta property=\"article:published_time\" content=\"2023-01-30T17:46:29+00:00\" \/>\n<meta property=\"article:modified_time\" content=\"2023-02-09T18:29:59+00:00\" \/>\n<meta property=\"og:image\" content=\"https:\/\/bale.ch\/journal\/wp-content\/uploads\/2023\/01\/journaldebale-Recovered.jpg\" \/>\n\t<meta property=\"og:image:width\" content=\"900\" \/>\n\t<meta property=\"og:image:height\" content=\"484\" \/>\n\t<meta property=\"og:image:type\" content=\"image\/jpeg\" \/>\n<meta name=\"author\" content=\"Elodie Silva\" \/>\n<meta name=\"twitter:card\" content=\"summary_large_image\" \/>\n<meta name=\"twitter:label1\" content=\"\u00c9crit par\" \/>\n\t<meta name=\"twitter:data1\" content=\"Elodie Silva\" \/>\n\t<meta name=\"twitter:label2\" content=\"Dur\u00e9e de lecture estim\u00e9e\" \/>\n\t<meta name=\"twitter:data2\" content=\"4 minutes\" \/>\n<script type=\"application\/ld+json\" class=\"yoast-schema-graph\">{\"@context\":\"https:\\\/\\\/schema.org\",\"@graph\":[{\"@type\":\"Article\",\"@id\":\"https:\\\/\\\/bale.ch\\\/journal\\\/penelope-bagieu-bdfil-lausanne-2023\\\/#article\",\"isPartOf\":{\"@id\":\"https:\\\/\\\/bale.ch\\\/journal\\\/penelope-bagieu-bdfil-lausanne-2023\\\/\"},\"author\":{\"name\":\"Elodie Silva\",\"@id\":\"https:\\\/\\\/bale.ch\\\/journal\\\/#\\\/schema\\\/person\\\/e3e5eeffae523f19b12d7057ced45a2b\"},\"headline\":\"P\u00e9n\u00e9lope Bagieu et les Tuniques Bleues au BDFIL, qui d\u00e9m\u00e9nage \u00e0 la gare de Lausanne\",\"datePublished\":\"2023-01-30T17:46:29+00:00\",\"dateModified\":\"2023-02-09T18:29:59+00:00\",\"mainEntityOfPage\":{\"@id\":\"https:\\\/\\\/bale.ch\\\/journal\\\/penelope-bagieu-bdfil-lausanne-2023\\\/\"},\"wordCount\":730,\"publisher\":{\"@id\":\"https:\\\/\\\/bale.ch\\\/journal\\\/#organization\"},\"image\":{\"@id\":\"https:\\\/\\\/bale.ch\\\/journal\\\/penelope-bagieu-bdfil-lausanne-2023\\\/#primaryimage\"},\"thumbnailUrl\":\"https:\\\/\\\/bale.ch\\\/journal\\\/wp-content\\\/uploads\\\/2023\\\/01\\\/journaldebale-Recovered.jpg\",\"keywords\":[\"bande dessin\u00e9e\",\"festival\",\"Lausanne\"],\"articleSection\":[\"Actualit\u00e9s\",\"Culture\",\"Sortir\"],\"inLanguage\":\"fr-FR\"},{\"@type\":\"WebPage\",\"@id\":\"https:\\\/\\\/bale.ch\\\/journal\\\/penelope-bagieu-bdfil-lausanne-2023\\\/\",\"url\":\"https:\\\/\\\/bale.ch\\\/journal\\\/penelope-bagieu-bdfil-lausanne-2023\\\/\",\"name\":\"P\u00e9n\u00e9lope Bagieu et les Tuniques Bleues au BDFIL, qui d\u00e9m\u00e9nage \u00e0 la gare de Lausanne - Journal de B\u00e2le et Gen\u00e8ve\",\"isPartOf\":{\"@id\":\"https:\\\/\\\/bale.ch\\\/journal\\\/#website\"},\"primaryImageOfPage\":{\"@id\":\"https:\\\/\\\/bale.ch\\\/journal\\\/penelope-bagieu-bdfil-lausanne-2023\\\/#primaryimage\"},\"image\":{\"@id\":\"https:\\\/\\\/bale.ch\\\/journal\\\/penelope-bagieu-bdfil-lausanne-2023\\\/#primaryimage\"},\"thumbnailUrl\":\"https:\\\/\\\/bale.ch\\\/journal\\\/wp-content\\\/uploads\\\/2023\\\/01\\\/journaldebale-Recovered.jpg\",\"datePublished\":\"2023-01-30T17:46:29+00:00\",\"dateModified\":\"2023-02-09T18:29:59+00:00\",\"breadcrumb\":{\"@id\":\"https:\\\/\\\/bale.ch\\\/journal\\\/penelope-bagieu-bdfil-lausanne-2023\\\/#breadcrumb\"},\"inLanguage\":\"fr-FR\",\"potentialAction\":[{\"@type\":\"ReadAction\",\"target\":[\"https:\\\/\\\/bale.ch\\\/journal\\\/penelope-bagieu-bdfil-lausanne-2023\\\/\"]}]},{\"@type\":\"ImageObject\",\"inLanguage\":\"fr-FR\",\"@id\":\"https:\\\/\\\/bale.ch\\\/journal\\\/penelope-bagieu-bdfil-lausanne-2023\\\/#primaryimage\",\"url\":\"https:\\\/\\\/bale.ch\\\/journal\\\/wp-content\\\/uploads\\\/2023\\\/01\\\/journaldebale-Recovered.jpg\",\"contentUrl\":\"https:\\\/\\\/bale.ch\\\/journal\\\/wp-content\\\/uploads\\\/2023\\\/01\\\/journaldebale-Recovered.jpg\",\"width\":900,\"height\":484},{\"@type\":\"BreadcrumbList\",\"@id\":\"https:\\\/\\\/bale.ch\\\/journal\\\/penelope-bagieu-bdfil-lausanne-2023\\\/#breadcrumb\",\"itemListElement\":[{\"@type\":\"ListItem\",\"position\":1,\"name\":\"Accueil\",\"item\":\"https:\\\/\\\/bale.ch\\\/journal\\\/\"},{\"@type\":\"ListItem\",\"position\":2,\"name\":\"P\u00e9n\u00e9lope Bagieu et les Tuniques Bleues au BDFIL, qui d\u00e9m\u00e9nage \u00e0 la gare de Lausanne\"}]},{\"@type\":\"WebSite\",\"@id\":\"https:\\\/\\\/bale.ch\\\/journal\\\/#website\",\"url\":\"https:\\\/\\\/bale.ch\\\/journal\\\/\",\"name\":\"Journal de B\u00e2le et Gen\u00e8ve\",\"description\":\"M\u00e9dia transfrontalier d&#039;actualit\u00e9s - News\",\"publisher\":{\"@id\":\"https:\\\/\\\/bale.ch\\\/journal\\\/#organization\"},\"potentialAction\":[{\"@type\":\"SearchAction\",\"target\":{\"@type\":\"EntryPoint\",\"urlTemplate\":\"https:\\\/\\\/bale.ch\\\/journal\\\/?s={search_term_string}\"},\"query-input\":{\"@type\":\"PropertyValueSpecification\",\"valueRequired\":true,\"valueName\":\"search_term_string\"}}],\"inLanguage\":\"fr-FR\"},{\"@type\":\"Organization\",\"@id\":\"https:\\\/\\\/bale.ch\\\/journal\\\/#organization\",\"name\":\"Journal de B\u00e2le et Gen\u00e8ve\",\"url\":\"https:\\\/\\\/bale.ch\\\/journal\\\/\",\"logo\":{\"@type\":\"ImageObject\",\"inLanguage\":\"fr-FR\",\"@id\":\"https:\\\/\\\/bale.ch\\\/journal\\\/#\\\/schema\\\/logo\\\/image\\\/\",\"url\":\"https:\\\/\\\/bale.ch\\\/journal\\\/wp-content\\\/uploads\\\/2023\\\/07\\\/journaldebale_logo_2023_nb.png\",\"contentUrl\":\"https:\\\/\\\/bale.ch\\\/journal\\\/wp-content\\\/uploads\\\/2023\\\/07\\\/journaldebale_logo_2023_nb.png\",\"width\":371,\"height\":127,\"caption\":\"Journal de B\u00e2le et Gen\u00e8ve\"},\"image\":{\"@id\":\"https:\\\/\\\/bale.ch\\\/journal\\\/#\\\/schema\\\/logo\\\/image\\\/\"}},{\"@type\":\"Person\",\"@id\":\"https:\\\/\\\/bale.ch\\\/journal\\\/#\\\/schema\\\/person\\\/e3e5eeffae523f19b12d7057ced45a2b\",\"name\":\"Elodie Silva\",\"image\":{\"@type\":\"ImageObject\",\"inLanguage\":\"fr-FR\",\"@id\":\"https:\\\/\\\/secure.gravatar.com\\\/avatar\\\/f76593021159ecd3226293e7c461386bfd009157e6c549bc9b418d0a2db47041?s=96&d=mm&r=g\",\"url\":\"https:\\\/\\\/secure.gravatar.com\\\/avatar\\\/f76593021159ecd3226293e7c461386bfd009157e6c549bc9b418d0a2db47041?s=96&d=mm&r=g\",\"contentUrl\":\"https:\\\/\\\/secure.gravatar.com\\\/avatar\\\/f76593021159ecd3226293e7c461386bfd009157e6c549bc9b418d0a2db47041?s=96&d=mm&r=g\",\"caption\":\"Elodie Silva\"},\"url\":\"https:\\\/\\\/bale.ch\\\/journal\\\/author\\\/elodiesilva\\\/\"}]}<\/script>\n<!-- \/ Yoast SEO plugin. -->","yoast_head_json":{"title":"P\u00e9n\u00e9lope Bagieu et les Tuniques Bleues au BDFIL, qui d\u00e9m\u00e9nage \u00e0 la gare de Lausanne - Journal de B\u00e2le et Gen\u00e8ve","robots":{"index":"index","follow":"follow","max-snippet":"max-snippet:-1","max-image-preview":"max-image-preview:large","max-video-preview":"max-video-preview:-1"},"canonical":"https:\/\/bale.ch\/journal\/penelope-bagieu-bdfil-lausanne-2023\/","og_locale":"fr_FR","og_type":"article","og_title":"P\u00e9n\u00e9lope Bagieu et les Tuniques Bleues au BDFIL, qui d\u00e9m\u00e9nage \u00e0 la gare de Lausanne - Journal de B\u00e2le et Gen\u00e8ve","og_description":"BDFIL change tout. Une nouvelle date, au printemps plut\u00f4t qu&rsquo;\u00e0 l&rsquo;automne. Un nouveau lieu, le quartier de la gare, entre p\u00f4le museal Plateforme 10 et la Rasude en mutation, au Continuer la lecture","og_url":"https:\/\/bale.ch\/journal\/penelope-bagieu-bdfil-lausanne-2023\/","og_site_name":"Journal de B\u00e2le et Gen\u00e8ve","article_published_time":"2023-01-30T17:46:29+00:00","article_modified_time":"2023-02-09T18:29:59+00:00","og_image":[{"width":900,"height":484,"url":"https:\/\/bale.ch\/journal\/wp-content\/uploads\/2023\/01\/journaldebale-Recovered.jpg","type":"image\/jpeg"}],"author":"Elodie Silva","twitter_card":"summary_large_image","twitter_misc":{"\u00c9crit par":"Elodie Silva","Dur\u00e9e de lecture estim\u00e9e":"4 minutes"},"schema":{"@context":"https:\/\/schema.org","@graph":[{"@type":"Article","@id":"https:\/\/bale.ch\/journal\/penelope-bagieu-bdfil-lausanne-2023\/#article","isPartOf":{"@id":"https:\/\/bale.ch\/journal\/penelope-bagieu-bdfil-lausanne-2023\/"},"author":{"name":"Elodie Silva","@id":"https:\/\/bale.ch\/journal\/#\/schema\/person\/e3e5eeffae523f19b12d7057ced45a2b"},"headline":"P\u00e9n\u00e9lope Bagieu et les Tuniques Bleues au BDFIL, qui d\u00e9m\u00e9nage \u00e0 la gare de Lausanne","datePublished":"2023-01-30T17:46:29+00:00","dateModified":"2023-02-09T18:29:59+00:00","mainEntityOfPage":{"@id":"https:\/\/bale.ch\/journal\/penelope-bagieu-bdfil-lausanne-2023\/"},"wordCount":730,"publisher":{"@id":"https:\/\/bale.ch\/journal\/#organization"},"image":{"@id":"https:\/\/bale.ch\/journal\/penelope-bagieu-bdfil-lausanne-2023\/#primaryimage"},"thumbnailUrl":"https:\/\/bale.ch\/journal\/wp-content\/uploads\/2023\/01\/journaldebale-Recovered.jpg","keywords":["bande dessin\u00e9e","festival","Lausanne"],"articleSection":["Actualit\u00e9s","Culture","Sortir"],"inLanguage":"fr-FR"},{"@type":"WebPage","@id":"https:\/\/bale.ch\/journal\/penelope-bagieu-bdfil-lausanne-2023\/","url":"https:\/\/bale.ch\/journal\/penelope-bagieu-bdfil-lausanne-2023\/","name":"P\u00e9n\u00e9lope Bagieu et les Tuniques Bleues au BDFIL, qui d\u00e9m\u00e9nage \u00e0 la gare de Lausanne - Journal de B\u00e2le et Gen\u00e8ve","isPartOf":{"@id":"https:\/\/bale.ch\/journal\/#website"},"primaryImageOfPage":{"@id":"https:\/\/bale.ch\/journal\/penelope-bagieu-bdfil-lausanne-2023\/#primaryimage"},"image":{"@id":"https:\/\/bale.ch\/journal\/penelope-bagieu-bdfil-lausanne-2023\/#primaryimage"},"thumbnailUrl":"https:\/\/bale.ch\/journal\/wp-content\/uploads\/2023\/01\/journaldebale-Recovered.jpg","datePublished":"2023-01-30T17:46:29+00:00","dateModified":"2023-02-09T18:29:59+00:00","breadcrumb":{"@id":"https:\/\/bale.ch\/journal\/penelope-bagieu-bdfil-lausanne-2023\/#breadcrumb"},"inLanguage":"fr-FR","potentialAction":[{"@type":"ReadAction","target":["https:\/\/bale.ch\/journal\/penelope-bagieu-bdfil-lausanne-2023\/"]}]},{"@type":"ImageObject","inLanguage":"fr-FR","@id":"https:\/\/bale.ch\/journal\/penelope-bagieu-bdfil-lausanne-2023\/#primaryimage","url":"https:\/\/bale.ch\/journal\/wp-content\/uploads\/2023\/01\/journaldebale-Recovered.jpg","contentUrl":"https:\/\/bale.ch\/journal\/wp-content\/uploads\/2023\/01\/journaldebale-Recovered.jpg","width":900,"height":484},{"@type":"BreadcrumbList","@id":"https:\/\/bale.ch\/journal\/penelope-bagieu-bdfil-lausanne-2023\/#breadcrumb","itemListElement":[{"@type":"ListItem","position":1,"name":"Accueil","item":"https:\/\/bale.ch\/journal\/"},{"@type":"ListItem","position":2,"name":"P\u00e9n\u00e9lope Bagieu et les Tuniques Bleues au BDFIL, qui d\u00e9m\u00e9nage \u00e0 la gare de Lausanne"}]},{"@type":"WebSite","@id":"https:\/\/bale.ch\/journal\/#website","url":"https:\/\/bale.ch\/journal\/","name":"Journal de B\u00e2le et Gen\u00e8ve","description":"M\u00e9dia transfrontalier d&#039;actualit\u00e9s - News","publisher":{"@id":"https:\/\/bale.ch\/journal\/#organization"},"potentialAction":[{"@type":"SearchAction","target":{"@type":"EntryPoint","urlTemplate":"https:\/\/bale.ch\/journal\/?s={search_term_string}"},"query-input":{"@type":"PropertyValueSpecification","valueRequired":true,"valueName":"search_term_string"}}],"inLanguage":"fr-FR"},{"@type":"Organization","@id":"https:\/\/bale.ch\/journal\/#organization","name":"Journal de B\u00e2le et Gen\u00e8ve","url":"https:\/\/bale.ch\/journal\/","logo":{"@type":"ImageObject","inLanguage":"fr-FR","@id":"https:\/\/bale.ch\/journal\/#\/schema\/logo\/image\/","url":"https:\/\/bale.ch\/journal\/wp-content\/uploads\/2023\/07\/journaldebale_logo_2023_nb.png","contentUrl":"https:\/\/bale.ch\/journal\/wp-content\/uploads\/2023\/07\/journaldebale_logo_2023_nb.png","width":371,"height":127,"caption":"Journal de B\u00e2le et Gen\u00e8ve"},"image":{"@id":"https:\/\/bale.ch\/journal\/#\/schema\/logo\/image\/"}},{"@type":"Person","@id":"https:\/\/bale.ch\/journal\/#\/schema\/person\/e3e5eeffae523f19b12d7057ced45a2b","name":"Elodie Silva","image":{"@type":"ImageObject","inLanguage":"fr-FR","@id":"https:\/\/secure.gravatar.com\/avatar\/f76593021159ecd3226293e7c461386bfd009157e6c549bc9b418d0a2db47041?s=96&d=mm&r=g","url":"https:\/\/secure.gravatar.com\/avatar\/f76593021159ecd3226293e7c461386bfd009157e6c549bc9b418d0a2db47041?s=96&d=mm&r=g","contentUrl":"https:\/\/secure.gravatar.com\/avatar\/f76593021159ecd3226293e7c461386bfd009157e6c549bc9b418d0a2db47041?s=96&d=mm&r=g","caption":"Elodie Silva"},"url":"https:\/\/bale.ch\/journal\/author\/elodiesilva\/"}]}},"_links":{"self":[{"href":"https:\/\/bale.ch\/journal\/wp-json\/wp\/v2\/posts\/3171","targetHints":{"allow":["GET"]}}],"collection":[{"href":"https:\/\/bale.ch\/journal\/wp-json\/wp\/v2\/posts"}],"about":[{"href":"https:\/\/bale.ch\/journal\/wp-json\/wp\/v2\/types\/post"}],"author":[{"embeddable":true,"href":"https:\/\/bale.ch\/journal\/wp-json\/wp\/v2\/users\/43"}],"replies":[{"embeddable":true,"href":"https:\/\/bale.ch\/journal\/wp-json\/wp\/v2\/comments?post=3171"}],"version-history":[{"count":13,"href":"https:\/\/bale.ch\/journal\/wp-json\/wp\/v2\/posts\/3171\/revisions"}],"predecessor-version":[{"id":3191,"href":"https:\/\/bale.ch\/journal\/wp-json\/wp\/v2\/posts\/3171\/revisions\/3191"}],"wp:featuredmedia":[{"embeddable":true,"href":"https:\/\/bale.ch\/journal\/wp-json\/wp\/v2\/media\/3188"}],"wp:attachment":[{"href":"https:\/\/bale.ch\/journal\/wp-json\/wp\/v2\/media?parent=3171"}],"wp:term":[{"taxonomy":"category","embeddable":true,"href":"https:\/\/bale.ch\/journal\/wp-json\/wp\/v2\/categories?post=3171"},{"taxonomy":"post_tag","embeddable":true,"href":"https:\/\/bale.ch\/journal\/wp-json\/wp\/v2\/tags?post=3171"}],"curies":[{"name":"wp","href":"https:\/\/api.w.org\/{rel}","templated":true}]}}