{"id":3193,"date":"2023-02-09T18:02:44","date_gmt":"2023-02-09T18:02:44","guid":{"rendered":"https:\/\/bale.ch\/journal\/?p=3193"},"modified":"2023-02-09T18:14:35","modified_gmt":"2023-02-09T18:14:35","slug":"les-balois-sont-invites-a-debat-sur-le-noeud-ferroviaire-balois","status":"publish","type":"post","link":"https:\/\/bale.ch\/journal\/les-balois-sont-invites-a-debat-sur-le-noeud-ferroviaire-balois\/","title":{"rendered":"Les B\u00e2lois sont invit\u00e9s \u00e0 un dialogue sur le n\u0153ud ferroviaire \u00ab\u00a0c\u0153ur de B\u00e2le\u00a0\u00bb"},"content":{"rendered":"\n<p class=\"wp-block-paragraph\"><strong>Avec la nouvelle liaison entre les gares de B\u00e2le CFF, la gare badoise et celle de Saint-Jean, les trains S-Bahn devraient pouvoir traverser B\u00e2le sans changer de direction.&nbsp;L&rsquo;interconnexion associ\u00e9e des diff\u00e9rentes voies d&rsquo;acc\u00e8s avec les nombreuses nouvelles liaisons directes signifie un bond en avant dans la gamme des services S-Bahn et tient compte de l&rsquo;augmentation pr\u00e9vue du trafic.<\/strong><\/p>\n\n\n\n<p class=\"wp-block-paragraph\">O\u00f9 en est le projet \u00ab Herzst\u00fcck Basel \u00bb (Coeur de B\u00e2le)? Quelles sont les prochaines \u00e9tapes? Comment cela change-t-il la r\u00e9gion de B\u00e2le? Ces questions et d\u2019autres seront approfondies dans le cadre de le cadre d&rsquo;un \u00e9v\u00e9nement auquel les habitants de la r\u00e9gion sont invit\u00e9s, sur <a rel=\"noreferrer noopener\" href=\"https:\/\/translate.google.com\/website?sl=auto&amp;tl=fr&amp;hl=fr&amp;client=webapp&amp;u=https:\/\/www.regbas.ch\/de\/herzstueck-basel-wie-weiter\/\" target=\"_blank\"><strong>inscription<\/strong><\/a> pr\u00e9alable.<\/p>\n\n\n\n<h3 class=\"wp-block-heading\">Le programme<\/h3>\n\n\n\n<p class=\"wp-block-paragraph\"><strong>18h00 : Ouverture des portes et inscriptions<\/strong><\/p><div id=\"crieu-3232202990\" class=\"crieu-content crieu-entity-placement\"><script async src=\"\/\/pagead2.googlesyndication.com\/pagead\/js\/adsbygoogle.js?client=ca-pub-5271584769416742\" crossorigin=\"anonymous\"><\/script><ins class=\"adsbygoogle\" style=\"display:block;\" data-ad-client=\"ca-pub-5271584769416742\" \ndata-ad-slot=\"9321250718\" \ndata-ad-format=\"auto\"><\/ins>\n<script> \n(adsbygoogle = window.adsbygoogle || []).push({}); \n<\/script>\n<\/div>\n\n\n\n<p class=\"wp-block-paragraph\"><strong>18h30 : Accueil par le Dr.&nbsp;Kathrin Amacker<\/strong>&nbsp;, pr\u00e9sidente de la Regio Basiliensis, membre du Conseil universitaire de l&rsquo;Universit\u00e9 de B\u00e2le, ancienne conseill\u00e8re nationale du canton de B\u00e2le-Campagne<\/p>\n\n\n\n<p class=\"wp-block-paragraph\"><strong>18h40 : Contribution \u00ab Planification des infrastructures pour la r\u00e9gion de B\u00e2le et le c\u0153ur \u2013 \u00e9tat d&rsquo;avancement et prochaines \u00e9tapes \u00bb, Marco Galli<\/strong>&nbsp;, coordinateur pour le n\u0153ud ferroviaire de B\u00e2le,&nbsp;<strong>Dr.&nbsp;Thomas Staffelbach<\/strong>&nbsp;, coordinateur g\u00e9n\u00e9ral CFF B\u00e2le<\/p>\n\n\n\n<p class=\"wp-block-paragraph\"><strong>19h00 : Table ronde avec s\u00e9ance de questions\/r\u00e9ponses avec Esther Keller<\/strong>&nbsp;, Conseill\u00e8re cantonale B\u00e2le-Ville, Cheffe du d\u00e9partement Construction et Transport,&nbsp;<strong>Martin D\u00e4twyler<\/strong>&nbsp;, Directeur de la Chambre de commerce de B\u00e2le, Administrateur d&rsquo;arrondissement du Canton de B\u00e2le-Campagne ,&nbsp;<strong>Dr.&nbsp;Patrick Leypoldt<\/strong>&nbsp;, directeur g\u00e9n\u00e9ral d&rsquo;AgglBasel,&nbsp;<strong>Fran\u00e7oise Moser<\/strong>&nbsp;, bourgmestre de Kaiseraugst,&nbsp;<strong><a href=\"https:\/\/www-vcs--blbs-ch.translate.goog\/ueber-uns\/team?_x_tr_sl=auto&amp;_x_tr_tl=fr&amp;_x_tr_hl=fr&amp;_x_tr_pto=wapp\">Florian Schreier<\/a><\/strong>&nbsp;, directeur g\u00e9n\u00e9ral des VCS des deux B\u00e2les,&nbsp;<strong>Dr.&nbsp;Thomas Staffelbach<\/strong>&nbsp;, coordinateur g\u00e9n\u00e9ral CFF B\u00e2le,&nbsp;<strong>mod\u00e9ration : Katja Haas<\/strong>&nbsp;, journaliste Telebasel<\/p>\n\n\n\n<p class=\"wp-block-paragraph\"><strong>20h00 : Mot de cl\u00f4ture du Dr.&nbsp;Karin K\u00e4lin Neuner-Jehle<\/strong>&nbsp;, co-pr\u00e9sidente de l&rsquo;Association pour une r\u00e9gion forte de B\u00e2le\/Suisse du Nord-Ouest, Conseil cantonal de Soleure<\/p>\n\n\n\n<p class=\"wp-block-paragraph\">Ensuite, un ap\u00e9ritif offre l&rsquo;occasion d&rsquo;\u00e9changer des id\u00e9es.<\/p>\n\n\n\n<p class=\"wp-block-paragraph\">15 f\u00e9vrier 2023 <br>memox.world B\u00e2le CFF, <br>Peter-Merian-Strasse 80<\/p>\n<div id=\"crieu-4260261743\" class=\"crieu-apres-le-contenu crieu-entity-placement\" style=\"margin-left: auto;margin-right: auto;text-align: center;\"><script async src=\"\/\/pagead2.googlesyndication.com\/pagead\/js\/adsbygoogle.js?client=ca-pub-5271584769416742\" crossorigin=\"anonymous\"><\/script><ins class=\"adsbygoogle\" style=\"display:block;\" data-ad-client=\"ca-pub-5271584769416742\" \ndata-ad-slot=\"9321250718\" \ndata-ad-format=\"auto\"><\/ins>\n<script> \n(adsbygoogle = window.adsbygoogle || []).push({}); \n<\/script>\n<\/div>","protected":false},"excerpt":{"rendered":"<p>Avec la nouvelle liaison entre les gares de B\u00e2le CFF, la gare badoise et celle de Saint-Jean, les trains S-Bahn devraient pouvoir traverser B\u00e2le sans changer de direction.&nbsp;L&rsquo;interconnexion associ\u00e9e des <a href=\"https:\/\/bale.ch\/journal\/les-balois-sont-invites-a-debat-sur-le-noeud-ferroviaire-balois\/\" class=\"read-more button-fancy -red\"><span class=\"btn-arrow\"><\/span><span class=\"twp-read-more text\">Continuer la lecture<\/span><\/a><\/p>\n","protected":false},"author":2,"featured_media":3194,"comment_status":"closed","ping_status":"closed","sticky":false,"template":"","format":"standard","meta":{"footnotes":""},"categories":[7,18],"tags":[216,217,35],"class_list":["post-3193","post","type-post","status-publish","format-standard","has-post-thumbnail","hentry","category-bale","category-sortir","tag-debat","tag-grand-bale","tag-transports"],"yoast_head":"<!-- This site is optimized with the Yoast SEO plugin v28.3 - https:\/\/yoast.com\/product\/yoast-seo-wordpress\/ -->\n<title>Les B\u00e2lois sont invit\u00e9s \u00e0 un dialogue sur le n\u0153ud ferroviaire &quot;c\u0153ur de B\u00e2le&quot; - Journal de B\u00e2le et Gen\u00e8ve<\/title>\n<meta name=\"robots\" content=\"index, follow, max-snippet:-1, max-image-preview:large, max-video-preview:-1\" \/>\n<link rel=\"canonical\" href=\"https:\/\/bale.ch\/journal\/les-balois-sont-invites-a-debat-sur-le-noeud-ferroviaire-balois\/\" \/>\n<meta property=\"og:locale\" content=\"fr_FR\" \/>\n<meta property=\"og:type\" content=\"article\" \/>\n<meta property=\"og:title\" content=\"Les B\u00e2lois sont invit\u00e9s \u00e0 un dialogue sur le n\u0153ud ferroviaire &quot;c\u0153ur de B\u00e2le&quot; - Journal de B\u00e2le et Gen\u00e8ve\" \/>\n<meta property=\"og:description\" content=\"Avec la nouvelle liaison entre les gares de B\u00e2le CFF, la gare badoise et celle de Saint-Jean, les trains S-Bahn devraient pouvoir traverser B\u00e2le sans changer de direction.&nbsp;L&rsquo;interconnexion associ\u00e9e des Continuer la lecture\" \/>\n<meta property=\"og:url\" content=\"https:\/\/bale.ch\/journal\/les-balois-sont-invites-a-debat-sur-le-noeud-ferroviaire-balois\/\" \/>\n<meta property=\"og:site_name\" content=\"Journal de B\u00e2le et Gen\u00e8ve\" \/>\n<meta property=\"article:published_time\" content=\"2023-02-09T18:02:44+00:00\" \/>\n<meta property=\"article:modified_time\" content=\"2023-02-09T18:14:35+00:00\" \/>\n<meta property=\"og:image\" content=\"https:\/\/bale.ch\/journal\/wp-content\/uploads\/2023\/02\/bale_cff_basel_sbb.jpg\" \/>\n\t<meta property=\"og:image:width\" content=\"900\" \/>\n\t<meta property=\"og:image:height\" content=\"484\" \/>\n\t<meta property=\"og:image:type\" content=\"image\/jpeg\" \/>\n<meta name=\"author\" content=\"La R\u00e9daction\" \/>\n<meta name=\"twitter:card\" content=\"summary_large_image\" \/>\n<meta name=\"twitter:label1\" content=\"\u00c9crit par\" \/>\n\t<meta name=\"twitter:data1\" content=\"La R\u00e9daction\" \/>\n\t<meta name=\"twitter:label2\" content=\"Dur\u00e9e de lecture estim\u00e9e\" \/>\n\t<meta name=\"twitter:data2\" content=\"2 minutes\" \/>\n<script type=\"application\/ld+json\" class=\"yoast-schema-graph\">{\"@context\":\"https:\\\/\\\/schema.org\",\"@graph\":[{\"@type\":\"Article\",\"@id\":\"https:\\\/\\\/bale.ch\\\/journal\\\/les-balois-sont-invites-a-debat-sur-le-noeud-ferroviaire-balois\\\/#article\",\"isPartOf\":{\"@id\":\"https:\\\/\\\/bale.ch\\\/journal\\\/les-balois-sont-invites-a-debat-sur-le-noeud-ferroviaire-balois\\\/\"},\"author\":{\"name\":\"La R\u00e9daction\",\"@id\":\"https:\\\/\\\/bale.ch\\\/journal\\\/#\\\/schema\\\/person\\\/03ced978db3b7a5274c5cef003f352f5\"},\"headline\":\"Les B\u00e2lois sont invit\u00e9s \u00e0 un dialogue sur le n\u0153ud ferroviaire \u00ab\u00a0c\u0153ur de B\u00e2le\u00a0\u00bb\",\"datePublished\":\"2023-02-09T18:02:44+00:00\",\"dateModified\":\"2023-02-09T18:14:35+00:00\",\"mainEntityOfPage\":{\"@id\":\"https:\\\/\\\/bale.ch\\\/journal\\\/les-balois-sont-invites-a-debat-sur-le-noeud-ferroviaire-balois\\\/\"},\"wordCount\":389,\"publisher\":{\"@id\":\"https:\\\/\\\/bale.ch\\\/journal\\\/#organization\"},\"image\":{\"@id\":\"https:\\\/\\\/bale.ch\\\/journal\\\/les-balois-sont-invites-a-debat-sur-le-noeud-ferroviaire-balois\\\/#primaryimage\"},\"thumbnailUrl\":\"https:\\\/\\\/bale.ch\\\/journal\\\/wp-content\\\/uploads\\\/2023\\\/02\\\/bale_cff_basel_sbb.jpg\",\"keywords\":[\"D\u00e9bat\",\"Grand B\u00e2le\",\"Transports\"],\"articleSection\":[\"B\u00e2le Trinationale\",\"Sortir\"],\"inLanguage\":\"fr-FR\"},{\"@type\":\"WebPage\",\"@id\":\"https:\\\/\\\/bale.ch\\\/journal\\\/les-balois-sont-invites-a-debat-sur-le-noeud-ferroviaire-balois\\\/\",\"url\":\"https:\\\/\\\/bale.ch\\\/journal\\\/les-balois-sont-invites-a-debat-sur-le-noeud-ferroviaire-balois\\\/\",\"name\":\"Les B\u00e2lois sont invit\u00e9s \u00e0 un dialogue sur le n\u0153ud ferroviaire \\\"c\u0153ur de B\u00e2le\\\" - Journal de B\u00e2le et Gen\u00e8ve\",\"isPartOf\":{\"@id\":\"https:\\\/\\\/bale.ch\\\/journal\\\/#website\"},\"primaryImageOfPage\":{\"@id\":\"https:\\\/\\\/bale.ch\\\/journal\\\/les-balois-sont-invites-a-debat-sur-le-noeud-ferroviaire-balois\\\/#primaryimage\"},\"image\":{\"@id\":\"https:\\\/\\\/bale.ch\\\/journal\\\/les-balois-sont-invites-a-debat-sur-le-noeud-ferroviaire-balois\\\/#primaryimage\"},\"thumbnailUrl\":\"https:\\\/\\\/bale.ch\\\/journal\\\/wp-content\\\/uploads\\\/2023\\\/02\\\/bale_cff_basel_sbb.jpg\",\"datePublished\":\"2023-02-09T18:02:44+00:00\",\"dateModified\":\"2023-02-09T18:14:35+00:00\",\"breadcrumb\":{\"@id\":\"https:\\\/\\\/bale.ch\\\/journal\\\/les-balois-sont-invites-a-debat-sur-le-noeud-ferroviaire-balois\\\/#breadcrumb\"},\"inLanguage\":\"fr-FR\",\"potentialAction\":[{\"@type\":\"ReadAction\",\"target\":[\"https:\\\/\\\/bale.ch\\\/journal\\\/les-balois-sont-invites-a-debat-sur-le-noeud-ferroviaire-balois\\\/\"]}]},{\"@type\":\"ImageObject\",\"inLanguage\":\"fr-FR\",\"@id\":\"https:\\\/\\\/bale.ch\\\/journal\\\/les-balois-sont-invites-a-debat-sur-le-noeud-ferroviaire-balois\\\/#primaryimage\",\"url\":\"https:\\\/\\\/bale.ch\\\/journal\\\/wp-content\\\/uploads\\\/2023\\\/02\\\/bale_cff_basel_sbb.jpg\",\"contentUrl\":\"https:\\\/\\\/bale.ch\\\/journal\\\/wp-content\\\/uploads\\\/2023\\\/02\\\/bale_cff_basel_sbb.jpg\",\"width\":900,\"height\":484},{\"@type\":\"BreadcrumbList\",\"@id\":\"https:\\\/\\\/bale.ch\\\/journal\\\/les-balois-sont-invites-a-debat-sur-le-noeud-ferroviaire-balois\\\/#breadcrumb\",\"itemListElement\":[{\"@type\":\"ListItem\",\"position\":1,\"name\":\"Accueil\",\"item\":\"https:\\\/\\\/bale.ch\\\/journal\\\/\"},{\"@type\":\"ListItem\",\"position\":2,\"name\":\"Les B\u00e2lois sont invit\u00e9s \u00e0 un dialogue sur le n\u0153ud ferroviaire \u00ab\u00a0c\u0153ur de B\u00e2le\u00a0\u00bb\"}]},{\"@type\":\"WebSite\",\"@id\":\"https:\\\/\\\/bale.ch\\\/journal\\\/#website\",\"url\":\"https:\\\/\\\/bale.ch\\\/journal\\\/\",\"name\":\"Journal de B\u00e2le et Gen\u00e8ve\",\"description\":\"M\u00e9dia transfrontalier d&#039;actualit\u00e9s - News\",\"publisher\":{\"@id\":\"https:\\\/\\\/bale.ch\\\/journal\\\/#organization\"},\"potentialAction\":[{\"@type\":\"SearchAction\",\"target\":{\"@type\":\"EntryPoint\",\"urlTemplate\":\"https:\\\/\\\/bale.ch\\\/journal\\\/?s={search_term_string}\"},\"query-input\":{\"@type\":\"PropertyValueSpecification\",\"valueRequired\":true,\"valueName\":\"search_term_string\"}}],\"inLanguage\":\"fr-FR\"},{\"@type\":\"Organization\",\"@id\":\"https:\\\/\\\/bale.ch\\\/journal\\\/#organization\",\"name\":\"Journal de B\u00e2le et Gen\u00e8ve\",\"url\":\"https:\\\/\\\/bale.ch\\\/journal\\\/\",\"logo\":{\"@type\":\"ImageObject\",\"inLanguage\":\"fr-FR\",\"@id\":\"https:\\\/\\\/bale.ch\\\/journal\\\/#\\\/schema\\\/logo\\\/image\\\/\",\"url\":\"https:\\\/\\\/bale.ch\\\/journal\\\/wp-content\\\/uploads\\\/2023\\\/07\\\/journaldebale_logo_2023_nb.png\",\"contentUrl\":\"https:\\\/\\\/bale.ch\\\/journal\\\/wp-content\\\/uploads\\\/2023\\\/07\\\/journaldebale_logo_2023_nb.png\",\"width\":371,\"height\":127,\"caption\":\"Journal de B\u00e2le et Gen\u00e8ve\"},\"image\":{\"@id\":\"https:\\\/\\\/bale.ch\\\/journal\\\/#\\\/schema\\\/logo\\\/image\\\/\"}},{\"@type\":\"Person\",\"@id\":\"https:\\\/\\\/bale.ch\\\/journal\\\/#\\\/schema\\\/person\\\/03ced978db3b7a5274c5cef003f352f5\",\"name\":\"La R\u00e9daction\",\"image\":{\"@type\":\"ImageObject\",\"inLanguage\":\"fr-FR\",\"@id\":\"https:\\\/\\\/secure.gravatar.com\\\/avatar\\\/d1327e2ce8d2b860112f968a3f34686c9bdda7a463a1502cdd1070ac9d88cf1e?s=96&d=mm&r=g\",\"url\":\"https:\\\/\\\/secure.gravatar.com\\\/avatar\\\/d1327e2ce8d2b860112f968a3f34686c9bdda7a463a1502cdd1070ac9d88cf1e?s=96&d=mm&r=g\",\"contentUrl\":\"https:\\\/\\\/secure.gravatar.com\\\/avatar\\\/d1327e2ce8d2b860112f968a3f34686c9bdda7a463a1502cdd1070ac9d88cf1e?s=96&d=mm&r=g\",\"caption\":\"La R\u00e9daction\"},\"url\":\"https:\\\/\\\/bale.ch\\\/journal\\\/author\\\/laredaction\\\/\"}]}<\/script>\n<!-- \/ Yoast SEO plugin. -->","yoast_head_json":{"title":"Les B\u00e2lois sont invit\u00e9s \u00e0 un dialogue sur le n\u0153ud ferroviaire \"c\u0153ur de B\u00e2le\" - Journal de B\u00e2le et Gen\u00e8ve","robots":{"index":"index","follow":"follow","max-snippet":"max-snippet:-1","max-image-preview":"max-image-preview:large","max-video-preview":"max-video-preview:-1"},"canonical":"https:\/\/bale.ch\/journal\/les-balois-sont-invites-a-debat-sur-le-noeud-ferroviaire-balois\/","og_locale":"fr_FR","og_type":"article","og_title":"Les B\u00e2lois sont invit\u00e9s \u00e0 un dialogue sur le n\u0153ud ferroviaire \"c\u0153ur de B\u00e2le\" - Journal de B\u00e2le et Gen\u00e8ve","og_description":"Avec la nouvelle liaison entre les gares de B\u00e2le CFF, la gare badoise et celle de Saint-Jean, les trains S-Bahn devraient pouvoir traverser B\u00e2le sans changer de direction.&nbsp;L&rsquo;interconnexion associ\u00e9e des Continuer la lecture","og_url":"https:\/\/bale.ch\/journal\/les-balois-sont-invites-a-debat-sur-le-noeud-ferroviaire-balois\/","og_site_name":"Journal de B\u00e2le et Gen\u00e8ve","article_published_time":"2023-02-09T18:02:44+00:00","article_modified_time":"2023-02-09T18:14:35+00:00","og_image":[{"width":900,"height":484,"url":"https:\/\/bale.ch\/journal\/wp-content\/uploads\/2023\/02\/bale_cff_basel_sbb.jpg","type":"image\/jpeg"}],"author":"La R\u00e9daction","twitter_card":"summary_large_image","twitter_misc":{"\u00c9crit par":"La R\u00e9daction","Dur\u00e9e de lecture estim\u00e9e":"2 minutes"},"schema":{"@context":"https:\/\/schema.org","@graph":[{"@type":"Article","@id":"https:\/\/bale.ch\/journal\/les-balois-sont-invites-a-debat-sur-le-noeud-ferroviaire-balois\/#article","isPartOf":{"@id":"https:\/\/bale.ch\/journal\/les-balois-sont-invites-a-debat-sur-le-noeud-ferroviaire-balois\/"},"author":{"name":"La R\u00e9daction","@id":"https:\/\/bale.ch\/journal\/#\/schema\/person\/03ced978db3b7a5274c5cef003f352f5"},"headline":"Les B\u00e2lois sont invit\u00e9s \u00e0 un dialogue sur le n\u0153ud ferroviaire \u00ab\u00a0c\u0153ur de B\u00e2le\u00a0\u00bb","datePublished":"2023-02-09T18:02:44+00:00","dateModified":"2023-02-09T18:14:35+00:00","mainEntityOfPage":{"@id":"https:\/\/bale.ch\/journal\/les-balois-sont-invites-a-debat-sur-le-noeud-ferroviaire-balois\/"},"wordCount":389,"publisher":{"@id":"https:\/\/bale.ch\/journal\/#organization"},"image":{"@id":"https:\/\/bale.ch\/journal\/les-balois-sont-invites-a-debat-sur-le-noeud-ferroviaire-balois\/#primaryimage"},"thumbnailUrl":"https:\/\/bale.ch\/journal\/wp-content\/uploads\/2023\/02\/bale_cff_basel_sbb.jpg","keywords":["D\u00e9bat","Grand B\u00e2le","Transports"],"articleSection":["B\u00e2le Trinationale","Sortir"],"inLanguage":"fr-FR"},{"@type":"WebPage","@id":"https:\/\/bale.ch\/journal\/les-balois-sont-invites-a-debat-sur-le-noeud-ferroviaire-balois\/","url":"https:\/\/bale.ch\/journal\/les-balois-sont-invites-a-debat-sur-le-noeud-ferroviaire-balois\/","name":"Les B\u00e2lois sont invit\u00e9s \u00e0 un dialogue sur le n\u0153ud ferroviaire \"c\u0153ur de B\u00e2le\" - Journal de B\u00e2le et Gen\u00e8ve","isPartOf":{"@id":"https:\/\/bale.ch\/journal\/#website"},"primaryImageOfPage":{"@id":"https:\/\/bale.ch\/journal\/les-balois-sont-invites-a-debat-sur-le-noeud-ferroviaire-balois\/#primaryimage"},"image":{"@id":"https:\/\/bale.ch\/journal\/les-balois-sont-invites-a-debat-sur-le-noeud-ferroviaire-balois\/#primaryimage"},"thumbnailUrl":"https:\/\/bale.ch\/journal\/wp-content\/uploads\/2023\/02\/bale_cff_basel_sbb.jpg","datePublished":"2023-02-09T18:02:44+00:00","dateModified":"2023-02-09T18:14:35+00:00","breadcrumb":{"@id":"https:\/\/bale.ch\/journal\/les-balois-sont-invites-a-debat-sur-le-noeud-ferroviaire-balois\/#breadcrumb"},"inLanguage":"fr-FR","potentialAction":[{"@type":"ReadAction","target":["https:\/\/bale.ch\/journal\/les-balois-sont-invites-a-debat-sur-le-noeud-ferroviaire-balois\/"]}]},{"@type":"ImageObject","inLanguage":"fr-FR","@id":"https:\/\/bale.ch\/journal\/les-balois-sont-invites-a-debat-sur-le-noeud-ferroviaire-balois\/#primaryimage","url":"https:\/\/bale.ch\/journal\/wp-content\/uploads\/2023\/02\/bale_cff_basel_sbb.jpg","contentUrl":"https:\/\/bale.ch\/journal\/wp-content\/uploads\/2023\/02\/bale_cff_basel_sbb.jpg","width":900,"height":484},{"@type":"BreadcrumbList","@id":"https:\/\/bale.ch\/journal\/les-balois-sont-invites-a-debat-sur-le-noeud-ferroviaire-balois\/#breadcrumb","itemListElement":[{"@type":"ListItem","position":1,"name":"Accueil","item":"https:\/\/bale.ch\/journal\/"},{"@type":"ListItem","position":2,"name":"Les B\u00e2lois sont invit\u00e9s \u00e0 un dialogue sur le n\u0153ud ferroviaire \u00ab\u00a0c\u0153ur de B\u00e2le\u00a0\u00bb"}]},{"@type":"WebSite","@id":"https:\/\/bale.ch\/journal\/#website","url":"https:\/\/bale.ch\/journal\/","name":"Journal de B\u00e2le et Gen\u00e8ve","description":"M\u00e9dia transfrontalier d&#039;actualit\u00e9s - News","publisher":{"@id":"https:\/\/bale.ch\/journal\/#organization"},"potentialAction":[{"@type":"SearchAction","target":{"@type":"EntryPoint","urlTemplate":"https:\/\/bale.ch\/journal\/?s={search_term_string}"},"query-input":{"@type":"PropertyValueSpecification","valueRequired":true,"valueName":"search_term_string"}}],"inLanguage":"fr-FR"},{"@type":"Organization","@id":"https:\/\/bale.ch\/journal\/#organization","name":"Journal de B\u00e2le et Gen\u00e8ve","url":"https:\/\/bale.ch\/journal\/","logo":{"@type":"ImageObject","inLanguage":"fr-FR","@id":"https:\/\/bale.ch\/journal\/#\/schema\/logo\/image\/","url":"https:\/\/bale.ch\/journal\/wp-content\/uploads\/2023\/07\/journaldebale_logo_2023_nb.png","contentUrl":"https:\/\/bale.ch\/journal\/wp-content\/uploads\/2023\/07\/journaldebale_logo_2023_nb.png","width":371,"height":127,"caption":"Journal de B\u00e2le et Gen\u00e8ve"},"image":{"@id":"https:\/\/bale.ch\/journal\/#\/schema\/logo\/image\/"}},{"@type":"Person","@id":"https:\/\/bale.ch\/journal\/#\/schema\/person\/03ced978db3b7a5274c5cef003f352f5","name":"La R\u00e9daction","image":{"@type":"ImageObject","inLanguage":"fr-FR","@id":"https:\/\/secure.gravatar.com\/avatar\/d1327e2ce8d2b860112f968a3f34686c9bdda7a463a1502cdd1070ac9d88cf1e?s=96&d=mm&r=g","url":"https:\/\/secure.gravatar.com\/avatar\/d1327e2ce8d2b860112f968a3f34686c9bdda7a463a1502cdd1070ac9d88cf1e?s=96&d=mm&r=g","contentUrl":"https:\/\/secure.gravatar.com\/avatar\/d1327e2ce8d2b860112f968a3f34686c9bdda7a463a1502cdd1070ac9d88cf1e?s=96&d=mm&r=g","caption":"La R\u00e9daction"},"url":"https:\/\/bale.ch\/journal\/author\/laredaction\/"}]}},"_links":{"self":[{"href":"https:\/\/bale.ch\/journal\/wp-json\/wp\/v2\/posts\/3193","targetHints":{"allow":["GET"]}}],"collection":[{"href":"https:\/\/bale.ch\/journal\/wp-json\/wp\/v2\/posts"}],"about":[{"href":"https:\/\/bale.ch\/journal\/wp-json\/wp\/v2\/types\/post"}],"author":[{"embeddable":true,"href":"https:\/\/bale.ch\/journal\/wp-json\/wp\/v2\/users\/2"}],"replies":[{"embeddable":true,"href":"https:\/\/bale.ch\/journal\/wp-json\/wp\/v2\/comments?post=3193"}],"version-history":[{"count":6,"href":"https:\/\/bale.ch\/journal\/wp-json\/wp\/v2\/posts\/3193\/revisions"}],"predecessor-version":[{"id":3200,"href":"https:\/\/bale.ch\/journal\/wp-json\/wp\/v2\/posts\/3193\/revisions\/3200"}],"wp:featuredmedia":[{"embeddable":true,"href":"https:\/\/bale.ch\/journal\/wp-json\/wp\/v2\/media\/3194"}],"wp:attachment":[{"href":"https:\/\/bale.ch\/journal\/wp-json\/wp\/v2\/media?parent=3193"}],"wp:term":[{"taxonomy":"category","embeddable":true,"href":"https:\/\/bale.ch\/journal\/wp-json\/wp\/v2\/categories?post=3193"},{"taxonomy":"post_tag","embeddable":true,"href":"https:\/\/bale.ch\/journal\/wp-json\/wp\/v2\/tags?post=3193"}],"curies":[{"name":"wp","href":"https:\/\/api.w.org\/{rel}","templated":true}]}}