{"id":3201,"date":"2023-02-09T18:19:24","date_gmt":"2023-02-09T18:19:24","guid":{"rendered":"https:\/\/bale.ch\/journal\/?p=3201"},"modified":"2023-02-09T18:22:51","modified_gmt":"2023-02-09T18:22:51","slug":"de-nouveaux-commerces-a-la-gare-de-bale-cff","status":"publish","type":"post","link":"https:\/\/bale.ch\/journal\/de-nouveaux-commerces-a-la-gare-de-bale-cff\/","title":{"rendered":"De nouveaux commerces arrivent en gare de B\u00e2le CFF"},"content":{"rendered":"\n<p class=\"wp-block-paragraph\">Un restaurant gastronomique ouvrira fin 2023 dans l&rsquo;aile ouest de B\u00e2le.&nbsp;Son concept est con\u00e7u par le chef \u00e9toil\u00e9 Pascal Steffen en tant que conseiller, tandis qu&rsquo;il continue \u00e0 cuisiner au Roots \u00e0 B\u00e2le.&nbsp;A cela s&rsquo;ajoute le premier Montreux Jazz Caf\u00e9 de Suisse al\u00e9manique, ainsi que d&rsquo;autres options gastronomiques et fitness.\u202f<\/p>\n\n\n\n<p class=\"wp-block-paragraph\">Il a fallu un peu plus de quatre ans pour retirer le tissu historique de l&rsquo;aile ouest de B\u00e2le et moderniser le b\u00e2timent.&nbsp;L&rsquo;aile ouest a ouvert au public \u00e0 l&rsquo;\u00e9t\u00e9 2021, mais pas avec la gamme compl\u00e8te pr\u00e9vue en raison de la pand\u00e9mie.&nbsp;Apr\u00e8s une recherche minutieuse, quatre concepts ont \u00e9t\u00e9 trouv\u00e9s pour d\u00e9velopper davantage l&rsquo;offre de la gare et renforcer l&rsquo;attractivit\u00e9 de la gare de B\u00e2le CFF : un restaurant gastronomique dont le concept a \u00e9t\u00e9 con\u00e7u en concertation avec le chef \u00e9toil\u00e9 Pascal Steffen , le premier Montreux Jazz Caf\u00e9 de Suisse al\u00e9manique, et l&rsquo;offre Central gastro Grill et le concept de fitness Open Ride.&nbsp;<\/p>\n\n\n\n<p class=\"wp-block-paragraph\">Le restaurant gastronomique de 200 m\u00e8tres carr\u00e9s comptera 60 couverts et s&rsquo;installera dans la partie arri\u00e8re de l&rsquo;ancien buffet de la gare gr\u00e2ce \u00e0 la v\u00e9randa avec une vue directe sur ce qui se passe sur la voie ferr\u00e9e.&nbsp;Le concept est con\u00e7u par le chef \u00e9toil\u00e9 Pascal Steffen en tant que conseiller, tandis qu&rsquo;il continue \u00e0 cuisiner au Roots \u00e0 B\u00e2le.&nbsp;Le Montreux Jazz Caf\u00e9 ouvrira \u00e9galement \u00e0 l&rsquo;automne 2023 sur les 300 m\u00e8tres carr\u00e9s avant.&nbsp;Les deux concepts appartiennent au groupe Caviar House &amp; Prunier.&nbsp;<\/p><div id=\"crieu-1375856031\" class=\"crieu-content crieu-entity-placement\"><script async src=\"\/\/pagead2.googlesyndication.com\/pagead\/js\/adsbygoogle.js?client=ca-pub-5271584769416742\" crossorigin=\"anonymous\"><\/script><ins class=\"adsbygoogle\" style=\"display:block;\" data-ad-client=\"ca-pub-5271584769416742\" \ndata-ad-slot=\"9321250718\" \ndata-ad-format=\"auto\"><\/ins>\n<script> \n(adsbygoogle = window.adsbygoogle || []).push({}); \n<\/script>\n<\/div>\n\n\n\n<p class=\"wp-block-paragraph\">Le Central Grill ouvrira \u00e0 l&rsquo;\u00e9t\u00e9 2023 dans la traverse face au kiosque.&nbsp;L&rsquo;offre est exploit\u00e9e par des investisseurs de l&rsquo;environnement du groupe Rhysch\u00e4nzli avec une nouvelle soci\u00e9t\u00e9.&nbsp;Des saucisses biologiques et des plats v\u00e9g\u00e9tariens sont servis.&nbsp;Open Ride d\u00e9marre \u00e0 l&rsquo;automne 2023 dans le hall de l&rsquo;aile ouest \u00e0 la sortie de la gare fran\u00e7aise.&nbsp;Le concept de boutique fitness vient de la pr\u00e9sentatrice de t\u00e9l\u00e9vision et entrepreneure Eva Nidecker.&nbsp;Des cours de spinning, Pilates, Barre et TRX sont disponibles.&nbsp;<\/p>\n<div id=\"crieu-1496896957\" class=\"crieu-apres-le-contenu crieu-entity-placement\" style=\"margin-left: auto;margin-right: auto;text-align: center;\"><script async src=\"\/\/pagead2.googlesyndication.com\/pagead\/js\/adsbygoogle.js?client=ca-pub-5271584769416742\" crossorigin=\"anonymous\"><\/script><ins class=\"adsbygoogle\" style=\"display:block;\" data-ad-client=\"ca-pub-5271584769416742\" \ndata-ad-slot=\"9321250718\" \ndata-ad-format=\"auto\"><\/ins>\n<script> \n(adsbygoogle = window.adsbygoogle || []).push({}); \n<\/script>\n<\/div>","protected":false},"excerpt":{"rendered":"<p>Un restaurant gastronomique ouvrira fin 2023 dans l&rsquo;aile ouest de B\u00e2le.&nbsp;Son concept est con\u00e7u par le chef \u00e9toil\u00e9 Pascal Steffen en tant que conseiller, tandis qu&rsquo;il continue \u00e0 cuisiner au <a href=\"https:\/\/bale.ch\/journal\/de-nouveaux-commerces-a-la-gare-de-bale-cff\/\" class=\"read-more button-fancy -red\"><span class=\"btn-arrow\"><\/span><span class=\"twp-read-more text\">Continuer la lecture<\/span><\/a><\/p>\n","protected":false},"author":2,"featured_media":2607,"comment_status":"closed","ping_status":"closed","sticky":false,"template":"","format":"standard","meta":{"footnotes":""},"categories":[103,7],"tags":[60,218],"class_list":["post-3201","post","type-post","status-publish","format-standard","has-post-thumbnail","hentry","category-actu","category-bale","tag-bale","tag-commerce"],"yoast_head":"<!-- This site is optimized with the Yoast SEO plugin v28.3 - https:\/\/yoast.com\/product\/yoast-seo-wordpress\/ -->\n<title>De nouveaux commerces arrivent en gare de B\u00e2le CFF - Journal de B\u00e2le et Gen\u00e8ve<\/title>\n<meta name=\"robots\" content=\"index, follow, max-snippet:-1, max-image-preview:large, max-video-preview:-1\" \/>\n<link rel=\"canonical\" href=\"https:\/\/bale.ch\/journal\/de-nouveaux-commerces-a-la-gare-de-bale-cff\/\" \/>\n<meta property=\"og:locale\" content=\"fr_FR\" \/>\n<meta property=\"og:type\" content=\"article\" \/>\n<meta property=\"og:title\" content=\"De nouveaux commerces arrivent en gare de B\u00e2le CFF - Journal de B\u00e2le et Gen\u00e8ve\" \/>\n<meta property=\"og:description\" content=\"Un restaurant gastronomique ouvrira fin 2023 dans l&rsquo;aile ouest de B\u00e2le.&nbsp;Son concept est con\u00e7u par le chef \u00e9toil\u00e9 Pascal Steffen en tant que conseiller, tandis qu&rsquo;il continue \u00e0 cuisiner au Continuer la lecture\" \/>\n<meta property=\"og:url\" content=\"https:\/\/bale.ch\/journal\/de-nouveaux-commerces-a-la-gare-de-bale-cff\/\" \/>\n<meta property=\"og:site_name\" content=\"Journal de B\u00e2le et Gen\u00e8ve\" \/>\n<meta property=\"article:published_time\" content=\"2023-02-09T18:19:24+00:00\" \/>\n<meta property=\"article:modified_time\" content=\"2023-02-09T18:22:51+00:00\" \/>\n<meta property=\"og:image\" content=\"https:\/\/bale.ch\/journal\/wp-content\/uploads\/2020\/01\/basel_bahnhof_sbb_gare_de_bale_blt.jpg\" \/>\n\t<meta property=\"og:image:width\" content=\"900\" \/>\n\t<meta property=\"og:image:height\" content=\"484\" \/>\n\t<meta property=\"og:image:type\" content=\"image\/jpeg\" \/>\n<meta name=\"author\" content=\"La R\u00e9daction\" \/>\n<meta name=\"twitter:card\" content=\"summary_large_image\" \/>\n<meta name=\"twitter:label1\" content=\"\u00c9crit par\" \/>\n\t<meta name=\"twitter:data1\" content=\"La R\u00e9daction\" \/>\n\t<meta name=\"twitter:label2\" content=\"Dur\u00e9e de lecture estim\u00e9e\" \/>\n\t<meta name=\"twitter:data2\" content=\"2 minutes\" \/>\n<script type=\"application\/ld+json\" class=\"yoast-schema-graph\">{\"@context\":\"https:\\\/\\\/schema.org\",\"@graph\":[{\"@type\":\"Article\",\"@id\":\"https:\\\/\\\/bale.ch\\\/journal\\\/de-nouveaux-commerces-a-la-gare-de-bale-cff\\\/#article\",\"isPartOf\":{\"@id\":\"https:\\\/\\\/bale.ch\\\/journal\\\/de-nouveaux-commerces-a-la-gare-de-bale-cff\\\/\"},\"author\":{\"name\":\"La R\u00e9daction\",\"@id\":\"https:\\\/\\\/bale.ch\\\/journal\\\/#\\\/schema\\\/person\\\/03ced978db3b7a5274c5cef003f352f5\"},\"headline\":\"De nouveaux commerces arrivent en gare de B\u00e2le CFF\",\"datePublished\":\"2023-02-09T18:19:24+00:00\",\"dateModified\":\"2023-02-09T18:22:51+00:00\",\"mainEntityOfPage\":{\"@id\":\"https:\\\/\\\/bale.ch\\\/journal\\\/de-nouveaux-commerces-a-la-gare-de-bale-cff\\\/\"},\"wordCount\":387,\"publisher\":{\"@id\":\"https:\\\/\\\/bale.ch\\\/journal\\\/#organization\"},\"image\":{\"@id\":\"https:\\\/\\\/bale.ch\\\/journal\\\/de-nouveaux-commerces-a-la-gare-de-bale-cff\\\/#primaryimage\"},\"thumbnailUrl\":\"https:\\\/\\\/bale.ch\\\/journal\\\/wp-content\\\/uploads\\\/2020\\\/01\\\/basel_bahnhof_sbb_gare_de_bale_blt.jpg\",\"keywords\":[\"B\u00e2le\",\"Commerce\"],\"articleSection\":[\"Actualit\u00e9s\",\"B\u00e2le Trinationale\"],\"inLanguage\":\"fr-FR\"},{\"@type\":\"WebPage\",\"@id\":\"https:\\\/\\\/bale.ch\\\/journal\\\/de-nouveaux-commerces-a-la-gare-de-bale-cff\\\/\",\"url\":\"https:\\\/\\\/bale.ch\\\/journal\\\/de-nouveaux-commerces-a-la-gare-de-bale-cff\\\/\",\"name\":\"De nouveaux commerces arrivent en gare de B\u00e2le CFF - Journal de B\u00e2le et Gen\u00e8ve\",\"isPartOf\":{\"@id\":\"https:\\\/\\\/bale.ch\\\/journal\\\/#website\"},\"primaryImageOfPage\":{\"@id\":\"https:\\\/\\\/bale.ch\\\/journal\\\/de-nouveaux-commerces-a-la-gare-de-bale-cff\\\/#primaryimage\"},\"image\":{\"@id\":\"https:\\\/\\\/bale.ch\\\/journal\\\/de-nouveaux-commerces-a-la-gare-de-bale-cff\\\/#primaryimage\"},\"thumbnailUrl\":\"https:\\\/\\\/bale.ch\\\/journal\\\/wp-content\\\/uploads\\\/2020\\\/01\\\/basel_bahnhof_sbb_gare_de_bale_blt.jpg\",\"datePublished\":\"2023-02-09T18:19:24+00:00\",\"dateModified\":\"2023-02-09T18:22:51+00:00\",\"breadcrumb\":{\"@id\":\"https:\\\/\\\/bale.ch\\\/journal\\\/de-nouveaux-commerces-a-la-gare-de-bale-cff\\\/#breadcrumb\"},\"inLanguage\":\"fr-FR\",\"potentialAction\":[{\"@type\":\"ReadAction\",\"target\":[\"https:\\\/\\\/bale.ch\\\/journal\\\/de-nouveaux-commerces-a-la-gare-de-bale-cff\\\/\"]}]},{\"@type\":\"ImageObject\",\"inLanguage\":\"fr-FR\",\"@id\":\"https:\\\/\\\/bale.ch\\\/journal\\\/de-nouveaux-commerces-a-la-gare-de-bale-cff\\\/#primaryimage\",\"url\":\"https:\\\/\\\/bale.ch\\\/journal\\\/wp-content\\\/uploads\\\/2020\\\/01\\\/basel_bahnhof_sbb_gare_de_bale_blt.jpg\",\"contentUrl\":\"https:\\\/\\\/bale.ch\\\/journal\\\/wp-content\\\/uploads\\\/2020\\\/01\\\/basel_bahnhof_sbb_gare_de_bale_blt.jpg\",\"width\":900,\"height\":484},{\"@type\":\"BreadcrumbList\",\"@id\":\"https:\\\/\\\/bale.ch\\\/journal\\\/de-nouveaux-commerces-a-la-gare-de-bale-cff\\\/#breadcrumb\",\"itemListElement\":[{\"@type\":\"ListItem\",\"position\":1,\"name\":\"Accueil\",\"item\":\"https:\\\/\\\/bale.ch\\\/journal\\\/\"},{\"@type\":\"ListItem\",\"position\":2,\"name\":\"De nouveaux commerces arrivent en gare de B\u00e2le CFF\"}]},{\"@type\":\"WebSite\",\"@id\":\"https:\\\/\\\/bale.ch\\\/journal\\\/#website\",\"url\":\"https:\\\/\\\/bale.ch\\\/journal\\\/\",\"name\":\"Journal de B\u00e2le et Gen\u00e8ve\",\"description\":\"M\u00e9dia transfrontalier d&#039;actualit\u00e9s - News\",\"publisher\":{\"@id\":\"https:\\\/\\\/bale.ch\\\/journal\\\/#organization\"},\"potentialAction\":[{\"@type\":\"SearchAction\",\"target\":{\"@type\":\"EntryPoint\",\"urlTemplate\":\"https:\\\/\\\/bale.ch\\\/journal\\\/?s={search_term_string}\"},\"query-input\":{\"@type\":\"PropertyValueSpecification\",\"valueRequired\":true,\"valueName\":\"search_term_string\"}}],\"inLanguage\":\"fr-FR\"},{\"@type\":\"Organization\",\"@id\":\"https:\\\/\\\/bale.ch\\\/journal\\\/#organization\",\"name\":\"Journal de B\u00e2le et Gen\u00e8ve\",\"url\":\"https:\\\/\\\/bale.ch\\\/journal\\\/\",\"logo\":{\"@type\":\"ImageObject\",\"inLanguage\":\"fr-FR\",\"@id\":\"https:\\\/\\\/bale.ch\\\/journal\\\/#\\\/schema\\\/logo\\\/image\\\/\",\"url\":\"https:\\\/\\\/bale.ch\\\/journal\\\/wp-content\\\/uploads\\\/2023\\\/07\\\/journaldebale_logo_2023_nb.png\",\"contentUrl\":\"https:\\\/\\\/bale.ch\\\/journal\\\/wp-content\\\/uploads\\\/2023\\\/07\\\/journaldebale_logo_2023_nb.png\",\"width\":371,\"height\":127,\"caption\":\"Journal de B\u00e2le et Gen\u00e8ve\"},\"image\":{\"@id\":\"https:\\\/\\\/bale.ch\\\/journal\\\/#\\\/schema\\\/logo\\\/image\\\/\"}},{\"@type\":\"Person\",\"@id\":\"https:\\\/\\\/bale.ch\\\/journal\\\/#\\\/schema\\\/person\\\/03ced978db3b7a5274c5cef003f352f5\",\"name\":\"La R\u00e9daction\",\"image\":{\"@type\":\"ImageObject\",\"inLanguage\":\"fr-FR\",\"@id\":\"https:\\\/\\\/secure.gravatar.com\\\/avatar\\\/d1327e2ce8d2b860112f968a3f34686c9bdda7a463a1502cdd1070ac9d88cf1e?s=96&d=mm&r=g\",\"url\":\"https:\\\/\\\/secure.gravatar.com\\\/avatar\\\/d1327e2ce8d2b860112f968a3f34686c9bdda7a463a1502cdd1070ac9d88cf1e?s=96&d=mm&r=g\",\"contentUrl\":\"https:\\\/\\\/secure.gravatar.com\\\/avatar\\\/d1327e2ce8d2b860112f968a3f34686c9bdda7a463a1502cdd1070ac9d88cf1e?s=96&d=mm&r=g\",\"caption\":\"La R\u00e9daction\"},\"url\":\"https:\\\/\\\/bale.ch\\\/journal\\\/author\\\/laredaction\\\/\"}]}<\/script>\n<!-- \/ Yoast SEO plugin. -->","yoast_head_json":{"title":"De nouveaux commerces arrivent en gare de B\u00e2le CFF - Journal de B\u00e2le et Gen\u00e8ve","robots":{"index":"index","follow":"follow","max-snippet":"max-snippet:-1","max-image-preview":"max-image-preview:large","max-video-preview":"max-video-preview:-1"},"canonical":"https:\/\/bale.ch\/journal\/de-nouveaux-commerces-a-la-gare-de-bale-cff\/","og_locale":"fr_FR","og_type":"article","og_title":"De nouveaux commerces arrivent en gare de B\u00e2le CFF - Journal de B\u00e2le et Gen\u00e8ve","og_description":"Un restaurant gastronomique ouvrira fin 2023 dans l&rsquo;aile ouest de B\u00e2le.&nbsp;Son concept est con\u00e7u par le chef \u00e9toil\u00e9 Pascal Steffen en tant que conseiller, tandis qu&rsquo;il continue \u00e0 cuisiner au Continuer la lecture","og_url":"https:\/\/bale.ch\/journal\/de-nouveaux-commerces-a-la-gare-de-bale-cff\/","og_site_name":"Journal de B\u00e2le et Gen\u00e8ve","article_published_time":"2023-02-09T18:19:24+00:00","article_modified_time":"2023-02-09T18:22:51+00:00","og_image":[{"width":900,"height":484,"url":"https:\/\/bale.ch\/journal\/wp-content\/uploads\/2020\/01\/basel_bahnhof_sbb_gare_de_bale_blt.jpg","type":"image\/jpeg"}],"author":"La R\u00e9daction","twitter_card":"summary_large_image","twitter_misc":{"\u00c9crit par":"La R\u00e9daction","Dur\u00e9e de lecture estim\u00e9e":"2 minutes"},"schema":{"@context":"https:\/\/schema.org","@graph":[{"@type":"Article","@id":"https:\/\/bale.ch\/journal\/de-nouveaux-commerces-a-la-gare-de-bale-cff\/#article","isPartOf":{"@id":"https:\/\/bale.ch\/journal\/de-nouveaux-commerces-a-la-gare-de-bale-cff\/"},"author":{"name":"La R\u00e9daction","@id":"https:\/\/bale.ch\/journal\/#\/schema\/person\/03ced978db3b7a5274c5cef003f352f5"},"headline":"De nouveaux commerces arrivent en gare de B\u00e2le CFF","datePublished":"2023-02-09T18:19:24+00:00","dateModified":"2023-02-09T18:22:51+00:00","mainEntityOfPage":{"@id":"https:\/\/bale.ch\/journal\/de-nouveaux-commerces-a-la-gare-de-bale-cff\/"},"wordCount":387,"publisher":{"@id":"https:\/\/bale.ch\/journal\/#organization"},"image":{"@id":"https:\/\/bale.ch\/journal\/de-nouveaux-commerces-a-la-gare-de-bale-cff\/#primaryimage"},"thumbnailUrl":"https:\/\/bale.ch\/journal\/wp-content\/uploads\/2020\/01\/basel_bahnhof_sbb_gare_de_bale_blt.jpg","keywords":["B\u00e2le","Commerce"],"articleSection":["Actualit\u00e9s","B\u00e2le Trinationale"],"inLanguage":"fr-FR"},{"@type":"WebPage","@id":"https:\/\/bale.ch\/journal\/de-nouveaux-commerces-a-la-gare-de-bale-cff\/","url":"https:\/\/bale.ch\/journal\/de-nouveaux-commerces-a-la-gare-de-bale-cff\/","name":"De nouveaux commerces arrivent en gare de B\u00e2le CFF - Journal de B\u00e2le et Gen\u00e8ve","isPartOf":{"@id":"https:\/\/bale.ch\/journal\/#website"},"primaryImageOfPage":{"@id":"https:\/\/bale.ch\/journal\/de-nouveaux-commerces-a-la-gare-de-bale-cff\/#primaryimage"},"image":{"@id":"https:\/\/bale.ch\/journal\/de-nouveaux-commerces-a-la-gare-de-bale-cff\/#primaryimage"},"thumbnailUrl":"https:\/\/bale.ch\/journal\/wp-content\/uploads\/2020\/01\/basel_bahnhof_sbb_gare_de_bale_blt.jpg","datePublished":"2023-02-09T18:19:24+00:00","dateModified":"2023-02-09T18:22:51+00:00","breadcrumb":{"@id":"https:\/\/bale.ch\/journal\/de-nouveaux-commerces-a-la-gare-de-bale-cff\/#breadcrumb"},"inLanguage":"fr-FR","potentialAction":[{"@type":"ReadAction","target":["https:\/\/bale.ch\/journal\/de-nouveaux-commerces-a-la-gare-de-bale-cff\/"]}]},{"@type":"ImageObject","inLanguage":"fr-FR","@id":"https:\/\/bale.ch\/journal\/de-nouveaux-commerces-a-la-gare-de-bale-cff\/#primaryimage","url":"https:\/\/bale.ch\/journal\/wp-content\/uploads\/2020\/01\/basel_bahnhof_sbb_gare_de_bale_blt.jpg","contentUrl":"https:\/\/bale.ch\/journal\/wp-content\/uploads\/2020\/01\/basel_bahnhof_sbb_gare_de_bale_blt.jpg","width":900,"height":484},{"@type":"BreadcrumbList","@id":"https:\/\/bale.ch\/journal\/de-nouveaux-commerces-a-la-gare-de-bale-cff\/#breadcrumb","itemListElement":[{"@type":"ListItem","position":1,"name":"Accueil","item":"https:\/\/bale.ch\/journal\/"},{"@type":"ListItem","position":2,"name":"De nouveaux commerces arrivent en gare de B\u00e2le CFF"}]},{"@type":"WebSite","@id":"https:\/\/bale.ch\/journal\/#website","url":"https:\/\/bale.ch\/journal\/","name":"Journal de B\u00e2le et Gen\u00e8ve","description":"M\u00e9dia transfrontalier d&#039;actualit\u00e9s - News","publisher":{"@id":"https:\/\/bale.ch\/journal\/#organization"},"potentialAction":[{"@type":"SearchAction","target":{"@type":"EntryPoint","urlTemplate":"https:\/\/bale.ch\/journal\/?s={search_term_string}"},"query-input":{"@type":"PropertyValueSpecification","valueRequired":true,"valueName":"search_term_string"}}],"inLanguage":"fr-FR"},{"@type":"Organization","@id":"https:\/\/bale.ch\/journal\/#organization","name":"Journal de B\u00e2le et Gen\u00e8ve","url":"https:\/\/bale.ch\/journal\/","logo":{"@type":"ImageObject","inLanguage":"fr-FR","@id":"https:\/\/bale.ch\/journal\/#\/schema\/logo\/image\/","url":"https:\/\/bale.ch\/journal\/wp-content\/uploads\/2023\/07\/journaldebale_logo_2023_nb.png","contentUrl":"https:\/\/bale.ch\/journal\/wp-content\/uploads\/2023\/07\/journaldebale_logo_2023_nb.png","width":371,"height":127,"caption":"Journal de B\u00e2le et Gen\u00e8ve"},"image":{"@id":"https:\/\/bale.ch\/journal\/#\/schema\/logo\/image\/"}},{"@type":"Person","@id":"https:\/\/bale.ch\/journal\/#\/schema\/person\/03ced978db3b7a5274c5cef003f352f5","name":"La R\u00e9daction","image":{"@type":"ImageObject","inLanguage":"fr-FR","@id":"https:\/\/secure.gravatar.com\/avatar\/d1327e2ce8d2b860112f968a3f34686c9bdda7a463a1502cdd1070ac9d88cf1e?s=96&d=mm&r=g","url":"https:\/\/secure.gravatar.com\/avatar\/d1327e2ce8d2b860112f968a3f34686c9bdda7a463a1502cdd1070ac9d88cf1e?s=96&d=mm&r=g","contentUrl":"https:\/\/secure.gravatar.com\/avatar\/d1327e2ce8d2b860112f968a3f34686c9bdda7a463a1502cdd1070ac9d88cf1e?s=96&d=mm&r=g","caption":"La R\u00e9daction"},"url":"https:\/\/bale.ch\/journal\/author\/laredaction\/"}]}},"_links":{"self":[{"href":"https:\/\/bale.ch\/journal\/wp-json\/wp\/v2\/posts\/3201","targetHints":{"allow":["GET"]}}],"collection":[{"href":"https:\/\/bale.ch\/journal\/wp-json\/wp\/v2\/posts"}],"about":[{"href":"https:\/\/bale.ch\/journal\/wp-json\/wp\/v2\/types\/post"}],"author":[{"embeddable":true,"href":"https:\/\/bale.ch\/journal\/wp-json\/wp\/v2\/users\/2"}],"replies":[{"embeddable":true,"href":"https:\/\/bale.ch\/journal\/wp-json\/wp\/v2\/comments?post=3201"}],"version-history":[{"count":2,"href":"https:\/\/bale.ch\/journal\/wp-json\/wp\/v2\/posts\/3201\/revisions"}],"predecessor-version":[{"id":3203,"href":"https:\/\/bale.ch\/journal\/wp-json\/wp\/v2\/posts\/3201\/revisions\/3203"}],"wp:featuredmedia":[{"embeddable":true,"href":"https:\/\/bale.ch\/journal\/wp-json\/wp\/v2\/media\/2607"}],"wp:attachment":[{"href":"https:\/\/bale.ch\/journal\/wp-json\/wp\/v2\/media?parent=3201"}],"wp:term":[{"taxonomy":"category","embeddable":true,"href":"https:\/\/bale.ch\/journal\/wp-json\/wp\/v2\/categories?post=3201"},{"taxonomy":"post_tag","embeddable":true,"href":"https:\/\/bale.ch\/journal\/wp-json\/wp\/v2\/tags?post=3201"}],"curies":[{"name":"wp","href":"https:\/\/api.w.org\/{rel}","templated":true}]}}