{"id":3204,"date":"2023-02-11T15:02:37","date_gmt":"2023-02-11T15:02:37","guid":{"rendered":"https:\/\/bale.ch\/journal\/?p=3204"},"modified":"2023-02-11T15:05:14","modified_gmt":"2023-02-11T15:05:14","slug":"geneve-bientot-un-nouveau-batiment-pour-le-museum-dhistoire-naturelle","status":"publish","type":"post","link":"https:\/\/bale.ch\/journal\/geneve-bientot-un-nouveau-batiment-pour-le-museum-dhistoire-naturelle\/","title":{"rendered":"Gen\u00e8ve: bient\u00f4t un nouveau b\u00e2timent pour le Mus\u00e9um d&rsquo;histoire naturelle"},"content":{"rendered":"\n<p class=\"wp-block-paragraph\"><strong>Les travaux pr\u00e9paratoires pour la construction de l\u2019extension du Mus\u00e9um d\u2019histoire naturelle d\u00e9di\u00e9e \u00e0 la conservation de ses collections, qui repr\u00e9sentent un patrimoine d\u2019int\u00e9r\u00eat mondial avec plus de 15 millions de sp\u00e9cimens r\u00e9f\u00e9renc\u00e9s, viennent de commencer.<\/strong><\/p>\n\n\n\n<p class=\"wp-block-paragraph\">Cette extension sera aussi l\u2019occasion de&nbsp;r\u00e9organiser les espaces existants, de&nbsp;revoir les am\u00e9nagements ext\u00e9rieurs&nbsp;et d\u2019am\u00e9liorer la performance \u00e9nerg\u00e9tique de l\u2019ensemble du site. Les travaux programm\u00e9s de 2023 \u00e0 2027 impliqueront une&nbsp;fermeture de l\u2019institution au public durant toute l\u2019ann\u00e9e 2024<strong>.<\/strong><\/p>\n\n\n\n<h2 class=\"wp-block-heading\">Un nouveau b\u00e2timent pour les collections<\/h2>\n\n\n\n<p class=\"wp-block-paragraph\">La construction d\u2019une&nbsp;extension<strong>&nbsp;<\/strong>d\u00e9di\u00e9e aux collections vient renforcer &#8211; plus d\u2019un demi-si\u00e8cle apr\u00e8s l\u2019ouverture du Mus\u00e9um &#8211; les deux ailes r\u00e9alis\u00e9es par l\u2019architecte Raymond Tschudin entre 1961 et 1966; l\u2019une pour le public, l\u2019autre pour les scientifiques.<\/p><div id=\"crieu-2560493126\" class=\"crieu-content crieu-entity-placement\"><script async src=\"\/\/pagead2.googlesyndication.com\/pagead\/js\/adsbygoogle.js?client=ca-pub-5271584769416742\" crossorigin=\"anonymous\"><\/script><ins class=\"adsbygoogle\" style=\"display:block;\" data-ad-client=\"ca-pub-5271584769416742\" \ndata-ad-slot=\"9321250718\" \ndata-ad-format=\"auto\"><\/ins>\n<script> \n(adsbygoogle = window.adsbygoogle || []).push({}); \n<\/script>\n<\/div>\n\n\n\n<p class=\"wp-block-paragraph\">Cette troisi\u00e8me et nouvelle aile, accessible principalement aux scientifiques, mettra en lumi\u00e8re le travail de conservation et d\u2019\u00e9tudes des collections effectu\u00e9 au sein m\u00eame du mus\u00e9e.<br><br>Le Mus\u00e9um de la Ville de Gen\u00e8ve est le plus grand mus\u00e9e d\u2019histoire naturelle de Suisse et le mus\u00e9e le<strong>&nbsp;<\/strong>plus fr\u00e9quent\u00e9<strong>&nbsp;<\/strong>de Gen\u00e8ve. Ses collections repr\u00e9sentent un<strong>&nbsp;<\/strong>patrimoine<strong>&nbsp;<\/strong>d\u2019int\u00e9r\u00eat mondial avec une collection atteignant aujourd\u2019hui plus de 15 millions de sp\u00e9cimens, r\u00e9f\u00e9renc\u00e9e sur 30 km de rayonnages. Une grande partie des sp\u00e9cimens est conserv\u00e9e dans des r\u00e9cipients contenant de l\u2019alcool.<br><br>Afin de respecter les normes de s\u00e9curit\u00e9 en vigueur selon les crit\u00e8res d\u00e9finis par l\u2019Ordonnance sur la protection contre les accidents majeurs (OPAM), un nouvel am\u00e9nagement d\u00e9di\u00e9 pour accueillir et pr\u00e9server ce patrimoine \u00e9tait devenu indispensable. A l\u2019issue d\u2019un concours d\u2019architecture qui s\u2019est d\u00e9roul\u00e9 en 2017, le&nbsp;<strong>projet \u00abAmbre\u00bb<\/strong>&nbsp;du bureau MAK architecture SA a \u00e9t\u00e9 retenu. Le parti pris du projet \u00abAmbre\u00bb est d\u2018ins\u00e9rer dans l\u2019espace public un volume lumineux, translucide et abstrait en dialogue avec les deux b\u00e2timents existants.<br><br>Le&nbsp;<strong>c\u00e8dre du Liban et l&rsquo;\u00e9rable<\/strong>&nbsp;qui jouxtent la future construction seront conserv\u00e9s et&nbsp; feront l&rsquo;objet d&rsquo;un suivi particulier pendant toute la dur\u00e9e du chantier.<\/p>\n\n\n\n<h2 class=\"wp-block-heading\">Une am\u00e9lioration des espaces existants<\/h2>\n\n\n\n<p class=\"wp-block-paragraph\">Le transfert des collections dans cette extension implique une\u00a0<strong>r\u00e9organisation partielle<\/strong>\u00a0des b\u00e2timents existants. Les espaces de travail seront ainsi r\u00e9am\u00e9nag\u00e9s pour am\u00e9liorer les conditions et rationaliser l\u2019organisation. Dans le b\u00e2timent d\u2019exposition, l\u2019accueil du public sera am\u00e9lior\u00e9 gr\u00e2ce \u00e0 la red\u00e9finition de l\u2019entr\u00e9e, de la boutique et du vestiaire. Un<strong>\u00a0nouvel espace\u00a0<\/strong>d\u00e9di\u00e9 aux expositions temporaires et un documentarium seront cr\u00e9\u00e9s.<br><br>A l\u2019ext\u00e9rieur, le parvis d\u2019entr\u00e9e sera r\u00e9nov\u00e9 et le parc repens\u00e9. Les cheminements seront compl\u00e9t\u00e9s et du mobilier install\u00e9 afin de rendre les espaces verts plus accueillants. Le parking sera r\u00e9duit au strict minimum, permettant ainsi de requalifier l\u2019espace public en prolongement du\u00a0<strong>parc existant<\/strong>, avec la plantation de nouveaux arbres et massifs arbustifs et la perm\u00e9abilisation des sols.<br><br>Ce chantier d\u2019importance sera \u00e9galement mis \u00e0 profit afin d\u2019engager la\u00a0<strong>transition \u00e9nerg\u00e9tique\u00a0<\/strong>du site dans son ensemble, avec notamment la construction d\u2019une centrale photovolta\u00efque et l\u2019implantation de toitures v\u00e9g\u00e9talis\u00e9es. Les besoins en chaleur du nouveau b\u00e2timent seront ainsi assur\u00e9s \u00e0 100% par des \u00e9nergies renouvelables. Le chantier qui d\u00e9bute en<strong>\u00a0f\u00e9vrier 2023<\/strong>\u00a0est pr\u00e9vu en plusieurs \u00e9tapes jusqu\u2019en<strong>\u00a02027<\/strong>. Bien que toutes les pr\u00e9cautions soient prises pour g\u00e9rer au mieux ces travaux, il est fait appel \u00e0 la compr\u00e9hension du public concernant les \u00e9ventuelles nuisances temporaires que le chantier pourrait engendrer dans son enceinte et aux alentours. Le chantier n\u00e9cessitera notamment une fermeture du b\u00e2timent au public tout au long de l\u2019ann\u00e9e 2024.<br><br>Une\u00a0<strong>programmation culturelle<\/strong>\u00a0et scientifique sera toutefois maintenue avec des activit\u00e9s pr\u00e9vues hors les murs et des rendez-vous en ligne. Des actualit\u00e9s sur la recherche en cours et des contenus de\u00a0<strong>m\u00e9diation scientifique<\/strong>\u00a0continueront d\u2019\u00eatre propos\u00e9es aux publics via les canaux num\u00e9riques du Mus\u00e9um.<\/p>\n\n\n\n<figure class=\"wp-block-table\"><table><tbody><tr><td><em>Photo: Philippe Wagneur, MHNG<\/em><\/td><\/tr><tr><\/tr><\/tbody><\/table><\/figure>\n<div id=\"crieu-1709088626\" class=\"crieu-apres-le-contenu crieu-entity-placement\" style=\"margin-left: auto;margin-right: auto;text-align: center;\"><script async src=\"\/\/pagead2.googlesyndication.com\/pagead\/js\/adsbygoogle.js?client=ca-pub-5271584769416742\" crossorigin=\"anonymous\"><\/script><ins class=\"adsbygoogle\" style=\"display:block;\" data-ad-client=\"ca-pub-5271584769416742\" \ndata-ad-slot=\"9321250718\" \ndata-ad-format=\"auto\"><\/ins>\n<script> \n(adsbygoogle = window.adsbygoogle || []).push({}); \n<\/script>\n<\/div>","protected":false},"excerpt":{"rendered":"<p>Les travaux pr\u00e9paratoires pour la construction de l\u2019extension du Mus\u00e9um d\u2019histoire naturelle d\u00e9di\u00e9e \u00e0 la conservation de ses collections, qui repr\u00e9sentent un patrimoine d\u2019int\u00e9r\u00eat mondial avec plus de 15 millions <a href=\"https:\/\/bale.ch\/journal\/geneve-bientot-un-nouveau-batiment-pour-le-museum-dhistoire-naturelle\/\" class=\"read-more button-fancy -red\"><span class=\"btn-arrow\"><\/span><span class=\"twp-read-more text\">Continuer la lecture<\/span><\/a><\/p>\n","protected":false},"author":2,"featured_media":3205,"comment_status":"closed","ping_status":"closed","sticky":false,"template":"","format":"standard","meta":{"footnotes":""},"categories":[103,4],"tags":[74,36],"class_list":["post-3204","post","type-post","status-publish","format-standard","has-post-thumbnail","hentry","category-actu","category-grand-geneve","tag-geneve","tag-musee"],"yoast_head":"<!-- This site is optimized with the Yoast SEO plugin v28.3 - https:\/\/yoast.com\/product\/yoast-seo-wordpress\/ -->\n<title>Gen\u00e8ve: bient\u00f4t un nouveau b\u00e2timent pour le Mus\u00e9um d&#039;histoire naturelle - Journal de B\u00e2le et Gen\u00e8ve<\/title>\n<meta name=\"robots\" content=\"index, follow, max-snippet:-1, max-image-preview:large, max-video-preview:-1\" \/>\n<link rel=\"canonical\" href=\"https:\/\/bale.ch\/journal\/geneve-bientot-un-nouveau-batiment-pour-le-museum-dhistoire-naturelle\/\" \/>\n<meta property=\"og:locale\" content=\"fr_FR\" \/>\n<meta property=\"og:type\" content=\"article\" \/>\n<meta property=\"og:title\" content=\"Gen\u00e8ve: bient\u00f4t un nouveau b\u00e2timent pour le Mus\u00e9um d&#039;histoire naturelle - Journal de B\u00e2le et Gen\u00e8ve\" \/>\n<meta property=\"og:description\" content=\"Les travaux pr\u00e9paratoires pour la construction de l\u2019extension du Mus\u00e9um d\u2019histoire naturelle d\u00e9di\u00e9e \u00e0 la conservation de ses collections, qui repr\u00e9sentent un patrimoine d\u2019int\u00e9r\u00eat mondial avec plus de 15 millions Continuer la lecture\" \/>\n<meta property=\"og:url\" content=\"https:\/\/bale.ch\/journal\/geneve-bientot-un-nouveau-batiment-pour-le-museum-dhistoire-naturelle\/\" \/>\n<meta property=\"og:site_name\" content=\"Journal de B\u00e2le et Gen\u00e8ve\" \/>\n<meta property=\"article:published_time\" content=\"2023-02-11T15:02:37+00:00\" \/>\n<meta property=\"article:modified_time\" content=\"2023-02-11T15:05:14+00:00\" \/>\n<meta property=\"og:image\" content=\"https:\/\/bale.ch\/journal\/wp-content\/uploads\/2023\/02\/Ph_Wagneur_museum_histoire_naturelle_geneve.jpg\" \/>\n\t<meta property=\"og:image:width\" content=\"900\" \/>\n\t<meta property=\"og:image:height\" content=\"484\" \/>\n\t<meta property=\"og:image:type\" content=\"image\/jpeg\" \/>\n<meta name=\"author\" content=\"La R\u00e9daction\" \/>\n<meta name=\"twitter:card\" content=\"summary_large_image\" \/>\n<meta name=\"twitter:label1\" content=\"\u00c9crit par\" \/>\n\t<meta name=\"twitter:data1\" content=\"La R\u00e9daction\" \/>\n\t<meta name=\"twitter:label2\" content=\"Dur\u00e9e de lecture estim\u00e9e\" \/>\n\t<meta name=\"twitter:data2\" content=\"4 minutes\" \/>\n<script type=\"application\/ld+json\" class=\"yoast-schema-graph\">{\"@context\":\"https:\\\/\\\/schema.org\",\"@graph\":[{\"@type\":\"Article\",\"@id\":\"https:\\\/\\\/bale.ch\\\/journal\\\/geneve-bientot-un-nouveau-batiment-pour-le-museum-dhistoire-naturelle\\\/#article\",\"isPartOf\":{\"@id\":\"https:\\\/\\\/bale.ch\\\/journal\\\/geneve-bientot-un-nouveau-batiment-pour-le-museum-dhistoire-naturelle\\\/\"},\"author\":{\"name\":\"La R\u00e9daction\",\"@id\":\"https:\\\/\\\/bale.ch\\\/journal\\\/#\\\/schema\\\/person\\\/03ced978db3b7a5274c5cef003f352f5\"},\"headline\":\"Gen\u00e8ve: bient\u00f4t un nouveau b\u00e2timent pour le Mus\u00e9um d&rsquo;histoire naturelle\",\"datePublished\":\"2023-02-11T15:02:37+00:00\",\"dateModified\":\"2023-02-11T15:05:14+00:00\",\"mainEntityOfPage\":{\"@id\":\"https:\\\/\\\/bale.ch\\\/journal\\\/geneve-bientot-un-nouveau-batiment-pour-le-museum-dhistoire-naturelle\\\/\"},\"wordCount\":758,\"publisher\":{\"@id\":\"https:\\\/\\\/bale.ch\\\/journal\\\/#organization\"},\"image\":{\"@id\":\"https:\\\/\\\/bale.ch\\\/journal\\\/geneve-bientot-un-nouveau-batiment-pour-le-museum-dhistoire-naturelle\\\/#primaryimage\"},\"thumbnailUrl\":\"https:\\\/\\\/bale.ch\\\/journal\\\/wp-content\\\/uploads\\\/2023\\\/02\\\/Ph_Wagneur_museum_histoire_naturelle_geneve.jpg\",\"keywords\":[\"Gen\u00e8ve\",\"Mus\u00e9e\"],\"articleSection\":[\"Actualit\u00e9s\",\"Grand Gen\u00e8ve\"],\"inLanguage\":\"fr-FR\"},{\"@type\":\"WebPage\",\"@id\":\"https:\\\/\\\/bale.ch\\\/journal\\\/geneve-bientot-un-nouveau-batiment-pour-le-museum-dhistoire-naturelle\\\/\",\"url\":\"https:\\\/\\\/bale.ch\\\/journal\\\/geneve-bientot-un-nouveau-batiment-pour-le-museum-dhistoire-naturelle\\\/\",\"name\":\"Gen\u00e8ve: bient\u00f4t un nouveau b\u00e2timent pour le Mus\u00e9um d'histoire naturelle - Journal de B\u00e2le et Gen\u00e8ve\",\"isPartOf\":{\"@id\":\"https:\\\/\\\/bale.ch\\\/journal\\\/#website\"},\"primaryImageOfPage\":{\"@id\":\"https:\\\/\\\/bale.ch\\\/journal\\\/geneve-bientot-un-nouveau-batiment-pour-le-museum-dhistoire-naturelle\\\/#primaryimage\"},\"image\":{\"@id\":\"https:\\\/\\\/bale.ch\\\/journal\\\/geneve-bientot-un-nouveau-batiment-pour-le-museum-dhistoire-naturelle\\\/#primaryimage\"},\"thumbnailUrl\":\"https:\\\/\\\/bale.ch\\\/journal\\\/wp-content\\\/uploads\\\/2023\\\/02\\\/Ph_Wagneur_museum_histoire_naturelle_geneve.jpg\",\"datePublished\":\"2023-02-11T15:02:37+00:00\",\"dateModified\":\"2023-02-11T15:05:14+00:00\",\"breadcrumb\":{\"@id\":\"https:\\\/\\\/bale.ch\\\/journal\\\/geneve-bientot-un-nouveau-batiment-pour-le-museum-dhistoire-naturelle\\\/#breadcrumb\"},\"inLanguage\":\"fr-FR\",\"potentialAction\":[{\"@type\":\"ReadAction\",\"target\":[\"https:\\\/\\\/bale.ch\\\/journal\\\/geneve-bientot-un-nouveau-batiment-pour-le-museum-dhistoire-naturelle\\\/\"]}]},{\"@type\":\"ImageObject\",\"inLanguage\":\"fr-FR\",\"@id\":\"https:\\\/\\\/bale.ch\\\/journal\\\/geneve-bientot-un-nouveau-batiment-pour-le-museum-dhistoire-naturelle\\\/#primaryimage\",\"url\":\"https:\\\/\\\/bale.ch\\\/journal\\\/wp-content\\\/uploads\\\/2023\\\/02\\\/Ph_Wagneur_museum_histoire_naturelle_geneve.jpg\",\"contentUrl\":\"https:\\\/\\\/bale.ch\\\/journal\\\/wp-content\\\/uploads\\\/2023\\\/02\\\/Ph_Wagneur_museum_histoire_naturelle_geneve.jpg\",\"width\":900,\"height\":484},{\"@type\":\"BreadcrumbList\",\"@id\":\"https:\\\/\\\/bale.ch\\\/journal\\\/geneve-bientot-un-nouveau-batiment-pour-le-museum-dhistoire-naturelle\\\/#breadcrumb\",\"itemListElement\":[{\"@type\":\"ListItem\",\"position\":1,\"name\":\"Accueil\",\"item\":\"https:\\\/\\\/bale.ch\\\/journal\\\/\"},{\"@type\":\"ListItem\",\"position\":2,\"name\":\"Gen\u00e8ve: bient\u00f4t un nouveau b\u00e2timent pour le Mus\u00e9um d&rsquo;histoire naturelle\"}]},{\"@type\":\"WebSite\",\"@id\":\"https:\\\/\\\/bale.ch\\\/journal\\\/#website\",\"url\":\"https:\\\/\\\/bale.ch\\\/journal\\\/\",\"name\":\"Journal de B\u00e2le et Gen\u00e8ve\",\"description\":\"M\u00e9dia transfrontalier d&#039;actualit\u00e9s - News\",\"publisher\":{\"@id\":\"https:\\\/\\\/bale.ch\\\/journal\\\/#organization\"},\"potentialAction\":[{\"@type\":\"SearchAction\",\"target\":{\"@type\":\"EntryPoint\",\"urlTemplate\":\"https:\\\/\\\/bale.ch\\\/journal\\\/?s={search_term_string}\"},\"query-input\":{\"@type\":\"PropertyValueSpecification\",\"valueRequired\":true,\"valueName\":\"search_term_string\"}}],\"inLanguage\":\"fr-FR\"},{\"@type\":\"Organization\",\"@id\":\"https:\\\/\\\/bale.ch\\\/journal\\\/#organization\",\"name\":\"Journal de B\u00e2le et Gen\u00e8ve\",\"url\":\"https:\\\/\\\/bale.ch\\\/journal\\\/\",\"logo\":{\"@type\":\"ImageObject\",\"inLanguage\":\"fr-FR\",\"@id\":\"https:\\\/\\\/bale.ch\\\/journal\\\/#\\\/schema\\\/logo\\\/image\\\/\",\"url\":\"https:\\\/\\\/bale.ch\\\/journal\\\/wp-content\\\/uploads\\\/2023\\\/07\\\/journaldebale_logo_2023_nb.png\",\"contentUrl\":\"https:\\\/\\\/bale.ch\\\/journal\\\/wp-content\\\/uploads\\\/2023\\\/07\\\/journaldebale_logo_2023_nb.png\",\"width\":371,\"height\":127,\"caption\":\"Journal de B\u00e2le et Gen\u00e8ve\"},\"image\":{\"@id\":\"https:\\\/\\\/bale.ch\\\/journal\\\/#\\\/schema\\\/logo\\\/image\\\/\"}},{\"@type\":\"Person\",\"@id\":\"https:\\\/\\\/bale.ch\\\/journal\\\/#\\\/schema\\\/person\\\/03ced978db3b7a5274c5cef003f352f5\",\"name\":\"La R\u00e9daction\",\"image\":{\"@type\":\"ImageObject\",\"inLanguage\":\"fr-FR\",\"@id\":\"https:\\\/\\\/secure.gravatar.com\\\/avatar\\\/d1327e2ce8d2b860112f968a3f34686c9bdda7a463a1502cdd1070ac9d88cf1e?s=96&d=mm&r=g\",\"url\":\"https:\\\/\\\/secure.gravatar.com\\\/avatar\\\/d1327e2ce8d2b860112f968a3f34686c9bdda7a463a1502cdd1070ac9d88cf1e?s=96&d=mm&r=g\",\"contentUrl\":\"https:\\\/\\\/secure.gravatar.com\\\/avatar\\\/d1327e2ce8d2b860112f968a3f34686c9bdda7a463a1502cdd1070ac9d88cf1e?s=96&d=mm&r=g\",\"caption\":\"La R\u00e9daction\"},\"url\":\"https:\\\/\\\/bale.ch\\\/journal\\\/author\\\/laredaction\\\/\"}]}<\/script>\n<!-- \/ Yoast SEO plugin. -->","yoast_head_json":{"title":"Gen\u00e8ve: bient\u00f4t un nouveau b\u00e2timent pour le Mus\u00e9um d'histoire naturelle - Journal de B\u00e2le et Gen\u00e8ve","robots":{"index":"index","follow":"follow","max-snippet":"max-snippet:-1","max-image-preview":"max-image-preview:large","max-video-preview":"max-video-preview:-1"},"canonical":"https:\/\/bale.ch\/journal\/geneve-bientot-un-nouveau-batiment-pour-le-museum-dhistoire-naturelle\/","og_locale":"fr_FR","og_type":"article","og_title":"Gen\u00e8ve: bient\u00f4t un nouveau b\u00e2timent pour le Mus\u00e9um d'histoire naturelle - Journal de B\u00e2le et Gen\u00e8ve","og_description":"Les travaux pr\u00e9paratoires pour la construction de l\u2019extension du Mus\u00e9um d\u2019histoire naturelle d\u00e9di\u00e9e \u00e0 la conservation de ses collections, qui repr\u00e9sentent un patrimoine d\u2019int\u00e9r\u00eat mondial avec plus de 15 millions Continuer la lecture","og_url":"https:\/\/bale.ch\/journal\/geneve-bientot-un-nouveau-batiment-pour-le-museum-dhistoire-naturelle\/","og_site_name":"Journal de B\u00e2le et Gen\u00e8ve","article_published_time":"2023-02-11T15:02:37+00:00","article_modified_time":"2023-02-11T15:05:14+00:00","og_image":[{"width":900,"height":484,"url":"https:\/\/bale.ch\/journal\/wp-content\/uploads\/2023\/02\/Ph_Wagneur_museum_histoire_naturelle_geneve.jpg","type":"image\/jpeg"}],"author":"La R\u00e9daction","twitter_card":"summary_large_image","twitter_misc":{"\u00c9crit par":"La R\u00e9daction","Dur\u00e9e de lecture estim\u00e9e":"4 minutes"},"schema":{"@context":"https:\/\/schema.org","@graph":[{"@type":"Article","@id":"https:\/\/bale.ch\/journal\/geneve-bientot-un-nouveau-batiment-pour-le-museum-dhistoire-naturelle\/#article","isPartOf":{"@id":"https:\/\/bale.ch\/journal\/geneve-bientot-un-nouveau-batiment-pour-le-museum-dhistoire-naturelle\/"},"author":{"name":"La R\u00e9daction","@id":"https:\/\/bale.ch\/journal\/#\/schema\/person\/03ced978db3b7a5274c5cef003f352f5"},"headline":"Gen\u00e8ve: bient\u00f4t un nouveau b\u00e2timent pour le Mus\u00e9um d&rsquo;histoire naturelle","datePublished":"2023-02-11T15:02:37+00:00","dateModified":"2023-02-11T15:05:14+00:00","mainEntityOfPage":{"@id":"https:\/\/bale.ch\/journal\/geneve-bientot-un-nouveau-batiment-pour-le-museum-dhistoire-naturelle\/"},"wordCount":758,"publisher":{"@id":"https:\/\/bale.ch\/journal\/#organization"},"image":{"@id":"https:\/\/bale.ch\/journal\/geneve-bientot-un-nouveau-batiment-pour-le-museum-dhistoire-naturelle\/#primaryimage"},"thumbnailUrl":"https:\/\/bale.ch\/journal\/wp-content\/uploads\/2023\/02\/Ph_Wagneur_museum_histoire_naturelle_geneve.jpg","keywords":["Gen\u00e8ve","Mus\u00e9e"],"articleSection":["Actualit\u00e9s","Grand Gen\u00e8ve"],"inLanguage":"fr-FR"},{"@type":"WebPage","@id":"https:\/\/bale.ch\/journal\/geneve-bientot-un-nouveau-batiment-pour-le-museum-dhistoire-naturelle\/","url":"https:\/\/bale.ch\/journal\/geneve-bientot-un-nouveau-batiment-pour-le-museum-dhistoire-naturelle\/","name":"Gen\u00e8ve: bient\u00f4t un nouveau b\u00e2timent pour le Mus\u00e9um d'histoire naturelle - Journal de B\u00e2le et Gen\u00e8ve","isPartOf":{"@id":"https:\/\/bale.ch\/journal\/#website"},"primaryImageOfPage":{"@id":"https:\/\/bale.ch\/journal\/geneve-bientot-un-nouveau-batiment-pour-le-museum-dhistoire-naturelle\/#primaryimage"},"image":{"@id":"https:\/\/bale.ch\/journal\/geneve-bientot-un-nouveau-batiment-pour-le-museum-dhistoire-naturelle\/#primaryimage"},"thumbnailUrl":"https:\/\/bale.ch\/journal\/wp-content\/uploads\/2023\/02\/Ph_Wagneur_museum_histoire_naturelle_geneve.jpg","datePublished":"2023-02-11T15:02:37+00:00","dateModified":"2023-02-11T15:05:14+00:00","breadcrumb":{"@id":"https:\/\/bale.ch\/journal\/geneve-bientot-un-nouveau-batiment-pour-le-museum-dhistoire-naturelle\/#breadcrumb"},"inLanguage":"fr-FR","potentialAction":[{"@type":"ReadAction","target":["https:\/\/bale.ch\/journal\/geneve-bientot-un-nouveau-batiment-pour-le-museum-dhistoire-naturelle\/"]}]},{"@type":"ImageObject","inLanguage":"fr-FR","@id":"https:\/\/bale.ch\/journal\/geneve-bientot-un-nouveau-batiment-pour-le-museum-dhistoire-naturelle\/#primaryimage","url":"https:\/\/bale.ch\/journal\/wp-content\/uploads\/2023\/02\/Ph_Wagneur_museum_histoire_naturelle_geneve.jpg","contentUrl":"https:\/\/bale.ch\/journal\/wp-content\/uploads\/2023\/02\/Ph_Wagneur_museum_histoire_naturelle_geneve.jpg","width":900,"height":484},{"@type":"BreadcrumbList","@id":"https:\/\/bale.ch\/journal\/geneve-bientot-un-nouveau-batiment-pour-le-museum-dhistoire-naturelle\/#breadcrumb","itemListElement":[{"@type":"ListItem","position":1,"name":"Accueil","item":"https:\/\/bale.ch\/journal\/"},{"@type":"ListItem","position":2,"name":"Gen\u00e8ve: bient\u00f4t un nouveau b\u00e2timent pour le Mus\u00e9um d&rsquo;histoire naturelle"}]},{"@type":"WebSite","@id":"https:\/\/bale.ch\/journal\/#website","url":"https:\/\/bale.ch\/journal\/","name":"Journal de B\u00e2le et Gen\u00e8ve","description":"M\u00e9dia transfrontalier d&#039;actualit\u00e9s - News","publisher":{"@id":"https:\/\/bale.ch\/journal\/#organization"},"potentialAction":[{"@type":"SearchAction","target":{"@type":"EntryPoint","urlTemplate":"https:\/\/bale.ch\/journal\/?s={search_term_string}"},"query-input":{"@type":"PropertyValueSpecification","valueRequired":true,"valueName":"search_term_string"}}],"inLanguage":"fr-FR"},{"@type":"Organization","@id":"https:\/\/bale.ch\/journal\/#organization","name":"Journal de B\u00e2le et Gen\u00e8ve","url":"https:\/\/bale.ch\/journal\/","logo":{"@type":"ImageObject","inLanguage":"fr-FR","@id":"https:\/\/bale.ch\/journal\/#\/schema\/logo\/image\/","url":"https:\/\/bale.ch\/journal\/wp-content\/uploads\/2023\/07\/journaldebale_logo_2023_nb.png","contentUrl":"https:\/\/bale.ch\/journal\/wp-content\/uploads\/2023\/07\/journaldebale_logo_2023_nb.png","width":371,"height":127,"caption":"Journal de B\u00e2le et Gen\u00e8ve"},"image":{"@id":"https:\/\/bale.ch\/journal\/#\/schema\/logo\/image\/"}},{"@type":"Person","@id":"https:\/\/bale.ch\/journal\/#\/schema\/person\/03ced978db3b7a5274c5cef003f352f5","name":"La R\u00e9daction","image":{"@type":"ImageObject","inLanguage":"fr-FR","@id":"https:\/\/secure.gravatar.com\/avatar\/d1327e2ce8d2b860112f968a3f34686c9bdda7a463a1502cdd1070ac9d88cf1e?s=96&d=mm&r=g","url":"https:\/\/secure.gravatar.com\/avatar\/d1327e2ce8d2b860112f968a3f34686c9bdda7a463a1502cdd1070ac9d88cf1e?s=96&d=mm&r=g","contentUrl":"https:\/\/secure.gravatar.com\/avatar\/d1327e2ce8d2b860112f968a3f34686c9bdda7a463a1502cdd1070ac9d88cf1e?s=96&d=mm&r=g","caption":"La R\u00e9daction"},"url":"https:\/\/bale.ch\/journal\/author\/laredaction\/"}]}},"_links":{"self":[{"href":"https:\/\/bale.ch\/journal\/wp-json\/wp\/v2\/posts\/3204","targetHints":{"allow":["GET"]}}],"collection":[{"href":"https:\/\/bale.ch\/journal\/wp-json\/wp\/v2\/posts"}],"about":[{"href":"https:\/\/bale.ch\/journal\/wp-json\/wp\/v2\/types\/post"}],"author":[{"embeddable":true,"href":"https:\/\/bale.ch\/journal\/wp-json\/wp\/v2\/users\/2"}],"replies":[{"embeddable":true,"href":"https:\/\/bale.ch\/journal\/wp-json\/wp\/v2\/comments?post=3204"}],"version-history":[{"count":3,"href":"https:\/\/bale.ch\/journal\/wp-json\/wp\/v2\/posts\/3204\/revisions"}],"predecessor-version":[{"id":3209,"href":"https:\/\/bale.ch\/journal\/wp-json\/wp\/v2\/posts\/3204\/revisions\/3209"}],"wp:featuredmedia":[{"embeddable":true,"href":"https:\/\/bale.ch\/journal\/wp-json\/wp\/v2\/media\/3205"}],"wp:attachment":[{"href":"https:\/\/bale.ch\/journal\/wp-json\/wp\/v2\/media?parent=3204"}],"wp:term":[{"taxonomy":"category","embeddable":true,"href":"https:\/\/bale.ch\/journal\/wp-json\/wp\/v2\/categories?post=3204"},{"taxonomy":"post_tag","embeddable":true,"href":"https:\/\/bale.ch\/journal\/wp-json\/wp\/v2\/tags?post=3204"}],"curies":[{"name":"wp","href":"https:\/\/api.w.org\/{rel}","templated":true}]}}