{"id":3212,"date":"2023-02-19T18:32:58","date_gmt":"2023-02-19T18:32:58","guid":{"rendered":"https:\/\/bale.ch\/journal\/?p=3212"},"modified":"2023-02-20T18:56:52","modified_gmt":"2023-02-20T18:56:52","slug":"iran-ukraine-zadistes-vaudois-et-feminicides-au-fifdh-de-geneve","status":"publish","type":"post","link":"https:\/\/bale.ch\/journal\/iran-ukraine-zadistes-vaudois-et-feminicides-au-fifdh-de-geneve\/","title":{"rendered":"Iran, Ukraine, zadistes vaudois et f\u00e9minicides au FIFDH de Gen\u00e8ve"},"content":{"rendered":"\n<p class=\"wp-block-paragraph\"><strong>Le Festival du film et forum international sur les droits humains de Gen\u00e8ve (FIFDH), apr\u00e8s s&rsquo;\u00eatre dot\u00e9 d&rsquo;une nouvelle direction \u00e0 deux t\u00eates, d\u00e9voile le programme de sa 21e \u00e9dition qui aura lieu du 10 au 19 mars 2023. Compos\u00e9e de sujets br\u00fblants qui rythment l\u2019actualit\u00e9 locale et internationale, la programmation 2023 a <em>\u00ab\u00a0l&rsquo;humiliation pour fil rouge\u00a0\u00bb<\/em> et invite \u00e0 une r\u00e9flexion autour d\u2019enjeux politiques, \u00e9thiques et symboliques.<\/strong> <\/p>\n\n\n\n<p class=\"wp-block-paragraph\">Cette nouvelle \u00e9dition du FIFDH co\u00efncide avec un jubil\u00e9 symbolique: <em>\u00ab\u00a0comm\u00e9morer les septante-cinq ans de la D\u00e9claration universelle des droits de l\u2019Homme incite \u00e0 consid\u00e9rer ces droits \u00e0 la crois\u00e9e de leurs continuit\u00e9s, ruptures et \u00e9mergences. Le FIFDH Gen\u00e8ve aborde ainsi avec une \u00e9gale acuit\u00e9 des th\u00e8mes aussi compl\u00e9mentaires que l\u2019humiliation comme outil d\u2019oppression, l\u2019extension des droits universels au monde du vivant ou les \u00e9cueils \u00e9thiques \u00e0 l\u2019\u00e8re num\u00e9rique\u00a0\u00bb<\/em> indique Ir\u00e8ne Challand, directrice des programmes du FIFDH.<\/p>\n\n\n\n<blockquote class=\"wp-block-quote is-layout-flow wp-block-quote-is-layout-flow\">\n<p class=\"wp-block-paragraph\">\u00ab\u00a0Pour pouvoir changer notre monde il faut s\u2019autoriser \u00e0 en imaginer un autre.\u2009\u00a0\u00bb<\/p>\n<cite> Ali Cherri, invit\u00e9 de la 21e \u00e9dition du FIFDH, pour L\u2019Orient-Le Jour, 16 mai 2022 <\/cite><\/blockquote>\n\n\n\n<h2 class=\"wp-block-heading\">Des invit\u00e9s marquants et engag\u00e9s<\/h2>\n\n\n\n<p class=\"wp-block-paragraph\">Plus de deux cents invit\u00e9s ont r\u00e9pondu pr\u00e9sents. Parmi eux<strong> le r\u00e9alisateur et plasticien libanais Ali Cherri<\/strong>, l\u2019activiste canado-somalienne laur\u00e9ate du Right Livelihood Award, Ilwad Elman,<strong> la chanteuse et d\u00e9fenseuse des droits des femmes kurde, Mutlu Kaya<\/strong>, le journaliste et documentariste afghan Abbas Rezaie, la journaliste d\u2019investigation et auteure fran\u00e7aise Garance Le Caisne, le r\u00e9alisateur franco-congolais Alain Kassanda,<strong> la productrice k\u00e9nyane, membre votante de l\u2019Acad\u00e9mie des Oscars en 2020, Toni Kamau<\/strong>, le cin\u00e9aste documentariste fran\u00e7ais Nicolas Philibert<strong>, la journaliste f\u00e9ministe et cr\u00e9atrice de podcasts Victoire Tuaillon (Les Couilles sur la table)<\/strong> ou encore le photographe suisse Christian Lutz. Parmi la centaine d&rsquo;invit\u00e9s, <strong>l&rsquo;identit\u00e9 d&rsquo;activistes iraniennes n&rsquo;est pas r\u00e9v\u00e9l\u00e9e pour des raisons de s\u00e9curit\u00e9<\/strong>. La f\u00e9roce r\u00e9pression en Iran et la guerre en Ukraine feront l&rsquo;objet d&rsquo;une table ronde et de la projection de deux films.<\/p><div id=\"crieu-905245428\" class=\"crieu-content crieu-entity-placement\"><script async src=\"\/\/pagead2.googlesyndication.com\/pagead\/js\/adsbygoogle.js?client=ca-pub-5271584769416742\" crossorigin=\"anonymous\"><\/script><ins class=\"adsbygoogle\" style=\"display:block;\" data-ad-client=\"ca-pub-5271584769416742\" \ndata-ad-slot=\"9321250718\" \ndata-ad-format=\"auto\"><\/ins>\n<script> \n(adsbygoogle = window.adsbygoogle || []).push({}); \n<\/script>\n<\/div>\n\n\n\n<h2 class=\"wp-block-heading\">Le pouls d\u2019un monde sous tension &#8211; conflits, environnement et migration <\/h2>\n\n\n\n<p class=\"wp-block-paragraph\">Le public sera notamment invit\u00e9 \u00e0 suivre<strong> les journalistes dans le huis clos d\u2019une r\u00e9daction au moment de la prise de pouvoir des Talibans en Afghanistan<\/strong>. Un autre documentaire plongera l\u2019audience dans l\u2019<em>Op\u00e9ration C\u00e9sar<\/em> qui a r\u00e9v\u00e9l\u00e9 au grand public<strong> des crimes contre l\u2019humanit\u00e9 commis par le r\u00e9gime de Bachar El-Assad<\/strong> en Syrie. Le d\u00e9bat qui suivra fera la lumi\u00e8re sur la bataille juridique men\u00e9e par l\u2019avocate Cl\u00e9mence Bectarte et le protagoniste du film, Obeida Dabbagh, pour faire reconna\u00eetre ces crimes.  <\/p>\n\n\n\n<p class=\"wp-block-paragraph\"><strong>L\u2019environnement sera un th\u00e8me central de le programmation<\/strong>, notamment avec un documentaire sur le premier avocat \u00e0 avoir poursuivi avec succ\u00e8s une multinationale et un gouvernement pour leurs abus et n\u00e9gligences au d\u00e9triment de l\u2019environnement. L\u2019\u00e9cologie sera \u00e9galement trait\u00e9e sous un angle d\u00e9colonial, en articulant les questions de classe, d\u2019origine et de genre, pour s\u2019extraire d\u2019un narratif unique et mettre en avant la diversit\u00e9 des v\u00e9cus. L\u2019autrice Myriam Bahaffou, militante \u00e9cof\u00e9ministe d\u00e9coloniale et antisp\u00e9ciste en d\u00e9battra avec Vandana Shiva, cheffe-de-file de l\u2019\u00e9cof\u00e9minisme mondial et l\u2019activiste Cannelle Fourdrinier. <strong>La migration et les d\u00e9placements forc\u00e9s marquent notre \u00e9poque<\/strong>. Cet enjeu sera abord\u00e9 avec un forum autour des diff\u00e9rences dans l\u2019accueil des migrants et d\u2019un film <em>La vie devant elle<\/em> de Manon Loizeau. Ce documentaire prend la forme du journal intime de la jeune Elaha Iqbali, Afghane de 14 ans, un r\u00e9cit de son exil entre solitude, fatigue mentale et instabilit\u00e9. <\/p>\n\n\n\n<h2 class=\"wp-block-heading\">R\u00e9flexions autour de la d\u00e9colonisation et cin\u00e9ma suisse <\/h2>\n\n\n\n<p class=\"wp-block-paragraph\">Apr\u00e8s l\u2019accession \u00e0 l\u2019ind\u00e9pendance de nombreuses nations et de peuples, l\u2019\u00e8re postcoloniale a fait l\u2019objet de multiples r\u00e9flexions politiques et sociologiques et a \u00e9t\u00e9 marqu\u00e9e par l\u2019\u00e9mergence d\u2019\u0153uvres artistiques ma\u00eetris\u00e9es par les protagonistes eux-m\u00eames. <strong>Un d\u00e9bat autour de la d\u00e9colonisation du r\u00e9cit sera propos\u00e9<\/strong> avec la productrice k\u00e9nyane Toni Kamau et le r\u00e9alisateur sri-lankais Sanjeewa Pushpakumara. Une d\u00e9colonisation qui sera \u00e9galement au centre d\u2019une discussion autour du film controvers\u00e9 <em>H2: The Occupation Lab<\/em> . A travers des images d\u2019archives rares et des entretiens, le film raconte <strong>comment la ville palestinienne d\u2019H\u00e9bron a servi de laboratoire politique pour les m\u00e9thodes de contr\u00f4le d\u2019Isra\u00ebl,<\/strong> et insiste sur les cons\u00e9quences n\u00e9fastes de la colonisation. <\/p>\n\n\n\n<p class=\"wp-block-paragraph\">Le cin\u00e9ma suisse aura une place de choix lors de cette 21e \u00e9dition avec la pr\u00e9sence d\u2019une g\u00e9n\u00e9ration montante de nouveaux cin\u00e9astes. Entre autres Carmen Jacquier, laur\u00e9ate du prix de la mise en sc\u00e8ne au Festival international de Marrakech (FIFM) pr\u00e9sentera son film <em>Foudre<\/em> et Simon David qui <strong>nous conduira dans la ZAD de la colline du Mormont<\/strong> avec son film <em>Zadvengers<\/em>. <\/p>\n\n\n\n<h2 class=\"wp-block-heading\">Technologie et droits humains <\/h2>\n\n\n\n<p class=\"wp-block-paragraph\">Des nouvelles technologies qui mettent \u00e9galement en p\u00e9ril la s\u00e9curit\u00e9 de nos donn\u00e9es, et ouvrent la voie \u00e0 leur pillage. En 2021, un consortium de journalistes d\u00e9non\u00e7ait l\u2019usage d\u2019un logiciel espion, Pegasus, utilis\u00e9 par 65 \u00c9tats pour espionner \u00e0 distance des milliers de d\u00e9fenseur des droits humains, journalistes, et opposants politiques. <strong>Pr\u00e9sent\u00e9 en premi\u00e8re mondiale, <em>Pegasus, un espion dans votre poche<\/em><\/strong> d\u2019Anne Poiret revient sur ce scandale. Le journaliste fran\u00e7ais Laurent Richard du r\u00e9seau Forbidden Stories et la journaliste et militante catalane Txell Bonet, victime de ce logiciel, en d\u00e9battront sur la sc\u00e8ne du FIFDH.<\/p>\n\n\n\n<p class=\"wp-block-paragraph\">Enfin, un premier forum visera \u00e0 <strong>d\u00e9finir l&rsquo;usage de l&rsquo;humiliation dans les relations internationales<\/strong> et un second abordera son application concr\u00e8te, comme un <strong>outil d\u2019oppression et domination en Palestine<\/strong>.<\/p>\n\n\n\n<p class=\"wp-block-paragraph\">Infos et programme complet \u00e0 d\u00e9couvrir sur <strong><a href=\"https:\/\/fifdh.org\/\" target=\"_blank\" rel=\"noreferrer noopener\">fifdh.org<\/a><\/strong><\/p>\n<div id=\"crieu-628916601\" class=\"crieu-apres-le-contenu crieu-entity-placement\" style=\"margin-left: auto;margin-right: auto;text-align: center;\"><script async src=\"\/\/pagead2.googlesyndication.com\/pagead\/js\/adsbygoogle.js?client=ca-pub-5271584769416742\" crossorigin=\"anonymous\"><\/script><ins class=\"adsbygoogle\" style=\"display:block;\" data-ad-client=\"ca-pub-5271584769416742\" \ndata-ad-slot=\"9321250718\" \ndata-ad-format=\"auto\"><\/ins>\n<script> \n(adsbygoogle = window.adsbygoogle || []).push({}); \n<\/script>\n<\/div>","protected":false},"excerpt":{"rendered":"<p>Le Festival du film et forum international sur les droits humains de Gen\u00e8ve (FIFDH), apr\u00e8s s&rsquo;\u00eatre dot\u00e9 d&rsquo;une nouvelle direction \u00e0 deux t\u00eates, d\u00e9voile le programme de sa 21e \u00e9dition <a href=\"https:\/\/bale.ch\/journal\/iran-ukraine-zadistes-vaudois-et-feminicides-au-fifdh-de-geneve\/\" class=\"read-more button-fancy -red\"><span class=\"btn-arrow\"><\/span><span class=\"twp-read-more text\">Continuer la lecture<\/span><\/a><\/p>\n","protected":false},"author":2,"featured_media":3213,"comment_status":"closed","ping_status":"closed","sticky":false,"template":"","format":"standard","meta":{"footnotes":""},"categories":[103,4,18],"tags":[131,93,74],"class_list":["post-3212","post","type-post","status-publish","format-standard","has-post-thumbnail","hentry","category-actu","category-grand-geneve","category-sortir","tag-droits-humains","tag-festival","tag-geneve"],"yoast_head":"<!-- This site is optimized with the Yoast SEO plugin v28.3 - https:\/\/yoast.com\/product\/yoast-seo-wordpress\/ -->\n<title>Iran, Ukraine, zadistes vaudois et f\u00e9minicides au FIFDH de Gen\u00e8ve - Journal de B\u00e2le et Gen\u00e8ve<\/title>\n<meta name=\"robots\" content=\"index, follow, max-snippet:-1, max-image-preview:large, max-video-preview:-1\" \/>\n<link rel=\"canonical\" href=\"https:\/\/bale.ch\/journal\/iran-ukraine-zadistes-vaudois-et-feminicides-au-fifdh-de-geneve\/\" \/>\n<meta property=\"og:locale\" content=\"fr_FR\" \/>\n<meta property=\"og:type\" content=\"article\" \/>\n<meta property=\"og:title\" content=\"Iran, Ukraine, zadistes vaudois et f\u00e9minicides au FIFDH de Gen\u00e8ve - Journal de B\u00e2le et Gen\u00e8ve\" \/>\n<meta property=\"og:description\" content=\"Le Festival du film et forum international sur les droits humains de Gen\u00e8ve (FIFDH), apr\u00e8s s&rsquo;\u00eatre dot\u00e9 d&rsquo;une nouvelle direction \u00e0 deux t\u00eates, d\u00e9voile le programme de sa 21e \u00e9dition Continuer la lecture\" \/>\n<meta property=\"og:url\" content=\"https:\/\/bale.ch\/journal\/iran-ukraine-zadistes-vaudois-et-feminicides-au-fifdh-de-geneve\/\" \/>\n<meta property=\"og:site_name\" content=\"Journal de B\u00e2le et Gen\u00e8ve\" \/>\n<meta property=\"article:published_time\" content=\"2023-02-19T18:32:58+00:00\" \/>\n<meta property=\"article:modified_time\" content=\"2023-02-20T18:56:52+00:00\" \/>\n<meta property=\"og:image\" content=\"https:\/\/bale.ch\/journal\/wp-content\/uploads\/2023\/02\/fifdg_2023_affiche.jpg\" \/>\n\t<meta property=\"og:image:width\" content=\"900\" \/>\n\t<meta property=\"og:image:height\" content=\"484\" \/>\n\t<meta property=\"og:image:type\" content=\"image\/jpeg\" \/>\n<meta name=\"author\" content=\"La R\u00e9daction\" \/>\n<meta name=\"twitter:card\" content=\"summary_large_image\" \/>\n<meta name=\"twitter:label1\" content=\"\u00c9crit par\" \/>\n\t<meta name=\"twitter:data1\" content=\"La R\u00e9daction\" \/>\n\t<meta name=\"twitter:label2\" content=\"Dur\u00e9e de lecture estim\u00e9e\" \/>\n\t<meta name=\"twitter:data2\" content=\"5 minutes\" \/>\n<script type=\"application\/ld+json\" class=\"yoast-schema-graph\">{\"@context\":\"https:\\\/\\\/schema.org\",\"@graph\":[{\"@type\":\"Article\",\"@id\":\"https:\\\/\\\/bale.ch\\\/journal\\\/iran-ukraine-zadistes-vaudois-et-feminicides-au-fifdh-de-geneve\\\/#article\",\"isPartOf\":{\"@id\":\"https:\\\/\\\/bale.ch\\\/journal\\\/iran-ukraine-zadistes-vaudois-et-feminicides-au-fifdh-de-geneve\\\/\"},\"author\":{\"name\":\"La R\u00e9daction\",\"@id\":\"https:\\\/\\\/bale.ch\\\/journal\\\/#\\\/schema\\\/person\\\/03ced978db3b7a5274c5cef003f352f5\"},\"headline\":\"Iran, Ukraine, zadistes vaudois et f\u00e9minicides au FIFDH de Gen\u00e8ve\",\"datePublished\":\"2023-02-19T18:32:58+00:00\",\"dateModified\":\"2023-02-20T18:56:52+00:00\",\"mainEntityOfPage\":{\"@id\":\"https:\\\/\\\/bale.ch\\\/journal\\\/iran-ukraine-zadistes-vaudois-et-feminicides-au-fifdh-de-geneve\\\/\"},\"wordCount\":1027,\"publisher\":{\"@id\":\"https:\\\/\\\/bale.ch\\\/journal\\\/#organization\"},\"image\":{\"@id\":\"https:\\\/\\\/bale.ch\\\/journal\\\/iran-ukraine-zadistes-vaudois-et-feminicides-au-fifdh-de-geneve\\\/#primaryimage\"},\"thumbnailUrl\":\"https:\\\/\\\/bale.ch\\\/journal\\\/wp-content\\\/uploads\\\/2023\\\/02\\\/fifdg_2023_affiche.jpg\",\"keywords\":[\"Droits humains\",\"festival\",\"Gen\u00e8ve\"],\"articleSection\":[\"Actualit\u00e9s\",\"Grand Gen\u00e8ve\",\"Sortir\"],\"inLanguage\":\"fr-FR\"},{\"@type\":\"WebPage\",\"@id\":\"https:\\\/\\\/bale.ch\\\/journal\\\/iran-ukraine-zadistes-vaudois-et-feminicides-au-fifdh-de-geneve\\\/\",\"url\":\"https:\\\/\\\/bale.ch\\\/journal\\\/iran-ukraine-zadistes-vaudois-et-feminicides-au-fifdh-de-geneve\\\/\",\"name\":\"Iran, Ukraine, zadistes vaudois et f\u00e9minicides au FIFDH de Gen\u00e8ve - Journal de B\u00e2le et Gen\u00e8ve\",\"isPartOf\":{\"@id\":\"https:\\\/\\\/bale.ch\\\/journal\\\/#website\"},\"primaryImageOfPage\":{\"@id\":\"https:\\\/\\\/bale.ch\\\/journal\\\/iran-ukraine-zadistes-vaudois-et-feminicides-au-fifdh-de-geneve\\\/#primaryimage\"},\"image\":{\"@id\":\"https:\\\/\\\/bale.ch\\\/journal\\\/iran-ukraine-zadistes-vaudois-et-feminicides-au-fifdh-de-geneve\\\/#primaryimage\"},\"thumbnailUrl\":\"https:\\\/\\\/bale.ch\\\/journal\\\/wp-content\\\/uploads\\\/2023\\\/02\\\/fifdg_2023_affiche.jpg\",\"datePublished\":\"2023-02-19T18:32:58+00:00\",\"dateModified\":\"2023-02-20T18:56:52+00:00\",\"breadcrumb\":{\"@id\":\"https:\\\/\\\/bale.ch\\\/journal\\\/iran-ukraine-zadistes-vaudois-et-feminicides-au-fifdh-de-geneve\\\/#breadcrumb\"},\"inLanguage\":\"fr-FR\",\"potentialAction\":[{\"@type\":\"ReadAction\",\"target\":[\"https:\\\/\\\/bale.ch\\\/journal\\\/iran-ukraine-zadistes-vaudois-et-feminicides-au-fifdh-de-geneve\\\/\"]}]},{\"@type\":\"ImageObject\",\"inLanguage\":\"fr-FR\",\"@id\":\"https:\\\/\\\/bale.ch\\\/journal\\\/iran-ukraine-zadistes-vaudois-et-feminicides-au-fifdh-de-geneve\\\/#primaryimage\",\"url\":\"https:\\\/\\\/bale.ch\\\/journal\\\/wp-content\\\/uploads\\\/2023\\\/02\\\/fifdg_2023_affiche.jpg\",\"contentUrl\":\"https:\\\/\\\/bale.ch\\\/journal\\\/wp-content\\\/uploads\\\/2023\\\/02\\\/fifdg_2023_affiche.jpg\",\"width\":900,\"height\":484},{\"@type\":\"BreadcrumbList\",\"@id\":\"https:\\\/\\\/bale.ch\\\/journal\\\/iran-ukraine-zadistes-vaudois-et-feminicides-au-fifdh-de-geneve\\\/#breadcrumb\",\"itemListElement\":[{\"@type\":\"ListItem\",\"position\":1,\"name\":\"Accueil\",\"item\":\"https:\\\/\\\/bale.ch\\\/journal\\\/\"},{\"@type\":\"ListItem\",\"position\":2,\"name\":\"Iran, Ukraine, zadistes vaudois et f\u00e9minicides au FIFDH de Gen\u00e8ve\"}]},{\"@type\":\"WebSite\",\"@id\":\"https:\\\/\\\/bale.ch\\\/journal\\\/#website\",\"url\":\"https:\\\/\\\/bale.ch\\\/journal\\\/\",\"name\":\"Journal de B\u00e2le et Gen\u00e8ve\",\"description\":\"M\u00e9dia transfrontalier d&#039;actualit\u00e9s - News\",\"publisher\":{\"@id\":\"https:\\\/\\\/bale.ch\\\/journal\\\/#organization\"},\"potentialAction\":[{\"@type\":\"SearchAction\",\"target\":{\"@type\":\"EntryPoint\",\"urlTemplate\":\"https:\\\/\\\/bale.ch\\\/journal\\\/?s={search_term_string}\"},\"query-input\":{\"@type\":\"PropertyValueSpecification\",\"valueRequired\":true,\"valueName\":\"search_term_string\"}}],\"inLanguage\":\"fr-FR\"},{\"@type\":\"Organization\",\"@id\":\"https:\\\/\\\/bale.ch\\\/journal\\\/#organization\",\"name\":\"Journal de B\u00e2le et Gen\u00e8ve\",\"url\":\"https:\\\/\\\/bale.ch\\\/journal\\\/\",\"logo\":{\"@type\":\"ImageObject\",\"inLanguage\":\"fr-FR\",\"@id\":\"https:\\\/\\\/bale.ch\\\/journal\\\/#\\\/schema\\\/logo\\\/image\\\/\",\"url\":\"https:\\\/\\\/bale.ch\\\/journal\\\/wp-content\\\/uploads\\\/2023\\\/07\\\/journaldebale_logo_2023_nb.png\",\"contentUrl\":\"https:\\\/\\\/bale.ch\\\/journal\\\/wp-content\\\/uploads\\\/2023\\\/07\\\/journaldebale_logo_2023_nb.png\",\"width\":371,\"height\":127,\"caption\":\"Journal de B\u00e2le et Gen\u00e8ve\"},\"image\":{\"@id\":\"https:\\\/\\\/bale.ch\\\/journal\\\/#\\\/schema\\\/logo\\\/image\\\/\"}},{\"@type\":\"Person\",\"@id\":\"https:\\\/\\\/bale.ch\\\/journal\\\/#\\\/schema\\\/person\\\/03ced978db3b7a5274c5cef003f352f5\",\"name\":\"La R\u00e9daction\",\"image\":{\"@type\":\"ImageObject\",\"inLanguage\":\"fr-FR\",\"@id\":\"https:\\\/\\\/secure.gravatar.com\\\/avatar\\\/d1327e2ce8d2b860112f968a3f34686c9bdda7a463a1502cdd1070ac9d88cf1e?s=96&d=mm&r=g\",\"url\":\"https:\\\/\\\/secure.gravatar.com\\\/avatar\\\/d1327e2ce8d2b860112f968a3f34686c9bdda7a463a1502cdd1070ac9d88cf1e?s=96&d=mm&r=g\",\"contentUrl\":\"https:\\\/\\\/secure.gravatar.com\\\/avatar\\\/d1327e2ce8d2b860112f968a3f34686c9bdda7a463a1502cdd1070ac9d88cf1e?s=96&d=mm&r=g\",\"caption\":\"La R\u00e9daction\"},\"url\":\"https:\\\/\\\/bale.ch\\\/journal\\\/author\\\/laredaction\\\/\"}]}<\/script>\n<!-- \/ Yoast SEO plugin. -->","yoast_head_json":{"title":"Iran, Ukraine, zadistes vaudois et f\u00e9minicides au FIFDH de Gen\u00e8ve - Journal de B\u00e2le et Gen\u00e8ve","robots":{"index":"index","follow":"follow","max-snippet":"max-snippet:-1","max-image-preview":"max-image-preview:large","max-video-preview":"max-video-preview:-1"},"canonical":"https:\/\/bale.ch\/journal\/iran-ukraine-zadistes-vaudois-et-feminicides-au-fifdh-de-geneve\/","og_locale":"fr_FR","og_type":"article","og_title":"Iran, Ukraine, zadistes vaudois et f\u00e9minicides au FIFDH de Gen\u00e8ve - Journal de B\u00e2le et Gen\u00e8ve","og_description":"Le Festival du film et forum international sur les droits humains de Gen\u00e8ve (FIFDH), apr\u00e8s s&rsquo;\u00eatre dot\u00e9 d&rsquo;une nouvelle direction \u00e0 deux t\u00eates, d\u00e9voile le programme de sa 21e \u00e9dition Continuer la lecture","og_url":"https:\/\/bale.ch\/journal\/iran-ukraine-zadistes-vaudois-et-feminicides-au-fifdh-de-geneve\/","og_site_name":"Journal de B\u00e2le et Gen\u00e8ve","article_published_time":"2023-02-19T18:32:58+00:00","article_modified_time":"2023-02-20T18:56:52+00:00","og_image":[{"width":900,"height":484,"url":"https:\/\/bale.ch\/journal\/wp-content\/uploads\/2023\/02\/fifdg_2023_affiche.jpg","type":"image\/jpeg"}],"author":"La R\u00e9daction","twitter_card":"summary_large_image","twitter_misc":{"\u00c9crit par":"La R\u00e9daction","Dur\u00e9e de lecture estim\u00e9e":"5 minutes"},"schema":{"@context":"https:\/\/schema.org","@graph":[{"@type":"Article","@id":"https:\/\/bale.ch\/journal\/iran-ukraine-zadistes-vaudois-et-feminicides-au-fifdh-de-geneve\/#article","isPartOf":{"@id":"https:\/\/bale.ch\/journal\/iran-ukraine-zadistes-vaudois-et-feminicides-au-fifdh-de-geneve\/"},"author":{"name":"La R\u00e9daction","@id":"https:\/\/bale.ch\/journal\/#\/schema\/person\/03ced978db3b7a5274c5cef003f352f5"},"headline":"Iran, Ukraine, zadistes vaudois et f\u00e9minicides au FIFDH de Gen\u00e8ve","datePublished":"2023-02-19T18:32:58+00:00","dateModified":"2023-02-20T18:56:52+00:00","mainEntityOfPage":{"@id":"https:\/\/bale.ch\/journal\/iran-ukraine-zadistes-vaudois-et-feminicides-au-fifdh-de-geneve\/"},"wordCount":1027,"publisher":{"@id":"https:\/\/bale.ch\/journal\/#organization"},"image":{"@id":"https:\/\/bale.ch\/journal\/iran-ukraine-zadistes-vaudois-et-feminicides-au-fifdh-de-geneve\/#primaryimage"},"thumbnailUrl":"https:\/\/bale.ch\/journal\/wp-content\/uploads\/2023\/02\/fifdg_2023_affiche.jpg","keywords":["Droits humains","festival","Gen\u00e8ve"],"articleSection":["Actualit\u00e9s","Grand Gen\u00e8ve","Sortir"],"inLanguage":"fr-FR"},{"@type":"WebPage","@id":"https:\/\/bale.ch\/journal\/iran-ukraine-zadistes-vaudois-et-feminicides-au-fifdh-de-geneve\/","url":"https:\/\/bale.ch\/journal\/iran-ukraine-zadistes-vaudois-et-feminicides-au-fifdh-de-geneve\/","name":"Iran, Ukraine, zadistes vaudois et f\u00e9minicides au FIFDH de Gen\u00e8ve - Journal de B\u00e2le et Gen\u00e8ve","isPartOf":{"@id":"https:\/\/bale.ch\/journal\/#website"},"primaryImageOfPage":{"@id":"https:\/\/bale.ch\/journal\/iran-ukraine-zadistes-vaudois-et-feminicides-au-fifdh-de-geneve\/#primaryimage"},"image":{"@id":"https:\/\/bale.ch\/journal\/iran-ukraine-zadistes-vaudois-et-feminicides-au-fifdh-de-geneve\/#primaryimage"},"thumbnailUrl":"https:\/\/bale.ch\/journal\/wp-content\/uploads\/2023\/02\/fifdg_2023_affiche.jpg","datePublished":"2023-02-19T18:32:58+00:00","dateModified":"2023-02-20T18:56:52+00:00","breadcrumb":{"@id":"https:\/\/bale.ch\/journal\/iran-ukraine-zadistes-vaudois-et-feminicides-au-fifdh-de-geneve\/#breadcrumb"},"inLanguage":"fr-FR","potentialAction":[{"@type":"ReadAction","target":["https:\/\/bale.ch\/journal\/iran-ukraine-zadistes-vaudois-et-feminicides-au-fifdh-de-geneve\/"]}]},{"@type":"ImageObject","inLanguage":"fr-FR","@id":"https:\/\/bale.ch\/journal\/iran-ukraine-zadistes-vaudois-et-feminicides-au-fifdh-de-geneve\/#primaryimage","url":"https:\/\/bale.ch\/journal\/wp-content\/uploads\/2023\/02\/fifdg_2023_affiche.jpg","contentUrl":"https:\/\/bale.ch\/journal\/wp-content\/uploads\/2023\/02\/fifdg_2023_affiche.jpg","width":900,"height":484},{"@type":"BreadcrumbList","@id":"https:\/\/bale.ch\/journal\/iran-ukraine-zadistes-vaudois-et-feminicides-au-fifdh-de-geneve\/#breadcrumb","itemListElement":[{"@type":"ListItem","position":1,"name":"Accueil","item":"https:\/\/bale.ch\/journal\/"},{"@type":"ListItem","position":2,"name":"Iran, Ukraine, zadistes vaudois et f\u00e9minicides au FIFDH de Gen\u00e8ve"}]},{"@type":"WebSite","@id":"https:\/\/bale.ch\/journal\/#website","url":"https:\/\/bale.ch\/journal\/","name":"Journal de B\u00e2le et Gen\u00e8ve","description":"M\u00e9dia transfrontalier d&#039;actualit\u00e9s - News","publisher":{"@id":"https:\/\/bale.ch\/journal\/#organization"},"potentialAction":[{"@type":"SearchAction","target":{"@type":"EntryPoint","urlTemplate":"https:\/\/bale.ch\/journal\/?s={search_term_string}"},"query-input":{"@type":"PropertyValueSpecification","valueRequired":true,"valueName":"search_term_string"}}],"inLanguage":"fr-FR"},{"@type":"Organization","@id":"https:\/\/bale.ch\/journal\/#organization","name":"Journal de B\u00e2le et Gen\u00e8ve","url":"https:\/\/bale.ch\/journal\/","logo":{"@type":"ImageObject","inLanguage":"fr-FR","@id":"https:\/\/bale.ch\/journal\/#\/schema\/logo\/image\/","url":"https:\/\/bale.ch\/journal\/wp-content\/uploads\/2023\/07\/journaldebale_logo_2023_nb.png","contentUrl":"https:\/\/bale.ch\/journal\/wp-content\/uploads\/2023\/07\/journaldebale_logo_2023_nb.png","width":371,"height":127,"caption":"Journal de B\u00e2le et Gen\u00e8ve"},"image":{"@id":"https:\/\/bale.ch\/journal\/#\/schema\/logo\/image\/"}},{"@type":"Person","@id":"https:\/\/bale.ch\/journal\/#\/schema\/person\/03ced978db3b7a5274c5cef003f352f5","name":"La R\u00e9daction","image":{"@type":"ImageObject","inLanguage":"fr-FR","@id":"https:\/\/secure.gravatar.com\/avatar\/d1327e2ce8d2b860112f968a3f34686c9bdda7a463a1502cdd1070ac9d88cf1e?s=96&d=mm&r=g","url":"https:\/\/secure.gravatar.com\/avatar\/d1327e2ce8d2b860112f968a3f34686c9bdda7a463a1502cdd1070ac9d88cf1e?s=96&d=mm&r=g","contentUrl":"https:\/\/secure.gravatar.com\/avatar\/d1327e2ce8d2b860112f968a3f34686c9bdda7a463a1502cdd1070ac9d88cf1e?s=96&d=mm&r=g","caption":"La R\u00e9daction"},"url":"https:\/\/bale.ch\/journal\/author\/laredaction\/"}]}},"_links":{"self":[{"href":"https:\/\/bale.ch\/journal\/wp-json\/wp\/v2\/posts\/3212","targetHints":{"allow":["GET"]}}],"collection":[{"href":"https:\/\/bale.ch\/journal\/wp-json\/wp\/v2\/posts"}],"about":[{"href":"https:\/\/bale.ch\/journal\/wp-json\/wp\/v2\/types\/post"}],"author":[{"embeddable":true,"href":"https:\/\/bale.ch\/journal\/wp-json\/wp\/v2\/users\/2"}],"replies":[{"embeddable":true,"href":"https:\/\/bale.ch\/journal\/wp-json\/wp\/v2\/comments?post=3212"}],"version-history":[{"count":7,"href":"https:\/\/bale.ch\/journal\/wp-json\/wp\/v2\/posts\/3212\/revisions"}],"predecessor-version":[{"id":3222,"href":"https:\/\/bale.ch\/journal\/wp-json\/wp\/v2\/posts\/3212\/revisions\/3222"}],"wp:featuredmedia":[{"embeddable":true,"href":"https:\/\/bale.ch\/journal\/wp-json\/wp\/v2\/media\/3213"}],"wp:attachment":[{"href":"https:\/\/bale.ch\/journal\/wp-json\/wp\/v2\/media?parent=3212"}],"wp:term":[{"taxonomy":"category","embeddable":true,"href":"https:\/\/bale.ch\/journal\/wp-json\/wp\/v2\/categories?post=3212"},{"taxonomy":"post_tag","embeddable":true,"href":"https:\/\/bale.ch\/journal\/wp-json\/wp\/v2\/tags?post=3212"}],"curies":[{"name":"wp","href":"https:\/\/api.w.org\/{rel}","templated":true}]}}