{"id":3231,"date":"2023-02-26T17:09:44","date_gmt":"2023-02-26T17:09:44","guid":{"rendered":"https:\/\/bale.ch\/journal\/?p=3231"},"modified":"2023-02-26T17:11:06","modified_gmt":"2023-02-26T17:11:06","slug":"apres-la-pandemie-bale-mulhouse-redecolle","status":"publish","type":"post","link":"https:\/\/bale.ch\/journal\/apres-la-pandemie-bale-mulhouse-redecolle\/","title":{"rendered":"Apr\u00e8s la pand\u00e9mie, B\u00e2le-Mulhouse red\u00e9colle"},"content":{"rendered":"\n<p class=\"wp-block-paragraph\"><strong>L&rsquo;ann\u00e9e 2022 a \u00e9t\u00e9 plac\u00e9e sous le signe d\u2019un nouveau d\u00e9part apr\u00e8s la pand\u00e9mie.  Le nombre de passagers \u00e0 l\u2019EuroAirport est tr\u00e8s fortement reparti \u00e0 la hausse. Au total, l\u2019A\u00e9roport a accueilli 7 millions de passagers en 2022 contre un peu plus de 9 millions en 2019.<\/strong><br><br>Pendant le premier trimestre de l\u2019ann\u00e9e 2022, le nombre de passagers s\u2019est maintenu \u00e0 un niveau relativement faible, puis il a fortement augment\u00e9 \u00e0 partir du mois d\u2019avril. Durant la p\u00e9riode estivale, des pics de fr\u00e9quentations encore plus importants qu\u2019en 2019 ont \u00e9t\u00e9 enregistr\u00e9s, et ce, pour un nombre de passagers globalement plus faible. Le taux d\u2019occupation des parkings \u00e9tait \u00e9galement tr\u00e8s \u00e9lev\u00e9, d\u00e9passant \u00e0 certaines p\u00e9riodes les pics d\u2019occupation de l\u2019ann\u00e9e 2019. La p\u00e9riode estivale s&rsquo;est d\u00e9roul\u00e9e de mani\u00e8re satisfaisante. Cela s\u2019explique essentiellement par le fait que l\u2019EuroAirport et ses partenaires, dans leur grande majorit\u00e9, ont r\u00e9ussi \u00e0 embaucher suffisamment de personnel pour faire face \u00e0 la situation.\u00a0<br><br>Le nombre total de mouvements a\u00e9riens s\u2019est \u00e9lev\u00e9 \u00e0 84 136 (+31,7%\/2021 resp. -15,3%\/2019) dont pr\u00e8s de 64 300 vols commerciaux (+56%\/2021 resp. -21,1%\/2019).<br><br>L\u2019EuroAirport sert essentiellement de platerforme vers l\u2019Europe et le bassin m\u00e9diterran\u00e9en: 25 compagnies a\u00e9riennes ont propos\u00e9 un total de 90 destinations en 2022.<br><br><strong>Consolidation de l\u2019activit\u00e9 Fret<\/strong><br>L\u2019activit\u00e9 fret permet \u00e0 l\u2019A\u00e9roport de B\u00e2le-Mulhouse de jouer un r\u00f4le strat\u00e9gique au service de l&rsquo;\u00e9conomie r\u00e9gionale. Le fret se divise en deux grands segments : le fret g\u00e9n\u00e9ral (fret tout cargo et fret camionn\u00e9) et le fret express.<br><br>En d\u00e9pit d\u2019une l\u00e9g\u00e8re baisse du volume de fret de 4,2% \u00e0 114 320 tonnes (ann\u00e9e pr\u00e9c\u00e9dente : 119 300 tonnes, 2019 : 106 075 tonnes), le DAS fret a confort\u00e9 sa position en 2022. La baisse a \u00e9t\u00e9 de 7 pour cent pour le fret express (+4,6%\/2019) tandis que le fret g\u00e9n\u00e9ral a diminu\u00e9 de 16,3% au niveau du fret tout cargo et il a augment\u00e9 de 4,4% au niveau du fret camionn\u00e9.<br><br>En 2022, l\u2019Etablissement public \u00ab\u00a0A\u00e9roport de B\u00e2le-Mulhouse\u00a0\u00bb a relanc\u00e9 les embauches apr\u00e8s une p\u00e9riode de gel de 2 ans. Sur un effectif initial de 402 personnes fin 2019, 57 employ\u00e9s ont quitt\u00e9 l\u2019A\u00e9roport de B\u00e2le-Mulhouse entre 2020 et 2021, sans qu\u2019il y ait eu de licenciements. Fin 2022, la plateforme comptait 6220 emplois dont 367 se situent directement au sein de l\u2019Etablissement public. L\u2019ensemble du site a\u00e9roportuaire reste ainsi l\u2019un des plus importants employeurs de la r\u00e9gion trinationale.<\/p>\n\n\n\n<p class=\"wp-block-paragraph\"><strong>Environnement<\/strong><br>Les deux axes d\u2019action majeurs, \u00e0 savoir la r\u00e9duction de l\u2019empreinte sonore et la r\u00e9duction de l\u2019empreinte carbone, ont \u00e9t\u00e9 poursuivis en 2022.<\/p>\n\n\n\n<p class=\"wp-block-paragraph\">L\u2019EuroAirport poursuit une strat\u00e9gie \u00e0 deux niveaux : \u00e0 long terme, l\u2019EuroAirport veut d\u00e9finir et mettre en \u0153uvre un plafonnement des nuisances sonores (courbes de brut limitantes) caus\u00e9es par les op\u00e9rations a\u00e9riennes et ce, en collaboration avec les autorit\u00e9s de tutelle, les politiques et les associations. Cela doit permettre de cr\u00e9er une s\u00e9curit\u00e9 juridique pour tous les acteurs impliqu\u00e9s.<br><br>A court terme, l\u2019EuroAirport souhaite r\u00e9duire les nuisances sonores nocturnes qui repr\u00e9sentent un important facteur de tension. Les mesures entr\u00e9es en vigueur le 1er f\u00e9vrier 2022 pr\u00e9voient d\u2019une part l\u2019interdiction des d\u00e9collages programm\u00e9s entre 23h et minuit. D\u2019autre part, les d\u00e9collages et atterrissages d\u2019avions particuli\u00e8rement bruyants sont interdits pendant les heures sensibles de la nuit entre 22h00 et 6h00.<br><br><strong>Bilan interm\u00e9diaire des nouvelles mesures<\/strong><br>Certes, le nombre de d\u00e9collages apr\u00e8s 23h00 a diminu\u00e9 de 68 % par rapport aux ann\u00e9es pr\u00e9c\u00e9dentes. De plus, aucun d\u00e9collage apr\u00e8s 23h00 n\u2019a \u00e9t\u00e9 programm\u00e9 depuis f\u00e9vrier 2022. Toutefois, la situation en mati\u00e8re de nuisances sonores s\u2019est d\u00e9t\u00e9rior\u00e9e entre 23h00 et 23h15 par rapport \u00e0 la situation ant\u00e9rieure \u00e0 la mise en \u0153uvre de la nouvelle mesure. Cela s\u2019explique essentiellement par les d\u00e9collages qui, avant la mise en \u0153uvre de la mesure, avaient lieu apr\u00e8s 23h00, et qui ont \u00e9t\u00e9 programm\u00e9s peu avant 23h00 en 2022. Par cons\u00e9quent, les communes autour de l\u2019A\u00e9roport sont davantage survol\u00e9es qu\u2019auparavant peu apr\u00e8s 23h00. Du point de vue de l\u2019EuroAirport, cela n\u2019est pas acceptable. C\u2019est pourquoi il s\u2019engage, en coop\u00e9ration avec les autorit\u00e9s de tutelle fran\u00e7aise et suisse, avec les compagnies a\u00e9riennes concern\u00e9es et par le biais d\u2019adaptations suppl\u00e9mentaires de ses propres infrastructures, \u00e0 mettre en \u0153uvre toutes les actions permettant d\u2019obtenir des am\u00e9liorations afin de r\u00e9duire de mani\u00e8re significative les survols en augmentation peu apr\u00e8s 23h00.<br><br>En outre, l\u2019accent est mis sur la premi\u00e8re heure de la nuit entre 22h00 \u00e0 23h00. Il s\u2019agit d\u2019\u00e9viter que l\u2019interdiction des d\u00e9collages programm\u00e9s ne provoque une augmentation des nuisances sonores en avan\u00e7ant les d\u00e9collages de 23h00 \u00e0 24h00 sur la p\u00e9riode pr\u00e9c\u00e9dant 23h00. Des mesures correctives doivent \u00eatre prises en temps voulu. Pour ce projet aussi, l\u2019A\u00e9roport travaille en \u00e9troite collaboration avec les autorit\u00e9s de tutelle fran\u00e7aise et suisse.<br><\/p><div id=\"crieu-1318642501\" class=\"crieu-content crieu-entity-placement\"><script async src=\"\/\/pagead2.googlesyndication.com\/pagead\/js\/adsbygoogle.js?client=ca-pub-5271584769416742\" crossorigin=\"anonymous\"><\/script><ins class=\"adsbygoogle\" style=\"display:block;\" data-ad-client=\"ca-pub-5271584769416742\" \ndata-ad-slot=\"9321250718\" \ndata-ad-format=\"auto\"><\/ins>\n<script> \n(adsbygoogle = window.adsbygoogle || []).push({}); \n<\/script>\n<\/div>\n\n\n\n<p class=\"wp-block-paragraph\">Lire \u00e9galement:<\/p>\n\n\n\n<h2 class=\"wp-block-heading\"><a href=\"https:\/\/bale.ch\/journal\/easyjet-immobilise-sa-flotte-laeroport-de-bale\/\">EasyJet immobilise sa flotte, l\u2019a\u00e9roport de B\u00e2le est silencieux<\/a><\/h2>\n<div id=\"crieu-2772922060\" class=\"crieu-apres-le-contenu crieu-entity-placement\" style=\"margin-left: auto;margin-right: auto;text-align: center;\"><script async src=\"\/\/pagead2.googlesyndication.com\/pagead\/js\/adsbygoogle.js?client=ca-pub-5271584769416742\" crossorigin=\"anonymous\"><\/script><ins class=\"adsbygoogle\" style=\"display:block;\" data-ad-client=\"ca-pub-5271584769416742\" \ndata-ad-slot=\"9321250718\" \ndata-ad-format=\"auto\"><\/ins>\n<script> \n(adsbygoogle = window.adsbygoogle || []).push({}); \n<\/script>\n<\/div>","protected":false},"excerpt":{"rendered":"<p>L&rsquo;ann\u00e9e 2022 a \u00e9t\u00e9 plac\u00e9e sous le signe d\u2019un nouveau d\u00e9part apr\u00e8s la pand\u00e9mie. Le nombre de passagers \u00e0 l\u2019EuroAirport est tr\u00e8s fortement reparti \u00e0 la hausse. Au total, l\u2019A\u00e9roport <a href=\"https:\/\/bale.ch\/journal\/apres-la-pandemie-bale-mulhouse-redecolle\/\" class=\"read-more button-fancy -red\"><span class=\"btn-arrow\"><\/span><span class=\"twp-read-more text\">Continuer la lecture<\/span><\/a><\/p>\n","protected":false},"author":43,"featured_media":2806,"comment_status":"closed","ping_status":"closed","sticky":false,"template":"","format":"standard","meta":{"footnotes":""},"categories":[103,7,13],"tags":[72,125,217],"class_list":["post-3231","post","type-post","status-publish","format-standard","has-post-thumbnail","hentry","category-actu","category-bale","category-economie","tag-aeroport","tag-euroairport","tag-grand-bale"],"yoast_head":"<!-- This site is optimized with the Yoast SEO plugin v28.3 - https:\/\/yoast.com\/product\/yoast-seo-wordpress\/ -->\n<title>Apr\u00e8s la pand\u00e9mie, B\u00e2le-Mulhouse red\u00e9colle - Journal de B\u00e2le et Gen\u00e8ve<\/title>\n<meta name=\"robots\" content=\"index, follow, max-snippet:-1, max-image-preview:large, max-video-preview:-1\" \/>\n<link rel=\"canonical\" href=\"https:\/\/bale.ch\/journal\/apres-la-pandemie-bale-mulhouse-redecolle\/\" \/>\n<meta property=\"og:locale\" content=\"fr_FR\" \/>\n<meta property=\"og:type\" content=\"article\" \/>\n<meta property=\"og:title\" content=\"Apr\u00e8s la pand\u00e9mie, B\u00e2le-Mulhouse red\u00e9colle - Journal de B\u00e2le et Gen\u00e8ve\" \/>\n<meta property=\"og:description\" content=\"L&rsquo;ann\u00e9e 2022 a \u00e9t\u00e9 plac\u00e9e sous le signe d\u2019un nouveau d\u00e9part apr\u00e8s la pand\u00e9mie. Le nombre de passagers \u00e0 l\u2019EuroAirport est tr\u00e8s fortement reparti \u00e0 la hausse. Au total, l\u2019A\u00e9roport Continuer la lecture\" \/>\n<meta property=\"og:url\" content=\"https:\/\/bale.ch\/journal\/apres-la-pandemie-bale-mulhouse-redecolle\/\" \/>\n<meta property=\"og:site_name\" content=\"Journal de B\u00e2le et Gen\u00e8ve\" \/>\n<meta property=\"article:published_time\" content=\"2023-02-26T17:09:44+00:00\" \/>\n<meta property=\"article:modified_time\" content=\"2023-02-26T17:11:06+00:00\" \/>\n<meta property=\"og:image\" content=\"https:\/\/bale.ch\/journal\/wp-content\/uploads\/2020\/03\/euro_airport_basel_flughafen_bale_aeroport_journal_de_bale.jpg\" \/>\n\t<meta property=\"og:image:width\" content=\"900\" \/>\n\t<meta property=\"og:image:height\" content=\"484\" \/>\n\t<meta property=\"og:image:type\" content=\"image\/jpeg\" \/>\n<meta name=\"author\" content=\"Elodie Silva\" \/>\n<meta name=\"twitter:card\" content=\"summary_large_image\" \/>\n<meta name=\"twitter:label1\" content=\"\u00c9crit par\" \/>\n\t<meta name=\"twitter:data1\" content=\"Elodie Silva\" \/>\n\t<meta name=\"twitter:label2\" content=\"Dur\u00e9e de lecture estim\u00e9e\" \/>\n\t<meta name=\"twitter:data2\" content=\"4 minutes\" \/>\n<script type=\"application\/ld+json\" class=\"yoast-schema-graph\">{\"@context\":\"https:\\\/\\\/schema.org\",\"@graph\":[{\"@type\":\"Article\",\"@id\":\"https:\\\/\\\/bale.ch\\\/journal\\\/apres-la-pandemie-bale-mulhouse-redecolle\\\/#article\",\"isPartOf\":{\"@id\":\"https:\\\/\\\/bale.ch\\\/journal\\\/apres-la-pandemie-bale-mulhouse-redecolle\\\/\"},\"author\":{\"name\":\"Elodie Silva\",\"@id\":\"https:\\\/\\\/bale.ch\\\/journal\\\/#\\\/schema\\\/person\\\/e3e5eeffae523f19b12d7057ced45a2b\"},\"headline\":\"Apr\u00e8s la pand\u00e9mie, B\u00e2le-Mulhouse red\u00e9colle\",\"datePublished\":\"2023-02-26T17:09:44+00:00\",\"dateModified\":\"2023-02-26T17:11:06+00:00\",\"mainEntityOfPage\":{\"@id\":\"https:\\\/\\\/bale.ch\\\/journal\\\/apres-la-pandemie-bale-mulhouse-redecolle\\\/\"},\"wordCount\":899,\"publisher\":{\"@id\":\"https:\\\/\\\/bale.ch\\\/journal\\\/#organization\"},\"image\":{\"@id\":\"https:\\\/\\\/bale.ch\\\/journal\\\/apres-la-pandemie-bale-mulhouse-redecolle\\\/#primaryimage\"},\"thumbnailUrl\":\"https:\\\/\\\/bale.ch\\\/journal\\\/wp-content\\\/uploads\\\/2020\\\/03\\\/euro_airport_basel_flughafen_bale_aeroport_journal_de_bale.jpg\",\"keywords\":[\"A\u00e9roport\",\"Euroairport\",\"Grand B\u00e2le\"],\"articleSection\":[\"Actualit\u00e9s\",\"B\u00e2le Trinationale\",\"Economie\"],\"inLanguage\":\"fr-FR\"},{\"@type\":\"WebPage\",\"@id\":\"https:\\\/\\\/bale.ch\\\/journal\\\/apres-la-pandemie-bale-mulhouse-redecolle\\\/\",\"url\":\"https:\\\/\\\/bale.ch\\\/journal\\\/apres-la-pandemie-bale-mulhouse-redecolle\\\/\",\"name\":\"Apr\u00e8s la pand\u00e9mie, B\u00e2le-Mulhouse red\u00e9colle - Journal de B\u00e2le et Gen\u00e8ve\",\"isPartOf\":{\"@id\":\"https:\\\/\\\/bale.ch\\\/journal\\\/#website\"},\"primaryImageOfPage\":{\"@id\":\"https:\\\/\\\/bale.ch\\\/journal\\\/apres-la-pandemie-bale-mulhouse-redecolle\\\/#primaryimage\"},\"image\":{\"@id\":\"https:\\\/\\\/bale.ch\\\/journal\\\/apres-la-pandemie-bale-mulhouse-redecolle\\\/#primaryimage\"},\"thumbnailUrl\":\"https:\\\/\\\/bale.ch\\\/journal\\\/wp-content\\\/uploads\\\/2020\\\/03\\\/euro_airport_basel_flughafen_bale_aeroport_journal_de_bale.jpg\",\"datePublished\":\"2023-02-26T17:09:44+00:00\",\"dateModified\":\"2023-02-26T17:11:06+00:00\",\"breadcrumb\":{\"@id\":\"https:\\\/\\\/bale.ch\\\/journal\\\/apres-la-pandemie-bale-mulhouse-redecolle\\\/#breadcrumb\"},\"inLanguage\":\"fr-FR\",\"potentialAction\":[{\"@type\":\"ReadAction\",\"target\":[\"https:\\\/\\\/bale.ch\\\/journal\\\/apres-la-pandemie-bale-mulhouse-redecolle\\\/\"]}]},{\"@type\":\"ImageObject\",\"inLanguage\":\"fr-FR\",\"@id\":\"https:\\\/\\\/bale.ch\\\/journal\\\/apres-la-pandemie-bale-mulhouse-redecolle\\\/#primaryimage\",\"url\":\"https:\\\/\\\/bale.ch\\\/journal\\\/wp-content\\\/uploads\\\/2020\\\/03\\\/euro_airport_basel_flughafen_bale_aeroport_journal_de_bale.jpg\",\"contentUrl\":\"https:\\\/\\\/bale.ch\\\/journal\\\/wp-content\\\/uploads\\\/2020\\\/03\\\/euro_airport_basel_flughafen_bale_aeroport_journal_de_bale.jpg\",\"width\":900,\"height\":484},{\"@type\":\"BreadcrumbList\",\"@id\":\"https:\\\/\\\/bale.ch\\\/journal\\\/apres-la-pandemie-bale-mulhouse-redecolle\\\/#breadcrumb\",\"itemListElement\":[{\"@type\":\"ListItem\",\"position\":1,\"name\":\"Accueil\",\"item\":\"https:\\\/\\\/bale.ch\\\/journal\\\/\"},{\"@type\":\"ListItem\",\"position\":2,\"name\":\"Apr\u00e8s la pand\u00e9mie, B\u00e2le-Mulhouse red\u00e9colle\"}]},{\"@type\":\"WebSite\",\"@id\":\"https:\\\/\\\/bale.ch\\\/journal\\\/#website\",\"url\":\"https:\\\/\\\/bale.ch\\\/journal\\\/\",\"name\":\"Journal de B\u00e2le et Gen\u00e8ve\",\"description\":\"M\u00e9dia transfrontalier d&#039;actualit\u00e9s - News\",\"publisher\":{\"@id\":\"https:\\\/\\\/bale.ch\\\/journal\\\/#organization\"},\"potentialAction\":[{\"@type\":\"SearchAction\",\"target\":{\"@type\":\"EntryPoint\",\"urlTemplate\":\"https:\\\/\\\/bale.ch\\\/journal\\\/?s={search_term_string}\"},\"query-input\":{\"@type\":\"PropertyValueSpecification\",\"valueRequired\":true,\"valueName\":\"search_term_string\"}}],\"inLanguage\":\"fr-FR\"},{\"@type\":\"Organization\",\"@id\":\"https:\\\/\\\/bale.ch\\\/journal\\\/#organization\",\"name\":\"Journal de B\u00e2le et Gen\u00e8ve\",\"url\":\"https:\\\/\\\/bale.ch\\\/journal\\\/\",\"logo\":{\"@type\":\"ImageObject\",\"inLanguage\":\"fr-FR\",\"@id\":\"https:\\\/\\\/bale.ch\\\/journal\\\/#\\\/schema\\\/logo\\\/image\\\/\",\"url\":\"https:\\\/\\\/bale.ch\\\/journal\\\/wp-content\\\/uploads\\\/2023\\\/07\\\/journaldebale_logo_2023_nb.png\",\"contentUrl\":\"https:\\\/\\\/bale.ch\\\/journal\\\/wp-content\\\/uploads\\\/2023\\\/07\\\/journaldebale_logo_2023_nb.png\",\"width\":371,\"height\":127,\"caption\":\"Journal de B\u00e2le et Gen\u00e8ve\"},\"image\":{\"@id\":\"https:\\\/\\\/bale.ch\\\/journal\\\/#\\\/schema\\\/logo\\\/image\\\/\"}},{\"@type\":\"Person\",\"@id\":\"https:\\\/\\\/bale.ch\\\/journal\\\/#\\\/schema\\\/person\\\/e3e5eeffae523f19b12d7057ced45a2b\",\"name\":\"Elodie Silva\",\"image\":{\"@type\":\"ImageObject\",\"inLanguage\":\"fr-FR\",\"@id\":\"https:\\\/\\\/secure.gravatar.com\\\/avatar\\\/f76593021159ecd3226293e7c461386bfd009157e6c549bc9b418d0a2db47041?s=96&d=mm&r=g\",\"url\":\"https:\\\/\\\/secure.gravatar.com\\\/avatar\\\/f76593021159ecd3226293e7c461386bfd009157e6c549bc9b418d0a2db47041?s=96&d=mm&r=g\",\"contentUrl\":\"https:\\\/\\\/secure.gravatar.com\\\/avatar\\\/f76593021159ecd3226293e7c461386bfd009157e6c549bc9b418d0a2db47041?s=96&d=mm&r=g\",\"caption\":\"Elodie Silva\"},\"url\":\"https:\\\/\\\/bale.ch\\\/journal\\\/author\\\/elodiesilva\\\/\"}]}<\/script>\n<!-- \/ Yoast SEO plugin. -->","yoast_head_json":{"title":"Apr\u00e8s la pand\u00e9mie, B\u00e2le-Mulhouse red\u00e9colle - Journal de B\u00e2le et Gen\u00e8ve","robots":{"index":"index","follow":"follow","max-snippet":"max-snippet:-1","max-image-preview":"max-image-preview:large","max-video-preview":"max-video-preview:-1"},"canonical":"https:\/\/bale.ch\/journal\/apres-la-pandemie-bale-mulhouse-redecolle\/","og_locale":"fr_FR","og_type":"article","og_title":"Apr\u00e8s la pand\u00e9mie, B\u00e2le-Mulhouse red\u00e9colle - Journal de B\u00e2le et Gen\u00e8ve","og_description":"L&rsquo;ann\u00e9e 2022 a \u00e9t\u00e9 plac\u00e9e sous le signe d\u2019un nouveau d\u00e9part apr\u00e8s la pand\u00e9mie. Le nombre de passagers \u00e0 l\u2019EuroAirport est tr\u00e8s fortement reparti \u00e0 la hausse. Au total, l\u2019A\u00e9roport Continuer la lecture","og_url":"https:\/\/bale.ch\/journal\/apres-la-pandemie-bale-mulhouse-redecolle\/","og_site_name":"Journal de B\u00e2le et Gen\u00e8ve","article_published_time":"2023-02-26T17:09:44+00:00","article_modified_time":"2023-02-26T17:11:06+00:00","og_image":[{"width":900,"height":484,"url":"https:\/\/bale.ch\/journal\/wp-content\/uploads\/2020\/03\/euro_airport_basel_flughafen_bale_aeroport_journal_de_bale.jpg","type":"image\/jpeg"}],"author":"Elodie Silva","twitter_card":"summary_large_image","twitter_misc":{"\u00c9crit par":"Elodie Silva","Dur\u00e9e de lecture estim\u00e9e":"4 minutes"},"schema":{"@context":"https:\/\/schema.org","@graph":[{"@type":"Article","@id":"https:\/\/bale.ch\/journal\/apres-la-pandemie-bale-mulhouse-redecolle\/#article","isPartOf":{"@id":"https:\/\/bale.ch\/journal\/apres-la-pandemie-bale-mulhouse-redecolle\/"},"author":{"name":"Elodie Silva","@id":"https:\/\/bale.ch\/journal\/#\/schema\/person\/e3e5eeffae523f19b12d7057ced45a2b"},"headline":"Apr\u00e8s la pand\u00e9mie, B\u00e2le-Mulhouse red\u00e9colle","datePublished":"2023-02-26T17:09:44+00:00","dateModified":"2023-02-26T17:11:06+00:00","mainEntityOfPage":{"@id":"https:\/\/bale.ch\/journal\/apres-la-pandemie-bale-mulhouse-redecolle\/"},"wordCount":899,"publisher":{"@id":"https:\/\/bale.ch\/journal\/#organization"},"image":{"@id":"https:\/\/bale.ch\/journal\/apres-la-pandemie-bale-mulhouse-redecolle\/#primaryimage"},"thumbnailUrl":"https:\/\/bale.ch\/journal\/wp-content\/uploads\/2020\/03\/euro_airport_basel_flughafen_bale_aeroport_journal_de_bale.jpg","keywords":["A\u00e9roport","Euroairport","Grand B\u00e2le"],"articleSection":["Actualit\u00e9s","B\u00e2le Trinationale","Economie"],"inLanguage":"fr-FR"},{"@type":"WebPage","@id":"https:\/\/bale.ch\/journal\/apres-la-pandemie-bale-mulhouse-redecolle\/","url":"https:\/\/bale.ch\/journal\/apres-la-pandemie-bale-mulhouse-redecolle\/","name":"Apr\u00e8s la pand\u00e9mie, B\u00e2le-Mulhouse red\u00e9colle - Journal de B\u00e2le et Gen\u00e8ve","isPartOf":{"@id":"https:\/\/bale.ch\/journal\/#website"},"primaryImageOfPage":{"@id":"https:\/\/bale.ch\/journal\/apres-la-pandemie-bale-mulhouse-redecolle\/#primaryimage"},"image":{"@id":"https:\/\/bale.ch\/journal\/apres-la-pandemie-bale-mulhouse-redecolle\/#primaryimage"},"thumbnailUrl":"https:\/\/bale.ch\/journal\/wp-content\/uploads\/2020\/03\/euro_airport_basel_flughafen_bale_aeroport_journal_de_bale.jpg","datePublished":"2023-02-26T17:09:44+00:00","dateModified":"2023-02-26T17:11:06+00:00","breadcrumb":{"@id":"https:\/\/bale.ch\/journal\/apres-la-pandemie-bale-mulhouse-redecolle\/#breadcrumb"},"inLanguage":"fr-FR","potentialAction":[{"@type":"ReadAction","target":["https:\/\/bale.ch\/journal\/apres-la-pandemie-bale-mulhouse-redecolle\/"]}]},{"@type":"ImageObject","inLanguage":"fr-FR","@id":"https:\/\/bale.ch\/journal\/apres-la-pandemie-bale-mulhouse-redecolle\/#primaryimage","url":"https:\/\/bale.ch\/journal\/wp-content\/uploads\/2020\/03\/euro_airport_basel_flughafen_bale_aeroport_journal_de_bale.jpg","contentUrl":"https:\/\/bale.ch\/journal\/wp-content\/uploads\/2020\/03\/euro_airport_basel_flughafen_bale_aeroport_journal_de_bale.jpg","width":900,"height":484},{"@type":"BreadcrumbList","@id":"https:\/\/bale.ch\/journal\/apres-la-pandemie-bale-mulhouse-redecolle\/#breadcrumb","itemListElement":[{"@type":"ListItem","position":1,"name":"Accueil","item":"https:\/\/bale.ch\/journal\/"},{"@type":"ListItem","position":2,"name":"Apr\u00e8s la pand\u00e9mie, B\u00e2le-Mulhouse red\u00e9colle"}]},{"@type":"WebSite","@id":"https:\/\/bale.ch\/journal\/#website","url":"https:\/\/bale.ch\/journal\/","name":"Journal de B\u00e2le et Gen\u00e8ve","description":"M\u00e9dia transfrontalier d&#039;actualit\u00e9s - News","publisher":{"@id":"https:\/\/bale.ch\/journal\/#organization"},"potentialAction":[{"@type":"SearchAction","target":{"@type":"EntryPoint","urlTemplate":"https:\/\/bale.ch\/journal\/?s={search_term_string}"},"query-input":{"@type":"PropertyValueSpecification","valueRequired":true,"valueName":"search_term_string"}}],"inLanguage":"fr-FR"},{"@type":"Organization","@id":"https:\/\/bale.ch\/journal\/#organization","name":"Journal de B\u00e2le et Gen\u00e8ve","url":"https:\/\/bale.ch\/journal\/","logo":{"@type":"ImageObject","inLanguage":"fr-FR","@id":"https:\/\/bale.ch\/journal\/#\/schema\/logo\/image\/","url":"https:\/\/bale.ch\/journal\/wp-content\/uploads\/2023\/07\/journaldebale_logo_2023_nb.png","contentUrl":"https:\/\/bale.ch\/journal\/wp-content\/uploads\/2023\/07\/journaldebale_logo_2023_nb.png","width":371,"height":127,"caption":"Journal de B\u00e2le et Gen\u00e8ve"},"image":{"@id":"https:\/\/bale.ch\/journal\/#\/schema\/logo\/image\/"}},{"@type":"Person","@id":"https:\/\/bale.ch\/journal\/#\/schema\/person\/e3e5eeffae523f19b12d7057ced45a2b","name":"Elodie Silva","image":{"@type":"ImageObject","inLanguage":"fr-FR","@id":"https:\/\/secure.gravatar.com\/avatar\/f76593021159ecd3226293e7c461386bfd009157e6c549bc9b418d0a2db47041?s=96&d=mm&r=g","url":"https:\/\/secure.gravatar.com\/avatar\/f76593021159ecd3226293e7c461386bfd009157e6c549bc9b418d0a2db47041?s=96&d=mm&r=g","contentUrl":"https:\/\/secure.gravatar.com\/avatar\/f76593021159ecd3226293e7c461386bfd009157e6c549bc9b418d0a2db47041?s=96&d=mm&r=g","caption":"Elodie Silva"},"url":"https:\/\/bale.ch\/journal\/author\/elodiesilva\/"}]}},"_links":{"self":[{"href":"https:\/\/bale.ch\/journal\/wp-json\/wp\/v2\/posts\/3231","targetHints":{"allow":["GET"]}}],"collection":[{"href":"https:\/\/bale.ch\/journal\/wp-json\/wp\/v2\/posts"}],"about":[{"href":"https:\/\/bale.ch\/journal\/wp-json\/wp\/v2\/types\/post"}],"author":[{"embeddable":true,"href":"https:\/\/bale.ch\/journal\/wp-json\/wp\/v2\/users\/43"}],"replies":[{"embeddable":true,"href":"https:\/\/bale.ch\/journal\/wp-json\/wp\/v2\/comments?post=3231"}],"version-history":[{"count":3,"href":"https:\/\/bale.ch\/journal\/wp-json\/wp\/v2\/posts\/3231\/revisions"}],"predecessor-version":[{"id":3234,"href":"https:\/\/bale.ch\/journal\/wp-json\/wp\/v2\/posts\/3231\/revisions\/3234"}],"wp:featuredmedia":[{"embeddable":true,"href":"https:\/\/bale.ch\/journal\/wp-json\/wp\/v2\/media\/2806"}],"wp:attachment":[{"href":"https:\/\/bale.ch\/journal\/wp-json\/wp\/v2\/media?parent=3231"}],"wp:term":[{"taxonomy":"category","embeddable":true,"href":"https:\/\/bale.ch\/journal\/wp-json\/wp\/v2\/categories?post=3231"},{"taxonomy":"post_tag","embeddable":true,"href":"https:\/\/bale.ch\/journal\/wp-json\/wp\/v2\/tags?post=3231"}],"curies":[{"name":"wp","href":"https:\/\/api.w.org\/{rel}","templated":true}]}}