{"id":3235,"date":"2023-02-26T17:29:44","date_gmt":"2023-02-26T17:29:44","guid":{"rendered":"https:\/\/bale.ch\/journal\/?p=3235"},"modified":"2023-02-26T17:30:28","modified_gmt":"2023-02-26T17:30:28","slug":"chiffre-daffaires-des-epiceries-sociales-en-suisse-un-triste-record","status":"publish","type":"post","link":"https:\/\/bale.ch\/journal\/chiffre-daffaires-des-epiceries-sociales-en-suisse-un-triste-record\/","title":{"rendered":"Chiffre d&rsquo;affaires des \u00e9piceries sociales en Suisse: un triste record"},"content":{"rendered":"\n<p class=\"wp-block-paragraph\"><a href=\"https:\/\/www.facebook.com\/sharer.php?u=https%3A%2F%2Fwww.presseportal.ch%2Ffr%2Fpm%2F100000088%2F100901427%2F%3Futm_source%3Dfacebook%26utm_medium%3Dsocial\"><\/a><a href=\"https:\/\/twitter.com\/intent\/tweet?text=Hausse%20de%20la%20demande%20de%20denr%C3%A9es%20alimentaires%20%C3%A0%20prix%20r%C3%A9duit%20%2F%20Chiffre%20d%27affaires%20des%20%C3%89piceries%20Caritas%20en%202022%20%3A%20un%20triste%20record&amp;url=https%3A%2F%2Fwww.presseportal.ch%2Ffr%2Fpm%2F100000088%2F100901427%2F%3Futm_source%3Dtwitter%26utm_medium%3Dsocial&amp;hashtags=ots&amp;lang=fr\"><\/a><a href=\"https:\/\/web.whatsapp.com\/send?text=Hausse%20de%20la%20demande%20de%20denr%C3%A9es%20alimentaires%20%C3%A0%20prix%20r%C3%A9duit%20%2F%20Chiffre%20d%27affaires%20des%20%C3%89piceries%20Caritas%20en%202022%20%3A%20un%20triste%20record%0A%0Ahttps%3A%2F%2Fwww.presseportal.ch%2Ffr%2Fpm%2F100000088%2F100901427%2F%3Futm_source%3Dwhatsapp%26utm_medium%3Dsocial\"><\/a><a href=\"https:\/\/www.xing.com\/app\/user?op=share;url=https%3A%2F%2Fwww.presseportal.ch%2Ffr%2Fpm%2F100000088%2F100901427%2F%3Futm_source%3Dxing%26utm_medium%3Dsocial\"><\/a><a href=\"http:\/\/www.linkedin.com\/shareArticle?mini=true&amp;url=https%3A%2F%2Fwww.presseportal.ch%2Ffr%2Fpm%2F100000088%2F100901427%2F%3Futm_source%3Dlinkedin%26utm_medium%3Dsocial&amp;title=Hausse+de+la+demande+de+denr%C3%A9es+alimentaires+%C3%A0+prix+r%C3%A9duit+%2F+Chiffre+d%27affaires+des+%C3%89piceries+Caritas+en+2022+%3A+un+triste+record\"><\/a><a href=\"mailto:?subject=Hausse%20de%20la%20demande%20de%20denr%C3%A9es%20alimentaires%20%C3%A0%20prix%20r%C3%A9duit%20%2F%20Chiffre%20d%27affaires%20des%20%C3%89piceries%20Caritas%20en%202022%20%3A%20un%20triste%20record&amp;body=https:\/\/www.presseportal.ch\/fr\/pm\/100000088\/100901427\"><\/a><strong>En Suisse, les personnes en situation de pauvret\u00e9 ont la possibilit\u00e9 d&rsquo;acheter des denr\u00e9es alimentaires et des produits d&rsquo;usage courant \u00e0 des prix tr\u00e8s r\u00e9duits dans les 22 \u00c9piceries Caritas. En 2022, les clients ont effectu\u00e9 1,06 million d&rsquo;achats, soit 33 % de plus que l&rsquo;ann\u00e9e pr\u00e9c\u00e9dente. Le chiffre d&rsquo;affaires a augment\u00e9 de 22 %.<\/strong><\/p>\n\n\n\n<p class=\"wp-block-paragraph\">Thomas K\u00fcnzler, directeur de la Coop\u00e9rative des \u00c9piceries Caritas, parle d&rsquo;un <em>\u00ab\u00a0triste record\u00a0\u00bb<\/em>. <em>\u00ab\u00a0Les \u00c9piceries Caritas n&rsquo;ont pas pour but d&rsquo;accro\u00eetre leur chiffre d&rsquo;affaires, mais de r\u00e9pondre \u00e0 une demande en hausse.\u00a0\u00bb <\/em>Mais chaque franc suppl\u00e9mentaire qui entre aide \u00e0 offrir des produits \u00e0 un prix encore plus avantageux.<\/p>\n\n\n\n<p class=\"wp-block-paragraph\"><strong>Pour beaucoup, les supermarch\u00e9s ordinaires sont devenus trop chers<\/strong><\/p><div id=\"crieu-3839126973\" class=\"crieu-content crieu-entity-placement\"><script async src=\"\/\/pagead2.googlesyndication.com\/pagead\/js\/adsbygoogle.js?client=ca-pub-5271584769416742\" crossorigin=\"anonymous\"><\/script><ins class=\"adsbygoogle\" style=\"display:block;\" data-ad-client=\"ca-pub-5271584769416742\" \ndata-ad-slot=\"9321250718\" \ndata-ad-format=\"auto\"><\/ins>\n<script> \n(adsbygoogle = window.adsbygoogle || []).push({}); \n<\/script>\n<\/div>\n\n\n\n<p class=\"wp-block-paragraph\">Deux raisons expliquent principalement la hausse de la demande. D&rsquo;une part, l&rsquo;inflation se fait sentir. Depuis l&rsquo;\u00e9t\u00e9 dernier, les \u00c9piceries Caritas constatent une forte hausse du nombre de personnes qui ne peuvent plus se permettre de faire leurs courses dans les supermarch\u00e9s ordinaires. D&rsquo;autre part, il y a nettement plus de r\u00e9fugi\u00e9-e-s qui font usage de cette offre depuis le d\u00e9but de la guerre en Ukraine.<\/p>\n\n\n\n<p class=\"wp-block-paragraph\">\u00c0 cette nouvelle client\u00e8le s&rsquo;ajoutent toutes les personnes en situation de pauvret\u00e9 tributaires de produits \u00e0 prix r\u00e9duit qui s&rsquo;approvisionnaient d\u00e9j\u00e0 auparavant dans les \u00c9piceries Caritas. <em>\u00ab\u00a0Les \u00c9piceries Caritas attirent nettement plus de r\u00e9fugi\u00e9s, de working poor et de personnes \u00e2g\u00e9es qu&rsquo;avant\u00a0\u00bb<\/em>, r\u00e9sume Thomas K\u00fcnzler. Les personnes consid\u00e9r\u00e9es comme working poor sont celles dont le revenu ne d\u00e9passe pas le minimum vital, en d\u00e9pit du fait qu&rsquo;elles exercent une activit\u00e9 professionnelle.<\/p>\n\n\n\n<p class=\"wp-block-paragraph\">L&rsquo;an dernier, les \u00c9piceries Caritas ont notamment vendu pr\u00e8s de 1500 tonnes de fruits et l\u00e9gumes (plus 30%), environ un million d&rsquo;oeufs (plus 47%) et 150 tonnes de p\u00e2tes (plus 110%). Elles peuvent compter sur des partenariats fiables qui leur permettent d&rsquo;offrir un assortiment toujours int\u00e9ressant. Parmi ces quelque 400 fournisseurs, citons notamment Denner, Migros, Nestl\u00e9, Lindt, Hilcona, Molkerei Lanz et Schwarzkopf.<\/p>\n\n\n\n<p class=\"wp-block-paragraph\"><strong>Qui peut faire ses courses dans les \u00c9piceries Caritas ?<\/strong><\/p>\n\n\n\n<p class=\"wp-block-paragraph\">Les d\u00e9tenteurs et d\u00e9tentrices d&rsquo;une carte d\u00e9livr\u00e9e par les services sociaux publics, par les institutions sociales eccl\u00e9siastiques et priv\u00e9es ou par les Caritas R\u00e9gionales sont habilit\u00e9s \u00e0 faire leurs courses dans une \u00c9picerie Caritas. L&rsquo;offre s&rsquo;adresse aux personnes financi\u00e8rement d\u00e9favoris\u00e9es:<\/p>\n\n\n\n<p class=\"wp-block-paragraph\">&#8211; dont le revenu est inf\u00e9rieur ou \u00e9gal au minimum vital,<\/p>\n\n\n\n<p class=\"wp-block-paragraph\">&#8211; qui per\u00e7oivent l&rsquo;aide sociale,<\/p>\n\n\n\n<p class=\"wp-block-paragraph\">&#8211; qui per\u00e7oivent des prestations compl\u00e9mentaires,<\/p>\n\n\n\n<p class=\"wp-block-paragraph\">&#8211; qui sont en train d&rsquo;assainir leurs dettes.<\/p>\n\n\n\n<p class=\"wp-block-paragraph\">Il n&rsquo;y a pas de distribution gratuite de denr\u00e9es alimentaires. La carte est personnelle et doit \u00eatre renouvel\u00e9e chaque ann\u00e9e. Les \u00c9piceries Caritas sont implant\u00e9es \u00e0 Baar, B\u00e2le, Berne, Bienne, Coire, Fribourg, Gen\u00e8ve, La Chaux-de-Fonds, Lausanne, Lucerne, Neuch\u00e2tel, Renens, Saint-Gall, Thoune, Wil, Vevey, Winterthur, Yverdon et Zurich. En novembre 2022, une nouvelle \u00c9picerie a ouvert ses portes \u00e0 Rapperswil.<\/p>\n<div id=\"crieu-196986816\" class=\"crieu-apres-le-contenu crieu-entity-placement\" style=\"margin-left: auto;margin-right: auto;text-align: center;\"><script async src=\"\/\/pagead2.googlesyndication.com\/pagead\/js\/adsbygoogle.js?client=ca-pub-5271584769416742\" crossorigin=\"anonymous\"><\/script><ins class=\"adsbygoogle\" style=\"display:block;\" data-ad-client=\"ca-pub-5271584769416742\" \ndata-ad-slot=\"9321250718\" \ndata-ad-format=\"auto\"><\/ins>\n<script> \n(adsbygoogle = window.adsbygoogle || []).push({}); \n<\/script>\n<\/div>","protected":false},"excerpt":{"rendered":"<p>En Suisse, les personnes en situation de pauvret\u00e9 ont la possibilit\u00e9 d&rsquo;acheter des denr\u00e9es alimentaires et des produits d&rsquo;usage courant \u00e0 des prix tr\u00e8s r\u00e9duits dans les 22 \u00c9piceries Caritas. <a href=\"https:\/\/bale.ch\/journal\/chiffre-daffaires-des-epiceries-sociales-en-suisse-un-triste-record\/\" class=\"read-more button-fancy -red\"><span class=\"btn-arrow\"><\/span><span class=\"twp-read-more text\">Continuer la lecture<\/span><\/a><\/p>\n","protected":false},"author":2,"featured_media":3237,"comment_status":"closed","ping_status":"closed","sticky":false,"template":"","format":"standard","meta":{"footnotes":""},"categories":[103,7,4],"tags":[220,106],"class_list":["post-3235","post","type-post","status-publish","format-standard","has-post-thumbnail","hentry","category-actu","category-bale","category-grand-geneve","tag-pauvrete","tag-suisse"],"yoast_head":"<!-- This site is optimized with the Yoast SEO plugin v28.3 - https:\/\/yoast.com\/product\/yoast-seo-wordpress\/ -->\n<title>Chiffre d&#039;affaires des \u00e9piceries sociales en Suisse: un triste record - Journal de B\u00e2le et Gen\u00e8ve<\/title>\n<meta name=\"robots\" content=\"index, follow, max-snippet:-1, max-image-preview:large, max-video-preview:-1\" \/>\n<link rel=\"canonical\" href=\"https:\/\/bale.ch\/journal\/chiffre-daffaires-des-epiceries-sociales-en-suisse-un-triste-record\/\" \/>\n<meta property=\"og:locale\" content=\"fr_FR\" \/>\n<meta property=\"og:type\" content=\"article\" \/>\n<meta property=\"og:title\" content=\"Chiffre d&#039;affaires des \u00e9piceries sociales en Suisse: un triste record - Journal de B\u00e2le et Gen\u00e8ve\" \/>\n<meta property=\"og:description\" content=\"En Suisse, les personnes en situation de pauvret\u00e9 ont la possibilit\u00e9 d&rsquo;acheter des denr\u00e9es alimentaires et des produits d&rsquo;usage courant \u00e0 des prix tr\u00e8s r\u00e9duits dans les 22 \u00c9piceries Caritas. Continuer la lecture\" \/>\n<meta property=\"og:url\" content=\"https:\/\/bale.ch\/journal\/chiffre-daffaires-des-epiceries-sociales-en-suisse-un-triste-record\/\" \/>\n<meta property=\"og:site_name\" content=\"Journal de B\u00e2le et Gen\u00e8ve\" \/>\n<meta property=\"article:published_time\" content=\"2023-02-26T17:29:44+00:00\" \/>\n<meta property=\"article:modified_time\" content=\"2023-02-26T17:30:28+00:00\" \/>\n<meta property=\"og:image\" content=\"https:\/\/bale.ch\/journal\/wp-content\/uploads\/2023\/02\/caritas_epicierie_sociale.jpg\" \/>\n\t<meta property=\"og:image:width\" content=\"900\" \/>\n\t<meta property=\"og:image:height\" content=\"484\" \/>\n\t<meta property=\"og:image:type\" content=\"image\/jpeg\" \/>\n<meta name=\"author\" content=\"La R\u00e9daction\" \/>\n<meta name=\"twitter:card\" content=\"summary_large_image\" \/>\n<meta name=\"twitter:label1\" content=\"\u00c9crit par\" \/>\n\t<meta name=\"twitter:data1\" content=\"La R\u00e9daction\" \/>\n\t<meta name=\"twitter:label2\" content=\"Dur\u00e9e de lecture estim\u00e9e\" \/>\n\t<meta name=\"twitter:data2\" content=\"2 minutes\" \/>\n<script type=\"application\/ld+json\" class=\"yoast-schema-graph\">{\"@context\":\"https:\\\/\\\/schema.org\",\"@graph\":[{\"@type\":\"Article\",\"@id\":\"https:\\\/\\\/bale.ch\\\/journal\\\/chiffre-daffaires-des-epiceries-sociales-en-suisse-un-triste-record\\\/#article\",\"isPartOf\":{\"@id\":\"https:\\\/\\\/bale.ch\\\/journal\\\/chiffre-daffaires-des-epiceries-sociales-en-suisse-un-triste-record\\\/\"},\"author\":{\"name\":\"La R\u00e9daction\",\"@id\":\"https:\\\/\\\/bale.ch\\\/journal\\\/#\\\/schema\\\/person\\\/03ced978db3b7a5274c5cef003f352f5\"},\"headline\":\"Chiffre d&rsquo;affaires des \u00e9piceries sociales en Suisse: un triste record\",\"datePublished\":\"2023-02-26T17:29:44+00:00\",\"dateModified\":\"2023-02-26T17:30:28+00:00\",\"mainEntityOfPage\":{\"@id\":\"https:\\\/\\\/bale.ch\\\/journal\\\/chiffre-daffaires-des-epiceries-sociales-en-suisse-un-triste-record\\\/\"},\"wordCount\":518,\"publisher\":{\"@id\":\"https:\\\/\\\/bale.ch\\\/journal\\\/#organization\"},\"image\":{\"@id\":\"https:\\\/\\\/bale.ch\\\/journal\\\/chiffre-daffaires-des-epiceries-sociales-en-suisse-un-triste-record\\\/#primaryimage\"},\"thumbnailUrl\":\"https:\\\/\\\/bale.ch\\\/journal\\\/wp-content\\\/uploads\\\/2023\\\/02\\\/caritas_epicierie_sociale.jpg\",\"keywords\":[\"Pauvret\u00e9\",\"Suisse\"],\"articleSection\":[\"Actualit\u00e9s\",\"B\u00e2le Trinationale\",\"Grand Gen\u00e8ve\"],\"inLanguage\":\"fr-FR\"},{\"@type\":\"WebPage\",\"@id\":\"https:\\\/\\\/bale.ch\\\/journal\\\/chiffre-daffaires-des-epiceries-sociales-en-suisse-un-triste-record\\\/\",\"url\":\"https:\\\/\\\/bale.ch\\\/journal\\\/chiffre-daffaires-des-epiceries-sociales-en-suisse-un-triste-record\\\/\",\"name\":\"Chiffre d'affaires des \u00e9piceries sociales en Suisse: un triste record - Journal de B\u00e2le et Gen\u00e8ve\",\"isPartOf\":{\"@id\":\"https:\\\/\\\/bale.ch\\\/journal\\\/#website\"},\"primaryImageOfPage\":{\"@id\":\"https:\\\/\\\/bale.ch\\\/journal\\\/chiffre-daffaires-des-epiceries-sociales-en-suisse-un-triste-record\\\/#primaryimage\"},\"image\":{\"@id\":\"https:\\\/\\\/bale.ch\\\/journal\\\/chiffre-daffaires-des-epiceries-sociales-en-suisse-un-triste-record\\\/#primaryimage\"},\"thumbnailUrl\":\"https:\\\/\\\/bale.ch\\\/journal\\\/wp-content\\\/uploads\\\/2023\\\/02\\\/caritas_epicierie_sociale.jpg\",\"datePublished\":\"2023-02-26T17:29:44+00:00\",\"dateModified\":\"2023-02-26T17:30:28+00:00\",\"breadcrumb\":{\"@id\":\"https:\\\/\\\/bale.ch\\\/journal\\\/chiffre-daffaires-des-epiceries-sociales-en-suisse-un-triste-record\\\/#breadcrumb\"},\"inLanguage\":\"fr-FR\",\"potentialAction\":[{\"@type\":\"ReadAction\",\"target\":[\"https:\\\/\\\/bale.ch\\\/journal\\\/chiffre-daffaires-des-epiceries-sociales-en-suisse-un-triste-record\\\/\"]}]},{\"@type\":\"ImageObject\",\"inLanguage\":\"fr-FR\",\"@id\":\"https:\\\/\\\/bale.ch\\\/journal\\\/chiffre-daffaires-des-epiceries-sociales-en-suisse-un-triste-record\\\/#primaryimage\",\"url\":\"https:\\\/\\\/bale.ch\\\/journal\\\/wp-content\\\/uploads\\\/2023\\\/02\\\/caritas_epicierie_sociale.jpg\",\"contentUrl\":\"https:\\\/\\\/bale.ch\\\/journal\\\/wp-content\\\/uploads\\\/2023\\\/02\\\/caritas_epicierie_sociale.jpg\",\"width\":900,\"height\":484},{\"@type\":\"BreadcrumbList\",\"@id\":\"https:\\\/\\\/bale.ch\\\/journal\\\/chiffre-daffaires-des-epiceries-sociales-en-suisse-un-triste-record\\\/#breadcrumb\",\"itemListElement\":[{\"@type\":\"ListItem\",\"position\":1,\"name\":\"Accueil\",\"item\":\"https:\\\/\\\/bale.ch\\\/journal\\\/\"},{\"@type\":\"ListItem\",\"position\":2,\"name\":\"Chiffre d&rsquo;affaires des \u00e9piceries sociales en Suisse: un triste record\"}]},{\"@type\":\"WebSite\",\"@id\":\"https:\\\/\\\/bale.ch\\\/journal\\\/#website\",\"url\":\"https:\\\/\\\/bale.ch\\\/journal\\\/\",\"name\":\"Journal de B\u00e2le et Gen\u00e8ve\",\"description\":\"M\u00e9dia transfrontalier d&#039;actualit\u00e9s - News\",\"publisher\":{\"@id\":\"https:\\\/\\\/bale.ch\\\/journal\\\/#organization\"},\"potentialAction\":[{\"@type\":\"SearchAction\",\"target\":{\"@type\":\"EntryPoint\",\"urlTemplate\":\"https:\\\/\\\/bale.ch\\\/journal\\\/?s={search_term_string}\"},\"query-input\":{\"@type\":\"PropertyValueSpecification\",\"valueRequired\":true,\"valueName\":\"search_term_string\"}}],\"inLanguage\":\"fr-FR\"},{\"@type\":\"Organization\",\"@id\":\"https:\\\/\\\/bale.ch\\\/journal\\\/#organization\",\"name\":\"Journal de B\u00e2le et Gen\u00e8ve\",\"url\":\"https:\\\/\\\/bale.ch\\\/journal\\\/\",\"logo\":{\"@type\":\"ImageObject\",\"inLanguage\":\"fr-FR\",\"@id\":\"https:\\\/\\\/bale.ch\\\/journal\\\/#\\\/schema\\\/logo\\\/image\\\/\",\"url\":\"https:\\\/\\\/bale.ch\\\/journal\\\/wp-content\\\/uploads\\\/2023\\\/07\\\/journaldebale_logo_2023_nb.png\",\"contentUrl\":\"https:\\\/\\\/bale.ch\\\/journal\\\/wp-content\\\/uploads\\\/2023\\\/07\\\/journaldebale_logo_2023_nb.png\",\"width\":371,\"height\":127,\"caption\":\"Journal de B\u00e2le et Gen\u00e8ve\"},\"image\":{\"@id\":\"https:\\\/\\\/bale.ch\\\/journal\\\/#\\\/schema\\\/logo\\\/image\\\/\"}},{\"@type\":\"Person\",\"@id\":\"https:\\\/\\\/bale.ch\\\/journal\\\/#\\\/schema\\\/person\\\/03ced978db3b7a5274c5cef003f352f5\",\"name\":\"La R\u00e9daction\",\"image\":{\"@type\":\"ImageObject\",\"inLanguage\":\"fr-FR\",\"@id\":\"https:\\\/\\\/secure.gravatar.com\\\/avatar\\\/d1327e2ce8d2b860112f968a3f34686c9bdda7a463a1502cdd1070ac9d88cf1e?s=96&d=mm&r=g\",\"url\":\"https:\\\/\\\/secure.gravatar.com\\\/avatar\\\/d1327e2ce8d2b860112f968a3f34686c9bdda7a463a1502cdd1070ac9d88cf1e?s=96&d=mm&r=g\",\"contentUrl\":\"https:\\\/\\\/secure.gravatar.com\\\/avatar\\\/d1327e2ce8d2b860112f968a3f34686c9bdda7a463a1502cdd1070ac9d88cf1e?s=96&d=mm&r=g\",\"caption\":\"La R\u00e9daction\"},\"url\":\"https:\\\/\\\/bale.ch\\\/journal\\\/author\\\/laredaction\\\/\"}]}<\/script>\n<!-- \/ Yoast SEO plugin. -->","yoast_head_json":{"title":"Chiffre d'affaires des \u00e9piceries sociales en Suisse: un triste record - Journal de B\u00e2le et Gen\u00e8ve","robots":{"index":"index","follow":"follow","max-snippet":"max-snippet:-1","max-image-preview":"max-image-preview:large","max-video-preview":"max-video-preview:-1"},"canonical":"https:\/\/bale.ch\/journal\/chiffre-daffaires-des-epiceries-sociales-en-suisse-un-triste-record\/","og_locale":"fr_FR","og_type":"article","og_title":"Chiffre d'affaires des \u00e9piceries sociales en Suisse: un triste record - Journal de B\u00e2le et Gen\u00e8ve","og_description":"En Suisse, les personnes en situation de pauvret\u00e9 ont la possibilit\u00e9 d&rsquo;acheter des denr\u00e9es alimentaires et des produits d&rsquo;usage courant \u00e0 des prix tr\u00e8s r\u00e9duits dans les 22 \u00c9piceries Caritas. Continuer la lecture","og_url":"https:\/\/bale.ch\/journal\/chiffre-daffaires-des-epiceries-sociales-en-suisse-un-triste-record\/","og_site_name":"Journal de B\u00e2le et Gen\u00e8ve","article_published_time":"2023-02-26T17:29:44+00:00","article_modified_time":"2023-02-26T17:30:28+00:00","og_image":[{"width":900,"height":484,"url":"https:\/\/bale.ch\/journal\/wp-content\/uploads\/2023\/02\/caritas_epicierie_sociale.jpg","type":"image\/jpeg"}],"author":"La R\u00e9daction","twitter_card":"summary_large_image","twitter_misc":{"\u00c9crit par":"La R\u00e9daction","Dur\u00e9e de lecture estim\u00e9e":"2 minutes"},"schema":{"@context":"https:\/\/schema.org","@graph":[{"@type":"Article","@id":"https:\/\/bale.ch\/journal\/chiffre-daffaires-des-epiceries-sociales-en-suisse-un-triste-record\/#article","isPartOf":{"@id":"https:\/\/bale.ch\/journal\/chiffre-daffaires-des-epiceries-sociales-en-suisse-un-triste-record\/"},"author":{"name":"La R\u00e9daction","@id":"https:\/\/bale.ch\/journal\/#\/schema\/person\/03ced978db3b7a5274c5cef003f352f5"},"headline":"Chiffre d&rsquo;affaires des \u00e9piceries sociales en Suisse: un triste record","datePublished":"2023-02-26T17:29:44+00:00","dateModified":"2023-02-26T17:30:28+00:00","mainEntityOfPage":{"@id":"https:\/\/bale.ch\/journal\/chiffre-daffaires-des-epiceries-sociales-en-suisse-un-triste-record\/"},"wordCount":518,"publisher":{"@id":"https:\/\/bale.ch\/journal\/#organization"},"image":{"@id":"https:\/\/bale.ch\/journal\/chiffre-daffaires-des-epiceries-sociales-en-suisse-un-triste-record\/#primaryimage"},"thumbnailUrl":"https:\/\/bale.ch\/journal\/wp-content\/uploads\/2023\/02\/caritas_epicierie_sociale.jpg","keywords":["Pauvret\u00e9","Suisse"],"articleSection":["Actualit\u00e9s","B\u00e2le Trinationale","Grand Gen\u00e8ve"],"inLanguage":"fr-FR"},{"@type":"WebPage","@id":"https:\/\/bale.ch\/journal\/chiffre-daffaires-des-epiceries-sociales-en-suisse-un-triste-record\/","url":"https:\/\/bale.ch\/journal\/chiffre-daffaires-des-epiceries-sociales-en-suisse-un-triste-record\/","name":"Chiffre d'affaires des \u00e9piceries sociales en Suisse: un triste record - Journal de B\u00e2le et Gen\u00e8ve","isPartOf":{"@id":"https:\/\/bale.ch\/journal\/#website"},"primaryImageOfPage":{"@id":"https:\/\/bale.ch\/journal\/chiffre-daffaires-des-epiceries-sociales-en-suisse-un-triste-record\/#primaryimage"},"image":{"@id":"https:\/\/bale.ch\/journal\/chiffre-daffaires-des-epiceries-sociales-en-suisse-un-triste-record\/#primaryimage"},"thumbnailUrl":"https:\/\/bale.ch\/journal\/wp-content\/uploads\/2023\/02\/caritas_epicierie_sociale.jpg","datePublished":"2023-02-26T17:29:44+00:00","dateModified":"2023-02-26T17:30:28+00:00","breadcrumb":{"@id":"https:\/\/bale.ch\/journal\/chiffre-daffaires-des-epiceries-sociales-en-suisse-un-triste-record\/#breadcrumb"},"inLanguage":"fr-FR","potentialAction":[{"@type":"ReadAction","target":["https:\/\/bale.ch\/journal\/chiffre-daffaires-des-epiceries-sociales-en-suisse-un-triste-record\/"]}]},{"@type":"ImageObject","inLanguage":"fr-FR","@id":"https:\/\/bale.ch\/journal\/chiffre-daffaires-des-epiceries-sociales-en-suisse-un-triste-record\/#primaryimage","url":"https:\/\/bale.ch\/journal\/wp-content\/uploads\/2023\/02\/caritas_epicierie_sociale.jpg","contentUrl":"https:\/\/bale.ch\/journal\/wp-content\/uploads\/2023\/02\/caritas_epicierie_sociale.jpg","width":900,"height":484},{"@type":"BreadcrumbList","@id":"https:\/\/bale.ch\/journal\/chiffre-daffaires-des-epiceries-sociales-en-suisse-un-triste-record\/#breadcrumb","itemListElement":[{"@type":"ListItem","position":1,"name":"Accueil","item":"https:\/\/bale.ch\/journal\/"},{"@type":"ListItem","position":2,"name":"Chiffre d&rsquo;affaires des \u00e9piceries sociales en Suisse: un triste record"}]},{"@type":"WebSite","@id":"https:\/\/bale.ch\/journal\/#website","url":"https:\/\/bale.ch\/journal\/","name":"Journal de B\u00e2le et Gen\u00e8ve","description":"M\u00e9dia transfrontalier d&#039;actualit\u00e9s - News","publisher":{"@id":"https:\/\/bale.ch\/journal\/#organization"},"potentialAction":[{"@type":"SearchAction","target":{"@type":"EntryPoint","urlTemplate":"https:\/\/bale.ch\/journal\/?s={search_term_string}"},"query-input":{"@type":"PropertyValueSpecification","valueRequired":true,"valueName":"search_term_string"}}],"inLanguage":"fr-FR"},{"@type":"Organization","@id":"https:\/\/bale.ch\/journal\/#organization","name":"Journal de B\u00e2le et Gen\u00e8ve","url":"https:\/\/bale.ch\/journal\/","logo":{"@type":"ImageObject","inLanguage":"fr-FR","@id":"https:\/\/bale.ch\/journal\/#\/schema\/logo\/image\/","url":"https:\/\/bale.ch\/journal\/wp-content\/uploads\/2023\/07\/journaldebale_logo_2023_nb.png","contentUrl":"https:\/\/bale.ch\/journal\/wp-content\/uploads\/2023\/07\/journaldebale_logo_2023_nb.png","width":371,"height":127,"caption":"Journal de B\u00e2le et Gen\u00e8ve"},"image":{"@id":"https:\/\/bale.ch\/journal\/#\/schema\/logo\/image\/"}},{"@type":"Person","@id":"https:\/\/bale.ch\/journal\/#\/schema\/person\/03ced978db3b7a5274c5cef003f352f5","name":"La R\u00e9daction","image":{"@type":"ImageObject","inLanguage":"fr-FR","@id":"https:\/\/secure.gravatar.com\/avatar\/d1327e2ce8d2b860112f968a3f34686c9bdda7a463a1502cdd1070ac9d88cf1e?s=96&d=mm&r=g","url":"https:\/\/secure.gravatar.com\/avatar\/d1327e2ce8d2b860112f968a3f34686c9bdda7a463a1502cdd1070ac9d88cf1e?s=96&d=mm&r=g","contentUrl":"https:\/\/secure.gravatar.com\/avatar\/d1327e2ce8d2b860112f968a3f34686c9bdda7a463a1502cdd1070ac9d88cf1e?s=96&d=mm&r=g","caption":"La R\u00e9daction"},"url":"https:\/\/bale.ch\/journal\/author\/laredaction\/"}]}},"_links":{"self":[{"href":"https:\/\/bale.ch\/journal\/wp-json\/wp\/v2\/posts\/3235","targetHints":{"allow":["GET"]}}],"collection":[{"href":"https:\/\/bale.ch\/journal\/wp-json\/wp\/v2\/posts"}],"about":[{"href":"https:\/\/bale.ch\/journal\/wp-json\/wp\/v2\/types\/post"}],"author":[{"embeddable":true,"href":"https:\/\/bale.ch\/journal\/wp-json\/wp\/v2\/users\/2"}],"replies":[{"embeddable":true,"href":"https:\/\/bale.ch\/journal\/wp-json\/wp\/v2\/comments?post=3235"}],"version-history":[{"count":2,"href":"https:\/\/bale.ch\/journal\/wp-json\/wp\/v2\/posts\/3235\/revisions"}],"predecessor-version":[{"id":3238,"href":"https:\/\/bale.ch\/journal\/wp-json\/wp\/v2\/posts\/3235\/revisions\/3238"}],"wp:featuredmedia":[{"embeddable":true,"href":"https:\/\/bale.ch\/journal\/wp-json\/wp\/v2\/media\/3237"}],"wp:attachment":[{"href":"https:\/\/bale.ch\/journal\/wp-json\/wp\/v2\/media?parent=3235"}],"wp:term":[{"taxonomy":"category","embeddable":true,"href":"https:\/\/bale.ch\/journal\/wp-json\/wp\/v2\/categories?post=3235"},{"taxonomy":"post_tag","embeddable":true,"href":"https:\/\/bale.ch\/journal\/wp-json\/wp\/v2\/tags?post=3235"}],"curies":[{"name":"wp","href":"https:\/\/api.w.org\/{rel}","templated":true}]}}