{"id":3245,"date":"2023-03-24T16:35:00","date_gmt":"2023-03-24T16:35:00","guid":{"rendered":"https:\/\/bale.ch\/journal\/?p=3245"},"modified":"2023-03-24T16:36:07","modified_gmt":"2023-03-24T16:36:07","slug":"rsf-france-violences-policieres-journalistes","status":"publish","type":"post","link":"https:\/\/bale.ch\/journal\/rsf-france-violences-policieres-journalistes\/","title":{"rendered":"RSF demande \u00e0 la France de mettre fin aux violences polici\u00e8res contre les journalistes"},"content":{"rendered":"\n<p class=\"wp-block-paragraph\"><strong>Selon l&rsquo;organisation non gouvernementale Reporters Sans Fronti\u00e8res (RSF), les journalistes couvrant les rassemblements oppos\u00e9s \u00e0 la r\u00e9forme des retraites \u00ab\u00a0font l\u2019objet de nombreuses interpellations arbitraires, agressions et intimidations de la part des forces de l\u2019ordre\u00a0\u00bb. RSF a demand\u00e9 au ministre fran\u00e7ais de l\u2019Int\u00e9rieur de \u00ab\u00a0rappeler l\u2019obligation des forces de s\u00e9curit\u00e9 de prot\u00e9ger les journalistes et leurs droits pendant les \u00e9v\u00e9nements publics\u00a0\u00bb.<\/strong><\/p>\n\n\n\n<p class=\"wp-block-paragraph\">Alors que les violences polici\u00e8res sur la presse en France avaient&nbsp;<a href=\"https:\/\/rsf.org\/fr\/france-le-pr%C3%A9fet-didier-lallement-et-les-journalistes-en-chiffres\">baiss\u00e9 de mani\u00e8re significative<\/a>&nbsp;ces deux derni\u00e8res ann\u00e9es, depuis l&rsquo;adoption de la r\u00e9forme des retraites le 16 mars 2023, plusieurs journalistes couvrant des manifestations ont \u00e9t\u00e9 victimes de comportements violents des forces de l\u2019ordre, voire de mesures abusives, comme des gardes \u00e0 vue injustifi\u00e9es. Des incidents ont \u00e9t\u00e9 signal\u00e9s \u00e0 Paris et dans plusieurs villes. Dans chacun des cas recens\u00e9s et v\u00e9rifi\u00e9s par RSF, les&nbsp; journalistes \u00e9taient clairement identifi\u00e9s \u201cPresse\u201d.<\/p>\n\n\n\n<blockquote class=\"wp-block-quote is-layout-flow wp-block-quote-is-layout-flow\">\n<p class=\"wp-block-paragraph\"><em>\u201cL&rsquo;absence de d\u00e9claration pr\u00e9alable des rassemblements de protestation n&rsquo;excuse en rien les entraves arbitraires visant les reporters qui couvrent les manifestations et les agressions polici\u00e8res \u00e0 leur encontre. RSF condamne fermement cette nouvelle s\u00e9rie de violences et de mesures polici\u00e8res abusives et demande au ministre de l\u2019Int\u00e9rieur, G\u00e9rald Darmanin, de rappeler aux forces de l\u2019ordre leur obligation de respecter le droit des journalistes et de les prot\u00e9ger, conform\u00e9ment aux dispositions pr\u00e9vues par le Sch\u00e9ma national de maintien de l\u2019ordre (SNMO).<\/em><\/p>\n<cite>Christophe Deloire<br>Secr\u00e9taire g\u00e9n\u00e9ral de RSF<\/cite><\/blockquote>\n\n\n\n<p class=\"wp-block-paragraph\">Parmi les cas les plus graves, ceux de deux photojournalistes de l\u2019agence&nbsp;<em>Hans Lucas<\/em>. Alors qu\u2019il couvrait une manifestation parisienne le 20 mars,&nbsp;<strong>Rapha\u00ebl Kessler&nbsp;<\/strong>a \u00e9t\u00e9 pris dans une nasse&nbsp;entre deux cordons de Compagnies R\u00e9publicaines de S\u00e9curit\u00e9 (CRS)&nbsp;dans le secteur du boulevard Beaumarchais. Lorsqu\u2019il a voulu faire valoir aupr\u00e8s des forces de l\u2019ordre sa fonction de journaliste en montrant une attestation de son agence, celle-ci a \u00e9t\u00e9 jug\u00e9e p\u00e9rim\u00e9e. Malgr\u00e9 l&rsquo;envoi imm\u00e9diat d\u2019une nouvelle attestation, le photographe a \u00e9t\u00e9&nbsp; mis en garde-\u00e0-vue dans un commissariat pr\u00e8s du quartier des Olympiades et ne sera lib\u00e9r\u00e9 que 20 heures plus tard, sans poursuites et sans explications.&nbsp;<em>\u201c<\/em><em>A part mon avocate commis d&rsquo;office personne n&rsquo;avait conscience de ce que la libert\u00e9 de la presse signifiait,\u201d<\/em>&nbsp;rapporte-t-il \u00e0 RSF.<\/p><div id=\"crieu-1790017359\" class=\"crieu-content crieu-entity-placement\"><script async src=\"\/\/pagead2.googlesyndication.com\/pagead\/js\/adsbygoogle.js?client=ca-pub-5271584769416742\" crossorigin=\"anonymous\"><\/script><ins class=\"adsbygoogle\" style=\"display:block;\" data-ad-client=\"ca-pub-5271584769416742\" \ndata-ad-slot=\"9321250718\" \ndata-ad-format=\"auto\"><\/ins>\n<script> \n(adsbygoogle = window.adsbygoogle || []).push({}); \n<\/script>\n<\/div>\n\n\n\n<p class=\"wp-block-paragraph\">Quant \u00e0&nbsp;<strong>Ang\u00e9line Desdevises<\/strong>, elle photographiait un rassemblement place Saint-Anne, \u00e0 Rennes le 16 mars lorsqu\u2019 elle a \u00e9t\u00e9 plaqu\u00e9e&nbsp; au sol par deux CRS. Comme elle t\u00e9moigne aupr\u00e8s de RSF, les officiers ne l\u2019ont rel\u00e2ch\u00e9e qu\u2019apr\u00e8s une trentaine de secondes alors qu\u2019elle criait d\u00e9sesp\u00e9r\u00e9ment&nbsp; \u201cpresse, presse\u201d. La photographe \u00e9tait pourtant clairement identifiable gr\u00e2ce \u00e0 sa carte de presse accroch\u00e9e sur son appareil photo, et s&rsquo;\u00e9tait auparavant positionn\u00e9e de fa\u00e7on \u00e0 ne pas g\u00eaner l&rsquo;intervention en cours des forces de l&rsquo;ordre. Peu avant son agression, elle a \u00e9galement fait partie d\u2019un groupe de journalistes mis en joue par un lanceur de balles de d\u00e9fense. Deux jours plus t\u00f4t,&nbsp; le 14 mars, elle a \u00e9t\u00e9 trait\u00e9e de \u201cgrosse pute\u201d alors qu\u2019elle venait de signaler au policier qui lui demandait de partir qu\u2019elle \u00e9tait journaliste. Enfin, le 21 mars, non loin de l\u2019arr\u00eat de m\u00e9tro Triangle, la photojournaliste a fait l\u2019objet de propos sexistes et intimidants de la part d\u2019un agent des forces de l\u2019ordre, alors qu\u2019elle couvrait une op\u00e9ration de blocus \u00e9conomique.&nbsp;<em>\u201cLes violences sexuelles et sexistes sont des armes de r\u00e9pression en manifestation \u00e0 l\u2019\u00e9gard des femmes et des minorit\u00e9s de genre,<\/em>\u201d s\u2019alarme-t-elle.<\/p>\n\n\n\n<p class=\"wp-block-paragraph\">C\u2019est aussi le 21 mars, que le journaliste&nbsp;<strong>R\u00e9my Buisine<\/strong>&nbsp;missionn\u00e9 par&nbsp;<em>Brut<\/em>&nbsp;pour filmer les rassemblements \u00e0 Paris, a \u00e9t\u00e9 \u00e0 deux reprises&nbsp;<a href=\"https:\/\/twitter.com\/violencespolice\/status\/1638300772059209732\" target=\"_blank\" rel=\"noreferrer noopener\">agress\u00e9<\/a>&nbsp;par&nbsp; des agents, et&nbsp;<a href=\"https:\/\/twitter.com\/AlertesInfos\/status\/1638325445014814720\" target=\"_blank\" rel=\"noreferrer noopener\">emp\u00each\u00e9&nbsp;<\/a>de faire son travail. Le m\u00eame jour dans la capitale, plusieurs journalistes &#8211; pourtant positionn\u00e9s \u00e0 l\u2019\u00e9cart de l\u2019intervention des forces de l\u2019ordre &#8211; se&nbsp;<a href=\"https:\/\/twitter.com\/RSF_inter\/status\/1638140197966626819\" target=\"_blank\" rel=\"noreferrer noopener\">sont retrouv\u00e9s \u00e0 terre<\/a>&nbsp;apr\u00e8s une charge. Un jour plus t\u00f4t, un agent visiblement \u00e9nerv\u00e9 par une tentative l\u00e9gitime des journalistes de prendre en photo son r\u00e9f\u00e9rentiel des identit\u00e9s et de l\u2019organisation (RIO) a violemment&nbsp;<a href=\"https:\/\/twitter.com\/TaoualitAmar\/status\/1637915817084964873?t=3jifv2XChY9EUBPCami8Zw&amp;s=19\" target=\"_blank\" rel=\"noreferrer noopener\">repouss\u00e9<\/a>&nbsp;par son bouclier plusieurs d\u2019entre eux, dont R\u00e9my Buisine.&nbsp;<\/p>\n\n\n\n<p class=\"wp-block-paragraph\">Son confr\u00e8re,&nbsp;<strong>Cl\u00e9ment Lanot,&nbsp;<\/strong>a d\u2019ailleurs \u00e9t\u00e9&nbsp;<a href=\"https:\/\/twitter.com\/ClementLanot\/status\/1637173550933999616?t=B9yGQdtaRGpFAp_6rFxVQw&amp;s=19\" target=\"_blank\" rel=\"noreferrer noopener\">intimid\u00e9<\/a>&nbsp;par un agent de CRS mimant un coup de pied le 18 mars \u00e0 Paris, alors m\u00eame que le reporter de l\u2019agence&nbsp;<em>CL Press<\/em>&nbsp;ramassait par terre son mat\u00e9riel endommag\u00e9 par un coup de matraque arbitraire. De son c\u00f4t\u00e9,<strong>&nbsp;Amar Taoualit<\/strong>, qui couvrait les manifestations parisiennes du 16 mars pour&nbsp;<em>Loopsider<\/em>, a \u00e9t\u00e9 d\u00e9lib\u00e9r\u00e9ment vis\u00e9 par une bombe lacrymog\u00e8ne et menac\u00e9 d\u2019un coup de matraque, alors qu\u2019il se trouvait seul en dehors de la foule, \u00e9quip\u00e9 d\u2019un brassard presse, place Vend\u00f4me, selon son t\u00e9moignage pour RSF.&nbsp;<\/p>\n\n\n\n<p class=\"wp-block-paragraph\">Ces diff\u00e9rents incidents vont \u00e0 l\u2019encontre du&nbsp;<a href=\"https:\/\/www.interieur.gouv.fr\/sites\/minint\/files\/medias\/documents\/2021-12\/schema-national-du-maintien-de-l-ordre-decembre-2021.pdf\" target=\"_blank\" rel=\"noreferrer noopener\">SNMO<\/a>&nbsp; qui pr\u00e9voit que&nbsp;<em>\u201cLa pr\u00e9sence des journalistes lors des manifestations rev\u00eat une importance primordiale. Elle permet de rendre compte des opinions et revendications des manifestants (\u2026)&nbsp; ainsi que de l\u2019intervention des autorit\u00e9s publiques et des forces de l\u2019ordre\u201d&nbsp;<\/em>. Ce nouveau sch\u00e9ma de maintien de l\u2019ordre avait \u00e9t\u00e9 adopt\u00e9 par le minist\u00e8re de l\u2019Int\u00e9rieur en d\u00e9cembre 2021 apr\u00e8s consultations avec les repr\u00e9sentants des journalistes et RSF. Afin que les reporters puissent b\u00e9n\u00e9ficier de leurs droits sp\u00e9cifiques et de la protection par les autorit\u00e9s sur le terrain, ils doivent pouvoir s\u2019identifier aupr\u00e8s des forces de l\u2019ordre par la&nbsp;<a href=\"http:\/\/www.ccijp.net\/article-10-conditions-d-attribution-de-la-carte-professionnelle.html\" target=\"_blank\" rel=\"noreferrer noopener\">carte de presse fran\u00e7aise<\/a>&nbsp;ou la&nbsp;<a href=\"https:\/\/www.ifj.org\/fr\/carte-de-presse.html\" target=\"_blank\" rel=\"noreferrer noopener\">carte de presse internationale<\/a>&nbsp;ou par une attestation normalis\u00e9e (cette derni\u00e8re en annexe du&nbsp;<a href=\"https:\/\/www.interieur.gouv.fr\/sites\/minint\/files\/medias\/documents\/2021-12\/schema-national-du-maintien-de-l-ordre-decembre-2021.pdf\" target=\"_blank\" rel=\"noreferrer noopener\">SNMO<\/a>).<\/p>\n\n\n\n<p class=\"wp-block-paragraph\">La France se situe \u00e0 la 26e place sur 180 pays au\u00a0<a href=\"https:\/\/rsf.org\/fr\/pays\/france\">Classement mondial de la libert\u00e9 de la presse<\/a>\u00a0\u00e9tabli par RSF en 2022.<\/p>\n\n\n\n<p class=\"wp-block-paragraph\"><\/p>\n\n\n\n<p class=\"wp-block-paragraph\"><em>(Communiqu\u00e9)<\/em><\/p>\n<div id=\"crieu-3350565775\" class=\"crieu-apres-le-contenu crieu-entity-placement\" style=\"margin-left: auto;margin-right: auto;text-align: center;\"><script async src=\"\/\/pagead2.googlesyndication.com\/pagead\/js\/adsbygoogle.js?client=ca-pub-5271584769416742\" crossorigin=\"anonymous\"><\/script><ins class=\"adsbygoogle\" style=\"display:block;\" data-ad-client=\"ca-pub-5271584769416742\" \ndata-ad-slot=\"9321250718\" \ndata-ad-format=\"auto\"><\/ins>\n<script> \n(adsbygoogle = window.adsbygoogle || []).push({}); \n<\/script>\n<\/div>","protected":false},"excerpt":{"rendered":"<p>Selon l&rsquo;organisation non gouvernementale Reporters Sans Fronti\u00e8res (RSF), les journalistes couvrant les rassemblements oppos\u00e9s \u00e0 la r\u00e9forme des retraites \u00ab\u00a0font l\u2019objet de nombreuses interpellations arbitraires, agressions et intimidations de la <a href=\"https:\/\/bale.ch\/journal\/rsf-france-violences-policieres-journalistes\/\" class=\"read-more button-fancy -red\"><span class=\"btn-arrow\"><\/span><span class=\"twp-read-more text\">Continuer la lecture<\/span><\/a><\/p>\n","protected":false},"author":2,"featured_media":2391,"comment_status":"closed","ping_status":"closed","sticky":false,"template":"","format":"standard","meta":{"footnotes":""},"categories":[103,9],"tags":[52,170,57],"class_list":["post-3245","post","type-post","status-publish","format-standard","has-post-thumbnail","hentry","category-actu","category-monde","tag-france","tag-manifestation","tag-social"],"yoast_head":"<!-- This site is optimized with the Yoast SEO plugin v28.3 - https:\/\/yoast.com\/product\/yoast-seo-wordpress\/ -->\n<title>RSF demande \u00e0 la France de mettre fin aux violences polici\u00e8res contre les journalistes - Journal de B\u00e2le et Gen\u00e8ve<\/title>\n<meta name=\"robots\" content=\"index, follow, max-snippet:-1, max-image-preview:large, max-video-preview:-1\" \/>\n<link rel=\"canonical\" href=\"https:\/\/bale.ch\/journal\/rsf-france-violences-policieres-journalistes\/\" \/>\n<meta property=\"og:locale\" content=\"fr_FR\" \/>\n<meta property=\"og:type\" content=\"article\" \/>\n<meta property=\"og:title\" content=\"RSF demande \u00e0 la France de mettre fin aux violences polici\u00e8res contre les journalistes - Journal de B\u00e2le et Gen\u00e8ve\" \/>\n<meta property=\"og:description\" content=\"Selon l&rsquo;organisation non gouvernementale Reporters Sans Fronti\u00e8res (RSF), les journalistes couvrant les rassemblements oppos\u00e9s \u00e0 la r\u00e9forme des retraites \u00ab\u00a0font l\u2019objet de nombreuses interpellations arbitraires, agressions et intimidations de la Continuer la lecture\" \/>\n<meta property=\"og:url\" content=\"https:\/\/bale.ch\/journal\/rsf-france-violences-policieres-journalistes\/\" \/>\n<meta property=\"og:site_name\" content=\"Journal de B\u00e2le et Gen\u00e8ve\" \/>\n<meta property=\"article:published_time\" content=\"2023-03-24T16:35:00+00:00\" \/>\n<meta property=\"article:modified_time\" content=\"2023-03-24T16:36:07+00:00\" \/>\n<meta property=\"og:image\" content=\"https:\/\/bale.ch\/journal\/wp-content\/uploads\/2019\/11\/presse_medias_journalistes_alban_lavy.jpg\" \/>\n\t<meta property=\"og:image:width\" content=\"900\" \/>\n\t<meta property=\"og:image:height\" content=\"484\" \/>\n\t<meta property=\"og:image:type\" content=\"image\/jpeg\" \/>\n<meta name=\"author\" content=\"La R\u00e9daction\" \/>\n<meta name=\"twitter:card\" content=\"summary_large_image\" \/>\n<meta name=\"twitter:label1\" content=\"\u00c9crit par\" \/>\n\t<meta name=\"twitter:data1\" content=\"La R\u00e9daction\" \/>\n\t<meta name=\"twitter:label2\" content=\"Dur\u00e9e de lecture estim\u00e9e\" \/>\n\t<meta name=\"twitter:data2\" content=\"5 minutes\" \/>\n<script type=\"application\/ld+json\" class=\"yoast-schema-graph\">{\"@context\":\"https:\\\/\\\/schema.org\",\"@graph\":[{\"@type\":\"Article\",\"@id\":\"https:\\\/\\\/bale.ch\\\/journal\\\/rsf-france-violences-policieres-journalistes\\\/#article\",\"isPartOf\":{\"@id\":\"https:\\\/\\\/bale.ch\\\/journal\\\/rsf-france-violences-policieres-journalistes\\\/\"},\"author\":{\"name\":\"La R\u00e9daction\",\"@id\":\"https:\\\/\\\/bale.ch\\\/journal\\\/#\\\/schema\\\/person\\\/03ced978db3b7a5274c5cef003f352f5\"},\"headline\":\"RSF demande \u00e0 la France de mettre fin aux violences polici\u00e8res contre les journalistes\",\"datePublished\":\"2023-03-24T16:35:00+00:00\",\"dateModified\":\"2023-03-24T16:36:07+00:00\",\"mainEntityOfPage\":{\"@id\":\"https:\\\/\\\/bale.ch\\\/journal\\\/rsf-france-violences-policieres-journalistes\\\/\"},\"wordCount\":1088,\"publisher\":{\"@id\":\"https:\\\/\\\/bale.ch\\\/journal\\\/#organization\"},\"image\":{\"@id\":\"https:\\\/\\\/bale.ch\\\/journal\\\/rsf-france-violences-policieres-journalistes\\\/#primaryimage\"},\"thumbnailUrl\":\"https:\\\/\\\/bale.ch\\\/journal\\\/wp-content\\\/uploads\\\/2019\\\/11\\\/presse_medias_journalistes_alban_lavy.jpg\",\"keywords\":[\"France\",\"Manifestation\",\"Social\"],\"articleSection\":[\"Actualit\u00e9s\",\"Monde\"],\"inLanguage\":\"fr-FR\"},{\"@type\":\"WebPage\",\"@id\":\"https:\\\/\\\/bale.ch\\\/journal\\\/rsf-france-violences-policieres-journalistes\\\/\",\"url\":\"https:\\\/\\\/bale.ch\\\/journal\\\/rsf-france-violences-policieres-journalistes\\\/\",\"name\":\"RSF demande \u00e0 la France de mettre fin aux violences polici\u00e8res contre les journalistes - Journal de B\u00e2le et Gen\u00e8ve\",\"isPartOf\":{\"@id\":\"https:\\\/\\\/bale.ch\\\/journal\\\/#website\"},\"primaryImageOfPage\":{\"@id\":\"https:\\\/\\\/bale.ch\\\/journal\\\/rsf-france-violences-policieres-journalistes\\\/#primaryimage\"},\"image\":{\"@id\":\"https:\\\/\\\/bale.ch\\\/journal\\\/rsf-france-violences-policieres-journalistes\\\/#primaryimage\"},\"thumbnailUrl\":\"https:\\\/\\\/bale.ch\\\/journal\\\/wp-content\\\/uploads\\\/2019\\\/11\\\/presse_medias_journalistes_alban_lavy.jpg\",\"datePublished\":\"2023-03-24T16:35:00+00:00\",\"dateModified\":\"2023-03-24T16:36:07+00:00\",\"breadcrumb\":{\"@id\":\"https:\\\/\\\/bale.ch\\\/journal\\\/rsf-france-violences-policieres-journalistes\\\/#breadcrumb\"},\"inLanguage\":\"fr-FR\",\"potentialAction\":[{\"@type\":\"ReadAction\",\"target\":[\"https:\\\/\\\/bale.ch\\\/journal\\\/rsf-france-violences-policieres-journalistes\\\/\"]}]},{\"@type\":\"ImageObject\",\"inLanguage\":\"fr-FR\",\"@id\":\"https:\\\/\\\/bale.ch\\\/journal\\\/rsf-france-violences-policieres-journalistes\\\/#primaryimage\",\"url\":\"https:\\\/\\\/bale.ch\\\/journal\\\/wp-content\\\/uploads\\\/2019\\\/11\\\/presse_medias_journalistes_alban_lavy.jpg\",\"contentUrl\":\"https:\\\/\\\/bale.ch\\\/journal\\\/wp-content\\\/uploads\\\/2019\\\/11\\\/presse_medias_journalistes_alban_lavy.jpg\",\"width\":900,\"height\":484},{\"@type\":\"BreadcrumbList\",\"@id\":\"https:\\\/\\\/bale.ch\\\/journal\\\/rsf-france-violences-policieres-journalistes\\\/#breadcrumb\",\"itemListElement\":[{\"@type\":\"ListItem\",\"position\":1,\"name\":\"Accueil\",\"item\":\"https:\\\/\\\/bale.ch\\\/journal\\\/\"},{\"@type\":\"ListItem\",\"position\":2,\"name\":\"RSF demande \u00e0 la France de mettre fin aux violences polici\u00e8res contre les journalistes\"}]},{\"@type\":\"WebSite\",\"@id\":\"https:\\\/\\\/bale.ch\\\/journal\\\/#website\",\"url\":\"https:\\\/\\\/bale.ch\\\/journal\\\/\",\"name\":\"Journal de B\u00e2le et Gen\u00e8ve\",\"description\":\"M\u00e9dia transfrontalier d&#039;actualit\u00e9s - News\",\"publisher\":{\"@id\":\"https:\\\/\\\/bale.ch\\\/journal\\\/#organization\"},\"potentialAction\":[{\"@type\":\"SearchAction\",\"target\":{\"@type\":\"EntryPoint\",\"urlTemplate\":\"https:\\\/\\\/bale.ch\\\/journal\\\/?s={search_term_string}\"},\"query-input\":{\"@type\":\"PropertyValueSpecification\",\"valueRequired\":true,\"valueName\":\"search_term_string\"}}],\"inLanguage\":\"fr-FR\"},{\"@type\":\"Organization\",\"@id\":\"https:\\\/\\\/bale.ch\\\/journal\\\/#organization\",\"name\":\"Journal de B\u00e2le et Gen\u00e8ve\",\"url\":\"https:\\\/\\\/bale.ch\\\/journal\\\/\",\"logo\":{\"@type\":\"ImageObject\",\"inLanguage\":\"fr-FR\",\"@id\":\"https:\\\/\\\/bale.ch\\\/journal\\\/#\\\/schema\\\/logo\\\/image\\\/\",\"url\":\"https:\\\/\\\/bale.ch\\\/journal\\\/wp-content\\\/uploads\\\/2023\\\/07\\\/journaldebale_logo_2023_nb.png\",\"contentUrl\":\"https:\\\/\\\/bale.ch\\\/journal\\\/wp-content\\\/uploads\\\/2023\\\/07\\\/journaldebale_logo_2023_nb.png\",\"width\":371,\"height\":127,\"caption\":\"Journal de B\u00e2le et Gen\u00e8ve\"},\"image\":{\"@id\":\"https:\\\/\\\/bale.ch\\\/journal\\\/#\\\/schema\\\/logo\\\/image\\\/\"}},{\"@type\":\"Person\",\"@id\":\"https:\\\/\\\/bale.ch\\\/journal\\\/#\\\/schema\\\/person\\\/03ced978db3b7a5274c5cef003f352f5\",\"name\":\"La R\u00e9daction\",\"image\":{\"@type\":\"ImageObject\",\"inLanguage\":\"fr-FR\",\"@id\":\"https:\\\/\\\/secure.gravatar.com\\\/avatar\\\/d1327e2ce8d2b860112f968a3f34686c9bdda7a463a1502cdd1070ac9d88cf1e?s=96&d=mm&r=g\",\"url\":\"https:\\\/\\\/secure.gravatar.com\\\/avatar\\\/d1327e2ce8d2b860112f968a3f34686c9bdda7a463a1502cdd1070ac9d88cf1e?s=96&d=mm&r=g\",\"contentUrl\":\"https:\\\/\\\/secure.gravatar.com\\\/avatar\\\/d1327e2ce8d2b860112f968a3f34686c9bdda7a463a1502cdd1070ac9d88cf1e?s=96&d=mm&r=g\",\"caption\":\"La R\u00e9daction\"},\"url\":\"https:\\\/\\\/bale.ch\\\/journal\\\/author\\\/laredaction\\\/\"}]}<\/script>\n<!-- \/ Yoast SEO plugin. -->","yoast_head_json":{"title":"RSF demande \u00e0 la France de mettre fin aux violences polici\u00e8res contre les journalistes - Journal de B\u00e2le et Gen\u00e8ve","robots":{"index":"index","follow":"follow","max-snippet":"max-snippet:-1","max-image-preview":"max-image-preview:large","max-video-preview":"max-video-preview:-1"},"canonical":"https:\/\/bale.ch\/journal\/rsf-france-violences-policieres-journalistes\/","og_locale":"fr_FR","og_type":"article","og_title":"RSF demande \u00e0 la France de mettre fin aux violences polici\u00e8res contre les journalistes - Journal de B\u00e2le et Gen\u00e8ve","og_description":"Selon l&rsquo;organisation non gouvernementale Reporters Sans Fronti\u00e8res (RSF), les journalistes couvrant les rassemblements oppos\u00e9s \u00e0 la r\u00e9forme des retraites \u00ab\u00a0font l\u2019objet de nombreuses interpellations arbitraires, agressions et intimidations de la Continuer la lecture","og_url":"https:\/\/bale.ch\/journal\/rsf-france-violences-policieres-journalistes\/","og_site_name":"Journal de B\u00e2le et Gen\u00e8ve","article_published_time":"2023-03-24T16:35:00+00:00","article_modified_time":"2023-03-24T16:36:07+00:00","og_image":[{"width":900,"height":484,"url":"https:\/\/bale.ch\/journal\/wp-content\/uploads\/2019\/11\/presse_medias_journalistes_alban_lavy.jpg","type":"image\/jpeg"}],"author":"La R\u00e9daction","twitter_card":"summary_large_image","twitter_misc":{"\u00c9crit par":"La R\u00e9daction","Dur\u00e9e de lecture estim\u00e9e":"5 minutes"},"schema":{"@context":"https:\/\/schema.org","@graph":[{"@type":"Article","@id":"https:\/\/bale.ch\/journal\/rsf-france-violences-policieres-journalistes\/#article","isPartOf":{"@id":"https:\/\/bale.ch\/journal\/rsf-france-violences-policieres-journalistes\/"},"author":{"name":"La R\u00e9daction","@id":"https:\/\/bale.ch\/journal\/#\/schema\/person\/03ced978db3b7a5274c5cef003f352f5"},"headline":"RSF demande \u00e0 la France de mettre fin aux violences polici\u00e8res contre les journalistes","datePublished":"2023-03-24T16:35:00+00:00","dateModified":"2023-03-24T16:36:07+00:00","mainEntityOfPage":{"@id":"https:\/\/bale.ch\/journal\/rsf-france-violences-policieres-journalistes\/"},"wordCount":1088,"publisher":{"@id":"https:\/\/bale.ch\/journal\/#organization"},"image":{"@id":"https:\/\/bale.ch\/journal\/rsf-france-violences-policieres-journalistes\/#primaryimage"},"thumbnailUrl":"https:\/\/bale.ch\/journal\/wp-content\/uploads\/2019\/11\/presse_medias_journalistes_alban_lavy.jpg","keywords":["France","Manifestation","Social"],"articleSection":["Actualit\u00e9s","Monde"],"inLanguage":"fr-FR"},{"@type":"WebPage","@id":"https:\/\/bale.ch\/journal\/rsf-france-violences-policieres-journalistes\/","url":"https:\/\/bale.ch\/journal\/rsf-france-violences-policieres-journalistes\/","name":"RSF demande \u00e0 la France de mettre fin aux violences polici\u00e8res contre les journalistes - Journal de B\u00e2le et Gen\u00e8ve","isPartOf":{"@id":"https:\/\/bale.ch\/journal\/#website"},"primaryImageOfPage":{"@id":"https:\/\/bale.ch\/journal\/rsf-france-violences-policieres-journalistes\/#primaryimage"},"image":{"@id":"https:\/\/bale.ch\/journal\/rsf-france-violences-policieres-journalistes\/#primaryimage"},"thumbnailUrl":"https:\/\/bale.ch\/journal\/wp-content\/uploads\/2019\/11\/presse_medias_journalistes_alban_lavy.jpg","datePublished":"2023-03-24T16:35:00+00:00","dateModified":"2023-03-24T16:36:07+00:00","breadcrumb":{"@id":"https:\/\/bale.ch\/journal\/rsf-france-violences-policieres-journalistes\/#breadcrumb"},"inLanguage":"fr-FR","potentialAction":[{"@type":"ReadAction","target":["https:\/\/bale.ch\/journal\/rsf-france-violences-policieres-journalistes\/"]}]},{"@type":"ImageObject","inLanguage":"fr-FR","@id":"https:\/\/bale.ch\/journal\/rsf-france-violences-policieres-journalistes\/#primaryimage","url":"https:\/\/bale.ch\/journal\/wp-content\/uploads\/2019\/11\/presse_medias_journalistes_alban_lavy.jpg","contentUrl":"https:\/\/bale.ch\/journal\/wp-content\/uploads\/2019\/11\/presse_medias_journalistes_alban_lavy.jpg","width":900,"height":484},{"@type":"BreadcrumbList","@id":"https:\/\/bale.ch\/journal\/rsf-france-violences-policieres-journalistes\/#breadcrumb","itemListElement":[{"@type":"ListItem","position":1,"name":"Accueil","item":"https:\/\/bale.ch\/journal\/"},{"@type":"ListItem","position":2,"name":"RSF demande \u00e0 la France de mettre fin aux violences polici\u00e8res contre les journalistes"}]},{"@type":"WebSite","@id":"https:\/\/bale.ch\/journal\/#website","url":"https:\/\/bale.ch\/journal\/","name":"Journal de B\u00e2le et Gen\u00e8ve","description":"M\u00e9dia transfrontalier d&#039;actualit\u00e9s - News","publisher":{"@id":"https:\/\/bale.ch\/journal\/#organization"},"potentialAction":[{"@type":"SearchAction","target":{"@type":"EntryPoint","urlTemplate":"https:\/\/bale.ch\/journal\/?s={search_term_string}"},"query-input":{"@type":"PropertyValueSpecification","valueRequired":true,"valueName":"search_term_string"}}],"inLanguage":"fr-FR"},{"@type":"Organization","@id":"https:\/\/bale.ch\/journal\/#organization","name":"Journal de B\u00e2le et Gen\u00e8ve","url":"https:\/\/bale.ch\/journal\/","logo":{"@type":"ImageObject","inLanguage":"fr-FR","@id":"https:\/\/bale.ch\/journal\/#\/schema\/logo\/image\/","url":"https:\/\/bale.ch\/journal\/wp-content\/uploads\/2023\/07\/journaldebale_logo_2023_nb.png","contentUrl":"https:\/\/bale.ch\/journal\/wp-content\/uploads\/2023\/07\/journaldebale_logo_2023_nb.png","width":371,"height":127,"caption":"Journal de B\u00e2le et Gen\u00e8ve"},"image":{"@id":"https:\/\/bale.ch\/journal\/#\/schema\/logo\/image\/"}},{"@type":"Person","@id":"https:\/\/bale.ch\/journal\/#\/schema\/person\/03ced978db3b7a5274c5cef003f352f5","name":"La R\u00e9daction","image":{"@type":"ImageObject","inLanguage":"fr-FR","@id":"https:\/\/secure.gravatar.com\/avatar\/d1327e2ce8d2b860112f968a3f34686c9bdda7a463a1502cdd1070ac9d88cf1e?s=96&d=mm&r=g","url":"https:\/\/secure.gravatar.com\/avatar\/d1327e2ce8d2b860112f968a3f34686c9bdda7a463a1502cdd1070ac9d88cf1e?s=96&d=mm&r=g","contentUrl":"https:\/\/secure.gravatar.com\/avatar\/d1327e2ce8d2b860112f968a3f34686c9bdda7a463a1502cdd1070ac9d88cf1e?s=96&d=mm&r=g","caption":"La R\u00e9daction"},"url":"https:\/\/bale.ch\/journal\/author\/laredaction\/"}]}},"_links":{"self":[{"href":"https:\/\/bale.ch\/journal\/wp-json\/wp\/v2\/posts\/3245","targetHints":{"allow":["GET"]}}],"collection":[{"href":"https:\/\/bale.ch\/journal\/wp-json\/wp\/v2\/posts"}],"about":[{"href":"https:\/\/bale.ch\/journal\/wp-json\/wp\/v2\/types\/post"}],"author":[{"embeddable":true,"href":"https:\/\/bale.ch\/journal\/wp-json\/wp\/v2\/users\/2"}],"replies":[{"embeddable":true,"href":"https:\/\/bale.ch\/journal\/wp-json\/wp\/v2\/comments?post=3245"}],"version-history":[{"count":3,"href":"https:\/\/bale.ch\/journal\/wp-json\/wp\/v2\/posts\/3245\/revisions"}],"predecessor-version":[{"id":3248,"href":"https:\/\/bale.ch\/journal\/wp-json\/wp\/v2\/posts\/3245\/revisions\/3248"}],"wp:featuredmedia":[{"embeddable":true,"href":"https:\/\/bale.ch\/journal\/wp-json\/wp\/v2\/media\/2391"}],"wp:attachment":[{"href":"https:\/\/bale.ch\/journal\/wp-json\/wp\/v2\/media?parent=3245"}],"wp:term":[{"taxonomy":"category","embeddable":true,"href":"https:\/\/bale.ch\/journal\/wp-json\/wp\/v2\/categories?post=3245"},{"taxonomy":"post_tag","embeddable":true,"href":"https:\/\/bale.ch\/journal\/wp-json\/wp\/v2\/tags?post=3245"}],"curies":[{"name":"wp","href":"https:\/\/api.w.org\/{rel}","templated":true}]}}