{"id":326,"date":"2016-01-19T16:31:08","date_gmt":"2016-01-19T16:31:08","guid":{"rendered":"http:\/\/bale.ch\/journal\/?p=326"},"modified":"2024-05-30T15:56:21","modified_gmt":"2024-05-30T15:56:21","slug":"peintre-lemanique-remi-gay-deces","status":"publish","type":"post","link":"https:\/\/bale.ch\/journal\/peintre-lemanique-remi-gay-deces\/","title":{"rendered":"Le peintre l\u00e9manique R\u00e9mi Gay nous a quitt\u00e9s"},"content":{"rendered":"<p><strong>R\u00e9mi Gay, peintre abstrait lyrique l\u00e9manique, est n\u00e9 en 1941 et d\u00e9c\u00e9d\u00e9 en novembre 2015 dans le Grand Gen\u00e8ve. Le journaliste Christian Gallay lui rend hommage.<\/strong><!--more--><\/p>\n<p>R\u00e9mi, tu consid\u00e9rerais certainement comme un outrage \u00e0 ta discr\u00e9tion que de vouloir \u00a0rendre hommage \u00e0 ton art et \u00e0 ta personne. Tu nous as quitt\u00e9 sur la pointe des pieds, mais il serait ind\u00e9cent de taire tout ce que tu as apport\u00e9 \u00e0 la vie culturelle des lieux o\u00f9 tu t\u2019es investi. Tu savais dire ton attachement et ta reconnaissance aux p\u00e9riodes-clefs de ta vie.<\/p>\n<p>D\u2019abord Saint-Jeoire o\u00f9 tu es n\u00e9 en 1941 et o\u00f9 tu as grandi, impr\u00e9gn\u00e9e par la richesse culturelle, musicale litt\u00e9raire et picturale de l\u2019Art au Village, fond\u00e9 par ton p\u00e8re, Paul Gay. Tu te lies avec des grands noms de la cr\u00e9ation artistique : Lafoucri\u00e8re, Kjino, Artias, De Feline, Revel, Ginet, Gastaud, F\u00e9raud et bien d\u2019autres.<\/p><div id=\"crieu-1315182208\" class=\"crieu-content crieu-entity-placement\"><script async src=\"\/\/pagead2.googlesyndication.com\/pagead\/js\/adsbygoogle.js?client=ca-pub-5271584769416742\" crossorigin=\"anonymous\"><\/script><ins class=\"adsbygoogle\" style=\"display:block;\" data-ad-client=\"ca-pub-5271584769416742\" \ndata-ad-slot=\"9321250718\" \ndata-ad-format=\"auto\"><\/ins>\n<script> \n(adsbygoogle = window.adsbygoogle || []).push({}); \n<\/script>\n<\/div>\n<p>Tu pars ensuite une dizaine d\u2019ann\u00e9es \u00e0 Paris o\u00f9 tu te frottes \u00e0 la vie culturelle parisienne surtout autour du Ranelagh, salle de cin\u00e9ma o\u00f9 tu \u00e9marges. \u00a0Tu concr\u00e9tises ce que tu as toujours d\u00e9cid\u00e9 d\u2019\u00eatre \u00a0depuis ton plus jeune \u00e2ge, artiste peintre, ce que tu seras jusqu\u2019au bout m\u00eame \u00e0 la retraite, tout en occupant des postes parall\u00e8les pour gagner ta vie.<\/p>\n<figure id=\"attachment_330\" aria-describedby=\"caption-attachment-330\" style=\"width: 604px\" class=\"wp-caption aligncenter\"><a href=\"https:\/\/bale.ch\/journal\/wp-content\/uploads\/2016\/01\/remi_gay_rene-fallet_jany_lavy.jpg\" rel=\"attachment wp-att-330\"><img loading=\"lazy\" decoding=\"async\" class=\"wp-image-330 size-full\" src=\"https:\/\/bale.ch\/journal\/wp-content\/uploads\/2016\/01\/remi_gay_rene-fallet_jany_lavy.jpg\" alt=\"R\u00e9mi Gay (\u00e0 gauche) en compagnie de l'\u00e9crivain Ren\u00e9 Fallet et de la graphiste Jany Lavy, dans le Chablais savoyard et les ann\u00e9es septante.\" width=\"604\" height=\"403\" srcset=\"https:\/\/bale.ch\/journal\/wp-content\/uploads\/2016\/01\/remi_gay_rene-fallet_jany_lavy.jpg 604w, https:\/\/bale.ch\/journal\/wp-content\/uploads\/2016\/01\/remi_gay_rene-fallet_jany_lavy-300x200.jpg 300w\" sizes=\"auto, (max-width: 604px) 100vw, 604px\" \/><\/a><figcaption id=\"caption-attachment-330\" class=\"wp-caption-text\">R\u00e9mi Gay, \u00e0 gauche, en compagnie de l&rsquo;\u00e9crivain Ren\u00e9 Fallet (\u00abLa Soupe aux Choux\u00bb, \u00abLe Beaujolais Nouveau est Arriv\u00e9\u00bb) et de la graphiste Jany Lavy, dans le Chablais savoyard. Ann\u00e9es septante.<\/figcaption><\/figure>\n<p>Tu reviens en Savoie et tu t\u2019installes au Moulin du Redon, \u00e0 S\u00e9chex. C\u2019est l\u00e0 que tu vas rayonner par ta douceur, ton humour, ton go\u00fbt de la vie, et ta perspicacit\u00e9 \u00e0 d\u00e9fendre r\u00e9solument l\u2019authenticit\u00e9 de l\u2019art sous toutes ses formes. Tu le fais, bien s\u00fbrs dans ton activit\u00e9 de discoth\u00e9caire \u00a0\u00e0 la Maison des Arts puis \u00e0 la Biblioth\u00e8que Municipale de Thonon au c\u00f4t\u00e9 de Pierre Caran, mais surtout \u00a0au Moulin o\u00f9 tu accueilles foule d\u2019artistes de tes rencontres ant\u00e9rieures ou des apr\u00e8s-manifestations de la Maison des Arts. C\u2019est aussi dans la grande salle du moulin le lieu de r\u00e9union de la vie culturelle locale (le Groupement d\u2019Action Culturelle, le groupe <em>Dire<\/em>, Le Rassemblement des Inconditionnels de la Rigolage Explosive&#8230;), le lieu de spectacles et de concerts, le lieu d\u2019exposition permanente des \u0153uvres de tes amis artistes et de tes propres \u0153uvres et aussi le lieu de soir\u00e9es festives o\u00f9 tu \u00e9tais entour\u00e9 de tr\u00e8s nombreux amis. Tu as choisi de nous quitter dans un peu plus de solitude, acceptant le soutien de tes deux enfants, Alban et Adrian, \u00a0de ta famille et de quelques proches.<\/p>\n<p>Tu vas terriblement manquer \u00e0 tous les espaces que tu as occup\u00e9s, mais tu laisses une empreinte ind\u00e9l\u00e9bile dans le c\u0153ur et l\u2019esprit de tous ceux qui t\u2019ont c\u00f4toy\u00e9.<\/p>\n<p><em>Christian Gallay<\/em><\/p>\n<blockquote><p><span id=\"fbPhotoSnowliftCaption\" class=\"fbPhotosPhotoCaption\" tabindex=\"0\" data-ft=\"{&quot;tn&quot;:&quot;K&quot;}\"><span class=\"hasCaption\">\u00abDans sa peinture, faite d&rsquo;\u00e9ruptions, on peut voir des taches, des sillons, des \u00e9l\u00e9ments qui s&rsquo;\u00e9l\u00e8vent, des embrasements qui jaillissent. Un hasard ma\u00eetris\u00e9 engendre l&rsquo;\u0153uvre. Les formes semblent dialoguer entre elles. Les couleurs, chaudes et franches, composent des espaces de joie. Tout est l\u00e9ger dans cet art dynamique, raffin\u00e9 et libre \u2013 \u00e0 l&rsquo;image de son cr\u00e9ateur. Peu \u00e0 peu, ses toiles de fougue et de feu ont montr\u00e9 que R\u00e9mi Gay \u00e9tait l&rsquo;un des plus authentiques peintres savoyards de son temps.\u00bb<\/span><\/span><\/p>\n<p>St\u00e9phane Rochette in \u201cLes Peintres de la Savoie\u201d, Magland, \u00e9ditions Neva, 2015.<\/p><\/blockquote>\n<div class=\"mceTemp\"><\/div>\n<figure id=\"attachment_366\" aria-describedby=\"caption-attachment-366\" style=\"width: 1417px\" class=\"wp-caption alignleft\"><a href=\"https:\/\/bale.ch\/journal\/wp-content\/uploads\/2016\/01\/remi_gay_2009_2014.jpg\" rel=\"attachment wp-att-366\"><img loading=\"lazy\" decoding=\"async\" class=\"wp-image-366 size-full\" src=\"https:\/\/bale.ch\/journal\/wp-content\/uploads\/2016\/01\/remi_gay_2009_2014.jpg\" alt=\"Abstractions lyriques, 2009, 2014.\" width=\"1417\" height=\"906\" srcset=\"https:\/\/bale.ch\/journal\/wp-content\/uploads\/2016\/01\/remi_gay_2009_2014.jpg 1417w, https:\/\/bale.ch\/journal\/wp-content\/uploads\/2016\/01\/remi_gay_2009_2014-300x192.jpg 300w, https:\/\/bale.ch\/journal\/wp-content\/uploads\/2016\/01\/remi_gay_2009_2014-768x491.jpg 768w, https:\/\/bale.ch\/journal\/wp-content\/uploads\/2016\/01\/remi_gay_2009_2014-1024x655.jpg 1024w\" sizes=\"auto, (max-width: 1417px) 100vw, 1417px\" \/><\/a><figcaption id=\"caption-attachment-366\" class=\"wp-caption-text\">Abstractions lyriques, 2009, 2014. Collection particuli\u00e8re.<\/figcaption><\/figure>\n<p><a href=\"https:\/\/bale.ch\/journal\/wp-content\/uploads\/2016\/01\/chez_remi-1.jpg\" rel=\"attachment wp-att-328\"><img loading=\"lazy\" decoding=\"async\" class=\"alignnone wp-image-355 size-full\" src=\"https:\/\/bale.ch\/journal\/wp-content\/uploads\/2016\/01\/chez_remi-1-e1453586775867.jpg\" alt=\"\" width=\"1549\" height=\"1134\" srcset=\"https:\/\/bale.ch\/journal\/wp-content\/uploads\/2016\/01\/chez_remi-1-e1453586775867.jpg 1549w, https:\/\/bale.ch\/journal\/wp-content\/uploads\/2016\/01\/chez_remi-1-e1453586775867-300x220.jpg 300w, https:\/\/bale.ch\/journal\/wp-content\/uploads\/2016\/01\/chez_remi-1-e1453586775867-768x562.jpg 768w, https:\/\/bale.ch\/journal\/wp-content\/uploads\/2016\/01\/chez_remi-1-e1453586775867-1024x750.jpg 1024w\" sizes=\"auto, (max-width: 1549px) 100vw, 1549px\" \/><\/a><\/p>\n<p>UN Special, Gen\u00e8ve.<\/p>\n<p style=\"text-align: center;\">Voir aussi: page sur <a href=\"https:\/\/bedandbooks.ch\/remigay\/\" target=\"_blank\" rel=\"noopener\"><strong>R\u00e9mi Gay<\/strong><\/a><\/p>\n<div id=\"crieu-2211360067\" class=\"crieu-apres-le-contenu crieu-entity-placement\" style=\"margin-left: auto;margin-right: auto;text-align: center;\"><script async src=\"\/\/pagead2.googlesyndication.com\/pagead\/js\/adsbygoogle.js?client=ca-pub-5271584769416742\" crossorigin=\"anonymous\"><\/script><ins class=\"adsbygoogle\" style=\"display:block;\" data-ad-client=\"ca-pub-5271584769416742\" \ndata-ad-slot=\"9321250718\" \ndata-ad-format=\"auto\"><\/ins>\n<script> \n(adsbygoogle = window.adsbygoogle || []).push({}); \n<\/script>\n<\/div>","protected":false},"excerpt":{"rendered":"<p>R\u00e9mi Gay, peintre abstrait lyrique l\u00e9manique, est n\u00e9 en 1941 et d\u00e9c\u00e9d\u00e9 en novembre 2015 dans le Grand Gen\u00e8ve. Le journaliste Christian Gallay lui rend hommage.<\/p>\n","protected":false},"author":37,"featured_media":364,"comment_status":"closed","ping_status":"closed","sticky":false,"template":"","format":"standard","meta":{"footnotes":""},"categories":[11,10,4],"tags":[],"class_list":["post-326","post","type-post","status-publish","format-standard","has-post-thumbnail","hentry","category-art","category-culture","category-grand-geneve"],"yoast_head":"<!-- This site is optimized with the Yoast SEO plugin v28.3 - https:\/\/yoast.com\/product\/yoast-seo-wordpress\/ -->\n<title>Le peintre l\u00e9manique R\u00e9mi Gay nous a quitt\u00e9s - Journal de B\u00e2le et Gen\u00e8ve<\/title>\n<meta name=\"robots\" content=\"index, follow, max-snippet:-1, max-image-preview:large, max-video-preview:-1\" \/>\n<link rel=\"canonical\" href=\"https:\/\/bale.ch\/journal\/peintre-lemanique-remi-gay-deces\/\" \/>\n<meta property=\"og:locale\" content=\"fr_FR\" \/>\n<meta property=\"og:type\" content=\"article\" \/>\n<meta property=\"og:title\" content=\"Le peintre l\u00e9manique R\u00e9mi Gay nous a quitt\u00e9s - Journal de B\u00e2le et Gen\u00e8ve\" \/>\n<meta property=\"og:description\" content=\"R\u00e9mi Gay, peintre abstrait lyrique l\u00e9manique, est n\u00e9 en 1941 et d\u00e9c\u00e9d\u00e9 en novembre 2015 dans le Grand Gen\u00e8ve. Le journaliste Christian Gallay lui rend hommage.\" \/>\n<meta property=\"og:url\" content=\"https:\/\/bale.ch\/journal\/peintre-lemanique-remi-gay-deces\/\" \/>\n<meta property=\"og:site_name\" content=\"Journal de B\u00e2le et Gen\u00e8ve\" \/>\n<meta property=\"article:published_time\" content=\"2016-01-19T16:31:08+00:00\" \/>\n<meta property=\"article:modified_time\" content=\"2024-05-30T15:56:21+00:00\" \/>\n<meta property=\"og:image\" content=\"https:\/\/bale.ch\/journal\/wp-content\/uploads\/2016\/01\/remi_gay_amphion_cite_eau_2007.png\" \/>\n\t<meta property=\"og:image:width\" content=\"887\" \/>\n\t<meta property=\"og:image:height\" content=\"498\" \/>\n\t<meta property=\"og:image:type\" content=\"image\/png\" \/>\n<meta name=\"author\" content=\"Christian Gallay\" \/>\n<meta name=\"twitter:card\" content=\"summary_large_image\" \/>\n<meta name=\"twitter:label1\" content=\"\u00c9crit par\" \/>\n\t<meta name=\"twitter:data1\" content=\"Christian Gallay\" \/>\n\t<meta name=\"twitter:label2\" content=\"Dur\u00e9e de lecture estim\u00e9e\" \/>\n\t<meta name=\"twitter:data2\" content=\"3 minutes\" \/>\n<script type=\"application\/ld+json\" class=\"yoast-schema-graph\">{\"@context\":\"https:\\\/\\\/schema.org\",\"@graph\":[{\"@type\":\"Article\",\"@id\":\"https:\\\/\\\/bale.ch\\\/journal\\\/peintre-lemanique-remi-gay-deces\\\/#article\",\"isPartOf\":{\"@id\":\"https:\\\/\\\/bale.ch\\\/journal\\\/peintre-lemanique-remi-gay-deces\\\/\"},\"author\":{\"name\":\"Christian Gallay\",\"@id\":\"https:\\\/\\\/bale.ch\\\/journal\\\/#\\\/schema\\\/person\\\/4e8c1b5fee6ea5aad452e1524d56d982\"},\"headline\":\"Le peintre l\u00e9manique R\u00e9mi Gay nous a quitt\u00e9s\",\"datePublished\":\"2016-01-19T16:31:08+00:00\",\"dateModified\":\"2024-05-30T15:56:21+00:00\",\"mainEntityOfPage\":{\"@id\":\"https:\\\/\\\/bale.ch\\\/journal\\\/peintre-lemanique-remi-gay-deces\\\/\"},\"wordCount\":648,\"publisher\":{\"@id\":\"https:\\\/\\\/bale.ch\\\/journal\\\/#organization\"},\"image\":{\"@id\":\"https:\\\/\\\/bale.ch\\\/journal\\\/peintre-lemanique-remi-gay-deces\\\/#primaryimage\"},\"thumbnailUrl\":\"https:\\\/\\\/bale.ch\\\/journal\\\/wp-content\\\/uploads\\\/2016\\\/01\\\/remi_gay_amphion_cite_eau_2007.png\",\"articleSection\":[\"Art\",\"Culture\",\"Grand Gen\u00e8ve\"],\"inLanguage\":\"fr-FR\"},{\"@type\":\"WebPage\",\"@id\":\"https:\\\/\\\/bale.ch\\\/journal\\\/peintre-lemanique-remi-gay-deces\\\/\",\"url\":\"https:\\\/\\\/bale.ch\\\/journal\\\/peintre-lemanique-remi-gay-deces\\\/\",\"name\":\"Le peintre l\u00e9manique R\u00e9mi Gay nous a quitt\u00e9s - Journal de B\u00e2le et Gen\u00e8ve\",\"isPartOf\":{\"@id\":\"https:\\\/\\\/bale.ch\\\/journal\\\/#website\"},\"primaryImageOfPage\":{\"@id\":\"https:\\\/\\\/bale.ch\\\/journal\\\/peintre-lemanique-remi-gay-deces\\\/#primaryimage\"},\"image\":{\"@id\":\"https:\\\/\\\/bale.ch\\\/journal\\\/peintre-lemanique-remi-gay-deces\\\/#primaryimage\"},\"thumbnailUrl\":\"https:\\\/\\\/bale.ch\\\/journal\\\/wp-content\\\/uploads\\\/2016\\\/01\\\/remi_gay_amphion_cite_eau_2007.png\",\"datePublished\":\"2016-01-19T16:31:08+00:00\",\"dateModified\":\"2024-05-30T15:56:21+00:00\",\"breadcrumb\":{\"@id\":\"https:\\\/\\\/bale.ch\\\/journal\\\/peintre-lemanique-remi-gay-deces\\\/#breadcrumb\"},\"inLanguage\":\"fr-FR\",\"potentialAction\":[{\"@type\":\"ReadAction\",\"target\":[\"https:\\\/\\\/bale.ch\\\/journal\\\/peintre-lemanique-remi-gay-deces\\\/\"]}]},{\"@type\":\"ImageObject\",\"inLanguage\":\"fr-FR\",\"@id\":\"https:\\\/\\\/bale.ch\\\/journal\\\/peintre-lemanique-remi-gay-deces\\\/#primaryimage\",\"url\":\"https:\\\/\\\/bale.ch\\\/journal\\\/wp-content\\\/uploads\\\/2016\\\/01\\\/remi_gay_amphion_cite_eau_2007.png\",\"contentUrl\":\"https:\\\/\\\/bale.ch\\\/journal\\\/wp-content\\\/uploads\\\/2016\\\/01\\\/remi_gay_amphion_cite_eau_2007.png\",\"width\":887,\"height\":498,\"caption\":\"R\u00e9mi Gay (deuxi\u00e8me \u00e0 gauche). Exposition \u00e0 la Cit\u00e9 de l'Eau, Amphion-les-Bains.\"},{\"@type\":\"BreadcrumbList\",\"@id\":\"https:\\\/\\\/bale.ch\\\/journal\\\/peintre-lemanique-remi-gay-deces\\\/#breadcrumb\",\"itemListElement\":[{\"@type\":\"ListItem\",\"position\":1,\"name\":\"Accueil\",\"item\":\"https:\\\/\\\/bale.ch\\\/journal\\\/\"},{\"@type\":\"ListItem\",\"position\":2,\"name\":\"Le peintre l\u00e9manique R\u00e9mi Gay nous a quitt\u00e9s\"}]},{\"@type\":\"WebSite\",\"@id\":\"https:\\\/\\\/bale.ch\\\/journal\\\/#website\",\"url\":\"https:\\\/\\\/bale.ch\\\/journal\\\/\",\"name\":\"Journal de B\u00e2le et Gen\u00e8ve\",\"description\":\"M\u00e9dia transfrontalier d&#039;actualit\u00e9s - News\",\"publisher\":{\"@id\":\"https:\\\/\\\/bale.ch\\\/journal\\\/#organization\"},\"potentialAction\":[{\"@type\":\"SearchAction\",\"target\":{\"@type\":\"EntryPoint\",\"urlTemplate\":\"https:\\\/\\\/bale.ch\\\/journal\\\/?s={search_term_string}\"},\"query-input\":{\"@type\":\"PropertyValueSpecification\",\"valueRequired\":true,\"valueName\":\"search_term_string\"}}],\"inLanguage\":\"fr-FR\"},{\"@type\":\"Organization\",\"@id\":\"https:\\\/\\\/bale.ch\\\/journal\\\/#organization\",\"name\":\"Journal de B\u00e2le et Gen\u00e8ve\",\"url\":\"https:\\\/\\\/bale.ch\\\/journal\\\/\",\"logo\":{\"@type\":\"ImageObject\",\"inLanguage\":\"fr-FR\",\"@id\":\"https:\\\/\\\/bale.ch\\\/journal\\\/#\\\/schema\\\/logo\\\/image\\\/\",\"url\":\"https:\\\/\\\/bale.ch\\\/journal\\\/wp-content\\\/uploads\\\/2023\\\/07\\\/journaldebale_logo_2023_nb.png\",\"contentUrl\":\"https:\\\/\\\/bale.ch\\\/journal\\\/wp-content\\\/uploads\\\/2023\\\/07\\\/journaldebale_logo_2023_nb.png\",\"width\":371,\"height\":127,\"caption\":\"Journal de B\u00e2le et Gen\u00e8ve\"},\"image\":{\"@id\":\"https:\\\/\\\/bale.ch\\\/journal\\\/#\\\/schema\\\/logo\\\/image\\\/\"}},{\"@type\":\"Person\",\"@id\":\"https:\\\/\\\/bale.ch\\\/journal\\\/#\\\/schema\\\/person\\\/4e8c1b5fee6ea5aad452e1524d56d982\",\"name\":\"Christian Gallay\",\"image\":{\"@type\":\"ImageObject\",\"inLanguage\":\"fr-FR\",\"@id\":\"https:\\\/\\\/secure.gravatar.com\\\/avatar\\\/e318dea0d23d866a2763f718bc4f444c28322e397c2caeb5d47c8aef8a921633?s=96&d=mm&r=g\",\"url\":\"https:\\\/\\\/secure.gravatar.com\\\/avatar\\\/e318dea0d23d866a2763f718bc4f444c28322e397c2caeb5d47c8aef8a921633?s=96&d=mm&r=g\",\"contentUrl\":\"https:\\\/\\\/secure.gravatar.com\\\/avatar\\\/e318dea0d23d866a2763f718bc4f444c28322e397c2caeb5d47c8aef8a921633?s=96&d=mm&r=g\",\"caption\":\"Christian Gallay\"},\"url\":\"https:\\\/\\\/bale.ch\\\/journal\\\/author\\\/gallay\\\/\"}]}<\/script>\n<!-- \/ Yoast SEO plugin. -->","yoast_head_json":{"title":"Le peintre l\u00e9manique R\u00e9mi Gay nous a quitt\u00e9s - Journal de B\u00e2le et Gen\u00e8ve","robots":{"index":"index","follow":"follow","max-snippet":"max-snippet:-1","max-image-preview":"max-image-preview:large","max-video-preview":"max-video-preview:-1"},"canonical":"https:\/\/bale.ch\/journal\/peintre-lemanique-remi-gay-deces\/","og_locale":"fr_FR","og_type":"article","og_title":"Le peintre l\u00e9manique R\u00e9mi Gay nous a quitt\u00e9s - Journal de B\u00e2le et Gen\u00e8ve","og_description":"R\u00e9mi Gay, peintre abstrait lyrique l\u00e9manique, est n\u00e9 en 1941 et d\u00e9c\u00e9d\u00e9 en novembre 2015 dans le Grand Gen\u00e8ve. Le journaliste Christian Gallay lui rend hommage.","og_url":"https:\/\/bale.ch\/journal\/peintre-lemanique-remi-gay-deces\/","og_site_name":"Journal de B\u00e2le et Gen\u00e8ve","article_published_time":"2016-01-19T16:31:08+00:00","article_modified_time":"2024-05-30T15:56:21+00:00","og_image":[{"width":887,"height":498,"url":"https:\/\/bale.ch\/journal\/wp-content\/uploads\/2016\/01\/remi_gay_amphion_cite_eau_2007.png","type":"image\/png"}],"author":"Christian Gallay","twitter_card":"summary_large_image","twitter_misc":{"\u00c9crit par":"Christian Gallay","Dur\u00e9e de lecture estim\u00e9e":"3 minutes"},"schema":{"@context":"https:\/\/schema.org","@graph":[{"@type":"Article","@id":"https:\/\/bale.ch\/journal\/peintre-lemanique-remi-gay-deces\/#article","isPartOf":{"@id":"https:\/\/bale.ch\/journal\/peintre-lemanique-remi-gay-deces\/"},"author":{"name":"Christian Gallay","@id":"https:\/\/bale.ch\/journal\/#\/schema\/person\/4e8c1b5fee6ea5aad452e1524d56d982"},"headline":"Le peintre l\u00e9manique R\u00e9mi Gay nous a quitt\u00e9s","datePublished":"2016-01-19T16:31:08+00:00","dateModified":"2024-05-30T15:56:21+00:00","mainEntityOfPage":{"@id":"https:\/\/bale.ch\/journal\/peintre-lemanique-remi-gay-deces\/"},"wordCount":648,"publisher":{"@id":"https:\/\/bale.ch\/journal\/#organization"},"image":{"@id":"https:\/\/bale.ch\/journal\/peintre-lemanique-remi-gay-deces\/#primaryimage"},"thumbnailUrl":"https:\/\/bale.ch\/journal\/wp-content\/uploads\/2016\/01\/remi_gay_amphion_cite_eau_2007.png","articleSection":["Art","Culture","Grand Gen\u00e8ve"],"inLanguage":"fr-FR"},{"@type":"WebPage","@id":"https:\/\/bale.ch\/journal\/peintre-lemanique-remi-gay-deces\/","url":"https:\/\/bale.ch\/journal\/peintre-lemanique-remi-gay-deces\/","name":"Le peintre l\u00e9manique R\u00e9mi Gay nous a quitt\u00e9s - Journal de B\u00e2le et Gen\u00e8ve","isPartOf":{"@id":"https:\/\/bale.ch\/journal\/#website"},"primaryImageOfPage":{"@id":"https:\/\/bale.ch\/journal\/peintre-lemanique-remi-gay-deces\/#primaryimage"},"image":{"@id":"https:\/\/bale.ch\/journal\/peintre-lemanique-remi-gay-deces\/#primaryimage"},"thumbnailUrl":"https:\/\/bale.ch\/journal\/wp-content\/uploads\/2016\/01\/remi_gay_amphion_cite_eau_2007.png","datePublished":"2016-01-19T16:31:08+00:00","dateModified":"2024-05-30T15:56:21+00:00","breadcrumb":{"@id":"https:\/\/bale.ch\/journal\/peintre-lemanique-remi-gay-deces\/#breadcrumb"},"inLanguage":"fr-FR","potentialAction":[{"@type":"ReadAction","target":["https:\/\/bale.ch\/journal\/peintre-lemanique-remi-gay-deces\/"]}]},{"@type":"ImageObject","inLanguage":"fr-FR","@id":"https:\/\/bale.ch\/journal\/peintre-lemanique-remi-gay-deces\/#primaryimage","url":"https:\/\/bale.ch\/journal\/wp-content\/uploads\/2016\/01\/remi_gay_amphion_cite_eau_2007.png","contentUrl":"https:\/\/bale.ch\/journal\/wp-content\/uploads\/2016\/01\/remi_gay_amphion_cite_eau_2007.png","width":887,"height":498,"caption":"R\u00e9mi Gay (deuxi\u00e8me \u00e0 gauche). Exposition \u00e0 la Cit\u00e9 de l'Eau, Amphion-les-Bains."},{"@type":"BreadcrumbList","@id":"https:\/\/bale.ch\/journal\/peintre-lemanique-remi-gay-deces\/#breadcrumb","itemListElement":[{"@type":"ListItem","position":1,"name":"Accueil","item":"https:\/\/bale.ch\/journal\/"},{"@type":"ListItem","position":2,"name":"Le peintre l\u00e9manique R\u00e9mi Gay nous a quitt\u00e9s"}]},{"@type":"WebSite","@id":"https:\/\/bale.ch\/journal\/#website","url":"https:\/\/bale.ch\/journal\/","name":"Journal de B\u00e2le et Gen\u00e8ve","description":"M\u00e9dia transfrontalier d&#039;actualit\u00e9s - News","publisher":{"@id":"https:\/\/bale.ch\/journal\/#organization"},"potentialAction":[{"@type":"SearchAction","target":{"@type":"EntryPoint","urlTemplate":"https:\/\/bale.ch\/journal\/?s={search_term_string}"},"query-input":{"@type":"PropertyValueSpecification","valueRequired":true,"valueName":"search_term_string"}}],"inLanguage":"fr-FR"},{"@type":"Organization","@id":"https:\/\/bale.ch\/journal\/#organization","name":"Journal de B\u00e2le et Gen\u00e8ve","url":"https:\/\/bale.ch\/journal\/","logo":{"@type":"ImageObject","inLanguage":"fr-FR","@id":"https:\/\/bale.ch\/journal\/#\/schema\/logo\/image\/","url":"https:\/\/bale.ch\/journal\/wp-content\/uploads\/2023\/07\/journaldebale_logo_2023_nb.png","contentUrl":"https:\/\/bale.ch\/journal\/wp-content\/uploads\/2023\/07\/journaldebale_logo_2023_nb.png","width":371,"height":127,"caption":"Journal de B\u00e2le et Gen\u00e8ve"},"image":{"@id":"https:\/\/bale.ch\/journal\/#\/schema\/logo\/image\/"}},{"@type":"Person","@id":"https:\/\/bale.ch\/journal\/#\/schema\/person\/4e8c1b5fee6ea5aad452e1524d56d982","name":"Christian Gallay","image":{"@type":"ImageObject","inLanguage":"fr-FR","@id":"https:\/\/secure.gravatar.com\/avatar\/e318dea0d23d866a2763f718bc4f444c28322e397c2caeb5d47c8aef8a921633?s=96&d=mm&r=g","url":"https:\/\/secure.gravatar.com\/avatar\/e318dea0d23d866a2763f718bc4f444c28322e397c2caeb5d47c8aef8a921633?s=96&d=mm&r=g","contentUrl":"https:\/\/secure.gravatar.com\/avatar\/e318dea0d23d866a2763f718bc4f444c28322e397c2caeb5d47c8aef8a921633?s=96&d=mm&r=g","caption":"Christian Gallay"},"url":"https:\/\/bale.ch\/journal\/author\/gallay\/"}]}},"_links":{"self":[{"href":"https:\/\/bale.ch\/journal\/wp-json\/wp\/v2\/posts\/326","targetHints":{"allow":["GET"]}}],"collection":[{"href":"https:\/\/bale.ch\/journal\/wp-json\/wp\/v2\/posts"}],"about":[{"href":"https:\/\/bale.ch\/journal\/wp-json\/wp\/v2\/types\/post"}],"author":[{"embeddable":true,"href":"https:\/\/bale.ch\/journal\/wp-json\/wp\/v2\/users\/37"}],"replies":[{"embeddable":true,"href":"https:\/\/bale.ch\/journal\/wp-json\/wp\/v2\/comments?post=326"}],"version-history":[{"count":32,"href":"https:\/\/bale.ch\/journal\/wp-json\/wp\/v2\/posts\/326\/revisions"}],"predecessor-version":[{"id":3487,"href":"https:\/\/bale.ch\/journal\/wp-json\/wp\/v2\/posts\/326\/revisions\/3487"}],"wp:featuredmedia":[{"embeddable":true,"href":"https:\/\/bale.ch\/journal\/wp-json\/wp\/v2\/media\/364"}],"wp:attachment":[{"href":"https:\/\/bale.ch\/journal\/wp-json\/wp\/v2\/media?parent=326"}],"wp:term":[{"taxonomy":"category","embeddable":true,"href":"https:\/\/bale.ch\/journal\/wp-json\/wp\/v2\/categories?post=326"},{"taxonomy":"post_tag","embeddable":true,"href":"https:\/\/bale.ch\/journal\/wp-json\/wp\/v2\/tags?post=326"}],"curies":[{"name":"wp","href":"https:\/\/api.w.org\/{rel}","templated":true}]}}