{"id":3281,"date":"2023-08-07T11:53:50","date_gmt":"2023-08-07T11:53:50","guid":{"rendered":"https:\/\/bale.ch\/journal\/?p=3281"},"modified":"2023-08-07T11:54:22","modified_gmt":"2023-08-07T11:54:22","slug":"le-floss-festival-un-luxueux-evenement-gratuit-sur-le-rhin-balois","status":"publish","type":"post","link":"https:\/\/bale.ch\/journal\/le-floss-festival-un-luxueux-evenement-gratuit-sur-le-rhin-balois\/","title":{"rendered":"Le Floss festival, un \u00ab\u00a0luxueux\u00a0\u00bb \u00e9v\u00e9nement gratuit sur  le Rhin b\u00e2lois"},"content":{"rendered":"\n<p class=\"wp-block-paragraph\"><strong>Cet \u00e9v\u00e9nement estival gratuit, qui est consid\u00e9r\u00e9 comme le port d&rsquo;attache de tous ceux qui n&rsquo;ont pas pu partir en vacances<\/strong>, <strong>rythmera la cit\u00e9 rh\u00e9nane dans une ambiance m\u00e9diterran\u00e9enne du 8 au 26 ao\u00fbt.<\/strong> <\/p>\n\n\n\n<p class=\"wp-block-paragraph\">Jusqu\u2019\u00e0 50 000 spectateurs sont attendus aux concerts donn\u00e9s depuis une sc\u00e8ne flottante, le \u00ab\u00a0radeau musical\u00a0\u00bb recouvert d\u2019une toile au milieu du Rhin par des groupes connus et des \u00e9toiles montantes venus de Suisse et de l\u2019\u00e9tranger, \u00e0 l&rsquo;image de Zian, Stefanie Heinzmann et Marius Bear. <\/p>\n\n\n\n<p class=\"wp-block-paragraph\">Prenez place sur les marches situ\u00e9es sur les rives du Rhin, \u00e0 proximit\u00e9 du Mittlere Br\u00fccke dans le quartier de Kleinbasel et laissez-vous enchanter par la musique et l\u2019atmosph\u00e8re particuli\u00e8re. <\/p><div id=\"crieu-2348693788\" class=\"crieu-content crieu-entity-placement\"><script async src=\"\/\/pagead2.googlesyndication.com\/pagead\/js\/adsbygoogle.js?client=ca-pub-5271584769416742\" crossorigin=\"anonymous\"><\/script><ins class=\"adsbygoogle\" style=\"display:block;\" data-ad-client=\"ca-pub-5271584769416742\" \ndata-ad-slot=\"9321250718\" \ndata-ad-format=\"auto\"><\/ins>\n<script> \n(adsbygoogle = window.adsbygoogle || []).push({}); \n<\/script>\n<\/div>\n\n\n\n<figure class=\"wp-block-image size-large\"><a href=\"https:\/\/bale.ch\/journal\/wp-content\/uploads\/2023\/08\/IMFLUSS-Festival_2048x1365px_06-\u252c\u00ae-Samuel-Bramley.jpg\"><img loading=\"lazy\" decoding=\"async\" width=\"1024\" height=\"683\" src=\"https:\/\/bale.ch\/journal\/wp-content\/uploads\/2023\/08\/IMFLUSS-Festival_2048x1365px_06-\u252c\u00ae-Samuel-Bramley-1024x683.jpg\" alt=\"\" class=\"wp-image-3287\" srcset=\"https:\/\/bale.ch\/journal\/wp-content\/uploads\/2023\/08\/IMFLUSS-Festival_2048x1365px_06-\u252c\u00ae-Samuel-Bramley-1024x683.jpg 1024w, https:\/\/bale.ch\/journal\/wp-content\/uploads\/2023\/08\/IMFLUSS-Festival_2048x1365px_06-\u252c\u00ae-Samuel-Bramley-300x200.jpg 300w, https:\/\/bale.ch\/journal\/wp-content\/uploads\/2023\/08\/IMFLUSS-Festival_2048x1365px_06-\u252c\u00ae-Samuel-Bramley-768x512.jpg 768w, https:\/\/bale.ch\/journal\/wp-content\/uploads\/2023\/08\/IMFLUSS-Festival_2048x1365px_06-\u252c\u00ae-Samuel-Bramley-1536x1024.jpg 1536w, https:\/\/bale.ch\/journal\/wp-content\/uploads\/2023\/08\/IMFLUSS-Festival_2048x1365px_06-\u252c\u00ae-Samuel-Bramley-900x600.jpg 900w, https:\/\/bale.ch\/journal\/wp-content\/uploads\/2023\/08\/IMFLUSS-Festival_2048x1365px_06-\u252c\u00ae-Samuel-Bramley.jpg 2048w\" sizes=\"auto, (max-width: 1024px) 100vw, 1024px\" \/><\/a><figcaption class=\"wp-element-caption\">DR<\/figcaption><\/figure>\n\n\n\n<p class=\"wp-block-paragraph\">Les concerts commencent tous \u00e0 21h cette saison. Le programme: <\/p>\n\n\n\n<p class=\"wp-block-paragraph\">08 Ao\u00fbt: Zian <br>09 Ao\u00fbt: live\/wire <br>10 Ao\u00fbt: Sina <br>11 Ao\u00fbt: Nubya <br>12 Ao\u00fbt: The Rumjacks <br>14 Ao\u00fbt: Les Touristes <br>15 Ao\u00fbt: Krissy Matthews Band <br>16 Ao\u00fbt: Ja\u00ebl <br>17 Ao\u00fbt: Wellbad <br>18 Ao\u00fbt: Rolf Stahlhofen <br>19 Ao\u00fbt: Baba Sissoko &amp; Mediterranean Blues <br>21 Ao\u00fbt: Heidi Happy <br>22 Ao\u00fbt: Birdmann J\u00e4ggi <br>23 Ao\u00fbt: Marius Bear <br>24 Ao\u00fbt: Matt Bianco <br>25 Ao\u00fbt: Baba Shrimps <br>26 Ao\u00fbt: Stefanie Heinzmann <\/p>\n\n\n\n<p class=\"wp-block-paragraph\">Plus d&rsquo;infos sur <strong>floss.ch<\/strong><\/p>\n<div id=\"crieu-2698484037\" class=\"crieu-apres-le-contenu crieu-entity-placement\" style=\"margin-left: auto;margin-right: auto;text-align: center;\"><script async src=\"\/\/pagead2.googlesyndication.com\/pagead\/js\/adsbygoogle.js?client=ca-pub-5271584769416742\" crossorigin=\"anonymous\"><\/script><ins class=\"adsbygoogle\" style=\"display:block;\" data-ad-client=\"ca-pub-5271584769416742\" \ndata-ad-slot=\"9321250718\" \ndata-ad-format=\"auto\"><\/ins>\n<script> \n(adsbygoogle = window.adsbygoogle || []).push({}); \n<\/script>\n<\/div>","protected":false},"excerpt":{"rendered":"<p>Cet \u00e9v\u00e9nement estival gratuit, qui est consid\u00e9r\u00e9 comme le port d&rsquo;attache de tous ceux qui n&rsquo;ont pas pu partir en vacances, rythmera la cit\u00e9 rh\u00e9nane dans une ambiance m\u00e9diterran\u00e9enne du <a href=\"https:\/\/bale.ch\/journal\/le-floss-festival-un-luxueux-evenement-gratuit-sur-le-rhin-balois\/\" class=\"read-more button-fancy -red\"><span class=\"btn-arrow\"><\/span><span class=\"twp-read-more text\">Continuer la lecture<\/span><\/a><\/p>\n","protected":false},"author":43,"featured_media":3282,"comment_status":"closed","ping_status":"closed","sticky":false,"template":"","format":"standard","meta":{"footnotes":""},"categories":[103,7,18],"tags":[60,93,136],"class_list":["post-3281","post","type-post","status-publish","format-standard","has-post-thumbnail","hentry","category-actu","category-bale","category-sortir","tag-bale","tag-festival","tag-musique"],"yoast_head":"<!-- This site is optimized with the Yoast SEO plugin v28.3 - https:\/\/yoast.com\/product\/yoast-seo-wordpress\/ -->\n<title>Le Floss festival, un &quot;luxueux&quot; \u00e9v\u00e9nement gratuit sur le Rhin b\u00e2lois - Journal de B\u00e2le et Gen\u00e8ve<\/title>\n<meta name=\"robots\" content=\"index, follow, max-snippet:-1, max-image-preview:large, max-video-preview:-1\" \/>\n<link rel=\"canonical\" href=\"https:\/\/bale.ch\/journal\/le-floss-festival-un-luxueux-evenement-gratuit-sur-le-rhin-balois\/\" \/>\n<meta property=\"og:locale\" content=\"fr_FR\" \/>\n<meta property=\"og:type\" content=\"article\" \/>\n<meta property=\"og:title\" content=\"Le Floss festival, un &quot;luxueux&quot; \u00e9v\u00e9nement gratuit sur le Rhin b\u00e2lois - Journal de B\u00e2le et Gen\u00e8ve\" \/>\n<meta property=\"og:description\" content=\"Cet \u00e9v\u00e9nement estival gratuit, qui est consid\u00e9r\u00e9 comme le port d&rsquo;attache de tous ceux qui n&rsquo;ont pas pu partir en vacances, rythmera la cit\u00e9 rh\u00e9nane dans une ambiance m\u00e9diterran\u00e9enne du Continuer la lecture\" \/>\n<meta property=\"og:url\" content=\"https:\/\/bale.ch\/journal\/le-floss-festival-un-luxueux-evenement-gratuit-sur-le-rhin-balois\/\" \/>\n<meta property=\"og:site_name\" content=\"Journal de B\u00e2le et Gen\u00e8ve\" \/>\n<meta property=\"article:published_time\" content=\"2023-08-07T11:53:50+00:00\" \/>\n<meta property=\"article:modified_time\" content=\"2023-08-07T11:54:22+00:00\" \/>\n<meta property=\"og:image\" content=\"https:\/\/bale.ch\/journal\/wp-content\/uploads\/2023\/08\/fluss_festival_basel_2023.jpg\" \/>\n\t<meta property=\"og:image:width\" content=\"900\" \/>\n\t<meta property=\"og:image:height\" content=\"484\" \/>\n\t<meta property=\"og:image:type\" content=\"image\/jpeg\" \/>\n<meta name=\"author\" content=\"Elodie Silva\" \/>\n<meta name=\"twitter:card\" content=\"summary_large_image\" \/>\n<meta name=\"twitter:label1\" content=\"\u00c9crit par\" \/>\n\t<meta name=\"twitter:data1\" content=\"Elodie Silva\" \/>\n\t<meta name=\"twitter:label2\" content=\"Dur\u00e9e de lecture estim\u00e9e\" \/>\n\t<meta name=\"twitter:data2\" content=\"1 minute\" \/>\n<script type=\"application\/ld+json\" class=\"yoast-schema-graph\">{\"@context\":\"https:\\\/\\\/schema.org\",\"@graph\":[{\"@type\":\"Article\",\"@id\":\"https:\\\/\\\/bale.ch\\\/journal\\\/le-floss-festival-un-luxueux-evenement-gratuit-sur-le-rhin-balois\\\/#article\",\"isPartOf\":{\"@id\":\"https:\\\/\\\/bale.ch\\\/journal\\\/le-floss-festival-un-luxueux-evenement-gratuit-sur-le-rhin-balois\\\/\"},\"author\":{\"name\":\"Elodie Silva\",\"@id\":\"https:\\\/\\\/bale.ch\\\/journal\\\/#\\\/schema\\\/person\\\/e3e5eeffae523f19b12d7057ced45a2b\"},\"headline\":\"Le Floss festival, un \u00ab\u00a0luxueux\u00a0\u00bb \u00e9v\u00e9nement gratuit sur le Rhin b\u00e2lois\",\"datePublished\":\"2023-08-07T11:53:50+00:00\",\"dateModified\":\"2023-08-07T11:54:22+00:00\",\"mainEntityOfPage\":{\"@id\":\"https:\\\/\\\/bale.ch\\\/journal\\\/le-floss-festival-un-luxueux-evenement-gratuit-sur-le-rhin-balois\\\/\"},\"wordCount\":220,\"publisher\":{\"@id\":\"https:\\\/\\\/bale.ch\\\/journal\\\/#organization\"},\"image\":{\"@id\":\"https:\\\/\\\/bale.ch\\\/journal\\\/le-floss-festival-un-luxueux-evenement-gratuit-sur-le-rhin-balois\\\/#primaryimage\"},\"thumbnailUrl\":\"https:\\\/\\\/bale.ch\\\/journal\\\/wp-content\\\/uploads\\\/2023\\\/08\\\/fluss_festival_basel_2023.jpg\",\"keywords\":[\"B\u00e2le\",\"festival\",\"Musique\"],\"articleSection\":[\"Actualit\u00e9s\",\"B\u00e2le Trinationale\",\"Sortir\"],\"inLanguage\":\"fr-FR\"},{\"@type\":\"WebPage\",\"@id\":\"https:\\\/\\\/bale.ch\\\/journal\\\/le-floss-festival-un-luxueux-evenement-gratuit-sur-le-rhin-balois\\\/\",\"url\":\"https:\\\/\\\/bale.ch\\\/journal\\\/le-floss-festival-un-luxueux-evenement-gratuit-sur-le-rhin-balois\\\/\",\"name\":\"Le Floss festival, un \\\"luxueux\\\" \u00e9v\u00e9nement gratuit sur le Rhin b\u00e2lois - Journal de B\u00e2le et Gen\u00e8ve\",\"isPartOf\":{\"@id\":\"https:\\\/\\\/bale.ch\\\/journal\\\/#website\"},\"primaryImageOfPage\":{\"@id\":\"https:\\\/\\\/bale.ch\\\/journal\\\/le-floss-festival-un-luxueux-evenement-gratuit-sur-le-rhin-balois\\\/#primaryimage\"},\"image\":{\"@id\":\"https:\\\/\\\/bale.ch\\\/journal\\\/le-floss-festival-un-luxueux-evenement-gratuit-sur-le-rhin-balois\\\/#primaryimage\"},\"thumbnailUrl\":\"https:\\\/\\\/bale.ch\\\/journal\\\/wp-content\\\/uploads\\\/2023\\\/08\\\/fluss_festival_basel_2023.jpg\",\"datePublished\":\"2023-08-07T11:53:50+00:00\",\"dateModified\":\"2023-08-07T11:54:22+00:00\",\"breadcrumb\":{\"@id\":\"https:\\\/\\\/bale.ch\\\/journal\\\/le-floss-festival-un-luxueux-evenement-gratuit-sur-le-rhin-balois\\\/#breadcrumb\"},\"inLanguage\":\"fr-FR\",\"potentialAction\":[{\"@type\":\"ReadAction\",\"target\":[\"https:\\\/\\\/bale.ch\\\/journal\\\/le-floss-festival-un-luxueux-evenement-gratuit-sur-le-rhin-balois\\\/\"]}]},{\"@type\":\"ImageObject\",\"inLanguage\":\"fr-FR\",\"@id\":\"https:\\\/\\\/bale.ch\\\/journal\\\/le-floss-festival-un-luxueux-evenement-gratuit-sur-le-rhin-balois\\\/#primaryimage\",\"url\":\"https:\\\/\\\/bale.ch\\\/journal\\\/wp-content\\\/uploads\\\/2023\\\/08\\\/fluss_festival_basel_2023.jpg\",\"contentUrl\":\"https:\\\/\\\/bale.ch\\\/journal\\\/wp-content\\\/uploads\\\/2023\\\/08\\\/fluss_festival_basel_2023.jpg\",\"width\":900,\"height\":484},{\"@type\":\"BreadcrumbList\",\"@id\":\"https:\\\/\\\/bale.ch\\\/journal\\\/le-floss-festival-un-luxueux-evenement-gratuit-sur-le-rhin-balois\\\/#breadcrumb\",\"itemListElement\":[{\"@type\":\"ListItem\",\"position\":1,\"name\":\"Accueil\",\"item\":\"https:\\\/\\\/bale.ch\\\/journal\\\/\"},{\"@type\":\"ListItem\",\"position\":2,\"name\":\"Le Floss festival, un \u00ab\u00a0luxueux\u00a0\u00bb \u00e9v\u00e9nement gratuit sur le Rhin b\u00e2lois\"}]},{\"@type\":\"WebSite\",\"@id\":\"https:\\\/\\\/bale.ch\\\/journal\\\/#website\",\"url\":\"https:\\\/\\\/bale.ch\\\/journal\\\/\",\"name\":\"Journal de B\u00e2le et Gen\u00e8ve\",\"description\":\"M\u00e9dia transfrontalier d&#039;actualit\u00e9s - News\",\"publisher\":{\"@id\":\"https:\\\/\\\/bale.ch\\\/journal\\\/#organization\"},\"potentialAction\":[{\"@type\":\"SearchAction\",\"target\":{\"@type\":\"EntryPoint\",\"urlTemplate\":\"https:\\\/\\\/bale.ch\\\/journal\\\/?s={search_term_string}\"},\"query-input\":{\"@type\":\"PropertyValueSpecification\",\"valueRequired\":true,\"valueName\":\"search_term_string\"}}],\"inLanguage\":\"fr-FR\"},{\"@type\":\"Organization\",\"@id\":\"https:\\\/\\\/bale.ch\\\/journal\\\/#organization\",\"name\":\"Journal de B\u00e2le et Gen\u00e8ve\",\"url\":\"https:\\\/\\\/bale.ch\\\/journal\\\/\",\"logo\":{\"@type\":\"ImageObject\",\"inLanguage\":\"fr-FR\",\"@id\":\"https:\\\/\\\/bale.ch\\\/journal\\\/#\\\/schema\\\/logo\\\/image\\\/\",\"url\":\"https:\\\/\\\/bale.ch\\\/journal\\\/wp-content\\\/uploads\\\/2023\\\/07\\\/journaldebale_logo_2023_nb.png\",\"contentUrl\":\"https:\\\/\\\/bale.ch\\\/journal\\\/wp-content\\\/uploads\\\/2023\\\/07\\\/journaldebale_logo_2023_nb.png\",\"width\":371,\"height\":127,\"caption\":\"Journal de B\u00e2le et Gen\u00e8ve\"},\"image\":{\"@id\":\"https:\\\/\\\/bale.ch\\\/journal\\\/#\\\/schema\\\/logo\\\/image\\\/\"}},{\"@type\":\"Person\",\"@id\":\"https:\\\/\\\/bale.ch\\\/journal\\\/#\\\/schema\\\/person\\\/e3e5eeffae523f19b12d7057ced45a2b\",\"name\":\"Elodie Silva\",\"image\":{\"@type\":\"ImageObject\",\"inLanguage\":\"fr-FR\",\"@id\":\"https:\\\/\\\/secure.gravatar.com\\\/avatar\\\/f76593021159ecd3226293e7c461386bfd009157e6c549bc9b418d0a2db47041?s=96&d=mm&r=g\",\"url\":\"https:\\\/\\\/secure.gravatar.com\\\/avatar\\\/f76593021159ecd3226293e7c461386bfd009157e6c549bc9b418d0a2db47041?s=96&d=mm&r=g\",\"contentUrl\":\"https:\\\/\\\/secure.gravatar.com\\\/avatar\\\/f76593021159ecd3226293e7c461386bfd009157e6c549bc9b418d0a2db47041?s=96&d=mm&r=g\",\"caption\":\"Elodie Silva\"},\"url\":\"https:\\\/\\\/bale.ch\\\/journal\\\/author\\\/elodiesilva\\\/\"}]}<\/script>\n<!-- \/ Yoast SEO plugin. -->","yoast_head_json":{"title":"Le Floss festival, un \"luxueux\" \u00e9v\u00e9nement gratuit sur le Rhin b\u00e2lois - Journal de B\u00e2le et Gen\u00e8ve","robots":{"index":"index","follow":"follow","max-snippet":"max-snippet:-1","max-image-preview":"max-image-preview:large","max-video-preview":"max-video-preview:-1"},"canonical":"https:\/\/bale.ch\/journal\/le-floss-festival-un-luxueux-evenement-gratuit-sur-le-rhin-balois\/","og_locale":"fr_FR","og_type":"article","og_title":"Le Floss festival, un \"luxueux\" \u00e9v\u00e9nement gratuit sur le Rhin b\u00e2lois - Journal de B\u00e2le et Gen\u00e8ve","og_description":"Cet \u00e9v\u00e9nement estival gratuit, qui est consid\u00e9r\u00e9 comme le port d&rsquo;attache de tous ceux qui n&rsquo;ont pas pu partir en vacances, rythmera la cit\u00e9 rh\u00e9nane dans une ambiance m\u00e9diterran\u00e9enne du Continuer la lecture","og_url":"https:\/\/bale.ch\/journal\/le-floss-festival-un-luxueux-evenement-gratuit-sur-le-rhin-balois\/","og_site_name":"Journal de B\u00e2le et Gen\u00e8ve","article_published_time":"2023-08-07T11:53:50+00:00","article_modified_time":"2023-08-07T11:54:22+00:00","og_image":[{"width":900,"height":484,"url":"https:\/\/bale.ch\/journal\/wp-content\/uploads\/2023\/08\/fluss_festival_basel_2023.jpg","type":"image\/jpeg"}],"author":"Elodie Silva","twitter_card":"summary_large_image","twitter_misc":{"\u00c9crit par":"Elodie Silva","Dur\u00e9e de lecture estim\u00e9e":"1 minute"},"schema":{"@context":"https:\/\/schema.org","@graph":[{"@type":"Article","@id":"https:\/\/bale.ch\/journal\/le-floss-festival-un-luxueux-evenement-gratuit-sur-le-rhin-balois\/#article","isPartOf":{"@id":"https:\/\/bale.ch\/journal\/le-floss-festival-un-luxueux-evenement-gratuit-sur-le-rhin-balois\/"},"author":{"name":"Elodie Silva","@id":"https:\/\/bale.ch\/journal\/#\/schema\/person\/e3e5eeffae523f19b12d7057ced45a2b"},"headline":"Le Floss festival, un \u00ab\u00a0luxueux\u00a0\u00bb \u00e9v\u00e9nement gratuit sur le Rhin b\u00e2lois","datePublished":"2023-08-07T11:53:50+00:00","dateModified":"2023-08-07T11:54:22+00:00","mainEntityOfPage":{"@id":"https:\/\/bale.ch\/journal\/le-floss-festival-un-luxueux-evenement-gratuit-sur-le-rhin-balois\/"},"wordCount":220,"publisher":{"@id":"https:\/\/bale.ch\/journal\/#organization"},"image":{"@id":"https:\/\/bale.ch\/journal\/le-floss-festival-un-luxueux-evenement-gratuit-sur-le-rhin-balois\/#primaryimage"},"thumbnailUrl":"https:\/\/bale.ch\/journal\/wp-content\/uploads\/2023\/08\/fluss_festival_basel_2023.jpg","keywords":["B\u00e2le","festival","Musique"],"articleSection":["Actualit\u00e9s","B\u00e2le Trinationale","Sortir"],"inLanguage":"fr-FR"},{"@type":"WebPage","@id":"https:\/\/bale.ch\/journal\/le-floss-festival-un-luxueux-evenement-gratuit-sur-le-rhin-balois\/","url":"https:\/\/bale.ch\/journal\/le-floss-festival-un-luxueux-evenement-gratuit-sur-le-rhin-balois\/","name":"Le Floss festival, un \"luxueux\" \u00e9v\u00e9nement gratuit sur le Rhin b\u00e2lois - Journal de B\u00e2le et Gen\u00e8ve","isPartOf":{"@id":"https:\/\/bale.ch\/journal\/#website"},"primaryImageOfPage":{"@id":"https:\/\/bale.ch\/journal\/le-floss-festival-un-luxueux-evenement-gratuit-sur-le-rhin-balois\/#primaryimage"},"image":{"@id":"https:\/\/bale.ch\/journal\/le-floss-festival-un-luxueux-evenement-gratuit-sur-le-rhin-balois\/#primaryimage"},"thumbnailUrl":"https:\/\/bale.ch\/journal\/wp-content\/uploads\/2023\/08\/fluss_festival_basel_2023.jpg","datePublished":"2023-08-07T11:53:50+00:00","dateModified":"2023-08-07T11:54:22+00:00","breadcrumb":{"@id":"https:\/\/bale.ch\/journal\/le-floss-festival-un-luxueux-evenement-gratuit-sur-le-rhin-balois\/#breadcrumb"},"inLanguage":"fr-FR","potentialAction":[{"@type":"ReadAction","target":["https:\/\/bale.ch\/journal\/le-floss-festival-un-luxueux-evenement-gratuit-sur-le-rhin-balois\/"]}]},{"@type":"ImageObject","inLanguage":"fr-FR","@id":"https:\/\/bale.ch\/journal\/le-floss-festival-un-luxueux-evenement-gratuit-sur-le-rhin-balois\/#primaryimage","url":"https:\/\/bale.ch\/journal\/wp-content\/uploads\/2023\/08\/fluss_festival_basel_2023.jpg","contentUrl":"https:\/\/bale.ch\/journal\/wp-content\/uploads\/2023\/08\/fluss_festival_basel_2023.jpg","width":900,"height":484},{"@type":"BreadcrumbList","@id":"https:\/\/bale.ch\/journal\/le-floss-festival-un-luxueux-evenement-gratuit-sur-le-rhin-balois\/#breadcrumb","itemListElement":[{"@type":"ListItem","position":1,"name":"Accueil","item":"https:\/\/bale.ch\/journal\/"},{"@type":"ListItem","position":2,"name":"Le Floss festival, un \u00ab\u00a0luxueux\u00a0\u00bb \u00e9v\u00e9nement gratuit sur le Rhin b\u00e2lois"}]},{"@type":"WebSite","@id":"https:\/\/bale.ch\/journal\/#website","url":"https:\/\/bale.ch\/journal\/","name":"Journal de B\u00e2le et Gen\u00e8ve","description":"M\u00e9dia transfrontalier d&#039;actualit\u00e9s - News","publisher":{"@id":"https:\/\/bale.ch\/journal\/#organization"},"potentialAction":[{"@type":"SearchAction","target":{"@type":"EntryPoint","urlTemplate":"https:\/\/bale.ch\/journal\/?s={search_term_string}"},"query-input":{"@type":"PropertyValueSpecification","valueRequired":true,"valueName":"search_term_string"}}],"inLanguage":"fr-FR"},{"@type":"Organization","@id":"https:\/\/bale.ch\/journal\/#organization","name":"Journal de B\u00e2le et Gen\u00e8ve","url":"https:\/\/bale.ch\/journal\/","logo":{"@type":"ImageObject","inLanguage":"fr-FR","@id":"https:\/\/bale.ch\/journal\/#\/schema\/logo\/image\/","url":"https:\/\/bale.ch\/journal\/wp-content\/uploads\/2023\/07\/journaldebale_logo_2023_nb.png","contentUrl":"https:\/\/bale.ch\/journal\/wp-content\/uploads\/2023\/07\/journaldebale_logo_2023_nb.png","width":371,"height":127,"caption":"Journal de B\u00e2le et Gen\u00e8ve"},"image":{"@id":"https:\/\/bale.ch\/journal\/#\/schema\/logo\/image\/"}},{"@type":"Person","@id":"https:\/\/bale.ch\/journal\/#\/schema\/person\/e3e5eeffae523f19b12d7057ced45a2b","name":"Elodie Silva","image":{"@type":"ImageObject","inLanguage":"fr-FR","@id":"https:\/\/secure.gravatar.com\/avatar\/f76593021159ecd3226293e7c461386bfd009157e6c549bc9b418d0a2db47041?s=96&d=mm&r=g","url":"https:\/\/secure.gravatar.com\/avatar\/f76593021159ecd3226293e7c461386bfd009157e6c549bc9b418d0a2db47041?s=96&d=mm&r=g","contentUrl":"https:\/\/secure.gravatar.com\/avatar\/f76593021159ecd3226293e7c461386bfd009157e6c549bc9b418d0a2db47041?s=96&d=mm&r=g","caption":"Elodie Silva"},"url":"https:\/\/bale.ch\/journal\/author\/elodiesilva\/"}]}},"_links":{"self":[{"href":"https:\/\/bale.ch\/journal\/wp-json\/wp\/v2\/posts\/3281","targetHints":{"allow":["GET"]}}],"collection":[{"href":"https:\/\/bale.ch\/journal\/wp-json\/wp\/v2\/posts"}],"about":[{"href":"https:\/\/bale.ch\/journal\/wp-json\/wp\/v2\/types\/post"}],"author":[{"embeddable":true,"href":"https:\/\/bale.ch\/journal\/wp-json\/wp\/v2\/users\/43"}],"replies":[{"embeddable":true,"href":"https:\/\/bale.ch\/journal\/wp-json\/wp\/v2\/comments?post=3281"}],"version-history":[{"count":5,"href":"https:\/\/bale.ch\/journal\/wp-json\/wp\/v2\/posts\/3281\/revisions"}],"predecessor-version":[{"id":3288,"href":"https:\/\/bale.ch\/journal\/wp-json\/wp\/v2\/posts\/3281\/revisions\/3288"}],"wp:featuredmedia":[{"embeddable":true,"href":"https:\/\/bale.ch\/journal\/wp-json\/wp\/v2\/media\/3282"}],"wp:attachment":[{"href":"https:\/\/bale.ch\/journal\/wp-json\/wp\/v2\/media?parent=3281"}],"wp:term":[{"taxonomy":"category","embeddable":true,"href":"https:\/\/bale.ch\/journal\/wp-json\/wp\/v2\/categories?post=3281"},{"taxonomy":"post_tag","embeddable":true,"href":"https:\/\/bale.ch\/journal\/wp-json\/wp\/v2\/tags?post=3281"}],"curies":[{"name":"wp","href":"https:\/\/api.w.org\/{rel}","templated":true}]}}