{"id":3302,"date":"2023-08-17T17:50:00","date_gmt":"2023-08-17T17:50:00","guid":{"rendered":"https:\/\/bale.ch\/journal\/?p=3302"},"modified":"2023-08-18T18:06:58","modified_gmt":"2023-08-18T18:06:58","slug":"grandes-chaleurs-la-ville-de-geneve-active-son-plan-canicule","status":"publish","type":"post","link":"https:\/\/bale.ch\/journal\/grandes-chaleurs-la-ville-de-geneve-active-son-plan-canicule\/","title":{"rendered":"Grandes chaleurs : la Ville de Gen\u00e8ve active son plan canicule"},"content":{"rendered":"\n<p class=\"wp-block-paragraph\"><strong>L\u2019alerte canicule lanc\u00e9e par les services du m\u00e9decin cantonal engendre le d\u00e9clenchement du Plan canicule de la Ville de Gen\u00e8ve. Les personnes qui se sont inscrites pour b\u00e9n\u00e9ficier d\u2019un suivi individuel du Service social durant les grandes chaleurs sont contact\u00e9es quotidiennement, y compris le week-end. Cette ann\u00e9e, les personnes \u00e2g\u00e9es de 75 ans et plus habitant en Ville ont acc\u00e8s gratuitement aux piscines municipales et \u00e0 des s\u00e9ances de cin\u00e9mas durant la p\u00e9riode de l\u2019alerte canicule. Des lieux frais et un soutien social sont \u00e9galement propos\u00e9s pour les aider \u00e0 passer cette p\u00e9riode. <\/strong><\/p>\n\n\n\n<p class=\"wp-block-paragraph\">D\u2019apr\u00e8s les pr\u00e9visions de M\u00e9t\u00e9o suisse, cet \u00e9pisode caniculaire va se prolonger dans le Grand Gen\u00e8ve jusqu\u2019en milieu de semaine prochaine. Comme le rappelle les services du m\u00e9decin cantonal, les temp\u00e9ratures \u00e9lev\u00e9es pr\u00e9sentent un danger pour le bien-\u00eatre et la sant\u00e9, notamment des a\u00een\u00e9.e.s. En p\u00e9riode de canicule, des pr\u00e9cautions doivent \u00eatre prises, et en priorit\u00e9 une bonne hydratation. <\/p>\n\n\n\n<p class=\"wp-block-paragraph\"><em>\u00ab\u00a0Le Plan canicule s\u2019int\u00e8gre dans la Politique de la longue vie d\u00e9velopp\u00e9e par la Ville de Gen\u00e8ve\u00a0\u00bb<\/em>, souligne la Conseill\u00e8re administrative Christina Kitsos. <em>\u00ab\u00a0Ces mesures de pr\u00e9vention permettent de diminuer les risques et de limiter les complications. Elles t\u00e9moignent clairement de la volont\u00e9 des autorit\u00e9s de mettre en \u0153uvre des actions concr\u00e8tes pour faire face au r\u00e9chauffement climatique dont les cons\u00e9quences se font particuli\u00e8rement sentir en milieu urbain, et pour les populations les plus fragiles comme les a\u00een\u00e9.e.s, les jeunes enfants, les femmes enceintes, les personnes porteuses de handicap et les personnes pr\u00e9caires\u00a0\u00bb.<\/em><\/p><div id=\"crieu-3221555631\" class=\"crieu-content crieu-entity-placement\"><script async src=\"\/\/pagead2.googlesyndication.com\/pagead\/js\/adsbygoogle.js?client=ca-pub-5271584769416742\" crossorigin=\"anonymous\"><\/script><ins class=\"adsbygoogle\" style=\"display:block;\" data-ad-client=\"ca-pub-5271584769416742\" \ndata-ad-slot=\"9321250718\" \ndata-ad-format=\"auto\"><\/ins>\n<script> \n(adsbygoogle = window.adsbygoogle || []).push({}); \n<\/script>\n<\/div>\n\n\n\n<p class=\"wp-block-paragraph\">Le soutien concret apport\u00e9 par les collaboratrices et collaborateurs du Service social se mat\u00e9rialise par un contact t\u00e9l\u00e9phonique quotidien, y compris le week end, aupr\u00e8s des personnes inscrites, afin de s\u2019assurer de leur \u00e9tat sant\u00e9 et de leur bien-\u00eatre. Il constitue de fait un outil efficace pour d\u00e9celer d\u2019\u00e9ventuelles situations d\u2019isolement. En cas de sympt\u00f4mes, le relais est pass\u00e9 aux services de sant\u00e9 comp\u00e9tents. Le Plan canicule de la Ville s\u2019appuie ainsi sur des collaborations avec le Canton, notamment imad, divers services municipaux et Pharma Gen\u00e8ve. <\/p>\n\n\n\n<h2 class=\"wp-block-heading\">Une s\u00e9ance de cin\u00e9ma au frais <\/h2>\n\n\n\n<p class=\"wp-block-paragraph\">Pour la premi\u00e8re fois cette ann\u00e9e, la Ville de Gen\u00e8ve propose de nouvelles prestations gratuites pour aider les seniors \u00e0 passer le cap de ces temp\u00e9ratures particuli\u00e8rement \u00e9lev\u00e9es. Les a\u00een\u00e9.e.s r\u00e9sidant sur le territoire municipal peuvent se rendre gratuitement le matin dans les piscines des Vernets et de Varemb\u00e9. Pr\u00e9cisons que la piscine des Vernets sera ferm\u00e9e la semaine prochaine pour son entretien annuel. L&rsquo;apr\u00e8s-midi, c&rsquo;est dans les cin\u00e9mas (Scala, Nord-Sud et City) qu&rsquo;ils pourront trouver un peu de fra\u00eecheur et assister gratuitement aux projections jusqu&rsquo;\u00e0 18h. Par ailleurs, le Mus\u00e9e d\u2019ethnographie de Gen\u00e8ve ouvre largement ses portes et offre, en plus d&rsquo;un lieu rafra\u00eechi, le soutien de professionnel.le.s.<\/p>\n\n\n\n<p class=\"wp-block-paragraph\">13\u2019870 personnes \u00e2g\u00e9es de plus de 75 ans, r\u00e9sidant sur le territoire municipal, ont re\u00e7u un courrier les invitant \u00e0 s\u2019inscrire pour b\u00e9n\u00e9ficier d\u2019un suivi du Service social durant les grandes chaleurs. Les inscriptions restent ouvertes au num\u00e9ro gratuit 0800 22 55 11, ainsi que via l\u2019adresse \u00e9lectronique plancanicule@ville-ge.ch. Signalons encore que des tourn\u00e9es sont pr\u00e9vues par les \u00e9quipes du Service social pour transmettre des messages de pr\u00e9vention, apporter des boissons ou venir en aide aux personnes qui vivent dans la rue.<\/p>\n<div id=\"crieu-2547240819\" class=\"crieu-apres-le-contenu crieu-entity-placement\" style=\"margin-left: auto;margin-right: auto;text-align: center;\"><script async src=\"\/\/pagead2.googlesyndication.com\/pagead\/js\/adsbygoogle.js?client=ca-pub-5271584769416742\" crossorigin=\"anonymous\"><\/script><ins class=\"adsbygoogle\" style=\"display:block;\" data-ad-client=\"ca-pub-5271584769416742\" \ndata-ad-slot=\"9321250718\" \ndata-ad-format=\"auto\"><\/ins>\n<script> \n(adsbygoogle = window.adsbygoogle || []).push({}); \n<\/script>\n<\/div>","protected":false},"excerpt":{"rendered":"<p>L\u2019alerte canicule lanc\u00e9e par les services du m\u00e9decin cantonal engendre le d\u00e9clenchement du Plan canicule de la Ville de Gen\u00e8ve. Les personnes qui se sont inscrites pour b\u00e9n\u00e9ficier d\u2019un suivi <a href=\"https:\/\/bale.ch\/journal\/grandes-chaleurs-la-ville-de-geneve-active-son-plan-canicule\/\" class=\"read-more button-fancy -red\"><span class=\"btn-arrow\"><\/span><span class=\"twp-read-more text\">Continuer la lecture<\/span><\/a><\/p>\n","protected":false},"author":2,"featured_media":3305,"comment_status":"closed","ping_status":"closed","sticky":false,"template":"","format":"standard","meta":{"footnotes":""},"categories":[103,4],"tags":[74],"class_list":["post-3302","post","type-post","status-publish","format-standard","has-post-thumbnail","hentry","category-actu","category-grand-geneve","tag-geneve"],"yoast_head":"<!-- This site is optimized with the Yoast SEO plugin v28.3 - https:\/\/yoast.com\/product\/yoast-seo-wordpress\/ -->\n<title>Grandes chaleurs : la Ville de Gen\u00e8ve active son plan canicule - Journal de B\u00e2le et Gen\u00e8ve<\/title>\n<meta name=\"robots\" content=\"index, follow, max-snippet:-1, max-image-preview:large, max-video-preview:-1\" \/>\n<link rel=\"canonical\" href=\"https:\/\/bale.ch\/journal\/grandes-chaleurs-la-ville-de-geneve-active-son-plan-canicule\/\" \/>\n<meta property=\"og:locale\" content=\"fr_FR\" \/>\n<meta property=\"og:type\" content=\"article\" \/>\n<meta property=\"og:title\" content=\"Grandes chaleurs : la Ville de Gen\u00e8ve active son plan canicule - Journal de B\u00e2le et Gen\u00e8ve\" \/>\n<meta property=\"og:description\" content=\"L\u2019alerte canicule lanc\u00e9e par les services du m\u00e9decin cantonal engendre le d\u00e9clenchement du Plan canicule de la Ville de Gen\u00e8ve. Les personnes qui se sont inscrites pour b\u00e9n\u00e9ficier d\u2019un suivi Continuer la lecture\" \/>\n<meta property=\"og:url\" content=\"https:\/\/bale.ch\/journal\/grandes-chaleurs-la-ville-de-geneve-active-son-plan-canicule\/\" \/>\n<meta property=\"og:site_name\" content=\"Journal de B\u00e2le et Gen\u00e8ve\" \/>\n<meta property=\"article:published_time\" content=\"2023-08-17T17:50:00+00:00\" \/>\n<meta property=\"article:modified_time\" content=\"2023-08-18T18:06:58+00:00\" \/>\n<meta property=\"og:image\" content=\"https:\/\/bale.ch\/journal\/wp-content\/uploads\/2023\/08\/geneve_jardin_botanique.jpg\" \/>\n\t<meta property=\"og:image:width\" content=\"900\" \/>\n\t<meta property=\"og:image:height\" content=\"484\" \/>\n\t<meta property=\"og:image:type\" content=\"image\/jpeg\" \/>\n<meta name=\"author\" content=\"La R\u00e9daction\" \/>\n<meta name=\"twitter:card\" content=\"summary_large_image\" \/>\n<meta name=\"twitter:label1\" content=\"\u00c9crit par\" \/>\n\t<meta name=\"twitter:data1\" content=\"La R\u00e9daction\" \/>\n\t<meta name=\"twitter:label2\" content=\"Dur\u00e9e de lecture estim\u00e9e\" \/>\n\t<meta name=\"twitter:data2\" content=\"3 minutes\" \/>\n<script type=\"application\/ld+json\" class=\"yoast-schema-graph\">{\"@context\":\"https:\\\/\\\/schema.org\",\"@graph\":[{\"@type\":\"Article\",\"@id\":\"https:\\\/\\\/bale.ch\\\/journal\\\/grandes-chaleurs-la-ville-de-geneve-active-son-plan-canicule\\\/#article\",\"isPartOf\":{\"@id\":\"https:\\\/\\\/bale.ch\\\/journal\\\/grandes-chaleurs-la-ville-de-geneve-active-son-plan-canicule\\\/\"},\"author\":{\"name\":\"La R\u00e9daction\",\"@id\":\"https:\\\/\\\/bale.ch\\\/journal\\\/#\\\/schema\\\/person\\\/03ced978db3b7a5274c5cef003f352f5\"},\"headline\":\"Grandes chaleurs : la Ville de Gen\u00e8ve active son plan canicule\",\"datePublished\":\"2023-08-17T17:50:00+00:00\",\"dateModified\":\"2023-08-18T18:06:58+00:00\",\"mainEntityOfPage\":{\"@id\":\"https:\\\/\\\/bale.ch\\\/journal\\\/grandes-chaleurs-la-ville-de-geneve-active-son-plan-canicule\\\/\"},\"wordCount\":634,\"publisher\":{\"@id\":\"https:\\\/\\\/bale.ch\\\/journal\\\/#organization\"},\"image\":{\"@id\":\"https:\\\/\\\/bale.ch\\\/journal\\\/grandes-chaleurs-la-ville-de-geneve-active-son-plan-canicule\\\/#primaryimage\"},\"thumbnailUrl\":\"https:\\\/\\\/bale.ch\\\/journal\\\/wp-content\\\/uploads\\\/2023\\\/08\\\/geneve_jardin_botanique.jpg\",\"keywords\":[\"Gen\u00e8ve\"],\"articleSection\":[\"Actualit\u00e9s\",\"Grand Gen\u00e8ve\"],\"inLanguage\":\"fr-FR\"},{\"@type\":\"WebPage\",\"@id\":\"https:\\\/\\\/bale.ch\\\/journal\\\/grandes-chaleurs-la-ville-de-geneve-active-son-plan-canicule\\\/\",\"url\":\"https:\\\/\\\/bale.ch\\\/journal\\\/grandes-chaleurs-la-ville-de-geneve-active-son-plan-canicule\\\/\",\"name\":\"Grandes chaleurs : la Ville de Gen\u00e8ve active son plan canicule - Journal de B\u00e2le et Gen\u00e8ve\",\"isPartOf\":{\"@id\":\"https:\\\/\\\/bale.ch\\\/journal\\\/#website\"},\"primaryImageOfPage\":{\"@id\":\"https:\\\/\\\/bale.ch\\\/journal\\\/grandes-chaleurs-la-ville-de-geneve-active-son-plan-canicule\\\/#primaryimage\"},\"image\":{\"@id\":\"https:\\\/\\\/bale.ch\\\/journal\\\/grandes-chaleurs-la-ville-de-geneve-active-son-plan-canicule\\\/#primaryimage\"},\"thumbnailUrl\":\"https:\\\/\\\/bale.ch\\\/journal\\\/wp-content\\\/uploads\\\/2023\\\/08\\\/geneve_jardin_botanique.jpg\",\"datePublished\":\"2023-08-17T17:50:00+00:00\",\"dateModified\":\"2023-08-18T18:06:58+00:00\",\"breadcrumb\":{\"@id\":\"https:\\\/\\\/bale.ch\\\/journal\\\/grandes-chaleurs-la-ville-de-geneve-active-son-plan-canicule\\\/#breadcrumb\"},\"inLanguage\":\"fr-FR\",\"potentialAction\":[{\"@type\":\"ReadAction\",\"target\":[\"https:\\\/\\\/bale.ch\\\/journal\\\/grandes-chaleurs-la-ville-de-geneve-active-son-plan-canicule\\\/\"]}]},{\"@type\":\"ImageObject\",\"inLanguage\":\"fr-FR\",\"@id\":\"https:\\\/\\\/bale.ch\\\/journal\\\/grandes-chaleurs-la-ville-de-geneve-active-son-plan-canicule\\\/#primaryimage\",\"url\":\"https:\\\/\\\/bale.ch\\\/journal\\\/wp-content\\\/uploads\\\/2023\\\/08\\\/geneve_jardin_botanique.jpg\",\"contentUrl\":\"https:\\\/\\\/bale.ch\\\/journal\\\/wp-content\\\/uploads\\\/2023\\\/08\\\/geneve_jardin_botanique.jpg\",\"width\":900,\"height\":484},{\"@type\":\"BreadcrumbList\",\"@id\":\"https:\\\/\\\/bale.ch\\\/journal\\\/grandes-chaleurs-la-ville-de-geneve-active-son-plan-canicule\\\/#breadcrumb\",\"itemListElement\":[{\"@type\":\"ListItem\",\"position\":1,\"name\":\"Accueil\",\"item\":\"https:\\\/\\\/bale.ch\\\/journal\\\/\"},{\"@type\":\"ListItem\",\"position\":2,\"name\":\"Grandes chaleurs : la Ville de Gen\u00e8ve active son plan canicule\"}]},{\"@type\":\"WebSite\",\"@id\":\"https:\\\/\\\/bale.ch\\\/journal\\\/#website\",\"url\":\"https:\\\/\\\/bale.ch\\\/journal\\\/\",\"name\":\"Journal de B\u00e2le et Gen\u00e8ve\",\"description\":\"M\u00e9dia transfrontalier d&#039;actualit\u00e9s - News\",\"publisher\":{\"@id\":\"https:\\\/\\\/bale.ch\\\/journal\\\/#organization\"},\"potentialAction\":[{\"@type\":\"SearchAction\",\"target\":{\"@type\":\"EntryPoint\",\"urlTemplate\":\"https:\\\/\\\/bale.ch\\\/journal\\\/?s={search_term_string}\"},\"query-input\":{\"@type\":\"PropertyValueSpecification\",\"valueRequired\":true,\"valueName\":\"search_term_string\"}}],\"inLanguage\":\"fr-FR\"},{\"@type\":\"Organization\",\"@id\":\"https:\\\/\\\/bale.ch\\\/journal\\\/#organization\",\"name\":\"Journal de B\u00e2le et Gen\u00e8ve\",\"url\":\"https:\\\/\\\/bale.ch\\\/journal\\\/\",\"logo\":{\"@type\":\"ImageObject\",\"inLanguage\":\"fr-FR\",\"@id\":\"https:\\\/\\\/bale.ch\\\/journal\\\/#\\\/schema\\\/logo\\\/image\\\/\",\"url\":\"https:\\\/\\\/bale.ch\\\/journal\\\/wp-content\\\/uploads\\\/2023\\\/07\\\/journaldebale_logo_2023_nb.png\",\"contentUrl\":\"https:\\\/\\\/bale.ch\\\/journal\\\/wp-content\\\/uploads\\\/2023\\\/07\\\/journaldebale_logo_2023_nb.png\",\"width\":371,\"height\":127,\"caption\":\"Journal de B\u00e2le et Gen\u00e8ve\"},\"image\":{\"@id\":\"https:\\\/\\\/bale.ch\\\/journal\\\/#\\\/schema\\\/logo\\\/image\\\/\"}},{\"@type\":\"Person\",\"@id\":\"https:\\\/\\\/bale.ch\\\/journal\\\/#\\\/schema\\\/person\\\/03ced978db3b7a5274c5cef003f352f5\",\"name\":\"La R\u00e9daction\",\"image\":{\"@type\":\"ImageObject\",\"inLanguage\":\"fr-FR\",\"@id\":\"https:\\\/\\\/secure.gravatar.com\\\/avatar\\\/d1327e2ce8d2b860112f968a3f34686c9bdda7a463a1502cdd1070ac9d88cf1e?s=96&d=mm&r=g\",\"url\":\"https:\\\/\\\/secure.gravatar.com\\\/avatar\\\/d1327e2ce8d2b860112f968a3f34686c9bdda7a463a1502cdd1070ac9d88cf1e?s=96&d=mm&r=g\",\"contentUrl\":\"https:\\\/\\\/secure.gravatar.com\\\/avatar\\\/d1327e2ce8d2b860112f968a3f34686c9bdda7a463a1502cdd1070ac9d88cf1e?s=96&d=mm&r=g\",\"caption\":\"La R\u00e9daction\"},\"url\":\"https:\\\/\\\/bale.ch\\\/journal\\\/author\\\/laredaction\\\/\"}]}<\/script>\n<!-- \/ Yoast SEO plugin. -->","yoast_head_json":{"title":"Grandes chaleurs : la Ville de Gen\u00e8ve active son plan canicule - Journal de B\u00e2le et Gen\u00e8ve","robots":{"index":"index","follow":"follow","max-snippet":"max-snippet:-1","max-image-preview":"max-image-preview:large","max-video-preview":"max-video-preview:-1"},"canonical":"https:\/\/bale.ch\/journal\/grandes-chaleurs-la-ville-de-geneve-active-son-plan-canicule\/","og_locale":"fr_FR","og_type":"article","og_title":"Grandes chaleurs : la Ville de Gen\u00e8ve active son plan canicule - Journal de B\u00e2le et Gen\u00e8ve","og_description":"L\u2019alerte canicule lanc\u00e9e par les services du m\u00e9decin cantonal engendre le d\u00e9clenchement du Plan canicule de la Ville de Gen\u00e8ve. Les personnes qui se sont inscrites pour b\u00e9n\u00e9ficier d\u2019un suivi Continuer la lecture","og_url":"https:\/\/bale.ch\/journal\/grandes-chaleurs-la-ville-de-geneve-active-son-plan-canicule\/","og_site_name":"Journal de B\u00e2le et Gen\u00e8ve","article_published_time":"2023-08-17T17:50:00+00:00","article_modified_time":"2023-08-18T18:06:58+00:00","og_image":[{"width":900,"height":484,"url":"https:\/\/bale.ch\/journal\/wp-content\/uploads\/2023\/08\/geneve_jardin_botanique.jpg","type":"image\/jpeg"}],"author":"La R\u00e9daction","twitter_card":"summary_large_image","twitter_misc":{"\u00c9crit par":"La R\u00e9daction","Dur\u00e9e de lecture estim\u00e9e":"3 minutes"},"schema":{"@context":"https:\/\/schema.org","@graph":[{"@type":"Article","@id":"https:\/\/bale.ch\/journal\/grandes-chaleurs-la-ville-de-geneve-active-son-plan-canicule\/#article","isPartOf":{"@id":"https:\/\/bale.ch\/journal\/grandes-chaleurs-la-ville-de-geneve-active-son-plan-canicule\/"},"author":{"name":"La R\u00e9daction","@id":"https:\/\/bale.ch\/journal\/#\/schema\/person\/03ced978db3b7a5274c5cef003f352f5"},"headline":"Grandes chaleurs : la Ville de Gen\u00e8ve active son plan canicule","datePublished":"2023-08-17T17:50:00+00:00","dateModified":"2023-08-18T18:06:58+00:00","mainEntityOfPage":{"@id":"https:\/\/bale.ch\/journal\/grandes-chaleurs-la-ville-de-geneve-active-son-plan-canicule\/"},"wordCount":634,"publisher":{"@id":"https:\/\/bale.ch\/journal\/#organization"},"image":{"@id":"https:\/\/bale.ch\/journal\/grandes-chaleurs-la-ville-de-geneve-active-son-plan-canicule\/#primaryimage"},"thumbnailUrl":"https:\/\/bale.ch\/journal\/wp-content\/uploads\/2023\/08\/geneve_jardin_botanique.jpg","keywords":["Gen\u00e8ve"],"articleSection":["Actualit\u00e9s","Grand Gen\u00e8ve"],"inLanguage":"fr-FR"},{"@type":"WebPage","@id":"https:\/\/bale.ch\/journal\/grandes-chaleurs-la-ville-de-geneve-active-son-plan-canicule\/","url":"https:\/\/bale.ch\/journal\/grandes-chaleurs-la-ville-de-geneve-active-son-plan-canicule\/","name":"Grandes chaleurs : la Ville de Gen\u00e8ve active son plan canicule - Journal de B\u00e2le et Gen\u00e8ve","isPartOf":{"@id":"https:\/\/bale.ch\/journal\/#website"},"primaryImageOfPage":{"@id":"https:\/\/bale.ch\/journal\/grandes-chaleurs-la-ville-de-geneve-active-son-plan-canicule\/#primaryimage"},"image":{"@id":"https:\/\/bale.ch\/journal\/grandes-chaleurs-la-ville-de-geneve-active-son-plan-canicule\/#primaryimage"},"thumbnailUrl":"https:\/\/bale.ch\/journal\/wp-content\/uploads\/2023\/08\/geneve_jardin_botanique.jpg","datePublished":"2023-08-17T17:50:00+00:00","dateModified":"2023-08-18T18:06:58+00:00","breadcrumb":{"@id":"https:\/\/bale.ch\/journal\/grandes-chaleurs-la-ville-de-geneve-active-son-plan-canicule\/#breadcrumb"},"inLanguage":"fr-FR","potentialAction":[{"@type":"ReadAction","target":["https:\/\/bale.ch\/journal\/grandes-chaleurs-la-ville-de-geneve-active-son-plan-canicule\/"]}]},{"@type":"ImageObject","inLanguage":"fr-FR","@id":"https:\/\/bale.ch\/journal\/grandes-chaleurs-la-ville-de-geneve-active-son-plan-canicule\/#primaryimage","url":"https:\/\/bale.ch\/journal\/wp-content\/uploads\/2023\/08\/geneve_jardin_botanique.jpg","contentUrl":"https:\/\/bale.ch\/journal\/wp-content\/uploads\/2023\/08\/geneve_jardin_botanique.jpg","width":900,"height":484},{"@type":"BreadcrumbList","@id":"https:\/\/bale.ch\/journal\/grandes-chaleurs-la-ville-de-geneve-active-son-plan-canicule\/#breadcrumb","itemListElement":[{"@type":"ListItem","position":1,"name":"Accueil","item":"https:\/\/bale.ch\/journal\/"},{"@type":"ListItem","position":2,"name":"Grandes chaleurs : la Ville de Gen\u00e8ve active son plan canicule"}]},{"@type":"WebSite","@id":"https:\/\/bale.ch\/journal\/#website","url":"https:\/\/bale.ch\/journal\/","name":"Journal de B\u00e2le et Gen\u00e8ve","description":"M\u00e9dia transfrontalier d&#039;actualit\u00e9s - News","publisher":{"@id":"https:\/\/bale.ch\/journal\/#organization"},"potentialAction":[{"@type":"SearchAction","target":{"@type":"EntryPoint","urlTemplate":"https:\/\/bale.ch\/journal\/?s={search_term_string}"},"query-input":{"@type":"PropertyValueSpecification","valueRequired":true,"valueName":"search_term_string"}}],"inLanguage":"fr-FR"},{"@type":"Organization","@id":"https:\/\/bale.ch\/journal\/#organization","name":"Journal de B\u00e2le et Gen\u00e8ve","url":"https:\/\/bale.ch\/journal\/","logo":{"@type":"ImageObject","inLanguage":"fr-FR","@id":"https:\/\/bale.ch\/journal\/#\/schema\/logo\/image\/","url":"https:\/\/bale.ch\/journal\/wp-content\/uploads\/2023\/07\/journaldebale_logo_2023_nb.png","contentUrl":"https:\/\/bale.ch\/journal\/wp-content\/uploads\/2023\/07\/journaldebale_logo_2023_nb.png","width":371,"height":127,"caption":"Journal de B\u00e2le et Gen\u00e8ve"},"image":{"@id":"https:\/\/bale.ch\/journal\/#\/schema\/logo\/image\/"}},{"@type":"Person","@id":"https:\/\/bale.ch\/journal\/#\/schema\/person\/03ced978db3b7a5274c5cef003f352f5","name":"La R\u00e9daction","image":{"@type":"ImageObject","inLanguage":"fr-FR","@id":"https:\/\/secure.gravatar.com\/avatar\/d1327e2ce8d2b860112f968a3f34686c9bdda7a463a1502cdd1070ac9d88cf1e?s=96&d=mm&r=g","url":"https:\/\/secure.gravatar.com\/avatar\/d1327e2ce8d2b860112f968a3f34686c9bdda7a463a1502cdd1070ac9d88cf1e?s=96&d=mm&r=g","contentUrl":"https:\/\/secure.gravatar.com\/avatar\/d1327e2ce8d2b860112f968a3f34686c9bdda7a463a1502cdd1070ac9d88cf1e?s=96&d=mm&r=g","caption":"La R\u00e9daction"},"url":"https:\/\/bale.ch\/journal\/author\/laredaction\/"}]}},"_links":{"self":[{"href":"https:\/\/bale.ch\/journal\/wp-json\/wp\/v2\/posts\/3302","targetHints":{"allow":["GET"]}}],"collection":[{"href":"https:\/\/bale.ch\/journal\/wp-json\/wp\/v2\/posts"}],"about":[{"href":"https:\/\/bale.ch\/journal\/wp-json\/wp\/v2\/types\/post"}],"author":[{"embeddable":true,"href":"https:\/\/bale.ch\/journal\/wp-json\/wp\/v2\/users\/2"}],"replies":[{"embeddable":true,"href":"https:\/\/bale.ch\/journal\/wp-json\/wp\/v2\/comments?post=3302"}],"version-history":[{"count":1,"href":"https:\/\/bale.ch\/journal\/wp-json\/wp\/v2\/posts\/3302\/revisions"}],"predecessor-version":[{"id":3304,"href":"https:\/\/bale.ch\/journal\/wp-json\/wp\/v2\/posts\/3302\/revisions\/3304"}],"wp:featuredmedia":[{"embeddable":true,"href":"https:\/\/bale.ch\/journal\/wp-json\/wp\/v2\/media\/3305"}],"wp:attachment":[{"href":"https:\/\/bale.ch\/journal\/wp-json\/wp\/v2\/media?parent=3302"}],"wp:term":[{"taxonomy":"category","embeddable":true,"href":"https:\/\/bale.ch\/journal\/wp-json\/wp\/v2\/categories?post=3302"},{"taxonomy":"post_tag","embeddable":true,"href":"https:\/\/bale.ch\/journal\/wp-json\/wp\/v2\/tags?post=3302"}],"curies":[{"name":"wp","href":"https:\/\/api.w.org\/{rel}","templated":true}]}}