{"id":3308,"date":"2023-09-13T11:34:30","date_gmt":"2023-09-13T11:34:30","guid":{"rendered":"https:\/\/bale.ch\/journal\/?p=3308"},"modified":"2023-09-15T20:20:16","modified_gmt":"2023-09-15T20:20:16","slug":"des-capitaines-de-sea-shepherd-debarquent-en-suisse-mais-ou-est-paul-watson","status":"publish","type":"post","link":"https:\/\/bale.ch\/journal\/des-capitaines-de-sea-shepherd-debarquent-en-suisse-mais-ou-est-paul-watson\/","title":{"rendered":"Des capitaines de Sea Shepherd d\u00e9barquent en Suisse. Mais o\u00f9 est Paul Watson?"},"content":{"rendered":"\n<p class=\"wp-block-paragraph\"><strong>A-t-on encore besoin de pr\u00e9senter Sea Shepherd? Cr\u00e9\u00e9e par une dissidence au sein d&rsquo;un Greenpeace jug\u00e9 trop focalis\u00e9 sur la communication au d\u00e9triment de l&rsquo;action directe, l&rsquo;ONG est engag\u00e9e notamment dans la lutte pour sauver les oc\u00e9ans: contre la chasse \u00e0 la baleine et la surp\u00eache, ne reculant devant peu de modes d&rsquo;action pour faire appliquer les lois<\/strong>. <strong>Du 19 au 22 septembre, deux capitaines activistes feront escale en Suisse pour pr\u00e9senter les campagnes de l\u2019ONG Sea Shepherd Global.<\/strong> <strong>Mais pourquoi le c\u00e9l\u00e8bre capitaine Paul Watson, fondateur historique, est-il le grand absent?<\/strong><\/p>\n\n\n\n<p class=\"wp-block-paragraph\">Depuis 2022, l&rsquo;organisation est en proie \u00e0 des dissentions internes grave \u00e0 tel point que le capitaine Paul Watson a d\u00e9missionn\u00e9 de l&rsquo;antenne nationale \u00e9tats-unienne tout en restant directeur du conseil d&rsquo;administration de<strong> Sea Shepherd Global<\/strong> qui chapeaute les branches nationales de l&rsquo;organisation&#8230; Duquel il a \u00e9t\u00e9 par la suite \u00e9vinc\u00e9.<\/p>\n\n\n\n<p class=\"wp-block-paragraph\">Une diff\u00e9rence de vision sur le mode d&rsquo;action \u00e0 employer menant \u00e0 la cr\u00e9ation de la <strong>Fondation Captain Paul Watson<\/strong> et <strong>Sea Shepherd Origins<\/strong>, emmenant dans son sillage les antennes nationales anglaise, br\u00e9silienne, fran\u00e7aise, hongroise et n\u00e9ocal\u00e9donienne. La nouvelle Sea Shepherd \u00e9tablie en France se veut <em>\u00ab\u00a0le gardien du temple, un label d&rsquo;authenticit\u00e9 des valeurs de Sea Shepherd\u00a0\u00bb<\/em>, d\u00e9clare la pr\u00e9sidente de l&rsquo;antenne fran\u00e7aise Lamya Essemlali,  <em>L&rsquo;objectif est de permettre \u00e0 tous ceux qui soutiennent Sea Shepherd pour son esprit combatif de s&rsquo;y retrouver.\u00a0\u00bb<\/em><\/p><div id=\"crieu-239758245\" class=\"crieu-content crieu-entity-placement\"><script async src=\"\/\/pagead2.googlesyndication.com\/pagead\/js\/adsbygoogle.js?client=ca-pub-5271584769416742\" crossorigin=\"anonymous\"><\/script><ins class=\"adsbygoogle\" style=\"display:block;\" data-ad-client=\"ca-pub-5271584769416742\" \ndata-ad-slot=\"9321250718\" \ndata-ad-format=\"auto\"><\/ins>\n<script> \n(adsbygoogle = window.adsbygoogle || []).push({}); \n<\/script>\n<\/div>\n\n\n\n<h2 class=\"wp-block-heading\">Un esprit \u00ab\u00a0combatif et sans compromissions\u00a0\u00bb<\/h2>\n\n\n\n<p class=\"wp-block-paragraph\">Paul Watson se pr\u00e9sente volontiers comme un <em>\u00ab\u00a0humble fanatique\u00a0\u00bb<\/em> pr\u00eat \u00e0 mourir pour la cause: <em>\u00ab\u00a0Les navires n&rsquo;ont jamais \u00e9t\u00e9 dirig\u00e9s de mani\u00e8re d\u00e9mocratique, c&rsquo;est cette r\u00e8gle qui nous a permis de rester fid\u00e8les \u00e0 notre esprit d&rsquo;origine et de ne pas diluer notre \u00e2me combative dans la compromission\u00a0\u00bb<\/em>, d\u00e9clarait-il au journal Le Monde en 2012. <\/p>\n\n\n\n<p class=\"wp-block-paragraph\">Pourtant, ces derni\u00e8res ann\u00e9es l&rsquo;ONG s&rsquo;est beaucoup assagie en d\u00e9veloppement des partenariats avec diff\u00e9rents \u00c9tats comme par exemple le Gabon, le Liberia ou encore le Mexique, pr\u00eatant ses navires et \u00e9quipages \u00e0 aux garde-c\u00f4tes des pays demandeurs. Ainsi serait r\u00e9solu le probl\u00e8me de la l\u00e9gitimit\u00e9 \u00e0 agir. <em>\u00ab\u00a0La branche \u00e9tats-unienne a voulu changer le curseur et faire des partenariats avec les gouvernements une priorit\u00e9. Or, qui dit partenariats avec les gouvernements, dit garde-fous. On a senti chez [Sea Shepherd] Global une tendance de plus en plus f\u00e9brile \u00e0 \u00e9viter toute critique des gouvernements\u00a0\u00bb<\/em>, estime Lamya Essemlali, cit\u00e9e par le m\u00e9dia en ligne <em>Slate<\/em> <a rel=\"noreferrer noopener\" href=\"https:\/\/www.slate.fr\/story\/241558\/sea-shepherd-global-origins-saborder-avis-tempete-paul-watson-ong-ecologie-protection-animaux-environnement-activisme-militantisme\" target=\"_blank\"><strong>dans un article \u00e9clairant<\/strong><\/a> sur l&rsquo;affaire.<\/p>\n\n\n\n<p class=\"wp-block-paragraph\">Le litige continue \u00e9galement devant les tribunaux puisque Sea Shepherd \u00c9tats-Unis, chapeaut\u00e9 par <strong>Sea Shepherd Global<\/strong>, a attaqu\u00e9 la nouvelle <strong>Sea Shepherd Origins<\/strong> de Paul Watson pour <em>\u00ab\u00a0concurrence d\u00e9loyale\u00a0\u00bb<\/em> en esp\u00e9rant interdire \u00e0 ses anciens co\u00e9quipiers l&rsquo;utilisation du nom et du logo de l&rsquo;organisation.<\/p>\n\n\n\n<p class=\"wp-block-paragraph\"><em>\u00ab\u00a0Cornelissen et Hammarstedt <\/em>[les responsables de l&rsquo;ONG ayant d\u00e9barqu\u00e9 Watson, ndlr] <em>veulent simplement que les gens oublient qui je suis<\/em>, explique Paul Watson. <em>C&rsquo;est pourquoi ils ont supprim\u00e9 mon histoire, ma photo et ma biographie du site Web de l&rsquo;organisation que j&rsquo;ai cr\u00e9\u00e9e\u00a0\u00bb<\/em>. Dans le but, selon lui, de <em>\u00ab\u00a0changer ce que nous avons toujours \u00e9t\u00e9\u00a0\u00bb<\/em> pour une nouvelle version <em>\u00ab\u00a0non conflictuelle, non compromettante\u00a0\u00bb<\/em>.  <\/p>\n\n\n\n<h2 class=\"wp-block-heading\">Sea Shepherd Global se pr\u00e9sente aux Romands<\/h2>\n\n\n\n<p class=\"wp-block-paragraph\">Du 19 au 22 septembre, ce sont donc deux capitaines de <strong>Sea Shepherd Global<\/strong>, Alex Cornelissen et Peter Hammarstedt, qui seront pr\u00e9sents lors d&rsquo;un cocktail d\u00eenatoire afin de lever des fonds pour les prochaines campagnes de l\u2019ONG.<\/p>\n\n\n\n<p class=\"wp-block-paragraph\">Peter Hammarstedt rentre tout juste de l\u2019op\u00e9ration <em>\u00ab\u00a0Antartica Defense\u00a0\u00bb<\/em>, qui a pour objet de <em>\u00ab\u00a0prot\u00e9ger l\u2019\u00e9cosyst\u00e8me fragile et vital de l\u2019Antarctique\u00a0\u00bb<\/em>. De 2004 \u00e0 2014, ce dernier a pass\u00e9 son temps sur le mythique Bob Barker, le navire le plus redout\u00e9 par les baleiniers japonais en son temps. Le communiqu\u00e9 indique qu&rsquo;en 10 ans de campagnes, <em>\u00ab\u00a0la flotte de Sea Shepherd aurait ainsi sauv\u00e9 la vie de plus de 5 000 baleines dans le Sanctuaire baleinier de l&rsquo;oc\u00e9an Austral\u00a0\u00bb.<\/em> Il sera accompagn\u00e9 du<strong> patron de Sea Shepherd Global, le Capitaine Alex Cornelissen<\/strong>, qui a particip\u00e9 \u00e0 plus de 25 campagnes, dont 5 en Antarctique. <\/p>\n\n\n\n<p class=\"wp-block-paragraph\">Paul Watson fulmine: <em>\u00ab\u00a0alors que Cornelissen et Hammarstedt siroteront des cocktails \u00e0 Lausanne, les gens pr\u00e9sents devraient se demander o\u00f9 je me trouve et pourquoi j&rsquo;ai \u00e9t\u00e9 ill\u00e9galement \u00e9vinc\u00e9 du Conseil d&rsquo;administration mondial de Sea Shepherd<em> s<\/em>ans r\u00e9union, discussion et sans vote, <em>tout comme <em>Lamya Essemlali, la pr\u00e9sidente de la section fran\u00e7aise,<\/em><\/em> parce qu&rsquo;elle posait des questions sur les d\u00e9penses de campagne auxquelles Cornelissen et Hammarstedt ont refus\u00e9 de r\u00e9pondre.\u00a0\u00bb<\/em> <\/p>\n\n\n\n<p class=\"wp-block-paragraph\">L&rsquo;ombre du fondateur planera sans aucun doute sur la rencontre romande. Ce dernier, loin de d\u00e9poser les armes, a achet\u00e9 un premier bateau pour sa nouvelle organisation, le John Paul DeJoria II, qui a \u00e9t\u00e9 baptis\u00e9 en juin dernier \u00e0 New York, lui permettant de continuer le combat.<\/p>\n\n\n\n<h2 class=\"wp-block-heading\">Agenda<\/h2>\n\n\n\n<ul class=\"wp-block-list\">\n<li><strong>Repas de soutien <\/strong>le 19 septembre 2023 au Caf\u00e9 Mutin &#8211; Gen\u00e8ve<\/li>\n\n\n\n<li><strong>Gardiens des Oc\u00e9ans : rencontre avec les capitaines<\/strong> le 20 septembre 2023 au Tibits &#8211; Lausanne<\/li>\n\n\n\n<li><strong>Projection : Chasing the Thunder &amp; Discussion<\/strong> le 21 septembre 2023 au Cin\u00e9ma Apollo &#8211; Neuch\u00e2tel<\/li>\n\n\n\n<li><strong>Cin\u00e9 ONU  \u00ab\u00a0Trafficked &#8211; Fish Pirates\u00a0\u00bb<\/strong> le 22 septembre 2023 au Cin\u00e9rama Empire &#8211; Gen\u00e8ve<\/li>\n<\/ul>\n\n\n\n<p class=\"wp-block-paragraph\">Mise \u00e0 jour 14.09.23 \u00e0 09:10<\/p>\n<div id=\"crieu-2825877717\" class=\"crieu-apres-le-contenu crieu-entity-placement\" style=\"margin-left: auto;margin-right: auto;text-align: center;\"><script async src=\"\/\/pagead2.googlesyndication.com\/pagead\/js\/adsbygoogle.js?client=ca-pub-5271584769416742\" crossorigin=\"anonymous\"><\/script><ins class=\"adsbygoogle\" style=\"display:block;\" data-ad-client=\"ca-pub-5271584769416742\" \ndata-ad-slot=\"9321250718\" \ndata-ad-format=\"auto\"><\/ins>\n<script> \n(adsbygoogle = window.adsbygoogle || []).push({}); \n<\/script>\n<\/div>","protected":false},"excerpt":{"rendered":"<p>A-t-on encore besoin de pr\u00e9senter Sea Shepherd? Cr\u00e9\u00e9e par une dissidence au sein d&rsquo;un Greenpeace jug\u00e9 trop focalis\u00e9 sur la communication au d\u00e9triment de l&rsquo;action directe, l&rsquo;ONG est engag\u00e9e notamment <a href=\"https:\/\/bale.ch\/journal\/des-capitaines-de-sea-shepherd-debarquent-en-suisse-mais-ou-est-paul-watson\/\" class=\"read-more button-fancy -red\"><span class=\"btn-arrow\"><\/span><span class=\"twp-read-more text\">Continuer la lecture<\/span><\/a><\/p>\n","protected":false},"author":43,"featured_media":3316,"comment_status":"closed","ping_status":"closed","sticky":false,"template":"","format":"standard","meta":{"footnotes":""},"categories":[103,4,8],"tags":[139,74,55,221,222],"class_list":["post-3308","post","type-post","status-publish","format-standard","has-post-thumbnail","hentry","category-actu","category-grand-geneve","category-suisse","tag-ecologie","tag-geneve","tag-lausanne","tag-neuchatel","tag-sea-shepherd"],"yoast_head":"<!-- This site is optimized with the Yoast SEO plugin v28.3 - https:\/\/yoast.com\/product\/yoast-seo-wordpress\/ -->\n<title>Des capitaines de Sea Shepherd d\u00e9barquent en Suisse. Mais o\u00f9 est Paul Watson? - Journal de B\u00e2le et Gen\u00e8ve<\/title>\n<meta name=\"robots\" content=\"index, follow, max-snippet:-1, max-image-preview:large, max-video-preview:-1\" \/>\n<link rel=\"canonical\" href=\"https:\/\/bale.ch\/journal\/des-capitaines-de-sea-shepherd-debarquent-en-suisse-mais-ou-est-paul-watson\/\" \/>\n<meta property=\"og:locale\" content=\"fr_FR\" \/>\n<meta property=\"og:type\" content=\"article\" \/>\n<meta property=\"og:title\" content=\"Des capitaines de Sea Shepherd d\u00e9barquent en Suisse. Mais o\u00f9 est Paul Watson? - Journal de B\u00e2le et Gen\u00e8ve\" \/>\n<meta property=\"og:description\" content=\"A-t-on encore besoin de pr\u00e9senter Sea Shepherd? Cr\u00e9\u00e9e par une dissidence au sein d&rsquo;un Greenpeace jug\u00e9 trop focalis\u00e9 sur la communication au d\u00e9triment de l&rsquo;action directe, l&rsquo;ONG est engag\u00e9e notamment Continuer la lecture\" \/>\n<meta property=\"og:url\" content=\"https:\/\/bale.ch\/journal\/des-capitaines-de-sea-shepherd-debarquent-en-suisse-mais-ou-est-paul-watson\/\" \/>\n<meta property=\"og:site_name\" content=\"Journal de B\u00e2le et Gen\u00e8ve\" \/>\n<meta property=\"article:published_time\" content=\"2023-09-13T11:34:30+00:00\" \/>\n<meta property=\"article:modified_time\" content=\"2023-09-15T20:20:16+00:00\" \/>\n<meta property=\"og:image\" content=\"https:\/\/bale.ch\/journal\/wp-content\/uploads\/2023\/09\/sea_shepherd_global_Peter_Hammarstedt.jpg\" \/>\n\t<meta property=\"og:image:width\" content=\"900\" \/>\n\t<meta property=\"og:image:height\" content=\"484\" \/>\n\t<meta property=\"og:image:type\" content=\"image\/jpeg\" \/>\n<meta name=\"author\" content=\"Elodie Silva\" \/>\n<meta name=\"twitter:card\" content=\"summary_large_image\" \/>\n<meta name=\"twitter:label1\" content=\"\u00c9crit par\" \/>\n\t<meta name=\"twitter:data1\" content=\"Elodie Silva\" \/>\n\t<meta name=\"twitter:label2\" content=\"Dur\u00e9e de lecture estim\u00e9e\" \/>\n\t<meta name=\"twitter:data2\" content=\"4 minutes\" \/>\n<script type=\"application\/ld+json\" class=\"yoast-schema-graph\">{\"@context\":\"https:\\\/\\\/schema.org\",\"@graph\":[{\"@type\":\"Article\",\"@id\":\"https:\\\/\\\/bale.ch\\\/journal\\\/des-capitaines-de-sea-shepherd-debarquent-en-suisse-mais-ou-est-paul-watson\\\/#article\",\"isPartOf\":{\"@id\":\"https:\\\/\\\/bale.ch\\\/journal\\\/des-capitaines-de-sea-shepherd-debarquent-en-suisse-mais-ou-est-paul-watson\\\/\"},\"author\":{\"name\":\"Elodie Silva\",\"@id\":\"https:\\\/\\\/bale.ch\\\/journal\\\/#\\\/schema\\\/person\\\/e3e5eeffae523f19b12d7057ced45a2b\"},\"headline\":\"Des capitaines de Sea Shepherd d\u00e9barquent en Suisse. Mais o\u00f9 est Paul Watson?\",\"datePublished\":\"2023-09-13T11:34:30+00:00\",\"dateModified\":\"2023-09-15T20:20:16+00:00\",\"mainEntityOfPage\":{\"@id\":\"https:\\\/\\\/bale.ch\\\/journal\\\/des-capitaines-de-sea-shepherd-debarquent-en-suisse-mais-ou-est-paul-watson\\\/\"},\"wordCount\":911,\"publisher\":{\"@id\":\"https:\\\/\\\/bale.ch\\\/journal\\\/#organization\"},\"image\":{\"@id\":\"https:\\\/\\\/bale.ch\\\/journal\\\/des-capitaines-de-sea-shepherd-debarquent-en-suisse-mais-ou-est-paul-watson\\\/#primaryimage\"},\"thumbnailUrl\":\"https:\\\/\\\/bale.ch\\\/journal\\\/wp-content\\\/uploads\\\/2023\\\/09\\\/sea_shepherd_global_Peter_Hammarstedt.jpg\",\"keywords\":[\"Ecologie\",\"Gen\u00e8ve\",\"Lausanne\",\"Neuch\u00e2tel\",\"Sea Shepherd\"],\"articleSection\":[\"Actualit\u00e9s\",\"Grand Gen\u00e8ve\",\"Suisse\"],\"inLanguage\":\"fr-FR\"},{\"@type\":\"WebPage\",\"@id\":\"https:\\\/\\\/bale.ch\\\/journal\\\/des-capitaines-de-sea-shepherd-debarquent-en-suisse-mais-ou-est-paul-watson\\\/\",\"url\":\"https:\\\/\\\/bale.ch\\\/journal\\\/des-capitaines-de-sea-shepherd-debarquent-en-suisse-mais-ou-est-paul-watson\\\/\",\"name\":\"Des capitaines de Sea Shepherd d\u00e9barquent en Suisse. Mais o\u00f9 est Paul Watson? - Journal de B\u00e2le et Gen\u00e8ve\",\"isPartOf\":{\"@id\":\"https:\\\/\\\/bale.ch\\\/journal\\\/#website\"},\"primaryImageOfPage\":{\"@id\":\"https:\\\/\\\/bale.ch\\\/journal\\\/des-capitaines-de-sea-shepherd-debarquent-en-suisse-mais-ou-est-paul-watson\\\/#primaryimage\"},\"image\":{\"@id\":\"https:\\\/\\\/bale.ch\\\/journal\\\/des-capitaines-de-sea-shepherd-debarquent-en-suisse-mais-ou-est-paul-watson\\\/#primaryimage\"},\"thumbnailUrl\":\"https:\\\/\\\/bale.ch\\\/journal\\\/wp-content\\\/uploads\\\/2023\\\/09\\\/sea_shepherd_global_Peter_Hammarstedt.jpg\",\"datePublished\":\"2023-09-13T11:34:30+00:00\",\"dateModified\":\"2023-09-15T20:20:16+00:00\",\"breadcrumb\":{\"@id\":\"https:\\\/\\\/bale.ch\\\/journal\\\/des-capitaines-de-sea-shepherd-debarquent-en-suisse-mais-ou-est-paul-watson\\\/#breadcrumb\"},\"inLanguage\":\"fr-FR\",\"potentialAction\":[{\"@type\":\"ReadAction\",\"target\":[\"https:\\\/\\\/bale.ch\\\/journal\\\/des-capitaines-de-sea-shepherd-debarquent-en-suisse-mais-ou-est-paul-watson\\\/\"]}]},{\"@type\":\"ImageObject\",\"inLanguage\":\"fr-FR\",\"@id\":\"https:\\\/\\\/bale.ch\\\/journal\\\/des-capitaines-de-sea-shepherd-debarquent-en-suisse-mais-ou-est-paul-watson\\\/#primaryimage\",\"url\":\"https:\\\/\\\/bale.ch\\\/journal\\\/wp-content\\\/uploads\\\/2023\\\/09\\\/sea_shepherd_global_Peter_Hammarstedt.jpg\",\"contentUrl\":\"https:\\\/\\\/bale.ch\\\/journal\\\/wp-content\\\/uploads\\\/2023\\\/09\\\/sea_shepherd_global_Peter_Hammarstedt.jpg\",\"width\":900,\"height\":484},{\"@type\":\"BreadcrumbList\",\"@id\":\"https:\\\/\\\/bale.ch\\\/journal\\\/des-capitaines-de-sea-shepherd-debarquent-en-suisse-mais-ou-est-paul-watson\\\/#breadcrumb\",\"itemListElement\":[{\"@type\":\"ListItem\",\"position\":1,\"name\":\"Accueil\",\"item\":\"https:\\\/\\\/bale.ch\\\/journal\\\/\"},{\"@type\":\"ListItem\",\"position\":2,\"name\":\"Des capitaines de Sea Shepherd d\u00e9barquent en Suisse. Mais o\u00f9 est Paul Watson?\"}]},{\"@type\":\"WebSite\",\"@id\":\"https:\\\/\\\/bale.ch\\\/journal\\\/#website\",\"url\":\"https:\\\/\\\/bale.ch\\\/journal\\\/\",\"name\":\"Journal de B\u00e2le et Gen\u00e8ve\",\"description\":\"M\u00e9dia transfrontalier d&#039;actualit\u00e9s - News\",\"publisher\":{\"@id\":\"https:\\\/\\\/bale.ch\\\/journal\\\/#organization\"},\"potentialAction\":[{\"@type\":\"SearchAction\",\"target\":{\"@type\":\"EntryPoint\",\"urlTemplate\":\"https:\\\/\\\/bale.ch\\\/journal\\\/?s={search_term_string}\"},\"query-input\":{\"@type\":\"PropertyValueSpecification\",\"valueRequired\":true,\"valueName\":\"search_term_string\"}}],\"inLanguage\":\"fr-FR\"},{\"@type\":\"Organization\",\"@id\":\"https:\\\/\\\/bale.ch\\\/journal\\\/#organization\",\"name\":\"Journal de B\u00e2le et Gen\u00e8ve\",\"url\":\"https:\\\/\\\/bale.ch\\\/journal\\\/\",\"logo\":{\"@type\":\"ImageObject\",\"inLanguage\":\"fr-FR\",\"@id\":\"https:\\\/\\\/bale.ch\\\/journal\\\/#\\\/schema\\\/logo\\\/image\\\/\",\"url\":\"https:\\\/\\\/bale.ch\\\/journal\\\/wp-content\\\/uploads\\\/2023\\\/07\\\/journaldebale_logo_2023_nb.png\",\"contentUrl\":\"https:\\\/\\\/bale.ch\\\/journal\\\/wp-content\\\/uploads\\\/2023\\\/07\\\/journaldebale_logo_2023_nb.png\",\"width\":371,\"height\":127,\"caption\":\"Journal de B\u00e2le et Gen\u00e8ve\"},\"image\":{\"@id\":\"https:\\\/\\\/bale.ch\\\/journal\\\/#\\\/schema\\\/logo\\\/image\\\/\"}},{\"@type\":\"Person\",\"@id\":\"https:\\\/\\\/bale.ch\\\/journal\\\/#\\\/schema\\\/person\\\/e3e5eeffae523f19b12d7057ced45a2b\",\"name\":\"Elodie Silva\",\"image\":{\"@type\":\"ImageObject\",\"inLanguage\":\"fr-FR\",\"@id\":\"https:\\\/\\\/secure.gravatar.com\\\/avatar\\\/f76593021159ecd3226293e7c461386bfd009157e6c549bc9b418d0a2db47041?s=96&d=mm&r=g\",\"url\":\"https:\\\/\\\/secure.gravatar.com\\\/avatar\\\/f76593021159ecd3226293e7c461386bfd009157e6c549bc9b418d0a2db47041?s=96&d=mm&r=g\",\"contentUrl\":\"https:\\\/\\\/secure.gravatar.com\\\/avatar\\\/f76593021159ecd3226293e7c461386bfd009157e6c549bc9b418d0a2db47041?s=96&d=mm&r=g\",\"caption\":\"Elodie Silva\"},\"url\":\"https:\\\/\\\/bale.ch\\\/journal\\\/author\\\/elodiesilva\\\/\"}]}<\/script>\n<!-- \/ Yoast SEO plugin. -->","yoast_head_json":{"title":"Des capitaines de Sea Shepherd d\u00e9barquent en Suisse. Mais o\u00f9 est Paul Watson? - Journal de B\u00e2le et Gen\u00e8ve","robots":{"index":"index","follow":"follow","max-snippet":"max-snippet:-1","max-image-preview":"max-image-preview:large","max-video-preview":"max-video-preview:-1"},"canonical":"https:\/\/bale.ch\/journal\/des-capitaines-de-sea-shepherd-debarquent-en-suisse-mais-ou-est-paul-watson\/","og_locale":"fr_FR","og_type":"article","og_title":"Des capitaines de Sea Shepherd d\u00e9barquent en Suisse. Mais o\u00f9 est Paul Watson? - Journal de B\u00e2le et Gen\u00e8ve","og_description":"A-t-on encore besoin de pr\u00e9senter Sea Shepherd? Cr\u00e9\u00e9e par une dissidence au sein d&rsquo;un Greenpeace jug\u00e9 trop focalis\u00e9 sur la communication au d\u00e9triment de l&rsquo;action directe, l&rsquo;ONG est engag\u00e9e notamment Continuer la lecture","og_url":"https:\/\/bale.ch\/journal\/des-capitaines-de-sea-shepherd-debarquent-en-suisse-mais-ou-est-paul-watson\/","og_site_name":"Journal de B\u00e2le et Gen\u00e8ve","article_published_time":"2023-09-13T11:34:30+00:00","article_modified_time":"2023-09-15T20:20:16+00:00","og_image":[{"width":900,"height":484,"url":"https:\/\/bale.ch\/journal\/wp-content\/uploads\/2023\/09\/sea_shepherd_global_Peter_Hammarstedt.jpg","type":"image\/jpeg"}],"author":"Elodie Silva","twitter_card":"summary_large_image","twitter_misc":{"\u00c9crit par":"Elodie Silva","Dur\u00e9e de lecture estim\u00e9e":"4 minutes"},"schema":{"@context":"https:\/\/schema.org","@graph":[{"@type":"Article","@id":"https:\/\/bale.ch\/journal\/des-capitaines-de-sea-shepherd-debarquent-en-suisse-mais-ou-est-paul-watson\/#article","isPartOf":{"@id":"https:\/\/bale.ch\/journal\/des-capitaines-de-sea-shepherd-debarquent-en-suisse-mais-ou-est-paul-watson\/"},"author":{"name":"Elodie Silva","@id":"https:\/\/bale.ch\/journal\/#\/schema\/person\/e3e5eeffae523f19b12d7057ced45a2b"},"headline":"Des capitaines de Sea Shepherd d\u00e9barquent en Suisse. Mais o\u00f9 est Paul Watson?","datePublished":"2023-09-13T11:34:30+00:00","dateModified":"2023-09-15T20:20:16+00:00","mainEntityOfPage":{"@id":"https:\/\/bale.ch\/journal\/des-capitaines-de-sea-shepherd-debarquent-en-suisse-mais-ou-est-paul-watson\/"},"wordCount":911,"publisher":{"@id":"https:\/\/bale.ch\/journal\/#organization"},"image":{"@id":"https:\/\/bale.ch\/journal\/des-capitaines-de-sea-shepherd-debarquent-en-suisse-mais-ou-est-paul-watson\/#primaryimage"},"thumbnailUrl":"https:\/\/bale.ch\/journal\/wp-content\/uploads\/2023\/09\/sea_shepherd_global_Peter_Hammarstedt.jpg","keywords":["Ecologie","Gen\u00e8ve","Lausanne","Neuch\u00e2tel","Sea Shepherd"],"articleSection":["Actualit\u00e9s","Grand Gen\u00e8ve","Suisse"],"inLanguage":"fr-FR"},{"@type":"WebPage","@id":"https:\/\/bale.ch\/journal\/des-capitaines-de-sea-shepherd-debarquent-en-suisse-mais-ou-est-paul-watson\/","url":"https:\/\/bale.ch\/journal\/des-capitaines-de-sea-shepherd-debarquent-en-suisse-mais-ou-est-paul-watson\/","name":"Des capitaines de Sea Shepherd d\u00e9barquent en Suisse. Mais o\u00f9 est Paul Watson? - Journal de B\u00e2le et Gen\u00e8ve","isPartOf":{"@id":"https:\/\/bale.ch\/journal\/#website"},"primaryImageOfPage":{"@id":"https:\/\/bale.ch\/journal\/des-capitaines-de-sea-shepherd-debarquent-en-suisse-mais-ou-est-paul-watson\/#primaryimage"},"image":{"@id":"https:\/\/bale.ch\/journal\/des-capitaines-de-sea-shepherd-debarquent-en-suisse-mais-ou-est-paul-watson\/#primaryimage"},"thumbnailUrl":"https:\/\/bale.ch\/journal\/wp-content\/uploads\/2023\/09\/sea_shepherd_global_Peter_Hammarstedt.jpg","datePublished":"2023-09-13T11:34:30+00:00","dateModified":"2023-09-15T20:20:16+00:00","breadcrumb":{"@id":"https:\/\/bale.ch\/journal\/des-capitaines-de-sea-shepherd-debarquent-en-suisse-mais-ou-est-paul-watson\/#breadcrumb"},"inLanguage":"fr-FR","potentialAction":[{"@type":"ReadAction","target":["https:\/\/bale.ch\/journal\/des-capitaines-de-sea-shepherd-debarquent-en-suisse-mais-ou-est-paul-watson\/"]}]},{"@type":"ImageObject","inLanguage":"fr-FR","@id":"https:\/\/bale.ch\/journal\/des-capitaines-de-sea-shepherd-debarquent-en-suisse-mais-ou-est-paul-watson\/#primaryimage","url":"https:\/\/bale.ch\/journal\/wp-content\/uploads\/2023\/09\/sea_shepherd_global_Peter_Hammarstedt.jpg","contentUrl":"https:\/\/bale.ch\/journal\/wp-content\/uploads\/2023\/09\/sea_shepherd_global_Peter_Hammarstedt.jpg","width":900,"height":484},{"@type":"BreadcrumbList","@id":"https:\/\/bale.ch\/journal\/des-capitaines-de-sea-shepherd-debarquent-en-suisse-mais-ou-est-paul-watson\/#breadcrumb","itemListElement":[{"@type":"ListItem","position":1,"name":"Accueil","item":"https:\/\/bale.ch\/journal\/"},{"@type":"ListItem","position":2,"name":"Des capitaines de Sea Shepherd d\u00e9barquent en Suisse. Mais o\u00f9 est Paul Watson?"}]},{"@type":"WebSite","@id":"https:\/\/bale.ch\/journal\/#website","url":"https:\/\/bale.ch\/journal\/","name":"Journal de B\u00e2le et Gen\u00e8ve","description":"M\u00e9dia transfrontalier d&#039;actualit\u00e9s - News","publisher":{"@id":"https:\/\/bale.ch\/journal\/#organization"},"potentialAction":[{"@type":"SearchAction","target":{"@type":"EntryPoint","urlTemplate":"https:\/\/bale.ch\/journal\/?s={search_term_string}"},"query-input":{"@type":"PropertyValueSpecification","valueRequired":true,"valueName":"search_term_string"}}],"inLanguage":"fr-FR"},{"@type":"Organization","@id":"https:\/\/bale.ch\/journal\/#organization","name":"Journal de B\u00e2le et Gen\u00e8ve","url":"https:\/\/bale.ch\/journal\/","logo":{"@type":"ImageObject","inLanguage":"fr-FR","@id":"https:\/\/bale.ch\/journal\/#\/schema\/logo\/image\/","url":"https:\/\/bale.ch\/journal\/wp-content\/uploads\/2023\/07\/journaldebale_logo_2023_nb.png","contentUrl":"https:\/\/bale.ch\/journal\/wp-content\/uploads\/2023\/07\/journaldebale_logo_2023_nb.png","width":371,"height":127,"caption":"Journal de B\u00e2le et Gen\u00e8ve"},"image":{"@id":"https:\/\/bale.ch\/journal\/#\/schema\/logo\/image\/"}},{"@type":"Person","@id":"https:\/\/bale.ch\/journal\/#\/schema\/person\/e3e5eeffae523f19b12d7057ced45a2b","name":"Elodie Silva","image":{"@type":"ImageObject","inLanguage":"fr-FR","@id":"https:\/\/secure.gravatar.com\/avatar\/f76593021159ecd3226293e7c461386bfd009157e6c549bc9b418d0a2db47041?s=96&d=mm&r=g","url":"https:\/\/secure.gravatar.com\/avatar\/f76593021159ecd3226293e7c461386bfd009157e6c549bc9b418d0a2db47041?s=96&d=mm&r=g","contentUrl":"https:\/\/secure.gravatar.com\/avatar\/f76593021159ecd3226293e7c461386bfd009157e6c549bc9b418d0a2db47041?s=96&d=mm&r=g","caption":"Elodie Silva"},"url":"https:\/\/bale.ch\/journal\/author\/elodiesilva\/"}]}},"_links":{"self":[{"href":"https:\/\/bale.ch\/journal\/wp-json\/wp\/v2\/posts\/3308","targetHints":{"allow":["GET"]}}],"collection":[{"href":"https:\/\/bale.ch\/journal\/wp-json\/wp\/v2\/posts"}],"about":[{"href":"https:\/\/bale.ch\/journal\/wp-json\/wp\/v2\/types\/post"}],"author":[{"embeddable":true,"href":"https:\/\/bale.ch\/journal\/wp-json\/wp\/v2\/users\/43"}],"replies":[{"embeddable":true,"href":"https:\/\/bale.ch\/journal\/wp-json\/wp\/v2\/comments?post=3308"}],"version-history":[{"count":27,"href":"https:\/\/bale.ch\/journal\/wp-json\/wp\/v2\/posts\/3308\/revisions"}],"predecessor-version":[{"id":3354,"href":"https:\/\/bale.ch\/journal\/wp-json\/wp\/v2\/posts\/3308\/revisions\/3354"}],"wp:featuredmedia":[{"embeddable":true,"href":"https:\/\/bale.ch\/journal\/wp-json\/wp\/v2\/media\/3316"}],"wp:attachment":[{"href":"https:\/\/bale.ch\/journal\/wp-json\/wp\/v2\/media?parent=3308"}],"wp:term":[{"taxonomy":"category","embeddable":true,"href":"https:\/\/bale.ch\/journal\/wp-json\/wp\/v2\/categories?post=3308"},{"taxonomy":"post_tag","embeddable":true,"href":"https:\/\/bale.ch\/journal\/wp-json\/wp\/v2\/tags?post=3308"}],"curies":[{"name":"wp","href":"https:\/\/api.w.org\/{rel}","templated":true}]}}