{"id":3329,"date":"2023-09-13T12:06:24","date_gmt":"2023-09-13T12:06:24","guid":{"rendered":"https:\/\/bale.ch\/journal\/?p=3329"},"modified":"2023-09-13T12:06:24","modified_gmt":"2023-09-13T12:06:24","slug":"19e-edition-du-festival-du-film-francais-dhelvetie-bienne-fait-son-cinema","status":"publish","type":"post","link":"https:\/\/bale.ch\/journal\/19e-edition-du-festival-du-film-francais-dhelvetie-bienne-fait-son-cinema\/","title":{"rendered":"19e \u00e9dition du Festival du Film Fran\u00e7ais d\u2019Helv\u00e9tie: Bienne fait son cin\u00e9ma"},"content":{"rendered":"\n<p class=\"wp-block-paragraph\"><strong>Par\u00e9e de bleu-blanc-rouge durant cinq jours d\u00e9di\u00e9s au septi\u00e8me art, la ville de Bienne c\u00e9l\u00e9brera une fois de plus le cin\u00e9ma fran\u00e7ais\/francophone \u00e0 l\u2019occasion de la 19e \u00e9dition du Festival du Film Fran\u00e7ais d\u2019Helv\u00e9tie (FFFH). Du 13 au 17 septembre 2023, le FFFH pr\u00e9sentera pr\u00e8s de soixante films en version originale, sous-titr\u00e9s pour la majeure partie en allemand. <\/strong><\/p>\n\n\n\n<p class=\"wp-block-paragraph\">L&rsquo;\u00e9v\u00e9nement est \u00e9galement marqu\u00e9 par la participation d&rsquo;une vingtaine d&rsquo;invit\u00e9\u00b7e\u00b7s en lien avec la programmation qui partageront leur exp\u00e9rience avec le public \u00e0 l&rsquo;occasion des traditionnels Podiums de discussion en fin de projection. Le FFFH garde sa configuration en trois salles et se r\u00e9jouit de pouvoir mener \u00e0 bien l\u2019ensemble de ses \u00e9v\u00e8nements parall\u00e8les. Le Festival O<em>fff<\/em>\u00a0f\u00eatera sa troisi\u00e8me \u00e9dition avec ses nombreux ateliers gratuits destin\u00e9s \u00e0 d\u00e9couvrir les m\u00e9tiers du cin\u00e9ma les 9 et 10 septembre \u00e0 la Maison Farel, pr\u00e9c\u00e9d\u00e9 par la deuxi\u00e8me \u00e9dition de l\u2019open air du FFFH \u00e0 la Fontaine du 31 ao\u00fbt au 9 septembre.<\/p>\n\n\n\n<h3 class=\"wp-block-heading\">Les invit\u00e9\u00b7e\u00b7s de la 19e \u00e9dition<\/h3>\n\n\n\n<p class=\"wp-block-paragraph\">Le r\u00e9alisateur\u00a0<strong>Philippe Lefebvre\u00a0<\/strong>ouvrira gaiement le bal de la 19e \u00e9dition lors de la Pr\u00e9ouverture avec la com\u00e9die\u00a0<em>Nouveau d\u00e9part<\/em>. Dans le cadre de la Soir\u00e9e d\u2019Ouverture, la cin\u00e9aste\u00a0<strong>St\u00e9phanie Di Giusto<\/strong>\u00a0pr\u00e9sentera\u00a0en Grande Premi\u00e8re le long-m\u00e9trage\u00a0<em>Rosalie<\/em>. Le vendredi sera marqu\u00e9 par la pr\u00e9sence de\u00a0<strong>Fr\u00e9d\u00e9ric Tellier<\/strong>\u00a0et\u00a0<strong>Benjamin Lavernhe<\/strong>\u00a0\u00e0 l\u2019occasion de la projection du biopic\u00a0<em>L&rsquo;Abb\u00e9 Pierre \u2013 Une vie de combats<\/em>, ainsi que par\u00a0<strong>Jeanne Herry<\/strong>\u00a0qui pr\u00e9sentera en Premi\u00e8re al\u00e9manique son poignant film\u00a0<em>Je verrai toujours vos visages<\/em>.\u00a0Le drame\u00a0<em>Rien \u00e0 perdre<\/em>\u00a0sera repr\u00e9sent\u00e9 par la r\u00e9alisatrice\u00a0<strong>Delphine Deloget<\/strong>,\u00a0l\u2019acteur\u00a0<strong>F\u00e9lix Lefebvre<\/strong>\u00a0et l\u2019actrice\u00a0<strong>India Hair<\/strong>.\u00a0<strong>Jean-Pierre Am\u00e9ris<\/strong>\u00a0rejoindra la sc\u00e8ne du REX pour la sixi\u00e8me fois avec\u00a0<em>Marie-Line et son juge<\/em>.\u00a0<strong>Anna Novion<\/strong>\u00a0d\u00e9voilera\u00a0<em>Le th\u00e9or\u00e8me de Marguerite<\/em>\u00a0aux c\u00f4t\u00e9s de\u00a0<strong>Jean-Pierre Darroussin<\/strong>.<\/p><div id=\"crieu-3742798037\" class=\"crieu-content crieu-entity-placement\"><script async src=\"\/\/pagead2.googlesyndication.com\/pagead\/js\/adsbygoogle.js?client=ca-pub-5271584769416742\" crossorigin=\"anonymous\"><\/script><ins class=\"adsbygoogle\" style=\"display:block;\" data-ad-client=\"ca-pub-5271584769416742\" \ndata-ad-slot=\"9321250718\" \ndata-ad-format=\"auto\"><\/ins>\n<script> \n(adsbygoogle = window.adsbygoogle || []).push({}); \n<\/script>\n<\/div>\n\n\n\n<h3 class=\"wp-block-heading\">Pr\u00e8s de 60 films en Avant-Premi\u00e8re<\/h3>\n\n\n\n<p class=\"wp-block-paragraph\">Le programme pr\u00e9sentera un vaste \u00e9ventail de genres, offrant ainsi un panorama complet de la richesse du cin\u00e9ma fran\u00e7ais\/francophone contemporain. Le public sera donc invit\u00e9 \u00e0 d\u00e9couvrir des films porteurs de messages engag\u00e9s autant que des films \u00e0 la tonalit\u00e9 plus l\u00e9g\u00e8re. La tendance cin\u00e9matographique qui transpara\u00eet aujourd\u2019hui confirme que le cin\u00e9ma sert et servira toujours de reflet de la soci\u00e9t\u00e9 ; des sujets actuels qui touchent une audience nombreuse, un avenir \u00e9cologique qui pr\u00e9occupe, des quotidiens heureux ou brutaux, des destins complexes et des remises en question. En parall\u00e8le, une s\u00e9lection g\u00e9n\u00e9reuse de com\u00e9dies ou com\u00e9dies dramatiques rendra l\u2019exp\u00e9rience de la 19e \u00e9dition diversifi\u00e9e et \u00e9quilibr\u00e9e.<\/p>\n\n\n\n<h3 class=\"wp-block-heading\">Les couleurs helv\u00e9tiques<\/h3>\n\n\n\n<p class=\"wp-block-paragraph\">La Section\u00a0<strong>Clin d\u2019\u0153il au cin\u00e9ma suisse<\/strong>\u00a0met en avant des productions ou coproductions suisses et propose chaque ann\u00e9e une s\u00e9lection soigneusement choisie. Trois Grandes Premi\u00e8res seront \u00e0 l\u2019affiche du Clin d\u2019\u0153il. La S\u00e9ance Sp\u00e9ciale du Forum du bilinguisme accueillera le duo d\u2019actrices Sarah Bramms et Flavie Delangle pour le film\u00a0<strong><em>Rivi\u00e8re<\/em>\u00a0<\/strong>de Hugues Hariche. Samedi soir, la coproduction suisse\u00a0<strong><em>Le th\u00e9or\u00e8me de Marguerite<\/em><\/strong>\u00a0de Anna Novion sera projet\u00e9e en pr\u00e9sence de la r\u00e9alisatrice et de l\u2019acteur Jean-Pierre Darroussin. Dimanche en d\u00e9but de soir\u00e9e, Fr\u00e9d\u00e9ric Mermoud accompagnera son nouveau long-m\u00e9trage\u00a0<strong><em>La voie royale<\/em><\/strong>.<\/p>\n\n\n\n<h3 class=\"wp-block-heading\">Les films en comp\u00e9tition<\/h3>\n\n\n\n<p class=\"wp-block-paragraph\">La\u00a0<strong>Section d\u00e9couverte<\/strong>\u00a0pr\u00e9sente une s\u00e9ance de courts-m\u00e9trages en comp\u00e9tition pour le\u00a0<strong>Prix d\u00e9couverte Bonh\u00f4te<\/strong>\u00a0d\u2019une valeur de CHF 3&rsquo;000.\u2013. Le\u00a0<strong>Prix du Forum du bilinguisme<\/strong>\u00a0sera remis \u00e0\u00a0<em>Ya Benti<\/em>\u00a0de Anissa Allali, film laur\u00e9at du concours \u00abLorsque les langues se rencontrent\u00a0\u00bb. Le court-m\u00e9trage sera accompagn\u00e9 par l\u2019actrice\u00a0<strong>Sonia Bendhaou<\/strong>. Finalement, comme chaque ann\u00e9e, le\u00a0<strong>Jury C\u00e9lestine<\/strong>\u00a0et Le\u00a0<strong>Jury des Jeunes<\/strong>\u00a0d\u00e9cerneront chacun un Prix \u00e0 un des films de la S\u00e9lection.<\/p>\n\n\n\n<h3 class=\"wp-block-heading\">Le Festival O<em>fff<\/em><\/h3>\n\n\n\n<p class=\"wp-block-paragraph\">Le Festival O<em>fff<\/em>\u00a0est de retour le week-end des\u00a0<strong>9 et 10 septembre<\/strong>\u00a0\u00e0 la\u00a0<strong>Maison Farel<\/strong>\u00a0avec un programme riche et ludique. Ces deux jours seront rythm\u00e9s par plusieurs ateliers autour du cin\u00e9ma et deux cin\u00e9-concerts destin\u00e9s \u00e0 faire d\u00e9couvrir les m\u00e9tiers du 7e\u00a0art. Le Festival O<em>fff<\/em>\u00a0est un \u00e9v\u00e8nement bilingue et gratuit, s\u2019adressant par sa diversit\u00e9 \u00e0 tous les publics.<\/p>\n\n\n\n<p class=\"wp-block-paragraph\">Plus d&rsquo;informations sur <a rel=\"noreferrer noopener\" href=\"https:\/\/www.fffh.ch\/fr\/\" target=\"_blank\"><strong>fffh.ch<\/strong><\/a><\/p>\n<div id=\"crieu-2357427313\" class=\"crieu-apres-le-contenu crieu-entity-placement\" style=\"margin-left: auto;margin-right: auto;text-align: center;\"><script async src=\"\/\/pagead2.googlesyndication.com\/pagead\/js\/adsbygoogle.js?client=ca-pub-5271584769416742\" crossorigin=\"anonymous\"><\/script><ins class=\"adsbygoogle\" style=\"display:block;\" data-ad-client=\"ca-pub-5271584769416742\" \ndata-ad-slot=\"9321250718\" \ndata-ad-format=\"auto\"><\/ins>\n<script> \n(adsbygoogle = window.adsbygoogle || []).push({}); \n<\/script>\n<\/div>","protected":false},"excerpt":{"rendered":"<p>Par\u00e9e de bleu-blanc-rouge durant cinq jours d\u00e9di\u00e9s au septi\u00e8me art, la ville de Bienne c\u00e9l\u00e9brera une fois de plus le cin\u00e9ma fran\u00e7ais\/francophone \u00e0 l\u2019occasion de la 19e \u00e9dition du Festival <a href=\"https:\/\/bale.ch\/journal\/19e-edition-du-festival-du-film-francais-dhelvetie-bienne-fait-son-cinema\/\" class=\"read-more button-fancy -red\"><span class=\"btn-arrow\"><\/span><span class=\"twp-read-more text\">Continuer la lecture<\/span><\/a><\/p>\n","protected":false},"author":45,"featured_media":3330,"comment_status":"closed","ping_status":"closed","sticky":false,"template":"","format":"standard","meta":{"footnotes":""},"categories":[103,18],"tags":[208,23,93],"class_list":["post-3329","post","type-post","status-publish","format-standard","has-post-thumbnail","hentry","category-actu","category-sortir","tag-biel-bienne","tag-cinema","tag-festival"],"yoast_head":"<!-- This site is optimized with the Yoast SEO plugin v28.3 - https:\/\/yoast.com\/product\/yoast-seo-wordpress\/ -->\n<title>19e \u00e9dition du Festival du Film Fran\u00e7ais d\u2019Helv\u00e9tie: Bienne fait son cin\u00e9ma - Journal de B\u00e2le et Gen\u00e8ve<\/title>\n<meta name=\"robots\" content=\"index, follow, max-snippet:-1, max-image-preview:large, max-video-preview:-1\" \/>\n<link rel=\"canonical\" href=\"https:\/\/bale.ch\/journal\/19e-edition-du-festival-du-film-francais-dhelvetie-bienne-fait-son-cinema\/\" \/>\n<meta property=\"og:locale\" content=\"fr_FR\" \/>\n<meta property=\"og:type\" content=\"article\" \/>\n<meta property=\"og:title\" content=\"19e \u00e9dition du Festival du Film Fran\u00e7ais d\u2019Helv\u00e9tie: Bienne fait son cin\u00e9ma - Journal de B\u00e2le et Gen\u00e8ve\" \/>\n<meta property=\"og:description\" content=\"Par\u00e9e de bleu-blanc-rouge durant cinq jours d\u00e9di\u00e9s au septi\u00e8me art, la ville de Bienne c\u00e9l\u00e9brera une fois de plus le cin\u00e9ma fran\u00e7ais\/francophone \u00e0 l\u2019occasion de la 19e \u00e9dition du Festival Continuer la lecture\" \/>\n<meta property=\"og:url\" content=\"https:\/\/bale.ch\/journal\/19e-edition-du-festival-du-film-francais-dhelvetie-bienne-fait-son-cinema\/\" \/>\n<meta property=\"og:site_name\" content=\"Journal de B\u00e2le et Gen\u00e8ve\" \/>\n<meta property=\"article:published_time\" content=\"2023-09-13T12:06:24+00:00\" \/>\n<meta property=\"og:image\" content=\"https:\/\/bale.ch\/journal\/wp-content\/uploads\/2023\/09\/fffh_2023.jpg\" \/>\n\t<meta property=\"og:image:width\" content=\"900\" \/>\n\t<meta property=\"og:image:height\" content=\"484\" \/>\n\t<meta property=\"og:image:type\" content=\"image\/jpeg\" \/>\n<meta name=\"author\" content=\"Milli Rodriguez\" \/>\n<meta name=\"twitter:card\" content=\"summary_large_image\" \/>\n<meta name=\"twitter:label1\" content=\"\u00c9crit par\" \/>\n\t<meta name=\"twitter:data1\" content=\"Milli Rodriguez\" \/>\n\t<meta name=\"twitter:label2\" content=\"Dur\u00e9e de lecture estim\u00e9e\" \/>\n\t<meta name=\"twitter:data2\" content=\"4 minutes\" \/>\n<script type=\"application\/ld+json\" class=\"yoast-schema-graph\">{\"@context\":\"https:\\\/\\\/schema.org\",\"@graph\":[{\"@type\":\"Article\",\"@id\":\"https:\\\/\\\/bale.ch\\\/journal\\\/19e-edition-du-festival-du-film-francais-dhelvetie-bienne-fait-son-cinema\\\/#article\",\"isPartOf\":{\"@id\":\"https:\\\/\\\/bale.ch\\\/journal\\\/19e-edition-du-festival-du-film-francais-dhelvetie-bienne-fait-son-cinema\\\/\"},\"author\":{\"name\":\"Milli Rodriguez\",\"@id\":\"https:\\\/\\\/bale.ch\\\/journal\\\/#\\\/schema\\\/person\\\/d2c51eb26e5f44eeca94459e0c72dc31\"},\"headline\":\"19e \u00e9dition du Festival du Film Fran\u00e7ais d\u2019Helv\u00e9tie: Bienne fait son cin\u00e9ma\",\"datePublished\":\"2023-09-13T12:06:24+00:00\",\"mainEntityOfPage\":{\"@id\":\"https:\\\/\\\/bale.ch\\\/journal\\\/19e-edition-du-festival-du-film-francais-dhelvetie-bienne-fait-son-cinema\\\/\"},\"wordCount\":789,\"publisher\":{\"@id\":\"https:\\\/\\\/bale.ch\\\/journal\\\/#organization\"},\"image\":{\"@id\":\"https:\\\/\\\/bale.ch\\\/journal\\\/19e-edition-du-festival-du-film-francais-dhelvetie-bienne-fait-son-cinema\\\/#primaryimage\"},\"thumbnailUrl\":\"https:\\\/\\\/bale.ch\\\/journal\\\/wp-content\\\/uploads\\\/2023\\\/09\\\/fffh_2023.jpg\",\"keywords\":[\"Biel\\\/Bienne\",\"Cin\u00e9ma\",\"festival\"],\"articleSection\":[\"Actualit\u00e9s\",\"Sortir\"],\"inLanguage\":\"fr-FR\"},{\"@type\":\"WebPage\",\"@id\":\"https:\\\/\\\/bale.ch\\\/journal\\\/19e-edition-du-festival-du-film-francais-dhelvetie-bienne-fait-son-cinema\\\/\",\"url\":\"https:\\\/\\\/bale.ch\\\/journal\\\/19e-edition-du-festival-du-film-francais-dhelvetie-bienne-fait-son-cinema\\\/\",\"name\":\"19e \u00e9dition du Festival du Film Fran\u00e7ais d\u2019Helv\u00e9tie: Bienne fait son cin\u00e9ma - Journal de B\u00e2le et Gen\u00e8ve\",\"isPartOf\":{\"@id\":\"https:\\\/\\\/bale.ch\\\/journal\\\/#website\"},\"primaryImageOfPage\":{\"@id\":\"https:\\\/\\\/bale.ch\\\/journal\\\/19e-edition-du-festival-du-film-francais-dhelvetie-bienne-fait-son-cinema\\\/#primaryimage\"},\"image\":{\"@id\":\"https:\\\/\\\/bale.ch\\\/journal\\\/19e-edition-du-festival-du-film-francais-dhelvetie-bienne-fait-son-cinema\\\/#primaryimage\"},\"thumbnailUrl\":\"https:\\\/\\\/bale.ch\\\/journal\\\/wp-content\\\/uploads\\\/2023\\\/09\\\/fffh_2023.jpg\",\"datePublished\":\"2023-09-13T12:06:24+00:00\",\"breadcrumb\":{\"@id\":\"https:\\\/\\\/bale.ch\\\/journal\\\/19e-edition-du-festival-du-film-francais-dhelvetie-bienne-fait-son-cinema\\\/#breadcrumb\"},\"inLanguage\":\"fr-FR\",\"potentialAction\":[{\"@type\":\"ReadAction\",\"target\":[\"https:\\\/\\\/bale.ch\\\/journal\\\/19e-edition-du-festival-du-film-francais-dhelvetie-bienne-fait-son-cinema\\\/\"]}]},{\"@type\":\"ImageObject\",\"inLanguage\":\"fr-FR\",\"@id\":\"https:\\\/\\\/bale.ch\\\/journal\\\/19e-edition-du-festival-du-film-francais-dhelvetie-bienne-fait-son-cinema\\\/#primaryimage\",\"url\":\"https:\\\/\\\/bale.ch\\\/journal\\\/wp-content\\\/uploads\\\/2023\\\/09\\\/fffh_2023.jpg\",\"contentUrl\":\"https:\\\/\\\/bale.ch\\\/journal\\\/wp-content\\\/uploads\\\/2023\\\/09\\\/fffh_2023.jpg\",\"width\":900,\"height\":484},{\"@type\":\"BreadcrumbList\",\"@id\":\"https:\\\/\\\/bale.ch\\\/journal\\\/19e-edition-du-festival-du-film-francais-dhelvetie-bienne-fait-son-cinema\\\/#breadcrumb\",\"itemListElement\":[{\"@type\":\"ListItem\",\"position\":1,\"name\":\"Accueil\",\"item\":\"https:\\\/\\\/bale.ch\\\/journal\\\/\"},{\"@type\":\"ListItem\",\"position\":2,\"name\":\"19e \u00e9dition du Festival du Film Fran\u00e7ais d\u2019Helv\u00e9tie: Bienne fait son cin\u00e9ma\"}]},{\"@type\":\"WebSite\",\"@id\":\"https:\\\/\\\/bale.ch\\\/journal\\\/#website\",\"url\":\"https:\\\/\\\/bale.ch\\\/journal\\\/\",\"name\":\"Journal de B\u00e2le et Gen\u00e8ve\",\"description\":\"M\u00e9dia transfrontalier d&#039;actualit\u00e9s - News\",\"publisher\":{\"@id\":\"https:\\\/\\\/bale.ch\\\/journal\\\/#organization\"},\"potentialAction\":[{\"@type\":\"SearchAction\",\"target\":{\"@type\":\"EntryPoint\",\"urlTemplate\":\"https:\\\/\\\/bale.ch\\\/journal\\\/?s={search_term_string}\"},\"query-input\":{\"@type\":\"PropertyValueSpecification\",\"valueRequired\":true,\"valueName\":\"search_term_string\"}}],\"inLanguage\":\"fr-FR\"},{\"@type\":\"Organization\",\"@id\":\"https:\\\/\\\/bale.ch\\\/journal\\\/#organization\",\"name\":\"Journal de B\u00e2le et Gen\u00e8ve\",\"url\":\"https:\\\/\\\/bale.ch\\\/journal\\\/\",\"logo\":{\"@type\":\"ImageObject\",\"inLanguage\":\"fr-FR\",\"@id\":\"https:\\\/\\\/bale.ch\\\/journal\\\/#\\\/schema\\\/logo\\\/image\\\/\",\"url\":\"https:\\\/\\\/bale.ch\\\/journal\\\/wp-content\\\/uploads\\\/2023\\\/07\\\/journaldebale_logo_2023_nb.png\",\"contentUrl\":\"https:\\\/\\\/bale.ch\\\/journal\\\/wp-content\\\/uploads\\\/2023\\\/07\\\/journaldebale_logo_2023_nb.png\",\"width\":371,\"height\":127,\"caption\":\"Journal de B\u00e2le et Gen\u00e8ve\"},\"image\":{\"@id\":\"https:\\\/\\\/bale.ch\\\/journal\\\/#\\\/schema\\\/logo\\\/image\\\/\"}},{\"@type\":\"Person\",\"@id\":\"https:\\\/\\\/bale.ch\\\/journal\\\/#\\\/schema\\\/person\\\/d2c51eb26e5f44eeca94459e0c72dc31\",\"name\":\"Milli Rodriguez\",\"image\":{\"@type\":\"ImageObject\",\"inLanguage\":\"fr-FR\",\"@id\":\"https:\\\/\\\/secure.gravatar.com\\\/avatar\\\/4fe31ac16a7f9abbe085387e5af3ce8c31c2ec0e90cca7e34b75e5a6588e6bf6?s=96&d=mm&r=g\",\"url\":\"https:\\\/\\\/secure.gravatar.com\\\/avatar\\\/4fe31ac16a7f9abbe085387e5af3ce8c31c2ec0e90cca7e34b75e5a6588e6bf6?s=96&d=mm&r=g\",\"contentUrl\":\"https:\\\/\\\/secure.gravatar.com\\\/avatar\\\/4fe31ac16a7f9abbe085387e5af3ce8c31c2ec0e90cca7e34b75e5a6588e6bf6?s=96&d=mm&r=g\",\"caption\":\"Milli Rodriguez\"},\"url\":\"https:\\\/\\\/bale.ch\\\/journal\\\/author\\\/millirodriguez\\\/\"}]}<\/script>\n<!-- \/ Yoast SEO plugin. -->","yoast_head_json":{"title":"19e \u00e9dition du Festival du Film Fran\u00e7ais d\u2019Helv\u00e9tie: Bienne fait son cin\u00e9ma - Journal de B\u00e2le et Gen\u00e8ve","robots":{"index":"index","follow":"follow","max-snippet":"max-snippet:-1","max-image-preview":"max-image-preview:large","max-video-preview":"max-video-preview:-1"},"canonical":"https:\/\/bale.ch\/journal\/19e-edition-du-festival-du-film-francais-dhelvetie-bienne-fait-son-cinema\/","og_locale":"fr_FR","og_type":"article","og_title":"19e \u00e9dition du Festival du Film Fran\u00e7ais d\u2019Helv\u00e9tie: Bienne fait son cin\u00e9ma - Journal de B\u00e2le et Gen\u00e8ve","og_description":"Par\u00e9e de bleu-blanc-rouge durant cinq jours d\u00e9di\u00e9s au septi\u00e8me art, la ville de Bienne c\u00e9l\u00e9brera une fois de plus le cin\u00e9ma fran\u00e7ais\/francophone \u00e0 l\u2019occasion de la 19e \u00e9dition du Festival Continuer la lecture","og_url":"https:\/\/bale.ch\/journal\/19e-edition-du-festival-du-film-francais-dhelvetie-bienne-fait-son-cinema\/","og_site_name":"Journal de B\u00e2le et Gen\u00e8ve","article_published_time":"2023-09-13T12:06:24+00:00","og_image":[{"width":900,"height":484,"url":"https:\/\/bale.ch\/journal\/wp-content\/uploads\/2023\/09\/fffh_2023.jpg","type":"image\/jpeg"}],"author":"Milli Rodriguez","twitter_card":"summary_large_image","twitter_misc":{"\u00c9crit par":"Milli Rodriguez","Dur\u00e9e de lecture estim\u00e9e":"4 minutes"},"schema":{"@context":"https:\/\/schema.org","@graph":[{"@type":"Article","@id":"https:\/\/bale.ch\/journal\/19e-edition-du-festival-du-film-francais-dhelvetie-bienne-fait-son-cinema\/#article","isPartOf":{"@id":"https:\/\/bale.ch\/journal\/19e-edition-du-festival-du-film-francais-dhelvetie-bienne-fait-son-cinema\/"},"author":{"name":"Milli Rodriguez","@id":"https:\/\/bale.ch\/journal\/#\/schema\/person\/d2c51eb26e5f44eeca94459e0c72dc31"},"headline":"19e \u00e9dition du Festival du Film Fran\u00e7ais d\u2019Helv\u00e9tie: Bienne fait son cin\u00e9ma","datePublished":"2023-09-13T12:06:24+00:00","mainEntityOfPage":{"@id":"https:\/\/bale.ch\/journal\/19e-edition-du-festival-du-film-francais-dhelvetie-bienne-fait-son-cinema\/"},"wordCount":789,"publisher":{"@id":"https:\/\/bale.ch\/journal\/#organization"},"image":{"@id":"https:\/\/bale.ch\/journal\/19e-edition-du-festival-du-film-francais-dhelvetie-bienne-fait-son-cinema\/#primaryimage"},"thumbnailUrl":"https:\/\/bale.ch\/journal\/wp-content\/uploads\/2023\/09\/fffh_2023.jpg","keywords":["Biel\/Bienne","Cin\u00e9ma","festival"],"articleSection":["Actualit\u00e9s","Sortir"],"inLanguage":"fr-FR"},{"@type":"WebPage","@id":"https:\/\/bale.ch\/journal\/19e-edition-du-festival-du-film-francais-dhelvetie-bienne-fait-son-cinema\/","url":"https:\/\/bale.ch\/journal\/19e-edition-du-festival-du-film-francais-dhelvetie-bienne-fait-son-cinema\/","name":"19e \u00e9dition du Festival du Film Fran\u00e7ais d\u2019Helv\u00e9tie: Bienne fait son cin\u00e9ma - Journal de B\u00e2le et Gen\u00e8ve","isPartOf":{"@id":"https:\/\/bale.ch\/journal\/#website"},"primaryImageOfPage":{"@id":"https:\/\/bale.ch\/journal\/19e-edition-du-festival-du-film-francais-dhelvetie-bienne-fait-son-cinema\/#primaryimage"},"image":{"@id":"https:\/\/bale.ch\/journal\/19e-edition-du-festival-du-film-francais-dhelvetie-bienne-fait-son-cinema\/#primaryimage"},"thumbnailUrl":"https:\/\/bale.ch\/journal\/wp-content\/uploads\/2023\/09\/fffh_2023.jpg","datePublished":"2023-09-13T12:06:24+00:00","breadcrumb":{"@id":"https:\/\/bale.ch\/journal\/19e-edition-du-festival-du-film-francais-dhelvetie-bienne-fait-son-cinema\/#breadcrumb"},"inLanguage":"fr-FR","potentialAction":[{"@type":"ReadAction","target":["https:\/\/bale.ch\/journal\/19e-edition-du-festival-du-film-francais-dhelvetie-bienne-fait-son-cinema\/"]}]},{"@type":"ImageObject","inLanguage":"fr-FR","@id":"https:\/\/bale.ch\/journal\/19e-edition-du-festival-du-film-francais-dhelvetie-bienne-fait-son-cinema\/#primaryimage","url":"https:\/\/bale.ch\/journal\/wp-content\/uploads\/2023\/09\/fffh_2023.jpg","contentUrl":"https:\/\/bale.ch\/journal\/wp-content\/uploads\/2023\/09\/fffh_2023.jpg","width":900,"height":484},{"@type":"BreadcrumbList","@id":"https:\/\/bale.ch\/journal\/19e-edition-du-festival-du-film-francais-dhelvetie-bienne-fait-son-cinema\/#breadcrumb","itemListElement":[{"@type":"ListItem","position":1,"name":"Accueil","item":"https:\/\/bale.ch\/journal\/"},{"@type":"ListItem","position":2,"name":"19e \u00e9dition du Festival du Film Fran\u00e7ais d\u2019Helv\u00e9tie: Bienne fait son cin\u00e9ma"}]},{"@type":"WebSite","@id":"https:\/\/bale.ch\/journal\/#website","url":"https:\/\/bale.ch\/journal\/","name":"Journal de B\u00e2le et Gen\u00e8ve","description":"M\u00e9dia transfrontalier d&#039;actualit\u00e9s - News","publisher":{"@id":"https:\/\/bale.ch\/journal\/#organization"},"potentialAction":[{"@type":"SearchAction","target":{"@type":"EntryPoint","urlTemplate":"https:\/\/bale.ch\/journal\/?s={search_term_string}"},"query-input":{"@type":"PropertyValueSpecification","valueRequired":true,"valueName":"search_term_string"}}],"inLanguage":"fr-FR"},{"@type":"Organization","@id":"https:\/\/bale.ch\/journal\/#organization","name":"Journal de B\u00e2le et Gen\u00e8ve","url":"https:\/\/bale.ch\/journal\/","logo":{"@type":"ImageObject","inLanguage":"fr-FR","@id":"https:\/\/bale.ch\/journal\/#\/schema\/logo\/image\/","url":"https:\/\/bale.ch\/journal\/wp-content\/uploads\/2023\/07\/journaldebale_logo_2023_nb.png","contentUrl":"https:\/\/bale.ch\/journal\/wp-content\/uploads\/2023\/07\/journaldebale_logo_2023_nb.png","width":371,"height":127,"caption":"Journal de B\u00e2le et Gen\u00e8ve"},"image":{"@id":"https:\/\/bale.ch\/journal\/#\/schema\/logo\/image\/"}},{"@type":"Person","@id":"https:\/\/bale.ch\/journal\/#\/schema\/person\/d2c51eb26e5f44eeca94459e0c72dc31","name":"Milli Rodriguez","image":{"@type":"ImageObject","inLanguage":"fr-FR","@id":"https:\/\/secure.gravatar.com\/avatar\/4fe31ac16a7f9abbe085387e5af3ce8c31c2ec0e90cca7e34b75e5a6588e6bf6?s=96&d=mm&r=g","url":"https:\/\/secure.gravatar.com\/avatar\/4fe31ac16a7f9abbe085387e5af3ce8c31c2ec0e90cca7e34b75e5a6588e6bf6?s=96&d=mm&r=g","contentUrl":"https:\/\/secure.gravatar.com\/avatar\/4fe31ac16a7f9abbe085387e5af3ce8c31c2ec0e90cca7e34b75e5a6588e6bf6?s=96&d=mm&r=g","caption":"Milli Rodriguez"},"url":"https:\/\/bale.ch\/journal\/author\/millirodriguez\/"}]}},"_links":{"self":[{"href":"https:\/\/bale.ch\/journal\/wp-json\/wp\/v2\/posts\/3329","targetHints":{"allow":["GET"]}}],"collection":[{"href":"https:\/\/bale.ch\/journal\/wp-json\/wp\/v2\/posts"}],"about":[{"href":"https:\/\/bale.ch\/journal\/wp-json\/wp\/v2\/types\/post"}],"author":[{"embeddable":true,"href":"https:\/\/bale.ch\/journal\/wp-json\/wp\/v2\/users\/45"}],"replies":[{"embeddable":true,"href":"https:\/\/bale.ch\/journal\/wp-json\/wp\/v2\/comments?post=3329"}],"version-history":[{"count":1,"href":"https:\/\/bale.ch\/journal\/wp-json\/wp\/v2\/posts\/3329\/revisions"}],"predecessor-version":[{"id":3331,"href":"https:\/\/bale.ch\/journal\/wp-json\/wp\/v2\/posts\/3329\/revisions\/3331"}],"wp:featuredmedia":[{"embeddable":true,"href":"https:\/\/bale.ch\/journal\/wp-json\/wp\/v2\/media\/3330"}],"wp:attachment":[{"href":"https:\/\/bale.ch\/journal\/wp-json\/wp\/v2\/media?parent=3329"}],"wp:term":[{"taxonomy":"category","embeddable":true,"href":"https:\/\/bale.ch\/journal\/wp-json\/wp\/v2\/categories?post=3329"},{"taxonomy":"post_tag","embeddable":true,"href":"https:\/\/bale.ch\/journal\/wp-json\/wp\/v2\/tags?post=3329"}],"curies":[{"name":"wp","href":"https:\/\/api.w.org\/{rel}","templated":true}]}}