{"id":3357,"date":"2023-09-16T06:13:32","date_gmt":"2023-09-16T06:13:32","guid":{"rendered":"https:\/\/bale.ch\/journal\/?p=3357"},"modified":"2023-09-16T06:13:33","modified_gmt":"2023-09-16T06:13:33","slug":"travaux-fermetures-sur-lautoroute-a2-pres-de-bale","status":"publish","type":"post","link":"https:\/\/bale.ch\/journal\/travaux-fermetures-sur-lautoroute-a2-pres-de-bale\/","title":{"rendered":"Travaux: fermetures sur l&rsquo;autoroute A2 pr\u00e8s de B\u00e2le"},"content":{"rendered":"\n<p class=\"wp-block-paragraph\"><strong>En raison de travaux de construction, plusieurs entr\u00e9es et sorties sur l&rsquo;A2 seront ferm\u00e9es du vendredi soir 15 septembre au 20 octobre 2023.<\/strong><\/p>\n\n\n\n<p class=\"wp-block-paragraph\">Dans le cadre du projet d&rsquo;entretien de l&rsquo;A2 Osttangente, des travaux de construction sont en cours sur les rampes d&rsquo;entr\u00e9e et de sortie du pont Birs B\u00e2le\/Muttenz, ce qui entra\u00eenera des perturbations de la circulation et des fermetures de l&rsquo;entr\u00e9e et de la sortie B\u00e2le-St.&nbsp;Jakob, direction B\u00e2le et Lucerne.<\/p>\n\n\n\n<p class=\"wp-block-paragraph\">Sur l&rsquo;A2, divers travaux de fraisage et de rev\u00eatement sont en cours sur les rampes d&rsquo;entr\u00e9e et de sortie du pont Birs B\u00e2le\/Muttenz.&nbsp;Les travaux entra\u00eeneront des perturbations de la circulation et des fermetures dans cette zone le week-end.<\/p><div id=\"crieu-1632885825\" class=\"crieu-content crieu-entity-placement\"><script async src=\"\/\/pagead2.googlesyndication.com\/pagead\/js\/adsbygoogle.js?client=ca-pub-5271584769416742\" crossorigin=\"anonymous\"><\/script><ins class=\"adsbygoogle\" style=\"display:block;\" data-ad-client=\"ca-pub-5271584769416742\" \ndata-ad-slot=\"9321250718\" \ndata-ad-format=\"auto\"><\/ins>\n<script> \n(adsbygoogle = window.adsbygoogle || []).push({}); \n<\/script>\n<\/div>\n\n\n\n<p class=\"wp-block-paragraph\">L&rsquo;entr\u00e9e et la sortie du pont Birs B\u00e2le\/Muttenz doivent \u00eatre ferm\u00e9es pour des raisons de s\u00e9curit\u00e9 et de logistique de construction.&nbsp;Le trafic sera d\u00e9vi\u00e9 via Muttenz-S\u00fcd et B\u00e2le-Ville.<\/p>\n\n\n\n<p class=\"wp-block-paragraph\">Entr\u00e9e et sortie A2 B\u00e2le-St.\u00a0Jakob, direction B\u00e2le et Lucerne,<br>rampe d&rsquo;entr\u00e9e ferm\u00e9e<br>du vendredi 15 septembre 21h au dimanche 17 septembre 2023, 20h <br>du vendredi 22 septembre 21h au dimanche 24 septembre 2023, 20h<br>du Vendredi 29 septembre 9h 3h00 au dimanche 1er octobre 2023, 20h00<\/p>\n\n\n\n<p class=\"wp-block-paragraph\">Rampe de sortie<br>Du vendredi 6 octobre, 21h au dimanche 8 octobre 2023, 20h <br>Du vendredi 13 octobre, 21h au dimanche 15 octobre 2023, 20h<br>Du vendredi 20 octobre, 21h au dimanche 22 octobre 2023 , 20h<\/p>\n<div id=\"crieu-347423431\" class=\"crieu-apres-le-contenu crieu-entity-placement\" style=\"margin-left: auto;margin-right: auto;text-align: center;\"><script async src=\"\/\/pagead2.googlesyndication.com\/pagead\/js\/adsbygoogle.js?client=ca-pub-5271584769416742\" crossorigin=\"anonymous\"><\/script><ins class=\"adsbygoogle\" style=\"display:block;\" data-ad-client=\"ca-pub-5271584769416742\" \ndata-ad-slot=\"9321250718\" \ndata-ad-format=\"auto\"><\/ins>\n<script> \n(adsbygoogle = window.adsbygoogle || []).push({}); \n<\/script>\n<\/div>","protected":false},"excerpt":{"rendered":"<p>En raison de travaux de construction, plusieurs entr\u00e9es et sorties sur l&rsquo;A2 seront ferm\u00e9es du vendredi soir 15 septembre au 20 octobre 2023. Dans le cadre du projet d&rsquo;entretien de <a href=\"https:\/\/bale.ch\/journal\/travaux-fermetures-sur-lautoroute-a2-pres-de-bale\/\" class=\"read-more button-fancy -red\"><span class=\"btn-arrow\"><\/span><span class=\"twp-read-more text\">Continuer la lecture<\/span><\/a><\/p>\n","protected":false},"author":2,"featured_media":3359,"comment_status":"closed","ping_status":"closed","sticky":false,"template":"","format":"standard","meta":{"footnotes":""},"categories":[103,7],"tags":[],"class_list":["post-3357","post","type-post","status-publish","format-standard","has-post-thumbnail","hentry","category-actu","category-bale"],"yoast_head":"<!-- This site is optimized with the Yoast SEO plugin v28.3 - https:\/\/yoast.com\/product\/yoast-seo-wordpress\/ -->\n<title>Travaux: fermetures sur l&#039;autoroute A2 pr\u00e8s de B\u00e2le - Journal de B\u00e2le et Gen\u00e8ve<\/title>\n<meta name=\"robots\" content=\"index, follow, max-snippet:-1, max-image-preview:large, max-video-preview:-1\" \/>\n<link rel=\"canonical\" href=\"https:\/\/bale.ch\/journal\/travaux-fermetures-sur-lautoroute-a2-pres-de-bale\/\" \/>\n<meta property=\"og:locale\" content=\"fr_FR\" \/>\n<meta property=\"og:type\" content=\"article\" \/>\n<meta property=\"og:title\" content=\"Travaux: fermetures sur l&#039;autoroute A2 pr\u00e8s de B\u00e2le - Journal de B\u00e2le et Gen\u00e8ve\" \/>\n<meta property=\"og:description\" content=\"En raison de travaux de construction, plusieurs entr\u00e9es et sorties sur l&rsquo;A2 seront ferm\u00e9es du vendredi soir 15 septembre au 20 octobre 2023. Dans le cadre du projet d&rsquo;entretien de Continuer la lecture\" \/>\n<meta property=\"og:url\" content=\"https:\/\/bale.ch\/journal\/travaux-fermetures-sur-lautoroute-a2-pres-de-bale\/\" \/>\n<meta property=\"og:site_name\" content=\"Journal de B\u00e2le et Gen\u00e8ve\" \/>\n<meta property=\"article:published_time\" content=\"2023-09-16T06:13:32+00:00\" \/>\n<meta property=\"article:modified_time\" content=\"2023-09-16T06:13:33+00:00\" \/>\n<meta property=\"og:image\" content=\"https:\/\/bale.ch\/journal\/wp-content\/uploads\/2023\/09\/travaux_autoroute.jpg\" \/>\n\t<meta property=\"og:image:width\" content=\"900\" \/>\n\t<meta property=\"og:image:height\" content=\"484\" \/>\n\t<meta property=\"og:image:type\" content=\"image\/jpeg\" \/>\n<meta name=\"author\" content=\"La R\u00e9daction\" \/>\n<meta name=\"twitter:card\" content=\"summary_large_image\" \/>\n<meta name=\"twitter:label1\" content=\"\u00c9crit par\" \/>\n\t<meta name=\"twitter:data1\" content=\"La R\u00e9daction\" \/>\n\t<meta name=\"twitter:label2\" content=\"Dur\u00e9e de lecture estim\u00e9e\" \/>\n\t<meta name=\"twitter:data2\" content=\"1 minute\" \/>\n<script type=\"application\/ld+json\" class=\"yoast-schema-graph\">{\"@context\":\"https:\\\/\\\/schema.org\",\"@graph\":[{\"@type\":\"Article\",\"@id\":\"https:\\\/\\\/bale.ch\\\/journal\\\/travaux-fermetures-sur-lautoroute-a2-pres-de-bale\\\/#article\",\"isPartOf\":{\"@id\":\"https:\\\/\\\/bale.ch\\\/journal\\\/travaux-fermetures-sur-lautoroute-a2-pres-de-bale\\\/\"},\"author\":{\"name\":\"La R\u00e9daction\",\"@id\":\"https:\\\/\\\/bale.ch\\\/journal\\\/#\\\/schema\\\/person\\\/03ced978db3b7a5274c5cef003f352f5\"},\"headline\":\"Travaux: fermetures sur l&rsquo;autoroute A2 pr\u00e8s de B\u00e2le\",\"datePublished\":\"2023-09-16T06:13:32+00:00\",\"dateModified\":\"2023-09-16T06:13:33+00:00\",\"mainEntityOfPage\":{\"@id\":\"https:\\\/\\\/bale.ch\\\/journal\\\/travaux-fermetures-sur-lautoroute-a2-pres-de-bale\\\/\"},\"wordCount\":250,\"publisher\":{\"@id\":\"https:\\\/\\\/bale.ch\\\/journal\\\/#organization\"},\"image\":{\"@id\":\"https:\\\/\\\/bale.ch\\\/journal\\\/travaux-fermetures-sur-lautoroute-a2-pres-de-bale\\\/#primaryimage\"},\"thumbnailUrl\":\"https:\\\/\\\/bale.ch\\\/journal\\\/wp-content\\\/uploads\\\/2023\\\/09\\\/travaux_autoroute.jpg\",\"articleSection\":[\"Actualit\u00e9s\",\"B\u00e2le Trinationale\"],\"inLanguage\":\"fr-FR\"},{\"@type\":\"WebPage\",\"@id\":\"https:\\\/\\\/bale.ch\\\/journal\\\/travaux-fermetures-sur-lautoroute-a2-pres-de-bale\\\/\",\"url\":\"https:\\\/\\\/bale.ch\\\/journal\\\/travaux-fermetures-sur-lautoroute-a2-pres-de-bale\\\/\",\"name\":\"Travaux: fermetures sur l'autoroute A2 pr\u00e8s de B\u00e2le - Journal de B\u00e2le et Gen\u00e8ve\",\"isPartOf\":{\"@id\":\"https:\\\/\\\/bale.ch\\\/journal\\\/#website\"},\"primaryImageOfPage\":{\"@id\":\"https:\\\/\\\/bale.ch\\\/journal\\\/travaux-fermetures-sur-lautoroute-a2-pres-de-bale\\\/#primaryimage\"},\"image\":{\"@id\":\"https:\\\/\\\/bale.ch\\\/journal\\\/travaux-fermetures-sur-lautoroute-a2-pres-de-bale\\\/#primaryimage\"},\"thumbnailUrl\":\"https:\\\/\\\/bale.ch\\\/journal\\\/wp-content\\\/uploads\\\/2023\\\/09\\\/travaux_autoroute.jpg\",\"datePublished\":\"2023-09-16T06:13:32+00:00\",\"dateModified\":\"2023-09-16T06:13:33+00:00\",\"breadcrumb\":{\"@id\":\"https:\\\/\\\/bale.ch\\\/journal\\\/travaux-fermetures-sur-lautoroute-a2-pres-de-bale\\\/#breadcrumb\"},\"inLanguage\":\"fr-FR\",\"potentialAction\":[{\"@type\":\"ReadAction\",\"target\":[\"https:\\\/\\\/bale.ch\\\/journal\\\/travaux-fermetures-sur-lautoroute-a2-pres-de-bale\\\/\"]}]},{\"@type\":\"ImageObject\",\"inLanguage\":\"fr-FR\",\"@id\":\"https:\\\/\\\/bale.ch\\\/journal\\\/travaux-fermetures-sur-lautoroute-a2-pres-de-bale\\\/#primaryimage\",\"url\":\"https:\\\/\\\/bale.ch\\\/journal\\\/wp-content\\\/uploads\\\/2023\\\/09\\\/travaux_autoroute.jpg\",\"contentUrl\":\"https:\\\/\\\/bale.ch\\\/journal\\\/wp-content\\\/uploads\\\/2023\\\/09\\\/travaux_autoroute.jpg\",\"width\":900,\"height\":484},{\"@type\":\"BreadcrumbList\",\"@id\":\"https:\\\/\\\/bale.ch\\\/journal\\\/travaux-fermetures-sur-lautoroute-a2-pres-de-bale\\\/#breadcrumb\",\"itemListElement\":[{\"@type\":\"ListItem\",\"position\":1,\"name\":\"Accueil\",\"item\":\"https:\\\/\\\/bale.ch\\\/journal\\\/\"},{\"@type\":\"ListItem\",\"position\":2,\"name\":\"Travaux: fermetures sur l&rsquo;autoroute A2 pr\u00e8s de B\u00e2le\"}]},{\"@type\":\"WebSite\",\"@id\":\"https:\\\/\\\/bale.ch\\\/journal\\\/#website\",\"url\":\"https:\\\/\\\/bale.ch\\\/journal\\\/\",\"name\":\"Journal de B\u00e2le et Gen\u00e8ve\",\"description\":\"M\u00e9dia transfrontalier d&#039;actualit\u00e9s - News\",\"publisher\":{\"@id\":\"https:\\\/\\\/bale.ch\\\/journal\\\/#organization\"},\"potentialAction\":[{\"@type\":\"SearchAction\",\"target\":{\"@type\":\"EntryPoint\",\"urlTemplate\":\"https:\\\/\\\/bale.ch\\\/journal\\\/?s={search_term_string}\"},\"query-input\":{\"@type\":\"PropertyValueSpecification\",\"valueRequired\":true,\"valueName\":\"search_term_string\"}}],\"inLanguage\":\"fr-FR\"},{\"@type\":\"Organization\",\"@id\":\"https:\\\/\\\/bale.ch\\\/journal\\\/#organization\",\"name\":\"Journal de B\u00e2le et Gen\u00e8ve\",\"url\":\"https:\\\/\\\/bale.ch\\\/journal\\\/\",\"logo\":{\"@type\":\"ImageObject\",\"inLanguage\":\"fr-FR\",\"@id\":\"https:\\\/\\\/bale.ch\\\/journal\\\/#\\\/schema\\\/logo\\\/image\\\/\",\"url\":\"https:\\\/\\\/bale.ch\\\/journal\\\/wp-content\\\/uploads\\\/2023\\\/07\\\/journaldebale_logo_2023_nb.png\",\"contentUrl\":\"https:\\\/\\\/bale.ch\\\/journal\\\/wp-content\\\/uploads\\\/2023\\\/07\\\/journaldebale_logo_2023_nb.png\",\"width\":371,\"height\":127,\"caption\":\"Journal de B\u00e2le et Gen\u00e8ve\"},\"image\":{\"@id\":\"https:\\\/\\\/bale.ch\\\/journal\\\/#\\\/schema\\\/logo\\\/image\\\/\"}},{\"@type\":\"Person\",\"@id\":\"https:\\\/\\\/bale.ch\\\/journal\\\/#\\\/schema\\\/person\\\/03ced978db3b7a5274c5cef003f352f5\",\"name\":\"La R\u00e9daction\",\"image\":{\"@type\":\"ImageObject\",\"inLanguage\":\"fr-FR\",\"@id\":\"https:\\\/\\\/secure.gravatar.com\\\/avatar\\\/d1327e2ce8d2b860112f968a3f34686c9bdda7a463a1502cdd1070ac9d88cf1e?s=96&d=mm&r=g\",\"url\":\"https:\\\/\\\/secure.gravatar.com\\\/avatar\\\/d1327e2ce8d2b860112f968a3f34686c9bdda7a463a1502cdd1070ac9d88cf1e?s=96&d=mm&r=g\",\"contentUrl\":\"https:\\\/\\\/secure.gravatar.com\\\/avatar\\\/d1327e2ce8d2b860112f968a3f34686c9bdda7a463a1502cdd1070ac9d88cf1e?s=96&d=mm&r=g\",\"caption\":\"La R\u00e9daction\"},\"url\":\"https:\\\/\\\/bale.ch\\\/journal\\\/author\\\/laredaction\\\/\"}]}<\/script>\n<!-- \/ Yoast SEO plugin. -->","yoast_head_json":{"title":"Travaux: fermetures sur l'autoroute A2 pr\u00e8s de B\u00e2le - Journal de B\u00e2le et Gen\u00e8ve","robots":{"index":"index","follow":"follow","max-snippet":"max-snippet:-1","max-image-preview":"max-image-preview:large","max-video-preview":"max-video-preview:-1"},"canonical":"https:\/\/bale.ch\/journal\/travaux-fermetures-sur-lautoroute-a2-pres-de-bale\/","og_locale":"fr_FR","og_type":"article","og_title":"Travaux: fermetures sur l'autoroute A2 pr\u00e8s de B\u00e2le - Journal de B\u00e2le et Gen\u00e8ve","og_description":"En raison de travaux de construction, plusieurs entr\u00e9es et sorties sur l&rsquo;A2 seront ferm\u00e9es du vendredi soir 15 septembre au 20 octobre 2023. Dans le cadre du projet d&rsquo;entretien de Continuer la lecture","og_url":"https:\/\/bale.ch\/journal\/travaux-fermetures-sur-lautoroute-a2-pres-de-bale\/","og_site_name":"Journal de B\u00e2le et Gen\u00e8ve","article_published_time":"2023-09-16T06:13:32+00:00","article_modified_time":"2023-09-16T06:13:33+00:00","og_image":[{"width":900,"height":484,"url":"https:\/\/bale.ch\/journal\/wp-content\/uploads\/2023\/09\/travaux_autoroute.jpg","type":"image\/jpeg"}],"author":"La R\u00e9daction","twitter_card":"summary_large_image","twitter_misc":{"\u00c9crit par":"La R\u00e9daction","Dur\u00e9e de lecture estim\u00e9e":"1 minute"},"schema":{"@context":"https:\/\/schema.org","@graph":[{"@type":"Article","@id":"https:\/\/bale.ch\/journal\/travaux-fermetures-sur-lautoroute-a2-pres-de-bale\/#article","isPartOf":{"@id":"https:\/\/bale.ch\/journal\/travaux-fermetures-sur-lautoroute-a2-pres-de-bale\/"},"author":{"name":"La R\u00e9daction","@id":"https:\/\/bale.ch\/journal\/#\/schema\/person\/03ced978db3b7a5274c5cef003f352f5"},"headline":"Travaux: fermetures sur l&rsquo;autoroute A2 pr\u00e8s de B\u00e2le","datePublished":"2023-09-16T06:13:32+00:00","dateModified":"2023-09-16T06:13:33+00:00","mainEntityOfPage":{"@id":"https:\/\/bale.ch\/journal\/travaux-fermetures-sur-lautoroute-a2-pres-de-bale\/"},"wordCount":250,"publisher":{"@id":"https:\/\/bale.ch\/journal\/#organization"},"image":{"@id":"https:\/\/bale.ch\/journal\/travaux-fermetures-sur-lautoroute-a2-pres-de-bale\/#primaryimage"},"thumbnailUrl":"https:\/\/bale.ch\/journal\/wp-content\/uploads\/2023\/09\/travaux_autoroute.jpg","articleSection":["Actualit\u00e9s","B\u00e2le Trinationale"],"inLanguage":"fr-FR"},{"@type":"WebPage","@id":"https:\/\/bale.ch\/journal\/travaux-fermetures-sur-lautoroute-a2-pres-de-bale\/","url":"https:\/\/bale.ch\/journal\/travaux-fermetures-sur-lautoroute-a2-pres-de-bale\/","name":"Travaux: fermetures sur l'autoroute A2 pr\u00e8s de B\u00e2le - Journal de B\u00e2le et Gen\u00e8ve","isPartOf":{"@id":"https:\/\/bale.ch\/journal\/#website"},"primaryImageOfPage":{"@id":"https:\/\/bale.ch\/journal\/travaux-fermetures-sur-lautoroute-a2-pres-de-bale\/#primaryimage"},"image":{"@id":"https:\/\/bale.ch\/journal\/travaux-fermetures-sur-lautoroute-a2-pres-de-bale\/#primaryimage"},"thumbnailUrl":"https:\/\/bale.ch\/journal\/wp-content\/uploads\/2023\/09\/travaux_autoroute.jpg","datePublished":"2023-09-16T06:13:32+00:00","dateModified":"2023-09-16T06:13:33+00:00","breadcrumb":{"@id":"https:\/\/bale.ch\/journal\/travaux-fermetures-sur-lautoroute-a2-pres-de-bale\/#breadcrumb"},"inLanguage":"fr-FR","potentialAction":[{"@type":"ReadAction","target":["https:\/\/bale.ch\/journal\/travaux-fermetures-sur-lautoroute-a2-pres-de-bale\/"]}]},{"@type":"ImageObject","inLanguage":"fr-FR","@id":"https:\/\/bale.ch\/journal\/travaux-fermetures-sur-lautoroute-a2-pres-de-bale\/#primaryimage","url":"https:\/\/bale.ch\/journal\/wp-content\/uploads\/2023\/09\/travaux_autoroute.jpg","contentUrl":"https:\/\/bale.ch\/journal\/wp-content\/uploads\/2023\/09\/travaux_autoroute.jpg","width":900,"height":484},{"@type":"BreadcrumbList","@id":"https:\/\/bale.ch\/journal\/travaux-fermetures-sur-lautoroute-a2-pres-de-bale\/#breadcrumb","itemListElement":[{"@type":"ListItem","position":1,"name":"Accueil","item":"https:\/\/bale.ch\/journal\/"},{"@type":"ListItem","position":2,"name":"Travaux: fermetures sur l&rsquo;autoroute A2 pr\u00e8s de B\u00e2le"}]},{"@type":"WebSite","@id":"https:\/\/bale.ch\/journal\/#website","url":"https:\/\/bale.ch\/journal\/","name":"Journal de B\u00e2le et Gen\u00e8ve","description":"M\u00e9dia transfrontalier d&#039;actualit\u00e9s - News","publisher":{"@id":"https:\/\/bale.ch\/journal\/#organization"},"potentialAction":[{"@type":"SearchAction","target":{"@type":"EntryPoint","urlTemplate":"https:\/\/bale.ch\/journal\/?s={search_term_string}"},"query-input":{"@type":"PropertyValueSpecification","valueRequired":true,"valueName":"search_term_string"}}],"inLanguage":"fr-FR"},{"@type":"Organization","@id":"https:\/\/bale.ch\/journal\/#organization","name":"Journal de B\u00e2le et Gen\u00e8ve","url":"https:\/\/bale.ch\/journal\/","logo":{"@type":"ImageObject","inLanguage":"fr-FR","@id":"https:\/\/bale.ch\/journal\/#\/schema\/logo\/image\/","url":"https:\/\/bale.ch\/journal\/wp-content\/uploads\/2023\/07\/journaldebale_logo_2023_nb.png","contentUrl":"https:\/\/bale.ch\/journal\/wp-content\/uploads\/2023\/07\/journaldebale_logo_2023_nb.png","width":371,"height":127,"caption":"Journal de B\u00e2le et Gen\u00e8ve"},"image":{"@id":"https:\/\/bale.ch\/journal\/#\/schema\/logo\/image\/"}},{"@type":"Person","@id":"https:\/\/bale.ch\/journal\/#\/schema\/person\/03ced978db3b7a5274c5cef003f352f5","name":"La R\u00e9daction","image":{"@type":"ImageObject","inLanguage":"fr-FR","@id":"https:\/\/secure.gravatar.com\/avatar\/d1327e2ce8d2b860112f968a3f34686c9bdda7a463a1502cdd1070ac9d88cf1e?s=96&d=mm&r=g","url":"https:\/\/secure.gravatar.com\/avatar\/d1327e2ce8d2b860112f968a3f34686c9bdda7a463a1502cdd1070ac9d88cf1e?s=96&d=mm&r=g","contentUrl":"https:\/\/secure.gravatar.com\/avatar\/d1327e2ce8d2b860112f968a3f34686c9bdda7a463a1502cdd1070ac9d88cf1e?s=96&d=mm&r=g","caption":"La R\u00e9daction"},"url":"https:\/\/bale.ch\/journal\/author\/laredaction\/"}]}},"_links":{"self":[{"href":"https:\/\/bale.ch\/journal\/wp-json\/wp\/v2\/posts\/3357","targetHints":{"allow":["GET"]}}],"collection":[{"href":"https:\/\/bale.ch\/journal\/wp-json\/wp\/v2\/posts"}],"about":[{"href":"https:\/\/bale.ch\/journal\/wp-json\/wp\/v2\/types\/post"}],"author":[{"embeddable":true,"href":"https:\/\/bale.ch\/journal\/wp-json\/wp\/v2\/users\/2"}],"replies":[{"embeddable":true,"href":"https:\/\/bale.ch\/journal\/wp-json\/wp\/v2\/comments?post=3357"}],"version-history":[{"count":1,"href":"https:\/\/bale.ch\/journal\/wp-json\/wp\/v2\/posts\/3357\/revisions"}],"predecessor-version":[{"id":3360,"href":"https:\/\/bale.ch\/journal\/wp-json\/wp\/v2\/posts\/3357\/revisions\/3360"}],"wp:featuredmedia":[{"embeddable":true,"href":"https:\/\/bale.ch\/journal\/wp-json\/wp\/v2\/media\/3359"}],"wp:attachment":[{"href":"https:\/\/bale.ch\/journal\/wp-json\/wp\/v2\/media?parent=3357"}],"wp:term":[{"taxonomy":"category","embeddable":true,"href":"https:\/\/bale.ch\/journal\/wp-json\/wp\/v2\/categories?post=3357"},{"taxonomy":"post_tag","embeddable":true,"href":"https:\/\/bale.ch\/journal\/wp-json\/wp\/v2\/tags?post=3357"}],"curies":[{"name":"wp","href":"https:\/\/api.w.org\/{rel}","templated":true}]}}