{"id":3362,"date":"2023-09-16T06:48:58","date_gmt":"2023-09-16T06:48:58","guid":{"rendered":"https:\/\/bale.ch\/journal\/?p=3362"},"modified":"2023-09-16T06:49:07","modified_gmt":"2023-09-16T06:49:07","slug":"le-retour-du-grand-salon-vegale-de-bale","status":"publish","type":"post","link":"https:\/\/bale.ch\/journal\/le-retour-du-grand-salon-vegale-de-bale\/","title":{"rendered":"Le retour du grand salon v\u00e9gane de B\u00e2le"},"content":{"rendered":"\n<p class=\"wp-block-paragraph\"><strong>Le v\u00e9ganisme gagne peu \u00e0 peu du terrain pour un mode de consommation \u00e0 Moindre empreinte environnementale, bien-\u00eatre animal&#8230; Les r\u00e9gimes alimentaires alternatifs gagnent du terrain comme nous le prouve pour la cinqui\u00e8me ann\u00e9e le salon v\u00e9gane de B\u00e2le, ou\u00a0Basel Vegan Messe en allemand dans le texte.<\/strong><\/p>\n\n\n\n<p class=\"wp-block-paragraph\">De 300 visiteurs lors de la premi\u00e8re \u00e9dition \u00e0 plus de 4&rsquo;500, le salon s\u2019est transform\u00e9 tr\u00e8s rapidement en un <em>\u00ab\u00a0petit \u00e9v\u00e9nement d&rsquo;importance\u00a0\u00bb<\/em>, le plus grand du genre en Suisse avec huitante sept exposants alimentaires et non-alimentaires venant de Suisse, d&rsquo;Allemagne, de France, d&rsquo;Autriche et d&rsquo;Angleterre. <\/p>\n\n\n\n<p class=\"wp-block-paragraph\">Ils pr\u00e9senteront <em>\u00ab\u00a0de nouveaux produits passionnants\u00a0\u00bb<\/em>, des tendances et une large gamme de nourriture et de services\u00a0<em>\u00ab\u00a0sans souffrance animale\u00a0\u00bb<\/em>.\u00a0La gamme de produits propos\u00e9s au salon comprend, entre autres, de nombreuses nouvelles alternatives \u00e0 la viande et plats sucr\u00e9s v\u00e9g\u00e9taliens, des p\u00e2tisseries et des p\u00e2tes, des chips, des tartinades v\u00e9g\u00e9taliennes au saumon ou au thon.\u00a0De d\u00e9licieux biscuits, glaces et chocolats provenant des principaux fournisseurs suisses et internationaux, de savoureuses bi\u00e8res et boissons biologiques.\u00a0<\/p><div id=\"crieu-1296449043\" class=\"crieu-content crieu-entity-placement\"><script async src=\"\/\/pagead2.googlesyndication.com\/pagead\/js\/adsbygoogle.js?client=ca-pub-5271584769416742\" crossorigin=\"anonymous\"><\/script><ins class=\"adsbygoogle\" style=\"display:block;\" data-ad-client=\"ca-pub-5271584769416742\" \ndata-ad-slot=\"9321250718\" \ndata-ad-format=\"auto\"><\/ins>\n<script> \n(adsbygoogle = window.adsbygoogle || []).push({}); \n<\/script>\n<\/div>\n\n\n\n<p class=\"wp-block-paragraph\">\u00c9pices, sauces et dans le secteur non alimentaire, mode, sacs \u00e0 main pour femmes en feuilles de cactus, cosm\u00e9tiques, bijoux, bracelets, montres avec bracelets alternatifs en cuir d&rsquo;Angleterre &#8211; studio de tatouage (mot cl\u00e9 : couleurs v\u00e9g\u00e9taliennes) et h\u00f4tels 4 \u00e9toiles d&rsquo;Autriche et d&rsquo;Allemagne pr\u00e9sentent leurs services et produits v\u00e9ganes au Kultur- und Sportzentrum Bruckfeld (Kuspo) \u00e0 M\u00fcnchenstein, aux portes de la ville de B\u00e2le.<\/p>\n\n\n\n<p class=\"wp-block-paragraph\">Le samedi 16 septembre de 12h \u00e0 19h et le dimanche 17 septembre de 10h \u00e0 18h. Entr\u00e9e CHF 10.- par personne, gratuit pour les moins de 12 ans. Les chiens sont accept\u00e9s. Plus d&rsquo;infos sur <strong><a href=\"https:\/\/vegan-messe.ch\/\">vegan-messe.ch<\/a><\/strong><\/p>\n<div id=\"crieu-3183726236\" class=\"crieu-apres-le-contenu crieu-entity-placement\" style=\"margin-left: auto;margin-right: auto;text-align: center;\"><script async src=\"\/\/pagead2.googlesyndication.com\/pagead\/js\/adsbygoogle.js?client=ca-pub-5271584769416742\" crossorigin=\"anonymous\"><\/script><ins class=\"adsbygoogle\" style=\"display:block;\" data-ad-client=\"ca-pub-5271584769416742\" \ndata-ad-slot=\"9321250718\" \ndata-ad-format=\"auto\"><\/ins>\n<script> \n(adsbygoogle = window.adsbygoogle || []).push({}); \n<\/script>\n<\/div>","protected":false},"excerpt":{"rendered":"<p>Le v\u00e9ganisme gagne peu \u00e0 peu du terrain pour un mode de consommation \u00e0 Moindre empreinte environnementale, bien-\u00eatre animal&#8230; Les r\u00e9gimes alimentaires alternatifs gagnent du terrain comme nous le prouve <a href=\"https:\/\/bale.ch\/journal\/le-retour-du-grand-salon-vegale-de-bale\/\" class=\"read-more button-fancy -red\"><span class=\"btn-arrow\"><\/span><span class=\"twp-read-more text\">Continuer la lecture<\/span><\/a><\/p>\n","protected":false},"author":45,"featured_media":3363,"comment_status":"closed","ping_status":"closed","sticky":false,"template":"","format":"standard","meta":{"footnotes":""},"categories":[103,7,18],"tags":[60,223,224],"class_list":["post-3362","post","type-post","status-publish","format-standard","has-post-thumbnail","hentry","category-actu","category-bale","category-sortir","tag-bale","tag-salon-vegane","tag-vegan-messe-basel"],"yoast_head":"<!-- This site is optimized with the Yoast SEO plugin v28.3 - https:\/\/yoast.com\/product\/yoast-seo-wordpress\/ -->\n<title>Le retour du grand salon v\u00e9gane de B\u00e2le - Journal de B\u00e2le et Gen\u00e8ve<\/title>\n<meta name=\"robots\" content=\"index, follow, max-snippet:-1, max-image-preview:large, max-video-preview:-1\" \/>\n<link rel=\"canonical\" href=\"https:\/\/bale.ch\/journal\/le-retour-du-grand-salon-vegale-de-bale\/\" \/>\n<meta property=\"og:locale\" content=\"fr_FR\" \/>\n<meta property=\"og:type\" content=\"article\" \/>\n<meta property=\"og:title\" content=\"Le retour du grand salon v\u00e9gane de B\u00e2le - Journal de B\u00e2le et Gen\u00e8ve\" \/>\n<meta property=\"og:description\" content=\"Le v\u00e9ganisme gagne peu \u00e0 peu du terrain pour un mode de consommation \u00e0 Moindre empreinte environnementale, bien-\u00eatre animal&#8230; Les r\u00e9gimes alimentaires alternatifs gagnent du terrain comme nous le prouve Continuer la lecture\" \/>\n<meta property=\"og:url\" content=\"https:\/\/bale.ch\/journal\/le-retour-du-grand-salon-vegale-de-bale\/\" \/>\n<meta property=\"og:site_name\" content=\"Journal de B\u00e2le et Gen\u00e8ve\" \/>\n<meta property=\"article:published_time\" content=\"2023-09-16T06:48:58+00:00\" \/>\n<meta property=\"article:modified_time\" content=\"2023-09-16T06:49:07+00:00\" \/>\n<meta property=\"og:image\" content=\"https:\/\/bale.ch\/journal\/wp-content\/uploads\/2023\/09\/vegan_messe_basel_foire_salon_bale.jpg\" \/>\n\t<meta property=\"og:image:width\" content=\"900\" \/>\n\t<meta property=\"og:image:height\" content=\"484\" \/>\n\t<meta property=\"og:image:type\" content=\"image\/jpeg\" \/>\n<meta name=\"author\" content=\"Milli Rodriguez\" \/>\n<meta name=\"twitter:card\" content=\"summary_large_image\" \/>\n<meta name=\"twitter:label1\" content=\"\u00c9crit par\" \/>\n\t<meta name=\"twitter:data1\" content=\"Milli Rodriguez\" \/>\n\t<meta name=\"twitter:label2\" content=\"Dur\u00e9e de lecture estim\u00e9e\" \/>\n\t<meta name=\"twitter:data2\" content=\"1 minute\" \/>\n<script type=\"application\/ld+json\" class=\"yoast-schema-graph\">{\"@context\":\"https:\\\/\\\/schema.org\",\"@graph\":[{\"@type\":\"Article\",\"@id\":\"https:\\\/\\\/bale.ch\\\/journal\\\/le-retour-du-grand-salon-vegale-de-bale\\\/#article\",\"isPartOf\":{\"@id\":\"https:\\\/\\\/bale.ch\\\/journal\\\/le-retour-du-grand-salon-vegale-de-bale\\\/\"},\"author\":{\"name\":\"Milli Rodriguez\",\"@id\":\"https:\\\/\\\/bale.ch\\\/journal\\\/#\\\/schema\\\/person\\\/d2c51eb26e5f44eeca94459e0c72dc31\"},\"headline\":\"Le retour du grand salon v\u00e9gane de B\u00e2le\",\"datePublished\":\"2023-09-16T06:48:58+00:00\",\"dateModified\":\"2023-09-16T06:49:07+00:00\",\"mainEntityOfPage\":{\"@id\":\"https:\\\/\\\/bale.ch\\\/journal\\\/le-retour-du-grand-salon-vegale-de-bale\\\/\"},\"wordCount\":307,\"publisher\":{\"@id\":\"https:\\\/\\\/bale.ch\\\/journal\\\/#organization\"},\"image\":{\"@id\":\"https:\\\/\\\/bale.ch\\\/journal\\\/le-retour-du-grand-salon-vegale-de-bale\\\/#primaryimage\"},\"thumbnailUrl\":\"https:\\\/\\\/bale.ch\\\/journal\\\/wp-content\\\/uploads\\\/2023\\\/09\\\/vegan_messe_basel_foire_salon_bale.jpg\",\"keywords\":[\"B\u00e2le\",\"Salon v\u00e9gane\",\"Vegan Messe Basel\"],\"articleSection\":[\"Actualit\u00e9s\",\"B\u00e2le Trinationale\",\"Sortir\"],\"inLanguage\":\"fr-FR\"},{\"@type\":\"WebPage\",\"@id\":\"https:\\\/\\\/bale.ch\\\/journal\\\/le-retour-du-grand-salon-vegale-de-bale\\\/\",\"url\":\"https:\\\/\\\/bale.ch\\\/journal\\\/le-retour-du-grand-salon-vegale-de-bale\\\/\",\"name\":\"Le retour du grand salon v\u00e9gane de B\u00e2le - Journal de B\u00e2le et Gen\u00e8ve\",\"isPartOf\":{\"@id\":\"https:\\\/\\\/bale.ch\\\/journal\\\/#website\"},\"primaryImageOfPage\":{\"@id\":\"https:\\\/\\\/bale.ch\\\/journal\\\/le-retour-du-grand-salon-vegale-de-bale\\\/#primaryimage\"},\"image\":{\"@id\":\"https:\\\/\\\/bale.ch\\\/journal\\\/le-retour-du-grand-salon-vegale-de-bale\\\/#primaryimage\"},\"thumbnailUrl\":\"https:\\\/\\\/bale.ch\\\/journal\\\/wp-content\\\/uploads\\\/2023\\\/09\\\/vegan_messe_basel_foire_salon_bale.jpg\",\"datePublished\":\"2023-09-16T06:48:58+00:00\",\"dateModified\":\"2023-09-16T06:49:07+00:00\",\"breadcrumb\":{\"@id\":\"https:\\\/\\\/bale.ch\\\/journal\\\/le-retour-du-grand-salon-vegale-de-bale\\\/#breadcrumb\"},\"inLanguage\":\"fr-FR\",\"potentialAction\":[{\"@type\":\"ReadAction\",\"target\":[\"https:\\\/\\\/bale.ch\\\/journal\\\/le-retour-du-grand-salon-vegale-de-bale\\\/\"]}]},{\"@type\":\"ImageObject\",\"inLanguage\":\"fr-FR\",\"@id\":\"https:\\\/\\\/bale.ch\\\/journal\\\/le-retour-du-grand-salon-vegale-de-bale\\\/#primaryimage\",\"url\":\"https:\\\/\\\/bale.ch\\\/journal\\\/wp-content\\\/uploads\\\/2023\\\/09\\\/vegan_messe_basel_foire_salon_bale.jpg\",\"contentUrl\":\"https:\\\/\\\/bale.ch\\\/journal\\\/wp-content\\\/uploads\\\/2023\\\/09\\\/vegan_messe_basel_foire_salon_bale.jpg\",\"width\":900,\"height\":484},{\"@type\":\"BreadcrumbList\",\"@id\":\"https:\\\/\\\/bale.ch\\\/journal\\\/le-retour-du-grand-salon-vegale-de-bale\\\/#breadcrumb\",\"itemListElement\":[{\"@type\":\"ListItem\",\"position\":1,\"name\":\"Accueil\",\"item\":\"https:\\\/\\\/bale.ch\\\/journal\\\/\"},{\"@type\":\"ListItem\",\"position\":2,\"name\":\"Le retour du grand salon v\u00e9gane de B\u00e2le\"}]},{\"@type\":\"WebSite\",\"@id\":\"https:\\\/\\\/bale.ch\\\/journal\\\/#website\",\"url\":\"https:\\\/\\\/bale.ch\\\/journal\\\/\",\"name\":\"Journal de B\u00e2le et Gen\u00e8ve\",\"description\":\"M\u00e9dia transfrontalier d&#039;actualit\u00e9s - News\",\"publisher\":{\"@id\":\"https:\\\/\\\/bale.ch\\\/journal\\\/#organization\"},\"potentialAction\":[{\"@type\":\"SearchAction\",\"target\":{\"@type\":\"EntryPoint\",\"urlTemplate\":\"https:\\\/\\\/bale.ch\\\/journal\\\/?s={search_term_string}\"},\"query-input\":{\"@type\":\"PropertyValueSpecification\",\"valueRequired\":true,\"valueName\":\"search_term_string\"}}],\"inLanguage\":\"fr-FR\"},{\"@type\":\"Organization\",\"@id\":\"https:\\\/\\\/bale.ch\\\/journal\\\/#organization\",\"name\":\"Journal de B\u00e2le et Gen\u00e8ve\",\"url\":\"https:\\\/\\\/bale.ch\\\/journal\\\/\",\"logo\":{\"@type\":\"ImageObject\",\"inLanguage\":\"fr-FR\",\"@id\":\"https:\\\/\\\/bale.ch\\\/journal\\\/#\\\/schema\\\/logo\\\/image\\\/\",\"url\":\"https:\\\/\\\/bale.ch\\\/journal\\\/wp-content\\\/uploads\\\/2023\\\/07\\\/journaldebale_logo_2023_nb.png\",\"contentUrl\":\"https:\\\/\\\/bale.ch\\\/journal\\\/wp-content\\\/uploads\\\/2023\\\/07\\\/journaldebale_logo_2023_nb.png\",\"width\":371,\"height\":127,\"caption\":\"Journal de B\u00e2le et Gen\u00e8ve\"},\"image\":{\"@id\":\"https:\\\/\\\/bale.ch\\\/journal\\\/#\\\/schema\\\/logo\\\/image\\\/\"}},{\"@type\":\"Person\",\"@id\":\"https:\\\/\\\/bale.ch\\\/journal\\\/#\\\/schema\\\/person\\\/d2c51eb26e5f44eeca94459e0c72dc31\",\"name\":\"Milli Rodriguez\",\"image\":{\"@type\":\"ImageObject\",\"inLanguage\":\"fr-FR\",\"@id\":\"https:\\\/\\\/secure.gravatar.com\\\/avatar\\\/4fe31ac16a7f9abbe085387e5af3ce8c31c2ec0e90cca7e34b75e5a6588e6bf6?s=96&d=mm&r=g\",\"url\":\"https:\\\/\\\/secure.gravatar.com\\\/avatar\\\/4fe31ac16a7f9abbe085387e5af3ce8c31c2ec0e90cca7e34b75e5a6588e6bf6?s=96&d=mm&r=g\",\"contentUrl\":\"https:\\\/\\\/secure.gravatar.com\\\/avatar\\\/4fe31ac16a7f9abbe085387e5af3ce8c31c2ec0e90cca7e34b75e5a6588e6bf6?s=96&d=mm&r=g\",\"caption\":\"Milli Rodriguez\"},\"url\":\"https:\\\/\\\/bale.ch\\\/journal\\\/author\\\/millirodriguez\\\/\"}]}<\/script>\n<!-- \/ Yoast SEO plugin. -->","yoast_head_json":{"title":"Le retour du grand salon v\u00e9gane de B\u00e2le - Journal de B\u00e2le et Gen\u00e8ve","robots":{"index":"index","follow":"follow","max-snippet":"max-snippet:-1","max-image-preview":"max-image-preview:large","max-video-preview":"max-video-preview:-1"},"canonical":"https:\/\/bale.ch\/journal\/le-retour-du-grand-salon-vegale-de-bale\/","og_locale":"fr_FR","og_type":"article","og_title":"Le retour du grand salon v\u00e9gane de B\u00e2le - Journal de B\u00e2le et Gen\u00e8ve","og_description":"Le v\u00e9ganisme gagne peu \u00e0 peu du terrain pour un mode de consommation \u00e0 Moindre empreinte environnementale, bien-\u00eatre animal&#8230; Les r\u00e9gimes alimentaires alternatifs gagnent du terrain comme nous le prouve Continuer la lecture","og_url":"https:\/\/bale.ch\/journal\/le-retour-du-grand-salon-vegale-de-bale\/","og_site_name":"Journal de B\u00e2le et Gen\u00e8ve","article_published_time":"2023-09-16T06:48:58+00:00","article_modified_time":"2023-09-16T06:49:07+00:00","og_image":[{"width":900,"height":484,"url":"https:\/\/bale.ch\/journal\/wp-content\/uploads\/2023\/09\/vegan_messe_basel_foire_salon_bale.jpg","type":"image\/jpeg"}],"author":"Milli Rodriguez","twitter_card":"summary_large_image","twitter_misc":{"\u00c9crit par":"Milli Rodriguez","Dur\u00e9e de lecture estim\u00e9e":"1 minute"},"schema":{"@context":"https:\/\/schema.org","@graph":[{"@type":"Article","@id":"https:\/\/bale.ch\/journal\/le-retour-du-grand-salon-vegale-de-bale\/#article","isPartOf":{"@id":"https:\/\/bale.ch\/journal\/le-retour-du-grand-salon-vegale-de-bale\/"},"author":{"name":"Milli Rodriguez","@id":"https:\/\/bale.ch\/journal\/#\/schema\/person\/d2c51eb26e5f44eeca94459e0c72dc31"},"headline":"Le retour du grand salon v\u00e9gane de B\u00e2le","datePublished":"2023-09-16T06:48:58+00:00","dateModified":"2023-09-16T06:49:07+00:00","mainEntityOfPage":{"@id":"https:\/\/bale.ch\/journal\/le-retour-du-grand-salon-vegale-de-bale\/"},"wordCount":307,"publisher":{"@id":"https:\/\/bale.ch\/journal\/#organization"},"image":{"@id":"https:\/\/bale.ch\/journal\/le-retour-du-grand-salon-vegale-de-bale\/#primaryimage"},"thumbnailUrl":"https:\/\/bale.ch\/journal\/wp-content\/uploads\/2023\/09\/vegan_messe_basel_foire_salon_bale.jpg","keywords":["B\u00e2le","Salon v\u00e9gane","Vegan Messe Basel"],"articleSection":["Actualit\u00e9s","B\u00e2le Trinationale","Sortir"],"inLanguage":"fr-FR"},{"@type":"WebPage","@id":"https:\/\/bale.ch\/journal\/le-retour-du-grand-salon-vegale-de-bale\/","url":"https:\/\/bale.ch\/journal\/le-retour-du-grand-salon-vegale-de-bale\/","name":"Le retour du grand salon v\u00e9gane de B\u00e2le - Journal de B\u00e2le et Gen\u00e8ve","isPartOf":{"@id":"https:\/\/bale.ch\/journal\/#website"},"primaryImageOfPage":{"@id":"https:\/\/bale.ch\/journal\/le-retour-du-grand-salon-vegale-de-bale\/#primaryimage"},"image":{"@id":"https:\/\/bale.ch\/journal\/le-retour-du-grand-salon-vegale-de-bale\/#primaryimage"},"thumbnailUrl":"https:\/\/bale.ch\/journal\/wp-content\/uploads\/2023\/09\/vegan_messe_basel_foire_salon_bale.jpg","datePublished":"2023-09-16T06:48:58+00:00","dateModified":"2023-09-16T06:49:07+00:00","breadcrumb":{"@id":"https:\/\/bale.ch\/journal\/le-retour-du-grand-salon-vegale-de-bale\/#breadcrumb"},"inLanguage":"fr-FR","potentialAction":[{"@type":"ReadAction","target":["https:\/\/bale.ch\/journal\/le-retour-du-grand-salon-vegale-de-bale\/"]}]},{"@type":"ImageObject","inLanguage":"fr-FR","@id":"https:\/\/bale.ch\/journal\/le-retour-du-grand-salon-vegale-de-bale\/#primaryimage","url":"https:\/\/bale.ch\/journal\/wp-content\/uploads\/2023\/09\/vegan_messe_basel_foire_salon_bale.jpg","contentUrl":"https:\/\/bale.ch\/journal\/wp-content\/uploads\/2023\/09\/vegan_messe_basel_foire_salon_bale.jpg","width":900,"height":484},{"@type":"BreadcrumbList","@id":"https:\/\/bale.ch\/journal\/le-retour-du-grand-salon-vegale-de-bale\/#breadcrumb","itemListElement":[{"@type":"ListItem","position":1,"name":"Accueil","item":"https:\/\/bale.ch\/journal\/"},{"@type":"ListItem","position":2,"name":"Le retour du grand salon v\u00e9gane de B\u00e2le"}]},{"@type":"WebSite","@id":"https:\/\/bale.ch\/journal\/#website","url":"https:\/\/bale.ch\/journal\/","name":"Journal de B\u00e2le et Gen\u00e8ve","description":"M\u00e9dia transfrontalier d&#039;actualit\u00e9s - News","publisher":{"@id":"https:\/\/bale.ch\/journal\/#organization"},"potentialAction":[{"@type":"SearchAction","target":{"@type":"EntryPoint","urlTemplate":"https:\/\/bale.ch\/journal\/?s={search_term_string}"},"query-input":{"@type":"PropertyValueSpecification","valueRequired":true,"valueName":"search_term_string"}}],"inLanguage":"fr-FR"},{"@type":"Organization","@id":"https:\/\/bale.ch\/journal\/#organization","name":"Journal de B\u00e2le et Gen\u00e8ve","url":"https:\/\/bale.ch\/journal\/","logo":{"@type":"ImageObject","inLanguage":"fr-FR","@id":"https:\/\/bale.ch\/journal\/#\/schema\/logo\/image\/","url":"https:\/\/bale.ch\/journal\/wp-content\/uploads\/2023\/07\/journaldebale_logo_2023_nb.png","contentUrl":"https:\/\/bale.ch\/journal\/wp-content\/uploads\/2023\/07\/journaldebale_logo_2023_nb.png","width":371,"height":127,"caption":"Journal de B\u00e2le et Gen\u00e8ve"},"image":{"@id":"https:\/\/bale.ch\/journal\/#\/schema\/logo\/image\/"}},{"@type":"Person","@id":"https:\/\/bale.ch\/journal\/#\/schema\/person\/d2c51eb26e5f44eeca94459e0c72dc31","name":"Milli Rodriguez","image":{"@type":"ImageObject","inLanguage":"fr-FR","@id":"https:\/\/secure.gravatar.com\/avatar\/4fe31ac16a7f9abbe085387e5af3ce8c31c2ec0e90cca7e34b75e5a6588e6bf6?s=96&d=mm&r=g","url":"https:\/\/secure.gravatar.com\/avatar\/4fe31ac16a7f9abbe085387e5af3ce8c31c2ec0e90cca7e34b75e5a6588e6bf6?s=96&d=mm&r=g","contentUrl":"https:\/\/secure.gravatar.com\/avatar\/4fe31ac16a7f9abbe085387e5af3ce8c31c2ec0e90cca7e34b75e5a6588e6bf6?s=96&d=mm&r=g","caption":"Milli Rodriguez"},"url":"https:\/\/bale.ch\/journal\/author\/millirodriguez\/"}]}},"_links":{"self":[{"href":"https:\/\/bale.ch\/journal\/wp-json\/wp\/v2\/posts\/3362","targetHints":{"allow":["GET"]}}],"collection":[{"href":"https:\/\/bale.ch\/journal\/wp-json\/wp\/v2\/posts"}],"about":[{"href":"https:\/\/bale.ch\/journal\/wp-json\/wp\/v2\/types\/post"}],"author":[{"embeddable":true,"href":"https:\/\/bale.ch\/journal\/wp-json\/wp\/v2\/users\/45"}],"replies":[{"embeddable":true,"href":"https:\/\/bale.ch\/journal\/wp-json\/wp\/v2\/comments?post=3362"}],"version-history":[{"count":2,"href":"https:\/\/bale.ch\/journal\/wp-json\/wp\/v2\/posts\/3362\/revisions"}],"predecessor-version":[{"id":3365,"href":"https:\/\/bale.ch\/journal\/wp-json\/wp\/v2\/posts\/3362\/revisions\/3365"}],"wp:featuredmedia":[{"embeddable":true,"href":"https:\/\/bale.ch\/journal\/wp-json\/wp\/v2\/media\/3363"}],"wp:attachment":[{"href":"https:\/\/bale.ch\/journal\/wp-json\/wp\/v2\/media?parent=3362"}],"wp:term":[{"taxonomy":"category","embeddable":true,"href":"https:\/\/bale.ch\/journal\/wp-json\/wp\/v2\/categories?post=3362"},{"taxonomy":"post_tag","embeddable":true,"href":"https:\/\/bale.ch\/journal\/wp-json\/wp\/v2\/tags?post=3362"}],"curies":[{"name":"wp","href":"https:\/\/api.w.org\/{rel}","templated":true}]}}